{"id":1452625,"date":"2024-09-12T17:03:44","date_gmt":"2024-09-13T00:03:44","guid":{"rendered":"https:\/\/noticiasya.com\/2024\/09\/12\/matan-directora-penitenciaria-litoral-carcel-ecuador-orix\/"},"modified":"2024-09-12T17:03:44","modified_gmt":"2024-09-13T00:03:44","slug":"matan-directora-penitenciaria-litoral-carcel-ecuador-orix","status":"publish","type":"post","link":"https:\/\/noticiasya.com\/midland-odessa\/2024\/09\/12\/matan-directora-penitenciaria-litoral-carcel-ecuador-orix\/","title":{"rendered":"Matan a la directora encargada de la Penitenciaria del Litoral, la c\u00e1rcel m\u00e1s peligrosa de Ecuador"},"content":{"rendered":"<p>(CNN Espa\u00f1ol) &#8212;\u00a0La directora encargada de la Penitenciaria del Litoral, Mar\u00eda Daniela Icaza, muri\u00f3 este jueves en un tiroteo mientras se dirig\u00eda en un veh\u00edculo a su domicilio, confirm\u00f3 a CNN el Servicio de Atenci\u00f3n a Personas Privadas de la Libertad de Ecuador (SNAI).<\/p>\n<p>La Penitenciaria del Litoral, o Centro de Rehabilitaci\u00f3n Social de Varones No. 1 de Guayaquil, es considerada la c\u00e1rcel m\u00e1s peligrosa del pa\u00eds, desde donde grupos de delincuencia organizada han provocado varias masacres y motines en los \u00faltimos a\u00f1os.<\/p>\n<p>La Polic\u00eda Nacional indic\u00f3 que su personal se desplaz\u00f3 al lugar para iniciar las labores de investigaci\u00f3n preliminares.<\/p>\n<p>CNN consult\u00f3 al Ministerio del Interior si la funcionaria contaba con resguardo policial o escoltas de seguridad y si contaba con un informe de riesgo sobre Icaza, y est\u00e1 a la espera de una respuesta.<\/p>\n<p>The-CNN-Wire<br \/>&trade; &amp; &copy; 2024 Cable News Network, Inc., a Warner Bros. Discovery Company. All rights reserved.<\/p>\n","protected":false},"excerpt":{"rendered":"<p>(CNN Espa\u00f1ol) &#8212;\u00a0La directora encargada de la Penitenciaria del Litoral, Mar\u00eda Daniela Icaza, muri\u00f3 este jueves en un tiroteo mientras se dirig\u00eda en un veh\u00edculo a su domicilio, confirm\u00f3 a CNN el Servicio de Atenci\u00f3n a Personas Privadas de la Libertad de Ecuador (SNAI). La Penitenciaria del Litoral, o Centro de Rehabilitaci\u00f3n Social de Varones [&hellip;]<\/p>\n","protected":false},"author":0,"featured_media":0,"comment_status":"open","ping_status":"open","sticky":false,"template":"","format":"standard","meta":{"_jetpack_memberships_contains_paid_content":false,"footnotes":""},"categories":[10],"tags":[],"class_list":["post-1452625","post","type-post","status-publish","format-standard","hentry","category-noticias-nacionales","market-global"],"yoast_head":"<!-- This site is optimized with the Yoast SEO plugin v24.4 - https:\/\/yoast.com\/wordpress\/plugins\/seo\/ -->\n<title>Matan a la directora encargada de la Penitenciaria del Litoral, la c\u00e1rcel m\u00e1s peligrosa de Ecuador - Noticias<\/title>\n<meta name=\"robots\" content=\"index, follow, max-snippet:-1, max-image-preview:large, max-video-preview:-1\" \/>\n<link rel=\"canonical\" href=\"https:\/\/noticiasya.com\/2024\/09\/12\/matan-directora-penitenciaria-litoral-carcel-ecuador-orix\/\" \/>\n<meta property=\"og:locale\" content=\"es_ES\" \/>\n<meta property=\"og:type\" content=\"article\" \/>\n<meta property=\"og:title\" content=\"Matan a la directora encargada de la Penitenciaria del Litoral, la c\u00e1rcel m\u00e1s peligrosa de Ecuador - Noticias\" \/>\n<meta property=\"og:description\" content=\"(CNN Espa\u00f1ol) &#8212;\u00a0La directora encargada de la Penitenciaria del Litoral, Mar\u00eda Daniela Icaza, muri\u00f3 este jueves en un tiroteo mientras se dirig\u00eda en un veh\u00edculo a su domicilio, confirm\u00f3 a CNN el Servicio de Atenci\u00f3n a Personas Privadas de la Libertad de Ecuador (SNAI). La Penitenciaria del Litoral, o Centro de Rehabilitaci\u00f3n Social de Varones [&hellip;]\" \/>\n<meta property=\"og:url\" content=\"https:\/\/noticiasya.com\/2024\/09\/12\/matan-directora-penitenciaria-litoral-carcel-ecuador-orix\/\" \/>\n<meta property=\"og:site_name\" content=\"Noticias\" \/>\n<meta property=\"article:published_time\" content=\"2024-09-13T00:03:44+00:00\" \/>\n<meta name=\"twitter:card\" content=\"summary_large_image\" \/>\n<meta name=\"twitter:label1\" content=\"Est. reading time\" \/>\n\t<meta name=\"twitter:data1\" content=\"1 minuto\" \/>\n<script type=\"application\/ld+json\" class=\"yoast-schema-graph\">{\"@context\":\"https:\/\/schema.org\",\"@graph\":[{\"@type\":\"Article\",\"@id\":\"https:\/\/noticiasya.com\/2024\/09\/12\/matan-directora-penitenciaria-litoral-carcel-ecuador-orix\/#article\",\"isPartOf\":{\"@id\":\"https:\/\/noticiasya.com\/2024\/09\/12\/matan-directora-penitenciaria-litoral-carcel-ecuador-orix\/\"},\"author\":{\"name\":\"\",\"@id\":\"\"},\"headline\":\"Matan a la directora encargada de la Penitenciaria del Litoral, la c\u00e1rcel m\u00e1s peligrosa de Ecuador\",\"datePublished\":\"2024-09-13T00:03:44+00:00\",\"mainEntityOfPage\":{\"@id\":\"https:\/\/noticiasya.com\/2024\/09\/12\/matan-directora-penitenciaria-litoral-carcel-ecuador-orix\/\"},\"wordCount\":182,\"commentCount\":0,\"publisher\":{\"@id\":\"https:\/\/noticiasya.com\/#organization\"},\"articleSection\":[\"Noticias Nacionales\"],\"inLanguage\":\"es\",\"potentialAction\":[{\"@type\":\"CommentAction\",\"name\":\"Comment\",\"target\":[\"https:\/\/noticiasya.com\/2024\/09\/12\/matan-directora-penitenciaria-litoral-carcel-ecuador-orix\/#respond\"]}]},{\"@type\":\"WebPage\",\"@id\":\"https:\/\/noticiasya.com\/2024\/09\/12\/matan-directora-penitenciaria-litoral-carcel-ecuador-orix\/\",\"url\":\"https:\/\/noticiasya.com\/2024\/09\/12\/matan-directora-penitenciaria-litoral-carcel-ecuador-orix\/\",\"name\":\"Matan a la directora encargada de la Penitenciaria del Litoral, la c\u00e1rcel m\u00e1s peligrosa de Ecuador - Noticias\",\"isPartOf\":{\"@id\":\"https:\/\/noticiasya.com\/#website\"},\"datePublished\":\"2024-09-13T00:03:44+00:00\",\"breadcrumb\":{\"@id\":\"https:\/\/noticiasya.com\/2024\/09\/12\/matan-directora-penitenciaria-litoral-carcel-ecuador-orix\/#breadcrumb\"},\"inLanguage\":\"es\",\"potentialAction\":[{\"@type\":\"ReadAction\",\"target\":[\"https:\/\/noticiasya.com\/2024\/09\/12\/matan-directora-penitenciaria-litoral-carcel-ecuador-orix\/\"]}]},{\"@type\":\"BreadcrumbList\",\"@id\":\"https:\/\/noticiasya.com\/2024\/09\/12\/matan-directora-penitenciaria-litoral-carcel-ecuador-orix\/#breadcrumb\",\"itemListElement\":[{\"@type\":\"ListItem\",\"position\":1,\"name\":\"Home\",\"item\":\"https:\/\/noticiasya.com\/\"},{\"@type\":\"ListItem\",\"position\":2,\"name\":\"Matan a la directora encargada de la Penitenciaria del Litoral, la c\u00e1rcel m\u00e1s peligrosa de Ecuador\"}]},{\"@type\":\"WebSite\",\"@id\":\"https:\/\/noticiasya.com\/#website\",\"url\":\"https:\/\/noticiasya.com\/\",\"name\":\"Noticias\",\"description\":\"Lo que importa\",\"publisher\":{\"@id\":\"https:\/\/noticiasya.com\/#organization\"},\"potentialAction\":[{\"@type\":\"SearchAction\",\"target\":{\"@type\":\"EntryPoint\",\"urlTemplate\":\"https:\/\/noticiasya.com\/?s={search_term_string}\"},\"query-input\":{\"@type\":\"PropertyValueSpecification\",\"valueRequired\":true,\"valueName\":\"search_term_string\"}}],\"inLanguage\":\"es\"},{\"@type\":\"Organization\",\"@id\":\"https:\/\/noticiasya.com\/#organization\",\"name\":\"Noticias\",\"url\":\"https:\/\/noticiasya.com\/\",\"logo\":{\"@type\":\"ImageObject\",\"inLanguage\":\"es\",\"@id\":\"https:\/\/noticiasya.com\/#\/schema\/logo\/image\/\",\"url\":\"https:\/\/noticiasya.com\/wp-content\/uploads\/sites\/22\/2023\/12\/logo-nacional.png\",\"contentUrl\":\"https:\/\/noticiasya.com\/wp-content\/uploads\/sites\/22\/2023\/12\/logo-nacional.png\",\"width\":1801,\"height\":691,\"caption\":\"Noticias\"},\"image\":{\"@id\":\"https:\/\/noticiasya.com\/#\/schema\/logo\/image\/\"}}]}<\/script>\n<!-- \/ Yoast SEO plugin. -->","yoast_head_json":{"title":"Matan a la directora encargada de la Penitenciaria del Litoral, la c\u00e1rcel m\u00e1s peligrosa de Ecuador - Noticias","robots":{"index":"index","follow":"follow","max-snippet":"max-snippet:-1","max-image-preview":"max-image-preview:large","max-video-preview":"max-video-preview:-1"},"canonical":"https:\/\/noticiasya.com\/2024\/09\/12\/matan-directora-penitenciaria-litoral-carcel-ecuador-orix\/","og_locale":"es_ES","og_type":"article","og_title":"Matan a la directora encargada de la Penitenciaria del Litoral, la c\u00e1rcel m\u00e1s peligrosa de Ecuador - Noticias","og_description":"(CNN Espa\u00f1ol) &#8212;\u00a0La directora encargada de la Penitenciaria del Litoral, Mar\u00eda Daniela Icaza, muri\u00f3 este jueves en un tiroteo mientras se dirig\u00eda en un veh\u00edculo a su domicilio, confirm\u00f3 a CNN el Servicio de Atenci\u00f3n a Personas Privadas de la Libertad de Ecuador (SNAI). La Penitenciaria del Litoral, o Centro de Rehabilitaci\u00f3n Social de Varones [&hellip;]","og_url":"https:\/\/noticiasya.com\/2024\/09\/12\/matan-directora-penitenciaria-litoral-carcel-ecuador-orix\/","og_site_name":"Noticias","article_published_time":"2024-09-13T00:03:44+00:00","twitter_card":"summary_large_image","twitter_misc":{"Est. reading time":"1 minuto"},"schema":{"@context":"https:\/\/schema.org","@graph":[{"@type":"Article","@id":"https:\/\/noticiasya.com\/2024\/09\/12\/matan-directora-penitenciaria-litoral-carcel-ecuador-orix\/#article","isPartOf":{"@id":"https:\/\/noticiasya.com\/2024\/09\/12\/matan-directora-penitenciaria-litoral-carcel-ecuador-orix\/"},"author":{"name":"","@id":""},"headline":"Matan a la directora encargada de la Penitenciaria del Litoral, la c\u00e1rcel m\u00e1s peligrosa de Ecuador","datePublished":"2024-09-13T00:03:44+00:00","mainEntityOfPage":{"@id":"https:\/\/noticiasya.com\/2024\/09\/12\/matan-directora-penitenciaria-litoral-carcel-ecuador-orix\/"},"wordCount":182,"commentCount":0,"publisher":{"@id":"https:\/\/noticiasya.com\/#organization"},"articleSection":["Noticias Nacionales"],"inLanguage":"es","potentialAction":[{"@type":"CommentAction","name":"Comment","target":["https:\/\/noticiasya.com\/2024\/09\/12\/matan-directora-penitenciaria-litoral-carcel-ecuador-orix\/#respond"]}]},{"@type":"WebPage","@id":"https:\/\/noticiasya.com\/2024\/09\/12\/matan-directora-penitenciaria-litoral-carcel-ecuador-orix\/","url":"https:\/\/noticiasya.com\/2024\/09\/12\/matan-directora-penitenciaria-litoral-carcel-ecuador-orix\/","name":"Matan a la directora encargada de la Penitenciaria del Litoral, la c\u00e1rcel m\u00e1s peligrosa de Ecuador - Noticias","isPartOf":{"@id":"https:\/\/noticiasya.com\/#website"},"datePublished":"2024-09-13T00:03:44+00:00","breadcrumb":{"@id":"https:\/\/noticiasya.com\/2024\/09\/12\/matan-directora-penitenciaria-litoral-carcel-ecuador-orix\/#breadcrumb"},"inLanguage":"es","potentialAction":[{"@type":"ReadAction","target":["https:\/\/noticiasya.com\/2024\/09\/12\/matan-directora-penitenciaria-litoral-carcel-ecuador-orix\/"]}]},{"@type":"BreadcrumbList","@id":"https:\/\/noticiasya.com\/2024\/09\/12\/matan-directora-penitenciaria-litoral-carcel-ecuador-orix\/#breadcrumb","itemListElement":[{"@type":"ListItem","position":1,"name":"Home","item":"https:\/\/noticiasya.com\/"},{"@type":"ListItem","position":2,"name":"Matan a la directora encargada de la Penitenciaria del Litoral, la c\u00e1rcel m\u00e1s peligrosa de Ecuador"}]},{"@type":"WebSite","@id":"https:\/\/noticiasya.com\/#website","url":"https:\/\/noticiasya.com\/","name":"Noticias","description":"Lo que importa","publisher":{"@id":"https:\/\/noticiasya.com\/#organization"},"potentialAction":[{"@type":"SearchAction","target":{"@type":"EntryPoint","urlTemplate":"https:\/\/noticiasya.com\/?s={search_term_string}"},"query-input":{"@type":"PropertyValueSpecification","valueRequired":true,"valueName":"search_term_string"}}],"inLanguage":"es"},{"@type":"Organization","@id":"https:\/\/noticiasya.com\/#organization","name":"Noticias","url":"https:\/\/noticiasya.com\/","logo":{"@type":"ImageObject","inLanguage":"es","@id":"https:\/\/noticiasya.com\/#\/schema\/logo\/image\/","url":"https:\/\/noticiasya.com\/wp-content\/uploads\/sites\/22\/2023\/12\/logo-nacional.png","contentUrl":"https:\/\/noticiasya.com\/wp-content\/uploads\/sites\/22\/2023\/12\/logo-nacional.png","width":1801,"height":691,"caption":"Noticias"},"image":{"@id":"https:\/\/noticiasya.com\/#\/schema\/logo\/image\/"}}]}},"parsely":{"version":"1.1.0","canonical_url":"https:\/\/noticiasya.com\/midland-odessa\/2024\/09\/12\/matan-directora-penitenciaria-litoral-carcel-ecuador-orix\/","smart_links":{"inbound":0,"outbound":0},"traffic_boost_suggestions_count":0,"meta":{"@context":"https:\/\/schema.org","@type":"NewsArticle","headline":"Matan a la directora encargada de la Penitenciaria del Litoral, la c\u00e1rcel m\u00e1s peligrosa de Ecuador","url":"http:\/\/noticiasya.com\/midland-odessa\/2024\/09\/12\/matan-directora-penitenciaria-litoral-carcel-ecuador-orix\/","mainEntityOfPage":{"@type":"WebPage","@id":"http:\/\/noticiasya.com\/midland-odessa\/2024\/09\/12\/matan-directora-penitenciaria-litoral-carcel-ecuador-orix\/"},"thumbnailUrl":"","image":{"@type":"ImageObject","url":""},"articleSection":"Noticias Nacionales","author":[],"creator":[],"publisher":{"@type":"Organization","name":"Noticias","logo":""},"keywords":[],"dateCreated":"2024-09-13T00:03:44Z","datePublished":"2024-09-13T00:03:44Z","dateModified":"2024-09-13T00:03:44Z"},"rendered":"<script type=\"application\/ld+json\" class=\"wp-parsely-metadata\">{\"@context\":\"https:\\\/\\\/schema.org\",\"@type\":\"NewsArticle\",\"headline\":\"Matan a la directora encargada de la Penitenciaria del Litoral, la c\\u00e1rcel m\\u00e1s peligrosa de Ecuador\",\"url\":\"http:\\\/\\\/noticiasya.com\\\/midland-odessa\\\/2024\\\/09\\\/12\\\/matan-directora-penitenciaria-litoral-carcel-ecuador-orix\\\/\",\"mainEntityOfPage\":{\"@type\":\"WebPage\",\"@id\":\"http:\\\/\\\/noticiasya.com\\\/midland-odessa\\\/2024\\\/09\\\/12\\\/matan-directora-penitenciaria-litoral-carcel-ecuador-orix\\\/\"},\"thumbnailUrl\":\"\",\"image\":{\"@type\":\"ImageObject\",\"url\":\"\"},\"articleSection\":\"Noticias Nacionales\",\"author\":[],\"creator\":[],\"publisher\":{\"@type\":\"Organization\",\"name\":\"Noticias\",\"logo\":\"\"},\"keywords\":[],\"dateCreated\":\"2024-09-13T00:03:44Z\",\"datePublished\":\"2024-09-13T00:03:44Z\",\"dateModified\":\"2024-09-13T00:03:44Z\"}<\/script>","tracker_url":"https:\/\/cdn.parsely.com\/keys\/noticiasya.com\/p.js"},"jetpack_featured_media_url":"","jetpack-related-posts":[{"id":1452663,"url":"https:\/\/noticiasya.com\/midland-odessa\/2024\/09\/13\/maria-daniela-icaza-directora-carcel-asesinada-ecuador-amenazas-orix\/","url_meta":{"origin":1452625,"position":0},"title":"Directora de c\u00e1rcel asesinada en Ecuador recibi\u00f3 amenazas y las comunic\u00f3 a su superior, asegura su hermano a CNN","author":"","date":"septiembre 13, 2024","format":false,"excerpt":"(CNN Espa\u00f1ol) -- Mar\u00eda Daniela Icaza, directora encargada de la Penitenciaria del Litoral, quien falleci\u00f3 el jueves en un atentado armado, no contaba con seguridad a pesar de que hab\u00eda recibido amenazas y las comunic\u00f3 a su superior, asegur\u00f3 su hermano V\u00edctor Andr\u00e9s Cevallos a CNN.\"Hubo varias amenazas. En im\u00e1genes\u2026","rel":"","context":"In &quot;Noticias Nacionales&quot;","block_context":{"text":"Noticias Nacionales","link":"https:\/\/noticiasya.com\/midland-odessa\/categoria\/noticias-nacionales"},"img":{"alt_text":"","src":"","width":0,"height":0},"classes":[]},{"id":1469354,"url":"https:\/\/noticiasya.com\/midland-odessa\/2025\/12\/17\/hacinamiento-tuberculosis-carceles-ecuador-orix\/","url_meta":{"origin":1452625,"position":1},"title":"Hacinamiento, tuberculosis y violencia: el peligroso combo que afecta a las c\u00e1rceles de Ecuador y provoca decenas de muertes","author":"","date":"diciembre 17, 2025","format":false,"excerpt":"Al menos 30 presos murieron en una c\u00e1rcel del sur de Ecuador el pasado 9 de noviembre por presunta asfixia. Apenas un mes despu\u00e9s, en la misma prisi\u00f3n se registraron 13 muertes luego de la explosi\u00f3n de un artefacto en los exteriores del centro sin que se aclare su conexi\u00f3n\u2026","rel":"","context":"In &quot;Noticias Nacionales&quot;","block_context":{"text":"Noticias Nacionales","link":"https:\/\/noticiasya.com\/midland-odessa\/categoria\/noticias-nacionales"},"img":{"alt_text":"","src":"","width":0,"height":0},"classes":[]},{"id":1459654,"url":"https:\/\/noticiasya.com\/midland-odessa\/2025\/03\/07\/ecuador-investigan-muerte-prisioneros-penitenciaria-guayas-orix\/","url_meta":{"origin":1452625,"position":2},"title":"Investigan la muerte de cinco prisioneros en la penitenciar\u00eda de Guayas, Ecuador","author":"","date":"marzo 7, 2025","format":false,"excerpt":"Cinco prisioneros del Centro de Privaci\u00f3n de Libertad Guayas No. 1, en Ecuador, fueron encontrados muertos este viernes, inform\u00f3 el Servicio Nacional de Atenci\u00f3n Integral a Personas Adultas Privadas de la Libertad y a Adolescentes Infractores (SNAI).El hallazgo ocurri\u00f3 durante los controles de seguridad realizados por la ma\u00f1ana, dijo el\u2026","rel":"","context":"In &quot;Noticias Nacionales&quot;","block_context":{"text":"Noticias Nacionales","link":"https:\/\/noticiasya.com\/midland-odessa\/categoria\/noticias-nacionales"},"img":{"alt_text":"","src":"","width":0,"height":0},"classes":[]},{"id":1463955,"url":"https:\/\/noticiasya.com\/midland-odessa\/2025\/06\/25\/quien-es-alias-fito-lider-choneros-ecuador-orix\/","url_meta":{"origin":1452625,"position":3},"title":"\u00bfQui\u00e9n es alias Fito? Estos son los hechos que han marcado su vida criminal en Ecuador","author":"","date":"junio 25, 2025","format":false,"excerpt":"Hablar de Jos\u00e9 Adolfo Mac\u00edas Villamar, m\u00e1s conocido como Fito, es hablar de uno de los criminales m\u00e1s temidos del Ecuador. Fue capturado por las autoridades de Ecuador el 25 de junio, seg\u00fan inform\u00f3 el presidente Daniel Noboa.El criminal logr\u00f3 poner en jaque al sistema de seguridad desde hace varios\u2026","rel":"","context":"In &quot;Noticias Nacionales&quot;","block_context":{"text":"Noticias Nacionales","link":"https:\/\/noticiasya.com\/midland-odessa\/categoria\/noticias-nacionales"},"img":{"alt_text":"","src":"","width":0,"height":0},"classes":[]},{"id":1468225,"url":"https:\/\/noticiasya.com\/midland-odessa\/2025\/11\/11\/noboa-referendum-demostracion-traslado-300-presos-nueva-carcel-ecuador-orix\/","url_meta":{"origin":1452625,"position":4},"title":"En la previa del refer\u00e9ndum, Noboa apuesta a una demostraci\u00f3n de poder y traslada a 300 presos a una nueva c\u00e1rcel","author":"","date":"noviembre 11, 2025","format":false,"excerpt":"A pocos d\u00edas de un refer\u00e9ndum en Ecuador y en medio de tensiones dentro del sistema penitenciario tras registrarse una nueva masacre en una prisi\u00f3n el fin de semana, el presidente Daniel Noboa confirm\u00f3 este lunes que 300 reclusos fueron trasladados a una nueva c\u00e1rcel ubicada en la comunidad de\u2026","rel":"","context":"In &quot;Noticias Nacionales&quot;","block_context":{"text":"Noticias Nacionales","link":"https:\/\/noticiasya.com\/midland-odessa\/categoria\/noticias-nacionales"},"img":{"alt_text":"","src":"","width":0,"height":0},"classes":[]},{"id":1468441,"url":"https:\/\/noticiasya.com\/midland-odessa\/2025\/11\/17\/quien-es-pipo-lobos-ecuador-orix\/","url_meta":{"origin":1452625,"position":5},"title":"\u00bfQui\u00e9n es alias &#171;Pipo&#187;, el supuesto l\u00edder de la banda ecuatoriana Los Lobos que habr\u00eda fingido su propia muerte?","author":"","date":"noviembre 17, 2025","format":false,"excerpt":"Wilmer Geovanny Chavarr\u00eda Barre, alias \u201cPipo\u201d, se\u00f1alado por el Gobierno de Ecuador como el delincuente m\u00e1s buscado de la regi\u00f3n y considerado el m\u00e1ximo l\u00edder de Los Lobos, fue detenido este domingo en M\u00e1laga, Espa\u00f1a. Su captura pone fin a a\u00f1os de b\u00fasqueda internacional que se complicaron, seg\u00fan autoridades ecuatorianas,\u2026","rel":"","context":"In &quot;Noticias Nacionales&quot;","block_context":{"text":"Noticias Nacionales","link":"https:\/\/noticiasya.com\/midland-odessa\/categoria\/noticias-nacionales"},"img":{"alt_text":"","src":"","width":0,"height":0},"classes":[]}],"jetpack_sharing_enabled":true,"_links":{"self":[{"href":"https:\/\/noticiasya.com\/midland-odessa\/wp-json\/wp\/v2\/posts\/1452625","targetHints":{"allow":["GET"]}}],"collection":[{"href":"https:\/\/noticiasya.com\/midland-odessa\/wp-json\/wp\/v2\/posts"}],"about":[{"href":"https:\/\/noticiasya.com\/midland-odessa\/wp-json\/wp\/v2\/types\/post"}],"replies":[{"embeddable":true,"href":"https:\/\/noticiasya.com\/midland-odessa\/wp-json\/wp\/v2\/comments?post=1452625"}],"version-history":[{"count":0,"href":"https:\/\/noticiasya.com\/midland-odessa\/wp-json\/wp\/v2\/posts\/1452625\/revisions"}],"wp:attachment":[{"href":"https:\/\/noticiasya.com\/midland-odessa\/wp-json\/wp\/v2\/media?parent=1452625"}],"wp:term":[{"taxonomy":"category","embeddable":true,"href":"https:\/\/noticiasya.com\/midland-odessa\/wp-json\/wp\/v2\/categories?post=1452625"},{"taxonomy":"post_tag","embeddable":true,"href":"https:\/\/noticiasya.com\/midland-odessa\/wp-json\/wp\/v2\/tags?post=1452625"}],"curies":[{"name":"wp","href":"https:\/\/api.w.org\/{rel}","templated":true}]}}