{"id":1452626,"date":"2024-09-12T17:03:44","date_gmt":"2024-09-13T00:03:44","guid":{"rendered":"https:\/\/noticiasya.com\/2024\/09\/12\/automovilista-atropello-vehiculos-15-heridos-argentina-orix\/"},"modified":"2024-09-12T17:03:44","modified_gmt":"2024-09-13T00:03:44","slug":"automovilista-atropello-vehiculos-15-heridos-argentina-orix","status":"publish","type":"post","link":"https:\/\/noticiasya.com\/midland-odessa\/2024\/09\/12\/automovilista-atropello-vehiculos-15-heridos-argentina-orix\/","title":{"rendered":"Un automovilista atropell\u00f3 a varios veh\u00edculos y dej\u00f3 15 heridos en C\u00f3rdoba"},"content":{"rendered":"<p>(CNN Espa\u00f1ol) \u2013\u2013 Un automovilista que perdi\u00f3 el control de su veh\u00edculo por casi cuatro cuadras en el centro de la ciudad de C\u00f3rdoba, Argentina, impact\u00f3 con varios autos y dej\u00f3 15 heridos este jueves, cerca de la intersecci\u00f3n de la Avenida Chacabuco y el Boulevard Arturo Illia.<\/p>\n<p>El secretario de Seguridad de la Municipalidad, Ariel Aleksandroff, le confirm\u00f3 a CNN que 35 personas resultaron afectadas en el incidente, 15 de las cuales fueron asistidas por los servicios de emergencia.<\/p>\n<p>Dos de ellas se encuentran en grave estado. Se trata de un ni\u00f1o de cuatro a\u00f1os, que permanece hospitalizado, y una mujer de 30, que a\u00fan no ha sido identificada y se encuentra en cirug\u00eda con un cuadro cr\u00edtico.<\/p>\n<p>El conductor del veh\u00edculo est\u00e1 en buen estado de salud y fue puesto a disposici\u00f3n de la polic\u00eda judicial, agreg\u00f3 Aleksandroff.<\/p>\n<p>Los servicios de emergencia contin\u00faan trabajando en la zona y la causa qued\u00f3 en manos del fiscal Jos\u00e9 Bringas, de la Fiscal\u00eda de Instrucci\u00f3n del Distrito 1 Turno 6. A\u00fan se investigan las causas del incidente.<\/p>\n<p>Un conductor de UPS se desmaya al volante por sobrecalentamiento en Texas<\/p>\n<p>Al respecto, Silvana Scarpino, secretaria de dicha fiscal\u00eda, calific\u00f3 el accidente como \u201cuna cat\u00e1strofe\u201d y dijo que \u201cno hay precedentes de un hecho similar\u201d en la zona, en di\u00e1logo con el medio local El Doce. Adem\u00e1s, aclar\u00f3 que el conductor no estaba en calidad de detenido.<\/p>\n<p>CNN intent\u00f3 contactar a Scarpino y a\u00fan no tuvo respuesta.<\/p>\n<p>El intendente de la ciudad de C\u00f3rdoba, Daniel Passerini, dijo: \u201cRespecto a la mec\u00e1nica del choque, ya est\u00e1 interviniendo la fiscal\u00eda. Ya se nos han pedido im\u00e1genes de los distintos puntos de referencia que la municipalidad tiene. Seguramente a partir de eso se podr\u00e1 hacer una reconstrucci\u00f3n y se podr\u00e1 ver cu\u00e1l fue la mec\u00e1nica\u201d.<\/p>\n<p>Una vez que finalizaron los operativos policiales, se reanud\u00f3 el tr\u00e1nsito en la avenida Chacabuco, entre las calles Illia y Rosario de Santa Fe, seg\u00fan inform\u00f3 la municipalidad de C\u00f3rdoba en X.<\/p>\n<p>The-CNN-Wire<br \/>&trade; &amp; &copy; 2024 Cable News Network, Inc., a Warner Bros. Discovery Company. All rights reserved.<\/p>\n","protected":false},"excerpt":{"rendered":"<p>(CNN Espa\u00f1ol) \u2013\u2013 Un automovilista que perdi\u00f3 el control de su veh\u00edculo por casi cuatro cuadras en el centro de la ciudad de C\u00f3rdoba, Argentina, impact\u00f3 con varios autos y dej\u00f3 15 heridos este jueves, cerca de la intersecci\u00f3n de la Avenida Chacabuco y el Boulevard Arturo Illia. El secretario de Seguridad de la Municipalidad, [&hellip;]<\/p>\n","protected":false},"author":0,"featured_media":0,"comment_status":"open","ping_status":"open","sticky":false,"template":"","format":"standard","meta":{"_jetpack_memberships_contains_paid_content":false,"footnotes":""},"categories":[10],"tags":[],"class_list":["post-1452626","post","type-post","status-publish","format-standard","hentry","category-noticias-nacionales","market-global"],"yoast_head":"<!-- This site is optimized with the Yoast SEO plugin v24.4 - https:\/\/yoast.com\/wordpress\/plugins\/seo\/ -->\n<title>Un automovilista atropell\u00f3 a varios veh\u00edculos y dej\u00f3 15 heridos en C\u00f3rdoba - Noticias<\/title>\n<meta name=\"robots\" content=\"index, follow, max-snippet:-1, max-image-preview:large, max-video-preview:-1\" \/>\n<link rel=\"canonical\" href=\"https:\/\/noticiasya.com\/2024\/09\/12\/automovilista-atropello-vehiculos-15-heridos-argentina-orix\/\" \/>\n<meta property=\"og:locale\" content=\"es_ES\" \/>\n<meta property=\"og:type\" content=\"article\" \/>\n<meta property=\"og:title\" content=\"Un automovilista atropell\u00f3 a varios veh\u00edculos y dej\u00f3 15 heridos en C\u00f3rdoba - Noticias\" \/>\n<meta property=\"og:description\" content=\"(CNN Espa\u00f1ol) \u2013\u2013 Un automovilista que perdi\u00f3 el control de su veh\u00edculo por casi cuatro cuadras en el centro de la ciudad de C\u00f3rdoba, Argentina, impact\u00f3 con varios autos y dej\u00f3 15 heridos este jueves, cerca de la intersecci\u00f3n de la Avenida Chacabuco y el Boulevard Arturo Illia. El secretario de Seguridad de la Municipalidad, [&hellip;]\" \/>\n<meta property=\"og:url\" content=\"https:\/\/noticiasya.com\/2024\/09\/12\/automovilista-atropello-vehiculos-15-heridos-argentina-orix\/\" \/>\n<meta property=\"og:site_name\" content=\"Noticias\" \/>\n<meta property=\"article:published_time\" content=\"2024-09-13T00:03:44+00:00\" \/>\n<meta name=\"twitter:card\" content=\"summary_large_image\" \/>\n<meta name=\"twitter:label1\" content=\"Est. reading time\" \/>\n\t<meta name=\"twitter:data1\" content=\"2 minutos\" \/>\n<script type=\"application\/ld+json\" class=\"yoast-schema-graph\">{\"@context\":\"https:\/\/schema.org\",\"@graph\":[{\"@type\":\"Article\",\"@id\":\"https:\/\/noticiasya.com\/2024\/09\/12\/automovilista-atropello-vehiculos-15-heridos-argentina-orix\/#article\",\"isPartOf\":{\"@id\":\"https:\/\/noticiasya.com\/2024\/09\/12\/automovilista-atropello-vehiculos-15-heridos-argentina-orix\/\"},\"author\":{\"name\":\"\",\"@id\":\"\"},\"headline\":\"Un automovilista atropell\u00f3 a varios veh\u00edculos y dej\u00f3 15 heridos en C\u00f3rdoba\",\"datePublished\":\"2024-09-13T00:03:44+00:00\",\"mainEntityOfPage\":{\"@id\":\"https:\/\/noticiasya.com\/2024\/09\/12\/automovilista-atropello-vehiculos-15-heridos-argentina-orix\/\"},\"wordCount\":384,\"commentCount\":0,\"publisher\":{\"@id\":\"https:\/\/noticiasya.com\/#organization\"},\"articleSection\":[\"Noticias Nacionales\"],\"inLanguage\":\"es\",\"potentialAction\":[{\"@type\":\"CommentAction\",\"name\":\"Comment\",\"target\":[\"https:\/\/noticiasya.com\/2024\/09\/12\/automovilista-atropello-vehiculos-15-heridos-argentina-orix\/#respond\"]}]},{\"@type\":\"WebPage\",\"@id\":\"https:\/\/noticiasya.com\/2024\/09\/12\/automovilista-atropello-vehiculos-15-heridos-argentina-orix\/\",\"url\":\"https:\/\/noticiasya.com\/2024\/09\/12\/automovilista-atropello-vehiculos-15-heridos-argentina-orix\/\",\"name\":\"Un automovilista atropell\u00f3 a varios veh\u00edculos y dej\u00f3 15 heridos en C\u00f3rdoba - Noticias\",\"isPartOf\":{\"@id\":\"https:\/\/noticiasya.com\/#website\"},\"datePublished\":\"2024-09-13T00:03:44+00:00\",\"breadcrumb\":{\"@id\":\"https:\/\/noticiasya.com\/2024\/09\/12\/automovilista-atropello-vehiculos-15-heridos-argentina-orix\/#breadcrumb\"},\"inLanguage\":\"es\",\"potentialAction\":[{\"@type\":\"ReadAction\",\"target\":[\"https:\/\/noticiasya.com\/2024\/09\/12\/automovilista-atropello-vehiculos-15-heridos-argentina-orix\/\"]}]},{\"@type\":\"BreadcrumbList\",\"@id\":\"https:\/\/noticiasya.com\/2024\/09\/12\/automovilista-atropello-vehiculos-15-heridos-argentina-orix\/#breadcrumb\",\"itemListElement\":[{\"@type\":\"ListItem\",\"position\":1,\"name\":\"Home\",\"item\":\"https:\/\/noticiasya.com\/\"},{\"@type\":\"ListItem\",\"position\":2,\"name\":\"Un automovilista atropell\u00f3 a varios veh\u00edculos y dej\u00f3 15 heridos en C\u00f3rdoba\"}]},{\"@type\":\"WebSite\",\"@id\":\"https:\/\/noticiasya.com\/#website\",\"url\":\"https:\/\/noticiasya.com\/\",\"name\":\"Noticias\",\"description\":\"Lo que importa\",\"publisher\":{\"@id\":\"https:\/\/noticiasya.com\/#organization\"},\"potentialAction\":[{\"@type\":\"SearchAction\",\"target\":{\"@type\":\"EntryPoint\",\"urlTemplate\":\"https:\/\/noticiasya.com\/?s={search_term_string}\"},\"query-input\":{\"@type\":\"PropertyValueSpecification\",\"valueRequired\":true,\"valueName\":\"search_term_string\"}}],\"inLanguage\":\"es\"},{\"@type\":\"Organization\",\"@id\":\"https:\/\/noticiasya.com\/#organization\",\"name\":\"Noticias\",\"url\":\"https:\/\/noticiasya.com\/\",\"logo\":{\"@type\":\"ImageObject\",\"inLanguage\":\"es\",\"@id\":\"https:\/\/noticiasya.com\/#\/schema\/logo\/image\/\",\"url\":\"https:\/\/noticiasya.com\/wp-content\/uploads\/sites\/22\/2023\/12\/logo-nacional.png\",\"contentUrl\":\"https:\/\/noticiasya.com\/wp-content\/uploads\/sites\/22\/2023\/12\/logo-nacional.png\",\"width\":1801,\"height\":691,\"caption\":\"Noticias\"},\"image\":{\"@id\":\"https:\/\/noticiasya.com\/#\/schema\/logo\/image\/\"}}]}<\/script>\n<!-- \/ Yoast SEO plugin. -->","yoast_head_json":{"title":"Un automovilista atropell\u00f3 a varios veh\u00edculos y dej\u00f3 15 heridos en C\u00f3rdoba - Noticias","robots":{"index":"index","follow":"follow","max-snippet":"max-snippet:-1","max-image-preview":"max-image-preview:large","max-video-preview":"max-video-preview:-1"},"canonical":"https:\/\/noticiasya.com\/2024\/09\/12\/automovilista-atropello-vehiculos-15-heridos-argentina-orix\/","og_locale":"es_ES","og_type":"article","og_title":"Un automovilista atropell\u00f3 a varios veh\u00edculos y dej\u00f3 15 heridos en C\u00f3rdoba - Noticias","og_description":"(CNN Espa\u00f1ol) \u2013\u2013 Un automovilista que perdi\u00f3 el control de su veh\u00edculo por casi cuatro cuadras en el centro de la ciudad de C\u00f3rdoba, Argentina, impact\u00f3 con varios autos y dej\u00f3 15 heridos este jueves, cerca de la intersecci\u00f3n de la Avenida Chacabuco y el Boulevard Arturo Illia. El secretario de Seguridad de la Municipalidad, [&hellip;]","og_url":"https:\/\/noticiasya.com\/2024\/09\/12\/automovilista-atropello-vehiculos-15-heridos-argentina-orix\/","og_site_name":"Noticias","article_published_time":"2024-09-13T00:03:44+00:00","twitter_card":"summary_large_image","twitter_misc":{"Est. reading time":"2 minutos"},"schema":{"@context":"https:\/\/schema.org","@graph":[{"@type":"Article","@id":"https:\/\/noticiasya.com\/2024\/09\/12\/automovilista-atropello-vehiculos-15-heridos-argentina-orix\/#article","isPartOf":{"@id":"https:\/\/noticiasya.com\/2024\/09\/12\/automovilista-atropello-vehiculos-15-heridos-argentina-orix\/"},"author":{"name":"","@id":""},"headline":"Un automovilista atropell\u00f3 a varios veh\u00edculos y dej\u00f3 15 heridos en C\u00f3rdoba","datePublished":"2024-09-13T00:03:44+00:00","mainEntityOfPage":{"@id":"https:\/\/noticiasya.com\/2024\/09\/12\/automovilista-atropello-vehiculos-15-heridos-argentina-orix\/"},"wordCount":384,"commentCount":0,"publisher":{"@id":"https:\/\/noticiasya.com\/#organization"},"articleSection":["Noticias Nacionales"],"inLanguage":"es","potentialAction":[{"@type":"CommentAction","name":"Comment","target":["https:\/\/noticiasya.com\/2024\/09\/12\/automovilista-atropello-vehiculos-15-heridos-argentina-orix\/#respond"]}]},{"@type":"WebPage","@id":"https:\/\/noticiasya.com\/2024\/09\/12\/automovilista-atropello-vehiculos-15-heridos-argentina-orix\/","url":"https:\/\/noticiasya.com\/2024\/09\/12\/automovilista-atropello-vehiculos-15-heridos-argentina-orix\/","name":"Un automovilista atropell\u00f3 a varios veh\u00edculos y dej\u00f3 15 heridos en C\u00f3rdoba - Noticias","isPartOf":{"@id":"https:\/\/noticiasya.com\/#website"},"datePublished":"2024-09-13T00:03:44+00:00","breadcrumb":{"@id":"https:\/\/noticiasya.com\/2024\/09\/12\/automovilista-atropello-vehiculos-15-heridos-argentina-orix\/#breadcrumb"},"inLanguage":"es","potentialAction":[{"@type":"ReadAction","target":["https:\/\/noticiasya.com\/2024\/09\/12\/automovilista-atropello-vehiculos-15-heridos-argentina-orix\/"]}]},{"@type":"BreadcrumbList","@id":"https:\/\/noticiasya.com\/2024\/09\/12\/automovilista-atropello-vehiculos-15-heridos-argentina-orix\/#breadcrumb","itemListElement":[{"@type":"ListItem","position":1,"name":"Home","item":"https:\/\/noticiasya.com\/"},{"@type":"ListItem","position":2,"name":"Un automovilista atropell\u00f3 a varios veh\u00edculos y dej\u00f3 15 heridos en C\u00f3rdoba"}]},{"@type":"WebSite","@id":"https:\/\/noticiasya.com\/#website","url":"https:\/\/noticiasya.com\/","name":"Noticias","description":"Lo que importa","publisher":{"@id":"https:\/\/noticiasya.com\/#organization"},"potentialAction":[{"@type":"SearchAction","target":{"@type":"EntryPoint","urlTemplate":"https:\/\/noticiasya.com\/?s={search_term_string}"},"query-input":{"@type":"PropertyValueSpecification","valueRequired":true,"valueName":"search_term_string"}}],"inLanguage":"es"},{"@type":"Organization","@id":"https:\/\/noticiasya.com\/#organization","name":"Noticias","url":"https:\/\/noticiasya.com\/","logo":{"@type":"ImageObject","inLanguage":"es","@id":"https:\/\/noticiasya.com\/#\/schema\/logo\/image\/","url":"https:\/\/noticiasya.com\/wp-content\/uploads\/sites\/22\/2023\/12\/logo-nacional.png","contentUrl":"https:\/\/noticiasya.com\/wp-content\/uploads\/sites\/22\/2023\/12\/logo-nacional.png","width":1801,"height":691,"caption":"Noticias"},"image":{"@id":"https:\/\/noticiasya.com\/#\/schema\/logo\/image\/"}}]}},"parsely":{"version":"1.1.0","canonical_url":"https:\/\/noticiasya.com\/midland-odessa\/2024\/09\/12\/automovilista-atropello-vehiculos-15-heridos-argentina-orix\/","smart_links":{"inbound":0,"outbound":0},"traffic_boost_suggestions_count":0,"meta":{"@context":"https:\/\/schema.org","@type":"NewsArticle","headline":"Un automovilista atropell\u00f3 a varios veh\u00edculos y dej\u00f3 15 heridos en C\u00f3rdoba","url":"http:\/\/noticiasya.com\/midland-odessa\/2024\/09\/12\/automovilista-atropello-vehiculos-15-heridos-argentina-orix\/","mainEntityOfPage":{"@type":"WebPage","@id":"http:\/\/noticiasya.com\/midland-odessa\/2024\/09\/12\/automovilista-atropello-vehiculos-15-heridos-argentina-orix\/"},"thumbnailUrl":"","image":{"@type":"ImageObject","url":""},"articleSection":"Noticias Nacionales","author":[],"creator":[],"publisher":{"@type":"Organization","name":"Noticias","logo":""},"keywords":[],"dateCreated":"2024-09-13T00:03:44Z","datePublished":"2024-09-13T00:03:44Z","dateModified":"2024-09-13T00:03:44Z"},"rendered":"<script type=\"application\/ld+json\" class=\"wp-parsely-metadata\">{\"@context\":\"https:\\\/\\\/schema.org\",\"@type\":\"NewsArticle\",\"headline\":\"Un automovilista atropell\\u00f3 a varios veh\\u00edculos y dej\\u00f3 15 heridos en C\\u00f3rdoba\",\"url\":\"http:\\\/\\\/noticiasya.com\\\/midland-odessa\\\/2024\\\/09\\\/12\\\/automovilista-atropello-vehiculos-15-heridos-argentina-orix\\\/\",\"mainEntityOfPage\":{\"@type\":\"WebPage\",\"@id\":\"http:\\\/\\\/noticiasya.com\\\/midland-odessa\\\/2024\\\/09\\\/12\\\/automovilista-atropello-vehiculos-15-heridos-argentina-orix\\\/\"},\"thumbnailUrl\":\"\",\"image\":{\"@type\":\"ImageObject\",\"url\":\"\"},\"articleSection\":\"Noticias Nacionales\",\"author\":[],\"creator\":[],\"publisher\":{\"@type\":\"Organization\",\"name\":\"Noticias\",\"logo\":\"\"},\"keywords\":[],\"dateCreated\":\"2024-09-13T00:03:44Z\",\"datePublished\":\"2024-09-13T00:03:44Z\",\"dateModified\":\"2024-09-13T00:03:44Z\"}<\/script>","tracker_url":"https:\/\/cdn.parsely.com\/keys\/noticiasya.com\/p.js"},"jetpack_featured_media_url":"","jetpack-related-posts":[{"id":1450369,"url":"https:\/\/noticiasya.com\/midland-odessa\/2024\/06\/14\/muere-persona-accidente-auto-equipo-claudia-sheinbaum-mexico-orix\/","url_meta":{"origin":1452626,"position":0},"title":"Muere una persona\u00a0tras accidente con auto de equipo de Claudia Sheinbaum en norte de M\u00e9xico","author":"","date":"junio 14, 2024","format":false,"excerpt":"(CNN Espa\u00f1ol) --\u00a0Una persona fallecida y varios heridos dej\u00f3 un\u00a0accidente en el que se vio involucrado\u00a0este viernes un autom\u00f3vil de la comitiva de seguridad de Claudia Sheinbaum con otro veh\u00edculo local en Monclova, en el norte\u00f1o estado fronterizo de Coahuila, inform\u00f3 este viernes el equipo de la ganadora de las\u2026","rel":"","context":"In &quot;Noticias Nacionales&quot;","block_context":{"text":"Noticias Nacionales","link":"https:\/\/noticiasya.com\/midland-odessa\/categoria\/noticias-nacionales"},"img":{"alt_text":"","src":"","width":0,"height":0},"classes":[]},{"id":1461378,"url":"https:\/\/noticiasya.com\/midland-odessa\/2025\/04\/18\/masacre-gallera-ecuador-muertos-heridos-orix\/","url_meta":{"origin":1452626,"position":1},"title":"Masacre en una gallera de Ecuador deja al menos 12 muertos y varios heridos","author":"","date":"abril 18, 2025","format":false,"excerpt":"Un tiroteo desatado en una gallera de la provincia de Manab\u00ed, en la costa de Ecuador, dej\u00f3 12 muertos y varias personas heridas, inform\u00f3 la Polic\u00eda Nacional.El comandante de la Polic\u00eda en la zona 4, coronel Ren\u00e1n Fabricio Miller, indic\u00f3 en mensaje en video difundido a la prensa que el\u2026","rel":"","context":"In &quot;Noticias Nacionales&quot;","block_context":{"text":"Noticias Nacionales","link":"https:\/\/noticiasya.com\/midland-odessa\/categoria\/noticias-nacionales"},"img":{"alt_text":"","src":"","width":0,"height":0},"classes":[]},{"id":1452478,"url":"https:\/\/noticiasya.com\/midland-odessa\/2024\/09\/06\/cordoba-estado-desastre-cuatro-provincias-incendios-forestales-orix\/","url_meta":{"origin":1452626,"position":2},"title":"La provincia de C\u00f3rdoba declara estado de desastre en cuatro departamentos debido a los incendios forestales","author":"","date":"septiembre 6, 2024","format":false,"excerpt":"(CNN Espa\u00f1ol) \u2013\u2013 El Gobierno de la provincia de C\u00f3rdoba, Argentina, declar\u00f3 estado de desastre en cuatro de sus 26 departamentos debido a los incendios forestales que han afectado a la zona durante los \u00faltimos d\u00edas.Los departamentos donde el estado de desastre estar\u00e1 vigente son Calamuchita, Punilla, Col\u00f3n y Santa\u2026","rel":"","context":"In &quot;Noticias Nacionales&quot;","block_context":{"text":"Noticias Nacionales","link":"https:\/\/noticiasya.com\/midland-odessa\/categoria\/noticias-nacionales"},"img":{"alt_text":"","src":"","width":0,"height":0},"classes":[]},{"id":1464666,"url":"https:\/\/noticiasya.com\/midland-odessa\/2025\/07\/19\/heridos-atropellamiento-vehiculo-los-angeles-trax\/","url_meta":{"origin":1452626,"position":3},"title":"Al menos 28 heridos en atropellamiento de un veh\u00edculo contra una multitud en Los \u00c1ngeles","author":"","date":"julio 19, 2025","format":false,"excerpt":"M\u00e1s de 28 personas resultaron heridas despu\u00e9s de que un veh\u00edculo desconocido atropellara a una multitud en East Hollywood en la madrugada de este s\u00e1bado, seg\u00fan el Departamento de Bomberos de Los \u00c1ngeles.El lugar del accidente, ocurrido en el West Santa Monica Boulevard y que fue proporcionada por el Departamento\u2026","rel":"","context":"In &quot;Noticias Nacionales&quot;","block_context":{"text":"Noticias Nacionales","link":"https:\/\/noticiasya.com\/midland-odessa\/categoria\/noticias-nacionales"},"img":{"alt_text":"","src":"","width":0,"height":0},"classes":[]},{"id":1468048,"url":"https:\/\/noticiasya.com\/midland-odessa\/2025\/11\/05\/vehiculo-atropellamiento-heridos-francia-trax\/","url_meta":{"origin":1452626,"position":4},"title":"Un atropello deja 10 heridos en una isla francesa, seg\u00fan el ministro del Interior","author":"","date":"noviembre 5, 2025","format":false,"excerpt":"Un conductor atropell\u00f3 e hiri\u00f3 a varios peatones y ciclistas en la isla francesa de Ol\u00e9ron, frente a la costa atl\u00e1ntica, este mi\u00e9rcoles.La Polic\u00eda detuvo a un hombre tras el ataque y posteriormente abri\u00f3 una investigaci\u00f3n, seg\u00fan el ministro del Interior franc\u00e9s, Laurent Nu\u00f1ez.El conductor fue detenido por \u201cintento de\u2026","rel":"","context":"In &quot;Noticias Nacionales&quot;","block_context":{"text":"Noticias Nacionales","link":"https:\/\/noticiasya.com\/midland-odessa\/categoria\/noticias-nacionales"},"img":{"alt_text":"","src":"","width":0,"height":0},"classes":[]},{"id":1448603,"url":"https:\/\/noticiasya.com\/midland-odessa\/2024\/04\/26\/turistas-brasilenos-accidente-chile-orix\/","url_meta":{"origin":1452626,"position":5},"title":"2 turistas brasile\u00f1os mueren y 33 quedan heridos en un accidente de autob\u00fas en Chile","author":"","date":"abril 26, 2024","format":false,"excerpt":"(CNN Espa\u00f1ol) -- Un accidente de autob\u00fas en el norte de Chile dej\u00f3 dos turistas brasile\u00f1os muertos y otros 33 heridos, inform\u00f3 este viernes el Ministerio de Relaciones Exteriores de Brasil.De los heridos, que viajaban en el veh\u00edculo, tres se encuentran en estado grave, a\u00f1adi\u00f3 en un comunicado.La instituci\u00f3n indic\u00f3\u2026","rel":"","context":"In &quot;Noticias Nacionales&quot;","block_context":{"text":"Noticias Nacionales","link":"https:\/\/noticiasya.com\/midland-odessa\/categoria\/noticias-nacionales"},"img":{"alt_text":"","src":"","width":0,"height":0},"classes":[]}],"jetpack_sharing_enabled":true,"_links":{"self":[{"href":"https:\/\/noticiasya.com\/midland-odessa\/wp-json\/wp\/v2\/posts\/1452626","targetHints":{"allow":["GET"]}}],"collection":[{"href":"https:\/\/noticiasya.com\/midland-odessa\/wp-json\/wp\/v2\/posts"}],"about":[{"href":"https:\/\/noticiasya.com\/midland-odessa\/wp-json\/wp\/v2\/types\/post"}],"replies":[{"embeddable":true,"href":"https:\/\/noticiasya.com\/midland-odessa\/wp-json\/wp\/v2\/comments?post=1452626"}],"version-history":[{"count":0,"href":"https:\/\/noticiasya.com\/midland-odessa\/wp-json\/wp\/v2\/posts\/1452626\/revisions"}],"wp:attachment":[{"href":"https:\/\/noticiasya.com\/midland-odessa\/wp-json\/wp\/v2\/media?parent=1452626"}],"wp:term":[{"taxonomy":"category","embeddable":true,"href":"https:\/\/noticiasya.com\/midland-odessa\/wp-json\/wp\/v2\/categories?post=1452626"},{"taxonomy":"post_tag","embeddable":true,"href":"https:\/\/noticiasya.com\/midland-odessa\/wp-json\/wp\/v2\/tags?post=1452626"}],"curies":[{"name":"wp","href":"https:\/\/api.w.org\/{rel}","templated":true}]}}