{"id":1452627,"date":"2024-09-12T18:03:48","date_gmt":"2024-09-13T01:03:48","guid":{"rendered":"https:\/\/noticiasya.com\/2024\/09\/12\/coincidencias-alberto-fujimori-abimael-guzman-peru-orix\/"},"modified":"2024-09-12T18:03:48","modified_gmt":"2024-09-13T01:03:48","slug":"coincidencias-alberto-fujimori-abimael-guzman-peru-orix","status":"publish","type":"post","link":"https:\/\/noticiasya.com\/midland-odessa\/2024\/09\/12\/coincidencias-alberto-fujimori-abimael-guzman-peru-orix\/","title":{"rendered":"Las coincidencias de Alberto Fujimori y Abimael Guzm\u00e1n: murieron en la misma fecha y a la misma edad, tres a\u00f1os aparte"},"content":{"rendered":"<p>(CNN) &#8212; Las biograf\u00edas de los mayores protagonistas de uno de los cap\u00edtulos m\u00e1s oscuros y violentos de la historia reciente de Per\u00fa volvieron a entrelazarse este mi\u00e9rcoles, con la muerte del expresidente Alberto Fujimori (1990-2000), quien falleci\u00f3 exactamente en la misma fecha de 2021 que Abimael Guzm\u00e1n, el sanguinario l\u00edder del grupo terrorista Sendero Luminoso que puso en jaque al gobierno peruano durante varios a\u00f1os con su lucha armada hasta su captura en 1992.<\/p>\n<p>Fujimori, ingeniero agr\u00f3nomo, hijo de inmigrantes japoneses, sorprendi\u00f3 como outsider y gan\u00f3 las elecciones en 1990 con la promesa de estabilizar a un pa\u00eds azotado por la hiperinflaci\u00f3n y el conflicto armado interno.<\/p>\n<p>Duelo nacional de tres d\u00edas en Per\u00fa por la muerte de Alberto Fujimori<\/p>\n<p>Para ese entonces, Sendero Luminoso, fundado por Guzm\u00e1n, un profesor universitario de filosof\u00eda ya llevaba una d\u00e9cada como grupo subversivo, con masacres y el asesinato de miles de civiles, muchos de ellos campesinos, adem\u00e1s de polic\u00edas y militares. Los ataques hab\u00edan pasado del campo a las ciudades, con atentados a la red el\u00e9ctrica que dejaban a oscuras a una sociedad atemorizada que clamaba por paz. Guzm\u00e1n, conocido en sus filas bajo el alias de Presidente Gonzalo, era sin\u00f3nimo del horror.<\/p>\n<p>Para 1992, el grupo terrorista consideraba que estaba en una etapa de \u201cequilibrio estrat\u00e9gico\u201d frente a las Fuerzas Armadas. Eran frecuentes los ataques en los barrios precarios de la periferia de Lima. No hab\u00eda mayor rastro de Guzm\u00e1n, quien hab\u00eda desarrollado en sus filas un culto a la personalidad.<\/p>\n<p>Por su parte, Fujimori, sin una bancada fuerte en el Congreso, hab\u00eda recibido algunas facultades legislativas, pero no consegu\u00eda la aprobaci\u00f3n de todas sus pol\u00edticas econ\u00f3micas neoliberales de austeridad y reclamaba m\u00e1s herramientas para la lucha antisubversiva.<\/p>\n<p>El mandatario, amparado en el contexto de caos, protagoniz\u00f3 en abril de 1992 un autogolpe de Estado: disolvi\u00f3 el Congreso, sac\u00f3 tanques a la calle y detuvo a opositores, una maniobra conocida como \u201cFujimorazo\u201d.<\/p>\n<p>El presidente peruano Alberto Fujimori camina con el ministro del Interior, general V\u00edctor Malca (izq.) y otro miembro no identificado de las fuerzas armadas durante una visita a una escuela militar el 24 de abril de 1992 en Lima. Cr\u00e9dito: HECTOR MATA\/AFP v\u00eda Getty Images<\/p>\n<p>Lejos de conseguir la calma, en julio ocurri\u00f3 uno de los peores atentados en Lima: la explosi\u00f3n de un coche-bomba en el distrito de Miraflores que dej\u00f3 25 muertos y m\u00e1s de 250 heridos.<\/p>\n<p>Pero el b\u00e1lsamo lleg\u00f3 en septiembre. Guzm\u00e1n fue capturado en un operativo del Grupo Especial de Inteligencia de la Polic\u00eda Nacional, en una vivienda en una zona residencial de Lima. All\u00ed lo detuvieron sin un disparo junto a la c\u00fapula de su organizaci\u00f3n, desde entonces el grupo, de estructura pronunciadamente vertical, se desmoron\u00f3.<\/p>\n<p>El pa\u00eds era una fiesta. Seg\u00fan inform\u00f3 El Comercio, Fujimori se enter\u00f3 de la captura cuando estaba en un viaje en la provincia de Iquitos. De todas formas, pod\u00eda celebrar el cumplimiento de su promesa de que para 1995 habr\u00eda liberado al Per\u00fa de Sendero Luminoso, realizada en entrevista con El Pa\u00eds.<\/p>\n<p>Posteriormente, lo exhibi\u00f3 como un animal enjaulado, con un traje a rayas, caminando y gritando proclamas.<\/p>\n<p>Abimael Guzm\u00e1n tras las rejas (HECTOR MATA\/AFP via Getty Images)<\/p>\n<p>Pero el camino a la captura no fue sencillo ni mucho menos pac\u00edfico.<\/p>\n<p>Mientras Guzm\u00e1n utiliz\u00f3 el terror en su intento de conquistar el poder, Fujimori apel\u00f3 al terrorismo de Estado para mantener el pa\u00eds en un pu\u00f1o.<\/p>\n<p>Antes del operativo que culmin\u00f3 con la captura de Guzm\u00e1n ocurrieron en Lima las masacres de La Cantuta (en julio de 1992, con un profesor universitario y nueve estudiantes secuestrados y desaparecidos) y de Barrios Altos (ocurrida en noviembre de 1991, con 15 asesinatos, incluido un ni\u00f1o), realizados por el Grupo Colina, un escuadr\u00f3n clandestino del Ej\u00e9rcito. Fujimori ser\u00eda condenado d\u00e9cadas despu\u00e9s a 25 a\u00f1os de c\u00e1rcel por homicidio calificado y lesiones como autor mediato de estas matanzas. No lleg\u00f3 a ser juzgado por la masacre de Pativilca, tambi\u00e9n a manos del grupo paramilitar.<\/p>\n<p>Una vez logrado el gran objetivo contra el terrorismo y con la econom\u00eda estabilizada, Fujimori gozaba de amplio respaldo. Gan\u00f3 las elecciones de 1995 con el 64% de los votos, con m\u00e1s de 40 puntos de ventaja sobre el segundo candidato, y su partido logr\u00f3 m\u00e1s de la mitad de los esca\u00f1os en el Congreso. Lo que pudo ser un camino de redenci\u00f3n tras la violencia estatal y el autogolpe se convirti\u00f3 en una deriva autoritaria marcada por la corrupci\u00f3n y otros delitos.<\/p>\n<p>Alberto Fujimori, el gobernante de Per\u00fa del &#171;Fujishock&#187; econ\u00f3mico y los abusos contra los DD.HH.<\/p>\n<p>Entre 1995 y 2000, su Gobierno llev\u00f3 adelante una pol\u00edtica de planificaci\u00f3n familiar en zonas rurales en la que, seg\u00fan grupos de derechos humanos, miles de mujeres sufrieron esterilizaciones forzadas, pero el caso no lleg\u00f3 a ser juzgado.<\/p>\n<p>Su candidatura a un tercer mandato desat\u00f3 las cr\u00edticas de sus adversarios, quienes aseguraban que no pod\u00eda postularse. Pero la Justicia y el Legislativo le dieron luz verde despu\u00e9s de una interpretaci\u00f3n de la Constituci\u00f3n.<\/p>\n<p>Conferencia de prensa de Alberto Fujimori, dos d\u00edas despu\u00e9s de la captura de Abimael Guzm\u00e1n (JAIME RAZURI\/AFP via Getty Images)<\/p>\n<p>Las acusaciones de corrupci\u00f3n lo acompa\u00f1aron de principio a fin de su gesti\u00f3n. En su primer mandato, su entonces esposa, Susana Higuchi, denunci\u00f3 que su familia vend\u00eda ropa donada. En sus \u00faltimos d\u00edas como presidente, otorg\u00f3 US$ 15 millones de indemnizaci\u00f3n a su saliente asesor Vladimiro Montesinos, protagonista de los \u201cvladivideos\u201d que desencadenaron la ca\u00edda del Gobierno, al mostrar pagos en efectivo a opositores para pasar al oficialismo. Fujimori fue condenado a m\u00e1s de siete a\u00f1os de c\u00e1rcel por &#171;peculado doloso y falsedad ideol\u00f3gica&#187; por esa entrega ilegal a Montesinos y la Justicia tambi\u00e9n lo conden\u00f3 en 2015 por el desv\u00edo de fondos militares para comprar l\u00edneas editoriales de peri\u00f3dicos sensacionalistas, en los que se atacaba a la oposici\u00f3n, pero luego la Corte Suprema anul\u00f3 la sentencia.<\/p>\n<p>En noviembre de 2000 renunci\u00f3 a la presidencia desde el extranjero, pero el Congreso rechaz\u00f3 su carta y lo destituy\u00f3.<\/p>\n<p>Si Fujimori, con sus reformas econ\u00f3micas y constitucionales moderniz\u00f3 al pa\u00eds, con un legado que incluye una de las macroeconom\u00edas m\u00e1s estables de Sudam\u00e9rica, tambi\u00e9n socav\u00f3 el sistema democr\u00e1tico con efectos notoriamente palpables en la sucesi\u00f3n de seis mandatarios entre 2018 y 2022.<\/p>\n<p>La influencia de la familia Fujimori en Per\u00fa<\/p>\n<p>Guzm\u00e1n nunca mostr\u00f3 un arrepentimiento por su sanguinaria toma del Estado por la fuerza. Tampoco lo hizo Fujimori por sus cr\u00edmenes, aun despu\u00e9s de pasar a\u00f1os en prisi\u00f3n y salir por un indulto.<\/p>\n<p>El procurador antiterrorista Milko Ruiz dijo a la agencia Andina en 2019 que de los 3.702 millones de soles (unos US$ 977 millones) que se impuso a la c\u00fapula senderista como reparaci\u00f3n civil, el Estado hab\u00eda cobrado apenas poco m\u00e1s de US$ 150.000 y se hab\u00edan embargado siete inmuebles.<\/p>\n<p>Fujimori y Guzm\u00e1n ante la Justicia (Getty Images)<\/p>\n<p>En el caso de Fujimori, adeudaba al Estado 51 millones de soles (US$ 13,5 millones) y nunca pag\u00f3 ni una parte, seg\u00fan afirm\u00f3 a RPP el procurador general del Estado, Javier Pacheco.<\/p>\n<p>Ambos murieron a los 86 a\u00f1os. Los restos de Guzm\u00e1n fueron cremados y esparcidos en un lugar reservado, para evitar desorden p\u00fablico. Por su parte, Fujimori es despedido con honores f\u00fanebres en un nuevo aniversario de la captura del l\u00edder terrorista, siendo por sus numerosos simpatizantes, y ser\u00e1 enterrado en un cementerio privado.<\/p>\n<p>The-CNN-Wire<br \/>&trade; &amp; &copy; 2024 Cable News Network, Inc., a Warner Bros. Discovery Company. All rights reserved.<\/p>\n","protected":false},"excerpt":{"rendered":"<p>(CNN) &#8212; Las biograf\u00edas de los mayores protagonistas de uno de los cap\u00edtulos m\u00e1s oscuros y violentos de la historia reciente de Per\u00fa volvieron a entrelazarse este mi\u00e9rcoles, con la muerte del expresidente Alberto Fujimori (1990-2000), quien falleci\u00f3 exactamente en la misma fecha de 2021 que Abimael Guzm\u00e1n, el sanguinario l\u00edder del grupo terrorista Sendero [&hellip;]<\/p>\n","protected":false},"author":0,"featured_media":0,"comment_status":"open","ping_status":"open","sticky":false,"template":"","format":"standard","meta":{"_jetpack_memberships_contains_paid_content":false,"footnotes":""},"categories":[10],"tags":[],"class_list":["post-1452627","post","type-post","status-publish","format-standard","hentry","category-noticias-nacionales","market-global"],"yoast_head":"<!-- This site is optimized with the Yoast SEO plugin v24.4 - https:\/\/yoast.com\/wordpress\/plugins\/seo\/ -->\n<title>Las coincidencias de Alberto Fujimori y Abimael Guzm\u00e1n: murieron en la misma fecha y a la misma edad, tres a\u00f1os aparte - Noticias<\/title>\n<meta name=\"robots\" content=\"index, follow, max-snippet:-1, max-image-preview:large, max-video-preview:-1\" \/>\n<link rel=\"canonical\" href=\"https:\/\/noticiasya.com\/2024\/09\/12\/coincidencias-alberto-fujimori-abimael-guzman-peru-orix\/\" \/>\n<meta property=\"og:locale\" content=\"es_ES\" \/>\n<meta property=\"og:type\" content=\"article\" \/>\n<meta property=\"og:title\" content=\"Las coincidencias de Alberto Fujimori y Abimael Guzm\u00e1n: murieron en la misma fecha y a la misma edad, tres a\u00f1os aparte - Noticias\" \/>\n<meta property=\"og:description\" content=\"(CNN) &#8212; Las biograf\u00edas de los mayores protagonistas de uno de los cap\u00edtulos m\u00e1s oscuros y violentos de la historia reciente de Per\u00fa volvieron a entrelazarse este mi\u00e9rcoles, con la muerte del expresidente Alberto Fujimori (1990-2000), quien falleci\u00f3 exactamente en la misma fecha de 2021 que Abimael Guzm\u00e1n, el sanguinario l\u00edder del grupo terrorista Sendero [&hellip;]\" \/>\n<meta property=\"og:url\" content=\"https:\/\/noticiasya.com\/2024\/09\/12\/coincidencias-alberto-fujimori-abimael-guzman-peru-orix\/\" \/>\n<meta property=\"og:site_name\" content=\"Noticias\" \/>\n<meta property=\"article:published_time\" content=\"2024-09-13T01:03:48+00:00\" \/>\n<meta name=\"twitter:card\" content=\"summary_large_image\" \/>\n<meta name=\"twitter:label1\" content=\"Est. reading time\" \/>\n\t<meta name=\"twitter:data1\" content=\"7 minutos\" \/>\n<script type=\"application\/ld+json\" class=\"yoast-schema-graph\">{\"@context\":\"https:\/\/schema.org\",\"@graph\":[{\"@type\":\"Article\",\"@id\":\"https:\/\/noticiasya.com\/2024\/09\/12\/coincidencias-alberto-fujimori-abimael-guzman-peru-orix\/#article\",\"isPartOf\":{\"@id\":\"https:\/\/noticiasya.com\/2024\/09\/12\/coincidencias-alberto-fujimori-abimael-guzman-peru-orix\/\"},\"author\":{\"name\":\"\",\"@id\":\"\"},\"headline\":\"Las coincidencias de Alberto Fujimori y Abimael Guzm\u00e1n: murieron en la misma fecha y a la misma edad, tres a\u00f1os aparte\",\"datePublished\":\"2024-09-13T01:03:48+00:00\",\"mainEntityOfPage\":{\"@id\":\"https:\/\/noticiasya.com\/2024\/09\/12\/coincidencias-alberto-fujimori-abimael-guzman-peru-orix\/\"},\"wordCount\":1358,\"commentCount\":0,\"publisher\":{\"@id\":\"https:\/\/noticiasya.com\/#organization\"},\"articleSection\":[\"Noticias Nacionales\"],\"inLanguage\":\"es\",\"potentialAction\":[{\"@type\":\"CommentAction\",\"name\":\"Comment\",\"target\":[\"https:\/\/noticiasya.com\/2024\/09\/12\/coincidencias-alberto-fujimori-abimael-guzman-peru-orix\/#respond\"]}]},{\"@type\":\"WebPage\",\"@id\":\"https:\/\/noticiasya.com\/2024\/09\/12\/coincidencias-alberto-fujimori-abimael-guzman-peru-orix\/\",\"url\":\"https:\/\/noticiasya.com\/2024\/09\/12\/coincidencias-alberto-fujimori-abimael-guzman-peru-orix\/\",\"name\":\"Las coincidencias de Alberto Fujimori y Abimael Guzm\u00e1n: murieron en la misma fecha y a la misma edad, tres a\u00f1os aparte - Noticias\",\"isPartOf\":{\"@id\":\"https:\/\/noticiasya.com\/#website\"},\"datePublished\":\"2024-09-13T01:03:48+00:00\",\"breadcrumb\":{\"@id\":\"https:\/\/noticiasya.com\/2024\/09\/12\/coincidencias-alberto-fujimori-abimael-guzman-peru-orix\/#breadcrumb\"},\"inLanguage\":\"es\",\"potentialAction\":[{\"@type\":\"ReadAction\",\"target\":[\"https:\/\/noticiasya.com\/2024\/09\/12\/coincidencias-alberto-fujimori-abimael-guzman-peru-orix\/\"]}]},{\"@type\":\"BreadcrumbList\",\"@id\":\"https:\/\/noticiasya.com\/2024\/09\/12\/coincidencias-alberto-fujimori-abimael-guzman-peru-orix\/#breadcrumb\",\"itemListElement\":[{\"@type\":\"ListItem\",\"position\":1,\"name\":\"Home\",\"item\":\"https:\/\/noticiasya.com\/\"},{\"@type\":\"ListItem\",\"position\":2,\"name\":\"Las coincidencias de Alberto Fujimori y Abimael Guzm\u00e1n: murieron en la misma fecha y a la misma edad, tres a\u00f1os aparte\"}]},{\"@type\":\"WebSite\",\"@id\":\"https:\/\/noticiasya.com\/#website\",\"url\":\"https:\/\/noticiasya.com\/\",\"name\":\"Noticias\",\"description\":\"Lo que importa\",\"publisher\":{\"@id\":\"https:\/\/noticiasya.com\/#organization\"},\"potentialAction\":[{\"@type\":\"SearchAction\",\"target\":{\"@type\":\"EntryPoint\",\"urlTemplate\":\"https:\/\/noticiasya.com\/?s={search_term_string}\"},\"query-input\":{\"@type\":\"PropertyValueSpecification\",\"valueRequired\":true,\"valueName\":\"search_term_string\"}}],\"inLanguage\":\"es\"},{\"@type\":\"Organization\",\"@id\":\"https:\/\/noticiasya.com\/#organization\",\"name\":\"Noticias\",\"url\":\"https:\/\/noticiasya.com\/\",\"logo\":{\"@type\":\"ImageObject\",\"inLanguage\":\"es\",\"@id\":\"https:\/\/noticiasya.com\/#\/schema\/logo\/image\/\",\"url\":\"https:\/\/noticiasya.com\/wp-content\/uploads\/sites\/22\/2023\/12\/logo-nacional.png\",\"contentUrl\":\"https:\/\/noticiasya.com\/wp-content\/uploads\/sites\/22\/2023\/12\/logo-nacional.png\",\"width\":1801,\"height\":691,\"caption\":\"Noticias\"},\"image\":{\"@id\":\"https:\/\/noticiasya.com\/#\/schema\/logo\/image\/\"}}]}<\/script>\n<!-- \/ Yoast SEO plugin. -->","yoast_head_json":{"title":"Las coincidencias de Alberto Fujimori y Abimael Guzm\u00e1n: murieron en la misma fecha y a la misma edad, tres a\u00f1os aparte - Noticias","robots":{"index":"index","follow":"follow","max-snippet":"max-snippet:-1","max-image-preview":"max-image-preview:large","max-video-preview":"max-video-preview:-1"},"canonical":"https:\/\/noticiasya.com\/2024\/09\/12\/coincidencias-alberto-fujimori-abimael-guzman-peru-orix\/","og_locale":"es_ES","og_type":"article","og_title":"Las coincidencias de Alberto Fujimori y Abimael Guzm\u00e1n: murieron en la misma fecha y a la misma edad, tres a\u00f1os aparte - Noticias","og_description":"(CNN) &#8212; Las biograf\u00edas de los mayores protagonistas de uno de los cap\u00edtulos m\u00e1s oscuros y violentos de la historia reciente de Per\u00fa volvieron a entrelazarse este mi\u00e9rcoles, con la muerte del expresidente Alberto Fujimori (1990-2000), quien falleci\u00f3 exactamente en la misma fecha de 2021 que Abimael Guzm\u00e1n, el sanguinario l\u00edder del grupo terrorista Sendero [&hellip;]","og_url":"https:\/\/noticiasya.com\/2024\/09\/12\/coincidencias-alberto-fujimori-abimael-guzman-peru-orix\/","og_site_name":"Noticias","article_published_time":"2024-09-13T01:03:48+00:00","twitter_card":"summary_large_image","twitter_misc":{"Est. reading time":"7 minutos"},"schema":{"@context":"https:\/\/schema.org","@graph":[{"@type":"Article","@id":"https:\/\/noticiasya.com\/2024\/09\/12\/coincidencias-alberto-fujimori-abimael-guzman-peru-orix\/#article","isPartOf":{"@id":"https:\/\/noticiasya.com\/2024\/09\/12\/coincidencias-alberto-fujimori-abimael-guzman-peru-orix\/"},"author":{"name":"","@id":""},"headline":"Las coincidencias de Alberto Fujimori y Abimael Guzm\u00e1n: murieron en la misma fecha y a la misma edad, tres a\u00f1os aparte","datePublished":"2024-09-13T01:03:48+00:00","mainEntityOfPage":{"@id":"https:\/\/noticiasya.com\/2024\/09\/12\/coincidencias-alberto-fujimori-abimael-guzman-peru-orix\/"},"wordCount":1358,"commentCount":0,"publisher":{"@id":"https:\/\/noticiasya.com\/#organization"},"articleSection":["Noticias Nacionales"],"inLanguage":"es","potentialAction":[{"@type":"CommentAction","name":"Comment","target":["https:\/\/noticiasya.com\/2024\/09\/12\/coincidencias-alberto-fujimori-abimael-guzman-peru-orix\/#respond"]}]},{"@type":"WebPage","@id":"https:\/\/noticiasya.com\/2024\/09\/12\/coincidencias-alberto-fujimori-abimael-guzman-peru-orix\/","url":"https:\/\/noticiasya.com\/2024\/09\/12\/coincidencias-alberto-fujimori-abimael-guzman-peru-orix\/","name":"Las coincidencias de Alberto Fujimori y Abimael Guzm\u00e1n: murieron en la misma fecha y a la misma edad, tres a\u00f1os aparte - Noticias","isPartOf":{"@id":"https:\/\/noticiasya.com\/#website"},"datePublished":"2024-09-13T01:03:48+00:00","breadcrumb":{"@id":"https:\/\/noticiasya.com\/2024\/09\/12\/coincidencias-alberto-fujimori-abimael-guzman-peru-orix\/#breadcrumb"},"inLanguage":"es","potentialAction":[{"@type":"ReadAction","target":["https:\/\/noticiasya.com\/2024\/09\/12\/coincidencias-alberto-fujimori-abimael-guzman-peru-orix\/"]}]},{"@type":"BreadcrumbList","@id":"https:\/\/noticiasya.com\/2024\/09\/12\/coincidencias-alberto-fujimori-abimael-guzman-peru-orix\/#breadcrumb","itemListElement":[{"@type":"ListItem","position":1,"name":"Home","item":"https:\/\/noticiasya.com\/"},{"@type":"ListItem","position":2,"name":"Las coincidencias de Alberto Fujimori y Abimael Guzm\u00e1n: murieron en la misma fecha y a la misma edad, tres a\u00f1os aparte"}]},{"@type":"WebSite","@id":"https:\/\/noticiasya.com\/#website","url":"https:\/\/noticiasya.com\/","name":"Noticias","description":"Lo que importa","publisher":{"@id":"https:\/\/noticiasya.com\/#organization"},"potentialAction":[{"@type":"SearchAction","target":{"@type":"EntryPoint","urlTemplate":"https:\/\/noticiasya.com\/?s={search_term_string}"},"query-input":{"@type":"PropertyValueSpecification","valueRequired":true,"valueName":"search_term_string"}}],"inLanguage":"es"},{"@type":"Organization","@id":"https:\/\/noticiasya.com\/#organization","name":"Noticias","url":"https:\/\/noticiasya.com\/","logo":{"@type":"ImageObject","inLanguage":"es","@id":"https:\/\/noticiasya.com\/#\/schema\/logo\/image\/","url":"https:\/\/noticiasya.com\/wp-content\/uploads\/sites\/22\/2023\/12\/logo-nacional.png","contentUrl":"https:\/\/noticiasya.com\/wp-content\/uploads\/sites\/22\/2023\/12\/logo-nacional.png","width":1801,"height":691,"caption":"Noticias"},"image":{"@id":"https:\/\/noticiasya.com\/#\/schema\/logo\/image\/"}}]}},"parsely":{"version":"1.1.0","canonical_url":"https:\/\/noticiasya.com\/midland-odessa\/2024\/09\/12\/coincidencias-alberto-fujimori-abimael-guzman-peru-orix\/","smart_links":{"inbound":0,"outbound":0},"traffic_boost_suggestions_count":0,"meta":{"@context":"https:\/\/schema.org","@type":"NewsArticle","headline":"Las coincidencias de Alberto Fujimori y Abimael Guzm\u00e1n: murieron en la misma fecha y a la misma edad, tres a\u00f1os aparte","url":"http:\/\/noticiasya.com\/midland-odessa\/2024\/09\/12\/coincidencias-alberto-fujimori-abimael-guzman-peru-orix\/","mainEntityOfPage":{"@type":"WebPage","@id":"http:\/\/noticiasya.com\/midland-odessa\/2024\/09\/12\/coincidencias-alberto-fujimori-abimael-guzman-peru-orix\/"},"thumbnailUrl":"","image":{"@type":"ImageObject","url":""},"articleSection":"Noticias Nacionales","author":[],"creator":[],"publisher":{"@type":"Organization","name":"Noticias","logo":""},"keywords":[],"dateCreated":"2024-09-13T01:03:48Z","datePublished":"2024-09-13T01:03:48Z","dateModified":"2024-09-13T01:03:48Z"},"rendered":"<script type=\"application\/ld+json\" class=\"wp-parsely-metadata\">{\"@context\":\"https:\\\/\\\/schema.org\",\"@type\":\"NewsArticle\",\"headline\":\"Las coincidencias de Alberto Fujimori y Abimael Guzm\\u00e1n: murieron en la misma fecha y a la misma edad, tres a\\u00f1os aparte\",\"url\":\"http:\\\/\\\/noticiasya.com\\\/midland-odessa\\\/2024\\\/09\\\/12\\\/coincidencias-alberto-fujimori-abimael-guzman-peru-orix\\\/\",\"mainEntityOfPage\":{\"@type\":\"WebPage\",\"@id\":\"http:\\\/\\\/noticiasya.com\\\/midland-odessa\\\/2024\\\/09\\\/12\\\/coincidencias-alberto-fujimori-abimael-guzman-peru-orix\\\/\"},\"thumbnailUrl\":\"\",\"image\":{\"@type\":\"ImageObject\",\"url\":\"\"},\"articleSection\":\"Noticias Nacionales\",\"author\":[],\"creator\":[],\"publisher\":{\"@type\":\"Organization\",\"name\":\"Noticias\",\"logo\":\"\"},\"keywords\":[],\"dateCreated\":\"2024-09-13T01:03:48Z\",\"datePublished\":\"2024-09-13T01:03:48Z\",\"dateModified\":\"2024-09-13T01:03:48Z\"}<\/script>","tracker_url":"https:\/\/cdn.parsely.com\/keys\/noticiasya.com\/p.js"},"jetpack_featured_media_url":"","jetpack-related-posts":[{"id":1473058,"url":"https:\/\/noticiasya.com\/midland-odessa\/2026\/04\/11\/peru-keiko-fujimori-candidata-perfil-orix\/","url_meta":{"origin":1452627,"position":0},"title":"Keiko Fujimori, la candidata que por cuarta vez compite por la presidencia y promete &#171;orden&#187; en Per\u00fa","author":"","date":"abril 11, 2026","format":false,"excerpt":"Durante los \u00faltimos 15 a\u00f1os, el nombre de Keiko Fujimori ha sido una constante en las elecciones presidenciales en Per\u00fa. En ese per\u00edodo, la hija del fallecido expresidente Alberto Fujimori y dirigente del partido Fuerza Popular compiti\u00f3 tres veces por la presidencia y en las tres ocasiones lleg\u00f3 a segunda\u2026","rel":"","context":"In &quot;Noticias Nacionales&quot;","block_context":{"text":"Noticias Nacionales","link":"https:\/\/noticiasya.com\/midland-odessa\/categoria\/noticias-nacionales"},"img":{"alt_text":"","src":"","width":0,"height":0},"classes":[]},{"id":1451150,"url":"https:\/\/noticiasya.com\/midland-odessa\/2024\/07\/15\/fujimori-posible-candidato-presidencia-peru-orix\/","url_meta":{"origin":1452627,"position":1},"title":"El expresidente Alberto Fujimori \u201cser\u00e1 candidato a la presidencia\u201d, dice su hija Keiko Fujimori","author":"","date":"julio 15, 2024","format":false,"excerpt":"(CNN Espa\u00f1ol) -- El expresidente de Per\u00fa, Alberto Fujimori, aspira a ser nuevamente candidato presidencial, seg\u00fan revel\u00f3 su hija Keiko Fujimori en un post de su cuenta de X.\u201cLo hemos conversado y decidido juntos\u201d, precis\u00f3 la tambi\u00e9n excandidata presidencial.Fujimori, quien gobern\u00f3 el pa\u00eds entre 1990 y 2000, ser\u00eda el aspirante\u2026","rel":"","context":"In &quot;Noticias Nacionales&quot;","block_context":{"text":"Noticias Nacionales","link":"https:\/\/noticiasya.com\/midland-odessa\/categoria\/noticias-nacionales"},"img":{"alt_text":"","src":"","width":0,"height":0},"classes":[]},{"id":1447501,"url":"https:\/\/noticiasya.com\/midland-odessa\/2024\/03\/28\/expresidente-peru-alberto-fujimori-dice-no-asesino-orix\/","url_meta":{"origin":1452627,"position":2},"title":"Expresidente de Per\u00fa Alberto Fujimori asegura en un video que \u201cno es un asesino\u201d","author":"","date":"marzo 28, 2024","format":false,"excerpt":"(CNN) -- El expresidente de Per\u00fa Alberto Fujimori, excarcelado el 6 de diciembre de 2023 por decisi\u00f3n del Tribunal Constitucional, public\u00f3 este mi\u00e9rcoles un video en su Canal F de YouTube en el que asegura que no es un asesino y que de lo \u00fanico que es \"culpable es de\u2026","rel":"","context":"In &quot;Noticias Nacionales&quot;","block_context":{"text":"Noticias Nacionales","link":"https:\/\/noticiasya.com\/midland-odessa\/categoria\/noticias-nacionales"},"img":{"alt_text":"","src":"","width":0,"height":0},"classes":[]},{"id":1450687,"url":"https:\/\/noticiasya.com\/midland-odessa\/2024\/06\/25\/chile-extradicion-alberto-fujimori-esterilizaciones-forzadas-orix\/","url_meta":{"origin":1452627,"position":3},"title":"Chile ordena ampliar la extradici\u00f3n de Alberto Fujimori por casos de esterilizaciones forzadas","author":"","date":"junio 25, 2024","format":false,"excerpt":"(CNN Espa\u00f1ol) --\u00a0 El Poder Judicial de Chile orden\u00f3 este lunes ampliar la extradici\u00f3n del expresidente de Per\u00fa, Alberto Fujimori, por cinco casos ligados a las acusaciones de graves violaciones a los Derechos Humanos cometidos durante su Gobierno (1990-2000), entre ellos esterilizaciones forzadas.La decisi\u00f3n de la Corte Suprema chilena responde\u2026","rel":"","context":"In &quot;Noticias Nacionales&quot;","block_context":{"text":"Noticias Nacionales","link":"https:\/\/noticiasya.com\/midland-odessa\/categoria\/noticias-nacionales"},"img":{"alt_text":"","src":"","width":0,"height":0},"classes":[]},{"id":1467886,"url":"https:\/\/noticiasya.com\/midland-odessa\/2025\/10\/30\/keiko-fujimori-anunciar-que-se-postulara-por-cuarta-vez-como-candidata-a-la-presidencia-de-peru\/","url_meta":{"origin":1452627,"position":4},"title":"Keiko Fujimori anuncia su candidatura por cuarta vez a la presidencia de Per\u00fa","author":"","date":"octubre 30, 2025","format":false,"excerpt":"La fundadora del partido Fuerza Popular, Keiko Fujimori, anunci\u00f3 este jueves ante su seguidores en Trujillo que se postular\u00e1 por cuarta vez a la presidencia de Per\u00fa, el cargo que su padre Alberto Fujimori ocup\u00f3 cuando ella ten\u00eda 15 a\u00f1os.\u201cQuiero anunciar mi decisi\u00f3n de ser candidata a la presidencia de\u2026","rel":"","context":"In &quot;Noticias Nacionales&quot;","block_context":{"text":"Noticias Nacionales","link":"https:\/\/noticiasya.com\/midland-odessa\/categoria\/noticias-nacionales"},"img":{"alt_text":"","src":"","width":0,"height":0},"classes":[]},{"id":1468736,"url":"https:\/\/noticiasya.com\/midland-odessa\/2025\/11\/26\/barbadillo-prision-presidentes-peru-orix\/","url_meta":{"origin":1452627,"position":5},"title":"As\u00ed es Barbadillo, la &#171;prisi\u00f3n de los presidentes&#187; de Per\u00fa a la que podr\u00eda ser enviado Vizcarra","author":"","date":"noviembre 26, 2025","format":false,"excerpt":"Apenas 20 kil\u00f3metros separan al penal de Barbadillo del Palacio de Gobierno en Lima, lo que equivale a unos 40 minutos en auto, o m\u00e1s, dependiendo del tr\u00e1fico en la capital peruana.En Barbadillo pasan sus noches cuatro de los presidentes peruanos que, precisamente, vivieron en el Palacio de Gobierno, el\u2026","rel":"","context":"In &quot;Noticias Nacionales&quot;","block_context":{"text":"Noticias Nacionales","link":"https:\/\/noticiasya.com\/midland-odessa\/categoria\/noticias-nacionales"},"img":{"alt_text":"","src":"","width":0,"height":0},"classes":[]}],"jetpack_sharing_enabled":true,"_links":{"self":[{"href":"https:\/\/noticiasya.com\/midland-odessa\/wp-json\/wp\/v2\/posts\/1452627","targetHints":{"allow":["GET"]}}],"collection":[{"href":"https:\/\/noticiasya.com\/midland-odessa\/wp-json\/wp\/v2\/posts"}],"about":[{"href":"https:\/\/noticiasya.com\/midland-odessa\/wp-json\/wp\/v2\/types\/post"}],"replies":[{"embeddable":true,"href":"https:\/\/noticiasya.com\/midland-odessa\/wp-json\/wp\/v2\/comments?post=1452627"}],"version-history":[{"count":0,"href":"https:\/\/noticiasya.com\/midland-odessa\/wp-json\/wp\/v2\/posts\/1452627\/revisions"}],"wp:attachment":[{"href":"https:\/\/noticiasya.com\/midland-odessa\/wp-json\/wp\/v2\/media?parent=1452627"}],"wp:term":[{"taxonomy":"category","embeddable":true,"href":"https:\/\/noticiasya.com\/midland-odessa\/wp-json\/wp\/v2\/categories?post=1452627"},{"taxonomy":"post_tag","embeddable":true,"href":"https:\/\/noticiasya.com\/midland-odessa\/wp-json\/wp\/v2\/tags?post=1452627"}],"curies":[{"name":"wp","href":"https:\/\/api.w.org\/{rel}","templated":true}]}}