{"id":1452637,"date":"2024-09-12T20:03:42","date_gmt":"2024-09-13T03:03:42","guid":{"rendered":"https:\/\/noticiasya.com\/2024\/09\/12\/venezuela-llama-consultas-embajadora-espana-declaraciones-ministra-orix\/"},"modified":"2024-09-12T20:03:42","modified_gmt":"2024-09-13T03:03:42","slug":"venezuela-llama-consultas-embajadora-espana-declaraciones-ministra-orix","status":"publish","type":"post","link":"https:\/\/noticiasya.com\/midland-odessa\/2024\/09\/12\/venezuela-llama-consultas-embajadora-espana-declaraciones-ministra-orix\/","title":{"rendered":"Venezuela llama a consultas a su embajadora en Espa\u00f1a tras declaraciones de la ministra de Defensa espa\u00f1ola"},"content":{"rendered":"<p>(CNN Espa\u00f1ol) \u2013\u2013 El Gobierno de Venezuela llam\u00f3 a consultas a su embajadora en Espa\u00f1a, Gladys Guti\u00e9rrez, en reclamo a que la ministra de Defensa espa\u00f1ola, Margarita Robles, dijo que el pa\u00eds sudamericano vive una \u201cdictadura\u201d.<\/p>\n<p>La canciller\u00eda de Venezuela dijo en un comunicado que las declaraciones de Robles son \u201cinsolentes, injerencistas y groseras\u201d y que \u201capuntan a un deterioro de las relaciones entre ambos pa\u00edses\u201d.<\/p>\n<p>Adem\u00e1s de llamar a consultas a su embajadora en Espa\u00f1a, la instituci\u00f3n cit\u00f3 al embajador de ese pa\u00eds en Caracas, Ram\u00f3n Santos Mart\u00ednez, a comparecer este viernes.<\/p>\n<p>El presidente de la Asamblea de Venezuela pide al Gobierno romper relaciones con Espa\u00f1a<\/p>\n<p>La medida del Gobierno de Venezuela ocurri\u00f3 horas despu\u00e9s de que Robles hizo las declaraciones durante un acto cultural en Madrid.<\/p>\n<p>\u201cRecuerdo a los hombres y mujeres de Venezuela que han tenido que salir de su pa\u00eds, precisamente por la dictadura que viven\u201d, dijo, de acuerdo con un reporte de la agencia Europa Press.<\/p>\n<p>Este hecho se suma a las tensiones que ha habido entre ambos gobiernos en la semana.<\/p>\n<p>La tarde del mi\u00e9rcoles, el presidente de la Asamblea Nacional de Venezuela, Jorge Rodr\u00edguez, plante\u00f3 que el \u00f3rgano legislativo llame al Ejecutivo de Nicol\u00e1s Maduro a romper relaciones diplom\u00e1ticas con Espa\u00f1a, luego de que el Congreso de los Diputados del pa\u00eds europeo se pronunci\u00f3 por reconocer al opositor Edmundo Gonz\u00e1lez Urrutia como presidente electo de Venezuela.<\/p>\n<p>El Congreso tambi\u00e9n pidi\u00f3 al presidente del Gobierno de Espa\u00f1a, Pedro S\u00e1nchez, que reconozca a Gonz\u00e1lez Urrutia. S\u00e1nchez ha dicho que la posici\u00f3n de Espa\u00f1a no cambiar\u00e1 y su gobierno seguir\u00e1 buscando mediar en el conflicto poselectoral en Venezuela. En tanto, Maduro no se ha pronunciado sobre el planteamiento de Rodr\u00edguez.<\/p>\n<p>The-CNN-Wire<br \/>&trade; &amp; &copy; 2024 Cable News Network, Inc., a Warner Bros. Discovery Company. All rights reserved.<\/p>\n","protected":false},"excerpt":{"rendered":"<p>(CNN Espa\u00f1ol) \u2013\u2013 El Gobierno de Venezuela llam\u00f3 a consultas a su embajadora en Espa\u00f1a, Gladys Guti\u00e9rrez, en reclamo a que la ministra de Defensa espa\u00f1ola, Margarita Robles, dijo que el pa\u00eds sudamericano vive una \u201cdictadura\u201d. La canciller\u00eda de Venezuela dijo en un comunicado que las declaraciones de Robles son \u201cinsolentes, injerencistas y groseras\u201d y [&hellip;]<\/p>\n","protected":false},"author":0,"featured_media":0,"comment_status":"open","ping_status":"open","sticky":false,"template":"","format":"standard","meta":{"_jetpack_memberships_contains_paid_content":false,"footnotes":""},"categories":[10],"tags":[],"class_list":["post-1452637","post","type-post","status-publish","format-standard","hentry","category-noticias-nacionales","market-global"],"yoast_head":"<!-- This site is optimized with the Yoast SEO plugin v24.4 - https:\/\/yoast.com\/wordpress\/plugins\/seo\/ -->\n<title>Venezuela llama a consultas a su embajadora en Espa\u00f1a tras declaraciones de la ministra de Defensa espa\u00f1ola - Noticias<\/title>\n<meta name=\"robots\" content=\"index, follow, max-snippet:-1, max-image-preview:large, max-video-preview:-1\" \/>\n<link rel=\"canonical\" href=\"https:\/\/noticiasya.com\/2024\/09\/12\/venezuela-llama-consultas-embajadora-espana-declaraciones-ministra-orix\/\" \/>\n<meta property=\"og:locale\" content=\"es_ES\" \/>\n<meta property=\"og:type\" content=\"article\" \/>\n<meta property=\"og:title\" content=\"Venezuela llama a consultas a su embajadora en Espa\u00f1a tras declaraciones de la ministra de Defensa espa\u00f1ola - Noticias\" \/>\n<meta property=\"og:description\" content=\"(CNN Espa\u00f1ol) \u2013\u2013 El Gobierno de Venezuela llam\u00f3 a consultas a su embajadora en Espa\u00f1a, Gladys Guti\u00e9rrez, en reclamo a que la ministra de Defensa espa\u00f1ola, Margarita Robles, dijo que el pa\u00eds sudamericano vive una \u201cdictadura\u201d. La canciller\u00eda de Venezuela dijo en un comunicado que las declaraciones de Robles son \u201cinsolentes, injerencistas y groseras\u201d y [&hellip;]\" \/>\n<meta property=\"og:url\" content=\"https:\/\/noticiasya.com\/2024\/09\/12\/venezuela-llama-consultas-embajadora-espana-declaraciones-ministra-orix\/\" \/>\n<meta property=\"og:site_name\" content=\"Noticias\" \/>\n<meta property=\"article:published_time\" content=\"2024-09-13T03:03:42+00:00\" \/>\n<meta name=\"twitter:card\" content=\"summary_large_image\" \/>\n<meta name=\"twitter:label1\" content=\"Est. reading time\" \/>\n\t<meta name=\"twitter:data1\" content=\"2 minutos\" \/>\n<script type=\"application\/ld+json\" class=\"yoast-schema-graph\">{\"@context\":\"https:\/\/schema.org\",\"@graph\":[{\"@type\":\"Article\",\"@id\":\"https:\/\/noticiasya.com\/2024\/09\/12\/venezuela-llama-consultas-embajadora-espana-declaraciones-ministra-orix\/#article\",\"isPartOf\":{\"@id\":\"https:\/\/noticiasya.com\/2024\/09\/12\/venezuela-llama-consultas-embajadora-espana-declaraciones-ministra-orix\/\"},\"author\":{\"name\":\"\",\"@id\":\"\"},\"headline\":\"Venezuela llama a consultas a su embajadora en Espa\u00f1a tras declaraciones de la ministra de Defensa espa\u00f1ola\",\"datePublished\":\"2024-09-13T03:03:42+00:00\",\"mainEntityOfPage\":{\"@id\":\"https:\/\/noticiasya.com\/2024\/09\/12\/venezuela-llama-consultas-embajadora-espana-declaraciones-ministra-orix\/\"},\"wordCount\":349,\"commentCount\":0,\"publisher\":{\"@id\":\"https:\/\/noticiasya.com\/#organization\"},\"articleSection\":[\"Noticias Nacionales\"],\"inLanguage\":\"es\",\"potentialAction\":[{\"@type\":\"CommentAction\",\"name\":\"Comment\",\"target\":[\"https:\/\/noticiasya.com\/2024\/09\/12\/venezuela-llama-consultas-embajadora-espana-declaraciones-ministra-orix\/#respond\"]}]},{\"@type\":\"WebPage\",\"@id\":\"https:\/\/noticiasya.com\/2024\/09\/12\/venezuela-llama-consultas-embajadora-espana-declaraciones-ministra-orix\/\",\"url\":\"https:\/\/noticiasya.com\/2024\/09\/12\/venezuela-llama-consultas-embajadora-espana-declaraciones-ministra-orix\/\",\"name\":\"Venezuela llama a consultas a su embajadora en Espa\u00f1a tras declaraciones de la ministra de Defensa espa\u00f1ola - Noticias\",\"isPartOf\":{\"@id\":\"https:\/\/noticiasya.com\/#website\"},\"datePublished\":\"2024-09-13T03:03:42+00:00\",\"breadcrumb\":{\"@id\":\"https:\/\/noticiasya.com\/2024\/09\/12\/venezuela-llama-consultas-embajadora-espana-declaraciones-ministra-orix\/#breadcrumb\"},\"inLanguage\":\"es\",\"potentialAction\":[{\"@type\":\"ReadAction\",\"target\":[\"https:\/\/noticiasya.com\/2024\/09\/12\/venezuela-llama-consultas-embajadora-espana-declaraciones-ministra-orix\/\"]}]},{\"@type\":\"BreadcrumbList\",\"@id\":\"https:\/\/noticiasya.com\/2024\/09\/12\/venezuela-llama-consultas-embajadora-espana-declaraciones-ministra-orix\/#breadcrumb\",\"itemListElement\":[{\"@type\":\"ListItem\",\"position\":1,\"name\":\"Home\",\"item\":\"https:\/\/noticiasya.com\/\"},{\"@type\":\"ListItem\",\"position\":2,\"name\":\"Venezuela llama a consultas a su embajadora en Espa\u00f1a tras declaraciones de la ministra de Defensa espa\u00f1ola\"}]},{\"@type\":\"WebSite\",\"@id\":\"https:\/\/noticiasya.com\/#website\",\"url\":\"https:\/\/noticiasya.com\/\",\"name\":\"Noticias\",\"description\":\"Lo que importa\",\"publisher\":{\"@id\":\"https:\/\/noticiasya.com\/#organization\"},\"potentialAction\":[{\"@type\":\"SearchAction\",\"target\":{\"@type\":\"EntryPoint\",\"urlTemplate\":\"https:\/\/noticiasya.com\/?s={search_term_string}\"},\"query-input\":{\"@type\":\"PropertyValueSpecification\",\"valueRequired\":true,\"valueName\":\"search_term_string\"}}],\"inLanguage\":\"es\"},{\"@type\":\"Organization\",\"@id\":\"https:\/\/noticiasya.com\/#organization\",\"name\":\"Noticias\",\"url\":\"https:\/\/noticiasya.com\/\",\"logo\":{\"@type\":\"ImageObject\",\"inLanguage\":\"es\",\"@id\":\"https:\/\/noticiasya.com\/#\/schema\/logo\/image\/\",\"url\":\"https:\/\/noticiasya.com\/wp-content\/uploads\/sites\/22\/2023\/12\/logo-nacional.png\",\"contentUrl\":\"https:\/\/noticiasya.com\/wp-content\/uploads\/sites\/22\/2023\/12\/logo-nacional.png\",\"width\":1801,\"height\":691,\"caption\":\"Noticias\"},\"image\":{\"@id\":\"https:\/\/noticiasya.com\/#\/schema\/logo\/image\/\"}}]}<\/script>\n<!-- \/ Yoast SEO plugin. -->","yoast_head_json":{"title":"Venezuela llama a consultas a su embajadora en Espa\u00f1a tras declaraciones de la ministra de Defensa espa\u00f1ola - Noticias","robots":{"index":"index","follow":"follow","max-snippet":"max-snippet:-1","max-image-preview":"max-image-preview:large","max-video-preview":"max-video-preview:-1"},"canonical":"https:\/\/noticiasya.com\/2024\/09\/12\/venezuela-llama-consultas-embajadora-espana-declaraciones-ministra-orix\/","og_locale":"es_ES","og_type":"article","og_title":"Venezuela llama a consultas a su embajadora en Espa\u00f1a tras declaraciones de la ministra de Defensa espa\u00f1ola - Noticias","og_description":"(CNN Espa\u00f1ol) \u2013\u2013 El Gobierno de Venezuela llam\u00f3 a consultas a su embajadora en Espa\u00f1a, Gladys Guti\u00e9rrez, en reclamo a que la ministra de Defensa espa\u00f1ola, Margarita Robles, dijo que el pa\u00eds sudamericano vive una \u201cdictadura\u201d. La canciller\u00eda de Venezuela dijo en un comunicado que las declaraciones de Robles son \u201cinsolentes, injerencistas y groseras\u201d y [&hellip;]","og_url":"https:\/\/noticiasya.com\/2024\/09\/12\/venezuela-llama-consultas-embajadora-espana-declaraciones-ministra-orix\/","og_site_name":"Noticias","article_published_time":"2024-09-13T03:03:42+00:00","twitter_card":"summary_large_image","twitter_misc":{"Est. reading time":"2 minutos"},"schema":{"@context":"https:\/\/schema.org","@graph":[{"@type":"Article","@id":"https:\/\/noticiasya.com\/2024\/09\/12\/venezuela-llama-consultas-embajadora-espana-declaraciones-ministra-orix\/#article","isPartOf":{"@id":"https:\/\/noticiasya.com\/2024\/09\/12\/venezuela-llama-consultas-embajadora-espana-declaraciones-ministra-orix\/"},"author":{"name":"","@id":""},"headline":"Venezuela llama a consultas a su embajadora en Espa\u00f1a tras declaraciones de la ministra de Defensa espa\u00f1ola","datePublished":"2024-09-13T03:03:42+00:00","mainEntityOfPage":{"@id":"https:\/\/noticiasya.com\/2024\/09\/12\/venezuela-llama-consultas-embajadora-espana-declaraciones-ministra-orix\/"},"wordCount":349,"commentCount":0,"publisher":{"@id":"https:\/\/noticiasya.com\/#organization"},"articleSection":["Noticias Nacionales"],"inLanguage":"es","potentialAction":[{"@type":"CommentAction","name":"Comment","target":["https:\/\/noticiasya.com\/2024\/09\/12\/venezuela-llama-consultas-embajadora-espana-declaraciones-ministra-orix\/#respond"]}]},{"@type":"WebPage","@id":"https:\/\/noticiasya.com\/2024\/09\/12\/venezuela-llama-consultas-embajadora-espana-declaraciones-ministra-orix\/","url":"https:\/\/noticiasya.com\/2024\/09\/12\/venezuela-llama-consultas-embajadora-espana-declaraciones-ministra-orix\/","name":"Venezuela llama a consultas a su embajadora en Espa\u00f1a tras declaraciones de la ministra de Defensa espa\u00f1ola - Noticias","isPartOf":{"@id":"https:\/\/noticiasya.com\/#website"},"datePublished":"2024-09-13T03:03:42+00:00","breadcrumb":{"@id":"https:\/\/noticiasya.com\/2024\/09\/12\/venezuela-llama-consultas-embajadora-espana-declaraciones-ministra-orix\/#breadcrumb"},"inLanguage":"es","potentialAction":[{"@type":"ReadAction","target":["https:\/\/noticiasya.com\/2024\/09\/12\/venezuela-llama-consultas-embajadora-espana-declaraciones-ministra-orix\/"]}]},{"@type":"BreadcrumbList","@id":"https:\/\/noticiasya.com\/2024\/09\/12\/venezuela-llama-consultas-embajadora-espana-declaraciones-ministra-orix\/#breadcrumb","itemListElement":[{"@type":"ListItem","position":1,"name":"Home","item":"https:\/\/noticiasya.com\/"},{"@type":"ListItem","position":2,"name":"Venezuela llama a consultas a su embajadora en Espa\u00f1a tras declaraciones de la ministra de Defensa espa\u00f1ola"}]},{"@type":"WebSite","@id":"https:\/\/noticiasya.com\/#website","url":"https:\/\/noticiasya.com\/","name":"Noticias","description":"Lo que importa","publisher":{"@id":"https:\/\/noticiasya.com\/#organization"},"potentialAction":[{"@type":"SearchAction","target":{"@type":"EntryPoint","urlTemplate":"https:\/\/noticiasya.com\/?s={search_term_string}"},"query-input":{"@type":"PropertyValueSpecification","valueRequired":true,"valueName":"search_term_string"}}],"inLanguage":"es"},{"@type":"Organization","@id":"https:\/\/noticiasya.com\/#organization","name":"Noticias","url":"https:\/\/noticiasya.com\/","logo":{"@type":"ImageObject","inLanguage":"es","@id":"https:\/\/noticiasya.com\/#\/schema\/logo\/image\/","url":"https:\/\/noticiasya.com\/wp-content\/uploads\/sites\/22\/2023\/12\/logo-nacional.png","contentUrl":"https:\/\/noticiasya.com\/wp-content\/uploads\/sites\/22\/2023\/12\/logo-nacional.png","width":1801,"height":691,"caption":"Noticias"},"image":{"@id":"https:\/\/noticiasya.com\/#\/schema\/logo\/image\/"}}]}},"parsely":{"version":"1.1.0","canonical_url":"https:\/\/noticiasya.com\/midland-odessa\/2024\/09\/12\/venezuela-llama-consultas-embajadora-espana-declaraciones-ministra-orix\/","smart_links":{"inbound":0,"outbound":0},"traffic_boost_suggestions_count":0,"meta":{"@context":"https:\/\/schema.org","@type":"NewsArticle","headline":"Venezuela llama a consultas a su embajadora en Espa\u00f1a tras declaraciones de la ministra de Defensa espa\u00f1ola","url":"http:\/\/noticiasya.com\/midland-odessa\/2024\/09\/12\/venezuela-llama-consultas-embajadora-espana-declaraciones-ministra-orix\/","mainEntityOfPage":{"@type":"WebPage","@id":"http:\/\/noticiasya.com\/midland-odessa\/2024\/09\/12\/venezuela-llama-consultas-embajadora-espana-declaraciones-ministra-orix\/"},"thumbnailUrl":"","image":{"@type":"ImageObject","url":""},"articleSection":"Noticias Nacionales","author":[],"creator":[],"publisher":{"@type":"Organization","name":"Noticias","logo":""},"keywords":[],"dateCreated":"2024-09-13T03:03:42Z","datePublished":"2024-09-13T03:03:42Z","dateModified":"2024-09-13T03:03:42Z"},"rendered":"<script type=\"application\/ld+json\" class=\"wp-parsely-metadata\">{\"@context\":\"https:\\\/\\\/schema.org\",\"@type\":\"NewsArticle\",\"headline\":\"Venezuela llama a consultas a su embajadora en Espa\\u00f1a tras declaraciones de la ministra de Defensa espa\\u00f1ola\",\"url\":\"http:\\\/\\\/noticiasya.com\\\/midland-odessa\\\/2024\\\/09\\\/12\\\/venezuela-llama-consultas-embajadora-espana-declaraciones-ministra-orix\\\/\",\"mainEntityOfPage\":{\"@type\":\"WebPage\",\"@id\":\"http:\\\/\\\/noticiasya.com\\\/midland-odessa\\\/2024\\\/09\\\/12\\\/venezuela-llama-consultas-embajadora-espana-declaraciones-ministra-orix\\\/\"},\"thumbnailUrl\":\"\",\"image\":{\"@type\":\"ImageObject\",\"url\":\"\"},\"articleSection\":\"Noticias Nacionales\",\"author\":[],\"creator\":[],\"publisher\":{\"@type\":\"Organization\",\"name\":\"Noticias\",\"logo\":\"\"},\"keywords\":[],\"dateCreated\":\"2024-09-13T03:03:42Z\",\"datePublished\":\"2024-09-13T03:03:42Z\",\"dateModified\":\"2024-09-13T03:03:42Z\"}<\/script>","tracker_url":"https:\/\/cdn.parsely.com\/keys\/noticiasya.com\/p.js"},"jetpack_featured_media_url":"","jetpack-related-posts":[{"id":1449586,"url":"https:\/\/noticiasya.com\/midland-odessa\/2024\/05\/19\/espana-consultas-embajadora-gravisimas-declaraciones-milei-orix\/","url_meta":{"origin":1452637,"position":0},"title":"Espa\u00f1a llama a consultas a su embajadora en Buenos Aires por las &#171;grav\u00edsimas&#187; declaraciones de Milei en Madrid","author":"","date":"mayo 19, 2024","format":false,"excerpt":"(CNN Espa\u00f1ol) -- El ministro de Asuntos Exteriores, Uni\u00f3n Europea y Cooperaci\u00f3n de Espa\u00f1a, Jos\u00e9 Manuel Albares, ha llamado este domingo a consultas a la embajadora del pa\u00eds en Buenos Aires tras las pol\u00e9micas declaraciones dadas por el presidente de Argentina, Javier Milei, durante su participaci\u00f3n en el evento Viva24,\u2026","rel":"","context":"In &quot;Noticias Nacionales&quot;","block_context":{"text":"Noticias Nacionales","link":"https:\/\/noticiasya.com\/midland-odessa\/categoria\/noticias-nacionales"},"img":{"alt_text":"","src":"","width":0,"height":0},"classes":[]},{"id":1449812,"url":"https:\/\/noticiasya.com\/midland-odessa\/2024\/05\/28\/reconocimiento-palestina-tension-israel-espana-orix\/","url_meta":{"origin":1452637,"position":1},"title":"El reconocimiento del Estado de Palestina eleva la tensi\u00f3n entre Israel y Espa\u00f1a","author":"","date":"mayo 28, 2024","format":false,"excerpt":"(CNN Espa\u00f1ol) -- El reconocimiento del Gobierno espa\u00f1ol al Estado de Palestina anunciado este martes no ha sido bien recibido por las autoridades israel\u00edes.Desde hace una semana, cuando el presidente del Gobierno espa\u00f1ol, Pedro S\u00e1nchez, anunci\u00f3 en el Parlamento la intenci\u00f3n de llevar adelante este reconocimiento, diferentes altos cargos israel\u00edes\u2026","rel":"","context":"In &quot;Noticias Nacionales&quot;","block_context":{"text":"Noticias Nacionales","link":"https:\/\/noticiasya.com\/midland-odessa\/categoria\/noticias-nacionales"},"img":{"alt_text":"","src":"","width":0,"height":0},"classes":[]},{"id":1453048,"url":"https:\/\/noticiasya.com\/midland-odessa\/2024\/09\/25\/sheinbaum-confirma-que-no-invito-al-rey-felipe-vi-a-su-juramentacion-trax\/","url_meta":{"origin":1452637,"position":2},"title":"Sheinbaum confirma que no invit\u00f3 al rey Felipe VI a su juramentaci\u00f3n, el Gobierno de Espa\u00f1a no enviar\u00e1 a ning\u00fan representante","author":"","date":"septiembre 25, 2024","format":false,"excerpt":"(CNN Espa\u00f1ol) -- La presidenta electa de M\u00e9xico, Claudia Sheinbaum, confirm\u00f3 a trav\u00e9s de un comunicado publicado en sus redes sociales que envi\u00f3 una nota diplom\u00e1tica invitando a la ceremonia de posesi\u00f3n al presidente del gobierno espa\u00f1ol, Pedro S\u00e1nchez, y no al rey Felipe VI.Sheinbaum indic\u00f3 que la raz\u00f3n de\u2026","rel":"","context":"In &quot;Noticias Nacionales&quot;","block_context":{"text":"Noticias Nacionales","link":"https:\/\/noticiasya.com\/midland-odessa\/categoria\/noticias-nacionales"},"img":{"alt_text":"","src":"","width":0,"height":0},"classes":[]},{"id":1449709,"url":"https:\/\/noticiasya.com\/midland-odessa\/2024\/05\/23\/espana-embajadora-argentina-claves-escalada-sanchez-milei-analisis-orix\/","url_meta":{"origin":1452637,"position":3},"title":"AN\u00c1LISIS | \u00bfQu\u00e9 significa realmente que Espa\u00f1a retire a su embajadora de Argentina? Las claves de la escalada S\u00e1nchez-Milei","author":"","date":"mayo 23, 2024","format":false,"excerpt":"(CNN) -- Las tensiones diplom\u00e1ticas entre los gobiernos de Argentina y Espa\u00f1a, aunque no son nuevas, llegaron este martes a un nuevo nivel, con el anuncio del ministro de Asuntos Exteriores del pa\u00eds europeo, Jos\u00e9 Manuel Albares, de que retirar\u00e1n de forma definitiva a su embajadora en Buenos Aires, Mar\u00eda\u2026","rel":"","context":"In &quot;Noticias Nacionales&quot;","block_context":{"text":"Noticias Nacionales","link":"https:\/\/noticiasya.com\/midland-odessa\/categoria\/noticias-nacionales"},"img":{"alt_text":"","src":"","width":0,"height":0},"classes":[]},{"id":1449621,"url":"https:\/\/noticiasya.com\/midland-odessa\/2024\/05\/21\/no-pedir-disculpas-milei-pdro-sanchez-orix\/","url_meta":{"origin":1452637,"position":4},"title":"\u201cNo le voy a pedir disculpas\u201d, dice Javier Milei sobre su confrontaci\u00f3n con Pedro S\u00e1nchez","author":"","date":"mayo 21, 2024","format":false,"excerpt":"(CNN Espa\u00f1ol) -- El presidente de Argentina, Javier Milei, dijo que no se disculpar\u00e1 con el presidente del Gobierno espa\u00f1ol, Pedro S\u00e1nchez, quien le pidi\u00f3 rectificar las declaraciones que dio en Espa\u00f1a durante un encuentro del partido de ultraderecha Vox y por las cuales el Ejecutivo de S\u00e1nchez llam\u00f3 a\u2026","rel":"","context":"In &quot;Noticias Nacionales&quot;","block_context":{"text":"Noticias Nacionales","link":"https:\/\/noticiasya.com\/midland-odessa\/categoria\/noticias-nacionales"},"img":{"alt_text":"","src":"","width":0,"height":0},"classes":[]},{"id":1473345,"url":"https:\/\/noticiasya.com\/midland-odessa\/2026\/04\/20\/gobierno-rechaza-consignas-delcy-rodriguez-mitin-madrid-orix\/","url_meta":{"origin":1452637,"position":5},"title":"El Gobierno de Venezuela rechaza las consignas contra Delcy Rodr\u00edguez durante un mitin en Madrid","author":"","date":"abril 20, 2026","format":false,"excerpt":"El Gobierno de Venezuela cuestion\u00f3 con fuerza las consignas emitidas contra la presidenta encargada, Delcy Rodr\u00edguez, durante la actuaci\u00f3n del cantante Carlos Baute en Madrid este s\u00e1bado, en un acto de la l\u00edder opositora Mar\u00eda Corina Machado.En el acto, celebrado en la Puerta del Sol de la capital espa\u00f1ola, uno\u2026","rel":"","context":"In &quot;Noticias Nacionales&quot;","block_context":{"text":"Noticias Nacionales","link":"https:\/\/noticiasya.com\/midland-odessa\/categoria\/noticias-nacionales"},"img":{"alt_text":"","src":"","width":0,"height":0},"classes":[]}],"jetpack_sharing_enabled":true,"_links":{"self":[{"href":"https:\/\/noticiasya.com\/midland-odessa\/wp-json\/wp\/v2\/posts\/1452637","targetHints":{"allow":["GET"]}}],"collection":[{"href":"https:\/\/noticiasya.com\/midland-odessa\/wp-json\/wp\/v2\/posts"}],"about":[{"href":"https:\/\/noticiasya.com\/midland-odessa\/wp-json\/wp\/v2\/types\/post"}],"replies":[{"embeddable":true,"href":"https:\/\/noticiasya.com\/midland-odessa\/wp-json\/wp\/v2\/comments?post=1452637"}],"version-history":[{"count":0,"href":"https:\/\/noticiasya.com\/midland-odessa\/wp-json\/wp\/v2\/posts\/1452637\/revisions"}],"wp:attachment":[{"href":"https:\/\/noticiasya.com\/midland-odessa\/wp-json\/wp\/v2\/media?parent=1452637"}],"wp:term":[{"taxonomy":"category","embeddable":true,"href":"https:\/\/noticiasya.com\/midland-odessa\/wp-json\/wp\/v2\/categories?post=1452637"},{"taxonomy":"post_tag","embeddable":true,"href":"https:\/\/noticiasya.com\/midland-odessa\/wp-json\/wp\/v2\/tags?post=1452637"}],"curies":[{"name":"wp","href":"https:\/\/api.w.org\/{rel}","templated":true}]}}