{"id":1452641,"date":"2024-09-13T04:03:53","date_gmt":"2024-09-13T11:03:53","guid":{"rendered":"https:\/\/noticiasya.com\/2024\/09\/13\/chad-mcqueen-karate-muere-trax\/"},"modified":"2024-09-13T04:03:53","modified_gmt":"2024-09-13T11:03:53","slug":"chad-mcqueen-karate-muere-trax","status":"publish","type":"post","link":"https:\/\/noticiasya.com\/midland-odessa\/2024\/09\/13\/chad-mcqueen-karate-muere-trax\/","title":{"rendered":"Chad McQueen, protagonista de &#171;Karate Kid&#187; e hijo de Steve McQueen, muere a los 63 a\u00f1os"},"content":{"rendered":"<p>(CNN) &#8212; El actor Chad McQueen, hijo de la leyenda de Hollywood Steve McQueen, muri\u00f3 a los 63 a\u00f1os.<\/p>\n<p>McQueen tuvo su gran oportunidad en 1984, cuando fue elegido para el reparto de la exitosa pel\u00edcula &#171;Karate Kid&#187;, en la que interpretaba a Dutch, el adversario del protagonista Ralph Macchio.<\/p>\n<p>Su abogado, Arthur H. Barens, dijo a The Associated Press que falleci\u00f3 este mi\u00e9rcoles.<\/p>\n<p>McQueen sigui\u00f3 los pasos de su padre, tanto en la pantalla como en el circuito de automovilismo.<\/p>\n<p>Su esposa, Jeanie Galbraith, public\u00f3 un homenaje en Instagram, junto a su hijo Chase, y su hija, Madison.<\/p>\n<p>La familia anunci\u00f3 su muerte &#171;con el coraz\u00f3n encogido&#187;, y a\u00f1adi\u00f3: &#171;Su notable trayectoria como padre amoroso para nosotros, junto con su compromiso inquebrantable con nuestra madre, realmente ejemplificaron una vida llena de amor y dedicaci\u00f3n. Su pasi\u00f3n por las carreras no solo puso de relieve su excepcional talento, sino que tambi\u00e9n sirvi\u00f3 para honrar el legado de su padre, testimonio de los valores que le inculc\u00f3. Nos transmiti\u00f3 su pasi\u00f3n, sus conocimientos y su dedicaci\u00f3n, y nosotros continuaremos no s\u00f3lo su legado, sino tambi\u00e9n el de nuestros abuelos.&#187;<\/p>\n<p>McQueen interpret\u00f3 a Dutch junto al actor Ralph Macchio en las pel\u00edculas de &#171;Karate Kid&#187;. (Cr\u00e9dito: Columbia Pictures\/YouTu)<\/p>\n<p>A McQueen tambi\u00e9n le sobrevive su hijo de una relaci\u00f3n anterior, Steven R. McQueen &#8211; actor, que apareci\u00f3 en &#171;The Vampire Diaries&#187;.<br \/>\nChad McQueen volvi\u00f3 a interpretar su papel en la secuela de &#171;Karate Kid&#187; en 1986, as\u00ed como en otras pel\u00edculas, y tambi\u00e9n produjo dos documentales sobre su padre: &#171;I Am Steve McQueen&#187; en 2014 y \u201cSteve McQueen: The Man &#038; Le Mans\u201d al a\u00f1o siguiente.<\/p>\n<p>Su padre, que salt\u00f3 a la fama en la d\u00e9cada de 1960 con las pel\u00edculas de acci\u00f3n &#171;Los siete magn\u00edficos&#187; y &#171;La gran evasi\u00f3n&#187;, muri\u00f3 en M\u00e9xico en 1980 con solo 50 a\u00f1os, tras una operaci\u00f3n para extirparle un tumor.<\/p>\n<p>Adem\u00e1s de su carrera como actor, McQueen hered\u00f3 de su padre la pasi\u00f3n por los coches. Seg\u00fan AP, pas\u00f3 a\u00f1os compitiendo profesionalmente -incluidas las 24 Horas de Le Mans y las 24 Horas de Daytona-, pero sufri\u00f3 una serie de lesiones como consecuencia de ello.<\/p>\n<p>El actor Steve McQueen se relaja con su hija Terry y su hijo Chad mientras protagoniza la pel\u00edcula \u00abLe Mans\u00bb en Le Mans, Francia, el 24 de junio de 1971 . (Cr\u00e9dito: Henri Bureau\/Sygma\/Corbis\/Getty Images)<\/p>\n<p>En 2010, fund\u00f3 McQueen Racing, que dirig\u00eda con sus hijos Chase y Madison, y cre\u00f3 coches y motos personalizados y la empresa trabaj\u00f3 con la industria del cine.<\/p>\n<p>&#171;Ya no me parec\u00eda divertido actuar&#187;, dijo McQueen en una entrevista con AP en 2005. &#171;As\u00ed que decid\u00ed dedicarme por completo a las carreras&#187;.<br \/>\nEn otro post de Instagram, el hijo de McQueen, Chase, escribi\u00f3: &#171;Saber que ahora est\u00e1s reunido con tu padre y tu hermana me reconforta. Hasta que volvamos a correr, te quiero&#187;.<\/p>\n<p>Tambi\u00e9n le rindi\u00f3 homenaje en Internet Jon Hurwitz, uno de los creadores de &#171;Cobra Kai&#187;, el revival de &#171;Karate Kid&#187; que ha resultado un \u00e9xito para Netflix.<\/p>\n<p>Dijo que \u00e9l y sus colegas se hab\u00edan reunido con McQueen para discutir un regreso a la serie. En una publicaci\u00f3n en X, Hurwitz describi\u00f3 a McQueen como una \u201cleyenda de Karate Kid\u201d y a\u00f1adi\u00f3: \u201cLamentablemente, Chad no pudo unirse a nosotros cuando lleg\u00f3 el momento de filmar. Al final del d\u00eda, no estaba destinado a ser. Pero Dutch siempre ser\u00e1 recordado como el m\u00e1s rudo de los rudos en el Miyagiverse. Pate\u00f3 traseros&#187;.<\/p>\n<p>Y a\u00f1adi\u00f3: &#171;El fandom llora hoy a una leyenda de Karate Kid. Estoy muy agradecido por haber tenido el honor de pasar una tarde con \u00e9l. Env\u00edo mucho amor y fuerza a su maravillosa familia. Que Chad descanse en paz&#187;.<\/p>\n<p>The-CNN-Wire<br \/>&trade; &amp; &copy; 2024 Cable News Network, Inc., a Warner Bros. Discovery Company. All rights reserved.<\/p>\n","protected":false},"excerpt":{"rendered":"<p>(CNN) &#8212; El actor Chad McQueen, hijo de la leyenda de Hollywood Steve McQueen, muri\u00f3 a los 63 a\u00f1os. McQueen tuvo su gran oportunidad en 1984, cuando fue elegido para el reparto de la exitosa pel\u00edcula &#171;Karate Kid&#187;, en la que interpretaba a Dutch, el adversario del protagonista Ralph Macchio. Su abogado, Arthur H. Barens, [&hellip;]<\/p>\n","protected":false},"author":0,"featured_media":0,"comment_status":"open","ping_status":"open","sticky":false,"template":"","format":"standard","meta":{"_jetpack_memberships_contains_paid_content":false,"footnotes":""},"categories":[10],"tags":[],"class_list":["post-1452641","post","type-post","status-publish","format-standard","hentry","category-noticias-nacionales","market-global"],"yoast_head":"<!-- This site is optimized with the Yoast SEO plugin v24.4 - https:\/\/yoast.com\/wordpress\/plugins\/seo\/ -->\n<title>Chad McQueen, protagonista de &quot;Karate Kid&quot; e hijo de Steve McQueen, muere a los 63 a\u00f1os - Noticias<\/title>\n<meta name=\"robots\" content=\"index, follow, max-snippet:-1, max-image-preview:large, max-video-preview:-1\" \/>\n<link rel=\"canonical\" href=\"https:\/\/noticiasya.com\/2024\/09\/13\/chad-mcqueen-karate-muere-trax\/\" \/>\n<meta property=\"og:locale\" content=\"es_ES\" \/>\n<meta property=\"og:type\" content=\"article\" \/>\n<meta property=\"og:title\" content=\"Chad McQueen, protagonista de &quot;Karate Kid&quot; e hijo de Steve McQueen, muere a los 63 a\u00f1os - Noticias\" \/>\n<meta property=\"og:description\" content=\"(CNN) &#8212; El actor Chad McQueen, hijo de la leyenda de Hollywood Steve McQueen, muri\u00f3 a los 63 a\u00f1os. McQueen tuvo su gran oportunidad en 1984, cuando fue elegido para el reparto de la exitosa pel\u00edcula &#171;Karate Kid&#187;, en la que interpretaba a Dutch, el adversario del protagonista Ralph Macchio. Su abogado, Arthur H. Barens, [&hellip;]\" \/>\n<meta property=\"og:url\" content=\"https:\/\/noticiasya.com\/2024\/09\/13\/chad-mcqueen-karate-muere-trax\/\" \/>\n<meta property=\"og:site_name\" content=\"Noticias\" \/>\n<meta property=\"article:published_time\" content=\"2024-09-13T11:03:53+00:00\" \/>\n<meta name=\"twitter:card\" content=\"summary_large_image\" \/>\n<meta name=\"twitter:label1\" content=\"Est. reading time\" \/>\n\t<meta name=\"twitter:data1\" content=\"3 minutos\" \/>\n<script type=\"application\/ld+json\" class=\"yoast-schema-graph\">{\"@context\":\"https:\/\/schema.org\",\"@graph\":[{\"@type\":\"Article\",\"@id\":\"https:\/\/noticiasya.com\/2024\/09\/13\/chad-mcqueen-karate-muere-trax\/#article\",\"isPartOf\":{\"@id\":\"https:\/\/noticiasya.com\/2024\/09\/13\/chad-mcqueen-karate-muere-trax\/\"},\"author\":{\"name\":\"\",\"@id\":\"\"},\"headline\":\"Chad McQueen, protagonista de &#171;Karate Kid&#187; e hijo de Steve McQueen, muere a los 63 a\u00f1os\",\"datePublished\":\"2024-09-13T11:03:53+00:00\",\"mainEntityOfPage\":{\"@id\":\"https:\/\/noticiasya.com\/2024\/09\/13\/chad-mcqueen-karate-muere-trax\/\"},\"wordCount\":682,\"commentCount\":0,\"publisher\":{\"@id\":\"https:\/\/noticiasya.com\/#organization\"},\"articleSection\":[\"Noticias Nacionales\"],\"inLanguage\":\"es\",\"potentialAction\":[{\"@type\":\"CommentAction\",\"name\":\"Comment\",\"target\":[\"https:\/\/noticiasya.com\/2024\/09\/13\/chad-mcqueen-karate-muere-trax\/#respond\"]}]},{\"@type\":\"WebPage\",\"@id\":\"https:\/\/noticiasya.com\/2024\/09\/13\/chad-mcqueen-karate-muere-trax\/\",\"url\":\"https:\/\/noticiasya.com\/2024\/09\/13\/chad-mcqueen-karate-muere-trax\/\",\"name\":\"Chad McQueen, protagonista de \\\"Karate Kid\\\" e hijo de Steve McQueen, muere a los 63 a\u00f1os - Noticias\",\"isPartOf\":{\"@id\":\"https:\/\/noticiasya.com\/#website\"},\"datePublished\":\"2024-09-13T11:03:53+00:00\",\"breadcrumb\":{\"@id\":\"https:\/\/noticiasya.com\/2024\/09\/13\/chad-mcqueen-karate-muere-trax\/#breadcrumb\"},\"inLanguage\":\"es\",\"potentialAction\":[{\"@type\":\"ReadAction\",\"target\":[\"https:\/\/noticiasya.com\/2024\/09\/13\/chad-mcqueen-karate-muere-trax\/\"]}]},{\"@type\":\"BreadcrumbList\",\"@id\":\"https:\/\/noticiasya.com\/2024\/09\/13\/chad-mcqueen-karate-muere-trax\/#breadcrumb\",\"itemListElement\":[{\"@type\":\"ListItem\",\"position\":1,\"name\":\"Home\",\"item\":\"https:\/\/noticiasya.com\/\"},{\"@type\":\"ListItem\",\"position\":2,\"name\":\"Chad McQueen, protagonista de &#171;Karate Kid&#187; e hijo de Steve McQueen, muere a los 63 a\u00f1os\"}]},{\"@type\":\"WebSite\",\"@id\":\"https:\/\/noticiasya.com\/#website\",\"url\":\"https:\/\/noticiasya.com\/\",\"name\":\"Noticias\",\"description\":\"Lo que importa\",\"publisher\":{\"@id\":\"https:\/\/noticiasya.com\/#organization\"},\"potentialAction\":[{\"@type\":\"SearchAction\",\"target\":{\"@type\":\"EntryPoint\",\"urlTemplate\":\"https:\/\/noticiasya.com\/?s={search_term_string}\"},\"query-input\":{\"@type\":\"PropertyValueSpecification\",\"valueRequired\":true,\"valueName\":\"search_term_string\"}}],\"inLanguage\":\"es\"},{\"@type\":\"Organization\",\"@id\":\"https:\/\/noticiasya.com\/#organization\",\"name\":\"Noticias\",\"url\":\"https:\/\/noticiasya.com\/\",\"logo\":{\"@type\":\"ImageObject\",\"inLanguage\":\"es\",\"@id\":\"https:\/\/noticiasya.com\/#\/schema\/logo\/image\/\",\"url\":\"https:\/\/noticiasya.com\/wp-content\/uploads\/sites\/22\/2023\/12\/logo-nacional.png\",\"contentUrl\":\"https:\/\/noticiasya.com\/wp-content\/uploads\/sites\/22\/2023\/12\/logo-nacional.png\",\"width\":1801,\"height\":691,\"caption\":\"Noticias\"},\"image\":{\"@id\":\"https:\/\/noticiasya.com\/#\/schema\/logo\/image\/\"}}]}<\/script>\n<!-- \/ Yoast SEO plugin. -->","yoast_head_json":{"title":"Chad McQueen, protagonista de \"Karate Kid\" e hijo de Steve McQueen, muere a los 63 a\u00f1os - Noticias","robots":{"index":"index","follow":"follow","max-snippet":"max-snippet:-1","max-image-preview":"max-image-preview:large","max-video-preview":"max-video-preview:-1"},"canonical":"https:\/\/noticiasya.com\/2024\/09\/13\/chad-mcqueen-karate-muere-trax\/","og_locale":"es_ES","og_type":"article","og_title":"Chad McQueen, protagonista de \"Karate Kid\" e hijo de Steve McQueen, muere a los 63 a\u00f1os - Noticias","og_description":"(CNN) &#8212; El actor Chad McQueen, hijo de la leyenda de Hollywood Steve McQueen, muri\u00f3 a los 63 a\u00f1os. McQueen tuvo su gran oportunidad en 1984, cuando fue elegido para el reparto de la exitosa pel\u00edcula &#171;Karate Kid&#187;, en la que interpretaba a Dutch, el adversario del protagonista Ralph Macchio. Su abogado, Arthur H. Barens, [&hellip;]","og_url":"https:\/\/noticiasya.com\/2024\/09\/13\/chad-mcqueen-karate-muere-trax\/","og_site_name":"Noticias","article_published_time":"2024-09-13T11:03:53+00:00","twitter_card":"summary_large_image","twitter_misc":{"Est. reading time":"3 minutos"},"schema":{"@context":"https:\/\/schema.org","@graph":[{"@type":"Article","@id":"https:\/\/noticiasya.com\/2024\/09\/13\/chad-mcqueen-karate-muere-trax\/#article","isPartOf":{"@id":"https:\/\/noticiasya.com\/2024\/09\/13\/chad-mcqueen-karate-muere-trax\/"},"author":{"name":"","@id":""},"headline":"Chad McQueen, protagonista de &#171;Karate Kid&#187; e hijo de Steve McQueen, muere a los 63 a\u00f1os","datePublished":"2024-09-13T11:03:53+00:00","mainEntityOfPage":{"@id":"https:\/\/noticiasya.com\/2024\/09\/13\/chad-mcqueen-karate-muere-trax\/"},"wordCount":682,"commentCount":0,"publisher":{"@id":"https:\/\/noticiasya.com\/#organization"},"articleSection":["Noticias Nacionales"],"inLanguage":"es","potentialAction":[{"@type":"CommentAction","name":"Comment","target":["https:\/\/noticiasya.com\/2024\/09\/13\/chad-mcqueen-karate-muere-trax\/#respond"]}]},{"@type":"WebPage","@id":"https:\/\/noticiasya.com\/2024\/09\/13\/chad-mcqueen-karate-muere-trax\/","url":"https:\/\/noticiasya.com\/2024\/09\/13\/chad-mcqueen-karate-muere-trax\/","name":"Chad McQueen, protagonista de \"Karate Kid\" e hijo de Steve McQueen, muere a los 63 a\u00f1os - Noticias","isPartOf":{"@id":"https:\/\/noticiasya.com\/#website"},"datePublished":"2024-09-13T11:03:53+00:00","breadcrumb":{"@id":"https:\/\/noticiasya.com\/2024\/09\/13\/chad-mcqueen-karate-muere-trax\/#breadcrumb"},"inLanguage":"es","potentialAction":[{"@type":"ReadAction","target":["https:\/\/noticiasya.com\/2024\/09\/13\/chad-mcqueen-karate-muere-trax\/"]}]},{"@type":"BreadcrumbList","@id":"https:\/\/noticiasya.com\/2024\/09\/13\/chad-mcqueen-karate-muere-trax\/#breadcrumb","itemListElement":[{"@type":"ListItem","position":1,"name":"Home","item":"https:\/\/noticiasya.com\/"},{"@type":"ListItem","position":2,"name":"Chad McQueen, protagonista de &#171;Karate Kid&#187; e hijo de Steve McQueen, muere a los 63 a\u00f1os"}]},{"@type":"WebSite","@id":"https:\/\/noticiasya.com\/#website","url":"https:\/\/noticiasya.com\/","name":"Noticias","description":"Lo que importa","publisher":{"@id":"https:\/\/noticiasya.com\/#organization"},"potentialAction":[{"@type":"SearchAction","target":{"@type":"EntryPoint","urlTemplate":"https:\/\/noticiasya.com\/?s={search_term_string}"},"query-input":{"@type":"PropertyValueSpecification","valueRequired":true,"valueName":"search_term_string"}}],"inLanguage":"es"},{"@type":"Organization","@id":"https:\/\/noticiasya.com\/#organization","name":"Noticias","url":"https:\/\/noticiasya.com\/","logo":{"@type":"ImageObject","inLanguage":"es","@id":"https:\/\/noticiasya.com\/#\/schema\/logo\/image\/","url":"https:\/\/noticiasya.com\/wp-content\/uploads\/sites\/22\/2023\/12\/logo-nacional.png","contentUrl":"https:\/\/noticiasya.com\/wp-content\/uploads\/sites\/22\/2023\/12\/logo-nacional.png","width":1801,"height":691,"caption":"Noticias"},"image":{"@id":"https:\/\/noticiasya.com\/#\/schema\/logo\/image\/"}}]}},"parsely":{"version":"1.1.0","canonical_url":"https:\/\/noticiasya.com\/midland-odessa\/2024\/09\/13\/chad-mcqueen-karate-muere-trax\/","smart_links":{"inbound":0,"outbound":0},"traffic_boost_suggestions_count":0,"meta":{"@context":"https:\/\/schema.org","@type":"NewsArticle","headline":"Chad McQueen, protagonista de &#171;Karate Kid&#187; e hijo de Steve McQueen, muere a los 63 a\u00f1os","url":"http:\/\/noticiasya.com\/midland-odessa\/2024\/09\/13\/chad-mcqueen-karate-muere-trax\/","mainEntityOfPage":{"@type":"WebPage","@id":"http:\/\/noticiasya.com\/midland-odessa\/2024\/09\/13\/chad-mcqueen-karate-muere-trax\/"},"thumbnailUrl":"","image":{"@type":"ImageObject","url":""},"articleSection":"Noticias Nacionales","author":[],"creator":[],"publisher":{"@type":"Organization","name":"Noticias","logo":""},"keywords":[],"dateCreated":"2024-09-13T11:03:53Z","datePublished":"2024-09-13T11:03:53Z","dateModified":"2024-09-13T11:03:53Z"},"rendered":"<script type=\"application\/ld+json\" class=\"wp-parsely-metadata\">{\"@context\":\"https:\\\/\\\/schema.org\",\"@type\":\"NewsArticle\",\"headline\":\"Chad McQueen, protagonista de &#171;Karate Kid&#187; e hijo de Steve McQueen, muere a los 63 a\\u00f1os\",\"url\":\"http:\\\/\\\/noticiasya.com\\\/midland-odessa\\\/2024\\\/09\\\/13\\\/chad-mcqueen-karate-muere-trax\\\/\",\"mainEntityOfPage\":{\"@type\":\"WebPage\",\"@id\":\"http:\\\/\\\/noticiasya.com\\\/midland-odessa\\\/2024\\\/09\\\/13\\\/chad-mcqueen-karate-muere-trax\\\/\"},\"thumbnailUrl\":\"\",\"image\":{\"@type\":\"ImageObject\",\"url\":\"\"},\"articleSection\":\"Noticias Nacionales\",\"author\":[],\"creator\":[],\"publisher\":{\"@type\":\"Organization\",\"name\":\"Noticias\",\"logo\":\"\"},\"keywords\":[],\"dateCreated\":\"2024-09-13T11:03:53Z\",\"datePublished\":\"2024-09-13T11:03:53Z\",\"dateModified\":\"2024-09-13T11:03:53Z\"}<\/script>","tracker_url":"https:\/\/cdn.parsely.com\/keys\/noticiasya.com\/p.js"},"jetpack_featured_media_url":"","jetpack-related-posts":[{"id":1472381,"url":"https:\/\/noticiasya.com\/midland-odessa\/2026\/03\/20\/quien-fue-chuck-norris-icono-accion-trax\/","url_meta":{"origin":1452641,"position":0},"title":"\u00bfQui\u00e9n fue Chuck Norris y c\u00f3mo pas\u00f3 de rival de Bruce Lee a \u00edcono del cine de acci\u00f3n?","author":"","date":"marzo 20, 2026","format":false,"excerpt":"Antes de que su nombre se convirtiera en sin\u00f3nimo de dureza imperturbable \u2014y mucho antes de que internet lo elevara a leyenda con haza\u00f1as imposibles\u2014 Chuck Norris ya hab\u00eda comenzado a forjar, golpe a golpe, una identidad \u00fanica entre las artes marciales y el cine de acci\u00f3n. Desde sus primeros\u2026","rel":"","context":"In &quot;Noticias Nacionales&quot;","block_context":{"text":"Noticias Nacionales","link":"https:\/\/noticiasya.com\/midland-odessa\/categoria\/noticias-nacionales"},"img":{"alt_text":"","src":"","width":0,"height":0},"classes":[]},{"id":1464018,"url":"https:\/\/noticiasya.com\/midland-odessa\/2025\/06\/27\/moda-vestido-novia-lauren-sanchez-boda-jeff-bezos-trax\/","url_meta":{"origin":1452641,"position":1},"title":"Revelan el vestido de novia de Lauren Sanchez para su boda con Jeff Bezos","author":"","date":"junio 27, 2025","format":false,"excerpt":"Tras mucha expectativa, fue revelado el vestido de novia de Lauren Sanchez, confirm\u00e1ndose que la casa de moda Dolce & Gabbana fue la responsable del elegante dise\u00f1o de cuello alto, que incluye 180 botones de sacerdote forrados en gasa de seda.Muchos detalles de la fastuosa boda de Bezos y Sanchez\u2026","rel":"","context":"In &quot;Noticias Nacionales&quot;","block_context":{"text":"Noticias Nacionales","link":"https:\/\/noticiasya.com\/midland-odessa\/categoria\/noticias-nacionales"},"img":{"alt_text":"","src":"","width":0,"height":0},"classes":[]},{"id":1444290,"url":"https:\/\/noticiasya.com\/midland-odessa\/2024\/01\/22\/muere-norman-jewison-director-de-in-the-heat-of-the-night-nominado-al-oscar-a-los-97-anos\/","url_meta":{"origin":1452641,"position":2},"title":"Muere Norman Jewison, director de &#171;In the Heat of the Night&#187; nominado al Oscar, a los 97 a\u00f1os","author":"","date":"enero 22, 2024","format":false,"excerpt":"(CNN) \u2013\u2013 Norman Jewison, director canadiense nominado al Oscar cuya trayectoria de varias d\u00e9cadas incluy\u00f3 las pel\u00edculas \"In the Heat of the Night\" y \"Fiddler on the Roof\", muri\u00f3 a los 97 a\u00f1os, seg\u00fan su publicista.Jewison falleci\u00f3 \u201cen paz\u201d el s\u00e1bado, indic\u00f3 su publicista Jeff Sanderson a CNN en un\u2026","rel":"","context":"In &quot;Noticias Nacionales&quot;","block_context":{"text":"Noticias Nacionales","link":"https:\/\/noticiasya.com\/midland-odessa\/categoria\/noticias-nacionales"},"img":{"alt_text":"","src":"","width":0,"height":0},"classes":[]},{"id":1430816,"url":"https:\/\/noticiasya.com\/midland-odessa\/2022\/10\/06\/sin-pistas-cerre-los-ojos-y-ore-hombre-hallo-al-responsable-de-atropellar-a-su-hijo\/","url_meta":{"origin":1452641,"position":3},"title":"Sin pistas: &#171;Cerr\u00e9 los ojos y or\u00e9&#187;, hombre hall\u00f3 al responsable de atropellar a su hijo","author":"agomez","date":"octubre 6, 2022","format":false,"excerpt":"Sus instintos, junto con algo de ayuda de la comunidad.","rel":"","context":"In &quot;Comunidad&quot;","block_context":{"text":"Comunidad","link":"https:\/\/noticiasya.com\/midland-odessa\/categoria\/comunidad"},"img":{"alt_text":"","src":"","width":0,"height":0},"classes":[]},{"id":1471141,"url":"https:\/\/noticiasya.com\/midland-odessa\/2026\/02\/12\/hijo-maduro-padre-pasos-correctos-unidad-orix\/","url_meta":{"origin":1452641,"position":4},"title":"El hijo de Maduro dice que su padre cree que en Venezuela &#171;est\u00e1n tomando los pasos correctos&#187; para &#171;la unidad del pueblo&#187;","author":"agomez","date":"febrero 12, 2026","format":false,"excerpt":"Nicol\u00e1s Maduro Guerra, hijo del derrocado presidente de Venezuela, Nicol\u00e1s Maduro, asegur\u00f3 este mi\u00e9rcoles que, en una conversaci\u00f3n que tuvo con su padre, este le dijo que conf\u00eda en que en el pa\u00eds se est\u00e1n tomando \u201clos pasos correctos\u201d para conseguir \u201cla unidad del pueblo\u201d.Maduro Guerra hizo estas declaraciones en\u2026","rel":"","context":"In &quot;Noticias Nacionales&quot;","block_context":{"text":"Noticias Nacionales","link":"https:\/\/noticiasya.com\/midland-odessa\/categoria\/noticias-nacionales"},"img":{"alt_text":"","src":"","width":0,"height":0},"classes":[]},{"id":1458686,"url":"https:\/\/noticiasya.com\/midland-odessa\/2025\/02\/13\/padre-ballena-traga-hijo-escupe-orix\/","url_meta":{"origin":1452641,"position":5},"title":"Padre graba el momento que ballena traga a su hijo y luego lo escupe","author":"","date":"febrero 13, 2025","format":false,"excerpt":"Un padre grab\u00f3 el momento en que su hijo fue tragado por una ballena jorobada, que segundos despu\u00e9s lo expuls\u00f3. El episodio ocurri\u00f3 en el sector sur de Punta Arenas, en Chile, en las g\u00e9lidas aguas del estrecho de Magallanes el pasado s\u00e1bado 8 de febrero cerca de las 3:00\u2026","rel":"","context":"In &quot;Noticias Nacionales&quot;","block_context":{"text":"Noticias Nacionales","link":"https:\/\/noticiasya.com\/midland-odessa\/categoria\/noticias-nacionales"},"img":{"alt_text":"","src":"","width":0,"height":0},"classes":[]}],"jetpack_sharing_enabled":true,"_links":{"self":[{"href":"https:\/\/noticiasya.com\/midland-odessa\/wp-json\/wp\/v2\/posts\/1452641","targetHints":{"allow":["GET"]}}],"collection":[{"href":"https:\/\/noticiasya.com\/midland-odessa\/wp-json\/wp\/v2\/posts"}],"about":[{"href":"https:\/\/noticiasya.com\/midland-odessa\/wp-json\/wp\/v2\/types\/post"}],"replies":[{"embeddable":true,"href":"https:\/\/noticiasya.com\/midland-odessa\/wp-json\/wp\/v2\/comments?post=1452641"}],"version-history":[{"count":0,"href":"https:\/\/noticiasya.com\/midland-odessa\/wp-json\/wp\/v2\/posts\/1452641\/revisions"}],"wp:attachment":[{"href":"https:\/\/noticiasya.com\/midland-odessa\/wp-json\/wp\/v2\/media?parent=1452641"}],"wp:term":[{"taxonomy":"category","embeddable":true,"href":"https:\/\/noticiasya.com\/midland-odessa\/wp-json\/wp\/v2\/categories?post=1452641"},{"taxonomy":"post_tag","embeddable":true,"href":"https:\/\/noticiasya.com\/midland-odessa\/wp-json\/wp\/v2\/tags?post=1452641"}],"curies":[{"name":"wp","href":"https:\/\/api.w.org\/{rel}","templated":true}]}}