{"id":1452642,"date":"2024-09-13T04:03:54","date_gmt":"2024-09-13T11:03:54","guid":{"rendered":"https:\/\/noticiasya.com\/2024\/09\/13\/reforma-judicial-mexico-congresos-locales-orig\/"},"modified":"2024-09-13T04:03:54","modified_gmt":"2024-09-13T11:03:54","slug":"reforma-judicial-mexico-congresos-locales-orig","status":"publish","type":"post","link":"https:\/\/noticiasya.com\/midland-odessa\/2024\/09\/13\/reforma-judicial-mexico-congresos-locales-orig\/","title":{"rendered":"Los congresos locales aprueban la reforma judicial en M\u00e9xico. \u00bfQu\u00e9 sigue?"},"content":{"rendered":"<p>(CNN Espa\u00f1ol) &#8212; El presidente de M\u00e9xico, Andr\u00e9s Manuel L\u00f3pez Obrador, anunci\u00f3 que prev\u00e9 que la reforma judicial se publique el 15 de septiembre, domingo y v\u00edspera de los festejos por la Independencia mexicana puesto que, dijo, &#171;es una reforma important\u00edsima&#187;.<\/p>\n<p>Este jueves, se alcanz\u00f3 y super\u00f3 el m\u00ednimo de 17 estados que, a trav\u00e9s de sus congresos, dieran el aval al proyecto del oficialismo, previamente aprobado por el Congreso.<\/p>\n<p>&#171;Ya en todos estos estados se aprob\u00f3 la reforma al Poder Judicial. Los congresos locales, una reforma constitucional requiere de la aprobaci\u00f3n de la C\u00e1mara de Diputados, la C\u00e1mara de Senadores, con mayor\u00eda calificada, m\u00e1s la mitad m\u00e1s uno de los estados, de las entidades federativas&#187;, detall\u00f3 AMLO sobre el proceso de aprobaci\u00f3n de la reforma.<\/p>\n<p>\u00bfTendr\u00e1 la reforma judicial un impacto econ\u00f3mico en M\u00e9xico?<\/p>\n<p>&#171;Falta nada m\u00e1s la publicaci\u00f3n, eso corresponde al titular del Ejecutivo. Pues ser\u00eda bueno pensar en que se publique el 15 de septiembre porque es una reforma important\u00edsima. Es reafirmar que en M\u00e9xico hay una aut\u00e9ntica democracia. Que el pueblo elige a sus representantes. Que el pueblo elige a los servidores p\u00fablicos de los tres poderes. Esa es una democracia. No las \u00e9lites. No la llamada clase pol\u00edtica. No la oligarqu\u00eda. Todos, cada ciudadano&#187;, a\u00f1adi\u00f3.<\/p>\n<p>\u00bfQu\u00e9 sigue a continuaci\u00f3n?<\/p>\n<p>Una vez que el proyecto de ley fue aprobado por la C\u00e1mara de Diputados y la de Senadores, y pas\u00f3 por las legislaturas estatales, se deber\u00e1 comunicar al Ejecutivo Federal, firmado por los presidentes de cada una de las c\u00e1maras. Corresponde en este momento al presidente de la Rep\u00fablica manifestar su acuerdo sancionando la ley y ordenando su promulgaci\u00f3n o expresar su disconformidad formulando objeciones al proyecto.<\/p>\n<p>En caso de que el presidente est\u00e9 de acuerdo con la totalidad del proyecto proceder\u00e1 a sancionarlo y a disponer que se promulgue como ley. Cabe se\u00f1alar que la sanci\u00f3n &#171;es el acto de aceptaci\u00f3n de una iniciativa de ley o decreto por parte del Poder Ejecutivo&#187;, establecido en el art\u00edculo 72 de la Constituci\u00f3n Mexicana.<\/p>\n<p>Las tres grandes trampas de la reforma judicial, seg\u00fan Ricardo Anaya<\/p>\n<p>De acuerdo con lo establecido por la Constituci\u00f3n, los dict\u00e1menes, sin excepci\u00f3n, &#171;deber\u00e1n publicarse en la Gaceta Parlamentaria a m\u00e1s tardar 48 horas antes del inicio de la sesi\u00f3n en que ser\u00e1n puestos a disposici\u00f3n en la sesi\u00f3n&#187;.<\/p>\n<p>Las reformas constitucionales en M\u00e9xico comienzan a regir el mismo d\u00eda en que son publicadas en el Diario Oficial de la Federaci\u00f3n, excepto que el Constituyente establezca una fecha espec\u00edfica de entrada en vigor.<\/p>\n<p>Preocupaci\u00f3n por la reforma<\/p>\n<p>Los congresistas de Estados Unidos Mar\u00eda Elvira Salazar y Greg Stanton presentaron el mi\u00e9rcoles una resoluci\u00f3n bipartidista en la que expresan su preocupaci\u00f3n por la reforma del Poder Judicial en M\u00e9xico, propuesta por el presidente Andr\u00e9s Manuel L\u00f3pez Obrador.<\/p>\n<p>Salazar, presidenta del Subcomit\u00e9 del Hemisferio Occidental de la C\u00e1mara de Representantes de EE.UU., y Stanton, congresista dem\u00f3crata por Arizona, afirman que la reforma \u201ccambiar\u00eda radicalmente el sistema judicial\u201d de M\u00e9xico, de acuerdo con un comunicado.<\/p>\n<p>\u201cLas reformas propuestas por el Gobierno actual amenazan con hacer que M\u00e9xico vuelva a los d\u00edas del Gobierno de un solo partido\u201d, dijo Salazar, refiri\u00e9ndose al periodo en que el Partido Revolucionario Institucional (PRI) mantuvo un sistema hegem\u00f3nico en el pa\u00eds durante d\u00e9cadas.<\/p>\n<p>\u00bfViola EE.UU. la soberan\u00eda de M\u00e9xico al criticar reforma judicial?<\/p>\n<p>Por su parte, Stanton expres\u00f3 su preocupaci\u00f3n como representante de un estado fronterizo que, dijo, &#171;se beneficia de muchas maneras de nuestra estrecha relaci\u00f3n con M\u00e9xico&#187;.<\/p>\n<p>&#171;Sin embargo, me preocupa profundamente que las reformas constitucionales propuestas pongan en peligro este inter\u00e9s econ\u00f3mico y de seguridad compartido&#187;, a\u00f1adi\u00f3 en el comunicado.<\/p>\n<p>CNN ha solicitado comentarios al Gobierno de M\u00e9xico para conocer su posici\u00f3n sobre la resoluci\u00f3n presentada por Stanton y Salazar, sin respuesta de momento.<\/p>\n<p>La agencia de calificaci\u00f3n Moody\u2019s advirti\u00f3 el mi\u00e9rcoles del riesgo que representa la reforma judicial en M\u00e9xico para su calificaci\u00f3n crediticia, de acuerdo con un informe propio.<\/p>\n<p>AN\u00c1LISIS | \u00bfPor qu\u00e9 genera tanta pol\u00e9mica la reforma judicial del Gobierno de L\u00f3pez Obrador?<\/p>\n<p>El reporte advierte que el mayor nivel de impacto lo enfrenta la deuda soberana del pa\u00eds, que califica como alto y \u201csignificativo\u201d, mientras que para las empresas, la energ\u00eda e infraestructura es moderado y para los bancos, bajo.<\/p>\n<p>\u201cLa reforma, que estipula que los jueces sean elegidos por votaci\u00f3n popular, erosionar\u00e1 los controles y equilibrios y podr\u00eda socavar la fortaleza econ\u00f3mica y fiscal de M\u00e9xico\u201d, indica el texto publicado por la calificadora.<\/p>\n<p>CNN ha solicitado un comentario al Gobierno de M\u00e9xico para conocer su posici\u00f3n sobre el informe de Moody&#8217;s, sin obtener respuesta hasta el momento.<\/p>\n<p>Manifestantes irrumpen en el Senado de M\u00e9xico en protesta contra la reforma judicial<\/p>\n<p>Este jueves, durante su conferencia diaria, el presidente de M\u00e9xico, Andr\u00e9s Manuel L\u00f3pez Obrador, rechaz\u00f3 la idea de que la reforma judicial vaya a afectar la inversi\u00f3n extranjera en el pa\u00eds.<\/p>\n<p>&#171;No es cierto que por la reforma judicial estaba saliendo capital del pa\u00eds o no estaba llegando la inversi\u00f3n extranjera. Puro cuento&#187;, dijo el presidente de M\u00e9xico.<\/p>\n<p>Y a\u00f1adi\u00f3: &#171;Nada m\u00e1s para tener una idea, el a\u00f1o pasado logramos r\u00e9cord en inversi\u00f3n extranjero: US$ 35.000 millones. R\u00e9cord en toda la historia de M\u00e9xico. Y en lo que va del a\u00f1o, en el primer semestre, ya (hay) US$ 30.000 millones de inversi\u00f3n&#187;.<\/p>\n<p>&#8211;Con informaci\u00f3n de Natalia Cano, de CNN.<\/p>\n<p>The-CNN-Wire<br \/>&trade; &amp; &copy; 2024 Cable News Network, Inc., a Warner Bros. Discovery Company. All rights reserved.<\/p>\n","protected":false},"excerpt":{"rendered":"<p>(CNN Espa\u00f1ol) &#8212; El presidente de M\u00e9xico, Andr\u00e9s Manuel L\u00f3pez Obrador, anunci\u00f3 que prev\u00e9 que la reforma judicial se publique el 15 de septiembre, domingo y v\u00edspera de los festejos por la Independencia mexicana puesto que, dijo, &#171;es una reforma important\u00edsima&#187;. Este jueves, se alcanz\u00f3 y super\u00f3 el m\u00ednimo de 17 estados que, a trav\u00e9s [&hellip;]<\/p>\n","protected":false},"author":0,"featured_media":0,"comment_status":"open","ping_status":"open","sticky":false,"template":"","format":"standard","meta":{"_jetpack_memberships_contains_paid_content":false,"footnotes":""},"categories":[10],"tags":[],"class_list":["post-1452642","post","type-post","status-publish","format-standard","hentry","category-noticias-nacionales","market-global"],"yoast_head":"<!-- This site is optimized with the Yoast SEO plugin v24.4 - https:\/\/yoast.com\/wordpress\/plugins\/seo\/ -->\n<title>Los congresos locales aprueban la reforma judicial en M\u00e9xico. \u00bfQu\u00e9 sigue? - Noticias<\/title>\n<meta name=\"robots\" content=\"index, follow, max-snippet:-1, max-image-preview:large, max-video-preview:-1\" \/>\n<link rel=\"canonical\" href=\"https:\/\/noticiasya.com\/2024\/09\/13\/reforma-judicial-mexico-congresos-locales-orig\/\" \/>\n<meta property=\"og:locale\" content=\"es_ES\" \/>\n<meta property=\"og:type\" content=\"article\" \/>\n<meta property=\"og:title\" content=\"Los congresos locales aprueban la reforma judicial en M\u00e9xico. \u00bfQu\u00e9 sigue? - Noticias\" \/>\n<meta property=\"og:description\" content=\"(CNN Espa\u00f1ol) &#8212; El presidente de M\u00e9xico, Andr\u00e9s Manuel L\u00f3pez Obrador, anunci\u00f3 que prev\u00e9 que la reforma judicial se publique el 15 de septiembre, domingo y v\u00edspera de los festejos por la Independencia mexicana puesto que, dijo, &#171;es una reforma important\u00edsima&#187;. Este jueves, se alcanz\u00f3 y super\u00f3 el m\u00ednimo de 17 estados que, a trav\u00e9s [&hellip;]\" \/>\n<meta property=\"og:url\" content=\"https:\/\/noticiasya.com\/2024\/09\/13\/reforma-judicial-mexico-congresos-locales-orig\/\" \/>\n<meta property=\"og:site_name\" content=\"Noticias\" \/>\n<meta property=\"article:published_time\" content=\"2024-09-13T11:03:54+00:00\" \/>\n<meta name=\"twitter:card\" content=\"summary_large_image\" \/>\n<meta name=\"twitter:label1\" content=\"Est. reading time\" \/>\n\t<meta name=\"twitter:data1\" content=\"5 minutos\" \/>\n<script type=\"application\/ld+json\" class=\"yoast-schema-graph\">{\"@context\":\"https:\/\/schema.org\",\"@graph\":[{\"@type\":\"Article\",\"@id\":\"https:\/\/noticiasya.com\/2024\/09\/13\/reforma-judicial-mexico-congresos-locales-orig\/#article\",\"isPartOf\":{\"@id\":\"https:\/\/noticiasya.com\/2024\/09\/13\/reforma-judicial-mexico-congresos-locales-orig\/\"},\"author\":{\"name\":\"\",\"@id\":\"\"},\"headline\":\"Los congresos locales aprueban la reforma judicial en M\u00e9xico. \u00bfQu\u00e9 sigue?\",\"datePublished\":\"2024-09-13T11:03:54+00:00\",\"mainEntityOfPage\":{\"@id\":\"https:\/\/noticiasya.com\/2024\/09\/13\/reforma-judicial-mexico-congresos-locales-orig\/\"},\"wordCount\":1024,\"commentCount\":0,\"publisher\":{\"@id\":\"https:\/\/noticiasya.com\/#organization\"},\"articleSection\":[\"Noticias Nacionales\"],\"inLanguage\":\"es\",\"potentialAction\":[{\"@type\":\"CommentAction\",\"name\":\"Comment\",\"target\":[\"https:\/\/noticiasya.com\/2024\/09\/13\/reforma-judicial-mexico-congresos-locales-orig\/#respond\"]}]},{\"@type\":\"WebPage\",\"@id\":\"https:\/\/noticiasya.com\/2024\/09\/13\/reforma-judicial-mexico-congresos-locales-orig\/\",\"url\":\"https:\/\/noticiasya.com\/2024\/09\/13\/reforma-judicial-mexico-congresos-locales-orig\/\",\"name\":\"Los congresos locales aprueban la reforma judicial en M\u00e9xico. \u00bfQu\u00e9 sigue? - Noticias\",\"isPartOf\":{\"@id\":\"https:\/\/noticiasya.com\/#website\"},\"datePublished\":\"2024-09-13T11:03:54+00:00\",\"breadcrumb\":{\"@id\":\"https:\/\/noticiasya.com\/2024\/09\/13\/reforma-judicial-mexico-congresos-locales-orig\/#breadcrumb\"},\"inLanguage\":\"es\",\"potentialAction\":[{\"@type\":\"ReadAction\",\"target\":[\"https:\/\/noticiasya.com\/2024\/09\/13\/reforma-judicial-mexico-congresos-locales-orig\/\"]}]},{\"@type\":\"BreadcrumbList\",\"@id\":\"https:\/\/noticiasya.com\/2024\/09\/13\/reforma-judicial-mexico-congresos-locales-orig\/#breadcrumb\",\"itemListElement\":[{\"@type\":\"ListItem\",\"position\":1,\"name\":\"Home\",\"item\":\"https:\/\/noticiasya.com\/\"},{\"@type\":\"ListItem\",\"position\":2,\"name\":\"Los congresos locales aprueban la reforma judicial en M\u00e9xico. \u00bfQu\u00e9 sigue?\"}]},{\"@type\":\"WebSite\",\"@id\":\"https:\/\/noticiasya.com\/#website\",\"url\":\"https:\/\/noticiasya.com\/\",\"name\":\"Noticias\",\"description\":\"Lo que importa\",\"publisher\":{\"@id\":\"https:\/\/noticiasya.com\/#organization\"},\"potentialAction\":[{\"@type\":\"SearchAction\",\"target\":{\"@type\":\"EntryPoint\",\"urlTemplate\":\"https:\/\/noticiasya.com\/?s={search_term_string}\"},\"query-input\":{\"@type\":\"PropertyValueSpecification\",\"valueRequired\":true,\"valueName\":\"search_term_string\"}}],\"inLanguage\":\"es\"},{\"@type\":\"Organization\",\"@id\":\"https:\/\/noticiasya.com\/#organization\",\"name\":\"Noticias\",\"url\":\"https:\/\/noticiasya.com\/\",\"logo\":{\"@type\":\"ImageObject\",\"inLanguage\":\"es\",\"@id\":\"https:\/\/noticiasya.com\/#\/schema\/logo\/image\/\",\"url\":\"https:\/\/noticiasya.com\/wp-content\/uploads\/sites\/22\/2023\/12\/logo-nacional.png\",\"contentUrl\":\"https:\/\/noticiasya.com\/wp-content\/uploads\/sites\/22\/2023\/12\/logo-nacional.png\",\"width\":1801,\"height\":691,\"caption\":\"Noticias\"},\"image\":{\"@id\":\"https:\/\/noticiasya.com\/#\/schema\/logo\/image\/\"}}]}<\/script>\n<!-- \/ Yoast SEO plugin. -->","yoast_head_json":{"title":"Los congresos locales aprueban la reforma judicial en M\u00e9xico. \u00bfQu\u00e9 sigue? - Noticias","robots":{"index":"index","follow":"follow","max-snippet":"max-snippet:-1","max-image-preview":"max-image-preview:large","max-video-preview":"max-video-preview:-1"},"canonical":"https:\/\/noticiasya.com\/2024\/09\/13\/reforma-judicial-mexico-congresos-locales-orig\/","og_locale":"es_ES","og_type":"article","og_title":"Los congresos locales aprueban la reforma judicial en M\u00e9xico. \u00bfQu\u00e9 sigue? - Noticias","og_description":"(CNN Espa\u00f1ol) &#8212; El presidente de M\u00e9xico, Andr\u00e9s Manuel L\u00f3pez Obrador, anunci\u00f3 que prev\u00e9 que la reforma judicial se publique el 15 de septiembre, domingo y v\u00edspera de los festejos por la Independencia mexicana puesto que, dijo, &#171;es una reforma important\u00edsima&#187;. Este jueves, se alcanz\u00f3 y super\u00f3 el m\u00ednimo de 17 estados que, a trav\u00e9s [&hellip;]","og_url":"https:\/\/noticiasya.com\/2024\/09\/13\/reforma-judicial-mexico-congresos-locales-orig\/","og_site_name":"Noticias","article_published_time":"2024-09-13T11:03:54+00:00","twitter_card":"summary_large_image","twitter_misc":{"Est. reading time":"5 minutos"},"schema":{"@context":"https:\/\/schema.org","@graph":[{"@type":"Article","@id":"https:\/\/noticiasya.com\/2024\/09\/13\/reforma-judicial-mexico-congresos-locales-orig\/#article","isPartOf":{"@id":"https:\/\/noticiasya.com\/2024\/09\/13\/reforma-judicial-mexico-congresos-locales-orig\/"},"author":{"name":"","@id":""},"headline":"Los congresos locales aprueban la reforma judicial en M\u00e9xico. \u00bfQu\u00e9 sigue?","datePublished":"2024-09-13T11:03:54+00:00","mainEntityOfPage":{"@id":"https:\/\/noticiasya.com\/2024\/09\/13\/reforma-judicial-mexico-congresos-locales-orig\/"},"wordCount":1024,"commentCount":0,"publisher":{"@id":"https:\/\/noticiasya.com\/#organization"},"articleSection":["Noticias Nacionales"],"inLanguage":"es","potentialAction":[{"@type":"CommentAction","name":"Comment","target":["https:\/\/noticiasya.com\/2024\/09\/13\/reforma-judicial-mexico-congresos-locales-orig\/#respond"]}]},{"@type":"WebPage","@id":"https:\/\/noticiasya.com\/2024\/09\/13\/reforma-judicial-mexico-congresos-locales-orig\/","url":"https:\/\/noticiasya.com\/2024\/09\/13\/reforma-judicial-mexico-congresos-locales-orig\/","name":"Los congresos locales aprueban la reforma judicial en M\u00e9xico. \u00bfQu\u00e9 sigue? - Noticias","isPartOf":{"@id":"https:\/\/noticiasya.com\/#website"},"datePublished":"2024-09-13T11:03:54+00:00","breadcrumb":{"@id":"https:\/\/noticiasya.com\/2024\/09\/13\/reforma-judicial-mexico-congresos-locales-orig\/#breadcrumb"},"inLanguage":"es","potentialAction":[{"@type":"ReadAction","target":["https:\/\/noticiasya.com\/2024\/09\/13\/reforma-judicial-mexico-congresos-locales-orig\/"]}]},{"@type":"BreadcrumbList","@id":"https:\/\/noticiasya.com\/2024\/09\/13\/reforma-judicial-mexico-congresos-locales-orig\/#breadcrumb","itemListElement":[{"@type":"ListItem","position":1,"name":"Home","item":"https:\/\/noticiasya.com\/"},{"@type":"ListItem","position":2,"name":"Los congresos locales aprueban la reforma judicial en M\u00e9xico. \u00bfQu\u00e9 sigue?"}]},{"@type":"WebSite","@id":"https:\/\/noticiasya.com\/#website","url":"https:\/\/noticiasya.com\/","name":"Noticias","description":"Lo que importa","publisher":{"@id":"https:\/\/noticiasya.com\/#organization"},"potentialAction":[{"@type":"SearchAction","target":{"@type":"EntryPoint","urlTemplate":"https:\/\/noticiasya.com\/?s={search_term_string}"},"query-input":{"@type":"PropertyValueSpecification","valueRequired":true,"valueName":"search_term_string"}}],"inLanguage":"es"},{"@type":"Organization","@id":"https:\/\/noticiasya.com\/#organization","name":"Noticias","url":"https:\/\/noticiasya.com\/","logo":{"@type":"ImageObject","inLanguage":"es","@id":"https:\/\/noticiasya.com\/#\/schema\/logo\/image\/","url":"https:\/\/noticiasya.com\/wp-content\/uploads\/sites\/22\/2023\/12\/logo-nacional.png","contentUrl":"https:\/\/noticiasya.com\/wp-content\/uploads\/sites\/22\/2023\/12\/logo-nacional.png","width":1801,"height":691,"caption":"Noticias"},"image":{"@id":"https:\/\/noticiasya.com\/#\/schema\/logo\/image\/"}}]}},"parsely":{"version":"1.1.0","canonical_url":"https:\/\/noticiasya.com\/midland-odessa\/2024\/09\/13\/reforma-judicial-mexico-congresos-locales-orig\/","smart_links":{"inbound":0,"outbound":0},"traffic_boost_suggestions_count":0,"meta":{"@context":"https:\/\/schema.org","@type":"NewsArticle","headline":"Los congresos locales aprueban la reforma judicial en M\u00e9xico. \u00bfQu\u00e9 sigue?","url":"http:\/\/noticiasya.com\/midland-odessa\/2024\/09\/13\/reforma-judicial-mexico-congresos-locales-orig\/","mainEntityOfPage":{"@type":"WebPage","@id":"http:\/\/noticiasya.com\/midland-odessa\/2024\/09\/13\/reforma-judicial-mexico-congresos-locales-orig\/"},"thumbnailUrl":"","image":{"@type":"ImageObject","url":""},"articleSection":"Noticias Nacionales","author":[],"creator":[],"publisher":{"@type":"Organization","name":"Noticias","logo":""},"keywords":[],"dateCreated":"2024-09-13T11:03:54Z","datePublished":"2024-09-13T11:03:54Z","dateModified":"2024-09-13T11:03:54Z"},"rendered":"<script type=\"application\/ld+json\" class=\"wp-parsely-metadata\">{\"@context\":\"https:\\\/\\\/schema.org\",\"@type\":\"NewsArticle\",\"headline\":\"Los congresos locales aprueban la reforma judicial en M\\u00e9xico. \\u00bfQu\\u00e9 sigue?\",\"url\":\"http:\\\/\\\/noticiasya.com\\\/midland-odessa\\\/2024\\\/09\\\/13\\\/reforma-judicial-mexico-congresos-locales-orig\\\/\",\"mainEntityOfPage\":{\"@type\":\"WebPage\",\"@id\":\"http:\\\/\\\/noticiasya.com\\\/midland-odessa\\\/2024\\\/09\\\/13\\\/reforma-judicial-mexico-congresos-locales-orig\\\/\"},\"thumbnailUrl\":\"\",\"image\":{\"@type\":\"ImageObject\",\"url\":\"\"},\"articleSection\":\"Noticias Nacionales\",\"author\":[],\"creator\":[],\"publisher\":{\"@type\":\"Organization\",\"name\":\"Noticias\",\"logo\":\"\"},\"keywords\":[],\"dateCreated\":\"2024-09-13T11:03:54Z\",\"datePublished\":\"2024-09-13T11:03:54Z\",\"dateModified\":\"2024-09-13T11:03:54Z\"}<\/script>","tracker_url":"https:\/\/cdn.parsely.com\/keys\/noticiasya.com\/p.js"},"jetpack_featured_media_url":"","jetpack-related-posts":[{"id":1455497,"url":"https:\/\/noticiasya.com\/midland-odessa\/2024\/10\/31\/congreso-mexicano-declara-validez-de-la-reforma-de-supremacia-constitucional-tras-aval-en-mayoria-de-legislaturas-estatales\/","url_meta":{"origin":1452642,"position":0},"title":"Congreso mexicano declara validez de la reforma de supremac\u00eda constitucional tras aval en mayor\u00eda de legislaturas estatales","author":"","date":"octubre 31, 2024","format":false,"excerpt":"(CNN Espa\u00f1ol) -- Las C\u00e1maras de Diputados y Senadores avalaron este jueves la enmienda de supremac\u00eda constitucional, que blinda las reformas a la Constituci\u00f3n Nacional de cualquier amparo, controversia y acci\u00f3n de inconstitucionalidad, incluida la pol\u00e9mica reforma judicial, tras alcanzar los votos aprobatorios de 23 legislaturas estatales, informaron ambas c\u00e1maras\u2026","rel":"","context":"In &quot;Noticias Nacionales&quot;","block_context":{"text":"Noticias Nacionales","link":"https:\/\/noticiasya.com\/midland-odessa\/categoria\/noticias-nacionales"},"img":{"alt_text":"","src":"","width":0,"height":0},"classes":[]},{"id":1472585,"url":"https:\/\/noticiasya.com\/midland-odessa\/2026\/03\/26\/senado-aprueba-plan-b-reforma-electoral-sheinbaum-cambio-revocacion-mandato-orix\/","url_meta":{"origin":1452642,"position":1},"title":"Senado aprueba el &#171;plan B&#187; de reforma electoral de Sheinbaum con un cambio respecto a la revocaci\u00f3n de mandato","author":"","date":"marzo 26, 2026","format":false,"excerpt":"El Senado de M\u00e9xico aprob\u00f3 este mi\u00e9rcoles por la noche el \u201cplan B\u201d de reforma electoral de la presidenta Claudia Sheinbaum, con una sola modificaci\u00f3n respecto a la revocaci\u00f3n de mandato presidencial.El dictamen del proyecto de Sheinbaum, que busca realizar modificaciones en algunos art\u00edculos de la Constituci\u00f3n, fue aprobado por\u2026","rel":"","context":"In &quot;Noticias Nacionales&quot;","block_context":{"text":"Noticias Nacionales","link":"https:\/\/noticiasya.com\/midland-odessa\/categoria\/noticias-nacionales"},"img":{"alt_text":"","src":"","width":0,"height":0},"classes":[]},{"id":1452957,"url":"https:\/\/noticiasya.com\/midland-odessa\/2024\/09\/23\/amlo-botellazo-manifestacion-no-paso-a-mayores-orix\/","url_meta":{"origin":1452642,"position":2},"title":"AMLO asegura que un botellazo en su contra durante una manifestaci\u00f3n \u201cno pas\u00f3 a mayores\u201d","author":"","date":"septiembre 23, 2024","format":false,"excerpt":"(CNN Espa\u00f1ol) -- El presidente de M\u00e9xico, Andr\u00e9s Manuel L\u00f3pez Obrador, habl\u00f3 en su conferencia matutina de este lunes del incidente que vivi\u00f3 ayer cuando le arrojaron una botella en Veracruz y dijo que \u201cno pas\u00f3 a mayores\u201d. Agreg\u00f3 que la persona que le arroj\u00f3 la botella en medio de\u2026","rel":"","context":"In &quot;Noticias Nacionales&quot;","block_context":{"text":"Noticias Nacionales","link":"https:\/\/noticiasya.com\/midland-odessa\/categoria\/noticias-nacionales"},"img":{"alt_text":"","src":"","width":0,"height":0},"classes":[]},{"id":1451870,"url":"https:\/\/noticiasya.com\/midland-odessa\/2024\/08\/14\/preocupaciones-estados-unidos-reforma-judicial-mexico-orix\/","url_meta":{"origin":1452642,"position":3},"title":"Las preocupaciones que genera en EE.UU. la reforma judicial en M\u00e9xico","author":"","date":"agosto 14, 2024","format":false,"excerpt":"(CNN Espa\u00f1ol) -- La propuesta de reformar el Poder Judicial en M\u00e9xico ha generado preocupaci\u00f3n dentro y fuera del pa\u00eds debido a su posible impacto en la independencia judicial, punto importante para el cumplimiento del Tratado entre M\u00e9xico, Estados Unidos y Canad\u00e1 (T-MEC).El partido oficialista Morena y sus aliados, PT\u2026","rel":"","context":"In &quot;Noticias Nacionales&quot;","block_context":{"text":"Noticias Nacionales","link":"https:\/\/noticiasya.com\/midland-odessa\/categoria\/noticias-nacionales"},"img":{"alt_text":"","src":"","width":0,"height":0},"classes":[]},{"id":1472133,"url":"https:\/\/noticiasya.com\/midland-odessa\/2026\/03\/12\/derrota-reforma-electoral-sheinbaum-plan-b-orix\/","url_meta":{"origin":1452642,"position":4},"title":"Tras la derrota de su reforma electoral, Sheinbaum anuncia un &#171;plan B&#187;. Esta es su propuesta","author":"","date":"marzo 12, 2026","format":false,"excerpt":"Luego de la derrota sufrida el mi\u00e9rcoles en la C\u00e1mara de Diputados, la presidenta de M\u00e9xico, Claudia Sheinbaum, anunci\u00f3 este jueves el \u201cplan B\u201d de su reforma electoral, con el cual, seg\u00fan la mandataria, buscar\u00e1n disminuir privilegios de los congresos locales y de los municipios del pa\u00eds, as\u00ed como fortalecer\u2026","rel":"","context":"In &quot;Noticias Nacionales&quot;","block_context":{"text":"Noticias Nacionales","link":"https:\/\/noticiasya.com\/midland-odessa\/categoria\/noticias-nacionales"},"img":{"alt_text":"","src":"","width":0,"height":0},"classes":[]},{"id":1457833,"url":"https:\/\/noticiasya.com\/midland-odessa\/2025\/01\/24\/sheinbaum-reforma-prohibir-maiz-transgenico-orix\/","url_meta":{"origin":1452642,"position":5},"title":"Sheinbaum formaliza su reforma para prohibir la siembra de ma\u00edz transg\u00e9nico en M\u00e9xico","author":"","date":"enero 24, 2025","format":false,"excerpt":"La presidenta de M\u00e9xico, Claudia Sheinbaum, envi\u00f3 al Congreso este jueves una propuesta de reforma a la Constituci\u00f3n para prohibir la siembra de ma\u00edz transg\u00e9nico en el pa\u00eds, una medida que, dice, es necesaria para proteger la diversidad gen\u00e9tica de esta planta.El documento, publicado en la Gaceta Parlamentaria, plantea modificar\u2026","rel":"","context":"In &quot;Noticias Nacionales&quot;","block_context":{"text":"Noticias Nacionales","link":"https:\/\/noticiasya.com\/midland-odessa\/categoria\/noticias-nacionales"},"img":{"alt_text":"","src":"","width":0,"height":0},"classes":[]}],"jetpack_sharing_enabled":true,"_links":{"self":[{"href":"https:\/\/noticiasya.com\/midland-odessa\/wp-json\/wp\/v2\/posts\/1452642","targetHints":{"allow":["GET"]}}],"collection":[{"href":"https:\/\/noticiasya.com\/midland-odessa\/wp-json\/wp\/v2\/posts"}],"about":[{"href":"https:\/\/noticiasya.com\/midland-odessa\/wp-json\/wp\/v2\/types\/post"}],"replies":[{"embeddable":true,"href":"https:\/\/noticiasya.com\/midland-odessa\/wp-json\/wp\/v2\/comments?post=1452642"}],"version-history":[{"count":0,"href":"https:\/\/noticiasya.com\/midland-odessa\/wp-json\/wp\/v2\/posts\/1452642\/revisions"}],"wp:attachment":[{"href":"https:\/\/noticiasya.com\/midland-odessa\/wp-json\/wp\/v2\/media?parent=1452642"}],"wp:term":[{"taxonomy":"category","embeddable":true,"href":"https:\/\/noticiasya.com\/midland-odessa\/wp-json\/wp\/v2\/categories?post=1452642"},{"taxonomy":"post_tag","embeddable":true,"href":"https:\/\/noticiasya.com\/midland-odessa\/wp-json\/wp\/v2\/tags?post=1452642"}],"curies":[{"name":"wp","href":"https:\/\/api.w.org\/{rel}","templated":true}]}}