{"id":1452668,"date":"2024-09-13T22:03:47","date_gmt":"2024-09-14T05:03:47","guid":{"rendered":"https:\/\/noticiasya.com\/2024\/09\/13\/papa-francisco-trump-harris-aborto-trax\/"},"modified":"2024-09-13T22:03:47","modified_gmt":"2024-09-14T05:03:47","slug":"papa-francisco-trump-harris-aborto-trax","status":"publish","type":"post","link":"https:\/\/noticiasya.com\/midland-odessa\/2024\/09\/13\/papa-francisco-trump-harris-aborto-trax\/","title":{"rendered":"El papa Francisco critica a Trump y Harris y dice que los votantes deben elegir entre \u201cel menor de dos males\u201d"},"content":{"rendered":"<p>(CNN) &#8211;El papa Francisco describi\u00f3 este viernes la elecci\u00f3n que los votantes estadounidenses deben hacer en las elecciones presidenciales como una entre &#171;el menor de dos males&#187;, considerando que las pol\u00edticas antimigrantes del expresidente Donald Trump y el apoyo de la vicepresidenta Kamala Harris al derecho al aborto son ambas &#171;contra la vida.&#187;<\/p>\n<p>&#171;Hay que elegir el menor de los dos males. \u00bfQui\u00e9n es el menor de dos males? \u00bfEsa se\u00f1ora o ese se\u00f1or? No lo s\u00e9&#187;, dijo Francisco durante una rueda de prensa en el avi\u00f3n papal, refiri\u00e9ndose a Harris y Trump. &#171;Todos los que tienen conciencia deber\u00edan pensar en esto y elegir&#187;.<\/p>\n<p>Francisco ha sido m\u00e1s expresivo sobre la pol\u00edtica que sus predecesores y se ha movido para hacer que la Iglesia Cat\u00f3lica sea m\u00e1s abierta. Si bien ha defendido consistente y firmemente la ense\u00f1anza de la Iglesia Cat\u00f3lica de que el aborto es la destrucci\u00f3n deliberada de una vida humana, Francisco tambi\u00e9n ha insistido en que no se puede aislar de otras cuestiones relativas a la vida humana, incluida la inmigraci\u00f3n.<\/p>\n<p>&#171;Expulsar a los inmigrantes, dejarlos donde quieras, abandonarlos&#8230; es algo terrible, ah\u00ed hay maldad. Expulsar a un ni\u00f1o del vientre de la madre es un asesinato, porque hay vida. Debemos hablar de estas cosas con claridad&#187;, dijo.<\/p>\n<p>Francisco ha intervenido anteriormente en cuestiones pol\u00edticas, mostrando posturas m\u00e1s progresistas al permitir a los sacerdotes perdonar abortos, autorizar bendiciones para parejas del mismo sexo y advertir repetidamente sobre el cambio clim\u00e1tico.<\/p>\n<p>En su visita a la mayor mezquita del sudeste asi\u00e1tico, el papa dice que la lucha contra el cambio clim\u00e1tico y el extremismo religioso son una causa com\u00fan<\/p>\n<p>Ha desafiado a los obispos cat\u00f3licos de Estados Unidos que han insistido en que el aborto es la cuesti\u00f3n &#171;preeminente&#187;, argumentando que la dif\u00edcil situaci\u00f3n de los migrantes tambi\u00e9n tiene que ver con la defensa de la vida. En 2016, Francisco describi\u00f3 el plan del entonces candidato presidencial Trump de construir un muro para impedir que los migrantes crucen la frontera entre Estados Unidos y M\u00e9xico como &#171;no cristiano.&#187;<\/p>\n<p>Y cuando los obispos debat\u00edan en 2021 si negar la comuni\u00f3n a figuras p\u00fablicas que apoyan el derecho al aborto, incluido el presidente Joe Biden, Francisco les inst\u00f3 a tomar sus decisiones desde un punto de vista &#171;pastoral&#187; y no pol\u00edtico. El papa ha dicho que nunca ha negado la comuni\u00f3n a nadie.<\/p>\n<p>El papa Francisco responde a quienes critican la bendici\u00f3n para parejas del mismo sexo: &#171;Es hipocres\u00eda&#187;<\/p>\n<p>Francisco ha criticado a las parejas que eligen tener mascotas en lugar de hijos, aline\u00e1ndose con las opiniones expresadas por el compa\u00f1ero de f\u00f3rmula de Trump, el senador JD Vance, un cat\u00f3lico converso que se ha burlado de las mujeres sin hijos como &#171;se\u00f1oras gato sin hijos&#187; y ha descrito a aquellos en la &#171;clase dirigente&#187; del pa\u00eds que no tienen hijos como &#171;m\u00e1s soci\u00f3patas.&#187;<\/p>\n<p>El papa Francisco vuelve a decir que algunas personas prefieren mascotas antes que ni\u00f1os<\/p>\n<p>Los cat\u00f3licos estadounidenses tambi\u00e9n tienen opiniones diversas. Seg\u00fan Pew Research, el 52% de los votantes cat\u00f3licos registrados se describen a s\u00ed mismos como republicanos o se inclinan por el Partido Republicano, mientras que el 44% dicen que son dem\u00f3cratas o se inclinan por el Partido Dem\u00f3crata.<\/p>\n<p>Los votantes cat\u00f3licos se dividieron en 2020, con un 50% votando por Biden y un 49% que apoy\u00f3 a Trump, seg\u00fan Pew. Pero la mayor\u00eda de los cat\u00f3licos -61%- cree que el aborto deber\u00eda ser legal en todos o en la mayor\u00eda de los casos.<\/p>\n<p>Este art\u00edculo se ha actualizado con informaci\u00f3n adicional.<\/p>\n<p>Tom Foreman, Paul LeBlanc, Andrew Kaczynski y Em Steck de CNN han contribuido a este reportaje.<\/p>\n<p>The-CNN-Wire<br \/>&trade; &amp; &copy; 2024 Cable News Network, Inc., a Warner Bros. Discovery Company. All rights reserved.<\/p>\n","protected":false},"excerpt":{"rendered":"<p>(CNN) &#8211;El papa Francisco describi\u00f3 este viernes la elecci\u00f3n que los votantes estadounidenses deben hacer en las elecciones presidenciales como una entre &#171;el menor de dos males&#187;, considerando que las pol\u00edticas antimigrantes del expresidente Donald Trump y el apoyo de la vicepresidenta Kamala Harris al derecho al aborto son ambas &#171;contra la vida.&#187; &#171;Hay que [&hellip;]<\/p>\n","protected":false},"author":0,"featured_media":0,"comment_status":"open","ping_status":"open","sticky":false,"template":"","format":"standard","meta":{"_jetpack_memberships_contains_paid_content":false,"footnotes":""},"categories":[10],"tags":[],"class_list":["post-1452668","post","type-post","status-publish","format-standard","hentry","category-noticias-nacionales","market-global"],"yoast_head":"<!-- This site is optimized with the Yoast SEO plugin v24.4 - https:\/\/yoast.com\/wordpress\/plugins\/seo\/ -->\n<title>El papa Francisco critica a Trump y Harris y dice que los votantes deben elegir entre \u201cel menor de dos males\u201d - Noticias<\/title>\n<meta name=\"robots\" content=\"index, follow, max-snippet:-1, max-image-preview:large, max-video-preview:-1\" \/>\n<link rel=\"canonical\" href=\"https:\/\/noticiasya.com\/2024\/09\/13\/papa-francisco-trump-harris-aborto-trax\/\" \/>\n<meta property=\"og:locale\" content=\"es_ES\" \/>\n<meta property=\"og:type\" content=\"article\" \/>\n<meta property=\"og:title\" content=\"El papa Francisco critica a Trump y Harris y dice que los votantes deben elegir entre \u201cel menor de dos males\u201d - Noticias\" \/>\n<meta property=\"og:description\" content=\"(CNN) &#8211;El papa Francisco describi\u00f3 este viernes la elecci\u00f3n que los votantes estadounidenses deben hacer en las elecciones presidenciales como una entre &#171;el menor de dos males&#187;, considerando que las pol\u00edticas antimigrantes del expresidente Donald Trump y el apoyo de la vicepresidenta Kamala Harris al derecho al aborto son ambas &#171;contra la vida.&#187; &#171;Hay que [&hellip;]\" \/>\n<meta property=\"og:url\" content=\"https:\/\/noticiasya.com\/2024\/09\/13\/papa-francisco-trump-harris-aborto-trax\/\" \/>\n<meta property=\"og:site_name\" content=\"Noticias\" \/>\n<meta property=\"article:published_time\" content=\"2024-09-14T05:03:47+00:00\" \/>\n<meta name=\"twitter:card\" content=\"summary_large_image\" \/>\n<meta name=\"twitter:label1\" content=\"Est. reading time\" \/>\n\t<meta name=\"twitter:data1\" content=\"3 minutos\" \/>\n<script type=\"application\/ld+json\" class=\"yoast-schema-graph\">{\"@context\":\"https:\/\/schema.org\",\"@graph\":[{\"@type\":\"Article\",\"@id\":\"https:\/\/noticiasya.com\/2024\/09\/13\/papa-francisco-trump-harris-aborto-trax\/#article\",\"isPartOf\":{\"@id\":\"https:\/\/noticiasya.com\/2024\/09\/13\/papa-francisco-trump-harris-aborto-trax\/\"},\"author\":{\"name\":\"\",\"@id\":\"\"},\"headline\":\"El papa Francisco critica a Trump y Harris y dice que los votantes deben elegir entre \u201cel menor de dos males\u201d\",\"datePublished\":\"2024-09-14T05:03:47+00:00\",\"mainEntityOfPage\":{\"@id\":\"https:\/\/noticiasya.com\/2024\/09\/13\/papa-francisco-trump-harris-aborto-trax\/\"},\"wordCount\":694,\"commentCount\":0,\"publisher\":{\"@id\":\"https:\/\/noticiasya.com\/#organization\"},\"articleSection\":[\"Noticias Nacionales\"],\"inLanguage\":\"es\",\"potentialAction\":[{\"@type\":\"CommentAction\",\"name\":\"Comment\",\"target\":[\"https:\/\/noticiasya.com\/2024\/09\/13\/papa-francisco-trump-harris-aborto-trax\/#respond\"]}]},{\"@type\":\"WebPage\",\"@id\":\"https:\/\/noticiasya.com\/2024\/09\/13\/papa-francisco-trump-harris-aborto-trax\/\",\"url\":\"https:\/\/noticiasya.com\/2024\/09\/13\/papa-francisco-trump-harris-aborto-trax\/\",\"name\":\"El papa Francisco critica a Trump y Harris y dice que los votantes deben elegir entre \u201cel menor de dos males\u201d - Noticias\",\"isPartOf\":{\"@id\":\"https:\/\/noticiasya.com\/#website\"},\"datePublished\":\"2024-09-14T05:03:47+00:00\",\"breadcrumb\":{\"@id\":\"https:\/\/noticiasya.com\/2024\/09\/13\/papa-francisco-trump-harris-aborto-trax\/#breadcrumb\"},\"inLanguage\":\"es\",\"potentialAction\":[{\"@type\":\"ReadAction\",\"target\":[\"https:\/\/noticiasya.com\/2024\/09\/13\/papa-francisco-trump-harris-aborto-trax\/\"]}]},{\"@type\":\"BreadcrumbList\",\"@id\":\"https:\/\/noticiasya.com\/2024\/09\/13\/papa-francisco-trump-harris-aborto-trax\/#breadcrumb\",\"itemListElement\":[{\"@type\":\"ListItem\",\"position\":1,\"name\":\"Home\",\"item\":\"https:\/\/noticiasya.com\/\"},{\"@type\":\"ListItem\",\"position\":2,\"name\":\"El papa Francisco critica a Trump y Harris y dice que los votantes deben elegir entre \u201cel menor de dos males\u201d\"}]},{\"@type\":\"WebSite\",\"@id\":\"https:\/\/noticiasya.com\/#website\",\"url\":\"https:\/\/noticiasya.com\/\",\"name\":\"Noticias\",\"description\":\"Lo que importa\",\"publisher\":{\"@id\":\"https:\/\/noticiasya.com\/#organization\"},\"potentialAction\":[{\"@type\":\"SearchAction\",\"target\":{\"@type\":\"EntryPoint\",\"urlTemplate\":\"https:\/\/noticiasya.com\/?s={search_term_string}\"},\"query-input\":{\"@type\":\"PropertyValueSpecification\",\"valueRequired\":true,\"valueName\":\"search_term_string\"}}],\"inLanguage\":\"es\"},{\"@type\":\"Organization\",\"@id\":\"https:\/\/noticiasya.com\/#organization\",\"name\":\"Noticias\",\"url\":\"https:\/\/noticiasya.com\/\",\"logo\":{\"@type\":\"ImageObject\",\"inLanguage\":\"es\",\"@id\":\"https:\/\/noticiasya.com\/#\/schema\/logo\/image\/\",\"url\":\"https:\/\/noticiasya.com\/wp-content\/uploads\/sites\/22\/2023\/12\/logo-nacional.png\",\"contentUrl\":\"https:\/\/noticiasya.com\/wp-content\/uploads\/sites\/22\/2023\/12\/logo-nacional.png\",\"width\":1801,\"height\":691,\"caption\":\"Noticias\"},\"image\":{\"@id\":\"https:\/\/noticiasya.com\/#\/schema\/logo\/image\/\"}}]}<\/script>\n<!-- \/ Yoast SEO plugin. -->","yoast_head_json":{"title":"El papa Francisco critica a Trump y Harris y dice que los votantes deben elegir entre \u201cel menor de dos males\u201d - Noticias","robots":{"index":"index","follow":"follow","max-snippet":"max-snippet:-1","max-image-preview":"max-image-preview:large","max-video-preview":"max-video-preview:-1"},"canonical":"https:\/\/noticiasya.com\/2024\/09\/13\/papa-francisco-trump-harris-aborto-trax\/","og_locale":"es_ES","og_type":"article","og_title":"El papa Francisco critica a Trump y Harris y dice que los votantes deben elegir entre \u201cel menor de dos males\u201d - Noticias","og_description":"(CNN) &#8211;El papa Francisco describi\u00f3 este viernes la elecci\u00f3n que los votantes estadounidenses deben hacer en las elecciones presidenciales como una entre &#171;el menor de dos males&#187;, considerando que las pol\u00edticas antimigrantes del expresidente Donald Trump y el apoyo de la vicepresidenta Kamala Harris al derecho al aborto son ambas &#171;contra la vida.&#187; &#171;Hay que [&hellip;]","og_url":"https:\/\/noticiasya.com\/2024\/09\/13\/papa-francisco-trump-harris-aborto-trax\/","og_site_name":"Noticias","article_published_time":"2024-09-14T05:03:47+00:00","twitter_card":"summary_large_image","twitter_misc":{"Est. reading time":"3 minutos"},"schema":{"@context":"https:\/\/schema.org","@graph":[{"@type":"Article","@id":"https:\/\/noticiasya.com\/2024\/09\/13\/papa-francisco-trump-harris-aborto-trax\/#article","isPartOf":{"@id":"https:\/\/noticiasya.com\/2024\/09\/13\/papa-francisco-trump-harris-aborto-trax\/"},"author":{"name":"","@id":""},"headline":"El papa Francisco critica a Trump y Harris y dice que los votantes deben elegir entre \u201cel menor de dos males\u201d","datePublished":"2024-09-14T05:03:47+00:00","mainEntityOfPage":{"@id":"https:\/\/noticiasya.com\/2024\/09\/13\/papa-francisco-trump-harris-aborto-trax\/"},"wordCount":694,"commentCount":0,"publisher":{"@id":"https:\/\/noticiasya.com\/#organization"},"articleSection":["Noticias Nacionales"],"inLanguage":"es","potentialAction":[{"@type":"CommentAction","name":"Comment","target":["https:\/\/noticiasya.com\/2024\/09\/13\/papa-francisco-trump-harris-aborto-trax\/#respond"]}]},{"@type":"WebPage","@id":"https:\/\/noticiasya.com\/2024\/09\/13\/papa-francisco-trump-harris-aborto-trax\/","url":"https:\/\/noticiasya.com\/2024\/09\/13\/papa-francisco-trump-harris-aborto-trax\/","name":"El papa Francisco critica a Trump y Harris y dice que los votantes deben elegir entre \u201cel menor de dos males\u201d - Noticias","isPartOf":{"@id":"https:\/\/noticiasya.com\/#website"},"datePublished":"2024-09-14T05:03:47+00:00","breadcrumb":{"@id":"https:\/\/noticiasya.com\/2024\/09\/13\/papa-francisco-trump-harris-aborto-trax\/#breadcrumb"},"inLanguage":"es","potentialAction":[{"@type":"ReadAction","target":["https:\/\/noticiasya.com\/2024\/09\/13\/papa-francisco-trump-harris-aborto-trax\/"]}]},{"@type":"BreadcrumbList","@id":"https:\/\/noticiasya.com\/2024\/09\/13\/papa-francisco-trump-harris-aborto-trax\/#breadcrumb","itemListElement":[{"@type":"ListItem","position":1,"name":"Home","item":"https:\/\/noticiasya.com\/"},{"@type":"ListItem","position":2,"name":"El papa Francisco critica a Trump y Harris y dice que los votantes deben elegir entre \u201cel menor de dos males\u201d"}]},{"@type":"WebSite","@id":"https:\/\/noticiasya.com\/#website","url":"https:\/\/noticiasya.com\/","name":"Noticias","description":"Lo que importa","publisher":{"@id":"https:\/\/noticiasya.com\/#organization"},"potentialAction":[{"@type":"SearchAction","target":{"@type":"EntryPoint","urlTemplate":"https:\/\/noticiasya.com\/?s={search_term_string}"},"query-input":{"@type":"PropertyValueSpecification","valueRequired":true,"valueName":"search_term_string"}}],"inLanguage":"es"},{"@type":"Organization","@id":"https:\/\/noticiasya.com\/#organization","name":"Noticias","url":"https:\/\/noticiasya.com\/","logo":{"@type":"ImageObject","inLanguage":"es","@id":"https:\/\/noticiasya.com\/#\/schema\/logo\/image\/","url":"https:\/\/noticiasya.com\/wp-content\/uploads\/sites\/22\/2023\/12\/logo-nacional.png","contentUrl":"https:\/\/noticiasya.com\/wp-content\/uploads\/sites\/22\/2023\/12\/logo-nacional.png","width":1801,"height":691,"caption":"Noticias"},"image":{"@id":"https:\/\/noticiasya.com\/#\/schema\/logo\/image\/"}}]}},"parsely":{"version":"1.1.0","canonical_url":"https:\/\/noticiasya.com\/midland-odessa\/2024\/09\/13\/papa-francisco-trump-harris-aborto-trax\/","smart_links":{"inbound":0,"outbound":0},"traffic_boost_suggestions_count":0,"meta":{"@context":"https:\/\/schema.org","@type":"NewsArticle","headline":"El papa Francisco critica a Trump y Harris y dice que los votantes deben elegir entre \u201cel menor de dos males\u201d","url":"http:\/\/noticiasya.com\/midland-odessa\/2024\/09\/13\/papa-francisco-trump-harris-aborto-trax\/","mainEntityOfPage":{"@type":"WebPage","@id":"http:\/\/noticiasya.com\/midland-odessa\/2024\/09\/13\/papa-francisco-trump-harris-aborto-trax\/"},"thumbnailUrl":"","image":{"@type":"ImageObject","url":""},"articleSection":"Noticias Nacionales","author":[],"creator":[],"publisher":{"@type":"Organization","name":"Noticias","logo":""},"keywords":[],"dateCreated":"2024-09-14T05:03:47Z","datePublished":"2024-09-14T05:03:47Z","dateModified":"2024-09-14T05:03:47Z"},"rendered":"<script type=\"application\/ld+json\" class=\"wp-parsely-metadata\">{\"@context\":\"https:\\\/\\\/schema.org\",\"@type\":\"NewsArticle\",\"headline\":\"El papa Francisco critica a Trump y Harris y dice que los votantes deben elegir entre \\u201cel menor de dos males\\u201d\",\"url\":\"http:\\\/\\\/noticiasya.com\\\/midland-odessa\\\/2024\\\/09\\\/13\\\/papa-francisco-trump-harris-aborto-trax\\\/\",\"mainEntityOfPage\":{\"@type\":\"WebPage\",\"@id\":\"http:\\\/\\\/noticiasya.com\\\/midland-odessa\\\/2024\\\/09\\\/13\\\/papa-francisco-trump-harris-aborto-trax\\\/\"},\"thumbnailUrl\":\"\",\"image\":{\"@type\":\"ImageObject\",\"url\":\"\"},\"articleSection\":\"Noticias Nacionales\",\"author\":[],\"creator\":[],\"publisher\":{\"@type\":\"Organization\",\"name\":\"Noticias\",\"logo\":\"\"},\"keywords\":[],\"dateCreated\":\"2024-09-14T05:03:47Z\",\"datePublished\":\"2024-09-14T05:03:47Z\",\"dateModified\":\"2024-09-14T05:03:47Z\"}<\/script>","tracker_url":"https:\/\/cdn.parsely.com\/keys\/noticiasya.com\/p.js"},"jetpack_featured_media_url":"","jetpack-related-posts":[{"id":1455214,"url":"https:\/\/noticiasya.com\/midland-odessa\/2024\/10\/18\/trump-al-smith-harris-wisconsin-trax\/","url_meta":{"origin":1452668,"position":0},"title":"Trump insulta a Harris en la cena de Al Smith mientras ella recorre Wisconsin y se burla de sus afirmaciones de ser el \u201cpadre de la FIV\u201d","author":"","date":"octubre 18, 2024","format":false,"excerpt":"(CNN) -- Este jueves por la noche, el expresidente Donald Trump insult\u00f3 a la familia de la vicepresidenta Kamala Harris, pronunci\u00f3 repetidamente mal su nombre y se quej\u00f3 de c\u00f3mo fue tratado durante su presidencia, generando ocasionales aplausos y algunas risas de una audiencia amistosa en la cena ben\u00e9fica de\u2026","rel":"","context":"In &quot;Noticias Nacionales&quot;","block_context":{"text":"Noticias Nacionales","link":"https:\/\/noticiasya.com\/midland-odessa\/categoria\/noticias-nacionales"},"img":{"alt_text":"","src":"","width":0,"height":0},"classes":[]},{"id":1461855,"url":"https:\/\/noticiasya.com\/midland-odessa\/2025\/05\/01\/sergio-mora-las-congregaciones-generales-seran-determinantes-para-elegir-al-proximo-papa\/","url_meta":{"origin":1452668,"position":1},"title":"Sergio Mora: &#171;Las congregaciones generales ser\u00e1n determinantes para elegir al pr\u00f3ximo Papa&#187;","author":"","date":"mayo 1, 2025","format":false,"excerpt":"(CNN Radio Argentina) \u2014 Sergio Mora, periodista argentino radicado en Roma y miembro de la Associazione Stampa Estera in Italia, dialog\u00f3 este jueves con Regreso CNN, el programa de Mariana Arias y Pepe Gil Vidal, sobre el proceso previo al c\u00f3nclave y las posibles caracter\u00edsticas del futuro pont\u00edfice.Mora explic\u00f3 que\u2026","rel":"","context":"In &quot;Noticias Nacionales&quot;","block_context":{"text":"Noticias Nacionales","link":"https:\/\/noticiasya.com\/midland-odessa\/categoria\/noticias-nacionales"},"img":{"alt_text":"","src":"","width":0,"height":0},"classes":[]},{"id":1452993,"url":"https:\/\/noticiasya.com\/midland-odessa\/2024\/09\/24\/encuesta-cnn-harris-trump-carrera-presidencial-renida-trax\/","url_meta":{"origin":1452668,"position":2},"title":"Encuesta de CNN: Harris y Trump est\u00e1n sumidos en una carrera presidencial demasiado re\u00f1ida","author":"","date":"septiembre 24, 2024","format":false,"excerpt":"(CNN) -- La carrera por la presidencia de EE.UU. entre la vicepresidenta Kamala Harris y el expresidente Donald Trump est\u00e1 demasiado re\u00f1ida. El respaldo de Harris tiene como base un mayor carisma personal, mientras que Trump se apoya en una base incondicional y una amplia ventaja en el manejo de\u2026","rel":"","context":"In &quot;Noticias Nacionales&quot;","block_context":{"text":"Noticias Nacionales","link":"https:\/\/noticiasya.com\/midland-odessa\/categoria\/noticias-nacionales"},"img":{"alt_text":"","src":"","width":0,"height":0},"classes":[]},{"id":1461436,"url":"https:\/\/noticiasya.com\/midland-odessa\/2025\/04\/21\/muere-papa-francisco-vaticano-88-anos-orix\/","url_meta":{"origin":1452668,"position":3},"title":"Muere a los 88 a\u00f1os el papa Francisco","author":"","date":"abril 21, 2025","format":false,"excerpt":"El papa Francisco, portavoz de los pobres que super\u00f3 una f\u00e9rrea resistencia para transformar la Iglesia Cat\u00f3lica, falleci\u00f3 a los 88 a\u00f1os, anunci\u00f3 el Vaticano.El fallecimiento del papa fue anunciado este lunes por la ma\u00f1ana por el cardenal Kevin Farrell, camarlengo del Vaticano.\u201cQueridos hermanos y hermanas, con profundo pesar debo\u2026","rel":"","context":"In &quot;Noticias Nacionales&quot;","block_context":{"text":"Noticias Nacionales","link":"https:\/\/noticiasya.com\/midland-odessa\/categoria\/noticias-nacionales"},"img":{"alt_text":"","src":"","width":0,"height":0},"classes":[]},{"id":1461447,"url":"https:\/\/noticiasya.com\/midland-odessa\/2025\/04\/21\/frases-papa-francisco-orix\/","url_meta":{"origin":1452668,"position":4},"title":"23 frases memorables del papa Francisco","author":"","date":"abril 21, 2025","format":false,"excerpt":"Desde que fue nombrado obispo de Roma en 2013, el papa Francisco \u2014fallecido el 21 de abril de 2025\u2014 se caracteriz\u00f3 por su humildad, por ser un transgresor de las tradiciones de la Iglesia en temas pol\u00e9micos dentro del culto religioso y por marcar la diferencia, ya sea por sus\u2026","rel":"","context":"In &quot;Noticias Nacionales&quot;","block_context":{"text":"Noticias Nacionales","link":"https:\/\/noticiasya.com\/midland-odessa\/categoria\/noticias-nacionales"},"img":{"alt_text":"","src":"","width":0,"height":0},"classes":[]},{"id":1461503,"url":"https:\/\/noticiasya.com\/midland-odessa\/2025\/04\/22\/asi-sera-funeral-papa-francisco-cuando-donde-trax\/","url_meta":{"origin":1452668,"position":5},"title":"Funeral del papa Francisco: cu\u00e1ndo, d\u00f3nde ser\u00e1 y lo que debes saber","author":"","date":"abril 22, 2025","format":false,"excerpt":"Aunque el papa Francisco simplific\u00f3 los ritos funerarios papales en un movimiento de t\u00edpica modestia, la ceremonia del s\u00e1bado estar\u00e1 a\u00fan llena de pompa y esplendor, mientras los cat\u00f3licos del mundo le dan su \u00faltimo adi\u00f3s y los cardenales en el Vaticano se preparan para el proceso milenario de elegir\u2026","rel":"","context":"In &quot;Noticias Nacionales&quot;","block_context":{"text":"Noticias Nacionales","link":"https:\/\/noticiasya.com\/midland-odessa\/categoria\/noticias-nacionales"},"img":{"alt_text":"","src":"","width":0,"height":0},"classes":[]}],"jetpack_sharing_enabled":true,"_links":{"self":[{"href":"https:\/\/noticiasya.com\/midland-odessa\/wp-json\/wp\/v2\/posts\/1452668","targetHints":{"allow":["GET"]}}],"collection":[{"href":"https:\/\/noticiasya.com\/midland-odessa\/wp-json\/wp\/v2\/posts"}],"about":[{"href":"https:\/\/noticiasya.com\/midland-odessa\/wp-json\/wp\/v2\/types\/post"}],"replies":[{"embeddable":true,"href":"https:\/\/noticiasya.com\/midland-odessa\/wp-json\/wp\/v2\/comments?post=1452668"}],"version-history":[{"count":0,"href":"https:\/\/noticiasya.com\/midland-odessa\/wp-json\/wp\/v2\/posts\/1452668\/revisions"}],"wp:attachment":[{"href":"https:\/\/noticiasya.com\/midland-odessa\/wp-json\/wp\/v2\/media?parent=1452668"}],"wp:term":[{"taxonomy":"category","embeddable":true,"href":"https:\/\/noticiasya.com\/midland-odessa\/wp-json\/wp\/v2\/categories?post=1452668"},{"taxonomy":"post_tag","embeddable":true,"href":"https:\/\/noticiasya.com\/midland-odessa\/wp-json\/wp\/v2\/tags?post=1452668"}],"curies":[{"name":"wp","href":"https:\/\/api.w.org\/{rel}","templated":true}]}}