{"id":1452673,"date":"2024-09-14T06:03:50","date_gmt":"2024-09-14T13:03:50","guid":{"rendered":"https:\/\/noticiasya.com\/2024\/09\/14\/entrevista-saul-canelo-alvarez-edgar-berlanga-orix\/"},"modified":"2024-09-14T06:03:50","modified_gmt":"2024-09-14T13:03:50","slug":"entrevista-saul-canelo-alvarez-edgar-berlanga-orix","status":"publish","type":"post","link":"https:\/\/noticiasya.com\/midland-odessa\/2024\/09\/14\/entrevista-saul-canelo-alvarez-edgar-berlanga-orix\/","title":{"rendered":"Mano a mano con Sa\u00fal &#171;Canelo&#187; \u00c1lvarez y Edgar Berlanga antes del gran combate"},"content":{"rendered":"<p>(CNN Espa\u00f1ol)&#8211; Este s\u00e1bado Sa\u00fal &#171;Canelo&#187; \u00c1lvarez se subir\u00e1 al ring del T-Mobile Arena de Las Vegas para enfrentar al estadounidense de origen puertorrique\u00f1o Edgar Berlanga. El mexicano dej\u00f3 de ser campe\u00f3n indiscutido, pero en esta pelea expondr\u00e1 sus t\u00edtulos de peso supermediano del Consejo Mundial de Boxeo, la Organizaci\u00f3n Mundial de Boxeo y la Asociaci\u00f3n Mundial de Boxeo.<\/p>\n<p>El Canelo enfrenta a un rival de alto calibre, quien no tiene una foja tan grande, pero que en 22 peleas invicto ha conseguido 17 victorias por la v\u00eda del nocaut. Gonzalo Alvarado, desde Las Vegas, se sent\u00f3 a un mano a mano con ambos p\u00fagiles de cara a este duelo crucial.<\/p>\n<p>LAS VEGAS, NEVADA &#8211; 4 de mayo de 2024. Canelo \u00c1lvarez hace su entrada por la pelea del t\u00edtulo indiscutido ante Jaime Mungu\u00eda en el T-Mobile Arena. (Foto: Ethan Miller\/Getty Images)<\/p>\n<p>Gonzalo Alvarado:<br \/>\nVan casi tres a\u00f1os que no ganas a trav\u00e9s de un nocaut. \u00bfSer\u00e1 esta la excepci\u00f3n, vas a romper esa racha el s\u00e1bado?<\/p>\n<p>Sa\u00fal \u201cCanelo\u201d \u00c1lvarez:<br \/>\nObviamente. Siempre quieres ganar por nocaut, es bonito, y tambi\u00e9n para la gente, siempre. Si tengo la oportunidad, lo voy a hacer, cr\u00e9eme. Y en esta ocasi\u00f3n no va a ser la excepci\u00f3n, voy a salir ah\u00ed a buscar el nocaut. Y si se da, qu\u00e9 bueno y que la gente disfrute de un gran nocaut.<\/p>\n<p>Gonzalo Alvarado:<br \/>\n\u00bfCu\u00e1nto valor box\u00edstico aporta cuando te enfrentas a un contrincante que no tienen la misma \u2015digamos\u2015 experiencia o la misma cartelera o peleas que t\u00fa?<\/p>\n<p>Sa\u00fal \u201cCanelo\u201d \u00c1lvarez:<br \/>\nSiempre se aprende algo, siempre de todo peleador se aprende algo. Hasta de los ni\u00f1os aprendes, si te pones a pensar, si te pones a ver, siempre aprendes algo. \u00a0Y esta manera igual siempre se aprende algo. Esperemos aprender algo de Berlanga el s\u00e1bado, pero m\u00e1s que nada ganar, tener una victoria m\u00e1s y que la gente disfrute de una gran pelea.<\/p>\n<p>\u201cCanelo\u201d \u00c1lvarez expone su r\u00e9cord ante el peligroso Edgar Berlanga 1:02<\/p>\n<p>\u00bfViene una pelea en Arabia Saudita para el Canelo?<\/p>\n<p>Mucho se ha especulado de un gran combate en Arabia Saudita teniendo al Canelo como gran protagonista y, por qu\u00e9 no, con el pedido popular de enfrentar a David Benavidez. El peleador mexicano est\u00e1 concentrado en su rival inmediato, pero no descart\u00f3, dadas las condiciones, de pelear por fuera de Estados Unidos o M\u00e9xico.<\/p>\n<p>Gonzalo Alvarado:<br \/>\nEn internet y en redes sociales se habla de que en Arabia Saudita est\u00e1n muy interesados en armar una pelea contigo. \u00bfEstar\u00eda dispuesto el Canelo a pelear fuera de M\u00e9xico y Estados Unidos, si se llegar a presentar una bolsa atractiva?.<\/p>\n<p>Sa\u00fal \u201cCanelo\u201d \u00c1lvarez:<br \/>\nSi, pues todo depende de c\u00f3mo se hiciera, la bolsa, todo, c\u00f3mo se tendr\u00eda que hacer. Siempre estoy puesto para hacer lo mejor para m\u00ed, para mi carrera y, si se da la oportunidad, en el buen sentido, pues claro.<\/p>\n<p>Gonzalo Alvarado:<br \/>\nSi fuera as\u00ed, \u00bfcon cu\u00e1l boxeador te gustar\u00eda enfrentarte?<\/p>\n<p>Sa\u00fal \u201cCanelo\u201d \u00c1lvarez:<br \/>\nNo s\u00e9. Ahora s\u00ed es que ver\u00edamos con qui\u00e9n. Pero ahora s\u00ed que primero es enero, despu\u00e9s febrero.<\/p>\n<p>Gonzalo Alvarado:<br \/>\nCuando se elige una pelea con la cadena y que una pelea la bolsa, \u00bfqu\u00e9 porcentaje de la bolsa te llevas t\u00fa y qu\u00e9 porcentaje se lleva el contrincante?<\/p>\n<p>Sa\u00fal \u201cCanelo\u201d \u00c1lvarez:<br \/>\nObviamente, los promotores le ofrecen lo que se tiene que ofrecer. Ellos pelean con su paga y ese rollo, y que est\u00e9n contentos tambi\u00e9n es de lo que se trata. Yo tengo mi garant\u00eda y m\u00e1s aparte pues obviamente de lo que salga de las peleas y el PPV.<\/p>\n<p>Un d\u00eda especial en Las Vegas en el marco de la Independencia de M\u00e9xico. \u00bfEs el UFC el gran rival para el Canelo fuera del cuadril\u00e1tero?<\/p>\n<p>Gonzalo Alvarado:<br \/>\nEste s\u00e1bado se lleva a cabo un evento de las artes marciales mixtas, el UFC, aqu\u00ed en el Sphere. \u00bfEste tipo de eventos crees que opaca una cartelera como la tuya?<\/p>\n<p>Sa\u00fal \u201cCanelo\u201d \u00c1lvarez:<br \/>\nNo, no, para nada. No opaca en el absoluto. La verdad que yo no estoy aqu\u00ed para competir con nadie. S\u00e9 que tengo mis fans, s\u00e9 lo que puedo hacer y, al contrario, me siento orgulloso de que otros mexicanos tambi\u00e9n est\u00e9n siendo parte de este fin de semana de la Independencia en otro evento. Pero lo est\u00e1n haciendo. Entonces me siento orgulloso de eso tambi\u00e9n.<\/p>\n<p>Gonzalo Alvarado:<br \/>\nY de los mexicanos. Primero, tu estatus (migratorio). \u00bfTienes residencia, Canelo, visa de trabajo?<\/p>\n<p>Sa\u00fal \u201cCanelo\u201d \u00c1lvarez:<br \/>\nDe trabajo.<\/p>\n<p>Gonzalo Alvarado:<br \/>\nQuiz\u00e1s miles o millones de mexicanos que viven en Estados Unidos que no tienen estatus (migratorio legal) son los que te apoyan en tu carrera, \u00bfqu\u00e9 tan solidario est\u00e1s t\u00fa \u2015que digamos\u2015 de que se llegue a aprobar la reforma migratoria, que puedan estar m\u00e1s estables aqu\u00ed en este pa\u00eds?<\/p>\n<p>Sa\u00fal \u201cCanelo\u201d \u00c1lvarez:<br \/>\nPues es lo importante, \u00bfno? Lo m\u00e1s importante para ellos es que est\u00e9n tranquilos, que est\u00e9n bien, contentos, haciendo, trabajando, porque al final de cuentas somos trabajadores.<\/p>\n<p>Donde quiera que voy, veo a mexicanos, a los restaurantes importantes y est\u00e1n ah\u00ed de cocineros, de chefs y trabajando. Y a m\u00ed me enorgullece much\u00edsimo.<\/p>\n<p>Somos muy trabajadores y creo que es importante que se sientan bien, que se sientan arropados por un pa\u00eds al cual les damos mucho, tambi\u00e9n muchos servicios, mucho trabajo, y siento que el pa\u00eds deber\u00eda dejar arropar a esa gente trabajadora.<\/p>\n<p>Gonzalo Alvarado:<br \/>\nAdem\u00e1s de que t\u00fa festejas la Independencia de M\u00e9xico arriba del box, \u00bfde qu\u00e9 otra forma lo festejas? \u00bfRodeado de familia?<\/p>\n<p>Sa\u00fal \u201cCanelo\u201d \u00c1lvarez:<br \/>\nCon mi familia, pues obviamente. A mi hija le gusta ponerse vestidos de M\u00e9xico y todo este tipo de cosas. Y pues s\u00ed festejamos mucho nuestra Independencia de M\u00e9xico. Normalmente me toca festejar la pelea, cuando no pues me toca estar entrenando. No, no hay mucho qu\u00e9 hacer, pero siempre, siempre, muy orgulloso.<\/p>\n<p>ZAPOP\u00c1N, JALISCO &#8211; 6 de mayo de 2023. Canelo \u00c1lvarez celebra con su familia despu\u00e9s de su triunfo ante John Ryder. (Foto: Hector Vivas\/Getty Images)<\/p>\n<p>Gonzalo Alvarado:<br \/>\n\u00bfQu\u00e9 es lo que te dicen tus hijos cada vez que vas a subir al cuadril\u00e1tero? \u00bfY te los llevas siempre contigo al momento de estar peleando?<\/p>\n<p>Sa\u00fal \u201cCanelo\u201d \u00c1lvarez:<br \/>\nEllos, muy contentos, muy orgullosos de m\u00ed. Los veo c\u00f3mo se ponen de ansiosos, de orgullosos de su pap\u00e1. C\u00f3mo me ven, pues soy un ejemplo para ellos y me enorgullece mucho hacerlo.<\/p>\n<p>Gonzalo Alvarado:<br \/>\nTe vimos en Pasadena en el partido M\u00e9xico vs. Nueva Zelandia. \u00bfQu\u00e9 futuro le depara a M\u00e9xico, a la selecci\u00f3n de f\u00fatbol mexicana mayor, ahora bajo el mando del Vasco Aguirre y Rafa M\u00e1rquez?<\/p>\n<p>Sa\u00fal \u201cCanelo\u201d \u00c1lvarez:<br \/>\nPues yo pienso que van a hacer una muy buena mancuerna entre Aguirre y Rafa M\u00e1rquez para poder exponer esa espinita de positividad, de buena actitud para los jugadores. Que todos, cada uno de ellos, tienen que tener esa mentalidad ganadora. Esa mentalidad de ganar partidos, de ganar campeonatos, y creo que es muy bueno y yo creo que lo que tienen que hacer es darle tiempo al equipo, darle tiempo a los que est\u00e1n ah\u00ed para poder adaptarse; tambi\u00e9n a los jugadores, conocerlos m\u00e1s y poder avanzar.<\/p>\n<p>Edgar Berlanga, un peleador con una corta carrera, pero con una foja bastante explosiva<\/p>\n<p>\u201cCanelo\u201d \u00c1lvarez expone su r\u00e9cord ante el peligroso Edgar Berlanga 1:02<\/p>\n<p>El rival del Canelo \u00c1lvarez, Edgar Berlanga, sabe muy bien la importancia de este combate para su propia carrera en el boxeo. Si bien su elecci\u00f3n ha sido cuestionada por ser considerarlo un rival f\u00e1cil para el mexicano \u2015que lo supera con creces su trayectoria en combates y victorias\u2015 lo cierto es que Berlanga busca dar la sorpresa ante un rival que, como \u00e9l mismo reconoce, ya le cambi\u00f3 su vida pero que considera un peleador m\u00e1s.<\/p>\n<p>Gonzalo Alvarado:<br \/>\nQuisi\u00e9ramos conocer c\u00f3mo te has preparado para esta pelea contra el Canelo \u00c1lvarez.<\/p>\n<p>Edgar Berlanga:<br \/>\nMe prepar\u00e9 bien fuerte, hice un campamento bien fuerte de casi seis semanas en Boulder, Colorado. Estaba viviendo en la monta\u00f1a para coger ese aire, porque t\u00fa sabes que esto va a ser una pelea fuerte y se necesita una buena condici\u00f3n.<\/p>\n<p>Gonzalo Alvarado:<br \/>\nEsta preparaci\u00f3n contra el Canelo ha sido \u2015me imagino\u2015 diferente que cuando te has enfrentado a otro rival.<\/p>\n<p>Edgar Berlanga:<br \/>\nS\u00ed, Canelo es Canelo, me entiende. Pero para m\u00ed, para m\u00ed en verdad, es otro peleador para m\u00ed, \u00bfme entiende? Y no, yo no estoy mirando como (voz de asombro) &#171;estoy peleando con Canelo&#187;, \u00bfme entiende? Para m\u00ed, eso no est\u00e1 en mi mente, es otro peleador.<\/p>\n<p>Edgar Berlanga dice que Canelo \u00c1lvarez no lo intimida 1:15<\/p>\n<p>Gonzalo Alvarado:<br \/>\nLlegas invicto a esta pelea. \u00bfEst\u00e1s preparado para sumar otra victoria o si las cosas quedan de otro lado, que registra la primera derrota? \u00bfC\u00f3mo es tu mentalidad en ese aspecto?<\/p>\n<p>Edgar Berlanga:<br \/>\nNo, mi mentalidad es para ganar este s\u00e1bado y para hacer historia para Puerto Rico, para Latinoam\u00e9rica y para m\u00ed tambi\u00e9n, \u00bfme entiende? Para hacer historia y para ser una leyenda como \u00e9l. Nosotros tenemos una nueva oportunidad grande este s\u00e1bado, vamos a coger esa oportunidad y vamos arriba, va a ser una pelea explosiva, inteligente, estamos ready (listos).<\/p>\n<p>Gonzalo Alvarado:<br \/>\n\u00bfC\u00f3mo te sientes t\u00fa que seas parte de esa leyenda? Porque Puerto Rico y M\u00e9xico siempre ha sido grandes rivales en el boxeo, y que t\u00fa te enfrentes con una gran figura como el Canelo, \u00bfeso te llena de mucho orgullo?<\/p>\n<p>Edgar Berlanga:<br \/>\nS\u00ed, mucho orgullo. Mucho orgullo representar a Puerto Rico en este momento. Porque en momentos como cuando Tito perdi\u00f3 contra \u00d3scar de la Hoya, Macho Camacho contra Julio C\u00e9sar Ch\u00e1vez, \u00bfme entiende? \u00a0Y ahora esta es otra pelea m\u00e1s para historia de Puerto Rico contra M\u00e9xico y estamos listos, estamos bien, estamos felices. Yo quiero hace historia, quiero una victoria para Puerto Rico, ganar para mi gente, para Latinoam\u00e9rica.<\/p>\n<p>Para m\u00ed, el Canelo\u2026 ya su tiempo pas\u00f3, ahora el tiempo es de Edgar Berlanga.<\/p>\n<p>Berlanga dice que Canelo es parte del pasado: \u201cAhora es mi tiempo\u201d 2:25<\/p>\n<p>Gonzalo Alvarado:<br \/>\n\u00bfC\u00f3mo ha cambiado tu vida ahora que te vas a enfrentar contra Canelo?<\/p>\n<p>Edgar Berlanga:<br \/>\nCambi\u00f3 todo. Ahora tenemos muchos ojos encima de m\u00ed. Yo puedo hablar m\u00e1s de mi vida como crec\u00ed, mi vida, viviendo en el caser\u00edo, en Nueva York. Mi pap\u00e1 fue para la c\u00e1rcel muchos a\u00f1os, ahora tenemos muchos ojos y puedo mostrarle al mundo realmente qui\u00e9n soy.<\/p>\n<p>Gonzalo Alvarado:<br \/>\nSi t\u00fa te describieras en tres palabras como boxeador, \u00bfcomo te describir\u00edas?<\/p>\n<p>Edgar Berlanga:<br \/>\nCon buen movimiento, buena cintura e inteligente. Tengo mucho IQ.<\/p>\n<p>BEVERLY HILLS, CALIFORNIA &#8211; 6 de agosto 2024: Canelo \u00c1lvarez y Edgar Berlanga en la conferencia de prensa del tour de promoci\u00f3n del combate del 14 de septiembre. (Foto: Kaelin Mendez\/Getty Images)<\/p>\n<p>Gonzalo Alvarado:<br \/>\nLo que vimos en la conferencia de prensa en Beverly Hills donde hubo ese encuentro y se notaba que hab\u00eda mucha rivalidad, como que t\u00fa tienes ganas de demostrar qui\u00e9n es Berlanga. \u00bfT\u00fa quieres que ese nombre, Edgar Berlanga, quede ahora inmortalizado al enfrentar a un boxeador como el Canelo?<\/p>\n<p>Edgar Berlanga:<br \/>\nYo quiero poner el nombre m\u00edo, Berlanga, como \u00e9l, como Canelo. Yo quiero hacer historia, poner mi apellido legendario. Como una leyenda, como Tito, como Cotto, como Camacho, como Alfredo Ben\u00edtez, como ellos, de Puerto Rico representando.<\/p>\n<p>Gonzalo Alvarado:<br \/>\nAhora ya est\u00e1s peleando en una \u00e9poca del a\u00f1o que es muy importante para los mexicanos, la Independencia. Es una \u00e9poca donde a Las Vegas llega mucho mexicano y a apoyar, en este caso, al Canelo. Vas a tener una afici\u00f3n, la mayor\u00eda de la afici\u00f3n, va a estar a favor del Canelo. \u00bfEst\u00e1s mentalizado, preparado mentalmente, para enfrentar a la afici\u00f3n de esa forma?<\/p>\n<p>Edgar Berlanga:<br \/>\nS\u00ed, estamos bien, porque eso es como el desfile puertorrique\u00f1o en Nueva York. Pero estamos bien, porque s\u00e9 que vamos tener muchos fan\u00e1ticos apoy\u00e1ndome ese d\u00eda, el s\u00e1bado. Puerto Rico va a estar all\u00e1 en la pelea con las banderas representando Puerto Rico duro.<\/p>\n<p>The-CNN-Wire<br \/>&trade; &amp; &copy; 2024 Cable News Network, Inc., a Warner Bros. Discovery Company. All rights reserved.<\/p>\n","protected":false},"excerpt":{"rendered":"<p>(CNN Espa\u00f1ol)&#8211; Este s\u00e1bado Sa\u00fal &#171;Canelo&#187; \u00c1lvarez se subir\u00e1 al ring del T-Mobile Arena de Las Vegas para enfrentar al estadounidense de origen puertorrique\u00f1o Edgar Berlanga. El mexicano dej\u00f3 de ser campe\u00f3n indiscutido, pero en esta pelea expondr\u00e1 sus t\u00edtulos de peso supermediano del Consejo Mundial de Boxeo, la Organizaci\u00f3n Mundial de Boxeo y la [&hellip;]<\/p>\n","protected":false},"author":0,"featured_media":0,"comment_status":"open","ping_status":"open","sticky":false,"template":"","format":"standard","meta":{"_jetpack_memberships_contains_paid_content":false,"footnotes":""},"categories":[10],"tags":[],"class_list":["post-1452673","post","type-post","status-publish","format-standard","hentry","category-noticias-nacionales","market-global"],"yoast_head":"<!-- This site is optimized with the Yoast SEO plugin v24.4 - https:\/\/yoast.com\/wordpress\/plugins\/seo\/ -->\n<title>Mano a mano con Sa\u00fal &quot;Canelo&quot; \u00c1lvarez y Edgar Berlanga antes del gran combate - Noticias<\/title>\n<meta name=\"robots\" content=\"index, follow, max-snippet:-1, max-image-preview:large, max-video-preview:-1\" \/>\n<link rel=\"canonical\" href=\"https:\/\/noticiasya.com\/2024\/09\/14\/entrevista-saul-canelo-alvarez-edgar-berlanga-orix\/\" \/>\n<meta property=\"og:locale\" content=\"es_ES\" \/>\n<meta property=\"og:type\" content=\"article\" \/>\n<meta property=\"og:title\" content=\"Mano a mano con Sa\u00fal &quot;Canelo&quot; \u00c1lvarez y Edgar Berlanga antes del gran combate - Noticias\" \/>\n<meta property=\"og:description\" content=\"(CNN Espa\u00f1ol)&#8211; Este s\u00e1bado Sa\u00fal &#171;Canelo&#187; \u00c1lvarez se subir\u00e1 al ring del T-Mobile Arena de Las Vegas para enfrentar al estadounidense de origen puertorrique\u00f1o Edgar Berlanga. El mexicano dej\u00f3 de ser campe\u00f3n indiscutido, pero en esta pelea expondr\u00e1 sus t\u00edtulos de peso supermediano del Consejo Mundial de Boxeo, la Organizaci\u00f3n Mundial de Boxeo y la [&hellip;]\" \/>\n<meta property=\"og:url\" content=\"https:\/\/noticiasya.com\/2024\/09\/14\/entrevista-saul-canelo-alvarez-edgar-berlanga-orix\/\" \/>\n<meta property=\"og:site_name\" content=\"Noticias\" \/>\n<meta property=\"article:published_time\" content=\"2024-09-14T13:03:50+00:00\" \/>\n<meta name=\"twitter:card\" content=\"summary_large_image\" \/>\n<meta name=\"twitter:label1\" content=\"Est. reading time\" \/>\n\t<meta name=\"twitter:data1\" content=\"11 minutos\" \/>\n<script type=\"application\/ld+json\" class=\"yoast-schema-graph\">{\"@context\":\"https:\/\/schema.org\",\"@graph\":[{\"@type\":\"Article\",\"@id\":\"https:\/\/noticiasya.com\/2024\/09\/14\/entrevista-saul-canelo-alvarez-edgar-berlanga-orix\/#article\",\"isPartOf\":{\"@id\":\"https:\/\/noticiasya.com\/2024\/09\/14\/entrevista-saul-canelo-alvarez-edgar-berlanga-orix\/\"},\"author\":{\"name\":\"\",\"@id\":\"\"},\"headline\":\"Mano a mano con Sa\u00fal &#171;Canelo&#187; \u00c1lvarez y Edgar Berlanga antes del gran combate\",\"datePublished\":\"2024-09-14T13:03:50+00:00\",\"mainEntityOfPage\":{\"@id\":\"https:\/\/noticiasya.com\/2024\/09\/14\/entrevista-saul-canelo-alvarez-edgar-berlanga-orix\/\"},\"wordCount\":2150,\"commentCount\":0,\"publisher\":{\"@id\":\"https:\/\/noticiasya.com\/#organization\"},\"articleSection\":[\"Noticias Nacionales\"],\"inLanguage\":\"es\",\"potentialAction\":[{\"@type\":\"CommentAction\",\"name\":\"Comment\",\"target\":[\"https:\/\/noticiasya.com\/2024\/09\/14\/entrevista-saul-canelo-alvarez-edgar-berlanga-orix\/#respond\"]}]},{\"@type\":\"WebPage\",\"@id\":\"https:\/\/noticiasya.com\/2024\/09\/14\/entrevista-saul-canelo-alvarez-edgar-berlanga-orix\/\",\"url\":\"https:\/\/noticiasya.com\/2024\/09\/14\/entrevista-saul-canelo-alvarez-edgar-berlanga-orix\/\",\"name\":\"Mano a mano con Sa\u00fal \\\"Canelo\\\" \u00c1lvarez y Edgar Berlanga antes del gran combate - Noticias\",\"isPartOf\":{\"@id\":\"https:\/\/noticiasya.com\/#website\"},\"datePublished\":\"2024-09-14T13:03:50+00:00\",\"breadcrumb\":{\"@id\":\"https:\/\/noticiasya.com\/2024\/09\/14\/entrevista-saul-canelo-alvarez-edgar-berlanga-orix\/#breadcrumb\"},\"inLanguage\":\"es\",\"potentialAction\":[{\"@type\":\"ReadAction\",\"target\":[\"https:\/\/noticiasya.com\/2024\/09\/14\/entrevista-saul-canelo-alvarez-edgar-berlanga-orix\/\"]}]},{\"@type\":\"BreadcrumbList\",\"@id\":\"https:\/\/noticiasya.com\/2024\/09\/14\/entrevista-saul-canelo-alvarez-edgar-berlanga-orix\/#breadcrumb\",\"itemListElement\":[{\"@type\":\"ListItem\",\"position\":1,\"name\":\"Home\",\"item\":\"https:\/\/noticiasya.com\/\"},{\"@type\":\"ListItem\",\"position\":2,\"name\":\"Mano a mano con Sa\u00fal &#171;Canelo&#187; \u00c1lvarez y Edgar Berlanga antes del gran combate\"}]},{\"@type\":\"WebSite\",\"@id\":\"https:\/\/noticiasya.com\/#website\",\"url\":\"https:\/\/noticiasya.com\/\",\"name\":\"Noticias\",\"description\":\"Lo que importa\",\"publisher\":{\"@id\":\"https:\/\/noticiasya.com\/#organization\"},\"potentialAction\":[{\"@type\":\"SearchAction\",\"target\":{\"@type\":\"EntryPoint\",\"urlTemplate\":\"https:\/\/noticiasya.com\/?s={search_term_string}\"},\"query-input\":{\"@type\":\"PropertyValueSpecification\",\"valueRequired\":true,\"valueName\":\"search_term_string\"}}],\"inLanguage\":\"es\"},{\"@type\":\"Organization\",\"@id\":\"https:\/\/noticiasya.com\/#organization\",\"name\":\"Noticias\",\"url\":\"https:\/\/noticiasya.com\/\",\"logo\":{\"@type\":\"ImageObject\",\"inLanguage\":\"es\",\"@id\":\"https:\/\/noticiasya.com\/#\/schema\/logo\/image\/\",\"url\":\"https:\/\/noticiasya.com\/wp-content\/uploads\/sites\/22\/2023\/12\/logo-nacional.png\",\"contentUrl\":\"https:\/\/noticiasya.com\/wp-content\/uploads\/sites\/22\/2023\/12\/logo-nacional.png\",\"width\":1801,\"height\":691,\"caption\":\"Noticias\"},\"image\":{\"@id\":\"https:\/\/noticiasya.com\/#\/schema\/logo\/image\/\"}}]}<\/script>\n<!-- \/ Yoast SEO plugin. -->","yoast_head_json":{"title":"Mano a mano con Sa\u00fal \"Canelo\" \u00c1lvarez y Edgar Berlanga antes del gran combate - Noticias","robots":{"index":"index","follow":"follow","max-snippet":"max-snippet:-1","max-image-preview":"max-image-preview:large","max-video-preview":"max-video-preview:-1"},"canonical":"https:\/\/noticiasya.com\/2024\/09\/14\/entrevista-saul-canelo-alvarez-edgar-berlanga-orix\/","og_locale":"es_ES","og_type":"article","og_title":"Mano a mano con Sa\u00fal \"Canelo\" \u00c1lvarez y Edgar Berlanga antes del gran combate - Noticias","og_description":"(CNN Espa\u00f1ol)&#8211; Este s\u00e1bado Sa\u00fal &#171;Canelo&#187; \u00c1lvarez se subir\u00e1 al ring del T-Mobile Arena de Las Vegas para enfrentar al estadounidense de origen puertorrique\u00f1o Edgar Berlanga. El mexicano dej\u00f3 de ser campe\u00f3n indiscutido, pero en esta pelea expondr\u00e1 sus t\u00edtulos de peso supermediano del Consejo Mundial de Boxeo, la Organizaci\u00f3n Mundial de Boxeo y la [&hellip;]","og_url":"https:\/\/noticiasya.com\/2024\/09\/14\/entrevista-saul-canelo-alvarez-edgar-berlanga-orix\/","og_site_name":"Noticias","article_published_time":"2024-09-14T13:03:50+00:00","twitter_card":"summary_large_image","twitter_misc":{"Est. reading time":"11 minutos"},"schema":{"@context":"https:\/\/schema.org","@graph":[{"@type":"Article","@id":"https:\/\/noticiasya.com\/2024\/09\/14\/entrevista-saul-canelo-alvarez-edgar-berlanga-orix\/#article","isPartOf":{"@id":"https:\/\/noticiasya.com\/2024\/09\/14\/entrevista-saul-canelo-alvarez-edgar-berlanga-orix\/"},"author":{"name":"","@id":""},"headline":"Mano a mano con Sa\u00fal &#171;Canelo&#187; \u00c1lvarez y Edgar Berlanga antes del gran combate","datePublished":"2024-09-14T13:03:50+00:00","mainEntityOfPage":{"@id":"https:\/\/noticiasya.com\/2024\/09\/14\/entrevista-saul-canelo-alvarez-edgar-berlanga-orix\/"},"wordCount":2150,"commentCount":0,"publisher":{"@id":"https:\/\/noticiasya.com\/#organization"},"articleSection":["Noticias Nacionales"],"inLanguage":"es","potentialAction":[{"@type":"CommentAction","name":"Comment","target":["https:\/\/noticiasya.com\/2024\/09\/14\/entrevista-saul-canelo-alvarez-edgar-berlanga-orix\/#respond"]}]},{"@type":"WebPage","@id":"https:\/\/noticiasya.com\/2024\/09\/14\/entrevista-saul-canelo-alvarez-edgar-berlanga-orix\/","url":"https:\/\/noticiasya.com\/2024\/09\/14\/entrevista-saul-canelo-alvarez-edgar-berlanga-orix\/","name":"Mano a mano con Sa\u00fal \"Canelo\" \u00c1lvarez y Edgar Berlanga antes del gran combate - Noticias","isPartOf":{"@id":"https:\/\/noticiasya.com\/#website"},"datePublished":"2024-09-14T13:03:50+00:00","breadcrumb":{"@id":"https:\/\/noticiasya.com\/2024\/09\/14\/entrevista-saul-canelo-alvarez-edgar-berlanga-orix\/#breadcrumb"},"inLanguage":"es","potentialAction":[{"@type":"ReadAction","target":["https:\/\/noticiasya.com\/2024\/09\/14\/entrevista-saul-canelo-alvarez-edgar-berlanga-orix\/"]}]},{"@type":"BreadcrumbList","@id":"https:\/\/noticiasya.com\/2024\/09\/14\/entrevista-saul-canelo-alvarez-edgar-berlanga-orix\/#breadcrumb","itemListElement":[{"@type":"ListItem","position":1,"name":"Home","item":"https:\/\/noticiasya.com\/"},{"@type":"ListItem","position":2,"name":"Mano a mano con Sa\u00fal &#171;Canelo&#187; \u00c1lvarez y Edgar Berlanga antes del gran combate"}]},{"@type":"WebSite","@id":"https:\/\/noticiasya.com\/#website","url":"https:\/\/noticiasya.com\/","name":"Noticias","description":"Lo que importa","publisher":{"@id":"https:\/\/noticiasya.com\/#organization"},"potentialAction":[{"@type":"SearchAction","target":{"@type":"EntryPoint","urlTemplate":"https:\/\/noticiasya.com\/?s={search_term_string}"},"query-input":{"@type":"PropertyValueSpecification","valueRequired":true,"valueName":"search_term_string"}}],"inLanguage":"es"},{"@type":"Organization","@id":"https:\/\/noticiasya.com\/#organization","name":"Noticias","url":"https:\/\/noticiasya.com\/","logo":{"@type":"ImageObject","inLanguage":"es","@id":"https:\/\/noticiasya.com\/#\/schema\/logo\/image\/","url":"https:\/\/noticiasya.com\/wp-content\/uploads\/sites\/22\/2023\/12\/logo-nacional.png","contentUrl":"https:\/\/noticiasya.com\/wp-content\/uploads\/sites\/22\/2023\/12\/logo-nacional.png","width":1801,"height":691,"caption":"Noticias"},"image":{"@id":"https:\/\/noticiasya.com\/#\/schema\/logo\/image\/"}}]}},"parsely":{"version":"1.1.0","canonical_url":"https:\/\/noticiasya.com\/midland-odessa\/2024\/09\/14\/entrevista-saul-canelo-alvarez-edgar-berlanga-orix\/","smart_links":{"inbound":0,"outbound":0},"traffic_boost_suggestions_count":0,"meta":{"@context":"https:\/\/schema.org","@type":"NewsArticle","headline":"Mano a mano con Sa\u00fal &#171;Canelo&#187; \u00c1lvarez y Edgar Berlanga antes del gran combate","url":"http:\/\/noticiasya.com\/midland-odessa\/2024\/09\/14\/entrevista-saul-canelo-alvarez-edgar-berlanga-orix\/","mainEntityOfPage":{"@type":"WebPage","@id":"http:\/\/noticiasya.com\/midland-odessa\/2024\/09\/14\/entrevista-saul-canelo-alvarez-edgar-berlanga-orix\/"},"thumbnailUrl":"","image":{"@type":"ImageObject","url":""},"articleSection":"Noticias Nacionales","author":[],"creator":[],"publisher":{"@type":"Organization","name":"Noticias","logo":""},"keywords":[],"dateCreated":"2024-09-14T13:03:50Z","datePublished":"2024-09-14T13:03:50Z","dateModified":"2024-09-14T13:03:50Z"},"rendered":"<script type=\"application\/ld+json\" class=\"wp-parsely-metadata\">{\"@context\":\"https:\\\/\\\/schema.org\",\"@type\":\"NewsArticle\",\"headline\":\"Mano a mano con Sa\\u00fal &#171;Canelo&#187; \\u00c1lvarez y Edgar Berlanga antes del gran combate\",\"url\":\"http:\\\/\\\/noticiasya.com\\\/midland-odessa\\\/2024\\\/09\\\/14\\\/entrevista-saul-canelo-alvarez-edgar-berlanga-orix\\\/\",\"mainEntityOfPage\":{\"@type\":\"WebPage\",\"@id\":\"http:\\\/\\\/noticiasya.com\\\/midland-odessa\\\/2024\\\/09\\\/14\\\/entrevista-saul-canelo-alvarez-edgar-berlanga-orix\\\/\"},\"thumbnailUrl\":\"\",\"image\":{\"@type\":\"ImageObject\",\"url\":\"\"},\"articleSection\":\"Noticias Nacionales\",\"author\":[],\"creator\":[],\"publisher\":{\"@type\":\"Organization\",\"name\":\"Noticias\",\"logo\":\"\"},\"keywords\":[],\"dateCreated\":\"2024-09-14T13:03:50Z\",\"datePublished\":\"2024-09-14T13:03:50Z\",\"dateModified\":\"2024-09-14T13:03:50Z\"}<\/script>","tracker_url":"https:\/\/cdn.parsely.com\/keys\/noticiasya.com\/p.js"},"jetpack_featured_media_url":"","jetpack-related-posts":[{"id":1452684,"url":"https:\/\/noticiasya.com\/midland-odessa\/2024\/09\/14\/canelo-alvarez-dice-que-esta-100-listo-para-enfrentar-al-invicto-edgar-berlanga-quien-quiere-sorprender-al-mundo\/","url_meta":{"origin":1452673,"position":0},"title":"&#171;Canelo&#187; \u00c1lvarez dice que est\u00e1 &#171;100% listo&#187; para enfrentar al invicto Edgar Berlanga, quien quiere &#171;sorprender al mundo&#187;","author":"","date":"septiembre 14, 2024","format":false,"excerpt":"(CNN) -- La superestrella mexicana Sa\u00fal \"Canelo\" \u00c1lvarez pondr\u00e1 en juego sus campeonatos de peso supermediano del Consejo Mundial de Boxeo (WBC, por sus siglas en ingl\u00e9s), la Asociaci\u00f3n Mundial de Boxeo (WBA, por sus siglas en ingl\u00e9s) y la Organizaci\u00f3n Mundial de Boxeo (WBO, por sus siglas en ingl\u00e9s)\u2026","rel":"","context":"In &quot;Noticias Nacionales&quot;","block_context":{"text":"Noticias Nacionales","link":"https:\/\/noticiasya.com\/midland-odessa\/categoria\/noticias-nacionales"},"img":{"alt_text":"","src":"","width":0,"height":0},"classes":[]},{"id":1452675,"url":"https:\/\/noticiasya.com\/midland-odessa\/2024\/09\/14\/canelo-alvarez-vs-edgar-berlanga-cartelera-previa-hora-como-ver-en-vivo-orix\/","url_meta":{"origin":1452673,"position":1},"title":"Canelo \u00c1lvarez vs. Edgar Berlanga: cartelera, previa, a qu\u00e9 hora y c\u00f3mo ver en vivo el combate","author":"","date":"septiembre 14, 2024","format":false,"excerpt":"(CNN Espa\u00f1ol) -- Sa\u00fal \u201cCanelo\u201d \u00c1lvarez regresar\u00e1 al ring durante el fin de semana de la Independencia de M\u00e9xico para defender al menos uno de los cinturones de campeonato de peso supermediano.Ahora puedes seguirnos en\u00a0WhatsApp ChannelSe medir\u00e1 el s\u00e1bado 14 de septiembre ante Edgar Berlanga, boxeador estadounidense de 27 a\u00f1os\u2026","rel":"","context":"In &quot;Noticias Nacionales&quot;","block_context":{"text":"Noticias Nacionales","link":"https:\/\/noticiasya.com\/midland-odessa\/categoria\/noticias-nacionales"},"img":{"alt_text":"","src":"","width":0,"height":0},"classes":[]},{"id":1461925,"url":"https:\/\/noticiasya.com\/midland-odessa\/2025\/05\/03\/pelea-canelo-alvarez-william-scull-cartelera-previa-horarios-como-ver-en-vivo-orix\/","url_meta":{"origin":1452673,"position":2},"title":"Pelea entre Canelo \u00c1lvarez y William Scull: cartelera, previa, horarios y c\u00f3mo ver en vivo","author":"","date":"mayo 3, 2025","format":false,"excerpt":"El multicampe\u00f3n mexicano Sa\u00fal \u201cCanelo\u201d \u00c1lvarez tendr\u00e1 el s\u00e1bado su primera pelea de 2025, en la que enfrentar\u00e1 a otro campe\u00f3n, el cubano William Scull, durante la funci\u00f3n estelar de box en la ANB Arena de Arabia Saudita.Se trata de la primera vez en la que ambos pugilistas se enfrentan\u2026","rel":"","context":"In &quot;Noticias Nacionales&quot;","block_context":{"text":"Noticias Nacionales","link":"https:\/\/noticiasya.com\/midland-odessa\/categoria\/noticias-nacionales"},"img":{"alt_text":"","src":"","width":0,"height":0},"classes":[]},{"id":1448885,"url":"https:\/\/noticiasya.com\/midland-odessa\/2024\/05\/04\/canelo-alvarez-derrota-mungia-decision-unanime-orix\/","url_meta":{"origin":1452673,"position":3},"title":"Canelo \u00c1lvarez derrota a Mungu\u00eda por decisi\u00f3n un\u00e1nime y mantiene su t\u00edtulo de peso s\u00faper mediano","author":"","date":"mayo 4, 2024","format":false,"excerpt":"(CNN En Espa\u00f1ol) -- El oriundo de Jalisco, M\u00e9xico, Sa\u00fal \"Canelo\" \u00c1lvarez, campe\u00f3n mundial de peso s\u00faper mediano, logr\u00f3 retener sus cuatro cetros tras derrotar a su compatriota Jaime Mungu\u00eda este s\u00e1bado en el T-Mobile Arena de Las Vegas, por decisi\u00f3n un\u00e1nime.Durante los doce rounds de la pelea, los dos\u2026","rel":"","context":"In &quot;Noticias Nacionales&quot;","block_context":{"text":"Noticias Nacionales","link":"https:\/\/noticiasya.com\/midland-odessa\/categoria\/noticias-nacionales"},"img":{"alt_text":"","src":"","width":0,"height":0},"classes":[]},{"id":1469360,"url":"https:\/\/noticiasya.com\/midland-odessa\/2025\/12\/17\/retiro-crawford-canelo-alvarez-pelea-benavidez-bivol-orix\/","url_meta":{"origin":1452673,"position":4},"title":"\u00bfPuede el retiro de Crawford acercar al Canelo \u00c1lvarez a pelear contra Benavidez o Bivol?","author":"","date":"diciembre 17, 2025","format":false,"excerpt":"Terence Crawford sacudi\u00f3 al mundo del boxeo dos veces en el mismo a\u00f1o. En septiembre de 2025, en Las Vegas, venci\u00f3 por la v\u00eda un\u00e1nime en las tarjetas a Sa\u00fal \u201cCanelo\u201d \u00c1lvarez para convertirse en el primer campe\u00f3n indiscutido en tres divisiones en el boxeo.Pero a\u00fan m\u00e1s impactante, fue la\u2026","rel":"","context":"In &quot;Noticias Nacionales&quot;","block_context":{"text":"Noticias Nacionales","link":"https:\/\/noticiasya.com\/midland-odessa\/categoria\/noticias-nacionales"},"img":{"alt_text":"","src":"","width":0,"height":0},"classes":[]},{"id":1448775,"url":"https:\/\/noticiasya.com\/midland-odessa\/2024\/05\/02\/canelo-alvarez-vs-jaime-munguia-cartelera-horarios-como-ver-combate-en-vivo-trax\/","url_meta":{"origin":1452673,"position":5},"title":"Canelo \u00c1lvarez vs Jaime Mungu\u00eda: cartelera, horarios y c\u00f3mo ver el combate en vivo","author":"","date":"mayo 2, 2024","format":false,"excerpt":"(CNN Espa\u00f1ol) -- \u00bfListo para las celebraciones del 5 de mayo? Si a\u00fan no lo est\u00e1s, prep\u00e1rate porque los mexicanos Sa\u00fal \"Canelo\" \u00c1lvarez y Jaime Mungu\u00eda s\u00ed.Este fin de semana festivo para los mexicanos \u2014sobre todo para los que viven en Estados Unidos\u2014\u00a0traer\u00e1 consigo la esperada pelea entre Canelo y\u2026","rel":"","context":"In &quot;Noticias Nacionales&quot;","block_context":{"text":"Noticias Nacionales","link":"https:\/\/noticiasya.com\/midland-odessa\/categoria\/noticias-nacionales"},"img":{"alt_text":"","src":"","width":0,"height":0},"classes":[]}],"jetpack_sharing_enabled":true,"_links":{"self":[{"href":"https:\/\/noticiasya.com\/midland-odessa\/wp-json\/wp\/v2\/posts\/1452673","targetHints":{"allow":["GET"]}}],"collection":[{"href":"https:\/\/noticiasya.com\/midland-odessa\/wp-json\/wp\/v2\/posts"}],"about":[{"href":"https:\/\/noticiasya.com\/midland-odessa\/wp-json\/wp\/v2\/types\/post"}],"replies":[{"embeddable":true,"href":"https:\/\/noticiasya.com\/midland-odessa\/wp-json\/wp\/v2\/comments?post=1452673"}],"version-history":[{"count":0,"href":"https:\/\/noticiasya.com\/midland-odessa\/wp-json\/wp\/v2\/posts\/1452673\/revisions"}],"wp:attachment":[{"href":"https:\/\/noticiasya.com\/midland-odessa\/wp-json\/wp\/v2\/media?parent=1452673"}],"wp:term":[{"taxonomy":"category","embeddable":true,"href":"https:\/\/noticiasya.com\/midland-odessa\/wp-json\/wp\/v2\/categories?post=1452673"},{"taxonomy":"post_tag","embeddable":true,"href":"https:\/\/noticiasya.com\/midland-odessa\/wp-json\/wp\/v2\/tags?post=1452673"}],"curies":[{"name":"wp","href":"https:\/\/api.w.org\/{rel}","templated":true}]}}