{"id":1452828,"date":"2024-09-19T05:03:49","date_gmt":"2024-09-19T12:03:49","guid":{"rendered":"https:\/\/noticiasya.com\/2024\/09\/19\/parlamento-europeo-reconoce-edmundo-gonzalez-presidente-electo-venezuela\/"},"modified":"2024-09-19T05:03:49","modified_gmt":"2024-09-19T12:03:49","slug":"parlamento-europeo-reconoce-edmundo-gonzalez-presidente-electo-venezuela","status":"publish","type":"post","link":"https:\/\/noticiasya.com\/midland-odessa\/2024\/09\/19\/parlamento-europeo-reconoce-edmundo-gonzalez-presidente-electo-venezuela\/","title":{"rendered":"El Parlamento Europeo reconoce a Edmundo Gonz\u00e1lez como presidente electo de Venezuela"},"content":{"rendered":"<p>(CNN Espa\u00f1ol) &#8212;\u00a0Por 309 votos a favor, el Parlamento Europeo aprob\u00f3 este jueves la resoluci\u00f3n presentada por el Partido Popular Europeo para que la c\u00e1mara reconozca a Edmundo Gonz\u00e1lez Urrutia como \u201cpresidente leg\u00edtimo y democr\u00e1ticamente electo de Venezuela\u201d, as\u00ed como tambi\u00e9n reconoce a Mar\u00eda Corina Machado \u201ccomo l\u00edder de las fuerzas democr\u00e1ticas en Venezuela\u201d.<\/p>\n<p>Una moci\u00f3n con la que el Parlamento marca su postura respecto a la situaci\u00f3n que atraviesa Venezuela y con la que traslada una solicitud a todos los estados miembro de la Uni\u00f3n Europea para que hagan lo mismo. No obstante, esta resoluci\u00f3n carece de car\u00e1cter vinculante para los pa\u00edses que integran el bloque comunitario.<\/p>\n<p>Hasta el momento, los 27 l\u00edderes del bloque comunitario siguen solicitando que las autoridades venezolanas presenten los resultados de las elecciones presidenciales del 28 de julio y que estos sean verificables en aras de poder reconocer a un vencedor.<\/p>\n<p>Las Cortes Generales de Espa\u00f1a tambi\u00e9n reconocen a Gonz\u00e1lez Urrutia<\/p>\n<p>A propuesta del Partido Popular, tanto el Parlamento como el Senado espa\u00f1ol tambi\u00e9n reconocieron durante la \u00faltima semana a Gonz\u00e1lez Urrutia como vencedor de los comicios que tuvieron lugar el 28 de julio.<\/p>\n<p>Con la aprobaci\u00f3n de ambas iniciativas no legislativas, las dos c\u00e1maras solicitaron al Gobierno espa\u00f1ol que d\u00e9 un paso en su postura sobre Venezuela y que haga lo propio, pero desde el Ejecutivo lo han descartado.<\/p>\n<p>El presidente del Gobierno espa\u00f1ol, Pedro S\u00e1nchez, incluso lleg\u00f3 a se\u00f1alar que no modificar\u00e1n su postura ya que est\u00e1n trabajando junto al resto de socios de la Uni\u00f3n Europea para lograr una unidad \u201cque nos permita tener margen de mediaci\u00f3n de aqu\u00ed a finales de a\u00f1o, para que podamos encontrar una salida que vehicule la voluntad democr\u00e1tica expresada en las urnas por el pueblo venezolano\u201d.<\/p>\n<p>The-CNN-Wire<br \/>&trade; &amp; &copy; 2024 Cable News Network, Inc., a Warner Bros. Discovery Company. All rights reserved.<\/p>\n","protected":false},"excerpt":{"rendered":"<p>(CNN Espa\u00f1ol) &#8212;\u00a0Por 309 votos a favor, el Parlamento Europeo aprob\u00f3 este jueves la resoluci\u00f3n presentada por el Partido Popular Europeo para que la c\u00e1mara reconozca a Edmundo Gonz\u00e1lez Urrutia como \u201cpresidente leg\u00edtimo y democr\u00e1ticamente electo de Venezuela\u201d, as\u00ed como tambi\u00e9n reconoce a Mar\u00eda Corina Machado \u201ccomo l\u00edder de las fuerzas democr\u00e1ticas en Venezuela\u201d. Una [&hellip;]<\/p>\n","protected":false},"author":0,"featured_media":0,"comment_status":"open","ping_status":"open","sticky":false,"template":"","format":"standard","meta":{"_jetpack_memberships_contains_paid_content":false,"footnotes":""},"categories":[10],"tags":[],"class_list":["post-1452828","post","type-post","status-publish","format-standard","hentry","category-noticias-nacionales","market-global"],"yoast_head":"<!-- This site is optimized with the Yoast SEO plugin v24.4 - https:\/\/yoast.com\/wordpress\/plugins\/seo\/ -->\n<title>El Parlamento Europeo reconoce a Edmundo Gonz\u00e1lez como presidente electo de Venezuela - Noticias<\/title>\n<meta name=\"robots\" content=\"index, follow, max-snippet:-1, max-image-preview:large, max-video-preview:-1\" \/>\n<link rel=\"canonical\" href=\"https:\/\/noticiasya.com\/2024\/09\/19\/parlamento-europeo-reconoce-edmundo-gonzalez-presidente-electo-venezuela\/\" \/>\n<meta property=\"og:locale\" content=\"es_ES\" \/>\n<meta property=\"og:type\" content=\"article\" \/>\n<meta property=\"og:title\" content=\"El Parlamento Europeo reconoce a Edmundo Gonz\u00e1lez como presidente electo de Venezuela - Noticias\" \/>\n<meta property=\"og:description\" content=\"(CNN Espa\u00f1ol) &#8212;\u00a0Por 309 votos a favor, el Parlamento Europeo aprob\u00f3 este jueves la resoluci\u00f3n presentada por el Partido Popular Europeo para que la c\u00e1mara reconozca a Edmundo Gonz\u00e1lez Urrutia como \u201cpresidente leg\u00edtimo y democr\u00e1ticamente electo de Venezuela\u201d, as\u00ed como tambi\u00e9n reconoce a Mar\u00eda Corina Machado \u201ccomo l\u00edder de las fuerzas democr\u00e1ticas en Venezuela\u201d. Una [&hellip;]\" \/>\n<meta property=\"og:url\" content=\"https:\/\/noticiasya.com\/2024\/09\/19\/parlamento-europeo-reconoce-edmundo-gonzalez-presidente-electo-venezuela\/\" \/>\n<meta property=\"og:site_name\" content=\"Noticias\" \/>\n<meta property=\"article:published_time\" content=\"2024-09-19T12:03:49+00:00\" \/>\n<meta name=\"twitter:card\" content=\"summary_large_image\" \/>\n<meta name=\"twitter:label1\" content=\"Est. reading time\" \/>\n\t<meta name=\"twitter:data1\" content=\"2 minutos\" \/>\n<script type=\"application\/ld+json\" class=\"yoast-schema-graph\">{\"@context\":\"https:\/\/schema.org\",\"@graph\":[{\"@type\":\"Article\",\"@id\":\"https:\/\/noticiasya.com\/2024\/09\/19\/parlamento-europeo-reconoce-edmundo-gonzalez-presidente-electo-venezuela\/#article\",\"isPartOf\":{\"@id\":\"https:\/\/noticiasya.com\/2024\/09\/19\/parlamento-europeo-reconoce-edmundo-gonzalez-presidente-electo-venezuela\/\"},\"author\":{\"name\":\"\",\"@id\":\"\"},\"headline\":\"El Parlamento Europeo reconoce a Edmundo Gonz\u00e1lez como presidente electo de Venezuela\",\"datePublished\":\"2024-09-19T12:03:49+00:00\",\"mainEntityOfPage\":{\"@id\":\"https:\/\/noticiasya.com\/2024\/09\/19\/parlamento-europeo-reconoce-edmundo-gonzalez-presidente-electo-venezuela\/\"},\"wordCount\":352,\"commentCount\":0,\"publisher\":{\"@id\":\"https:\/\/noticiasya.com\/#organization\"},\"articleSection\":[\"Noticias Nacionales\"],\"inLanguage\":\"es\",\"potentialAction\":[{\"@type\":\"CommentAction\",\"name\":\"Comment\",\"target\":[\"https:\/\/noticiasya.com\/2024\/09\/19\/parlamento-europeo-reconoce-edmundo-gonzalez-presidente-electo-venezuela\/#respond\"]}]},{\"@type\":\"WebPage\",\"@id\":\"https:\/\/noticiasya.com\/2024\/09\/19\/parlamento-europeo-reconoce-edmundo-gonzalez-presidente-electo-venezuela\/\",\"url\":\"https:\/\/noticiasya.com\/2024\/09\/19\/parlamento-europeo-reconoce-edmundo-gonzalez-presidente-electo-venezuela\/\",\"name\":\"El Parlamento Europeo reconoce a Edmundo Gonz\u00e1lez como presidente electo de Venezuela - Noticias\",\"isPartOf\":{\"@id\":\"https:\/\/noticiasya.com\/#website\"},\"datePublished\":\"2024-09-19T12:03:49+00:00\",\"breadcrumb\":{\"@id\":\"https:\/\/noticiasya.com\/2024\/09\/19\/parlamento-europeo-reconoce-edmundo-gonzalez-presidente-electo-venezuela\/#breadcrumb\"},\"inLanguage\":\"es\",\"potentialAction\":[{\"@type\":\"ReadAction\",\"target\":[\"https:\/\/noticiasya.com\/2024\/09\/19\/parlamento-europeo-reconoce-edmundo-gonzalez-presidente-electo-venezuela\/\"]}]},{\"@type\":\"BreadcrumbList\",\"@id\":\"https:\/\/noticiasya.com\/2024\/09\/19\/parlamento-europeo-reconoce-edmundo-gonzalez-presidente-electo-venezuela\/#breadcrumb\",\"itemListElement\":[{\"@type\":\"ListItem\",\"position\":1,\"name\":\"Home\",\"item\":\"https:\/\/noticiasya.com\/\"},{\"@type\":\"ListItem\",\"position\":2,\"name\":\"El Parlamento Europeo reconoce a Edmundo Gonz\u00e1lez como presidente electo de Venezuela\"}]},{\"@type\":\"WebSite\",\"@id\":\"https:\/\/noticiasya.com\/#website\",\"url\":\"https:\/\/noticiasya.com\/\",\"name\":\"Noticias\",\"description\":\"Lo que importa\",\"publisher\":{\"@id\":\"https:\/\/noticiasya.com\/#organization\"},\"potentialAction\":[{\"@type\":\"SearchAction\",\"target\":{\"@type\":\"EntryPoint\",\"urlTemplate\":\"https:\/\/noticiasya.com\/?s={search_term_string}\"},\"query-input\":{\"@type\":\"PropertyValueSpecification\",\"valueRequired\":true,\"valueName\":\"search_term_string\"}}],\"inLanguage\":\"es\"},{\"@type\":\"Organization\",\"@id\":\"https:\/\/noticiasya.com\/#organization\",\"name\":\"Noticias\",\"url\":\"https:\/\/noticiasya.com\/\",\"logo\":{\"@type\":\"ImageObject\",\"inLanguage\":\"es\",\"@id\":\"https:\/\/noticiasya.com\/#\/schema\/logo\/image\/\",\"url\":\"https:\/\/noticiasya.com\/wp-content\/uploads\/sites\/22\/2023\/12\/logo-nacional.png\",\"contentUrl\":\"https:\/\/noticiasya.com\/wp-content\/uploads\/sites\/22\/2023\/12\/logo-nacional.png\",\"width\":1801,\"height\":691,\"caption\":\"Noticias\"},\"image\":{\"@id\":\"https:\/\/noticiasya.com\/#\/schema\/logo\/image\/\"}}]}<\/script>\n<!-- \/ Yoast SEO plugin. -->","yoast_head_json":{"title":"El Parlamento Europeo reconoce a Edmundo Gonz\u00e1lez como presidente electo de Venezuela - Noticias","robots":{"index":"index","follow":"follow","max-snippet":"max-snippet:-1","max-image-preview":"max-image-preview:large","max-video-preview":"max-video-preview:-1"},"canonical":"https:\/\/noticiasya.com\/2024\/09\/19\/parlamento-europeo-reconoce-edmundo-gonzalez-presidente-electo-venezuela\/","og_locale":"es_ES","og_type":"article","og_title":"El Parlamento Europeo reconoce a Edmundo Gonz\u00e1lez como presidente electo de Venezuela - Noticias","og_description":"(CNN Espa\u00f1ol) &#8212;\u00a0Por 309 votos a favor, el Parlamento Europeo aprob\u00f3 este jueves la resoluci\u00f3n presentada por el Partido Popular Europeo para que la c\u00e1mara reconozca a Edmundo Gonz\u00e1lez Urrutia como \u201cpresidente leg\u00edtimo y democr\u00e1ticamente electo de Venezuela\u201d, as\u00ed como tambi\u00e9n reconoce a Mar\u00eda Corina Machado \u201ccomo l\u00edder de las fuerzas democr\u00e1ticas en Venezuela\u201d. Una [&hellip;]","og_url":"https:\/\/noticiasya.com\/2024\/09\/19\/parlamento-europeo-reconoce-edmundo-gonzalez-presidente-electo-venezuela\/","og_site_name":"Noticias","article_published_time":"2024-09-19T12:03:49+00:00","twitter_card":"summary_large_image","twitter_misc":{"Est. reading time":"2 minutos"},"schema":{"@context":"https:\/\/schema.org","@graph":[{"@type":"Article","@id":"https:\/\/noticiasya.com\/2024\/09\/19\/parlamento-europeo-reconoce-edmundo-gonzalez-presidente-electo-venezuela\/#article","isPartOf":{"@id":"https:\/\/noticiasya.com\/2024\/09\/19\/parlamento-europeo-reconoce-edmundo-gonzalez-presidente-electo-venezuela\/"},"author":{"name":"","@id":""},"headline":"El Parlamento Europeo reconoce a Edmundo Gonz\u00e1lez como presidente electo de Venezuela","datePublished":"2024-09-19T12:03:49+00:00","mainEntityOfPage":{"@id":"https:\/\/noticiasya.com\/2024\/09\/19\/parlamento-europeo-reconoce-edmundo-gonzalez-presidente-electo-venezuela\/"},"wordCount":352,"commentCount":0,"publisher":{"@id":"https:\/\/noticiasya.com\/#organization"},"articleSection":["Noticias Nacionales"],"inLanguage":"es","potentialAction":[{"@type":"CommentAction","name":"Comment","target":["https:\/\/noticiasya.com\/2024\/09\/19\/parlamento-europeo-reconoce-edmundo-gonzalez-presidente-electo-venezuela\/#respond"]}]},{"@type":"WebPage","@id":"https:\/\/noticiasya.com\/2024\/09\/19\/parlamento-europeo-reconoce-edmundo-gonzalez-presidente-electo-venezuela\/","url":"https:\/\/noticiasya.com\/2024\/09\/19\/parlamento-europeo-reconoce-edmundo-gonzalez-presidente-electo-venezuela\/","name":"El Parlamento Europeo reconoce a Edmundo Gonz\u00e1lez como presidente electo de Venezuela - Noticias","isPartOf":{"@id":"https:\/\/noticiasya.com\/#website"},"datePublished":"2024-09-19T12:03:49+00:00","breadcrumb":{"@id":"https:\/\/noticiasya.com\/2024\/09\/19\/parlamento-europeo-reconoce-edmundo-gonzalez-presidente-electo-venezuela\/#breadcrumb"},"inLanguage":"es","potentialAction":[{"@type":"ReadAction","target":["https:\/\/noticiasya.com\/2024\/09\/19\/parlamento-europeo-reconoce-edmundo-gonzalez-presidente-electo-venezuela\/"]}]},{"@type":"BreadcrumbList","@id":"https:\/\/noticiasya.com\/2024\/09\/19\/parlamento-europeo-reconoce-edmundo-gonzalez-presidente-electo-venezuela\/#breadcrumb","itemListElement":[{"@type":"ListItem","position":1,"name":"Home","item":"https:\/\/noticiasya.com\/"},{"@type":"ListItem","position":2,"name":"El Parlamento Europeo reconoce a Edmundo Gonz\u00e1lez como presidente electo de Venezuela"}]},{"@type":"WebSite","@id":"https:\/\/noticiasya.com\/#website","url":"https:\/\/noticiasya.com\/","name":"Noticias","description":"Lo que importa","publisher":{"@id":"https:\/\/noticiasya.com\/#organization"},"potentialAction":[{"@type":"SearchAction","target":{"@type":"EntryPoint","urlTemplate":"https:\/\/noticiasya.com\/?s={search_term_string}"},"query-input":{"@type":"PropertyValueSpecification","valueRequired":true,"valueName":"search_term_string"}}],"inLanguage":"es"},{"@type":"Organization","@id":"https:\/\/noticiasya.com\/#organization","name":"Noticias","url":"https:\/\/noticiasya.com\/","logo":{"@type":"ImageObject","inLanguage":"es","@id":"https:\/\/noticiasya.com\/#\/schema\/logo\/image\/","url":"https:\/\/noticiasya.com\/wp-content\/uploads\/sites\/22\/2023\/12\/logo-nacional.png","contentUrl":"https:\/\/noticiasya.com\/wp-content\/uploads\/sites\/22\/2023\/12\/logo-nacional.png","width":1801,"height":691,"caption":"Noticias"},"image":{"@id":"https:\/\/noticiasya.com\/#\/schema\/logo\/image\/"}}]}},"parsely":{"version":"1.1.0","canonical_url":"https:\/\/noticiasya.com\/midland-odessa\/2024\/09\/19\/parlamento-europeo-reconoce-edmundo-gonzalez-presidente-electo-venezuela\/","smart_links":{"inbound":0,"outbound":0},"traffic_boost_suggestions_count":0,"meta":{"@context":"https:\/\/schema.org","@type":"NewsArticle","headline":"El Parlamento Europeo reconoce a Edmundo Gonz\u00e1lez como presidente electo de Venezuela","url":"http:\/\/noticiasya.com\/midland-odessa\/2024\/09\/19\/parlamento-europeo-reconoce-edmundo-gonzalez-presidente-electo-venezuela\/","mainEntityOfPage":{"@type":"WebPage","@id":"http:\/\/noticiasya.com\/midland-odessa\/2024\/09\/19\/parlamento-europeo-reconoce-edmundo-gonzalez-presidente-electo-venezuela\/"},"thumbnailUrl":"","image":{"@type":"ImageObject","url":""},"articleSection":"Noticias Nacionales","author":[],"creator":[],"publisher":{"@type":"Organization","name":"Noticias","logo":""},"keywords":[],"dateCreated":"2024-09-19T12:03:49Z","datePublished":"2024-09-19T12:03:49Z","dateModified":"2024-09-19T12:03:49Z"},"rendered":"<script type=\"application\/ld+json\" class=\"wp-parsely-metadata\">{\"@context\":\"https:\\\/\\\/schema.org\",\"@type\":\"NewsArticle\",\"headline\":\"El Parlamento Europeo reconoce a Edmundo Gonz\\u00e1lez como presidente electo de Venezuela\",\"url\":\"http:\\\/\\\/noticiasya.com\\\/midland-odessa\\\/2024\\\/09\\\/19\\\/parlamento-europeo-reconoce-edmundo-gonzalez-presidente-electo-venezuela\\\/\",\"mainEntityOfPage\":{\"@type\":\"WebPage\",\"@id\":\"http:\\\/\\\/noticiasya.com\\\/midland-odessa\\\/2024\\\/09\\\/19\\\/parlamento-europeo-reconoce-edmundo-gonzalez-presidente-electo-venezuela\\\/\"},\"thumbnailUrl\":\"\",\"image\":{\"@type\":\"ImageObject\",\"url\":\"\"},\"articleSection\":\"Noticias Nacionales\",\"author\":[],\"creator\":[],\"publisher\":{\"@type\":\"Organization\",\"name\":\"Noticias\",\"logo\":\"\"},\"keywords\":[],\"dateCreated\":\"2024-09-19T12:03:49Z\",\"datePublished\":\"2024-09-19T12:03:49Z\",\"dateModified\":\"2024-09-19T12:03:49Z\"}<\/script>","tracker_url":"https:\/\/cdn.parsely.com\/keys\/noticiasya.com\/p.js"},"jetpack_featured_media_url":"","jetpack-related-posts":[{"id":1452847,"url":"https:\/\/noticiasya.com\/midland-odessa\/2024\/09\/19\/asamblea-nacional-venezuela-repudia-resolucion-parlamento-europeo-gonzalez-presidente-electo-orix\/","url_meta":{"origin":1452828,"position":0},"title":"La Asamblea Nacional de Venezuela repudia la resoluci\u00f3n del Parlamento Europeo que reconoce a Edmundo Gonz\u00e1lez como presidente electo","author":"","date":"septiembre 19, 2024","format":false,"excerpt":"(CNN Espa\u00f1ol) --\u00a0La Asamblea Nacional de Venezuela, de mayor\u00eda oficialista, aprob\u00f3 este jueves un acuerdo que repudia la resoluci\u00f3n del Parlamento Europeo que, horas antes, reconoci\u00f3 al l\u00edder opositor Edmundo Gonz\u00e1lez Urrutia como presidente electo de Venezuela.El documento aprobado califica la decisi\u00f3n como una \u201cgrosera intromisi\u00f3n en los asuntos internos\u2026","rel":"","context":"In &quot;Noticias Nacionales&quot;","block_context":{"text":"Noticias Nacionales","link":"https:\/\/noticiasya.com\/midland-odessa\/categoria\/noticias-nacionales"},"img":{"alt_text":"","src":"","width":0,"height":0},"classes":[]},{"id":1455927,"url":"https:\/\/noticiasya.com\/midland-odessa\/2024\/11\/19\/estados-unidos-reconoce-edmundo-gonzalez-presidente-electo-venezuela-trax\/","url_meta":{"origin":1452828,"position":1},"title":"EE.UU. reconoce a Edmundo Gonz\u00e1lez como presidente electo de Venezuela","author":"","date":"noviembre 19, 2024","format":false,"excerpt":"(CNN) --\u00a0Estados Unidos reconoci\u00f3 formalmente al l\u00edder opositor venezolano Edmundo Gonz\u00e1lez como presidente electo del pa\u00eds tras las elecciones presidenciales del 28 de julio, anunci\u00f3 este martes en X el secretario de Estado, Antony Blinken.\"El pueblo venezolano habl\u00f3 rotundamente el 28 de julio e hizo presidente electo a Edmundo Gonz\u00e1lez.\u2026","rel":"","context":"In &quot;Noticias Nacionales&quot;","block_context":{"text":"Noticias Nacionales","link":"https:\/\/noticiasya.com\/midland-odessa\/categoria\/noticias-nacionales"},"img":{"alt_text":"","src":"","width":0,"height":0},"classes":[]},{"id":1456107,"url":"https:\/\/noticiasya.com\/midland-odessa\/2024\/11\/26\/cancilleres-g7-apoyo-edmundo-gonzalez-venezuela-orix\/","url_meta":{"origin":1452828,"position":2},"title":"Los cancilleres del G7 reiteran apoyo a Edmundo Gonz\u00e1lez en transici\u00f3n democr\u00e1tica en Venezuela y preocupaci\u00f3n por violaciones a DD.HH.","author":"","date":"noviembre 26, 2024","format":false,"excerpt":"(CNN Espa\u00f1ol) \u2013\u2013 Los ministros de Asuntos Exteriores del G7 (integrado por Canad\u00e1, Francia, Alemania, Italia, Jap\u00f3n, Reino Unido, EE.UU. y la Uni\u00f3n Europea) aseguraron que continuar\u00e1n apoyando la transici\u00f3n democr\u00e1tica en Venezuela, al resaltar que el opositor Edmundo Gonz\u00e1lez Urrutia gan\u00f3 por \u201cmayor\u00eda significativa\u201d, seg\u00fan los registros electorales que\u2026","rel":"","context":"In &quot;Noticias Nacionales&quot;","block_context":{"text":"Noticias Nacionales","link":"https:\/\/noticiasya.com\/midland-odessa\/categoria\/noticias-nacionales"},"img":{"alt_text":"","src":"","width":0,"height":0},"classes":[]},{"id":1453280,"url":"https:\/\/noticiasya.com\/midland-odessa\/2024\/10\/02\/maria-corina-machado-no-se-va-venezuela-orix\/","url_meta":{"origin":1452828,"position":3},"title":"Mar\u00eda Corina Machado asegura que no se va de Venezuela luego de que Maduro especulara con una supuesta salida","author":"","date":"octubre 2, 2024","format":false,"excerpt":"(CNN Espa\u00f1ol) -- La l\u00edder opositora venezolana Mar\u00eda Corina Machado asegur\u00f3 que no tiene planes para salir del pa\u00eds, luego de que el s\u00e1bado el presidente Nicol\u00e1s Maduro dijera, sin pruebas, que la exdiputada \u201cest\u00e1 preparando maletas\u201d para dejar territorio venezolano.\u201cAqu\u00ed seguimos de frente con los venezolanos, cerca, a pesar\u2026","rel":"","context":"In &quot;Noticias Nacionales&quot;","block_context":{"text":"Noticias Nacionales","link":"https:\/\/noticiasya.com\/midland-odessa\/categoria\/noticias-nacionales"},"img":{"alt_text":"","src":"","width":0,"height":0},"classes":[]},{"id":1455956,"url":"https:\/\/noticiasya.com\/midland-odessa\/2024\/11\/20\/venezuela-contra-blinken-reconocimiento-edmundo-gonzalez-orix\/","url_meta":{"origin":1452828,"position":4},"title":"Canciller de Venezuela arremete contra Blinken por reconocimiento de Edmundo Gonz\u00e1lez como presidente electo","author":"","date":"noviembre 20, 2024","format":false,"excerpt":"(CNN Espa\u00f1ol) --\u00a0 El canciller de Venezuela, Yv\u00e1n Gil, dijo que el secretario de Estado de Estados Unidos, Antony Blinken, es un \"enemigo confeso de Venezuela\" y tild\u00f3 al l\u00edder opositor, Edmundo Gonz\u00e1lez, como \"un Guaid\u00f3 2.0\" luego de que el Gobierno de EE.UU. lo reconociera como el presidente electo\u2026","rel":"","context":"In &quot;Noticias Nacionales&quot;","block_context":{"text":"Noticias Nacionales","link":"https:\/\/noticiasya.com\/midland-odessa\/categoria\/noticias-nacionales"},"img":{"alt_text":"","src":"","width":0,"height":0},"classes":[]},{"id":1452457,"url":"https:\/\/noticiasya.com\/midland-odessa\/2024\/09\/05\/presidente-consejo-ministros-peru-edmundo-gonzalez-venezuela-orix\/","url_meta":{"origin":1452828,"position":5},"title":"Presidente del Consejo de Ministros de Per\u00fa afirma que Edmundo Gonz\u00e1lez no es el presidente electo de Venezuela","author":"","date":"septiembre 5, 2024","format":false,"excerpt":"(CNN Espa\u00f1ol) \u2013\u2013 El presidente del Consejo de Ministros de Per\u00fa, Gustavo Adrianz\u00e9n, neg\u00f3 este jueves que su pa\u00eds haya reconocido a Edmundo Gonz\u00e1lez Urrutia como presidente electo de Venezuela y desautoriz\u00f3 lo que hab\u00eda dicho el entonces canciller Javier Gonz\u00e1lez-Olaechea tras las elecciones.En declaraciones al medio local RPP, Adrianz\u00e9n\u2026","rel":"","context":"In &quot;Noticias Nacionales&quot;","block_context":{"text":"Noticias Nacionales","link":"https:\/\/noticiasya.com\/midland-odessa\/categoria\/noticias-nacionales"},"img":{"alt_text":"","src":"","width":0,"height":0},"classes":[]}],"jetpack_sharing_enabled":true,"_links":{"self":[{"href":"https:\/\/noticiasya.com\/midland-odessa\/wp-json\/wp\/v2\/posts\/1452828","targetHints":{"allow":["GET"]}}],"collection":[{"href":"https:\/\/noticiasya.com\/midland-odessa\/wp-json\/wp\/v2\/posts"}],"about":[{"href":"https:\/\/noticiasya.com\/midland-odessa\/wp-json\/wp\/v2\/types\/post"}],"replies":[{"embeddable":true,"href":"https:\/\/noticiasya.com\/midland-odessa\/wp-json\/wp\/v2\/comments?post=1452828"}],"version-history":[{"count":0,"href":"https:\/\/noticiasya.com\/midland-odessa\/wp-json\/wp\/v2\/posts\/1452828\/revisions"}],"wp:attachment":[{"href":"https:\/\/noticiasya.com\/midland-odessa\/wp-json\/wp\/v2\/media?parent=1452828"}],"wp:term":[{"taxonomy":"category","embeddable":true,"href":"https:\/\/noticiasya.com\/midland-odessa\/wp-json\/wp\/v2\/categories?post=1452828"},{"taxonomy":"post_tag","embeddable":true,"href":"https:\/\/noticiasya.com\/midland-odessa\/wp-json\/wp\/v2\/tags?post=1452828"}],"curies":[{"name":"wp","href":"https:\/\/api.w.org\/{rel}","templated":true}]}}