{"id":1452832,"date":"2024-09-19T08:03:39","date_gmt":"2024-09-19T15:03:39","guid":{"rendered":"https:\/\/noticiasya.com\/2024\/09\/19\/noche-estrellada-vincent-van-gogh-teoria-cientifica-trax\/"},"modified":"2024-09-19T08:03:39","modified_gmt":"2024-09-19T15:03:39","slug":"noche-estrellada-vincent-van-gogh-teoria-cientifica-trax","status":"publish","type":"post","link":"https:\/\/noticiasya.com\/midland-odessa\/2024\/09\/19\/noche-estrellada-vincent-van-gogh-teoria-cientifica-trax\/","title":{"rendered":"Los cielos turbulentos de &#171;La noche estrellada&#187; de Vincent Van Gogh se alinean con una teor\u00eda cient\u00edfica, seg\u00fan un estudio"},"content":{"rendered":"<p>(CNN) &#8212; Se cree que la luz estrellada moteada y las nubes arremolinadas de &#171;La noche estrellada&#187; de Vincent van Gogh reflejan el estado mental tumultuoso del artista cuando pint\u00f3 la obra en 1889.<\/p>\n<p>Ahora, un nuevo an\u00e1lisis realizado por f\u00edsicos en China y Francia sugiere que el artista ten\u00eda una comprensi\u00f3n profunda e intuitiva de la estructura matem\u00e1tica del flujo turbulento.<\/p>\n<p>Como un fen\u00f3meno natural com\u00fan observado en fluidos \u2014agua en movimiento, corrientes oce\u00e1nicas, flujo sangu\u00edneo, nubes de tormenta y columnas de humo\u2014 el flujo turbulento es ca\u00f3tico, ya que los remolinos m\u00e1s grandes se forman y se descomponen en otros m\u00e1s peque\u00f1os.<\/p>\n<p>Puede parecer aleatorio para el observador casual, pero la turbulencia sigue un patr\u00f3n en cascada que puede ser estudiado y, al menos parcialmente, explicado mediante ecuaciones matem\u00e1ticas.<\/p>\n<p>Encuentran un autorretrato de Van Gogh oculto detr\u00e1s de otro cuadro<\/p>\n<p>&#171;Imag\u00ednate que est\u00e1s de pie en un puente y observas el flujo del r\u00edo. Ver\u00e1s remolinos en la superficie, y estos remolinos no son aleatorios. Se organizan en patrones espec\u00edficos, y estos tipos de patrones pueden ser predichos por leyes f\u00edsicas&#187;, dijo Yongxiang Huang, autor principal del estudio publicado el martes en la revista cient\u00edfica Physics of Fluids. Huang es investigador en el Laboratorio Estatal Clave de Ciencias Ambientales Marinas y el Colegio de Ciencias Oce\u00e1nicas y de la Tierra de la Universidad de Xiamen en el sureste de China.<\/p>\n<p>&#171;La noche estrellada&#187; es una pintura al \u00f3leo sobre lienzo que, seg\u00fan el estudio, representa una imagen justo antes del amanecer desde la ventana orientada al este de la habitaci\u00f3n del asilo del artista en Saint-R\u00e9my-de-Provence, en el sur de Francia. Van Gogh se hab\u00eda internado en un asilo despu\u00e9s de mutilarse la oreja izquierda.<\/p>\n<p>Los investigadores estudiaron los 14 remolinos o remolinos del c\u00e9lebre cuadro de Van Gogh. (Yinxiang Ma)<\/p>\n<p>Usando una imagen digital de la pintura, Huang y sus colegas examinaron la escala de sus 14 formas arremolinadas principales para entender si se alineaban con las teor\u00edas f\u00edsicas que describen la transferencia de energ\u00eda de remolinos grandes a peque\u00f1os a medida que colisionan e interact\u00faan entre s\u00ed.<\/p>\n<p>&#171;La noche estrellada&#187; y las teor\u00edas de la turbulencia<\/p>\n<p>El movimiento atmosf\u00e9rico del cielo pintado no puede medirse directamente, por lo que Huang y sus colegas midieron con precisi\u00f3n las pinceladas y compararon el tama\u00f1o de las pinceladas con las escalas matem\u00e1ticas esperadas de las teor\u00edas de la turbulencia. Para medir el movimiento f\u00edsico, utilizaron el brillo relativo o luminancia de los diferentes colores de la pintura.<\/p>\n<p>Descubrieron que los tama\u00f1os de los 14 remolinos en &#171;La noche estrellada&#187;, y su distancia e intensidad relativas, siguen una ley f\u00edsica que rige la din\u00e1mica de fluidos conocida como la teor\u00eda de la turbulencia de Kolmogorov.<\/p>\n<p>En la d\u00e9cada de 1940, el matem\u00e1tico sovi\u00e9tico Andrey Kolmogorov describi\u00f3 una relaci\u00f3n matem\u00e1tica entre las fluctuaciones en la velocidad de un flujo y la tasa a la que su energ\u00eda se disipa.<\/p>\n<p>El equipo tambi\u00e9n estudi\u00f3 las nubes en la pintura &#171;Chain Pier, Brighton&#187;, creada por el artista brit\u00e1nico John Constable en 1826-7. (De Agostini\/Getty Images)<\/p>\n<p>Huang y su equipo tambi\u00e9n encontraron que la pintura, en escala m\u00e1s peque\u00f1a, se mezcla con algunos remolinos de fondo de una manera predicha por la teor\u00eda de la turbulencia, siguiendo un patr\u00f3n estad\u00edstico conocido como la escala de Batchelor. La escala de Batchelor representa matem\u00e1ticamente c\u00f3mo las part\u00edculas peque\u00f1as, como las algas a la deriva en el oc\u00e9ano o las part\u00edculas de polvo en el viento, son mezcladas pasivamente por el flujo turbulento.<\/p>\n<p>&#171;Esto es genial. De hecho, este es el tipo de estad\u00edsticas que esperar\u00edas de las floraciones de algas siendo arrastradas por las corrientes oce\u00e1nicas, o el polvo y las part\u00edculas en el aire&#187;, dijo James Beattie, investigador postdoctoral en el departamento de ciencias astrof\u00edsicas de la Universidad de Princeton en Nueva Jersey, en un correo electr\u00f3nico. Beattie no particip\u00f3 en este estudio, pero ha realizado investigaciones similares sobre la obra de arte.<\/p>\n<p>&#171;En mi art\u00edculo, solo observ\u00e9 realmente los (remolinos en la pintura) grandes, as\u00ed que no vi esta segunda relaci\u00f3n&#187;, dijo, refiri\u00e9ndose a la escala de Batchelor.<\/p>\n<p>&#171;Una coincidencia asombrosa&#187;<\/p>\n<p>Seg\u00fan el estudio, esta imagen de la Gran Mancha Roja de J\u00fapiter tomada por la Voyager 1 de la NASA en 1979 tambi\u00e9n muestra un flujo turbulento. (Centro de vuelos espaciales Goddard de la NASA)<\/p>\n<p>Por supuesto, dijo Huang, Van Gogh no habr\u00eda estado al tanto de tales ecuaciones, pero probablemente pas\u00f3 mucho tiempo observando la turbulencia en la naturaleza.<\/p>\n<p>&#171;Creo que esta relaci\u00f3n f\u00edsica debe estar incrustada en su mente, por eso cuando hizo esta famosa pintura &#8216;La noche estrellada&#8217;, imita el flujo real&#187;, dijo Huang.<\/p>\n<p>Beattie estuvo de acuerdo: &#171;Es una coincidencia asombrosa que la hermosa pintura de Van Gogh comparta muchas de las mismas estad\u00edsticas que la turbulencia&#187;, dijo.<\/p>\n<p>&#171;Esto tiene sentido: los modelos se han construido para tratar de capturar las estad\u00edsticas de los remolinos en m\u00faltiples escalas, cada remolino comunic\u00e1ndose con otros remolinos a trav\u00e9s de la cascada turbulenta. En cierto sentido, Van Gogh pint\u00f3 algo que representa este fen\u00f3meno, as\u00ed que \u00bfpor qu\u00e9 no deber\u00eda haber alguna convergencia entre los modelos te\u00f3ricos y las estad\u00edsticas de los remolinos de Van Gogh?&#187;.<\/p>\n<p>El equipo de estudio realiz\u00f3 el mismo an\u00e1lisis y detect\u00f3 el mismo fen\u00f3meno en otras dos im\u00e1genes. Una pintura, &#171;Chain Pier, Brighton&#187;, creada por el artista brit\u00e1nico John Constable en 1826-7, y la otra una fotograf\u00eda de la Gran Mancha Roja de J\u00fapiter, tomada por la nave espacial Voyager 1 de la NASA el 5 de marzo de 1979.<\/p>\n<p>&#171;A diferencia de &#8216;La noche estrellada&#8217;, esta pintura carece de patrones arremolinados bien definidos, pero las nubes est\u00e1n llenas de estructuras con diferentes escalas, parecidas a las que se ven frecuentemente en el cielo&#187;, se\u00f1al\u00f3 el estudio sobre la obra de Constable.<\/p>\n<p>Los investigadores estudiaron las pinceladas de Van Gogh, quien pint\u00f3 la obra tras ingresar en un asilo en el sur de Francia. (Yinxiang Ma)<\/p>\n<p>En exhibici\u00f3n en el Museo de Arte Moderno de Nueva York, &#171;La noche estrellada&#187; es una obra de arte enormemente popular que ha sido recreada con ladrillos de Lego, drones y domin\u00f3s.<\/p>\n<p>Huang dijo que los cient\u00edficos hab\u00edan luchado durante mucho tiempo para describir el flujo turbulento en la din\u00e1mica de fluidos de una manera que les permitiera predecir el fen\u00f3meno y que una explicaci\u00f3n completa sigue siendo un misterio prevalente de la f\u00edsica. Una comprensi\u00f3n completa ayudar\u00eda con la predicci\u00f3n del clima, la turbulencia de vuelo y muchos otros procesos, dijo.<\/p>\n<p>&#171;Incluso despu\u00e9s de m\u00e1s de 100 a\u00f1os de estudio, ni siquiera sabemos c\u00f3mo definir este fen\u00f3meno complejo&#187;, dijo Huang. &#171;Es extremadamente importante, pero es extremadamente dif\u00edcil&#187;.<\/p>\n<p>El hecho de que &#171;La noche estrellada&#187; coincidiera con los modelos estad\u00edsticos de la turbulencia a pesar de que la obra de arte no se mueve realmente podr\u00eda sugerir que los m\u00e9todos y herramientas estad\u00edsticas son menos precisos de lo que los cient\u00edficos podr\u00edan haber pensado, dijo Beattie.<\/p>\n<p>La pintura no puede medirse con precisi\u00f3n porque &#171;en realidad no es turbulencia&#8230; No tiene energ\u00eda cin\u00e9tica&#187;, dijo.<\/p>\n<p>Sin embargo, Beattie dijo que era un gran admirador de la obra de arte y que reflejaba la universalidad y la belleza de la turbulencia.<\/p>\n<p>&#171;Amo profundamente el hecho de que puedo tomar mi comprensi\u00f3n de la turbulencia en el plasma entre galaxias y aplicarla a la turbulencia entre estrellas, entre la Tierra y el Sol o en nuestros propios lagos, oc\u00e9anos y atm\u00f3sfera&#187;, dijo.<\/p>\n<p>&#171;Lo que me llevo de estudios como este es que (van Gogh) captur\u00f3 algo de esta universalidad en la hermosa &#8216;Noche estrellada'&#187;, agreg\u00f3 Beattie. &#171;Y creo que la gente sabe esto. Saben que algo maravilloso ha sido incrustado en esta pintura y nos sentimos atra\u00eddos por ella&#187;.<\/p>\n<p>The-CNN-Wire<br \/>&trade; &amp; &copy; 2024 Cable News Network, Inc., a Warner Bros. Discovery Company. All rights reserved.<\/p>\n","protected":false},"excerpt":{"rendered":"<p>(CNN) &#8212; Se cree que la luz estrellada moteada y las nubes arremolinadas de &#171;La noche estrellada&#187; de Vincent van Gogh reflejan el estado mental tumultuoso del artista cuando pint\u00f3 la obra en 1889. Ahora, un nuevo an\u00e1lisis realizado por f\u00edsicos en China y Francia sugiere que el artista ten\u00eda una comprensi\u00f3n profunda e intuitiva [&hellip;]<\/p>\n","protected":false},"author":0,"featured_media":0,"comment_status":"open","ping_status":"open","sticky":false,"template":"","format":"standard","meta":{"_jetpack_memberships_contains_paid_content":false,"footnotes":""},"categories":[10],"tags":[],"class_list":["post-1452832","post","type-post","status-publish","format-standard","hentry","category-noticias-nacionales","market-global"],"yoast_head":"<!-- This site is optimized with the Yoast SEO plugin v24.4 - https:\/\/yoast.com\/wordpress\/plugins\/seo\/ -->\n<title>Los cielos turbulentos de &quot;La noche estrellada&quot; de Vincent Van Gogh se alinean con una teor\u00eda cient\u00edfica, seg\u00fan un estudio - Noticias<\/title>\n<meta name=\"robots\" content=\"index, follow, max-snippet:-1, max-image-preview:large, max-video-preview:-1\" \/>\n<link rel=\"canonical\" href=\"https:\/\/noticiasya.com\/2024\/09\/19\/noche-estrellada-vincent-van-gogh-teoria-cientifica-trax\/\" \/>\n<meta property=\"og:locale\" content=\"es_ES\" \/>\n<meta property=\"og:type\" content=\"article\" \/>\n<meta property=\"og:title\" content=\"Los cielos turbulentos de &quot;La noche estrellada&quot; de Vincent Van Gogh se alinean con una teor\u00eda cient\u00edfica, seg\u00fan un estudio - Noticias\" \/>\n<meta property=\"og:description\" content=\"(CNN) &#8212; Se cree que la luz estrellada moteada y las nubes arremolinadas de &#171;La noche estrellada&#187; de Vincent van Gogh reflejan el estado mental tumultuoso del artista cuando pint\u00f3 la obra en 1889. Ahora, un nuevo an\u00e1lisis realizado por f\u00edsicos en China y Francia sugiere que el artista ten\u00eda una comprensi\u00f3n profunda e intuitiva [&hellip;]\" \/>\n<meta property=\"og:url\" content=\"https:\/\/noticiasya.com\/2024\/09\/19\/noche-estrellada-vincent-van-gogh-teoria-cientifica-trax\/\" \/>\n<meta property=\"og:site_name\" content=\"Noticias\" \/>\n<meta property=\"article:published_time\" content=\"2024-09-19T15:03:39+00:00\" \/>\n<meta name=\"twitter:card\" content=\"summary_large_image\" \/>\n<meta name=\"twitter:label1\" content=\"Est. reading time\" \/>\n\t<meta name=\"twitter:data1\" content=\"7 minutos\" \/>\n<script type=\"application\/ld+json\" class=\"yoast-schema-graph\">{\"@context\":\"https:\/\/schema.org\",\"@graph\":[{\"@type\":\"Article\",\"@id\":\"https:\/\/noticiasya.com\/2024\/09\/19\/noche-estrellada-vincent-van-gogh-teoria-cientifica-trax\/#article\",\"isPartOf\":{\"@id\":\"https:\/\/noticiasya.com\/2024\/09\/19\/noche-estrellada-vincent-van-gogh-teoria-cientifica-trax\/\"},\"author\":{\"name\":\"\",\"@id\":\"\"},\"headline\":\"Los cielos turbulentos de &#171;La noche estrellada&#187; de Vincent Van Gogh se alinean con una teor\u00eda cient\u00edfica, seg\u00fan un estudio\",\"datePublished\":\"2024-09-19T15:03:39+00:00\",\"mainEntityOfPage\":{\"@id\":\"https:\/\/noticiasya.com\/2024\/09\/19\/noche-estrellada-vincent-van-gogh-teoria-cientifica-trax\/\"},\"wordCount\":1442,\"commentCount\":0,\"publisher\":{\"@id\":\"https:\/\/noticiasya.com\/#organization\"},\"articleSection\":[\"Noticias Nacionales\"],\"inLanguage\":\"es\",\"potentialAction\":[{\"@type\":\"CommentAction\",\"name\":\"Comment\",\"target\":[\"https:\/\/noticiasya.com\/2024\/09\/19\/noche-estrellada-vincent-van-gogh-teoria-cientifica-trax\/#respond\"]}]},{\"@type\":\"WebPage\",\"@id\":\"https:\/\/noticiasya.com\/2024\/09\/19\/noche-estrellada-vincent-van-gogh-teoria-cientifica-trax\/\",\"url\":\"https:\/\/noticiasya.com\/2024\/09\/19\/noche-estrellada-vincent-van-gogh-teoria-cientifica-trax\/\",\"name\":\"Los cielos turbulentos de \\\"La noche estrellada\\\" de Vincent Van Gogh se alinean con una teor\u00eda cient\u00edfica, seg\u00fan un estudio - Noticias\",\"isPartOf\":{\"@id\":\"https:\/\/noticiasya.com\/#website\"},\"datePublished\":\"2024-09-19T15:03:39+00:00\",\"breadcrumb\":{\"@id\":\"https:\/\/noticiasya.com\/2024\/09\/19\/noche-estrellada-vincent-van-gogh-teoria-cientifica-trax\/#breadcrumb\"},\"inLanguage\":\"es\",\"potentialAction\":[{\"@type\":\"ReadAction\",\"target\":[\"https:\/\/noticiasya.com\/2024\/09\/19\/noche-estrellada-vincent-van-gogh-teoria-cientifica-trax\/\"]}]},{\"@type\":\"BreadcrumbList\",\"@id\":\"https:\/\/noticiasya.com\/2024\/09\/19\/noche-estrellada-vincent-van-gogh-teoria-cientifica-trax\/#breadcrumb\",\"itemListElement\":[{\"@type\":\"ListItem\",\"position\":1,\"name\":\"Home\",\"item\":\"https:\/\/noticiasya.com\/\"},{\"@type\":\"ListItem\",\"position\":2,\"name\":\"Los cielos turbulentos de &#171;La noche estrellada&#187; de Vincent Van Gogh se alinean con una teor\u00eda cient\u00edfica, seg\u00fan un estudio\"}]},{\"@type\":\"WebSite\",\"@id\":\"https:\/\/noticiasya.com\/#website\",\"url\":\"https:\/\/noticiasya.com\/\",\"name\":\"Noticias\",\"description\":\"Lo que importa\",\"publisher\":{\"@id\":\"https:\/\/noticiasya.com\/#organization\"},\"potentialAction\":[{\"@type\":\"SearchAction\",\"target\":{\"@type\":\"EntryPoint\",\"urlTemplate\":\"https:\/\/noticiasya.com\/?s={search_term_string}\"},\"query-input\":{\"@type\":\"PropertyValueSpecification\",\"valueRequired\":true,\"valueName\":\"search_term_string\"}}],\"inLanguage\":\"es\"},{\"@type\":\"Organization\",\"@id\":\"https:\/\/noticiasya.com\/#organization\",\"name\":\"Noticias\",\"url\":\"https:\/\/noticiasya.com\/\",\"logo\":{\"@type\":\"ImageObject\",\"inLanguage\":\"es\",\"@id\":\"https:\/\/noticiasya.com\/#\/schema\/logo\/image\/\",\"url\":\"https:\/\/noticiasya.com\/wp-content\/uploads\/sites\/22\/2023\/12\/logo-nacional.png\",\"contentUrl\":\"https:\/\/noticiasya.com\/wp-content\/uploads\/sites\/22\/2023\/12\/logo-nacional.png\",\"width\":1801,\"height\":691,\"caption\":\"Noticias\"},\"image\":{\"@id\":\"https:\/\/noticiasya.com\/#\/schema\/logo\/image\/\"}}]}<\/script>\n<!-- \/ Yoast SEO plugin. -->","yoast_head_json":{"title":"Los cielos turbulentos de \"La noche estrellada\" de Vincent Van Gogh se alinean con una teor\u00eda cient\u00edfica, seg\u00fan un estudio - Noticias","robots":{"index":"index","follow":"follow","max-snippet":"max-snippet:-1","max-image-preview":"max-image-preview:large","max-video-preview":"max-video-preview:-1"},"canonical":"https:\/\/noticiasya.com\/2024\/09\/19\/noche-estrellada-vincent-van-gogh-teoria-cientifica-trax\/","og_locale":"es_ES","og_type":"article","og_title":"Los cielos turbulentos de \"La noche estrellada\" de Vincent Van Gogh se alinean con una teor\u00eda cient\u00edfica, seg\u00fan un estudio - Noticias","og_description":"(CNN) &#8212; Se cree que la luz estrellada moteada y las nubes arremolinadas de &#171;La noche estrellada&#187; de Vincent van Gogh reflejan el estado mental tumultuoso del artista cuando pint\u00f3 la obra en 1889. Ahora, un nuevo an\u00e1lisis realizado por f\u00edsicos en China y Francia sugiere que el artista ten\u00eda una comprensi\u00f3n profunda e intuitiva [&hellip;]","og_url":"https:\/\/noticiasya.com\/2024\/09\/19\/noche-estrellada-vincent-van-gogh-teoria-cientifica-trax\/","og_site_name":"Noticias","article_published_time":"2024-09-19T15:03:39+00:00","twitter_card":"summary_large_image","twitter_misc":{"Est. reading time":"7 minutos"},"schema":{"@context":"https:\/\/schema.org","@graph":[{"@type":"Article","@id":"https:\/\/noticiasya.com\/2024\/09\/19\/noche-estrellada-vincent-van-gogh-teoria-cientifica-trax\/#article","isPartOf":{"@id":"https:\/\/noticiasya.com\/2024\/09\/19\/noche-estrellada-vincent-van-gogh-teoria-cientifica-trax\/"},"author":{"name":"","@id":""},"headline":"Los cielos turbulentos de &#171;La noche estrellada&#187; de Vincent Van Gogh se alinean con una teor\u00eda cient\u00edfica, seg\u00fan un estudio","datePublished":"2024-09-19T15:03:39+00:00","mainEntityOfPage":{"@id":"https:\/\/noticiasya.com\/2024\/09\/19\/noche-estrellada-vincent-van-gogh-teoria-cientifica-trax\/"},"wordCount":1442,"commentCount":0,"publisher":{"@id":"https:\/\/noticiasya.com\/#organization"},"articleSection":["Noticias Nacionales"],"inLanguage":"es","potentialAction":[{"@type":"CommentAction","name":"Comment","target":["https:\/\/noticiasya.com\/2024\/09\/19\/noche-estrellada-vincent-van-gogh-teoria-cientifica-trax\/#respond"]}]},{"@type":"WebPage","@id":"https:\/\/noticiasya.com\/2024\/09\/19\/noche-estrellada-vincent-van-gogh-teoria-cientifica-trax\/","url":"https:\/\/noticiasya.com\/2024\/09\/19\/noche-estrellada-vincent-van-gogh-teoria-cientifica-trax\/","name":"Los cielos turbulentos de \"La noche estrellada\" de Vincent Van Gogh se alinean con una teor\u00eda cient\u00edfica, seg\u00fan un estudio - Noticias","isPartOf":{"@id":"https:\/\/noticiasya.com\/#website"},"datePublished":"2024-09-19T15:03:39+00:00","breadcrumb":{"@id":"https:\/\/noticiasya.com\/2024\/09\/19\/noche-estrellada-vincent-van-gogh-teoria-cientifica-trax\/#breadcrumb"},"inLanguage":"es","potentialAction":[{"@type":"ReadAction","target":["https:\/\/noticiasya.com\/2024\/09\/19\/noche-estrellada-vincent-van-gogh-teoria-cientifica-trax\/"]}]},{"@type":"BreadcrumbList","@id":"https:\/\/noticiasya.com\/2024\/09\/19\/noche-estrellada-vincent-van-gogh-teoria-cientifica-trax\/#breadcrumb","itemListElement":[{"@type":"ListItem","position":1,"name":"Home","item":"https:\/\/noticiasya.com\/"},{"@type":"ListItem","position":2,"name":"Los cielos turbulentos de &#171;La noche estrellada&#187; de Vincent Van Gogh se alinean con una teor\u00eda cient\u00edfica, seg\u00fan un estudio"}]},{"@type":"WebSite","@id":"https:\/\/noticiasya.com\/#website","url":"https:\/\/noticiasya.com\/","name":"Noticias","description":"Lo que importa","publisher":{"@id":"https:\/\/noticiasya.com\/#organization"},"potentialAction":[{"@type":"SearchAction","target":{"@type":"EntryPoint","urlTemplate":"https:\/\/noticiasya.com\/?s={search_term_string}"},"query-input":{"@type":"PropertyValueSpecification","valueRequired":true,"valueName":"search_term_string"}}],"inLanguage":"es"},{"@type":"Organization","@id":"https:\/\/noticiasya.com\/#organization","name":"Noticias","url":"https:\/\/noticiasya.com\/","logo":{"@type":"ImageObject","inLanguage":"es","@id":"https:\/\/noticiasya.com\/#\/schema\/logo\/image\/","url":"https:\/\/noticiasya.com\/wp-content\/uploads\/sites\/22\/2023\/12\/logo-nacional.png","contentUrl":"https:\/\/noticiasya.com\/wp-content\/uploads\/sites\/22\/2023\/12\/logo-nacional.png","width":1801,"height":691,"caption":"Noticias"},"image":{"@id":"https:\/\/noticiasya.com\/#\/schema\/logo\/image\/"}}]}},"parsely":{"version":"1.1.0","canonical_url":"https:\/\/noticiasya.com\/midland-odessa\/2024\/09\/19\/noche-estrellada-vincent-van-gogh-teoria-cientifica-trax\/","smart_links":{"inbound":0,"outbound":0},"traffic_boost_suggestions_count":0,"meta":{"@context":"https:\/\/schema.org","@type":"NewsArticle","headline":"Los cielos turbulentos de &#171;La noche estrellada&#187; de Vincent Van Gogh se alinean con una teor\u00eda cient\u00edfica, seg\u00fan un estudio","url":"http:\/\/noticiasya.com\/midland-odessa\/2024\/09\/19\/noche-estrellada-vincent-van-gogh-teoria-cientifica-trax\/","mainEntityOfPage":{"@type":"WebPage","@id":"http:\/\/noticiasya.com\/midland-odessa\/2024\/09\/19\/noche-estrellada-vincent-van-gogh-teoria-cientifica-trax\/"},"thumbnailUrl":"","image":{"@type":"ImageObject","url":""},"articleSection":"Noticias Nacionales","author":[],"creator":[],"publisher":{"@type":"Organization","name":"Noticias","logo":""},"keywords":[],"dateCreated":"2024-09-19T15:03:39Z","datePublished":"2024-09-19T15:03:39Z","dateModified":"2024-09-19T15:03:39Z"},"rendered":"<script type=\"application\/ld+json\" class=\"wp-parsely-metadata\">{\"@context\":\"https:\\\/\\\/schema.org\",\"@type\":\"NewsArticle\",\"headline\":\"Los cielos turbulentos de &#171;La noche estrellada&#187; de Vincent Van Gogh se alinean con una teor\\u00eda cient\\u00edfica, seg\\u00fan un estudio\",\"url\":\"http:\\\/\\\/noticiasya.com\\\/midland-odessa\\\/2024\\\/09\\\/19\\\/noche-estrellada-vincent-van-gogh-teoria-cientifica-trax\\\/\",\"mainEntityOfPage\":{\"@type\":\"WebPage\",\"@id\":\"http:\\\/\\\/noticiasya.com\\\/midland-odessa\\\/2024\\\/09\\\/19\\\/noche-estrellada-vincent-van-gogh-teoria-cientifica-trax\\\/\"},\"thumbnailUrl\":\"\",\"image\":{\"@type\":\"ImageObject\",\"url\":\"\"},\"articleSection\":\"Noticias Nacionales\",\"author\":[],\"creator\":[],\"publisher\":{\"@type\":\"Organization\",\"name\":\"Noticias\",\"logo\":\"\"},\"keywords\":[],\"dateCreated\":\"2024-09-19T15:03:39Z\",\"datePublished\":\"2024-09-19T15:03:39Z\",\"dateModified\":\"2024-09-19T15:03:39Z\"}<\/script>","tracker_url":"https:\/\/cdn.parsely.com\/keys\/noticiasya.com\/p.js"},"jetpack_featured_media_url":"","jetpack-related-posts":[{"id":1405667,"url":"https:\/\/noticiasya.com\/midland-odessa\/2022\/06\/13\/vuelven-a-el-paso-disney-on-ice-cirque-du-soleil-y-mas-espectaculos\/","url_meta":{"origin":1452832,"position":0},"title":"Vuelven a El Paso Disney on Ice, Cirque du Soleil y m\u00e1s espect\u00e1culos","author":"agomez","date":"junio 13, 2022","format":false,"excerpt":"Ser\u00e1 una temporada de emocionantes shows, esperados por el p\u00fablico y que debido a la pandemia tuvieron que suspenderse.","rel":"","context":"In &quot;Comunidad&quot;","block_context":{"text":"Comunidad","link":"https:\/\/noticiasya.com\/midland-odessa\/categoria\/comunidad"},"img":{"alt_text":"Ovo de Cirque du Soleil. FOTO: Shirlaine Forrest\/Getty Images","src":"https:\/\/i0.wp.com\/noticiasya.com\/wp-content\/uploads\/sites\/3\/2022\/06\/GettyImages-1129127446.jpg?resize=350%2C200&ssl=1","width":350,"height":200},"classes":[]},{"id":1463366,"url":"https:\/\/noticiasya.com\/midland-odessa\/2025\/06\/09\/mueren-seis-personas-avioneta-estrellada-san-diego-trax\/","url_meta":{"origin":1452832,"position":1},"title":"Mueren seis personas al estrellarse una avioneta frente a San Diego","author":"","date":"junio 9, 2025","format":false,"excerpt":"Seis personas murieron al estrellarse una avioneta en el oc\u00e9ano frente a San Diego el domingo por la tarde, inform\u00f3 el lunes la Administraci\u00f3n Federal de Aviaci\u00f3n.Los \u00faltimos momentos antes de que el bimotor Cessna se estrellara -lo que desencaden\u00f3 una gran b\u00fasqueda en el oc\u00e9ano Pac\u00edfico cerca de San\u2026","rel":"","context":"In &quot;Noticias Nacionales&quot;","block_context":{"text":"Noticias Nacionales","link":"https:\/\/noticiasya.com\/midland-odessa\/categoria\/noticias-nacionales"},"img":{"alt_text":"","src":"","width":0,"height":0},"classes":[]},{"id":1458066,"url":"https:\/\/noticiasya.com\/midland-odessa\/2025\/01\/31\/5-cosas-31-enero-colision-aerea-aranceles-guantanamo-visas-sheinbaum-orix\/","url_meta":{"origin":1452832,"position":2},"title":"Las 5 cosas que debes saber este 31 de enero: Colisi\u00f3n a\u00e9rea, aranceles, Guant\u00e1namo, visas en Colombia y carta de Sheinbaum","author":"","date":"enero 31, 2025","format":false,"excerpt":"\u00bfQu\u00e9 es el ICE y c\u00f3mo est\u00e1n cambiando sus prioridades? El plan de Trump de usar Guant\u00e1namo para detener a migrantes evoca una historia oscura. La carta de Sheinbaum a Google. Los artistas que se presentar\u00e1n en los Grammy. Esto es lo que debes saber para comenzar el d\u00eda. Primero\u2026","rel":"","context":"In &quot;Noticias Nacionales&quot;","block_context":{"text":"Noticias Nacionales","link":"https:\/\/noticiasya.com\/midland-odessa\/categoria\/noticias-nacionales"},"img":{"alt_text":"","src":"","width":0,"height":0},"classes":[]},{"id":1439048,"url":"https:\/\/noticiasya.com\/midland-odessa\/2023\/05\/19\/where-she-goes-el-video-de-bad-bunny-con-ronaldinho-que-ya-es-viral\/","url_meta":{"origin":1452832,"position":3},"title":"&#8216;Where She Goes&#8217; El video de Bad Bunny con Ronaldinho\u00a0que ya es viral","author":"Eduardo Salinas","date":"mayo 19, 2023","format":"video","excerpt":"Aunque dijo que se tomar\u00eda el 2023 para descansar de los cientos de proyectos que tuvo en el 2021 y 2022, Bad Bunny acaba de sorprender a sus seguidores con el estreno de 'Where She Goes' un nuevo tema que adem\u00e1s fue acompa\u00f1ado con un \u00e9pico video musical en el\u2026","rel":"","context":"In &quot;Entretenimiento&quot;","block_context":{"text":"Entretenimiento","link":"https:\/\/noticiasya.com\/midland-odessa\/categoria\/entretenimiento"},"img":{"alt_text":"","src":"https:\/\/i0.wp.com\/img.youtube.com\/vi\/bef8QLNHubw\/0.jpg?resize=350%2C200","width":350,"height":200},"classes":[]},{"id":1459617,"url":"https:\/\/noticiasya.com\/midland-odessa\/2025\/03\/07\/papa-francisco-salud-vaticano-trax\/","url_meta":{"origin":1452832,"position":4},"title":"El papa Francisco contin\u00faa alternando la ventilaci\u00f3n mec\u00e1nica no invasiva y la terapia de ox\u00edgeno de alto flujo","author":"Eduardo Salinas","date":"marzo 7, 2025","format":false,"excerpt":"El papa Francisco contin\u00faa con la terapia prescrita por los m\u00e9dicos y alterna entre ventilaci\u00f3n mec\u00e1nica no invasiva por la noche y terapia de ox\u00edgeno de alto flujo a trav\u00e9s de c\u00e1nulas nasales durante el d\u00eda, dijo una fuente del Vaticano este viernes.La situaci\u00f3n parece estable dentro del cuadro complejo\u2026","rel":"","context":"In &quot;Noticias Nacionales&quot;","block_context":{"text":"Noticias Nacionales","link":"https:\/\/noticiasya.com\/midland-odessa\/categoria\/noticias-nacionales"},"img":{"alt_text":"","src":"","width":0,"height":0},"classes":[]},{"id":1455426,"url":"https:\/\/noticiasya.com\/midland-odessa\/2024\/10\/29\/glaciar-antartida-largar-humo-espacio-trax\/","url_meta":{"origin":1452832,"position":5},"title":"Un glaciar clave de la Ant\u00e1rtida parece &#171;desprender humo&#187; desde una vista satelital","author":"","date":"octubre 29, 2024","format":false,"excerpt":"(CNN) \u2013\u2013 Un glaciar vital en la Ant\u00e1rtida occidental parece estar humeando en una rara imagen capturada por un sat\u00e9lite de la NASA a principios de este mes.El llamado \u201chumo marino\u201d en realidad no es humo sino niebla, y aparece en forma de volutas blancas algodonosas sobre la superficie oscura\u2026","rel":"","context":"In &quot;Noticias Nacionales&quot;","block_context":{"text":"Noticias Nacionales","link":"https:\/\/noticiasya.com\/midland-odessa\/categoria\/noticias-nacionales"},"img":{"alt_text":"","src":"","width":0,"height":0},"classes":[]}],"jetpack_sharing_enabled":true,"_links":{"self":[{"href":"https:\/\/noticiasya.com\/midland-odessa\/wp-json\/wp\/v2\/posts\/1452832","targetHints":{"allow":["GET"]}}],"collection":[{"href":"https:\/\/noticiasya.com\/midland-odessa\/wp-json\/wp\/v2\/posts"}],"about":[{"href":"https:\/\/noticiasya.com\/midland-odessa\/wp-json\/wp\/v2\/types\/post"}],"replies":[{"embeddable":true,"href":"https:\/\/noticiasya.com\/midland-odessa\/wp-json\/wp\/v2\/comments?post=1452832"}],"version-history":[{"count":0,"href":"https:\/\/noticiasya.com\/midland-odessa\/wp-json\/wp\/v2\/posts\/1452832\/revisions"}],"wp:attachment":[{"href":"https:\/\/noticiasya.com\/midland-odessa\/wp-json\/wp\/v2\/media?parent=1452832"}],"wp:term":[{"taxonomy":"category","embeddable":true,"href":"https:\/\/noticiasya.com\/midland-odessa\/wp-json\/wp\/v2\/categories?post=1452832"},{"taxonomy":"post_tag","embeddable":true,"href":"https:\/\/noticiasya.com\/midland-odessa\/wp-json\/wp\/v2\/tags?post=1452832"}],"curies":[{"name":"wp","href":"https:\/\/api.w.org\/{rel}","templated":true}]}}