{"id":1452833,"date":"2024-09-19T08:03:39","date_gmt":"2024-09-19T15:03:39","guid":{"rendered":"https:\/\/noticiasya.com\/2024\/09\/19\/ebrard-reunion-sheinbaum-empresarios-reforma-judicial-orix\/"},"modified":"2024-09-19T08:03:39","modified_gmt":"2024-09-19T15:03:39","slug":"ebrard-reunion-sheinbaum-empresarios-reforma-judicial-orix","status":"publish","type":"post","link":"https:\/\/noticiasya.com\/midland-odessa\/2024\/09\/19\/ebrard-reunion-sheinbaum-empresarios-reforma-judicial-orix\/","title":{"rendered":"Ebrard anuncia reuni\u00f3n de Sheinbaum con empresarios mexicanos y de EE.UU. para explicar la reforma judicial"},"content":{"rendered":"<p>(CNN Espa\u00f1ol) &#8212; Marcelo Ebrard, designado como pr\u00f3ximo secretario de Econom\u00eda por la presidenta electa Claudia Sheinbaum, anunci\u00f3 este mi\u00e9rcoles que el 15 de octubre Sheinbaum se reunir\u00e1 con los principales empresarios de M\u00e9xico y Estados Unidos para explicarles c\u00f3mo se implementar\u00e1 la reforma judicial.<\/p>\n<p>Agreg\u00f3 que durante la cumbre US-Mexico CEO Dialogue abordar\u00e1n otros temas, como energ\u00eda e infraestructura, y reiter\u00f3 que el pa\u00eds ofrece certidumbre a los inversionistas.<\/p>\n<p>&#171;Ah\u00ed les haremos ver que en los Estados Unidos ha habido elecci\u00f3n de jueces desde hace muchos a\u00f1os. Desde luego que hemos tomado muy en cuenta las experiencias que han tenido por all\u00e1&#187;, dijo Ebrard a reporteros tras reunirse con Sheinbaum.<\/p>\n<p>Los retos que enfrenta Claudia Sheinbaum 3:48<\/p>\n<p>\u00bfLa reforma judicial tendr\u00e1 un impacto econ\u00f3mico en M\u00e9xico?<\/p>\n<p>En su cuenta de X, Ebrard a\u00f1adi\u00f3 que el encuentro \u201cser\u00e1 un \u00e9xito\u201d y que \u201chay un enorme inter\u00e9s\u201d de empresas estadounidenses en invertir en M\u00e9xico.<\/p>\n<p>Previo a la aprobaci\u00f3n de la reforma judicial, el embajador de Estados Unidos en M\u00e9xico, Ken Salazar, manifest\u00f3 preocupaci\u00f3n por que la reforma genere incertidumbre. L\u00f3pez Obrador dijo que pondr\u00eda en \u201cpausa\u201d la relaci\u00f3n con el representante diplom\u00e1tico por considerar que no deb\u00eda opinar sobre esos asuntos, y la canciller\u00eda mexicana manifest\u00f3 un extra\u00f1amiento mediante una nota enviada a la embajada estadounidense.<\/p>\n<p>La modificaci\u00f3n, impulsada por el actual presidente Andr\u00e9s Manuel L\u00f3pez Obrador \u2015quien firm\u00f3 su decreto este domingo\u2015, ha generado controversia, principalmente porque contempla la elecci\u00f3n por voto popular de jueces, magistrados y ministros.<\/p>\n<p>The-CNN-Wire<br \/>&trade; &amp; &copy; 2024 Cable News Network, Inc., a Warner Bros. Discovery Company. All rights reserved.<\/p>\n","protected":false},"excerpt":{"rendered":"<p>(CNN Espa\u00f1ol) &#8212; Marcelo Ebrard, designado como pr\u00f3ximo secretario de Econom\u00eda por la presidenta electa Claudia Sheinbaum, anunci\u00f3 este mi\u00e9rcoles que el 15 de octubre Sheinbaum se reunir\u00e1 con los principales empresarios de M\u00e9xico y Estados Unidos para explicarles c\u00f3mo se implementar\u00e1 la reforma judicial. Agreg\u00f3 que durante la cumbre US-Mexico CEO Dialogue abordar\u00e1n otros [&hellip;]<\/p>\n","protected":false},"author":0,"featured_media":0,"comment_status":"open","ping_status":"open","sticky":false,"template":"","format":"standard","meta":{"_jetpack_memberships_contains_paid_content":false,"footnotes":""},"categories":[10],"tags":[],"class_list":["post-1452833","post","type-post","status-publish","format-standard","hentry","category-noticias-nacionales","market-global"],"yoast_head":"<!-- This site is optimized with the Yoast SEO plugin v24.4 - https:\/\/yoast.com\/wordpress\/plugins\/seo\/ -->\n<title>Ebrard anuncia reuni\u00f3n de Sheinbaum con empresarios mexicanos y de EE.UU. para explicar la reforma judicial - Noticias<\/title>\n<meta name=\"robots\" content=\"index, follow, max-snippet:-1, max-image-preview:large, max-video-preview:-1\" \/>\n<link rel=\"canonical\" href=\"https:\/\/noticiasya.com\/2024\/09\/19\/ebrard-reunion-sheinbaum-empresarios-reforma-judicial-orix\/\" \/>\n<meta property=\"og:locale\" content=\"es_ES\" \/>\n<meta property=\"og:type\" content=\"article\" \/>\n<meta property=\"og:title\" content=\"Ebrard anuncia reuni\u00f3n de Sheinbaum con empresarios mexicanos y de EE.UU. para explicar la reforma judicial - Noticias\" \/>\n<meta property=\"og:description\" content=\"(CNN Espa\u00f1ol) &#8212; Marcelo Ebrard, designado como pr\u00f3ximo secretario de Econom\u00eda por la presidenta electa Claudia Sheinbaum, anunci\u00f3 este mi\u00e9rcoles que el 15 de octubre Sheinbaum se reunir\u00e1 con los principales empresarios de M\u00e9xico y Estados Unidos para explicarles c\u00f3mo se implementar\u00e1 la reforma judicial. Agreg\u00f3 que durante la cumbre US-Mexico CEO Dialogue abordar\u00e1n otros [&hellip;]\" \/>\n<meta property=\"og:url\" content=\"https:\/\/noticiasya.com\/2024\/09\/19\/ebrard-reunion-sheinbaum-empresarios-reforma-judicial-orix\/\" \/>\n<meta property=\"og:site_name\" content=\"Noticias\" \/>\n<meta property=\"article:published_time\" content=\"2024-09-19T15:03:39+00:00\" \/>\n<meta name=\"twitter:card\" content=\"summary_large_image\" \/>\n<meta name=\"twitter:label1\" content=\"Est. reading time\" \/>\n\t<meta name=\"twitter:data1\" content=\"1 minuto\" \/>\n<script type=\"application\/ld+json\" class=\"yoast-schema-graph\">{\"@context\":\"https:\/\/schema.org\",\"@graph\":[{\"@type\":\"Article\",\"@id\":\"https:\/\/noticiasya.com\/2024\/09\/19\/ebrard-reunion-sheinbaum-empresarios-reforma-judicial-orix\/#article\",\"isPartOf\":{\"@id\":\"https:\/\/noticiasya.com\/2024\/09\/19\/ebrard-reunion-sheinbaum-empresarios-reforma-judicial-orix\/\"},\"author\":{\"name\":\"\",\"@id\":\"\"},\"headline\":\"Ebrard anuncia reuni\u00f3n de Sheinbaum con empresarios mexicanos y de EE.UU. para explicar la reforma judicial\",\"datePublished\":\"2024-09-19T15:03:39+00:00\",\"mainEntityOfPage\":{\"@id\":\"https:\/\/noticiasya.com\/2024\/09\/19\/ebrard-reunion-sheinbaum-empresarios-reforma-judicial-orix\/\"},\"wordCount\":310,\"commentCount\":0,\"publisher\":{\"@id\":\"https:\/\/noticiasya.com\/#organization\"},\"articleSection\":[\"Noticias Nacionales\"],\"inLanguage\":\"es\",\"potentialAction\":[{\"@type\":\"CommentAction\",\"name\":\"Comment\",\"target\":[\"https:\/\/noticiasya.com\/2024\/09\/19\/ebrard-reunion-sheinbaum-empresarios-reforma-judicial-orix\/#respond\"]}]},{\"@type\":\"WebPage\",\"@id\":\"https:\/\/noticiasya.com\/2024\/09\/19\/ebrard-reunion-sheinbaum-empresarios-reforma-judicial-orix\/\",\"url\":\"https:\/\/noticiasya.com\/2024\/09\/19\/ebrard-reunion-sheinbaum-empresarios-reforma-judicial-orix\/\",\"name\":\"Ebrard anuncia reuni\u00f3n de Sheinbaum con empresarios mexicanos y de EE.UU. para explicar la reforma judicial - Noticias\",\"isPartOf\":{\"@id\":\"https:\/\/noticiasya.com\/#website\"},\"datePublished\":\"2024-09-19T15:03:39+00:00\",\"breadcrumb\":{\"@id\":\"https:\/\/noticiasya.com\/2024\/09\/19\/ebrard-reunion-sheinbaum-empresarios-reforma-judicial-orix\/#breadcrumb\"},\"inLanguage\":\"es\",\"potentialAction\":[{\"@type\":\"ReadAction\",\"target\":[\"https:\/\/noticiasya.com\/2024\/09\/19\/ebrard-reunion-sheinbaum-empresarios-reforma-judicial-orix\/\"]}]},{\"@type\":\"BreadcrumbList\",\"@id\":\"https:\/\/noticiasya.com\/2024\/09\/19\/ebrard-reunion-sheinbaum-empresarios-reforma-judicial-orix\/#breadcrumb\",\"itemListElement\":[{\"@type\":\"ListItem\",\"position\":1,\"name\":\"Home\",\"item\":\"https:\/\/noticiasya.com\/\"},{\"@type\":\"ListItem\",\"position\":2,\"name\":\"Ebrard anuncia reuni\u00f3n de Sheinbaum con empresarios mexicanos y de EE.UU. para explicar la reforma judicial\"}]},{\"@type\":\"WebSite\",\"@id\":\"https:\/\/noticiasya.com\/#website\",\"url\":\"https:\/\/noticiasya.com\/\",\"name\":\"Noticias\",\"description\":\"Lo que importa\",\"publisher\":{\"@id\":\"https:\/\/noticiasya.com\/#organization\"},\"potentialAction\":[{\"@type\":\"SearchAction\",\"target\":{\"@type\":\"EntryPoint\",\"urlTemplate\":\"https:\/\/noticiasya.com\/?s={search_term_string}\"},\"query-input\":{\"@type\":\"PropertyValueSpecification\",\"valueRequired\":true,\"valueName\":\"search_term_string\"}}],\"inLanguage\":\"es\"},{\"@type\":\"Organization\",\"@id\":\"https:\/\/noticiasya.com\/#organization\",\"name\":\"Noticias\",\"url\":\"https:\/\/noticiasya.com\/\",\"logo\":{\"@type\":\"ImageObject\",\"inLanguage\":\"es\",\"@id\":\"https:\/\/noticiasya.com\/#\/schema\/logo\/image\/\",\"url\":\"https:\/\/noticiasya.com\/wp-content\/uploads\/sites\/22\/2023\/12\/logo-nacional.png\",\"contentUrl\":\"https:\/\/noticiasya.com\/wp-content\/uploads\/sites\/22\/2023\/12\/logo-nacional.png\",\"width\":1801,\"height\":691,\"caption\":\"Noticias\"},\"image\":{\"@id\":\"https:\/\/noticiasya.com\/#\/schema\/logo\/image\/\"}}]}<\/script>\n<!-- \/ Yoast SEO plugin. -->","yoast_head_json":{"title":"Ebrard anuncia reuni\u00f3n de Sheinbaum con empresarios mexicanos y de EE.UU. para explicar la reforma judicial - Noticias","robots":{"index":"index","follow":"follow","max-snippet":"max-snippet:-1","max-image-preview":"max-image-preview:large","max-video-preview":"max-video-preview:-1"},"canonical":"https:\/\/noticiasya.com\/2024\/09\/19\/ebrard-reunion-sheinbaum-empresarios-reforma-judicial-orix\/","og_locale":"es_ES","og_type":"article","og_title":"Ebrard anuncia reuni\u00f3n de Sheinbaum con empresarios mexicanos y de EE.UU. para explicar la reforma judicial - Noticias","og_description":"(CNN Espa\u00f1ol) &#8212; Marcelo Ebrard, designado como pr\u00f3ximo secretario de Econom\u00eda por la presidenta electa Claudia Sheinbaum, anunci\u00f3 este mi\u00e9rcoles que el 15 de octubre Sheinbaum se reunir\u00e1 con los principales empresarios de M\u00e9xico y Estados Unidos para explicarles c\u00f3mo se implementar\u00e1 la reforma judicial. Agreg\u00f3 que durante la cumbre US-Mexico CEO Dialogue abordar\u00e1n otros [&hellip;]","og_url":"https:\/\/noticiasya.com\/2024\/09\/19\/ebrard-reunion-sheinbaum-empresarios-reforma-judicial-orix\/","og_site_name":"Noticias","article_published_time":"2024-09-19T15:03:39+00:00","twitter_card":"summary_large_image","twitter_misc":{"Est. reading time":"1 minuto"},"schema":{"@context":"https:\/\/schema.org","@graph":[{"@type":"Article","@id":"https:\/\/noticiasya.com\/2024\/09\/19\/ebrard-reunion-sheinbaum-empresarios-reforma-judicial-orix\/#article","isPartOf":{"@id":"https:\/\/noticiasya.com\/2024\/09\/19\/ebrard-reunion-sheinbaum-empresarios-reforma-judicial-orix\/"},"author":{"name":"","@id":""},"headline":"Ebrard anuncia reuni\u00f3n de Sheinbaum con empresarios mexicanos y de EE.UU. para explicar la reforma judicial","datePublished":"2024-09-19T15:03:39+00:00","mainEntityOfPage":{"@id":"https:\/\/noticiasya.com\/2024\/09\/19\/ebrard-reunion-sheinbaum-empresarios-reforma-judicial-orix\/"},"wordCount":310,"commentCount":0,"publisher":{"@id":"https:\/\/noticiasya.com\/#organization"},"articleSection":["Noticias Nacionales"],"inLanguage":"es","potentialAction":[{"@type":"CommentAction","name":"Comment","target":["https:\/\/noticiasya.com\/2024\/09\/19\/ebrard-reunion-sheinbaum-empresarios-reforma-judicial-orix\/#respond"]}]},{"@type":"WebPage","@id":"https:\/\/noticiasya.com\/2024\/09\/19\/ebrard-reunion-sheinbaum-empresarios-reforma-judicial-orix\/","url":"https:\/\/noticiasya.com\/2024\/09\/19\/ebrard-reunion-sheinbaum-empresarios-reforma-judicial-orix\/","name":"Ebrard anuncia reuni\u00f3n de Sheinbaum con empresarios mexicanos y de EE.UU. para explicar la reforma judicial - Noticias","isPartOf":{"@id":"https:\/\/noticiasya.com\/#website"},"datePublished":"2024-09-19T15:03:39+00:00","breadcrumb":{"@id":"https:\/\/noticiasya.com\/2024\/09\/19\/ebrard-reunion-sheinbaum-empresarios-reforma-judicial-orix\/#breadcrumb"},"inLanguage":"es","potentialAction":[{"@type":"ReadAction","target":["https:\/\/noticiasya.com\/2024\/09\/19\/ebrard-reunion-sheinbaum-empresarios-reforma-judicial-orix\/"]}]},{"@type":"BreadcrumbList","@id":"https:\/\/noticiasya.com\/2024\/09\/19\/ebrard-reunion-sheinbaum-empresarios-reforma-judicial-orix\/#breadcrumb","itemListElement":[{"@type":"ListItem","position":1,"name":"Home","item":"https:\/\/noticiasya.com\/"},{"@type":"ListItem","position":2,"name":"Ebrard anuncia reuni\u00f3n de Sheinbaum con empresarios mexicanos y de EE.UU. para explicar la reforma judicial"}]},{"@type":"WebSite","@id":"https:\/\/noticiasya.com\/#website","url":"https:\/\/noticiasya.com\/","name":"Noticias","description":"Lo que importa","publisher":{"@id":"https:\/\/noticiasya.com\/#organization"},"potentialAction":[{"@type":"SearchAction","target":{"@type":"EntryPoint","urlTemplate":"https:\/\/noticiasya.com\/?s={search_term_string}"},"query-input":{"@type":"PropertyValueSpecification","valueRequired":true,"valueName":"search_term_string"}}],"inLanguage":"es"},{"@type":"Organization","@id":"https:\/\/noticiasya.com\/#organization","name":"Noticias","url":"https:\/\/noticiasya.com\/","logo":{"@type":"ImageObject","inLanguage":"es","@id":"https:\/\/noticiasya.com\/#\/schema\/logo\/image\/","url":"https:\/\/noticiasya.com\/wp-content\/uploads\/sites\/22\/2023\/12\/logo-nacional.png","contentUrl":"https:\/\/noticiasya.com\/wp-content\/uploads\/sites\/22\/2023\/12\/logo-nacional.png","width":1801,"height":691,"caption":"Noticias"},"image":{"@id":"https:\/\/noticiasya.com\/#\/schema\/logo\/image\/"}}]}},"parsely":{"version":"1.1.0","canonical_url":"https:\/\/noticiasya.com\/midland-odessa\/2024\/09\/19\/ebrard-reunion-sheinbaum-empresarios-reforma-judicial-orix\/","smart_links":{"inbound":0,"outbound":0},"traffic_boost_suggestions_count":0,"meta":{"@context":"https:\/\/schema.org","@type":"NewsArticle","headline":"Ebrard anuncia reuni\u00f3n de Sheinbaum con empresarios mexicanos y de EE.UU. para explicar la reforma judicial","url":"http:\/\/noticiasya.com\/midland-odessa\/2024\/09\/19\/ebrard-reunion-sheinbaum-empresarios-reforma-judicial-orix\/","mainEntityOfPage":{"@type":"WebPage","@id":"http:\/\/noticiasya.com\/midland-odessa\/2024\/09\/19\/ebrard-reunion-sheinbaum-empresarios-reforma-judicial-orix\/"},"thumbnailUrl":"","image":{"@type":"ImageObject","url":""},"articleSection":"Noticias Nacionales","author":[],"creator":[],"publisher":{"@type":"Organization","name":"Noticias","logo":""},"keywords":[],"dateCreated":"2024-09-19T15:03:39Z","datePublished":"2024-09-19T15:03:39Z","dateModified":"2024-09-19T15:03:39Z"},"rendered":"<script type=\"application\/ld+json\" class=\"wp-parsely-metadata\">{\"@context\":\"https:\\\/\\\/schema.org\",\"@type\":\"NewsArticle\",\"headline\":\"Ebrard anuncia reuni\\u00f3n de Sheinbaum con empresarios mexicanos y de EE.UU. para explicar la reforma judicial\",\"url\":\"http:\\\/\\\/noticiasya.com\\\/midland-odessa\\\/2024\\\/09\\\/19\\\/ebrard-reunion-sheinbaum-empresarios-reforma-judicial-orix\\\/\",\"mainEntityOfPage\":{\"@type\":\"WebPage\",\"@id\":\"http:\\\/\\\/noticiasya.com\\\/midland-odessa\\\/2024\\\/09\\\/19\\\/ebrard-reunion-sheinbaum-empresarios-reforma-judicial-orix\\\/\"},\"thumbnailUrl\":\"\",\"image\":{\"@type\":\"ImageObject\",\"url\":\"\"},\"articleSection\":\"Noticias Nacionales\",\"author\":[],\"creator\":[],\"publisher\":{\"@type\":\"Organization\",\"name\":\"Noticias\",\"logo\":\"\"},\"keywords\":[],\"dateCreated\":\"2024-09-19T15:03:39Z\",\"datePublished\":\"2024-09-19T15:03:39Z\",\"dateModified\":\"2024-09-19T15:03:39Z\"}<\/script>","tracker_url":"https:\/\/cdn.parsely.com\/keys\/noticiasya.com\/p.js"},"jetpack_featured_media_url":"","jetpack-related-posts":[{"id":1455104,"url":"https:\/\/noticiasya.com\/midland-odessa\/2024\/10\/15\/shainbaum-cumbre-lideres-empresarios-mexico-eeuu-orix\/","url_meta":{"origin":1452833,"position":0},"title":"Claudia Sheinbaum participa de cumbre entre l\u00edderes y empresarios de M\u00e9xico y Estados Unidos","author":"","date":"octubre 15, 2024","format":false,"excerpt":"(CNN en Espa\u00f1ol) -- El encuentro CEO Dialogue entre l\u00edderes y empresarios de M\u00e9xico y Estados Unidos que se celebra este martes en Ciudad de M\u00e9xico abordar\u00e1 cinco ejes tem\u00e1ticos, inform\u00f3 el secretario de Econom\u00eda de M\u00e9xico Marcelo Ebrard durante la rueda de prensa matutina que dio la presidenta de\u2026","rel":"","context":"In &quot;Noticias Nacionales&quot;","block_context":{"text":"Noticias Nacionales","link":"https:\/\/noticiasya.com\/midland-odessa\/categoria\/noticias-nacionales"},"img":{"alt_text":"","src":"","width":0,"height":0},"classes":[]},{"id":1458568,"url":"https:\/\/noticiasya.com\/midland-odessa\/2025\/02\/11\/ebrard-aranceles-balazo-pie-a-ambos-paises-orix\/","url_meta":{"origin":1452833,"position":1},"title":"Ebrard: Los aranceles al acero y aluminio &#171;son un balazo en el pie a ambos pa\u00edses&#187;","author":"","date":"febrero 11, 2025","format":false,"excerpt":"El secretario de Econom\u00eda de M\u00e9xico, Marcelo Ebrard, consider\u00f3 este martes que los aranceles de 25% al acero y aluminio anunciados por Donald Trump son \u201cun balazo en el pie a ambos pa\u00edses\u201d, durante la rueda de prensa matutina de la presidenta de M\u00e9xico, Claudia Sheinbaum.Ebrard se\u00f1al\u00f3 que este tributo\u2026","rel":"","context":"In &quot;Noticias Nacionales&quot;","block_context":{"text":"Noticias Nacionales","link":"https:\/\/noticiasya.com\/midland-odessa\/categoria\/noticias-nacionales"},"img":{"alt_text":"","src":"","width":0,"height":0},"classes":[]},{"id":1456118,"url":"https:\/\/noticiasya.com\/midland-odessa\/2024\/11\/27\/sheinbaum-defiende-t-mec-trump-aranceles-orix\/","url_meta":{"origin":1452833,"position":2},"title":"Sheinbaum defiende el T-MEC en medio de debate por el plan de Trump de subir los aranceles","author":"","date":"noviembre 27, 2024","format":false,"excerpt":"(CNN Espa\u00f1ol) -- La presidenta de M\u00e9xico, Claudia Sheinbaum, asegur\u00f3 este mi\u00e9rcoles en su conferencia de prensa matutina que la raz\u00f3n del env\u00edo de una carta al presidente electo de Estados Unidos, Donald Trump, fue para advertirle que imponer aranceles a los productos que ingresen a EE.UU. desde M\u00e9xico y\u2026","rel":"","context":"In &quot;Noticias Nacionales&quot;","block_context":{"text":"Noticias Nacionales","link":"https:\/\/noticiasya.com\/midland-odessa\/categoria\/noticias-nacionales"},"img":{"alt_text":"","src":"","width":0,"height":0},"classes":[]},{"id":1459876,"url":"https:\/\/noticiasya.com\/midland-odessa\/2025\/03\/13\/ebrard-aranceles-eeuu-acero-aluminio-mexico-orix\/","url_meta":{"origin":1452833,"position":3},"title":"Ebrard dice que aranceles de EE.UU. al acero y aluminio &#171;son una mala idea&#187; y anuncia consultas con la industria en M\u00e9xico","author":"","date":"marzo 13, 2025","format":false,"excerpt":"El secretario de Econom\u00eda de M\u00e9xico, Marcelo Ebrard, dijo este jueves que los aranceles de 25% a todas las importaciones estadounidenses de acero y aluminio \u201cson una mala idea\u201d y afectar\u00e1n a \u201cmuchas industrias\u201d, por lo que se iniciar\u00e1n desde ma\u00f1ana consultas con empresas en el pa\u00eds para determinar los\u2026","rel":"","context":"In &quot;Noticias Nacionales&quot;","block_context":{"text":"Noticias Nacionales","link":"https:\/\/noticiasya.com\/midland-odessa\/categoria\/noticias-nacionales"},"img":{"alt_text":"","src":"","width":0,"height":0},"classes":[]},{"id":1466342,"url":"https:\/\/noticiasya.com\/midland-odessa\/2025\/09\/10\/sheinbaum-busca-subir-aranceles-productos-paises-asia-orix\/","url_meta":{"origin":1452833,"position":4},"title":"Gobierno de M\u00e9xico quiere subir hasta un 50 % los aranceles a casi 1.500 productos chinos, incluyendo los autos","author":"","date":"septiembre 10, 2025","format":false,"excerpt":"La presidenta de M\u00e9xico, Claudia Sheinbaum, busca subir los aranceles de casi 1.500 productos \u2013incluyendo autos\u2013 procedentes de China y de otras naciones de Asia con los que su pa\u00eds no tiene tratado comercial, de acuerdo con una iniciativa que la mandataria envi\u00f3 este martes al Congreso.El documento plantea reformar\u2026","rel":"","context":"In &quot;Noticias Nacionales&quot;","block_context":{"text":"Noticias Nacionales","link":"https:\/\/noticiasya.com\/midland-odessa\/categoria\/noticias-nacionales"},"img":{"alt_text":"","src":"","width":0,"height":0},"classes":[]},{"id":1450555,"url":"https:\/\/noticiasya.com\/midland-odessa\/2024\/06\/20\/quien-es-marcelo-ebrard-secretario-economia-mexico-orix\/","url_meta":{"origin":1452833,"position":5},"title":"Qui\u00e9n es Marcelo Ebrard, futuro secretario de Econom\u00eda de M\u00e9xico","author":"","date":"junio 20, 2024","format":false,"excerpt":"(CNN Espa\u00f1ol) -- Claudia Sheinbaum, virtual ganadora de la presidencia de M\u00e9xico, anunci\u00f3 este jueves los nombres de las personas que integrar\u00e1n su gabinete para que se inicie la transici\u00f3n de poder con el actual mandatario Andr\u00e9s Manuel L\u00f3pez Obrador. Entre los integrantes, destaca el nombre de Marcelo Ebrard, quien\u2026","rel":"","context":"In &quot;Noticias Nacionales&quot;","block_context":{"text":"Noticias Nacionales","link":"https:\/\/noticiasya.com\/midland-odessa\/categoria\/noticias-nacionales"},"img":{"alt_text":"","src":"","width":0,"height":0},"classes":[]}],"jetpack_sharing_enabled":true,"_links":{"self":[{"href":"https:\/\/noticiasya.com\/midland-odessa\/wp-json\/wp\/v2\/posts\/1452833","targetHints":{"allow":["GET"]}}],"collection":[{"href":"https:\/\/noticiasya.com\/midland-odessa\/wp-json\/wp\/v2\/posts"}],"about":[{"href":"https:\/\/noticiasya.com\/midland-odessa\/wp-json\/wp\/v2\/types\/post"}],"replies":[{"embeddable":true,"href":"https:\/\/noticiasya.com\/midland-odessa\/wp-json\/wp\/v2\/comments?post=1452833"}],"version-history":[{"count":0,"href":"https:\/\/noticiasya.com\/midland-odessa\/wp-json\/wp\/v2\/posts\/1452833\/revisions"}],"wp:attachment":[{"href":"https:\/\/noticiasya.com\/midland-odessa\/wp-json\/wp\/v2\/media?parent=1452833"}],"wp:term":[{"taxonomy":"category","embeddable":true,"href":"https:\/\/noticiasya.com\/midland-odessa\/wp-json\/wp\/v2\/categories?post=1452833"},{"taxonomy":"post_tag","embeddable":true,"href":"https:\/\/noticiasya.com\/midland-odessa\/wp-json\/wp\/v2\/tags?post=1452833"}],"curies":[{"name":"wp","href":"https:\/\/api.w.org\/{rel}","templated":true}]}}