{"id":1452834,"date":"2024-09-19T08:03:39","date_gmt":"2024-09-19T15:03:39","guid":{"rendered":"https:\/\/noticiasya.com\/2024\/09\/19\/declaran-emergencia-incendios-departamentos-peruanos-orix\/"},"modified":"2024-09-19T08:03:39","modified_gmt":"2024-09-19T15:03:39","slug":"declaran-emergencia-incendios-departamentos-peruanos-orix","status":"publish","type":"post","link":"https:\/\/noticiasya.com\/midland-odessa\/2024\/09\/19\/declaran-emergencia-incendios-departamentos-peruanos-orix\/","title":{"rendered":"Declaran emergencia por los incendios en los departamentos peruanos de Amazonas, San Mart\u00edn y Ucayali"},"content":{"rendered":"<p>(CNN Espa\u00f1ol) \u2013\u2013 El Gobierno de Per\u00fa declar\u00f3 este mi\u00e9rcoles estado de emergencia en tres de las 26 regiones del pa\u00eds, los departamentos de Amazonas, San Mart\u00edn y Ucayali, debido a los incendios que afectan al pa\u00eds, inform\u00f3 la presidenta Dina Boluarte.<\/p>\n<p>Durante un mensaje a medios, Boluarte dijo que esta decisi\u00f3n se tom\u00f3 durante la sesi\u00f3n del Consejo de Ministros para poder enfrentar el problema en estos lugares.<\/p>\n<p>En esos departamentos, seg\u00fan la presidenta, se registraron 238 incendios, de los cuales el 80% ya est\u00e1 controlado.<\/p>\n<p>Hasta el corte del martes, el fuego hab\u00eda causado la muerte de 16 personas en Per\u00fa, seg\u00fan las autoridades.<\/p>\n<p>Per\u00fa no es el \u00fanico pa\u00eds latinoamericano que encara problemas con los incendios este a\u00f1o. Argentina, Bolivia, Brasil, Colombia y Chile tambi\u00e9n se enfrentan a situaciones similares y han tenido que movilizar a bomberos y cuerpos de protecci\u00f3n civil.<\/p>\n<p>The-CNN-Wire<br \/>&trade; &amp; &copy; 2024 Cable News Network, Inc., a Warner Bros. Discovery Company. All rights reserved.<\/p>\n","protected":false},"excerpt":{"rendered":"<p>(CNN Espa\u00f1ol) \u2013\u2013 El Gobierno de Per\u00fa declar\u00f3 este mi\u00e9rcoles estado de emergencia en tres de las 26 regiones del pa\u00eds, los departamentos de Amazonas, San Mart\u00edn y Ucayali, debido a los incendios que afectan al pa\u00eds, inform\u00f3 la presidenta Dina Boluarte. Durante un mensaje a medios, Boluarte dijo que esta decisi\u00f3n se tom\u00f3 durante [&hellip;]<\/p>\n","protected":false},"author":0,"featured_media":0,"comment_status":"open","ping_status":"open","sticky":false,"template":"","format":"standard","meta":{"_jetpack_memberships_contains_paid_content":false,"footnotes":""},"categories":[10],"tags":[],"class_list":["post-1452834","post","type-post","status-publish","format-standard","hentry","category-noticias-nacionales","market-global"],"yoast_head":"<!-- This site is optimized with the Yoast SEO plugin v24.4 - https:\/\/yoast.com\/wordpress\/plugins\/seo\/ -->\n<title>Declaran emergencia por los incendios en los departamentos peruanos de Amazonas, San Mart\u00edn y Ucayali - Noticias<\/title>\n<meta name=\"robots\" content=\"index, follow, max-snippet:-1, max-image-preview:large, max-video-preview:-1\" \/>\n<link rel=\"canonical\" href=\"https:\/\/noticiasya.com\/2024\/09\/19\/declaran-emergencia-incendios-departamentos-peruanos-orix\/\" \/>\n<meta property=\"og:locale\" content=\"es_ES\" \/>\n<meta property=\"og:type\" content=\"article\" \/>\n<meta property=\"og:title\" content=\"Declaran emergencia por los incendios en los departamentos peruanos de Amazonas, San Mart\u00edn y Ucayali - Noticias\" \/>\n<meta property=\"og:description\" content=\"(CNN Espa\u00f1ol) \u2013\u2013 El Gobierno de Per\u00fa declar\u00f3 este mi\u00e9rcoles estado de emergencia en tres de las 26 regiones del pa\u00eds, los departamentos de Amazonas, San Mart\u00edn y Ucayali, debido a los incendios que afectan al pa\u00eds, inform\u00f3 la presidenta Dina Boluarte. Durante un mensaje a medios, Boluarte dijo que esta decisi\u00f3n se tom\u00f3 durante [&hellip;]\" \/>\n<meta property=\"og:url\" content=\"https:\/\/noticiasya.com\/2024\/09\/19\/declaran-emergencia-incendios-departamentos-peruanos-orix\/\" \/>\n<meta property=\"og:site_name\" content=\"Noticias\" \/>\n<meta property=\"article:published_time\" content=\"2024-09-19T15:03:39+00:00\" \/>\n<meta name=\"twitter:card\" content=\"summary_large_image\" \/>\n<meta name=\"twitter:label1\" content=\"Est. reading time\" \/>\n\t<meta name=\"twitter:data1\" content=\"1 minuto\" \/>\n<script type=\"application\/ld+json\" class=\"yoast-schema-graph\">{\"@context\":\"https:\/\/schema.org\",\"@graph\":[{\"@type\":\"Article\",\"@id\":\"https:\/\/noticiasya.com\/2024\/09\/19\/declaran-emergencia-incendios-departamentos-peruanos-orix\/#article\",\"isPartOf\":{\"@id\":\"https:\/\/noticiasya.com\/2024\/09\/19\/declaran-emergencia-incendios-departamentos-peruanos-orix\/\"},\"author\":{\"name\":\"\",\"@id\":\"\"},\"headline\":\"Declaran emergencia por los incendios en los departamentos peruanos de Amazonas, San Mart\u00edn y Ucayali\",\"datePublished\":\"2024-09-19T15:03:39+00:00\",\"mainEntityOfPage\":{\"@id\":\"https:\/\/noticiasya.com\/2024\/09\/19\/declaran-emergencia-incendios-departamentos-peruanos-orix\/\"},\"wordCount\":186,\"commentCount\":0,\"publisher\":{\"@id\":\"https:\/\/noticiasya.com\/#organization\"},\"articleSection\":[\"Noticias Nacionales\"],\"inLanguage\":\"es\",\"potentialAction\":[{\"@type\":\"CommentAction\",\"name\":\"Comment\",\"target\":[\"https:\/\/noticiasya.com\/2024\/09\/19\/declaran-emergencia-incendios-departamentos-peruanos-orix\/#respond\"]}]},{\"@type\":\"WebPage\",\"@id\":\"https:\/\/noticiasya.com\/2024\/09\/19\/declaran-emergencia-incendios-departamentos-peruanos-orix\/\",\"url\":\"https:\/\/noticiasya.com\/2024\/09\/19\/declaran-emergencia-incendios-departamentos-peruanos-orix\/\",\"name\":\"Declaran emergencia por los incendios en los departamentos peruanos de Amazonas, San Mart\u00edn y Ucayali - Noticias\",\"isPartOf\":{\"@id\":\"https:\/\/noticiasya.com\/#website\"},\"datePublished\":\"2024-09-19T15:03:39+00:00\",\"breadcrumb\":{\"@id\":\"https:\/\/noticiasya.com\/2024\/09\/19\/declaran-emergencia-incendios-departamentos-peruanos-orix\/#breadcrumb\"},\"inLanguage\":\"es\",\"potentialAction\":[{\"@type\":\"ReadAction\",\"target\":[\"https:\/\/noticiasya.com\/2024\/09\/19\/declaran-emergencia-incendios-departamentos-peruanos-orix\/\"]}]},{\"@type\":\"BreadcrumbList\",\"@id\":\"https:\/\/noticiasya.com\/2024\/09\/19\/declaran-emergencia-incendios-departamentos-peruanos-orix\/#breadcrumb\",\"itemListElement\":[{\"@type\":\"ListItem\",\"position\":1,\"name\":\"Home\",\"item\":\"https:\/\/noticiasya.com\/\"},{\"@type\":\"ListItem\",\"position\":2,\"name\":\"Declaran emergencia por los incendios en los departamentos peruanos de Amazonas, San Mart\u00edn y Ucayali\"}]},{\"@type\":\"WebSite\",\"@id\":\"https:\/\/noticiasya.com\/#website\",\"url\":\"https:\/\/noticiasya.com\/\",\"name\":\"Noticias\",\"description\":\"Lo que importa\",\"publisher\":{\"@id\":\"https:\/\/noticiasya.com\/#organization\"},\"potentialAction\":[{\"@type\":\"SearchAction\",\"target\":{\"@type\":\"EntryPoint\",\"urlTemplate\":\"https:\/\/noticiasya.com\/?s={search_term_string}\"},\"query-input\":{\"@type\":\"PropertyValueSpecification\",\"valueRequired\":true,\"valueName\":\"search_term_string\"}}],\"inLanguage\":\"es\"},{\"@type\":\"Organization\",\"@id\":\"https:\/\/noticiasya.com\/#organization\",\"name\":\"Noticias\",\"url\":\"https:\/\/noticiasya.com\/\",\"logo\":{\"@type\":\"ImageObject\",\"inLanguage\":\"es\",\"@id\":\"https:\/\/noticiasya.com\/#\/schema\/logo\/image\/\",\"url\":\"https:\/\/noticiasya.com\/wp-content\/uploads\/sites\/22\/2023\/12\/logo-nacional.png\",\"contentUrl\":\"https:\/\/noticiasya.com\/wp-content\/uploads\/sites\/22\/2023\/12\/logo-nacional.png\",\"width\":1801,\"height\":691,\"caption\":\"Noticias\"},\"image\":{\"@id\":\"https:\/\/noticiasya.com\/#\/schema\/logo\/image\/\"}}]}<\/script>\n<!-- \/ Yoast SEO plugin. -->","yoast_head_json":{"title":"Declaran emergencia por los incendios en los departamentos peruanos de Amazonas, San Mart\u00edn y Ucayali - Noticias","robots":{"index":"index","follow":"follow","max-snippet":"max-snippet:-1","max-image-preview":"max-image-preview:large","max-video-preview":"max-video-preview:-1"},"canonical":"https:\/\/noticiasya.com\/2024\/09\/19\/declaran-emergencia-incendios-departamentos-peruanos-orix\/","og_locale":"es_ES","og_type":"article","og_title":"Declaran emergencia por los incendios en los departamentos peruanos de Amazonas, San Mart\u00edn y Ucayali - Noticias","og_description":"(CNN Espa\u00f1ol) \u2013\u2013 El Gobierno de Per\u00fa declar\u00f3 este mi\u00e9rcoles estado de emergencia en tres de las 26 regiones del pa\u00eds, los departamentos de Amazonas, San Mart\u00edn y Ucayali, debido a los incendios que afectan al pa\u00eds, inform\u00f3 la presidenta Dina Boluarte. Durante un mensaje a medios, Boluarte dijo que esta decisi\u00f3n se tom\u00f3 durante [&hellip;]","og_url":"https:\/\/noticiasya.com\/2024\/09\/19\/declaran-emergencia-incendios-departamentos-peruanos-orix\/","og_site_name":"Noticias","article_published_time":"2024-09-19T15:03:39+00:00","twitter_card":"summary_large_image","twitter_misc":{"Est. reading time":"1 minuto"},"schema":{"@context":"https:\/\/schema.org","@graph":[{"@type":"Article","@id":"https:\/\/noticiasya.com\/2024\/09\/19\/declaran-emergencia-incendios-departamentos-peruanos-orix\/#article","isPartOf":{"@id":"https:\/\/noticiasya.com\/2024\/09\/19\/declaran-emergencia-incendios-departamentos-peruanos-orix\/"},"author":{"name":"","@id":""},"headline":"Declaran emergencia por los incendios en los departamentos peruanos de Amazonas, San Mart\u00edn y Ucayali","datePublished":"2024-09-19T15:03:39+00:00","mainEntityOfPage":{"@id":"https:\/\/noticiasya.com\/2024\/09\/19\/declaran-emergencia-incendios-departamentos-peruanos-orix\/"},"wordCount":186,"commentCount":0,"publisher":{"@id":"https:\/\/noticiasya.com\/#organization"},"articleSection":["Noticias Nacionales"],"inLanguage":"es","potentialAction":[{"@type":"CommentAction","name":"Comment","target":["https:\/\/noticiasya.com\/2024\/09\/19\/declaran-emergencia-incendios-departamentos-peruanos-orix\/#respond"]}]},{"@type":"WebPage","@id":"https:\/\/noticiasya.com\/2024\/09\/19\/declaran-emergencia-incendios-departamentos-peruanos-orix\/","url":"https:\/\/noticiasya.com\/2024\/09\/19\/declaran-emergencia-incendios-departamentos-peruanos-orix\/","name":"Declaran emergencia por los incendios en los departamentos peruanos de Amazonas, San Mart\u00edn y Ucayali - Noticias","isPartOf":{"@id":"https:\/\/noticiasya.com\/#website"},"datePublished":"2024-09-19T15:03:39+00:00","breadcrumb":{"@id":"https:\/\/noticiasya.com\/2024\/09\/19\/declaran-emergencia-incendios-departamentos-peruanos-orix\/#breadcrumb"},"inLanguage":"es","potentialAction":[{"@type":"ReadAction","target":["https:\/\/noticiasya.com\/2024\/09\/19\/declaran-emergencia-incendios-departamentos-peruanos-orix\/"]}]},{"@type":"BreadcrumbList","@id":"https:\/\/noticiasya.com\/2024\/09\/19\/declaran-emergencia-incendios-departamentos-peruanos-orix\/#breadcrumb","itemListElement":[{"@type":"ListItem","position":1,"name":"Home","item":"https:\/\/noticiasya.com\/"},{"@type":"ListItem","position":2,"name":"Declaran emergencia por los incendios en los departamentos peruanos de Amazonas, San Mart\u00edn y Ucayali"}]},{"@type":"WebSite","@id":"https:\/\/noticiasya.com\/#website","url":"https:\/\/noticiasya.com\/","name":"Noticias","description":"Lo que importa","publisher":{"@id":"https:\/\/noticiasya.com\/#organization"},"potentialAction":[{"@type":"SearchAction","target":{"@type":"EntryPoint","urlTemplate":"https:\/\/noticiasya.com\/?s={search_term_string}"},"query-input":{"@type":"PropertyValueSpecification","valueRequired":true,"valueName":"search_term_string"}}],"inLanguage":"es"},{"@type":"Organization","@id":"https:\/\/noticiasya.com\/#organization","name":"Noticias","url":"https:\/\/noticiasya.com\/","logo":{"@type":"ImageObject","inLanguage":"es","@id":"https:\/\/noticiasya.com\/#\/schema\/logo\/image\/","url":"https:\/\/noticiasya.com\/wp-content\/uploads\/sites\/22\/2023\/12\/logo-nacional.png","contentUrl":"https:\/\/noticiasya.com\/wp-content\/uploads\/sites\/22\/2023\/12\/logo-nacional.png","width":1801,"height":691,"caption":"Noticias"},"image":{"@id":"https:\/\/noticiasya.com\/#\/schema\/logo\/image\/"}}]}},"parsely":{"version":"1.1.0","canonical_url":"https:\/\/noticiasya.com\/midland-odessa\/2024\/09\/19\/declaran-emergencia-incendios-departamentos-peruanos-orix\/","smart_links":{"inbound":0,"outbound":0},"traffic_boost_suggestions_count":0,"meta":{"@context":"https:\/\/schema.org","@type":"NewsArticle","headline":"Declaran emergencia por los incendios en los departamentos peruanos de Amazonas, San Mart\u00edn y Ucayali","url":"http:\/\/noticiasya.com\/midland-odessa\/2024\/09\/19\/declaran-emergencia-incendios-departamentos-peruanos-orix\/","mainEntityOfPage":{"@type":"WebPage","@id":"http:\/\/noticiasya.com\/midland-odessa\/2024\/09\/19\/declaran-emergencia-incendios-departamentos-peruanos-orix\/"},"thumbnailUrl":"","image":{"@type":"ImageObject","url":""},"articleSection":"Noticias Nacionales","author":[],"creator":[],"publisher":{"@type":"Organization","name":"Noticias","logo":""},"keywords":[],"dateCreated":"2024-09-19T15:03:39Z","datePublished":"2024-09-19T15:03:39Z","dateModified":"2024-09-19T15:03:39Z"},"rendered":"<script type=\"application\/ld+json\" class=\"wp-parsely-metadata\">{\"@context\":\"https:\\\/\\\/schema.org\",\"@type\":\"NewsArticle\",\"headline\":\"Declaran emergencia por los incendios en los departamentos peruanos de Amazonas, San Mart\\u00edn y Ucayali\",\"url\":\"http:\\\/\\\/noticiasya.com\\\/midland-odessa\\\/2024\\\/09\\\/19\\\/declaran-emergencia-incendios-departamentos-peruanos-orix\\\/\",\"mainEntityOfPage\":{\"@type\":\"WebPage\",\"@id\":\"http:\\\/\\\/noticiasya.com\\\/midland-odessa\\\/2024\\\/09\\\/19\\\/declaran-emergencia-incendios-departamentos-peruanos-orix\\\/\"},\"thumbnailUrl\":\"\",\"image\":{\"@type\":\"ImageObject\",\"url\":\"\"},\"articleSection\":\"Noticias Nacionales\",\"author\":[],\"creator\":[],\"publisher\":{\"@type\":\"Organization\",\"name\":\"Noticias\",\"logo\":\"\"},\"keywords\":[],\"dateCreated\":\"2024-09-19T15:03:39Z\",\"datePublished\":\"2024-09-19T15:03:39Z\",\"dateModified\":\"2024-09-19T15:03:39Z\"}<\/script>","tracker_url":"https:\/\/cdn.parsely.com\/keys\/noticiasya.com\/p.js"},"jetpack_featured_media_url":"","jetpack-related-posts":[{"id":1452926,"url":"https:\/\/noticiasya.com\/midland-odessa\/2024\/09\/21\/incendios-peru-20-fallecidos-orix\/","url_meta":{"origin":1452834,"position":0},"title":"Aumenta a 20 el n\u00famero de personas fallecidas por los incendios en Per\u00fa; el fuego sigue activo en 46 puntos","author":"","date":"septiembre 21, 2024","format":false,"excerpt":"(CNN Espa\u00f1ol) --\u00a0El n\u00famero de personas fallecidas a causa de los incendios que atraviesa Per\u00fa subi\u00f3 a 20, inform\u00f3 este s\u00e1bado el jefe del Instituto Nacional de Defensa Civil (Indeci), Juan Carlos Urcariegui, en una entrevista con la emisora local RPP.Hasta el lunes, se contabilizaban 16 muertos, report\u00f3 el Indeci\u2026","rel":"","context":"In &quot;Noticias Nacionales&quot;","block_context":{"text":"Noticias Nacionales","link":"https:\/\/noticiasya.com\/midland-odessa\/categoria\/noticias-nacionales"},"img":{"alt_text":"","src":"","width":0,"height":0},"classes":[]},{"id":1444619,"url":"https:\/\/noticiasya.com\/midland-odessa\/2024\/01\/29\/diez-incendios-permanecen-activos-en-colombia-informan-las-autoridades\/","url_meta":{"origin":1452834,"position":1},"title":"Diez\u00a0incendios\u00a0permanecen\u00a0activos\u00a0en Colombia, informan las autoridades","author":"","date":"enero 29, 2024","format":false,"excerpt":"(CNN en Espa\u00f1ol) -- Las autoridades de Colombia anunciaron este lunes que 10 incendios permanecen activos en su territorio. Los departamentos m\u00e1s afectados son Boyac\u00e1 y Antioqu\u00eda, seg\u00fan inform\u00f3 en una rueda de prensa la Unidad Nacional para la Gesti\u00f3n del Riesgo de Desastres (UNGRD).La informaci\u00f3n se conoce un d\u00eda\u00a0despu\u00e9s\u00a0de\u00a0que\u00a0el\u00a0gobierno\u00a0del\u2026","rel":"","context":"In &quot;Noticias Nacionales&quot;","block_context":{"text":"Noticias Nacionales","link":"https:\/\/noticiasya.com\/midland-odessa\/categoria\/noticias-nacionales"},"img":{"alt_text":"","src":"","width":0,"height":0},"classes":[]},{"id":1452747,"url":"https:\/\/noticiasya.com\/midland-odessa\/2024\/09\/16\/por-que-incendios-todas-regiones-peru-trax\/","url_meta":{"origin":1452834,"position":2},"title":"\u00bfPor qu\u00e9 existen incendios en casi todas las regiones de Per\u00fa?","author":"","date":"septiembre 16, 2024","format":false,"excerpt":"(CNN Espa\u00f1ol) \u2013\u2013 Gustavo Adrianz\u00e9n, presidente del Consejo de ministros de Per\u00fa, le dijo este lunes a la prensa que, \u201ca excepci\u00f3n de dos regiones, Ica e Iquitos, en todas las regiones se hab\u00edan reportado incendios\u201d.El Ministerio de Salud indic\u00f3 que hasta el momento son 15 las personas fallecidas, mientras\u2026","rel":"","context":"In &quot;Noticias Nacionales&quot;","block_context":{"text":"Noticias Nacionales","link":"https:\/\/noticiasya.com\/midland-odessa\/categoria\/noticias-nacionales"},"img":{"alt_text":"","src":"","width":0,"height":0},"classes":[]},{"id":1452520,"url":"https:\/\/noticiasya.com\/midland-odessa\/2024\/09\/07\/bolivia-emergencia-nacional-incendios-forestales-orix\/","url_meta":{"origin":1452834,"position":3},"title":"Bolivia declara emergencia nacional por incendios forestales","author":"","date":"septiembre 7, 2024","format":false,"excerpt":"(CNN Espa\u00f1ol)-- Bolivia declar\u00f3 este s\u00e1bado emergencia nacional debido a los incendios forestales que afectan al pa\u00eds, informaron autoridades del Ejecutivo del presidente Luis Arce en una conferencia de prensa.Alan Lisperguer, ministro de Medio Ambiente y Agua, dijo en conferencia de prensa que hay 72 puntos de fuego activo. La\u2026","rel":"","context":"In &quot;Noticias Nacionales&quot;","block_context":{"text":"Noticias Nacionales","link":"https:\/\/noticiasya.com\/midland-odessa\/categoria\/noticias-nacionales"},"img":{"alt_text":"","src":"","width":0,"height":0},"classes":[]},{"id":1452678,"url":"https:\/\/noticiasya.com\/midland-odessa\/2024\/09\/14\/brasil-7-300-incendios-forestales-cifras-oficiales\/","url_meta":{"origin":1452834,"position":4},"title":"Brasil registra m\u00e1s de 7.300 incendios forestales en 48 horas, seg\u00fan cifras oficiales","author":"","date":"septiembre 14, 2024","format":false,"excerpt":"(CNN Espa\u00f1ol) -- Brasil registra 7.322 incendios entre el jueves y el viernes, de acuerdo con datos del Instituto Nacional de Investigaciones Espaciales de Brasil (Inpe) citados por la estatal Agencia Brasil.En el lapso de esas 48 horas, Brasil concentr\u00f3 el 71,9% de los fuegos forestales registrados en Am\u00e9rica del\u2026","rel":"","context":"In &quot;Noticias Nacionales&quot;","block_context":{"text":"Noticias Nacionales","link":"https:\/\/noticiasya.com\/midland-odessa\/categoria\/noticias-nacionales"},"img":{"alt_text":"","src":"","width":0,"height":0},"classes":[]},{"id":1452478,"url":"https:\/\/noticiasya.com\/midland-odessa\/2024\/09\/06\/cordoba-estado-desastre-cuatro-provincias-incendios-forestales-orix\/","url_meta":{"origin":1452834,"position":5},"title":"La provincia de C\u00f3rdoba declara estado de desastre en cuatro departamentos debido a los incendios forestales","author":"","date":"septiembre 6, 2024","format":false,"excerpt":"(CNN Espa\u00f1ol) \u2013\u2013 El Gobierno de la provincia de C\u00f3rdoba, Argentina, declar\u00f3 estado de desastre en cuatro de sus 26 departamentos debido a los incendios forestales que han afectado a la zona durante los \u00faltimos d\u00edas.Los departamentos donde el estado de desastre estar\u00e1 vigente son Calamuchita, Punilla, Col\u00f3n y Santa\u2026","rel":"","context":"In &quot;Noticias Nacionales&quot;","block_context":{"text":"Noticias Nacionales","link":"https:\/\/noticiasya.com\/midland-odessa\/categoria\/noticias-nacionales"},"img":{"alt_text":"","src":"","width":0,"height":0},"classes":[]}],"jetpack_sharing_enabled":true,"_links":{"self":[{"href":"https:\/\/noticiasya.com\/midland-odessa\/wp-json\/wp\/v2\/posts\/1452834","targetHints":{"allow":["GET"]}}],"collection":[{"href":"https:\/\/noticiasya.com\/midland-odessa\/wp-json\/wp\/v2\/posts"}],"about":[{"href":"https:\/\/noticiasya.com\/midland-odessa\/wp-json\/wp\/v2\/types\/post"}],"replies":[{"embeddable":true,"href":"https:\/\/noticiasya.com\/midland-odessa\/wp-json\/wp\/v2\/comments?post=1452834"}],"version-history":[{"count":0,"href":"https:\/\/noticiasya.com\/midland-odessa\/wp-json\/wp\/v2\/posts\/1452834\/revisions"}],"wp:attachment":[{"href":"https:\/\/noticiasya.com\/midland-odessa\/wp-json\/wp\/v2\/media?parent=1452834"}],"wp:term":[{"taxonomy":"category","embeddable":true,"href":"https:\/\/noticiasya.com\/midland-odessa\/wp-json\/wp\/v2\/categories?post=1452834"},{"taxonomy":"post_tag","embeddable":true,"href":"https:\/\/noticiasya.com\/midland-odessa\/wp-json\/wp\/v2\/tags?post=1452834"}],"curies":[{"name":"wp","href":"https:\/\/api.w.org\/{rel}","templated":true}]}}