{"id":1452835,"date":"2024-09-19T08:03:39","date_gmt":"2024-09-19T15:03:39","guid":{"rendered":"https:\/\/noticiasya.com\/2024\/09\/19\/espana-niega-implicacion-con-documento-que-edmundo-gonzalez-firmo-orix\/"},"modified":"2024-09-19T08:03:39","modified_gmt":"2024-09-19T15:03:39","slug":"espana-niega-implicacion-con-documento-que-edmundo-gonzalez-firmo-orix","status":"publish","type":"post","link":"https:\/\/noticiasya.com\/midland-odessa\/2024\/09\/19\/espana-niega-implicacion-con-documento-que-edmundo-gonzalez-firmo-orix\/","title":{"rendered":"Espa\u00f1a niega cualquier implicaci\u00f3n con el documento que Edmundo Gonz\u00e1lez firm\u00f3 antes de salir de Venezuela"},"content":{"rendered":"<p>(CNN Espa\u00f1ol) &#8212; El Ministerio de Asuntos Exteriores de Espa\u00f1a inform\u00f3 este jueves a CNN que &#171;el Gobierno de Espa\u00f1a no tiene nada que ver con cualquier documento o negociaci\u00f3n entre Edmundo Gonz\u00e1lez y el Gobierno de Venezuela\u201d, en referencia al documento que el l\u00edder opositor firm\u00f3 antes de salir de Venezuela y en el que acataba la sentencia de la Sala Electoral del Tribunal Supremo de Justicia de Venezuela (TSJ) que ratific\u00f3 la victoria del presidente Nicol\u00e1s Maduro en los comicios del 28 de julio.<\/p>\n<p>\u201cCuando Edmundo Gonz\u00e1lez solicit\u00f3 ser acogido en la residencia del embajador espa\u00f1ol tuvo la garant\u00eda de que pod\u00eda verse o realizar las gestiones que decidiera hacer en relaci\u00f3n a su situaci\u00f3n\u201d, informaron desde la Canciller\u00eda. \u201cEl ministro de Exteriores dio instrucciones directas al embajador de no inmiscuirse en las gestiones que pudiera realizar el l\u00edder opositor&#187;.<\/p>\n<p>Abogado de Gonz\u00e1lez: firm\u00f3 el documento sin libre consentimiento 3:37<\/p>\n<p>Abogado de Edmundo Gonz\u00e1lez: Espa\u00f1a deber\u00eda explicar por qu\u00e9 se permiti\u00f3 que\u00a0grabaran al opositor en la embajada<\/p>\n<p>De esta forma, la Canciller\u00eda espa\u00f1ola defiende que Gonz\u00e1lez Urrutia tuvo autonom\u00eda para decidir por s\u00ed mismo y actuar libremente.<\/p>\n<p>El l\u00edder opositor se\u00f1al\u00f3 el martes en un video compartido a trav\u00e9s de sus redes sociales que lo firm\u00f3 tras varias horas \u201cde coacci\u00f3n, chantaje y presiones\u201d en presencia de la vicepresidenta Delcy Rodr\u00edguez y de su hermano Jorge Rodr\u00edguez, presidente de la Asamblea Nacional, quienes se presentaron en la Embajada de Espa\u00f1a en Caracas \u201ccon un documento que tendr\u00eda que refrendar para permitir mi salida del pa\u00eds\u201d.<\/p>\n<p>Dados los efectos que puede tener la firma de ese documento, Gonz\u00e1lez Urrutia agregaba en su video comunicado que \u201cun documento producido bajo coacci\u00f3n est\u00e1 viciado de nulidad absoluta por un vicio grave en el consentimiento\u201d.<\/p>\n<p>El candidato opositor asegur\u00f3 a todos aquellos que le votaron el 28 de julio que \u201cjam\u00e1s los voy a traicionar\u201d. \u201cComo presidente electo de millones y millones de venezolanos que votaron por un cambio en la democracia y la paz, no me van a callar\u201d.<\/p>\n<p>Se eleva la tensi\u00f3n entre el Gobierno y la oposici\u00f3n espa\u00f1ola<\/p>\n<p>Este episodio ha provocado que algunos miembros del opositor Partido Popular (PP) hayan vertido fuertes declaraciones contra el Gobierno espa\u00f1ol. Entre otros, el vicesecretario general del PP, Esteban Gonz\u00e1lez Pons, mostr\u00f3 en una entrevista con la emisora de radio EsRadio su \u201dindignaci\u00f3n\u201d por estimar que el Gobierno fue \u201cc\u00f3mplice\u201d en ese \u201cchantaje\u201d de las autoridades venezolanas contra Gonz\u00e1lez Urrutia. \u201cEspa\u00f1a est\u00e1 implicada en la operaci\u00f3n que convertir\u00e1 a Maduro en dictador por un tiempo indeterminado\u201d, asever\u00f3.<\/p>\n<p>Unas palabras que no han sentado nada bien al Ejecutivo espa\u00f1ol. La vicepresidenta primera y ministra de Hacienda de Espa\u00f1a, Mar\u00eda Jes\u00fas Montero, se\u00f1al\u00f3 a los medios que las acusaciones de Pons son \u201cofensivas\u201d y \u201cfalsas\u201d, a la par que consideraba \u201ccalumniante que cualquiera quiera desprestigiar todo el trabajo que se viene haciendo y que el propio Edmundo Gonz\u00e1lez le ha reconocido al Gobierno de Espa\u00f1a\u201d. \u201cEl Partido Popular [\u2026] est\u00e1 haciendo un flaco favor tanto a nuestro pa\u00eds como a Edmundo Gonz\u00e1lez\u201d, agreg\u00f3.<\/p>\n<p>The-CNN-Wire<br \/>&trade; &amp; &copy; 2024 Cable News Network, Inc., a Warner Bros. Discovery Company. All rights reserved.<\/p>\n","protected":false},"excerpt":{"rendered":"<p>(CNN Espa\u00f1ol) &#8212; El Ministerio de Asuntos Exteriores de Espa\u00f1a inform\u00f3 este jueves a CNN que &#171;el Gobierno de Espa\u00f1a no tiene nada que ver con cualquier documento o negociaci\u00f3n entre Edmundo Gonz\u00e1lez y el Gobierno de Venezuela\u201d, en referencia al documento que el l\u00edder opositor firm\u00f3 antes de salir de Venezuela y en el [&hellip;]<\/p>\n","protected":false},"author":0,"featured_media":0,"comment_status":"open","ping_status":"open","sticky":false,"template":"","format":"standard","meta":{"_jetpack_memberships_contains_paid_content":false,"footnotes":""},"categories":[10],"tags":[],"class_list":["post-1452835","post","type-post","status-publish","format-standard","hentry","category-noticias-nacionales","market-global"],"yoast_head":"<!-- This site is optimized with the Yoast SEO plugin v24.4 - https:\/\/yoast.com\/wordpress\/plugins\/seo\/ -->\n<title>Espa\u00f1a niega cualquier implicaci\u00f3n con el documento que Edmundo Gonz\u00e1lez firm\u00f3 antes de salir de Venezuela - Noticias<\/title>\n<meta name=\"robots\" content=\"index, follow, max-snippet:-1, max-image-preview:large, max-video-preview:-1\" \/>\n<link rel=\"canonical\" href=\"https:\/\/noticiasya.com\/2024\/09\/19\/espana-niega-implicacion-con-documento-que-edmundo-gonzalez-firmo-orix\/\" \/>\n<meta property=\"og:locale\" content=\"es_ES\" \/>\n<meta property=\"og:type\" content=\"article\" \/>\n<meta property=\"og:title\" content=\"Espa\u00f1a niega cualquier implicaci\u00f3n con el documento que Edmundo Gonz\u00e1lez firm\u00f3 antes de salir de Venezuela - Noticias\" \/>\n<meta property=\"og:description\" content=\"(CNN Espa\u00f1ol) &#8212; El Ministerio de Asuntos Exteriores de Espa\u00f1a inform\u00f3 este jueves a CNN que &#171;el Gobierno de Espa\u00f1a no tiene nada que ver con cualquier documento o negociaci\u00f3n entre Edmundo Gonz\u00e1lez y el Gobierno de Venezuela\u201d, en referencia al documento que el l\u00edder opositor firm\u00f3 antes de salir de Venezuela y en el [&hellip;]\" \/>\n<meta property=\"og:url\" content=\"https:\/\/noticiasya.com\/2024\/09\/19\/espana-niega-implicacion-con-documento-que-edmundo-gonzalez-firmo-orix\/\" \/>\n<meta property=\"og:site_name\" content=\"Noticias\" \/>\n<meta property=\"article:published_time\" content=\"2024-09-19T15:03:39+00:00\" \/>\n<meta name=\"twitter:card\" content=\"summary_large_image\" \/>\n<meta name=\"twitter:label1\" content=\"Est. reading time\" \/>\n\t<meta name=\"twitter:data1\" content=\"3 minutos\" \/>\n<script type=\"application\/ld+json\" class=\"yoast-schema-graph\">{\"@context\":\"https:\/\/schema.org\",\"@graph\":[{\"@type\":\"Article\",\"@id\":\"https:\/\/noticiasya.com\/2024\/09\/19\/espana-niega-implicacion-con-documento-que-edmundo-gonzalez-firmo-orix\/#article\",\"isPartOf\":{\"@id\":\"https:\/\/noticiasya.com\/2024\/09\/19\/espana-niega-implicacion-con-documento-que-edmundo-gonzalez-firmo-orix\/\"},\"author\":{\"name\":\"\",\"@id\":\"\"},\"headline\":\"Espa\u00f1a niega cualquier implicaci\u00f3n con el documento que Edmundo Gonz\u00e1lez firm\u00f3 antes de salir de Venezuela\",\"datePublished\":\"2024-09-19T15:03:39+00:00\",\"mainEntityOfPage\":{\"@id\":\"https:\/\/noticiasya.com\/2024\/09\/19\/espana-niega-implicacion-con-documento-que-edmundo-gonzalez-firmo-orix\/\"},\"wordCount\":595,\"commentCount\":0,\"publisher\":{\"@id\":\"https:\/\/noticiasya.com\/#organization\"},\"articleSection\":[\"Noticias Nacionales\"],\"inLanguage\":\"es\",\"potentialAction\":[{\"@type\":\"CommentAction\",\"name\":\"Comment\",\"target\":[\"https:\/\/noticiasya.com\/2024\/09\/19\/espana-niega-implicacion-con-documento-que-edmundo-gonzalez-firmo-orix\/#respond\"]}]},{\"@type\":\"WebPage\",\"@id\":\"https:\/\/noticiasya.com\/2024\/09\/19\/espana-niega-implicacion-con-documento-que-edmundo-gonzalez-firmo-orix\/\",\"url\":\"https:\/\/noticiasya.com\/2024\/09\/19\/espana-niega-implicacion-con-documento-que-edmundo-gonzalez-firmo-orix\/\",\"name\":\"Espa\u00f1a niega cualquier implicaci\u00f3n con el documento que Edmundo Gonz\u00e1lez firm\u00f3 antes de salir de Venezuela - Noticias\",\"isPartOf\":{\"@id\":\"https:\/\/noticiasya.com\/#website\"},\"datePublished\":\"2024-09-19T15:03:39+00:00\",\"breadcrumb\":{\"@id\":\"https:\/\/noticiasya.com\/2024\/09\/19\/espana-niega-implicacion-con-documento-que-edmundo-gonzalez-firmo-orix\/#breadcrumb\"},\"inLanguage\":\"es\",\"potentialAction\":[{\"@type\":\"ReadAction\",\"target\":[\"https:\/\/noticiasya.com\/2024\/09\/19\/espana-niega-implicacion-con-documento-que-edmundo-gonzalez-firmo-orix\/\"]}]},{\"@type\":\"BreadcrumbList\",\"@id\":\"https:\/\/noticiasya.com\/2024\/09\/19\/espana-niega-implicacion-con-documento-que-edmundo-gonzalez-firmo-orix\/#breadcrumb\",\"itemListElement\":[{\"@type\":\"ListItem\",\"position\":1,\"name\":\"Home\",\"item\":\"https:\/\/noticiasya.com\/\"},{\"@type\":\"ListItem\",\"position\":2,\"name\":\"Espa\u00f1a niega cualquier implicaci\u00f3n con el documento que Edmundo Gonz\u00e1lez firm\u00f3 antes de salir de Venezuela\"}]},{\"@type\":\"WebSite\",\"@id\":\"https:\/\/noticiasya.com\/#website\",\"url\":\"https:\/\/noticiasya.com\/\",\"name\":\"Noticias\",\"description\":\"Lo que importa\",\"publisher\":{\"@id\":\"https:\/\/noticiasya.com\/#organization\"},\"potentialAction\":[{\"@type\":\"SearchAction\",\"target\":{\"@type\":\"EntryPoint\",\"urlTemplate\":\"https:\/\/noticiasya.com\/?s={search_term_string}\"},\"query-input\":{\"@type\":\"PropertyValueSpecification\",\"valueRequired\":true,\"valueName\":\"search_term_string\"}}],\"inLanguage\":\"es\"},{\"@type\":\"Organization\",\"@id\":\"https:\/\/noticiasya.com\/#organization\",\"name\":\"Noticias\",\"url\":\"https:\/\/noticiasya.com\/\",\"logo\":{\"@type\":\"ImageObject\",\"inLanguage\":\"es\",\"@id\":\"https:\/\/noticiasya.com\/#\/schema\/logo\/image\/\",\"url\":\"https:\/\/noticiasya.com\/wp-content\/uploads\/sites\/22\/2023\/12\/logo-nacional.png\",\"contentUrl\":\"https:\/\/noticiasya.com\/wp-content\/uploads\/sites\/22\/2023\/12\/logo-nacional.png\",\"width\":1801,\"height\":691,\"caption\":\"Noticias\"},\"image\":{\"@id\":\"https:\/\/noticiasya.com\/#\/schema\/logo\/image\/\"}}]}<\/script>\n<!-- \/ Yoast SEO plugin. -->","yoast_head_json":{"title":"Espa\u00f1a niega cualquier implicaci\u00f3n con el documento que Edmundo Gonz\u00e1lez firm\u00f3 antes de salir de Venezuela - Noticias","robots":{"index":"index","follow":"follow","max-snippet":"max-snippet:-1","max-image-preview":"max-image-preview:large","max-video-preview":"max-video-preview:-1"},"canonical":"https:\/\/noticiasya.com\/2024\/09\/19\/espana-niega-implicacion-con-documento-que-edmundo-gonzalez-firmo-orix\/","og_locale":"es_ES","og_type":"article","og_title":"Espa\u00f1a niega cualquier implicaci\u00f3n con el documento que Edmundo Gonz\u00e1lez firm\u00f3 antes de salir de Venezuela - Noticias","og_description":"(CNN Espa\u00f1ol) &#8212; El Ministerio de Asuntos Exteriores de Espa\u00f1a inform\u00f3 este jueves a CNN que &#171;el Gobierno de Espa\u00f1a no tiene nada que ver con cualquier documento o negociaci\u00f3n entre Edmundo Gonz\u00e1lez y el Gobierno de Venezuela\u201d, en referencia al documento que el l\u00edder opositor firm\u00f3 antes de salir de Venezuela y en el [&hellip;]","og_url":"https:\/\/noticiasya.com\/2024\/09\/19\/espana-niega-implicacion-con-documento-que-edmundo-gonzalez-firmo-orix\/","og_site_name":"Noticias","article_published_time":"2024-09-19T15:03:39+00:00","twitter_card":"summary_large_image","twitter_misc":{"Est. reading time":"3 minutos"},"schema":{"@context":"https:\/\/schema.org","@graph":[{"@type":"Article","@id":"https:\/\/noticiasya.com\/2024\/09\/19\/espana-niega-implicacion-con-documento-que-edmundo-gonzalez-firmo-orix\/#article","isPartOf":{"@id":"https:\/\/noticiasya.com\/2024\/09\/19\/espana-niega-implicacion-con-documento-que-edmundo-gonzalez-firmo-orix\/"},"author":{"name":"","@id":""},"headline":"Espa\u00f1a niega cualquier implicaci\u00f3n con el documento que Edmundo Gonz\u00e1lez firm\u00f3 antes de salir de Venezuela","datePublished":"2024-09-19T15:03:39+00:00","mainEntityOfPage":{"@id":"https:\/\/noticiasya.com\/2024\/09\/19\/espana-niega-implicacion-con-documento-que-edmundo-gonzalez-firmo-orix\/"},"wordCount":595,"commentCount":0,"publisher":{"@id":"https:\/\/noticiasya.com\/#organization"},"articleSection":["Noticias Nacionales"],"inLanguage":"es","potentialAction":[{"@type":"CommentAction","name":"Comment","target":["https:\/\/noticiasya.com\/2024\/09\/19\/espana-niega-implicacion-con-documento-que-edmundo-gonzalez-firmo-orix\/#respond"]}]},{"@type":"WebPage","@id":"https:\/\/noticiasya.com\/2024\/09\/19\/espana-niega-implicacion-con-documento-que-edmundo-gonzalez-firmo-orix\/","url":"https:\/\/noticiasya.com\/2024\/09\/19\/espana-niega-implicacion-con-documento-que-edmundo-gonzalez-firmo-orix\/","name":"Espa\u00f1a niega cualquier implicaci\u00f3n con el documento que Edmundo Gonz\u00e1lez firm\u00f3 antes de salir de Venezuela - Noticias","isPartOf":{"@id":"https:\/\/noticiasya.com\/#website"},"datePublished":"2024-09-19T15:03:39+00:00","breadcrumb":{"@id":"https:\/\/noticiasya.com\/2024\/09\/19\/espana-niega-implicacion-con-documento-que-edmundo-gonzalez-firmo-orix\/#breadcrumb"},"inLanguage":"es","potentialAction":[{"@type":"ReadAction","target":["https:\/\/noticiasya.com\/2024\/09\/19\/espana-niega-implicacion-con-documento-que-edmundo-gonzalez-firmo-orix\/"]}]},{"@type":"BreadcrumbList","@id":"https:\/\/noticiasya.com\/2024\/09\/19\/espana-niega-implicacion-con-documento-que-edmundo-gonzalez-firmo-orix\/#breadcrumb","itemListElement":[{"@type":"ListItem","position":1,"name":"Home","item":"https:\/\/noticiasya.com\/"},{"@type":"ListItem","position":2,"name":"Espa\u00f1a niega cualquier implicaci\u00f3n con el documento que Edmundo Gonz\u00e1lez firm\u00f3 antes de salir de Venezuela"}]},{"@type":"WebSite","@id":"https:\/\/noticiasya.com\/#website","url":"https:\/\/noticiasya.com\/","name":"Noticias","description":"Lo que importa","publisher":{"@id":"https:\/\/noticiasya.com\/#organization"},"potentialAction":[{"@type":"SearchAction","target":{"@type":"EntryPoint","urlTemplate":"https:\/\/noticiasya.com\/?s={search_term_string}"},"query-input":{"@type":"PropertyValueSpecification","valueRequired":true,"valueName":"search_term_string"}}],"inLanguage":"es"},{"@type":"Organization","@id":"https:\/\/noticiasya.com\/#organization","name":"Noticias","url":"https:\/\/noticiasya.com\/","logo":{"@type":"ImageObject","inLanguage":"es","@id":"https:\/\/noticiasya.com\/#\/schema\/logo\/image\/","url":"https:\/\/noticiasya.com\/wp-content\/uploads\/sites\/22\/2023\/12\/logo-nacional.png","contentUrl":"https:\/\/noticiasya.com\/wp-content\/uploads\/sites\/22\/2023\/12\/logo-nacional.png","width":1801,"height":691,"caption":"Noticias"},"image":{"@id":"https:\/\/noticiasya.com\/#\/schema\/logo\/image\/"}}]}},"parsely":{"version":"1.1.0","canonical_url":"https:\/\/noticiasya.com\/midland-odessa\/2024\/09\/19\/espana-niega-implicacion-con-documento-que-edmundo-gonzalez-firmo-orix\/","smart_links":{"inbound":0,"outbound":0},"traffic_boost_suggestions_count":0,"meta":{"@context":"https:\/\/schema.org","@type":"NewsArticle","headline":"Espa\u00f1a niega cualquier implicaci\u00f3n con el documento que Edmundo Gonz\u00e1lez firm\u00f3 antes de salir de Venezuela","url":"http:\/\/noticiasya.com\/midland-odessa\/2024\/09\/19\/espana-niega-implicacion-con-documento-que-edmundo-gonzalez-firmo-orix\/","mainEntityOfPage":{"@type":"WebPage","@id":"http:\/\/noticiasya.com\/midland-odessa\/2024\/09\/19\/espana-niega-implicacion-con-documento-que-edmundo-gonzalez-firmo-orix\/"},"thumbnailUrl":"","image":{"@type":"ImageObject","url":""},"articleSection":"Noticias Nacionales","author":[],"creator":[],"publisher":{"@type":"Organization","name":"Noticias","logo":""},"keywords":[],"dateCreated":"2024-09-19T15:03:39Z","datePublished":"2024-09-19T15:03:39Z","dateModified":"2024-09-19T15:03:39Z"},"rendered":"<script type=\"application\/ld+json\" class=\"wp-parsely-metadata\">{\"@context\":\"https:\\\/\\\/schema.org\",\"@type\":\"NewsArticle\",\"headline\":\"Espa\\u00f1a niega cualquier implicaci\\u00f3n con el documento que Edmundo Gonz\\u00e1lez firm\\u00f3 antes de salir de Venezuela\",\"url\":\"http:\\\/\\\/noticiasya.com\\\/midland-odessa\\\/2024\\\/09\\\/19\\\/espana-niega-implicacion-con-documento-que-edmundo-gonzalez-firmo-orix\\\/\",\"mainEntityOfPage\":{\"@type\":\"WebPage\",\"@id\":\"http:\\\/\\\/noticiasya.com\\\/midland-odessa\\\/2024\\\/09\\\/19\\\/espana-niega-implicacion-con-documento-que-edmundo-gonzalez-firmo-orix\\\/\"},\"thumbnailUrl\":\"\",\"image\":{\"@type\":\"ImageObject\",\"url\":\"\"},\"articleSection\":\"Noticias Nacionales\",\"author\":[],\"creator\":[],\"publisher\":{\"@type\":\"Organization\",\"name\":\"Noticias\",\"logo\":\"\"},\"keywords\":[],\"dateCreated\":\"2024-09-19T15:03:39Z\",\"datePublished\":\"2024-09-19T15:03:39Z\",\"dateModified\":\"2024-09-19T15:03:39Z\"}<\/script>","tracker_url":"https:\/\/cdn.parsely.com\/keys\/noticiasya.com\/p.js"},"jetpack_featured_media_url":"","jetpack-related-posts":[{"id":1452862,"url":"https:\/\/noticiasya.com\/midland-odessa\/2024\/09\/19\/edmundo-gonzalez-niega-coaccionado-espana-venezuela-orix\/","url_meta":{"origin":1452835,"position":0},"title":"Edmundo Gonz\u00e1lez niega haber sido coaccionado por funcionarios de Espa\u00f1a y agradece las gestiones para su salida de Venezuela","author":"","date":"septiembre 19, 2024","format":false,"excerpt":"(CNN Espa\u00f1ol) --\u00a0El candidato presidencial de la mayor\u00eda opositora venezolana, Edmundo Gonz\u00e1lez Urrutia, neg\u00f3 este jueves haber sido coaccionado por funcionarios de Espa\u00f1a cuando estuvo en la embajada de ese pa\u00eds en Caracas, como se\u00f1al\u00f3 el l\u00edder del opositor Partido Popular espa\u00f1ol (PP), Alberto N\u00fa\u00f1ez Feij\u00f3o.\u201cNo he sido coaccionado ni\u2026","rel":"","context":"In &quot;Noticias Nacionales&quot;","block_context":{"text":"Noticias Nacionales","link":"https:\/\/noticiasya.com\/midland-odessa\/categoria\/noticias-nacionales"},"img":{"alt_text":"","src":"","width":0,"height":0},"classes":[]},{"id":1452836,"url":"https:\/\/noticiasya.com\/midland-odessa\/2024\/09\/19\/venezuela-edmundo-gonzalez-carta-orix\/","url_meta":{"origin":1452835,"position":1},"title":"Edmundo Gonz\u00e1lez dice que fue coaccionado para firmar carta en la que acatar\u00eda decisi\u00f3n del TSJ que ratifica victoria de Maduro","author":"","date":"septiembre 19, 2024","format":false,"excerpt":"(CNN Espa\u00f1ol) -- El presidente de la Asamblea Nacional de Venezuela, Jorge Rodr\u00edguez, mostr\u00f3 este mi\u00e9rcoles una carta supuestamente firmada por el candidato de la Mesa de la Unidad Democr\u00e1tica, Edmundo Gonz\u00e1lez, en la que acata la sentencia de la Sala Electoral del Tribunal Supremo de Justicia de Venezuela (TSJ)\u2026","rel":"","context":"In &quot;Noticias Nacionales&quot;","block_context":{"text":"Noticias Nacionales","link":"https:\/\/noticiasya.com\/midland-odessa\/categoria\/noticias-nacionales"},"img":{"alt_text":"","src":"","width":0,"height":0},"classes":[]},{"id":1456797,"url":"https:\/\/noticiasya.com\/midland-odessa\/2024\/12\/20\/espana-asilo-edmundo-gonzalez-efe\/","url_meta":{"origin":1452835,"position":2},"title":"Espa\u00f1a concede el asilo a Edmundo Gonz\u00e1lez Urrutia","author":"","date":"diciembre 20, 2024","format":false,"excerpt":"El ministro espa\u00f1ol de Exteriores, Jos\u00e9 Manuel Albares, confirm\u00f3 que Espa\u00f1a ha concedido ya al dirigente opositor venezolano Edmundo Gonz\u00e1lez Urrutia el estatuto de asilo que hab\u00eda solicitado tras su llegada a Espa\u00f1a el pasado 8 de septiembre, y que se le notificar\u00e1 en los pr\u00f3ximos d\u00edas.Albares lo explic\u00f3 en\u2026","rel":"","context":"In &quot;Noticias Nacionales&quot;","block_context":{"text":"Noticias Nacionales","link":"https:\/\/noticiasya.com\/midland-odessa\/categoria\/noticias-nacionales"},"img":{"alt_text":"","src":"","width":0,"height":0},"classes":[]},{"id":1452847,"url":"https:\/\/noticiasya.com\/midland-odessa\/2024\/09\/19\/asamblea-nacional-venezuela-repudia-resolucion-parlamento-europeo-gonzalez-presidente-electo-orix\/","url_meta":{"origin":1452835,"position":3},"title":"La Asamblea Nacional de Venezuela repudia la resoluci\u00f3n del Parlamento Europeo que reconoce a Edmundo Gonz\u00e1lez como presidente electo","author":"","date":"septiembre 19, 2024","format":false,"excerpt":"(CNN Espa\u00f1ol) --\u00a0La Asamblea Nacional de Venezuela, de mayor\u00eda oficialista, aprob\u00f3 este jueves un acuerdo que repudia la resoluci\u00f3n del Parlamento Europeo que, horas antes, reconoci\u00f3 al l\u00edder opositor Edmundo Gonz\u00e1lez Urrutia como presidente electo de Venezuela.El documento aprobado califica la decisi\u00f3n como una \u201cgrosera intromisi\u00f3n en los asuntos internos\u2026","rel":"","context":"In &quot;Noticias Nacionales&quot;","block_context":{"text":"Noticias Nacionales","link":"https:\/\/noticiasya.com\/midland-odessa\/categoria\/noticias-nacionales"},"img":{"alt_text":"","src":"","width":0,"height":0},"classes":[]},{"id":1452578,"url":"https:\/\/noticiasya.com\/midland-odessa\/2024\/09\/10\/maduro-dice-respeta-decision-gonzalez-urrutia-salir-venezuela-pedir-asilo-espana-orix\/","url_meta":{"origin":1452835,"position":4},"title":"Maduro dice que \u201crespeta\u201d decisi\u00f3n de Gonz\u00e1lez Urrutia de salir de Venezuela y pedir asilo en Espa\u00f1a","author":"","date":"septiembre 10, 2024","format":false,"excerpt":"(CNN Espa\u00f1ol) -- El presidente de Venezuela, Nicol\u00e1s Maduro, dijo este lunes que respeta la decisi\u00f3n del l\u00edder opositor Edmundo Gonz\u00e1lez Urrutia de salir de Venezuela y pedir asilo en Espa\u00f1a.\"Yo le puedo decir al embajador Gonz\u00e1lez Urrutia con el cual he confrontado duro despu\u00e9s del 29 de julio, que\u2026","rel":"","context":"In &quot;Noticias Nacionales&quot;","block_context":{"text":"Noticias Nacionales","link":"https:\/\/noticiasya.com\/midland-odessa\/categoria\/noticias-nacionales"},"img":{"alt_text":"","src":"","width":0,"height":0},"classes":[]},{"id":1454940,"url":"https:\/\/noticiasya.com\/midland-odessa\/2024\/10\/04\/edmundo-gonzalez-urrutia-salida-venezuela-temporal-orix\/","url_meta":{"origin":1452835,"position":5},"title":"Edmundo Gonz\u00e1lez Urrutia: \u201cMi salida de Venezuela es solo temporal\u201d","author":"","date":"octubre 4, 2024","format":false,"excerpt":"(CNN Espa\u00f1ol) -- El l\u00edder opositor venezolano, Edmundo Gonz\u00e1lez, se\u00f1al\u00f3 este viernes en el marco del Foro La Toja, un espacio de debate pol\u00edtico que se celebra en el noroeste de Espa\u00f1a, que a pesar de haber dejado Venezuela como consecuencia de \u201cpresiones inenarrables y amenazas extremas\u201d, su \u201csalida del\u2026","rel":"","context":"In &quot;Noticias Nacionales&quot;","block_context":{"text":"Noticias Nacionales","link":"https:\/\/noticiasya.com\/midland-odessa\/categoria\/noticias-nacionales"},"img":{"alt_text":"","src":"","width":0,"height":0},"classes":[]}],"jetpack_sharing_enabled":true,"_links":{"self":[{"href":"https:\/\/noticiasya.com\/midland-odessa\/wp-json\/wp\/v2\/posts\/1452835","targetHints":{"allow":["GET"]}}],"collection":[{"href":"https:\/\/noticiasya.com\/midland-odessa\/wp-json\/wp\/v2\/posts"}],"about":[{"href":"https:\/\/noticiasya.com\/midland-odessa\/wp-json\/wp\/v2\/types\/post"}],"replies":[{"embeddable":true,"href":"https:\/\/noticiasya.com\/midland-odessa\/wp-json\/wp\/v2\/comments?post=1452835"}],"version-history":[{"count":0,"href":"https:\/\/noticiasya.com\/midland-odessa\/wp-json\/wp\/v2\/posts\/1452835\/revisions"}],"wp:attachment":[{"href":"https:\/\/noticiasya.com\/midland-odessa\/wp-json\/wp\/v2\/media?parent=1452835"}],"wp:term":[{"taxonomy":"category","embeddable":true,"href":"https:\/\/noticiasya.com\/midland-odessa\/wp-json\/wp\/v2\/categories?post=1452835"},{"taxonomy":"post_tag","embeddable":true,"href":"https:\/\/noticiasya.com\/midland-odessa\/wp-json\/wp\/v2\/tags?post=1452835"}],"curies":[{"name":"wp","href":"https:\/\/api.w.org\/{rel}","templated":true}]}}