{"id":1452839,"date":"2024-09-19T10:03:50","date_gmt":"2024-09-19T17:03:50","guid":{"rendered":"https:\/\/noticiasya.com\/2024\/09\/19\/petro-manifestacion-reforma-pensional-colombia-orix\/"},"modified":"2024-09-19T10:03:50","modified_gmt":"2024-09-19T17:03:50","slug":"petro-manifestacion-reforma-pensional-colombia-orix","status":"publish","type":"post","link":"https:\/\/noticiasya.com\/midland-odessa\/2024\/09\/19\/petro-manifestacion-reforma-pensional-colombia-orix\/","title":{"rendered":"Petro convoca a manifestaci\u00f3n para defender la reforma pensional en Colombia"},"content":{"rendered":"<p>(CNN Espa\u00f1ol) &#8212; El presidente de Colombia, Gustavo Petro, convoc\u00f3 a participar este jueves en una manifestaci\u00f3n para \u201cdefender la reforma pensional\u201d, seg\u00fan anunci\u00f3 en sus historias de Instagram, en d\u00edas donde crecen los reclamos para que sea revisada por la Corte Constitucional colombiana.<\/p>\n<p>Petro firm\u00f3 en julio la reforma pensional despu\u00e9s de su aprobaci\u00f3n en el Congreso. Con esta reforma, el Gobierno espera aumentar el n\u00famero de afiliados, pero los cr\u00edticos se\u00f1alan que no es sostenible y que generar\u00e1 problemas para las finanzas p\u00fablicas de Colombia. El Gobierno rechaza esas afirmaciones. La reforma contempla, entre otros asuntos, un sistema de pensiones dividido en tres pilares: solidario, semicontributivo y contributivo, y la obligaci\u00f3n para cada trabajador de cotizar en un fondo p\u00fablico o privado, seg\u00fan su nivel de ingresos.<\/p>\n<p>La convocatoria de Petro se produce en medio de presiones para que la Corte Constitucional de Colombia revise la reforma pensional.<\/p>\n<p>\u201cPor muy loable que sea la intenci\u00f3n, el tr\u00e1mite de la Reforma Pensional fue ilegal, no conocimos el texto, se viol\u00f3 el proceso legislativo porque en Plenaria nos negaron el derecho a debatir\u201d, escribi\u00f3 en X Katherine Miranda, congresista del partido Alianza Verde, quien agreg\u00f3 que espera la revisi\u00f3n de la Corte.<\/p>\n<p>Dos soldados murieron y 26 est\u00e1n heridos tras ataque a base militar en Arauca, Colombia<\/p>\n<p>Cathy Juvinao, tambi\u00e9n congresista de Alianza Verde, dijo en su cuenta de X que el Gobierno de Petro \u201cvici\u00f3\u201d el proceso legislativo para aprobar la reforma.<\/p>\n<p>El Gobierno de Petro ha rechazado las acusaciones en reiteradas ocasiones y CNN envi\u00f3 una solicitud de comentario a la presidencia de Colombia para obtener su respuesta.<\/p>\n<p>La cuenta oficial en X del Departamento Administrativo para la Prosperidad Social de Colombia difundi\u00f3 este jueves una publicaci\u00f3n en la que explica que la reforma pensional salda una \u201cdeuda hist\u00f3rica\u201d, y acompa\u00f1\u00f3 el posteo con la consigna de la manifestaci\u00f3n: \u201cLa pensional se defiende\u201d.<\/p>\n<p>\u201cCon la Reforma Pensional, el gobierno del presidente Gustavo Petro por fin salda una deuda hist\u00f3rica con nuestros adultos y adultas mayores. Esta es la oportunidad para garantizar que esta poblaci\u00f3n reciba los recursos necesarios para vivir con dignidad\u201d, indica.<\/p>\n<p>The-CNN-Wire<br \/>&trade; &amp; &copy; 2024 Cable News Network, Inc., a Warner Bros. Discovery Company. All rights reserved.<\/p>\n","protected":false},"excerpt":{"rendered":"<p>(CNN Espa\u00f1ol) &#8212; El presidente de Colombia, Gustavo Petro, convoc\u00f3 a participar este jueves en una manifestaci\u00f3n para \u201cdefender la reforma pensional\u201d, seg\u00fan anunci\u00f3 en sus historias de Instagram, en d\u00edas donde crecen los reclamos para que sea revisada por la Corte Constitucional colombiana. Petro firm\u00f3 en julio la reforma pensional despu\u00e9s de su aprobaci\u00f3n [&hellip;]<\/p>\n","protected":false},"author":0,"featured_media":0,"comment_status":"open","ping_status":"open","sticky":false,"template":"","format":"standard","meta":{"_jetpack_memberships_contains_paid_content":false,"footnotes":""},"categories":[10],"tags":[],"class_list":["post-1452839","post","type-post","status-publish","format-standard","hentry","category-noticias-nacionales","market-global"],"yoast_head":"<!-- This site is optimized with the Yoast SEO plugin v24.4 - https:\/\/yoast.com\/wordpress\/plugins\/seo\/ -->\n<title>Petro convoca a manifestaci\u00f3n para defender la reforma pensional en Colombia - Noticias<\/title>\n<meta name=\"robots\" content=\"index, follow, max-snippet:-1, max-image-preview:large, max-video-preview:-1\" \/>\n<link rel=\"canonical\" href=\"https:\/\/noticiasya.com\/2024\/09\/19\/petro-manifestacion-reforma-pensional-colombia-orix\/\" \/>\n<meta property=\"og:locale\" content=\"es_ES\" \/>\n<meta property=\"og:type\" content=\"article\" \/>\n<meta property=\"og:title\" content=\"Petro convoca a manifestaci\u00f3n para defender la reforma pensional en Colombia - Noticias\" \/>\n<meta property=\"og:description\" content=\"(CNN Espa\u00f1ol) &#8212; El presidente de Colombia, Gustavo Petro, convoc\u00f3 a participar este jueves en una manifestaci\u00f3n para \u201cdefender la reforma pensional\u201d, seg\u00fan anunci\u00f3 en sus historias de Instagram, en d\u00edas donde crecen los reclamos para que sea revisada por la Corte Constitucional colombiana. Petro firm\u00f3 en julio la reforma pensional despu\u00e9s de su aprobaci\u00f3n [&hellip;]\" \/>\n<meta property=\"og:url\" content=\"https:\/\/noticiasya.com\/2024\/09\/19\/petro-manifestacion-reforma-pensional-colombia-orix\/\" \/>\n<meta property=\"og:site_name\" content=\"Noticias\" \/>\n<meta property=\"article:published_time\" content=\"2024-09-19T17:03:50+00:00\" \/>\n<meta name=\"twitter:card\" content=\"summary_large_image\" \/>\n<meta name=\"twitter:label1\" content=\"Est. reading time\" \/>\n\t<meta name=\"twitter:data1\" content=\"2 minutos\" \/>\n<script type=\"application\/ld+json\" class=\"yoast-schema-graph\">{\"@context\":\"https:\/\/schema.org\",\"@graph\":[{\"@type\":\"Article\",\"@id\":\"https:\/\/noticiasya.com\/2024\/09\/19\/petro-manifestacion-reforma-pensional-colombia-orix\/#article\",\"isPartOf\":{\"@id\":\"https:\/\/noticiasya.com\/2024\/09\/19\/petro-manifestacion-reforma-pensional-colombia-orix\/\"},\"author\":{\"name\":\"\",\"@id\":\"\"},\"headline\":\"Petro convoca a manifestaci\u00f3n para defender la reforma pensional en Colombia\",\"datePublished\":\"2024-09-19T17:03:50+00:00\",\"mainEntityOfPage\":{\"@id\":\"https:\/\/noticiasya.com\/2024\/09\/19\/petro-manifestacion-reforma-pensional-colombia-orix\/\"},\"wordCount\":405,\"commentCount\":0,\"publisher\":{\"@id\":\"https:\/\/noticiasya.com\/#organization\"},\"articleSection\":[\"Noticias Nacionales\"],\"inLanguage\":\"es\",\"potentialAction\":[{\"@type\":\"CommentAction\",\"name\":\"Comment\",\"target\":[\"https:\/\/noticiasya.com\/2024\/09\/19\/petro-manifestacion-reforma-pensional-colombia-orix\/#respond\"]}]},{\"@type\":\"WebPage\",\"@id\":\"https:\/\/noticiasya.com\/2024\/09\/19\/petro-manifestacion-reforma-pensional-colombia-orix\/\",\"url\":\"https:\/\/noticiasya.com\/2024\/09\/19\/petro-manifestacion-reforma-pensional-colombia-orix\/\",\"name\":\"Petro convoca a manifestaci\u00f3n para defender la reforma pensional en Colombia - Noticias\",\"isPartOf\":{\"@id\":\"https:\/\/noticiasya.com\/#website\"},\"datePublished\":\"2024-09-19T17:03:50+00:00\",\"breadcrumb\":{\"@id\":\"https:\/\/noticiasya.com\/2024\/09\/19\/petro-manifestacion-reforma-pensional-colombia-orix\/#breadcrumb\"},\"inLanguage\":\"es\",\"potentialAction\":[{\"@type\":\"ReadAction\",\"target\":[\"https:\/\/noticiasya.com\/2024\/09\/19\/petro-manifestacion-reforma-pensional-colombia-orix\/\"]}]},{\"@type\":\"BreadcrumbList\",\"@id\":\"https:\/\/noticiasya.com\/2024\/09\/19\/petro-manifestacion-reforma-pensional-colombia-orix\/#breadcrumb\",\"itemListElement\":[{\"@type\":\"ListItem\",\"position\":1,\"name\":\"Home\",\"item\":\"https:\/\/noticiasya.com\/\"},{\"@type\":\"ListItem\",\"position\":2,\"name\":\"Petro convoca a manifestaci\u00f3n para defender la reforma pensional en Colombia\"}]},{\"@type\":\"WebSite\",\"@id\":\"https:\/\/noticiasya.com\/#website\",\"url\":\"https:\/\/noticiasya.com\/\",\"name\":\"Noticias\",\"description\":\"Lo que importa\",\"publisher\":{\"@id\":\"https:\/\/noticiasya.com\/#organization\"},\"potentialAction\":[{\"@type\":\"SearchAction\",\"target\":{\"@type\":\"EntryPoint\",\"urlTemplate\":\"https:\/\/noticiasya.com\/?s={search_term_string}\"},\"query-input\":{\"@type\":\"PropertyValueSpecification\",\"valueRequired\":true,\"valueName\":\"search_term_string\"}}],\"inLanguage\":\"es\"},{\"@type\":\"Organization\",\"@id\":\"https:\/\/noticiasya.com\/#organization\",\"name\":\"Noticias\",\"url\":\"https:\/\/noticiasya.com\/\",\"logo\":{\"@type\":\"ImageObject\",\"inLanguage\":\"es\",\"@id\":\"https:\/\/noticiasya.com\/#\/schema\/logo\/image\/\",\"url\":\"https:\/\/noticiasya.com\/wp-content\/uploads\/sites\/22\/2023\/12\/logo-nacional.png\",\"contentUrl\":\"https:\/\/noticiasya.com\/wp-content\/uploads\/sites\/22\/2023\/12\/logo-nacional.png\",\"width\":1801,\"height\":691,\"caption\":\"Noticias\"},\"image\":{\"@id\":\"https:\/\/noticiasya.com\/#\/schema\/logo\/image\/\"}}]}<\/script>\n<!-- \/ Yoast SEO plugin. -->","yoast_head_json":{"title":"Petro convoca a manifestaci\u00f3n para defender la reforma pensional en Colombia - Noticias","robots":{"index":"index","follow":"follow","max-snippet":"max-snippet:-1","max-image-preview":"max-image-preview:large","max-video-preview":"max-video-preview:-1"},"canonical":"https:\/\/noticiasya.com\/2024\/09\/19\/petro-manifestacion-reforma-pensional-colombia-orix\/","og_locale":"es_ES","og_type":"article","og_title":"Petro convoca a manifestaci\u00f3n para defender la reforma pensional en Colombia - Noticias","og_description":"(CNN Espa\u00f1ol) &#8212; El presidente de Colombia, Gustavo Petro, convoc\u00f3 a participar este jueves en una manifestaci\u00f3n para \u201cdefender la reforma pensional\u201d, seg\u00fan anunci\u00f3 en sus historias de Instagram, en d\u00edas donde crecen los reclamos para que sea revisada por la Corte Constitucional colombiana. Petro firm\u00f3 en julio la reforma pensional despu\u00e9s de su aprobaci\u00f3n [&hellip;]","og_url":"https:\/\/noticiasya.com\/2024\/09\/19\/petro-manifestacion-reforma-pensional-colombia-orix\/","og_site_name":"Noticias","article_published_time":"2024-09-19T17:03:50+00:00","twitter_card":"summary_large_image","twitter_misc":{"Est. reading time":"2 minutos"},"schema":{"@context":"https:\/\/schema.org","@graph":[{"@type":"Article","@id":"https:\/\/noticiasya.com\/2024\/09\/19\/petro-manifestacion-reforma-pensional-colombia-orix\/#article","isPartOf":{"@id":"https:\/\/noticiasya.com\/2024\/09\/19\/petro-manifestacion-reforma-pensional-colombia-orix\/"},"author":{"name":"","@id":""},"headline":"Petro convoca a manifestaci\u00f3n para defender la reforma pensional en Colombia","datePublished":"2024-09-19T17:03:50+00:00","mainEntityOfPage":{"@id":"https:\/\/noticiasya.com\/2024\/09\/19\/petro-manifestacion-reforma-pensional-colombia-orix\/"},"wordCount":405,"commentCount":0,"publisher":{"@id":"https:\/\/noticiasya.com\/#organization"},"articleSection":["Noticias Nacionales"],"inLanguage":"es","potentialAction":[{"@type":"CommentAction","name":"Comment","target":["https:\/\/noticiasya.com\/2024\/09\/19\/petro-manifestacion-reforma-pensional-colombia-orix\/#respond"]}]},{"@type":"WebPage","@id":"https:\/\/noticiasya.com\/2024\/09\/19\/petro-manifestacion-reforma-pensional-colombia-orix\/","url":"https:\/\/noticiasya.com\/2024\/09\/19\/petro-manifestacion-reforma-pensional-colombia-orix\/","name":"Petro convoca a manifestaci\u00f3n para defender la reforma pensional en Colombia - Noticias","isPartOf":{"@id":"https:\/\/noticiasya.com\/#website"},"datePublished":"2024-09-19T17:03:50+00:00","breadcrumb":{"@id":"https:\/\/noticiasya.com\/2024\/09\/19\/petro-manifestacion-reforma-pensional-colombia-orix\/#breadcrumb"},"inLanguage":"es","potentialAction":[{"@type":"ReadAction","target":["https:\/\/noticiasya.com\/2024\/09\/19\/petro-manifestacion-reforma-pensional-colombia-orix\/"]}]},{"@type":"BreadcrumbList","@id":"https:\/\/noticiasya.com\/2024\/09\/19\/petro-manifestacion-reforma-pensional-colombia-orix\/#breadcrumb","itemListElement":[{"@type":"ListItem","position":1,"name":"Home","item":"https:\/\/noticiasya.com\/"},{"@type":"ListItem","position":2,"name":"Petro convoca a manifestaci\u00f3n para defender la reforma pensional en Colombia"}]},{"@type":"WebSite","@id":"https:\/\/noticiasya.com\/#website","url":"https:\/\/noticiasya.com\/","name":"Noticias","description":"Lo que importa","publisher":{"@id":"https:\/\/noticiasya.com\/#organization"},"potentialAction":[{"@type":"SearchAction","target":{"@type":"EntryPoint","urlTemplate":"https:\/\/noticiasya.com\/?s={search_term_string}"},"query-input":{"@type":"PropertyValueSpecification","valueRequired":true,"valueName":"search_term_string"}}],"inLanguage":"es"},{"@type":"Organization","@id":"https:\/\/noticiasya.com\/#organization","name":"Noticias","url":"https:\/\/noticiasya.com\/","logo":{"@type":"ImageObject","inLanguage":"es","@id":"https:\/\/noticiasya.com\/#\/schema\/logo\/image\/","url":"https:\/\/noticiasya.com\/wp-content\/uploads\/sites\/22\/2023\/12\/logo-nacional.png","contentUrl":"https:\/\/noticiasya.com\/wp-content\/uploads\/sites\/22\/2023\/12\/logo-nacional.png","width":1801,"height":691,"caption":"Noticias"},"image":{"@id":"https:\/\/noticiasya.com\/#\/schema\/logo\/image\/"}}]}},"parsely":{"version":"1.1.0","canonical_url":"https:\/\/noticiasya.com\/midland-odessa\/2024\/09\/19\/petro-manifestacion-reforma-pensional-colombia-orix\/","smart_links":{"inbound":0,"outbound":0},"traffic_boost_suggestions_count":0,"meta":{"@context":"https:\/\/schema.org","@type":"NewsArticle","headline":"Petro convoca a manifestaci\u00f3n para defender la reforma pensional en Colombia","url":"http:\/\/noticiasya.com\/midland-odessa\/2024\/09\/19\/petro-manifestacion-reforma-pensional-colombia-orix\/","mainEntityOfPage":{"@type":"WebPage","@id":"http:\/\/noticiasya.com\/midland-odessa\/2024\/09\/19\/petro-manifestacion-reforma-pensional-colombia-orix\/"},"thumbnailUrl":"","image":{"@type":"ImageObject","url":""},"articleSection":"Noticias Nacionales","author":[],"creator":[],"publisher":{"@type":"Organization","name":"Noticias","logo":""},"keywords":[],"dateCreated":"2024-09-19T17:03:50Z","datePublished":"2024-09-19T17:03:50Z","dateModified":"2024-09-19T17:03:50Z"},"rendered":"<script type=\"application\/ld+json\" class=\"wp-parsely-metadata\">{\"@context\":\"https:\\\/\\\/schema.org\",\"@type\":\"NewsArticle\",\"headline\":\"Petro convoca a manifestaci\\u00f3n para defender la reforma pensional en Colombia\",\"url\":\"http:\\\/\\\/noticiasya.com\\\/midland-odessa\\\/2024\\\/09\\\/19\\\/petro-manifestacion-reforma-pensional-colombia-orix\\\/\",\"mainEntityOfPage\":{\"@type\":\"WebPage\",\"@id\":\"http:\\\/\\\/noticiasya.com\\\/midland-odessa\\\/2024\\\/09\\\/19\\\/petro-manifestacion-reforma-pensional-colombia-orix\\\/\"},\"thumbnailUrl\":\"\",\"image\":{\"@type\":\"ImageObject\",\"url\":\"\"},\"articleSection\":\"Noticias Nacionales\",\"author\":[],\"creator\":[],\"publisher\":{\"@type\":\"Organization\",\"name\":\"Noticias\",\"logo\":\"\"},\"keywords\":[],\"dateCreated\":\"2024-09-19T17:03:50Z\",\"datePublished\":\"2024-09-19T17:03:50Z\",\"dateModified\":\"2024-09-19T17:03:50Z\"}<\/script>","tracker_url":"https:\/\/cdn.parsely.com\/keys\/noticiasya.com\/p.js"},"jetpack_featured_media_url":"","jetpack-related-posts":[{"id":1450320,"url":"https:\/\/noticiasya.com\/midland-odessa\/2024\/06\/13\/reforma-pensional-colombia-colpensiones-preparada-orix\/","url_meta":{"origin":1452839,"position":0},"title":"Reforma pensional en Colombia: representante sindical de Colpensiones dice que la entidad no est\u00e1 preparada si se aprueba","author":"","date":"junio 13, 2024","format":false,"excerpt":"(CNN Espa\u00f1ol) -- Colpensiones, la entidad estatal que gestiona el sistema pensional del pa\u00eds, no est\u00e1 preparada para gestionar el aumento de personas inscritas en caso de aprobarse la reforma que promueve el presidente de Colombia, Gustavo Petro, afirm\u00f3 este mi\u00e9rcoles el presidente del Sindicato de Trabajadores de Colpensiones, William\u2026","rel":"","context":"In &quot;Noticias Nacionales&quot;","block_context":{"text":"Noticias Nacionales","link":"https:\/\/noticiasya.com\/midland-odessa\/categoria\/noticias-nacionales"},"img":{"alt_text":"","src":"","width":0,"height":0},"classes":[]},{"id":1448487,"url":"https:\/\/noticiasya.com\/midland-odessa\/2024\/04\/24\/senado-colombia-aprueba-reforma-pensional-pasa-camara-representantes-orix\/","url_meta":{"origin":1452839,"position":1},"title":"Senado de Colombia aprueba reforma pensional y pasa a C\u00e1mara de Representantes","author":"","date":"abril 24, 2024","format":false,"excerpt":"(CNN Espa\u00f1ol) --\u00a0La plenaria del Senado de Colombia aprob\u00f3 el proyecto de ley de reforma pensional con 49 votos a favor y cuatro en contra, inform\u00f3 este martes a trav\u00e9s de su cuenta en X.El proyecto de ley ahora deber\u00e1 pasar por la C\u00e1mara de Representantes antes de ser sancionada\u00bfQu\u00e9\u2026","rel":"","context":"In &quot;Noticias Nacionales&quot;","block_context":{"text":"Noticias Nacionales","link":"https:\/\/noticiasya.com\/midland-odessa\/categoria\/noticias-nacionales"},"img":{"alt_text":"","src":"","width":0,"height":0},"classes":[]},{"id":1448463,"url":"https:\/\/noticiasya.com\/midland-odessa\/2024\/04\/24\/reforma-pensional-petro-colombia-orix\/","url_meta":{"origin":1452839,"position":2},"title":"\u00bfQu\u00e9 propone cambiar la reforma pensional de Petro en Colombia?","author":"","date":"abril 24, 2024","format":false,"excerpt":"(CNN Espa\u00f1ol) -- El Gobierno del presidente Gustavo Petro tuvo una victoria pol\u00edtica cuando la plenaria del Senado aprob\u00f3 la propuesta de reforma a las pensiones, uno de sus proyectos bandera, lo que le da un nuevo aire tras del hundimiento de la reforma a la salud semanas antes y\u2026","rel":"","context":"In &quot;Noticias Nacionales&quot;","block_context":{"text":"Noticias Nacionales","link":"https:\/\/noticiasya.com\/midland-odessa\/categoria\/noticias-nacionales"},"img":{"alt_text":"","src":"","width":0,"height":0},"classes":[]},{"id":1451650,"url":"https:\/\/noticiasya.com\/midland-odessa\/2024\/08\/07\/petro-colombia-2-promesas-cambios-resultados-orix\/","url_meta":{"origin":1452839,"position":3},"title":"2 a\u00f1os de Petro en el poder: muchas promesas de cambio, pocos resultados tangibles","author":"","date":"agosto 7, 2024","format":false,"excerpt":"(CN Espa\u00f1ol) -- Este 7 de agosto se cumplen dos a\u00f1os de la juramentaci\u00f3n como presidente de Gustavo Petro, el primer mandatario de izquierda en la historia de Colombia. Lleg\u00f3 al poder de la mano de su coalici\u00f3n, Pacto Hist\u00f3rico, con la promesa de un cambio en las costumbres pol\u00edticas\u2026","rel":"","context":"In &quot;Noticias Nacionales&quot;","block_context":{"text":"Noticias Nacionales","link":"https:\/\/noticiasya.com\/midland-odessa\/categoria\/noticias-nacionales"},"img":{"alt_text":"","src":"","width":0,"height":0},"classes":[]},{"id":1463952,"url":"https:\/\/noticiasya.com\/midland-odessa\/2025\/06\/25\/petro-firma-reforma-laboral-vigilar-cumplir-orix\/","url_meta":{"origin":1452839,"position":4},"title":"Petro firma la reforma laboral y llama a vigilar que se cumpla","author":"","date":"junio 25, 2025","format":false,"excerpt":"El presidente de Colombia, Gustavo Petro, firm\u00f3 este mi\u00e9rcoles la reforma laboral que su Gobierno impuls\u00f3 durante los \u00faltimos dos a\u00f1os y que la semana pasada finalmente qued\u00f3 aprobada por el Congreso.Petro sign\u00f3 el documento durante un acto p\u00fablico en Bogot\u00e1, acompa\u00f1ado de algunos funcionarios de su gobierno, l\u00edderes sindicales\u2026","rel":"","context":"In &quot;Noticias Nacionales&quot;","block_context":{"text":"Noticias Nacionales","link":"https:\/\/noticiasya.com\/midland-odessa\/categoria\/noticias-nacionales"},"img":{"alt_text":"","src":"","width":0,"height":0},"classes":[]},{"id":1462867,"url":"https:\/\/noticiasya.com\/midland-odessa\/2025\/05\/27\/petro-moviliza-calles-reforma-laboral-consulta-popular-orix\/","url_meta":{"origin":1452839,"position":5},"title":"Petro moviliza las calles en medio del debate en el Congreso de la reforma laboral e insiste en una consulta popular","author":"","date":"mayo 27, 2025","format":false,"excerpt":"En Colombia, este mi\u00e9rcoles y jueves varias centrales obreras, estudiantes y distintos sectores vuelven a las calles en apoyo a la iniciativa de reforma laboral del presidente Gustavo Petro, quien ha pedido p\u00fablicamente a sus seguidores reclamar al Congreso la aprobaci\u00f3n de una consulta popular, que ya fue rechazada por\u2026","rel":"","context":"In &quot;Noticias Nacionales&quot;","block_context":{"text":"Noticias Nacionales","link":"https:\/\/noticiasya.com\/midland-odessa\/categoria\/noticias-nacionales"},"img":{"alt_text":"","src":"","width":0,"height":0},"classes":[]}],"jetpack_sharing_enabled":true,"_links":{"self":[{"href":"https:\/\/noticiasya.com\/midland-odessa\/wp-json\/wp\/v2\/posts\/1452839","targetHints":{"allow":["GET"]}}],"collection":[{"href":"https:\/\/noticiasya.com\/midland-odessa\/wp-json\/wp\/v2\/posts"}],"about":[{"href":"https:\/\/noticiasya.com\/midland-odessa\/wp-json\/wp\/v2\/types\/post"}],"replies":[{"embeddable":true,"href":"https:\/\/noticiasya.com\/midland-odessa\/wp-json\/wp\/v2\/comments?post=1452839"}],"version-history":[{"count":0,"href":"https:\/\/noticiasya.com\/midland-odessa\/wp-json\/wp\/v2\/posts\/1452839\/revisions"}],"wp:attachment":[{"href":"https:\/\/noticiasya.com\/midland-odessa\/wp-json\/wp\/v2\/media?parent=1452839"}],"wp:term":[{"taxonomy":"category","embeddable":true,"href":"https:\/\/noticiasya.com\/midland-odessa\/wp-json\/wp\/v2\/categories?post=1452839"},{"taxonomy":"post_tag","embeddable":true,"href":"https:\/\/noticiasya.com\/midland-odessa\/wp-json\/wp\/v2\/tags?post=1452839"}],"curies":[{"name":"wp","href":"https:\/\/api.w.org\/{rel}","templated":true}]}}