{"id":1452843,"date":"2024-09-19T13:03:53","date_gmt":"2024-09-19T20:03:53","guid":{"rendered":"https:\/\/noticiasya.com\/2024\/09\/19\/analisis-politica-paz-petro-violencia-colombia-orix\/"},"modified":"2024-09-19T13:03:53","modified_gmt":"2024-09-19T20:03:53","slug":"analisis-politica-paz-petro-violencia-colombia-orix","status":"publish","type":"post","link":"https:\/\/noticiasya.com\/midland-odessa\/2024\/09\/19\/analisis-politica-paz-petro-violencia-colombia-orix\/","title":{"rendered":"AN\u00c1LISIS | La encrucijada que enfrenta la llamada pol\u00edtica de \u201cpaz total\u201d de Petro en medio de una ola de violencia en Colombia"},"content":{"rendered":"<p>(CNN Espa\u00f1ol) \u2013\u2013 En medio de procesos de paz con grupos armados ilegales, ceses del fuego bilaterales y anuncios de conversaciones, incluso con bandas criminales al servicio del narcotr\u00e1fico como el llamado Clan del Golfo, la violencia en Colombia parece no tener contenci\u00f3n ni dar tregua. El hecho m\u00e1s reciente fue el atentado de este martes contra una base militar en el departamento de Arauca, que dej\u00f3 un saldo de dos soldados muertos y 26 gravemente heridos, y motiv\u00f3 al presidente Gustavo Petro a afirmar que se trat\u00f3 de \u201cpr\u00e1cticamente una acci\u00f3n que cierra el proceso de paz con sangre&#187;, en referencia al grupo guerrillero Ej\u00e9rcito de Liberaci\u00f3n Nacional (ELN).<\/p>\n<p>La llamada pol\u00edtica de &#171;paz total&#187;, una de las banderas del actual gobierno de izquierda, parece no estar dando los resultados que Petro hab\u00eda prometido. Incluyendo el de lograr un acuerdo en tres meses con el ELN, como afirm\u00f3 cuando era candidato a la presidencia.<\/p>\n<p>Este jueves, Antonio Garc\u00eda, jefe del ELN, dijo en su cuenta de X que el Gobierno es quien ha incumplido los acuerdos a los que se ha llegado en la mesa de negociaciones. &#171;Debemos recordar que el proceso de paz entre el Gobierno y el ELN est\u00e1 congelado por incumplimientos de acuerdos por parte del Gobierno. Por parte del ELN dio un comp\u00e1s de espera buscando recomponer el cese, pero no fue posible&#187;, se\u00f1al\u00f3 Garc\u00eda sin reconocer o negar la autor\u00eda del atentado contra la base militar en Arauca.<\/p>\n<p>El proceso de paz entre el Gobierno colombiano y la guerrilla del ELN enfrenta uno de sus momentos m\u00e1s cr\u00edticos<\/p>\n<p>&#171;Este proceso de paz estaba herido de muerte y este atentado es como la sepultura a este proceso. Un proceso que no iba para ning\u00fan lado porque el ELN est\u00e1 dividido internamente entre quienes est\u00e1n de acuerdo con avanzar en la paz y quienes quieren continuar en la guerra&#187; le dijo a CNN Ariel \u00c1vila, senador por el partido Alianza Verde.<\/p>\n<p>El exintegrante del ELN Le\u00f3n Valencia, analista y director de la ONG Paz y Reconciliaci\u00f3n, dijo en su cuenta en X que esa guerrilla ha perdido el norte pol\u00edtico. &#171;El ELN le ha dado la raz\u00f3n a quienes han dicho que no tiene ninguna voluntad de paz, lastimosamente este reducto del conflicto armado que ha golpeado al pa\u00eds durante 60 a\u00f1os ha decidido quedarse en una violencia tan in\u00fatil como da\u00f1ina&#187;, sostuvo Valencia una vez conocida la decisi\u00f3n del presidente Petro de poner en pausa el proceso de paz con el ELN.<\/p>\n<p>La poblaci\u00f3n civil es la que ha llevado la peor parte en medio de las dificultades de los procesos con el ELN, sectores de las disidencias de las FARC y el Clan del Golfo, que no avanzan y est\u00e1n ya a mitad del mandato del presidente Petro. En lo que va de 2024 se registraron 49 masacres en Colombia, seg\u00fan el Instituto de Estudios para el Desarrollo y la Paz, Indepaz. Una de las m\u00e1s graves ocurri\u00f3 el 8 de septiembre en la localidad de L\u00f3pez de Micay en el departamento del Cauca, donde fueron asesinadas 12 personas. Adem\u00e1s, contin\u00faa siendo muy grave la situaci\u00f3n para los l\u00edderes sociales y defensores de los derechos humanos. 117 de ellos fueron asesinados en lo que va del a\u00f1o seg\u00fan esta organizaci\u00f3n no gubernamental que lleva uno de los registros m\u00e1s confiables sobre este tipo de hechos en el pa\u00eds.<\/p>\n<p>Gustavo Petro. (Cr\u00e9dito: Luis Acosta\/AFP via Getty Images)<\/p>\n<p>Pero la situaci\u00f3n de violencia no solo se vive en las zonas perif\u00e9ricas y apartadas, generalmente con presencia de cultivos de hoja de coca, sino tambi\u00e9n en los departamentos como Valle del Cauca, Atl\u00e1ntico, Antioquia y en cercan\u00edas a Bogot\u00e1. Este jueves se conocieron videos y fotograf\u00edas en medios locales y redes sociales de presuntos integrantes de las disidencias de las FARC que habr\u00edan intimidado a habitantes de la regi\u00f3n del Sumapaz, en el sur de Bogot\u00e1.<\/p>\n<p>&#171;Los terroristas a sus anchas haciendo lo que les viene en gana en la regi\u00f3n de Sumapaz zona rural de Bogot\u00e1. Los criminales de la Segunda Marquetalia intimidaron a los pasajeros. Este pa\u00eds no merece tener por mandatario a un irresponsable&#187;, public\u00f3 la senadora Mar\u00eda Fernanda Cabal del partido de derecha y opositor al gobierno Centro Democr\u00e1tico.<\/p>\n<p>CNN no ha podido corroborar la veracidad de las im\u00e1genes y las autoridades del gobierno colombiano a\u00fan no se han pronunciado al respecto. CNN ha consultado al ministerio de Defensa, pero a\u00fan no ha obtenido respuesta.<\/p>\n<p>Un ni\u00f1o muere tras un ataque con drones de las disidencias de las FARC en el Cauca<\/p>\n<p>Este jueves, el alcalde de Bogot\u00e1, Carlos Fernando Gal\u00e1n, se refiri\u00f3 a estos hechos y dijo que ya est\u00e1 coordinando con las autoridades militares las acciones para garantizar la seguridad en la zona. &#171;El miedo y la violencia no pueden regresar a Sumapaz. Rechazo los hechos ocurridos ayer, en los que hombres armados con fusiles interceptaron veh\u00edculos en la vereda Alto Caicedo en Sumapaz, bajaron a sus ocupantes y dejaron los carros pintados con mensajes alusivos a la Segunda Marquetalia&#187;, sostuvo Gal\u00e1n en su cuenta oficial de X.<\/p>\n<p>Todo este panorama, que adem\u00e1s de asesinatos incluye reportes de secuestros y extorsiones a comerciantes y empresarios, preocupa a la ciudadan\u00eda que clama por m\u00e1s seguridad en medio de las acciones violentas de los grupos armados.<\/p>\n<p>The-CNN-Wire<br \/>&trade; &amp; &copy; 2024 Cable News Network, Inc., a Warner Bros. Discovery Company. All rights reserved.<\/p>\n","protected":false},"excerpt":{"rendered":"<p>(CNN Espa\u00f1ol) \u2013\u2013 En medio de procesos de paz con grupos armados ilegales, ceses del fuego bilaterales y anuncios de conversaciones, incluso con bandas criminales al servicio del narcotr\u00e1fico como el llamado Clan del Golfo, la violencia en Colombia parece no tener contenci\u00f3n ni dar tregua. El hecho m\u00e1s reciente fue el atentado de este [&hellip;]<\/p>\n","protected":false},"author":0,"featured_media":0,"comment_status":"open","ping_status":"open","sticky":false,"template":"","format":"standard","meta":{"_jetpack_memberships_contains_paid_content":false,"footnotes":""},"categories":[10],"tags":[],"class_list":["post-1452843","post","type-post","status-publish","format-standard","hentry","category-noticias-nacionales","market-global"],"yoast_head":"<!-- This site is optimized with the Yoast SEO plugin v24.4 - https:\/\/yoast.com\/wordpress\/plugins\/seo\/ -->\n<title>AN\u00c1LISIS | La encrucijada que enfrenta la llamada pol\u00edtica de \u201cpaz total\u201d de Petro en medio de una ola de violencia en Colombia - Noticias<\/title>\n<meta name=\"robots\" content=\"index, follow, max-snippet:-1, max-image-preview:large, max-video-preview:-1\" \/>\n<link rel=\"canonical\" href=\"https:\/\/noticiasya.com\/2024\/09\/19\/analisis-politica-paz-petro-violencia-colombia-orix\/\" \/>\n<meta property=\"og:locale\" content=\"es_ES\" \/>\n<meta property=\"og:type\" content=\"article\" \/>\n<meta property=\"og:title\" content=\"AN\u00c1LISIS | La encrucijada que enfrenta la llamada pol\u00edtica de \u201cpaz total\u201d de Petro en medio de una ola de violencia en Colombia - Noticias\" \/>\n<meta property=\"og:description\" content=\"(CNN Espa\u00f1ol) \u2013\u2013 En medio de procesos de paz con grupos armados ilegales, ceses del fuego bilaterales y anuncios de conversaciones, incluso con bandas criminales al servicio del narcotr\u00e1fico como el llamado Clan del Golfo, la violencia en Colombia parece no tener contenci\u00f3n ni dar tregua. El hecho m\u00e1s reciente fue el atentado de este [&hellip;]\" \/>\n<meta property=\"og:url\" content=\"https:\/\/noticiasya.com\/2024\/09\/19\/analisis-politica-paz-petro-violencia-colombia-orix\/\" \/>\n<meta property=\"og:site_name\" content=\"Noticias\" \/>\n<meta property=\"article:published_time\" content=\"2024-09-19T20:03:53+00:00\" \/>\n<meta name=\"twitter:card\" content=\"summary_large_image\" \/>\n<meta name=\"twitter:label1\" content=\"Est. reading time\" \/>\n\t<meta name=\"twitter:data1\" content=\"5 minutos\" \/>\n<script type=\"application\/ld+json\" class=\"yoast-schema-graph\">{\"@context\":\"https:\/\/schema.org\",\"@graph\":[{\"@type\":\"Article\",\"@id\":\"https:\/\/noticiasya.com\/2024\/09\/19\/analisis-politica-paz-petro-violencia-colombia-orix\/#article\",\"isPartOf\":{\"@id\":\"https:\/\/noticiasya.com\/2024\/09\/19\/analisis-politica-paz-petro-violencia-colombia-orix\/\"},\"author\":{\"name\":\"\",\"@id\":\"\"},\"headline\":\"AN\u00c1LISIS | La encrucijada que enfrenta la llamada pol\u00edtica de \u201cpaz total\u201d de Petro en medio de una ola de violencia en Colombia\",\"datePublished\":\"2024-09-19T20:03:53+00:00\",\"mainEntityOfPage\":{\"@id\":\"https:\/\/noticiasya.com\/2024\/09\/19\/analisis-politica-paz-petro-violencia-colombia-orix\/\"},\"wordCount\":981,\"commentCount\":0,\"publisher\":{\"@id\":\"https:\/\/noticiasya.com\/#organization\"},\"articleSection\":[\"Noticias Nacionales\"],\"inLanguage\":\"es\",\"potentialAction\":[{\"@type\":\"CommentAction\",\"name\":\"Comment\",\"target\":[\"https:\/\/noticiasya.com\/2024\/09\/19\/analisis-politica-paz-petro-violencia-colombia-orix\/#respond\"]}]},{\"@type\":\"WebPage\",\"@id\":\"https:\/\/noticiasya.com\/2024\/09\/19\/analisis-politica-paz-petro-violencia-colombia-orix\/\",\"url\":\"https:\/\/noticiasya.com\/2024\/09\/19\/analisis-politica-paz-petro-violencia-colombia-orix\/\",\"name\":\"AN\u00c1LISIS | La encrucijada que enfrenta la llamada pol\u00edtica de \u201cpaz total\u201d de Petro en medio de una ola de violencia en Colombia - Noticias\",\"isPartOf\":{\"@id\":\"https:\/\/noticiasya.com\/#website\"},\"datePublished\":\"2024-09-19T20:03:53+00:00\",\"breadcrumb\":{\"@id\":\"https:\/\/noticiasya.com\/2024\/09\/19\/analisis-politica-paz-petro-violencia-colombia-orix\/#breadcrumb\"},\"inLanguage\":\"es\",\"potentialAction\":[{\"@type\":\"ReadAction\",\"target\":[\"https:\/\/noticiasya.com\/2024\/09\/19\/analisis-politica-paz-petro-violencia-colombia-orix\/\"]}]},{\"@type\":\"BreadcrumbList\",\"@id\":\"https:\/\/noticiasya.com\/2024\/09\/19\/analisis-politica-paz-petro-violencia-colombia-orix\/#breadcrumb\",\"itemListElement\":[{\"@type\":\"ListItem\",\"position\":1,\"name\":\"Home\",\"item\":\"https:\/\/noticiasya.com\/\"},{\"@type\":\"ListItem\",\"position\":2,\"name\":\"AN\u00c1LISIS | La encrucijada que enfrenta la llamada pol\u00edtica de \u201cpaz total\u201d de Petro en medio de una ola de violencia en Colombia\"}]},{\"@type\":\"WebSite\",\"@id\":\"https:\/\/noticiasya.com\/#website\",\"url\":\"https:\/\/noticiasya.com\/\",\"name\":\"Noticias\",\"description\":\"Lo que importa\",\"publisher\":{\"@id\":\"https:\/\/noticiasya.com\/#organization\"},\"potentialAction\":[{\"@type\":\"SearchAction\",\"target\":{\"@type\":\"EntryPoint\",\"urlTemplate\":\"https:\/\/noticiasya.com\/?s={search_term_string}\"},\"query-input\":{\"@type\":\"PropertyValueSpecification\",\"valueRequired\":true,\"valueName\":\"search_term_string\"}}],\"inLanguage\":\"es\"},{\"@type\":\"Organization\",\"@id\":\"https:\/\/noticiasya.com\/#organization\",\"name\":\"Noticias\",\"url\":\"https:\/\/noticiasya.com\/\",\"logo\":{\"@type\":\"ImageObject\",\"inLanguage\":\"es\",\"@id\":\"https:\/\/noticiasya.com\/#\/schema\/logo\/image\/\",\"url\":\"https:\/\/noticiasya.com\/wp-content\/uploads\/sites\/22\/2023\/12\/logo-nacional.png\",\"contentUrl\":\"https:\/\/noticiasya.com\/wp-content\/uploads\/sites\/22\/2023\/12\/logo-nacional.png\",\"width\":1801,\"height\":691,\"caption\":\"Noticias\"},\"image\":{\"@id\":\"https:\/\/noticiasya.com\/#\/schema\/logo\/image\/\"}}]}<\/script>\n<!-- \/ Yoast SEO plugin. -->","yoast_head_json":{"title":"AN\u00c1LISIS | La encrucijada que enfrenta la llamada pol\u00edtica de \u201cpaz total\u201d de Petro en medio de una ola de violencia en Colombia - Noticias","robots":{"index":"index","follow":"follow","max-snippet":"max-snippet:-1","max-image-preview":"max-image-preview:large","max-video-preview":"max-video-preview:-1"},"canonical":"https:\/\/noticiasya.com\/2024\/09\/19\/analisis-politica-paz-petro-violencia-colombia-orix\/","og_locale":"es_ES","og_type":"article","og_title":"AN\u00c1LISIS | La encrucijada que enfrenta la llamada pol\u00edtica de \u201cpaz total\u201d de Petro en medio de una ola de violencia en Colombia - Noticias","og_description":"(CNN Espa\u00f1ol) \u2013\u2013 En medio de procesos de paz con grupos armados ilegales, ceses del fuego bilaterales y anuncios de conversaciones, incluso con bandas criminales al servicio del narcotr\u00e1fico como el llamado Clan del Golfo, la violencia en Colombia parece no tener contenci\u00f3n ni dar tregua. El hecho m\u00e1s reciente fue el atentado de este [&hellip;]","og_url":"https:\/\/noticiasya.com\/2024\/09\/19\/analisis-politica-paz-petro-violencia-colombia-orix\/","og_site_name":"Noticias","article_published_time":"2024-09-19T20:03:53+00:00","twitter_card":"summary_large_image","twitter_misc":{"Est. reading time":"5 minutos"},"schema":{"@context":"https:\/\/schema.org","@graph":[{"@type":"Article","@id":"https:\/\/noticiasya.com\/2024\/09\/19\/analisis-politica-paz-petro-violencia-colombia-orix\/#article","isPartOf":{"@id":"https:\/\/noticiasya.com\/2024\/09\/19\/analisis-politica-paz-petro-violencia-colombia-orix\/"},"author":{"name":"","@id":""},"headline":"AN\u00c1LISIS | La encrucijada que enfrenta la llamada pol\u00edtica de \u201cpaz total\u201d de Petro en medio de una ola de violencia en Colombia","datePublished":"2024-09-19T20:03:53+00:00","mainEntityOfPage":{"@id":"https:\/\/noticiasya.com\/2024\/09\/19\/analisis-politica-paz-petro-violencia-colombia-orix\/"},"wordCount":981,"commentCount":0,"publisher":{"@id":"https:\/\/noticiasya.com\/#organization"},"articleSection":["Noticias Nacionales"],"inLanguage":"es","potentialAction":[{"@type":"CommentAction","name":"Comment","target":["https:\/\/noticiasya.com\/2024\/09\/19\/analisis-politica-paz-petro-violencia-colombia-orix\/#respond"]}]},{"@type":"WebPage","@id":"https:\/\/noticiasya.com\/2024\/09\/19\/analisis-politica-paz-petro-violencia-colombia-orix\/","url":"https:\/\/noticiasya.com\/2024\/09\/19\/analisis-politica-paz-petro-violencia-colombia-orix\/","name":"AN\u00c1LISIS | La encrucijada que enfrenta la llamada pol\u00edtica de \u201cpaz total\u201d de Petro en medio de una ola de violencia en Colombia - Noticias","isPartOf":{"@id":"https:\/\/noticiasya.com\/#website"},"datePublished":"2024-09-19T20:03:53+00:00","breadcrumb":{"@id":"https:\/\/noticiasya.com\/2024\/09\/19\/analisis-politica-paz-petro-violencia-colombia-orix\/#breadcrumb"},"inLanguage":"es","potentialAction":[{"@type":"ReadAction","target":["https:\/\/noticiasya.com\/2024\/09\/19\/analisis-politica-paz-petro-violencia-colombia-orix\/"]}]},{"@type":"BreadcrumbList","@id":"https:\/\/noticiasya.com\/2024\/09\/19\/analisis-politica-paz-petro-violencia-colombia-orix\/#breadcrumb","itemListElement":[{"@type":"ListItem","position":1,"name":"Home","item":"https:\/\/noticiasya.com\/"},{"@type":"ListItem","position":2,"name":"AN\u00c1LISIS | La encrucijada que enfrenta la llamada pol\u00edtica de \u201cpaz total\u201d de Petro en medio de una ola de violencia en Colombia"}]},{"@type":"WebSite","@id":"https:\/\/noticiasya.com\/#website","url":"https:\/\/noticiasya.com\/","name":"Noticias","description":"Lo que importa","publisher":{"@id":"https:\/\/noticiasya.com\/#organization"},"potentialAction":[{"@type":"SearchAction","target":{"@type":"EntryPoint","urlTemplate":"https:\/\/noticiasya.com\/?s={search_term_string}"},"query-input":{"@type":"PropertyValueSpecification","valueRequired":true,"valueName":"search_term_string"}}],"inLanguage":"es"},{"@type":"Organization","@id":"https:\/\/noticiasya.com\/#organization","name":"Noticias","url":"https:\/\/noticiasya.com\/","logo":{"@type":"ImageObject","inLanguage":"es","@id":"https:\/\/noticiasya.com\/#\/schema\/logo\/image\/","url":"https:\/\/noticiasya.com\/wp-content\/uploads\/sites\/22\/2023\/12\/logo-nacional.png","contentUrl":"https:\/\/noticiasya.com\/wp-content\/uploads\/sites\/22\/2023\/12\/logo-nacional.png","width":1801,"height":691,"caption":"Noticias"},"image":{"@id":"https:\/\/noticiasya.com\/#\/schema\/logo\/image\/"}}]}},"parsely":{"version":"1.1.0","canonical_url":"https:\/\/noticiasya.com\/midland-odessa\/2024\/09\/19\/analisis-politica-paz-petro-violencia-colombia-orix\/","smart_links":{"inbound":0,"outbound":0},"traffic_boost_suggestions_count":0,"meta":{"@context":"https:\/\/schema.org","@type":"NewsArticle","headline":"AN\u00c1LISIS | La encrucijada que enfrenta la llamada pol\u00edtica de \u201cpaz total\u201d de Petro en medio de una ola de violencia en Colombia","url":"http:\/\/noticiasya.com\/midland-odessa\/2024\/09\/19\/analisis-politica-paz-petro-violencia-colombia-orix\/","mainEntityOfPage":{"@type":"WebPage","@id":"http:\/\/noticiasya.com\/midland-odessa\/2024\/09\/19\/analisis-politica-paz-petro-violencia-colombia-orix\/"},"thumbnailUrl":"","image":{"@type":"ImageObject","url":""},"articleSection":"Noticias Nacionales","author":[],"creator":[],"publisher":{"@type":"Organization","name":"Noticias","logo":""},"keywords":[],"dateCreated":"2024-09-19T20:03:53Z","datePublished":"2024-09-19T20:03:53Z","dateModified":"2024-09-19T20:03:53Z"},"rendered":"<script type=\"application\/ld+json\" class=\"wp-parsely-metadata\">{\"@context\":\"https:\\\/\\\/schema.org\",\"@type\":\"NewsArticle\",\"headline\":\"AN\\u00c1LISIS | La encrucijada que enfrenta la llamada pol\\u00edtica de \\u201cpaz total\\u201d de Petro en medio de una ola de violencia en Colombia\",\"url\":\"http:\\\/\\\/noticiasya.com\\\/midland-odessa\\\/2024\\\/09\\\/19\\\/analisis-politica-paz-petro-violencia-colombia-orix\\\/\",\"mainEntityOfPage\":{\"@type\":\"WebPage\",\"@id\":\"http:\\\/\\\/noticiasya.com\\\/midland-odessa\\\/2024\\\/09\\\/19\\\/analisis-politica-paz-petro-violencia-colombia-orix\\\/\"},\"thumbnailUrl\":\"\",\"image\":{\"@type\":\"ImageObject\",\"url\":\"\"},\"articleSection\":\"Noticias Nacionales\",\"author\":[],\"creator\":[],\"publisher\":{\"@type\":\"Organization\",\"name\":\"Noticias\",\"logo\":\"\"},\"keywords\":[],\"dateCreated\":\"2024-09-19T20:03:53Z\",\"datePublished\":\"2024-09-19T20:03:53Z\",\"dateModified\":\"2024-09-19T20:03:53Z\"}<\/script>","tracker_url":"https:\/\/cdn.parsely.com\/keys\/noticiasya.com\/p.js"},"jetpack_featured_media_url":"","jetpack-related-posts":[{"id":1463921,"url":"https:\/\/noticiasya.com\/midland-odessa\/2025\/06\/24\/politica-paz-total-petro-critica-ivan-duque-orix\/","url_meta":{"origin":1452843,"position":0},"title":"La pol\u00edtica de Paz Total de Petro en Colombia &#171;premia al delincuente&#187;, dice el expresidente Iv\u00e1n Duque","author":"","date":"junio 24, 2025","format":false,"excerpt":"La pol\u00edtica de Paz Total que el presidente Gustavo Petro ha desplegado en Colombia para acabar con la violencia en el pa\u00eds no ha dado resultados porque \u201cpremia al delincuente\u201d en perjuicio de la sociedad, dijo este martes el expresidente Iv\u00e1n Duque, en una entrevista con CNN para el programa\u2026","rel":"","context":"In &quot;Noticias Nacionales&quot;","block_context":{"text":"Noticias Nacionales","link":"https:\/\/noticiasya.com\/midland-odessa\/categoria\/noticias-nacionales"},"img":{"alt_text":"","src":"","width":0,"height":0},"classes":[]},{"id":1452866,"url":"https:\/\/noticiasya.com\/midland-odessa\/2024\/09\/19\/muere-tercer-militar-colombiano-ataque-puerto-jordan-orix\/","url_meta":{"origin":1452843,"position":1},"title":"Muere tercer militar colombiano tras ataque con explosivos en Puerto Jord\u00e1n","author":"","date":"septiembre 19, 2024","format":false,"excerpt":"(CNN Espa\u00f1ol) -- Un tercer militar colombiano muri\u00f3 este jueves a causa de las heridas que sufri\u00f3 por el ataque con explosivos registrado este martes en la base de Puerto Jord\u00e1n, en el departamento de Arauca, inform\u00f3 el Ej\u00e9rcito en su cuenta de X.El militar fallecido es el sargento viceprimero\u2026","rel":"","context":"In &quot;Noticias Nacionales&quot;","block_context":{"text":"Noticias Nacionales","link":"https:\/\/noticiasya.com\/midland-odessa\/categoria\/noticias-nacionales"},"img":{"alt_text":"","src":"","width":0,"height":0},"classes":[]},{"id":1461273,"url":"https:\/\/noticiasya.com\/midland-odessa\/2025\/04\/16\/ivan-mordisco-jefes-disidencias-farc-orix\/","url_meta":{"origin":1452843,"position":2},"title":"Avanza el cerco militar contra alias &#171;Iv\u00e1n Mordisco&#187;, uno de los jefes m\u00e1s peligrosos de las disidencias de las FARC","author":"","date":"abril 16, 2025","format":false,"excerpt":"Su nombre real es N\u00e9stor Gregorio Vera Fern\u00e1ndez y por informaci\u00f3n que conduzca a su captura, el gobierno del presidente de Colombia, Gustavo Petro, ofrece el equivalente en moneda local a US$ 1 mill\u00f3n. Se le acusa de terrorismo, narcotr\u00e1fico, asesinato de l\u00edderes sociales y reclutamiento forzado de menores de\u2026","rel":"","context":"In &quot;Noticias Nacionales&quot;","block_context":{"text":"Noticias Nacionales","link":"https:\/\/noticiasya.com\/midland-odessa\/categoria\/noticias-nacionales"},"img":{"alt_text":"","src":"","width":0,"height":0},"classes":[]},{"id":1450117,"url":"https:\/\/noticiasya.com\/midland-odessa\/2024\/06\/06\/petro-onu-asamblea-constituyente-colombia-orix\/","url_meta":{"origin":1452843,"position":3},"title":"El presidente Petro niega que llevar\u00e1 a la ONU el tema de una convocatoria a una Asamblea Constituyente en Colombia","author":"","date":"junio 6, 2024","format":false,"excerpt":"(CNN Espa\u00f1ol) -- En medio de la controversia pol\u00edtica en Colombia por la posibilidad de una convocatoria a una Asamblea Constituyente por parte del Gobierno de Gustavo Petro \u2014esto por la interpretaci\u00f3n de un p\u00e1rrafo del acuerdo de paz firmado con las FARC en 2016\u2014, el mandatario neg\u00f3 este jueves\u2026","rel":"","context":"In &quot;Noticias Nacionales&quot;","block_context":{"text":"Noticias Nacionales","link":"https:\/\/noticiasya.com\/midland-odessa\/categoria\/noticias-nacionales"},"img":{"alt_text":"","src":"","width":0,"height":0},"classes":[]},{"id":1472969,"url":"https:\/\/noticiasya.com\/midland-odessa\/2026\/04\/08\/patro-paz-total-cese-orden-de-captura-jefes-criminales-colombia-debate-orix\/","url_meta":{"origin":1452843,"position":4},"title":"La &#171;paz total&#187; de Petro enciende alarmas en Colombia por la suspensi\u00f3n de \u00f3rdenes de captura a jefes de bandas criminales","author":"","date":"abril 8, 2026","format":false,"excerpt":"El 31 de marzo, la Fiscal\u00eda General de Colombia suspendi\u00f3 las \u00f3rdenes de captura contra 23 de los m\u00e1s peligrosos cabecillas de bandas criminales y del narcotr\u00e1fico recluidos en varias c\u00e1rceles del pa\u00eds por petici\u00f3n del Gobierno del presidente Gustavo Petro, para nombrarlos como \u201cgestores de paz\u201d en el marco\u2026","rel":"","context":"In &quot;Noticias Nacionales&quot;","block_context":{"text":"Noticias Nacionales","link":"https:\/\/noticiasya.com\/midland-odessa\/categoria\/noticias-nacionales"},"img":{"alt_text":"","src":"","width":0,"height":0},"classes":[]},{"id":1457676,"url":"https:\/\/noticiasya.com\/midland-odessa\/2025\/01\/20\/que-paso-catatumbo-colombia-muertes-eln-orix\/","url_meta":{"origin":1452843,"position":5},"title":"Qu\u00e9 pas\u00f3 en Catatumbo, Colombia, el lugar donde no cesan las muertes tras la suspensi\u00f3n del proceso de paz con el ELN","author":"","date":"enero 20, 2025","format":false,"excerpt":"La regi\u00f3n del Catatumbo, en el noreste de Colombia, es uno de los puntos m\u00e1s cr\u00edticos de la violencia del pa\u00eds. M\u00e1s de 80 personas han muerto en los \u00faltimos d\u00edas en medio del fracaso del proceso de paz del Ej\u00e9rcito de Liberaci\u00f3n Nacional (ELN) con el Gobierno, que fue\u2026","rel":"","context":"In &quot;Noticias Nacionales&quot;","block_context":{"text":"Noticias Nacionales","link":"https:\/\/noticiasya.com\/midland-odessa\/categoria\/noticias-nacionales"},"img":{"alt_text":"","src":"","width":0,"height":0},"classes":[]}],"jetpack_sharing_enabled":true,"_links":{"self":[{"href":"https:\/\/noticiasya.com\/midland-odessa\/wp-json\/wp\/v2\/posts\/1452843","targetHints":{"allow":["GET"]}}],"collection":[{"href":"https:\/\/noticiasya.com\/midland-odessa\/wp-json\/wp\/v2\/posts"}],"about":[{"href":"https:\/\/noticiasya.com\/midland-odessa\/wp-json\/wp\/v2\/types\/post"}],"replies":[{"embeddable":true,"href":"https:\/\/noticiasya.com\/midland-odessa\/wp-json\/wp\/v2\/comments?post=1452843"}],"version-history":[{"count":0,"href":"https:\/\/noticiasya.com\/midland-odessa\/wp-json\/wp\/v2\/posts\/1452843\/revisions"}],"wp:attachment":[{"href":"https:\/\/noticiasya.com\/midland-odessa\/wp-json\/wp\/v2\/media?parent=1452843"}],"wp:term":[{"taxonomy":"category","embeddable":true,"href":"https:\/\/noticiasya.com\/midland-odessa\/wp-json\/wp\/v2\/categories?post=1452843"},{"taxonomy":"post_tag","embeddable":true,"href":"https:\/\/noticiasya.com\/midland-odessa\/wp-json\/wp\/v2\/tags?post=1452843"}],"curies":[{"name":"wp","href":"https:\/\/api.w.org\/{rel}","templated":true}]}}