{"id":1452844,"date":"2024-09-19T13:03:53","date_gmt":"2024-09-19T20:03:53","guid":{"rendered":"https:\/\/noticiasya.com\/2024\/09\/19\/discurso-hassan-nasrallah-lider-hezbollah-ataques-libano-israel-trax\/"},"modified":"2024-09-19T13:03:53","modified_gmt":"2024-09-19T20:03:53","slug":"discurso-hassan-nasrallah-lider-hezbollah-ataques-libano-israel-trax","status":"publish","type":"post","link":"https:\/\/noticiasya.com\/midland-odessa\/2024\/09\/19\/discurso-hassan-nasrallah-lider-hezbollah-ataques-libano-israel-trax\/","title":{"rendered":"L\u00edder de Hezbollah dice que los mortales ataques en el L\u00edbano cruzaron &#171;todas las l\u00edneas rojas&#187;"},"content":{"rendered":"<p>(CNN) &#8212; El l\u00edder de Hezbollah, Hassan Nasrallah, habl\u00f3 por primera vez desde los ataques de esta semana en el L\u00edbano. El ataque del martes, tras explosiones de buscapersonas, mat\u00f3 a 12 personas y dej\u00f3 miles de heridos. El otro, ocurrido un d\u00eda despu\u00e9s, mat\u00f3 al menos a 25 personas y caus\u00f3 heridas a m\u00e1s de 600 luego de explosiones en walkie-talkies, seg\u00fan el ministerio de Salud del pa\u00eds.<\/p>\n<p>Ahora puedes seguirnos en\u00a0WhatsApp Channel<\/p>\n<p>Nasrallah conden\u00f3 los ataques con dispositivos inal\u00e1mbricos y los calific\u00f3 de \u201cmasacres\u201d, y dijo que Hezbollah considerar\u00e1 los ataques del martes y mi\u00e9rcoles como una adici\u00f3n a la lista de los muchos actos letales cometidos por Israel.<\/p>\n<p>\u00daltima hora de las explosiones de buscapersonas y walkie talkies de miembros de Hezbollah en el L\u00edbano<\/p>\n<p>Afirm\u00f3 que en los dos ataques, &#171;el enemigo israel\u00ed ten\u00eda como objetivo matar al menos a 5.000 personas en s\u00f3lo dos minutos, sin tener en cuenta ninguna regulaci\u00f3n&#187;.<\/p>\n<p>Nasrallah afirm\u00f3 que los ataques &#171;cruzaron todas las l\u00edneas rojas&#187;, diciendo que los dispositivos explotaron en \u00e1reas p\u00fablicas, afectando tanto a civiles como a miembros de Hezbollah.<\/p>\n<p>&#171;Incluso si hubieran querido atacar a los hombres y combatientes de Hezbollah, estaban atacando a todos los que estaban a su alrededor&#187;, dijo.<\/p>\n<p>Un grupo de personas observa el 19 de septiembre en una cafeter\u00eda de Sid\u00f3n, L\u00edbano, al l\u00edder de Hezbollah, Sayyed Hassan Nasrallah, mientras pronuncia un discurso televisado. (Cr\u00e9dito: Aziz Taher\/Reuters).<\/p>\n<p>Nasrallah reconoce que el grupo sufri\u00f3 un \u201cgolpe sin precedentes\u201d e insin\u00faa represalia<\/p>\n<p>\u201cNo hay duda de que hemos sufrido un golpe importante\u201d, dijo en su discurso del jueves, \u201ctanto en t\u00e9rminos de seguridad como de humanidad, un golpe sin precedentes en la historia de la resistencia en el L\u00edbano al menos, sin precedentes en la historia del L\u00edbano, y puede que no tenga precedentes en la historia del conflicto con el enemigo israel\u00ed en toda la regi\u00f3n, tal vez incluso sin precedentes en el mundo\u201d.<\/p>\n<p>\u201cEs la naturaleza de la guerra. Un d\u00eda el enemigo nos atacar\u00e1 y al siguiente atacaremos al enemigo\u201d, agreg\u00f3.<\/p>\n<p>&#171;En cualquier caso, el objetivo era matar a tantos l\u00edderes y funcionarios como fuera posible, atacar la estructura de Hezbollah y da\u00f1ar su sistema de comando y control&#187;, explic\u00f3. &#171;Esto ten\u00eda como objetivo difundir el caos, la confusi\u00f3n, la debilidad y el desorden dentro de Hezbollah y la resistencia. Sin embargo, esto no sucedi\u00f3 ni por un solo momento&#187;, dijo.<\/p>\n<p>&#171;Desde el primer momento, el liderazgo y la administraci\u00f3n estuvieron activos y el frente estaba completamente preparado. Est\u00e1bamos preparados para una ofensiva de los israel\u00edes en el frente&#187;, agreg\u00f3 Nasrallah.<\/p>\n<p>Al tiempo, el l\u00edder de Hezbollah advirti\u00f3 que el frente liban\u00e9s &#171;no se detendr\u00e1&#187; hasta que terminen las hostilidades en Gaza.<\/p>\n<p>&#171;Le decimos a (el primer ministro israel\u00ed, Benjamin) Netanyahu y (al ministro de Defensa israel\u00ed, Yoav) Gallant&#8230; y al gobierno, al ej\u00e9rcito y a la sociedad del enemigo: el frente liban\u00e9s no se detendr\u00e1 hasta que cese la agresi\u00f3n en Gaza&#187;, dijo.<\/p>\n<p>\u201cLo digo claramente: sin importar los sacrificios, las consecuencias o las posibilidades futuras, la resistencia en el L\u00edbano no dejar\u00e1 de apoyar a Gaza\u201d, afirm\u00f3.<\/p>\n<p>En el mismo discurso Nasrallah insinu\u00f3, adem\u00e1s, una posible represalia.<\/p>\n<p>\u201cLlegar\u00e1 el momento, su naturaleza, alcance, cu\u00e1ndo y d\u00f3nde&#8230; eso es algo que definitivamente nos guardaremos para nosotros\u201d, dijo.<\/p>\n<p>Con informaci\u00f3n de Tamara Qiblawi y Eyad Kourdi de CNN.<\/p>\n<p>The-CNN-Wire<br \/>&trade; &amp; &copy; 2024 Cable News Network, Inc., a Warner Bros. Discovery Company. All rights reserved.<\/p>\n","protected":false},"excerpt":{"rendered":"<p>(CNN) &#8212; El l\u00edder de Hezbollah, Hassan Nasrallah, habl\u00f3 por primera vez desde los ataques de esta semana en el L\u00edbano. El ataque del martes, tras explosiones de buscapersonas, mat\u00f3 a 12 personas y dej\u00f3 miles de heridos. El otro, ocurrido un d\u00eda despu\u00e9s, mat\u00f3 al menos a 25 personas y caus\u00f3 heridas a m\u00e1s [&hellip;]<\/p>\n","protected":false},"author":0,"featured_media":0,"comment_status":"open","ping_status":"open","sticky":false,"template":"","format":"standard","meta":{"_jetpack_memberships_contains_paid_content":false,"footnotes":""},"categories":[10],"tags":[],"class_list":["post-1452844","post","type-post","status-publish","format-standard","hentry","category-noticias-nacionales","market-global"],"yoast_head":"<!-- This site is optimized with the Yoast SEO plugin v24.4 - https:\/\/yoast.com\/wordpress\/plugins\/seo\/ -->\n<title>L\u00edder de Hezbollah dice que los mortales ataques en el L\u00edbano cruzaron &quot;todas las l\u00edneas rojas&quot; - Noticias<\/title>\n<meta name=\"robots\" content=\"index, follow, max-snippet:-1, max-image-preview:large, max-video-preview:-1\" \/>\n<link rel=\"canonical\" href=\"https:\/\/noticiasya.com\/2024\/09\/19\/discurso-hassan-nasrallah-lider-hezbollah-ataques-libano-israel-trax\/\" \/>\n<meta property=\"og:locale\" content=\"es_ES\" \/>\n<meta property=\"og:type\" content=\"article\" \/>\n<meta property=\"og:title\" content=\"L\u00edder de Hezbollah dice que los mortales ataques en el L\u00edbano cruzaron &quot;todas las l\u00edneas rojas&quot; - Noticias\" \/>\n<meta property=\"og:description\" content=\"(CNN) &#8212; El l\u00edder de Hezbollah, Hassan Nasrallah, habl\u00f3 por primera vez desde los ataques de esta semana en el L\u00edbano. El ataque del martes, tras explosiones de buscapersonas, mat\u00f3 a 12 personas y dej\u00f3 miles de heridos. El otro, ocurrido un d\u00eda despu\u00e9s, mat\u00f3 al menos a 25 personas y caus\u00f3 heridas a m\u00e1s [&hellip;]\" \/>\n<meta property=\"og:url\" content=\"https:\/\/noticiasya.com\/2024\/09\/19\/discurso-hassan-nasrallah-lider-hezbollah-ataques-libano-israel-trax\/\" \/>\n<meta property=\"og:site_name\" content=\"Noticias\" \/>\n<meta property=\"article:published_time\" content=\"2024-09-19T20:03:53+00:00\" \/>\n<meta name=\"twitter:card\" content=\"summary_large_image\" \/>\n<meta name=\"twitter:label1\" content=\"Est. reading time\" \/>\n\t<meta name=\"twitter:data1\" content=\"3 minutos\" \/>\n<script type=\"application\/ld+json\" class=\"yoast-schema-graph\">{\"@context\":\"https:\/\/schema.org\",\"@graph\":[{\"@type\":\"Article\",\"@id\":\"https:\/\/noticiasya.com\/2024\/09\/19\/discurso-hassan-nasrallah-lider-hezbollah-ataques-libano-israel-trax\/#article\",\"isPartOf\":{\"@id\":\"https:\/\/noticiasya.com\/2024\/09\/19\/discurso-hassan-nasrallah-lider-hezbollah-ataques-libano-israel-trax\/\"},\"author\":{\"name\":\"\",\"@id\":\"\"},\"headline\":\"L\u00edder de Hezbollah dice que los mortales ataques en el L\u00edbano cruzaron &#171;todas las l\u00edneas rojas&#187;\",\"datePublished\":\"2024-09-19T20:03:53+00:00\",\"mainEntityOfPage\":{\"@id\":\"https:\/\/noticiasya.com\/2024\/09\/19\/discurso-hassan-nasrallah-lider-hezbollah-ataques-libano-israel-trax\/\"},\"wordCount\":634,\"commentCount\":0,\"publisher\":{\"@id\":\"https:\/\/noticiasya.com\/#organization\"},\"articleSection\":[\"Noticias Nacionales\"],\"inLanguage\":\"es\",\"potentialAction\":[{\"@type\":\"CommentAction\",\"name\":\"Comment\",\"target\":[\"https:\/\/noticiasya.com\/2024\/09\/19\/discurso-hassan-nasrallah-lider-hezbollah-ataques-libano-israel-trax\/#respond\"]}]},{\"@type\":\"WebPage\",\"@id\":\"https:\/\/noticiasya.com\/2024\/09\/19\/discurso-hassan-nasrallah-lider-hezbollah-ataques-libano-israel-trax\/\",\"url\":\"https:\/\/noticiasya.com\/2024\/09\/19\/discurso-hassan-nasrallah-lider-hezbollah-ataques-libano-israel-trax\/\",\"name\":\"L\u00edder de Hezbollah dice que los mortales ataques en el L\u00edbano cruzaron \\\"todas las l\u00edneas rojas\\\" - Noticias\",\"isPartOf\":{\"@id\":\"https:\/\/noticiasya.com\/#website\"},\"datePublished\":\"2024-09-19T20:03:53+00:00\",\"breadcrumb\":{\"@id\":\"https:\/\/noticiasya.com\/2024\/09\/19\/discurso-hassan-nasrallah-lider-hezbollah-ataques-libano-israel-trax\/#breadcrumb\"},\"inLanguage\":\"es\",\"potentialAction\":[{\"@type\":\"ReadAction\",\"target\":[\"https:\/\/noticiasya.com\/2024\/09\/19\/discurso-hassan-nasrallah-lider-hezbollah-ataques-libano-israel-trax\/\"]}]},{\"@type\":\"BreadcrumbList\",\"@id\":\"https:\/\/noticiasya.com\/2024\/09\/19\/discurso-hassan-nasrallah-lider-hezbollah-ataques-libano-israel-trax\/#breadcrumb\",\"itemListElement\":[{\"@type\":\"ListItem\",\"position\":1,\"name\":\"Home\",\"item\":\"https:\/\/noticiasya.com\/\"},{\"@type\":\"ListItem\",\"position\":2,\"name\":\"L\u00edder de Hezbollah dice que los mortales ataques en el L\u00edbano cruzaron &#171;todas las l\u00edneas rojas&#187;\"}]},{\"@type\":\"WebSite\",\"@id\":\"https:\/\/noticiasya.com\/#website\",\"url\":\"https:\/\/noticiasya.com\/\",\"name\":\"Noticias\",\"description\":\"Lo que importa\",\"publisher\":{\"@id\":\"https:\/\/noticiasya.com\/#organization\"},\"potentialAction\":[{\"@type\":\"SearchAction\",\"target\":{\"@type\":\"EntryPoint\",\"urlTemplate\":\"https:\/\/noticiasya.com\/?s={search_term_string}\"},\"query-input\":{\"@type\":\"PropertyValueSpecification\",\"valueRequired\":true,\"valueName\":\"search_term_string\"}}],\"inLanguage\":\"es\"},{\"@type\":\"Organization\",\"@id\":\"https:\/\/noticiasya.com\/#organization\",\"name\":\"Noticias\",\"url\":\"https:\/\/noticiasya.com\/\",\"logo\":{\"@type\":\"ImageObject\",\"inLanguage\":\"es\",\"@id\":\"https:\/\/noticiasya.com\/#\/schema\/logo\/image\/\",\"url\":\"https:\/\/noticiasya.com\/wp-content\/uploads\/sites\/22\/2023\/12\/logo-nacional.png\",\"contentUrl\":\"https:\/\/noticiasya.com\/wp-content\/uploads\/sites\/22\/2023\/12\/logo-nacional.png\",\"width\":1801,\"height\":691,\"caption\":\"Noticias\"},\"image\":{\"@id\":\"https:\/\/noticiasya.com\/#\/schema\/logo\/image\/\"}}]}<\/script>\n<!-- \/ Yoast SEO plugin. -->","yoast_head_json":{"title":"L\u00edder de Hezbollah dice que los mortales ataques en el L\u00edbano cruzaron \"todas las l\u00edneas rojas\" - Noticias","robots":{"index":"index","follow":"follow","max-snippet":"max-snippet:-1","max-image-preview":"max-image-preview:large","max-video-preview":"max-video-preview:-1"},"canonical":"https:\/\/noticiasya.com\/2024\/09\/19\/discurso-hassan-nasrallah-lider-hezbollah-ataques-libano-israel-trax\/","og_locale":"es_ES","og_type":"article","og_title":"L\u00edder de Hezbollah dice que los mortales ataques en el L\u00edbano cruzaron \"todas las l\u00edneas rojas\" - Noticias","og_description":"(CNN) &#8212; El l\u00edder de Hezbollah, Hassan Nasrallah, habl\u00f3 por primera vez desde los ataques de esta semana en el L\u00edbano. El ataque del martes, tras explosiones de buscapersonas, mat\u00f3 a 12 personas y dej\u00f3 miles de heridos. El otro, ocurrido un d\u00eda despu\u00e9s, mat\u00f3 al menos a 25 personas y caus\u00f3 heridas a m\u00e1s [&hellip;]","og_url":"https:\/\/noticiasya.com\/2024\/09\/19\/discurso-hassan-nasrallah-lider-hezbollah-ataques-libano-israel-trax\/","og_site_name":"Noticias","article_published_time":"2024-09-19T20:03:53+00:00","twitter_card":"summary_large_image","twitter_misc":{"Est. reading time":"3 minutos"},"schema":{"@context":"https:\/\/schema.org","@graph":[{"@type":"Article","@id":"https:\/\/noticiasya.com\/2024\/09\/19\/discurso-hassan-nasrallah-lider-hezbollah-ataques-libano-israel-trax\/#article","isPartOf":{"@id":"https:\/\/noticiasya.com\/2024\/09\/19\/discurso-hassan-nasrallah-lider-hezbollah-ataques-libano-israel-trax\/"},"author":{"name":"","@id":""},"headline":"L\u00edder de Hezbollah dice que los mortales ataques en el L\u00edbano cruzaron &#171;todas las l\u00edneas rojas&#187;","datePublished":"2024-09-19T20:03:53+00:00","mainEntityOfPage":{"@id":"https:\/\/noticiasya.com\/2024\/09\/19\/discurso-hassan-nasrallah-lider-hezbollah-ataques-libano-israel-trax\/"},"wordCount":634,"commentCount":0,"publisher":{"@id":"https:\/\/noticiasya.com\/#organization"},"articleSection":["Noticias Nacionales"],"inLanguage":"es","potentialAction":[{"@type":"CommentAction","name":"Comment","target":["https:\/\/noticiasya.com\/2024\/09\/19\/discurso-hassan-nasrallah-lider-hezbollah-ataques-libano-israel-trax\/#respond"]}]},{"@type":"WebPage","@id":"https:\/\/noticiasya.com\/2024\/09\/19\/discurso-hassan-nasrallah-lider-hezbollah-ataques-libano-israel-trax\/","url":"https:\/\/noticiasya.com\/2024\/09\/19\/discurso-hassan-nasrallah-lider-hezbollah-ataques-libano-israel-trax\/","name":"L\u00edder de Hezbollah dice que los mortales ataques en el L\u00edbano cruzaron \"todas las l\u00edneas rojas\" - Noticias","isPartOf":{"@id":"https:\/\/noticiasya.com\/#website"},"datePublished":"2024-09-19T20:03:53+00:00","breadcrumb":{"@id":"https:\/\/noticiasya.com\/2024\/09\/19\/discurso-hassan-nasrallah-lider-hezbollah-ataques-libano-israel-trax\/#breadcrumb"},"inLanguage":"es","potentialAction":[{"@type":"ReadAction","target":["https:\/\/noticiasya.com\/2024\/09\/19\/discurso-hassan-nasrallah-lider-hezbollah-ataques-libano-israel-trax\/"]}]},{"@type":"BreadcrumbList","@id":"https:\/\/noticiasya.com\/2024\/09\/19\/discurso-hassan-nasrallah-lider-hezbollah-ataques-libano-israel-trax\/#breadcrumb","itemListElement":[{"@type":"ListItem","position":1,"name":"Home","item":"https:\/\/noticiasya.com\/"},{"@type":"ListItem","position":2,"name":"L\u00edder de Hezbollah dice que los mortales ataques en el L\u00edbano cruzaron &#171;todas las l\u00edneas rojas&#187;"}]},{"@type":"WebSite","@id":"https:\/\/noticiasya.com\/#website","url":"https:\/\/noticiasya.com\/","name":"Noticias","description":"Lo que importa","publisher":{"@id":"https:\/\/noticiasya.com\/#organization"},"potentialAction":[{"@type":"SearchAction","target":{"@type":"EntryPoint","urlTemplate":"https:\/\/noticiasya.com\/?s={search_term_string}"},"query-input":{"@type":"PropertyValueSpecification","valueRequired":true,"valueName":"search_term_string"}}],"inLanguage":"es"},{"@type":"Organization","@id":"https:\/\/noticiasya.com\/#organization","name":"Noticias","url":"https:\/\/noticiasya.com\/","logo":{"@type":"ImageObject","inLanguage":"es","@id":"https:\/\/noticiasya.com\/#\/schema\/logo\/image\/","url":"https:\/\/noticiasya.com\/wp-content\/uploads\/sites\/22\/2023\/12\/logo-nacional.png","contentUrl":"https:\/\/noticiasya.com\/wp-content\/uploads\/sites\/22\/2023\/12\/logo-nacional.png","width":1801,"height":691,"caption":"Noticias"},"image":{"@id":"https:\/\/noticiasya.com\/#\/schema\/logo\/image\/"}}]}},"parsely":{"version":"1.1.0","canonical_url":"https:\/\/noticiasya.com\/midland-odessa\/2024\/09\/19\/discurso-hassan-nasrallah-lider-hezbollah-ataques-libano-israel-trax\/","smart_links":{"inbound":0,"outbound":0},"traffic_boost_suggestions_count":0,"meta":{"@context":"https:\/\/schema.org","@type":"NewsArticle","headline":"L\u00edder de Hezbollah dice que los mortales ataques en el L\u00edbano cruzaron &#171;todas las l\u00edneas rojas&#187;","url":"http:\/\/noticiasya.com\/midland-odessa\/2024\/09\/19\/discurso-hassan-nasrallah-lider-hezbollah-ataques-libano-israel-trax\/","mainEntityOfPage":{"@type":"WebPage","@id":"http:\/\/noticiasya.com\/midland-odessa\/2024\/09\/19\/discurso-hassan-nasrallah-lider-hezbollah-ataques-libano-israel-trax\/"},"thumbnailUrl":"","image":{"@type":"ImageObject","url":""},"articleSection":"Noticias Nacionales","author":[],"creator":[],"publisher":{"@type":"Organization","name":"Noticias","logo":""},"keywords":[],"dateCreated":"2024-09-19T20:03:53Z","datePublished":"2024-09-19T20:03:53Z","dateModified":"2024-09-19T20:03:53Z"},"rendered":"<script type=\"application\/ld+json\" class=\"wp-parsely-metadata\">{\"@context\":\"https:\\\/\\\/schema.org\",\"@type\":\"NewsArticle\",\"headline\":\"L\\u00edder de Hezbollah dice que los mortales ataques en el L\\u00edbano cruzaron &#171;todas las l\\u00edneas rojas&#187;\",\"url\":\"http:\\\/\\\/noticiasya.com\\\/midland-odessa\\\/2024\\\/09\\\/19\\\/discurso-hassan-nasrallah-lider-hezbollah-ataques-libano-israel-trax\\\/\",\"mainEntityOfPage\":{\"@type\":\"WebPage\",\"@id\":\"http:\\\/\\\/noticiasya.com\\\/midland-odessa\\\/2024\\\/09\\\/19\\\/discurso-hassan-nasrallah-lider-hezbollah-ataques-libano-israel-trax\\\/\"},\"thumbnailUrl\":\"\",\"image\":{\"@type\":\"ImageObject\",\"url\":\"\"},\"articleSection\":\"Noticias Nacionales\",\"author\":[],\"creator\":[],\"publisher\":{\"@type\":\"Organization\",\"name\":\"Noticias\",\"logo\":\"\"},\"keywords\":[],\"dateCreated\":\"2024-09-19T20:03:53Z\",\"datePublished\":\"2024-09-19T20:03:53Z\",\"dateModified\":\"2024-09-19T20:03:53Z\"}<\/script>","tracker_url":"https:\/\/cdn.parsely.com\/keys\/noticiasya.com\/p.js"},"jetpack_featured_media_url":"","jetpack-related-posts":[{"id":1458353,"url":"https:\/\/noticiasya.com\/midland-odessa\/2025\/02\/06\/netanyahu-regalo-trump-buscapersonas-dorado-trax\/","url_meta":{"origin":1452844,"position":0},"title":"Netanyahu le regal\u00f3 a Trump un buscapersonas dorado","author":"","date":"febrero 6, 2025","format":false,"excerpt":"El primer ministro israel\u00ed, Benjamin Netanyahu, le regal\u00f3 a su par estadounidense, Donald Trump, un buscapersonas dorado durante su reuni\u00f3n en Washington el martes, dijo a CNN una fuente pol\u00edtica israel\u00ed.El regalo fue una alusi\u00f3n a la letal operaci\u00f3n llevada a cabo en septiembre pasado por Israel en el L\u00edbano,\u2026","rel":"","context":"In &quot;Noticias Nacionales&quot;","block_context":{"text":"Noticias Nacionales","link":"https:\/\/noticiasya.com\/midland-odessa\/categoria\/noticias-nacionales"},"img":{"alt_text":"","src":"","width":0,"height":0},"classes":[]},{"id":1452827,"url":"https:\/\/noticiasya.com\/midland-odessa\/2024\/09\/19\/libano-buscapersonas-walkie-talkie-ataques-explicacion-trax\/","url_meta":{"origin":1452844,"position":1},"title":"Israel se\u00f1al\u00f3 que est\u00e1 preparado para la guerra con Hezbollah tras dos atentados con explosivos. Esto es lo que sabemos","author":"","date":"septiembre 19, 2024","format":false,"excerpt":"(CNN) -- El L\u00edbano se tambalea tras sufrir dos atentados mortales consecutivos contra miembros de Hezbollah: este martes estallaron simult\u00e1neamente en todo el pa\u00eds buscapersonas y este mi\u00e9rcoles detonaron de forma similar walkie-talkies.El p\u00e1nico, el miedo y el dolor se apoderaron del pa\u00eds, en el que se preguntan c\u00f3mo pudieron\u2026","rel":"","context":"In &quot;Noticias Nacionales&quot;","block_context":{"text":"Noticias Nacionales","link":"https:\/\/noticiasya.com\/midland-odessa\/categoria\/noticias-nacionales"},"img":{"alt_text":"","src":"","width":0,"height":0},"classes":[]},{"id":1452860,"url":"https:\/\/noticiasya.com\/midland-odessa\/2024\/09\/19\/ultima-hora-explosiones-libano-hezbollah-israel-trax\/","url_meta":{"origin":1452844,"position":2},"title":"\u00daltima hora de las explosiones de buscapersonas y walkie talkies de miembros de Hezbollah en el L\u00edbano","author":"","date":"septiembre 19, 2024","format":false,"excerpt":"\ud83d\udd04Haz clic aqu\u00ed para ver las \u00faltimas actualizacionesMiembros del ej\u00e9rcito liban\u00e9s se preparan para llevar a cabo una explosi\u00f3n controlada de una bater\u00eda de un dispositivo de comunicaciones en la ciudad de Qlayaa, L\u00edbano, el 19 de septiembre. (Cr\u00e9dito: Karamallah Daher\/Reuters)The-CNN-Wire\u2122 & \u00a9 2024 Cable News Network, Inc., a Warner\u2026","rel":"","context":"In &quot;Noticias Nacionales&quot;","block_context":{"text":"Noticias Nacionales","link":"https:\/\/noticiasya.com\/midland-odessa\/categoria\/noticias-nacionales"},"img":{"alt_text":"","src":"","width":0,"height":0},"classes":[]},{"id":1452806,"url":"https:\/\/noticiasya.com\/midland-odessa\/2024\/09\/18\/israel-estados-unidos-hezbollah-libano-trax\/","url_meta":{"origin":1452844,"position":3},"title":"Israel notific\u00f3 a Estados Unidos antes de la operaci\u00f3n del martes en el L\u00edbano, pero no dio detalles de lo que estaba planeado, aseguran fuentes","author":"","date":"septiembre 18, 2024","format":false,"excerpt":"(CNN) \u2013\u2013 Funcionarios israel\u00edes le notificaron el martes a Estados Unidos que el pa\u00eds iba a llevar a cabo una operaci\u00f3n en el L\u00edbano, pero no dieron ning\u00fan detalle sobre lo que estaban planeando, seg\u00fan tres fuentes familiarizadas con el asunto. Incluso, hubo una llamada entre el secretario de Defensa\u2026","rel":"","context":"In &quot;Noticias Nacionales&quot;","block_context":{"text":"Noticias Nacionales","link":"https:\/\/noticiasya.com\/midland-odessa\/categoria\/noticias-nacionales"},"img":{"alt_text":"","src":"","width":0,"height":0},"classes":[]},{"id":1452872,"url":"https:\/\/noticiasya.com\/midland-odessa\/2024\/09\/20\/medio-oriente-abismo-ataques-hezbollah-venganza-trax\/","url_meta":{"origin":1452844,"position":4},"title":"Medio Oriente vuelve a estar al borde del abismo despu\u00e9s de que Israel lanz\u00f3 ataques y el l\u00edder de Hezbollah prometi\u00f3 vengarse. Esto es lo que sabemos","author":"","date":"septiembre 20, 2024","format":false,"excerpt":"(CNN) -- Israel lanz\u00f3 este jueves uno de sus bombardeos m\u00e1s intensos contra objetivos de Hezbollah en el L\u00edbano este a\u00f1o, horas despu\u00e9s de que el l\u00edder del grupo militante condenara los mort\u00edferos ataques con artefactos gemelos que, seg\u00fan dijo, cruzaron \"todas las l\u00edneas rojas.\"Los audaces ataques coordinados de Israel,\u2026","rel":"","context":"In &quot;Noticias Nacionales&quot;","block_context":{"text":"Noticias Nacionales","link":"https:\/\/noticiasya.com\/midland-odessa\/categoria\/noticias-nacionales"},"img":{"alt_text":"","src":"","width":0,"height":0},"classes":[]},{"id":1452791,"url":"https:\/\/noticiasya.com\/midland-odessa\/2024\/09\/18\/libano-ataque-pager-explosiones-hezbollah-explicacion-trax\/","url_meta":{"origin":1452844,"position":5},"title":"El secretismo es la piedra angular de la estrategia militar de Hezbollah. Las mort\u00edferas explosiones de buscapersonas ponen al descubierto una debilidad clave","author":"","date":"septiembre 18, 2024","format":false,"excerpt":"(CNN) -- Cientos de buscapersonas portados por miembros de Hezbollah en L\u00edbano estallaron casi simult\u00e1neamente este martes en un ataque sin precedentes que supera en alcance y ejecuci\u00f3n a una serie de asesinatos encubiertos y ciberataques perpetrados en la regi\u00f3n en los \u00faltimos a\u00f1os.El grupo militante respaldado por Ir\u00e1n dijo\u2026","rel":"","context":"In &quot;Noticias Nacionales&quot;","block_context":{"text":"Noticias Nacionales","link":"https:\/\/noticiasya.com\/midland-odessa\/categoria\/noticias-nacionales"},"img":{"alt_text":"","src":"","width":0,"height":0},"classes":[]}],"jetpack_sharing_enabled":true,"_links":{"self":[{"href":"https:\/\/noticiasya.com\/midland-odessa\/wp-json\/wp\/v2\/posts\/1452844","targetHints":{"allow":["GET"]}}],"collection":[{"href":"https:\/\/noticiasya.com\/midland-odessa\/wp-json\/wp\/v2\/posts"}],"about":[{"href":"https:\/\/noticiasya.com\/midland-odessa\/wp-json\/wp\/v2\/types\/post"}],"replies":[{"embeddable":true,"href":"https:\/\/noticiasya.com\/midland-odessa\/wp-json\/wp\/v2\/comments?post=1452844"}],"version-history":[{"count":0,"href":"https:\/\/noticiasya.com\/midland-odessa\/wp-json\/wp\/v2\/posts\/1452844\/revisions"}],"wp:attachment":[{"href":"https:\/\/noticiasya.com\/midland-odessa\/wp-json\/wp\/v2\/media?parent=1452844"}],"wp:term":[{"taxonomy":"category","embeddable":true,"href":"https:\/\/noticiasya.com\/midland-odessa\/wp-json\/wp\/v2\/categories?post=1452844"},{"taxonomy":"post_tag","embeddable":true,"href":"https:\/\/noticiasya.com\/midland-odessa\/wp-json\/wp\/v2\/tags?post=1452844"}],"curies":[{"name":"wp","href":"https:\/\/api.w.org\/{rel}","templated":true}]}}