{"id":1452848,"date":"2024-09-19T15:03:38","date_gmt":"2024-09-19T22:03:38","guid":{"rendered":"https:\/\/noticiasya.com\/2024\/09\/19\/lopez-obrador-violencia-sinaloa-estados-unidos-orix\/"},"modified":"2024-09-19T15:03:38","modified_gmt":"2024-09-19T22:03:38","slug":"lopez-obrador-violencia-sinaloa-estados-unidos-orix","status":"publish","type":"post","link":"https:\/\/noticiasya.com\/midland-odessa\/2024\/09\/19\/lopez-obrador-violencia-sinaloa-estados-unidos-orix\/","title":{"rendered":"L\u00f3pez Obrador atribuye violencia en Sinaloa a un supuesto \u201cacuerdo\u201d negociado por el Departamento de Justicia de EE.UU."},"content":{"rendered":"<p>(CNN Espa\u00f1ol) &#8212; El presidente de M\u00e9xico, Andr\u00e9s Manuel L\u00f3pez Obrador, reiter\u00f3 este jueves que le pidi\u00f3 una explicaci\u00f3n a Estados Unidos sobre los hechos que llevaron a la detenci\u00f3n del cofundador del c\u00e1rtel de Sinaloa, Ismael \u201cEl Mayo\u201d Zambada, ocurrida el 25 de julio, y afirm\u00f3 que la violencia en el estado se debe a un supuesto \u201cacuerdo\u201d entre el Departamento de Justicia de EE.UU. y uno de los grupos del crimen organizado.<\/p>\n<p>\u201cEl Departamento de Justicia llevaba a cabo pl\u00e1ticas con uno de los grupos de la delincuencia en Sinaloa y ten\u00edan acuerdos. Incluso soltaron, o le dieron un estatus distinto, a uno de los detenidos en Estados Unidos al mismo tiempo que se llevaron a otro personaje\u201d, dijo L\u00f3pez Obrador durante su conferencia diaria matutina.<\/p>\n<p>Inexpresivo y con cierta dificultad para levantarse: as\u00ed se le vio al Mayo Zambada en su primera audiencia en Nueva York<\/p>\n<p>El jefe de Estado agreg\u00f3 que eso \u201crequiere de una explicaci\u00f3n porque si ahora estamos enfrentando en Sinaloa una situaci\u00f3n de inestabilidad, de confrontaci\u00f3n, pues se debe a que tomaron esa decisi\u00f3n. Y nosotros no estamos de acuerdo\u201d, dijo.<\/p>\n<p>CNN ha solicitado comentarios al Departamento de Justicia de EE.UU. sobre los se\u00f1alamientos de L\u00f3pez Obrador.<\/p>\n<p>L\u00f3pez Obrador se refiri\u00f3 adem\u00e1s a la captura de Zambada como \u201calguien secuestrado mediante un acuerdo\u201d a quien \u201cse llevan a Estados Unidos\u201d, y dijo que la violencia en Sinaloa, que dej\u00f3 al menos 43 muertos desde el 9 de septiembre, se debe a esta \u201csituaci\u00f3n especial, extraordinaria\u201d.<\/p>\n<p>\u201cEn Sinaloa no hab\u00eda la violencia que hay ahora. Tampoco es como se piensa de que est\u00e1 completamente fuera de control. No, estamos ah\u00ed, pero hemos tenido que tomar medidas especiales y mover elementos de las Fuerzas Armadas y tambi\u00e9n hemos perdido a oficiales que han sido asesinados por esta situaci\u00f3n especial, extraordinaria. Porque no es lo mismo cuando el Estado mexicano interviene, a que se d\u00e9 un asunto completamente irregular, de que alguien es secuestrado mediante un acuerdo, y se lo llevan a EE.UU. Tambi\u00e9n eso no nos convence y estamos pidiendo informaci\u00f3n. Ahora s\u00ed, cu\u00e1l fue el acuerdo\u201d, asegur\u00f3.<\/p>\n<p>En su conferencia ma\u00f1anera, el mandatario tambi\u00e9n critic\u00f3 la cobertura de los medios sobre la violencia en Sinaloa cuando se\u00f1alan la aparente inacci\u00f3n del Gobierno ante esos hechos, y lo atribuy\u00f3 a una campa\u00f1a en su contra de sectores conservadores, incluyendo m\u00faltiples comentarios en redes sociales, aunque no agreg\u00f3 qu\u00e9 acciones puede tomar su administraci\u00f3n o la siguiente ante la situaci\u00f3n.<\/p>\n<p>No es la primera vez que el presidente de M\u00e9xico menciona un presunto acuerdo para la captura de Zambada por parte del Gobierno de EE.UU. con Joaqu\u00edn Guzm\u00e1n L\u00f3pez, hijo del &#171;Chapo&#187; Guzm\u00e1n, para conseguir ese objetivo.<\/p>\n<p>La detenci\u00f3n del Mayo Zambada desata ola de violencia en Sinaloa<\/p>\n<p>El embajador de Estados Unidos en M\u00e9xico, Ken Salazar, neg\u00f3 el 9 de agosto que Washington estuviera de alguna forma involucrado en la detenci\u00f3n de Zambada.<\/p>\n<p>\u201cQuiero que lo entiendan muy claramente, no hubo recursos de Estados Unidos en esa operaci\u00f3n. No fue un avi\u00f3n de Estados Unidos, no fue un piloto de Estados Unidos, no fueron nuestros agentes o nuestra gente en M\u00e9xico. Esta era operaci\u00f3n entre los c\u00e1rteles, donde uno se entreg\u00f3 al otro\u201d, dijo en una rueda de prensa convocada para dar ese mensaje.<\/p>\n<p>Zambada fue trasladado de Texas a Nueva York el 12 de septiembre, donde permanecer\u00e1 detenido en prisi\u00f3n mientras espera el juicio en el que enfrentar\u00e1 cargos por narcotr\u00e1fico y lavado de dinero, entre otros delitos, y sobre los que se ha declarado inocente.<\/p>\n<p>The-CNN-Wire<br \/>&trade; &amp; &copy; 2024 Cable News Network, Inc., a Warner Bros. Discovery Company. All rights reserved.<\/p>\n","protected":false},"excerpt":{"rendered":"<p>(CNN Espa\u00f1ol) &#8212; El presidente de M\u00e9xico, Andr\u00e9s Manuel L\u00f3pez Obrador, reiter\u00f3 este jueves que le pidi\u00f3 una explicaci\u00f3n a Estados Unidos sobre los hechos que llevaron a la detenci\u00f3n del cofundador del c\u00e1rtel de Sinaloa, Ismael \u201cEl Mayo\u201d Zambada, ocurrida el 25 de julio, y afirm\u00f3 que la violencia en el estado se debe [&hellip;]<\/p>\n","protected":false},"author":0,"featured_media":0,"comment_status":"open","ping_status":"open","sticky":false,"template":"","format":"standard","meta":{"_jetpack_memberships_contains_paid_content":false,"footnotes":""},"categories":[10],"tags":[],"class_list":["post-1452848","post","type-post","status-publish","format-standard","hentry","category-noticias-nacionales","market-global"],"yoast_head":"<!-- This site is optimized with the Yoast SEO plugin v24.4 - https:\/\/yoast.com\/wordpress\/plugins\/seo\/ -->\n<title>L\u00f3pez Obrador atribuye violencia en Sinaloa a un supuesto \u201cacuerdo\u201d negociado por el Departamento de Justicia de EE.UU. - Noticias<\/title>\n<meta name=\"robots\" content=\"index, follow, max-snippet:-1, max-image-preview:large, max-video-preview:-1\" \/>\n<link rel=\"canonical\" href=\"https:\/\/noticiasya.com\/2024\/09\/19\/lopez-obrador-violencia-sinaloa-estados-unidos-orix\/\" \/>\n<meta property=\"og:locale\" content=\"es_ES\" \/>\n<meta property=\"og:type\" content=\"article\" \/>\n<meta property=\"og:title\" content=\"L\u00f3pez Obrador atribuye violencia en Sinaloa a un supuesto \u201cacuerdo\u201d negociado por el Departamento de Justicia de EE.UU. - Noticias\" \/>\n<meta property=\"og:description\" content=\"(CNN Espa\u00f1ol) &#8212; El presidente de M\u00e9xico, Andr\u00e9s Manuel L\u00f3pez Obrador, reiter\u00f3 este jueves que le pidi\u00f3 una explicaci\u00f3n a Estados Unidos sobre los hechos que llevaron a la detenci\u00f3n del cofundador del c\u00e1rtel de Sinaloa, Ismael \u201cEl Mayo\u201d Zambada, ocurrida el 25 de julio, y afirm\u00f3 que la violencia en el estado se debe [&hellip;]\" \/>\n<meta property=\"og:url\" content=\"https:\/\/noticiasya.com\/2024\/09\/19\/lopez-obrador-violencia-sinaloa-estados-unidos-orix\/\" \/>\n<meta property=\"og:site_name\" content=\"Noticias\" \/>\n<meta property=\"article:published_time\" content=\"2024-09-19T22:03:38+00:00\" \/>\n<meta name=\"twitter:card\" content=\"summary_large_image\" \/>\n<meta name=\"twitter:label1\" content=\"Est. reading time\" \/>\n\t<meta name=\"twitter:data1\" content=\"3 minutos\" \/>\n<script type=\"application\/ld+json\" class=\"yoast-schema-graph\">{\"@context\":\"https:\/\/schema.org\",\"@graph\":[{\"@type\":\"Article\",\"@id\":\"https:\/\/noticiasya.com\/2024\/09\/19\/lopez-obrador-violencia-sinaloa-estados-unidos-orix\/#article\",\"isPartOf\":{\"@id\":\"https:\/\/noticiasya.com\/2024\/09\/19\/lopez-obrador-violencia-sinaloa-estados-unidos-orix\/\"},\"author\":{\"name\":\"\",\"@id\":\"\"},\"headline\":\"L\u00f3pez Obrador atribuye violencia en Sinaloa a un supuesto \u201cacuerdo\u201d negociado por el Departamento de Justicia de EE.UU.\",\"datePublished\":\"2024-09-19T22:03:38+00:00\",\"mainEntityOfPage\":{\"@id\":\"https:\/\/noticiasya.com\/2024\/09\/19\/lopez-obrador-violencia-sinaloa-estados-unidos-orix\/\"},\"wordCount\":675,\"commentCount\":0,\"publisher\":{\"@id\":\"https:\/\/noticiasya.com\/#organization\"},\"articleSection\":[\"Noticias Nacionales\"],\"inLanguage\":\"es\",\"potentialAction\":[{\"@type\":\"CommentAction\",\"name\":\"Comment\",\"target\":[\"https:\/\/noticiasya.com\/2024\/09\/19\/lopez-obrador-violencia-sinaloa-estados-unidos-orix\/#respond\"]}]},{\"@type\":\"WebPage\",\"@id\":\"https:\/\/noticiasya.com\/2024\/09\/19\/lopez-obrador-violencia-sinaloa-estados-unidos-orix\/\",\"url\":\"https:\/\/noticiasya.com\/2024\/09\/19\/lopez-obrador-violencia-sinaloa-estados-unidos-orix\/\",\"name\":\"L\u00f3pez Obrador atribuye violencia en Sinaloa a un supuesto \u201cacuerdo\u201d negociado por el Departamento de Justicia de EE.UU. - Noticias\",\"isPartOf\":{\"@id\":\"https:\/\/noticiasya.com\/#website\"},\"datePublished\":\"2024-09-19T22:03:38+00:00\",\"breadcrumb\":{\"@id\":\"https:\/\/noticiasya.com\/2024\/09\/19\/lopez-obrador-violencia-sinaloa-estados-unidos-orix\/#breadcrumb\"},\"inLanguage\":\"es\",\"potentialAction\":[{\"@type\":\"ReadAction\",\"target\":[\"https:\/\/noticiasya.com\/2024\/09\/19\/lopez-obrador-violencia-sinaloa-estados-unidos-orix\/\"]}]},{\"@type\":\"BreadcrumbList\",\"@id\":\"https:\/\/noticiasya.com\/2024\/09\/19\/lopez-obrador-violencia-sinaloa-estados-unidos-orix\/#breadcrumb\",\"itemListElement\":[{\"@type\":\"ListItem\",\"position\":1,\"name\":\"Home\",\"item\":\"https:\/\/noticiasya.com\/\"},{\"@type\":\"ListItem\",\"position\":2,\"name\":\"L\u00f3pez Obrador atribuye violencia en Sinaloa a un supuesto \u201cacuerdo\u201d negociado por el Departamento de Justicia de EE.UU.\"}]},{\"@type\":\"WebSite\",\"@id\":\"https:\/\/noticiasya.com\/#website\",\"url\":\"https:\/\/noticiasya.com\/\",\"name\":\"Noticias\",\"description\":\"Lo que importa\",\"publisher\":{\"@id\":\"https:\/\/noticiasya.com\/#organization\"},\"potentialAction\":[{\"@type\":\"SearchAction\",\"target\":{\"@type\":\"EntryPoint\",\"urlTemplate\":\"https:\/\/noticiasya.com\/?s={search_term_string}\"},\"query-input\":{\"@type\":\"PropertyValueSpecification\",\"valueRequired\":true,\"valueName\":\"search_term_string\"}}],\"inLanguage\":\"es\"},{\"@type\":\"Organization\",\"@id\":\"https:\/\/noticiasya.com\/#organization\",\"name\":\"Noticias\",\"url\":\"https:\/\/noticiasya.com\/\",\"logo\":{\"@type\":\"ImageObject\",\"inLanguage\":\"es\",\"@id\":\"https:\/\/noticiasya.com\/#\/schema\/logo\/image\/\",\"url\":\"https:\/\/noticiasya.com\/wp-content\/uploads\/sites\/22\/2023\/12\/logo-nacional.png\",\"contentUrl\":\"https:\/\/noticiasya.com\/wp-content\/uploads\/sites\/22\/2023\/12\/logo-nacional.png\",\"width\":1801,\"height\":691,\"caption\":\"Noticias\"},\"image\":{\"@id\":\"https:\/\/noticiasya.com\/#\/schema\/logo\/image\/\"}}]}<\/script>\n<!-- \/ Yoast SEO plugin. -->","yoast_head_json":{"title":"L\u00f3pez Obrador atribuye violencia en Sinaloa a un supuesto \u201cacuerdo\u201d negociado por el Departamento de Justicia de EE.UU. - Noticias","robots":{"index":"index","follow":"follow","max-snippet":"max-snippet:-1","max-image-preview":"max-image-preview:large","max-video-preview":"max-video-preview:-1"},"canonical":"https:\/\/noticiasya.com\/2024\/09\/19\/lopez-obrador-violencia-sinaloa-estados-unidos-orix\/","og_locale":"es_ES","og_type":"article","og_title":"L\u00f3pez Obrador atribuye violencia en Sinaloa a un supuesto \u201cacuerdo\u201d negociado por el Departamento de Justicia de EE.UU. - Noticias","og_description":"(CNN Espa\u00f1ol) &#8212; El presidente de M\u00e9xico, Andr\u00e9s Manuel L\u00f3pez Obrador, reiter\u00f3 este jueves que le pidi\u00f3 una explicaci\u00f3n a Estados Unidos sobre los hechos que llevaron a la detenci\u00f3n del cofundador del c\u00e1rtel de Sinaloa, Ismael \u201cEl Mayo\u201d Zambada, ocurrida el 25 de julio, y afirm\u00f3 que la violencia en el estado se debe [&hellip;]","og_url":"https:\/\/noticiasya.com\/2024\/09\/19\/lopez-obrador-violencia-sinaloa-estados-unidos-orix\/","og_site_name":"Noticias","article_published_time":"2024-09-19T22:03:38+00:00","twitter_card":"summary_large_image","twitter_misc":{"Est. reading time":"3 minutos"},"schema":{"@context":"https:\/\/schema.org","@graph":[{"@type":"Article","@id":"https:\/\/noticiasya.com\/2024\/09\/19\/lopez-obrador-violencia-sinaloa-estados-unidos-orix\/#article","isPartOf":{"@id":"https:\/\/noticiasya.com\/2024\/09\/19\/lopez-obrador-violencia-sinaloa-estados-unidos-orix\/"},"author":{"name":"","@id":""},"headline":"L\u00f3pez Obrador atribuye violencia en Sinaloa a un supuesto \u201cacuerdo\u201d negociado por el Departamento de Justicia de EE.UU.","datePublished":"2024-09-19T22:03:38+00:00","mainEntityOfPage":{"@id":"https:\/\/noticiasya.com\/2024\/09\/19\/lopez-obrador-violencia-sinaloa-estados-unidos-orix\/"},"wordCount":675,"commentCount":0,"publisher":{"@id":"https:\/\/noticiasya.com\/#organization"},"articleSection":["Noticias Nacionales"],"inLanguage":"es","potentialAction":[{"@type":"CommentAction","name":"Comment","target":["https:\/\/noticiasya.com\/2024\/09\/19\/lopez-obrador-violencia-sinaloa-estados-unidos-orix\/#respond"]}]},{"@type":"WebPage","@id":"https:\/\/noticiasya.com\/2024\/09\/19\/lopez-obrador-violencia-sinaloa-estados-unidos-orix\/","url":"https:\/\/noticiasya.com\/2024\/09\/19\/lopez-obrador-violencia-sinaloa-estados-unidos-orix\/","name":"L\u00f3pez Obrador atribuye violencia en Sinaloa a un supuesto \u201cacuerdo\u201d negociado por el Departamento de Justicia de EE.UU. - Noticias","isPartOf":{"@id":"https:\/\/noticiasya.com\/#website"},"datePublished":"2024-09-19T22:03:38+00:00","breadcrumb":{"@id":"https:\/\/noticiasya.com\/2024\/09\/19\/lopez-obrador-violencia-sinaloa-estados-unidos-orix\/#breadcrumb"},"inLanguage":"es","potentialAction":[{"@type":"ReadAction","target":["https:\/\/noticiasya.com\/2024\/09\/19\/lopez-obrador-violencia-sinaloa-estados-unidos-orix\/"]}]},{"@type":"BreadcrumbList","@id":"https:\/\/noticiasya.com\/2024\/09\/19\/lopez-obrador-violencia-sinaloa-estados-unidos-orix\/#breadcrumb","itemListElement":[{"@type":"ListItem","position":1,"name":"Home","item":"https:\/\/noticiasya.com\/"},{"@type":"ListItem","position":2,"name":"L\u00f3pez Obrador atribuye violencia en Sinaloa a un supuesto \u201cacuerdo\u201d negociado por el Departamento de Justicia de EE.UU."}]},{"@type":"WebSite","@id":"https:\/\/noticiasya.com\/#website","url":"https:\/\/noticiasya.com\/","name":"Noticias","description":"Lo que importa","publisher":{"@id":"https:\/\/noticiasya.com\/#organization"},"potentialAction":[{"@type":"SearchAction","target":{"@type":"EntryPoint","urlTemplate":"https:\/\/noticiasya.com\/?s={search_term_string}"},"query-input":{"@type":"PropertyValueSpecification","valueRequired":true,"valueName":"search_term_string"}}],"inLanguage":"es"},{"@type":"Organization","@id":"https:\/\/noticiasya.com\/#organization","name":"Noticias","url":"https:\/\/noticiasya.com\/","logo":{"@type":"ImageObject","inLanguage":"es","@id":"https:\/\/noticiasya.com\/#\/schema\/logo\/image\/","url":"https:\/\/noticiasya.com\/wp-content\/uploads\/sites\/22\/2023\/12\/logo-nacional.png","contentUrl":"https:\/\/noticiasya.com\/wp-content\/uploads\/sites\/22\/2023\/12\/logo-nacional.png","width":1801,"height":691,"caption":"Noticias"},"image":{"@id":"https:\/\/noticiasya.com\/#\/schema\/logo\/image\/"}}]}},"parsely":{"version":"1.1.0","canonical_url":"https:\/\/noticiasya.com\/midland-odessa\/2024\/09\/19\/lopez-obrador-violencia-sinaloa-estados-unidos-orix\/","smart_links":{"inbound":0,"outbound":0},"traffic_boost_suggestions_count":0,"meta":{"@context":"https:\/\/schema.org","@type":"NewsArticle","headline":"L\u00f3pez Obrador atribuye violencia en Sinaloa a un supuesto \u201cacuerdo\u201d negociado por el Departamento de Justicia de EE.UU.","url":"http:\/\/noticiasya.com\/midland-odessa\/2024\/09\/19\/lopez-obrador-violencia-sinaloa-estados-unidos-orix\/","mainEntityOfPage":{"@type":"WebPage","@id":"http:\/\/noticiasya.com\/midland-odessa\/2024\/09\/19\/lopez-obrador-violencia-sinaloa-estados-unidos-orix\/"},"thumbnailUrl":"","image":{"@type":"ImageObject","url":""},"articleSection":"Noticias Nacionales","author":[],"creator":[],"publisher":{"@type":"Organization","name":"Noticias","logo":""},"keywords":[],"dateCreated":"2024-09-19T22:03:38Z","datePublished":"2024-09-19T22:03:38Z","dateModified":"2024-09-19T22:03:38Z"},"rendered":"<script type=\"application\/ld+json\" class=\"wp-parsely-metadata\">{\"@context\":\"https:\\\/\\\/schema.org\",\"@type\":\"NewsArticle\",\"headline\":\"L\\u00f3pez Obrador atribuye violencia en Sinaloa a un supuesto \\u201cacuerdo\\u201d negociado por el Departamento de Justicia de EE.UU.\",\"url\":\"http:\\\/\\\/noticiasya.com\\\/midland-odessa\\\/2024\\\/09\\\/19\\\/lopez-obrador-violencia-sinaloa-estados-unidos-orix\\\/\",\"mainEntityOfPage\":{\"@type\":\"WebPage\",\"@id\":\"http:\\\/\\\/noticiasya.com\\\/midland-odessa\\\/2024\\\/09\\\/19\\\/lopez-obrador-violencia-sinaloa-estados-unidos-orix\\\/\"},\"thumbnailUrl\":\"\",\"image\":{\"@type\":\"ImageObject\",\"url\":\"\"},\"articleSection\":\"Noticias Nacionales\",\"author\":[],\"creator\":[],\"publisher\":{\"@type\":\"Organization\",\"name\":\"Noticias\",\"logo\":\"\"},\"keywords\":[],\"dateCreated\":\"2024-09-19T22:03:38Z\",\"datePublished\":\"2024-09-19T22:03:38Z\",\"dateModified\":\"2024-09-19T22:03:38Z\"}<\/script>","tracker_url":"https:\/\/cdn.parsely.com\/keys\/noticiasya.com\/p.js"},"jetpack_featured_media_url":"","jetpack-related-posts":[{"id":1452912,"url":"https:\/\/noticiasya.com\/midland-odessa\/2024\/09\/21\/ola-violencia-mexico-muertos-sinaloa-orix\/","url_meta":{"origin":1452848,"position":0},"title":"Ola de violencia en M\u00e9xico: al menos 53 muertos en Sinaloa","author":"","date":"septiembre 21, 2024","format":false,"excerpt":"(CNN Espa\u00f1ol) -- La Fiscal\u00eda de Sinaloa inform\u00f3 este s\u00e1bado de la muerte de al menos cuatro personas durante el 20 de septiembre, con lo que la cifra de muertos por la violencia en el estado mexicano, en el noroeste del pa\u00eds, aumenta a 53 personas desde el 9 de\u2026","rel":"","context":"In &quot;Noticias Nacionales&quot;","block_context":{"text":"Noticias Nacionales","link":"https:\/\/noticiasya.com\/midland-odessa\/categoria\/noticias-nacionales"},"img":{"alt_text":"","src":"","width":0,"height":0},"classes":[]},{"id":1456573,"url":"https:\/\/noticiasya.com\/midland-odessa\/2024\/12\/13\/violencia-sinaloa-66-homicidios-diciembre-orix\/","url_meta":{"origin":1452848,"position":1},"title":"La violencia en Sinaloa deja al menos 66 homicidios en lo que va de diciembre","author":"","date":"diciembre 13, 2024","format":false,"excerpt":"La violencia que azota al estado mexicano de Sinaloa, en el noroeste del pa\u00eds, ha dejado al menos 66 homicidios en los primeros 12 d\u00edas de diciembre, de acuerdo con datos de la fiscal\u00eda estatal.El Gobierno de M\u00e9xico mantiene su afirmaci\u00f3n de que los enfrentamientos entre grupos armados repuntaron a\u2026","rel":"","context":"In &quot;Noticias Nacionales&quot;","block_context":{"text":"Noticias Nacionales","link":"https:\/\/noticiasya.com\/midland-odessa\/categoria\/noticias-nacionales"},"img":{"alt_text":"","src":"","width":0,"height":0},"classes":[]},{"id":1451457,"url":"https:\/\/noticiasya.com\/midland-odessa\/2024\/07\/26\/lideres-narcotrafico-detenidos-extraditados-sexenio-amlo-orix\/","url_meta":{"origin":1452848,"position":2},"title":"L\u00edderes del narcotr\u00e1fico detenidos y extraditados durante el sexenio de Andr\u00e9s Manuel L\u00f3pez Obrador","author":"","date":"julio 26, 2024","format":false,"excerpt":"(CNN Espa\u00f1ol) --\u00a0Desde 2020, autoridades de M\u00e9xico y Estados Unidos han detenido y extraditado a seis l\u00edderes del narcotr\u00e1fico: Jos\u00e9 Antonio Y\u00e9pez, Rafael Caro Quintero, Ovidio Guzm\u00e1n, N\u00e9stor Isidoro P\u00e9rezs, Ismael Zambada y Joaqu\u00edn Guzm\u00e1n L\u00f3pez.Jos\u00e9 Antonio Y\u00e9pez, \u201cEl Marro\u201d (agosto de 2020)Jos\u00e9 Antonio Y\u00e9pez, \u201cEl Marro\u201d. (Cr\u00e9dito: Creative Commons)Jos\u00e9\u2026","rel":"","context":"In &quot;Noticias Nacionales&quot;","block_context":{"text":"Noticias Nacionales","link":"https:\/\/noticiasya.com\/midland-odessa\/categoria\/noticias-nacionales"},"img":{"alt_text":"","src":"","width":0,"height":0},"classes":[]},{"id":1451521,"url":"https:\/\/noticiasya.com\/midland-odessa\/2024\/07\/31\/estados-unidos-arrestos-lideres-cartel-sinaloa-no-informo-mexico-trax\/","url_meta":{"origin":1452848,"position":3},"title":"EE.UU. tem\u00eda que los arrestos de l\u00edderes del c\u00e1rtel de Sinaloa pudieran verse comprometidos al informar a los funcionarios mexicanos, dice una fuente","author":"","date":"julio 31, 2024","format":false,"excerpt":"(CNN) --\u00a0En medio de las continuas consecuencias diplom\u00e1ticas entre las autoridades mexicanas y estadounidenses por la captura de los l\u00edderes del c\u00e1rtel de Sinaloa, Ismael \u201cEl Mayo\u201d Zambada y Joaqu\u00edn Guzm\u00e1n L\u00f3pez, una fuente policial familiarizada con la situaci\u00f3n dijo que los funcionarios estadounidenses dudaban en informar a sus hom\u00f3logos\u2026","rel":"","context":"In &quot;Noticias Nacionales&quot;","block_context":{"text":"Noticias Nacionales","link":"https:\/\/noticiasya.com\/midland-odessa\/categoria\/noticias-nacionales"},"img":{"alt_text":"","src":"","width":0,"height":0},"classes":[]},{"id":1451425,"url":"https:\/\/noticiasya.com\/midland-odessa\/2024\/07\/25\/detienen-ismael-el-mayo-zambada-cartel-de-sinaloa-trax\/","url_meta":{"origin":1452848,"position":4},"title":"Detienen en Texas a &#171;El Mayo&#187; Zambada y a un hijo de &#171;El Chapo&#187; Guzm\u00e1n","author":"","date":"julio 25, 2024","format":false,"excerpt":"(CNN) -- Dos presuntos l\u00edderes del c\u00e1rtel de Sinaola fueron detenidos este jueves en El Paso, Texas, y se encuentran bajo custodia estadounidense, inform\u00f3 este jueves El Departamento de Justicia de EE.UU.Los detenidos son Ismael \u201cEl Mayo\u201d Zambada Garc\u00eda, cofundador y supuesto l\u00edder del c\u00e1rtel y Joaqu\u00edn Guzm\u00e1n L\u00f3pez, hijo\u2026","rel":"","context":"In &quot;Noticias Nacionales&quot;","block_context":{"text":"Noticias Nacionales","link":"https:\/\/noticiasya.com\/midland-odessa\/categoria\/noticias-nacionales"},"img":{"alt_text":"","src":"","width":0,"height":0},"classes":[]},{"id":1455209,"url":"https:\/\/noticiasya.com\/midland-odessa\/2024\/10\/17\/oficina-federal-prisiones-joaquin-guzman-lopez-no-esta-bajo-su-custodia-orix\/","url_meta":{"origin":1452848,"position":5},"title":"La Oficina Federal de Prisiones de EE.UU. indica que Joaqu\u00edn Guzm\u00e1n L\u00f3pez no est\u00e1 bajo su custodia desde este mi\u00e9rcoles","author":"","date":"octubre 17, 2024","format":false,"excerpt":"(CNN Espa\u00f1ol) --\u00a0Los registros de la Oficina Federal de Prisiones de Estados Unidos (BOP, por sus siglas en ingl\u00e9s) indican que Joaqu\u00edn Guzm\u00e1n L\u00f3pez, quien fue detenido el 25 de julio junto con Israel \u201cEl Mayo\u201d Zambada en Estados Unidos, no est\u00e1 bajo su custodia desde el 16 de octubre,\u2026","rel":"","context":"In &quot;Noticias Nacionales&quot;","block_context":{"text":"Noticias Nacionales","link":"https:\/\/noticiasya.com\/midland-odessa\/categoria\/noticias-nacionales"},"img":{"alt_text":"","src":"","width":0,"height":0},"classes":[]}],"jetpack_sharing_enabled":true,"_links":{"self":[{"href":"https:\/\/noticiasya.com\/midland-odessa\/wp-json\/wp\/v2\/posts\/1452848","targetHints":{"allow":["GET"]}}],"collection":[{"href":"https:\/\/noticiasya.com\/midland-odessa\/wp-json\/wp\/v2\/posts"}],"about":[{"href":"https:\/\/noticiasya.com\/midland-odessa\/wp-json\/wp\/v2\/types\/post"}],"replies":[{"embeddable":true,"href":"https:\/\/noticiasya.com\/midland-odessa\/wp-json\/wp\/v2\/comments?post=1452848"}],"version-history":[{"count":0,"href":"https:\/\/noticiasya.com\/midland-odessa\/wp-json\/wp\/v2\/posts\/1452848\/revisions"}],"wp:attachment":[{"href":"https:\/\/noticiasya.com\/midland-odessa\/wp-json\/wp\/v2\/media?parent=1452848"}],"wp:term":[{"taxonomy":"category","embeddable":true,"href":"https:\/\/noticiasya.com\/midland-odessa\/wp-json\/wp\/v2\/categories?post=1452848"},{"taxonomy":"post_tag","embeddable":true,"href":"https:\/\/noticiasya.com\/midland-odessa\/wp-json\/wp\/v2\/tags?post=1452848"}],"curies":[{"name":"wp","href":"https:\/\/api.w.org\/{rel}","templated":true}]}}