{"id":1452863,"date":"2024-09-19T17:03:39","date_gmt":"2024-09-20T00:03:39","guid":{"rendered":"https:\/\/noticiasya.com\/2024\/09\/19\/solicitan-ee-uu-cadena-perpetua-multa-millonaria-garcia-luna-orix\/"},"modified":"2024-09-19T17:03:39","modified_gmt":"2024-09-20T00:03:39","slug":"solicitan-ee-uu-cadena-perpetua-multa-millonaria-garcia-luna-orix","status":"publish","type":"post","link":"https:\/\/noticiasya.com\/midland-odessa\/2024\/09\/19\/solicitan-ee-uu-cadena-perpetua-multa-millonaria-garcia-luna-orix\/","title":{"rendered":"Solicitan en EE.UU. cadena perpetua y multa millonaria contra Genaro Garc\u00eda Luna"},"content":{"rendered":"<p>(CNN Espa\u00f1ol) &#8212; El Departamento de Justicia de Estados Unidos solicit\u00f3 este jueves cadena perpetua y una multa de US$ 5 millones para el exsecretario de Seguridad P\u00fablica de M\u00e9xico Genaro Garc\u00eda Luna, declarado culpable por delitos relacionados con narcotr\u00e1fico.<\/p>\n<p>El documento enviado a la corte del Distrito Este de Nueva York \u2014donde se conden\u00f3 al exfuncionario en febrero de 2023\u2014 pide al juez Brian Cogan esa pena por la gravedad de los delitos imputados a Garc\u00eda Luna. Se presenta 20 d\u00edas antes de la fecha acordada para que Cogan emita la sentencia de Garc\u00eda Luna, el 9 de octubre.<\/p>\n<p>Garc\u00eda Luna dice que la Fiscal\u00eda de Nueva York le ofreci\u00f3 un acuerdo de culpabilidad a cambio de se\u00f1alar a pol\u00edticos mexicanos, pero no acept\u00f3<\/p>\n<p>Cesar de Castro, abogado de Garc\u00eda Luna, dijo a CNN que no le sorprenden los argumentos de los fiscales. Adelant\u00f3 que el pr\u00f3ximo mi\u00e9rcoles tambi\u00e9n presentar\u00e1 un escrito al juez como parte del procedimiento. El defensor hab\u00eda dicho a CNN que apelar\u00edan la sentencia en cuanto fuera emitida.<\/p>\n<p>Genaro Garc\u00eda Luna, exsecretario de Seguridad P\u00fablica de M\u00e9xico, en el juicio en su contra en Nueva York. Cr\u00e9dito: Christine Cornell<\/p>\n<p>Garc\u00eda Luna fue declarado culpable de participar en una empresa criminal continua, conspiraci\u00f3n para obtener, importar y distribuir miles de kilogramos de coca\u00edna en Estados Unidos, y haber hecho declaraciones falsas a funcionarios estadounidenses de inmigraci\u00f3n, tras haber sido detenido en diciembre de 2019 y acusado de recibir sobornos del c\u00e1rtel de Sinaloa mientras estaba a cargo de la seguridad de M\u00e9xico.<\/p>\n<p>The-CNN-Wire<br \/>&trade; &amp; &copy; 2024 Cable News Network, Inc., a Warner Bros. Discovery Company. All rights reserved.<\/p>\n","protected":false},"excerpt":{"rendered":"<p>(CNN Espa\u00f1ol) &#8212; El Departamento de Justicia de Estados Unidos solicit\u00f3 este jueves cadena perpetua y una multa de US$ 5 millones para el exsecretario de Seguridad P\u00fablica de M\u00e9xico Genaro Garc\u00eda Luna, declarado culpable por delitos relacionados con narcotr\u00e1fico. El documento enviado a la corte del Distrito Este de Nueva York \u2014donde se conden\u00f3 [&hellip;]<\/p>\n","protected":false},"author":0,"featured_media":0,"comment_status":"open","ping_status":"open","sticky":false,"template":"","format":"standard","meta":{"_jetpack_memberships_contains_paid_content":false,"footnotes":""},"categories":[10],"tags":[],"class_list":["post-1452863","post","type-post","status-publish","format-standard","hentry","category-noticias-nacionales","market-global"],"yoast_head":"<!-- This site is optimized with the Yoast SEO plugin v24.4 - https:\/\/yoast.com\/wordpress\/plugins\/seo\/ -->\n<title>Solicitan en EE.UU. cadena perpetua y multa millonaria contra Genaro Garc\u00eda Luna - Noticias<\/title>\n<meta name=\"robots\" content=\"index, follow, max-snippet:-1, max-image-preview:large, max-video-preview:-1\" \/>\n<link rel=\"canonical\" href=\"https:\/\/noticiasya.com\/2024\/09\/19\/solicitan-ee-uu-cadena-perpetua-multa-millonaria-garcia-luna-orix\/\" \/>\n<meta property=\"og:locale\" content=\"es_ES\" \/>\n<meta property=\"og:type\" content=\"article\" \/>\n<meta property=\"og:title\" content=\"Solicitan en EE.UU. cadena perpetua y multa millonaria contra Genaro Garc\u00eda Luna - Noticias\" \/>\n<meta property=\"og:description\" content=\"(CNN Espa\u00f1ol) &#8212; El Departamento de Justicia de Estados Unidos solicit\u00f3 este jueves cadena perpetua y una multa de US$ 5 millones para el exsecretario de Seguridad P\u00fablica de M\u00e9xico Genaro Garc\u00eda Luna, declarado culpable por delitos relacionados con narcotr\u00e1fico. El documento enviado a la corte del Distrito Este de Nueva York \u2014donde se conden\u00f3 [&hellip;]\" \/>\n<meta property=\"og:url\" content=\"https:\/\/noticiasya.com\/2024\/09\/19\/solicitan-ee-uu-cadena-perpetua-multa-millonaria-garcia-luna-orix\/\" \/>\n<meta property=\"og:site_name\" content=\"Noticias\" \/>\n<meta property=\"article:published_time\" content=\"2024-09-20T00:03:39+00:00\" \/>\n<meta name=\"twitter:card\" content=\"summary_large_image\" \/>\n<meta name=\"twitter:label1\" content=\"Est. reading time\" \/>\n\t<meta name=\"twitter:data1\" content=\"1 minuto\" \/>\n<script type=\"application\/ld+json\" class=\"yoast-schema-graph\">{\"@context\":\"https:\/\/schema.org\",\"@graph\":[{\"@type\":\"Article\",\"@id\":\"https:\/\/noticiasya.com\/2024\/09\/19\/solicitan-ee-uu-cadena-perpetua-multa-millonaria-garcia-luna-orix\/#article\",\"isPartOf\":{\"@id\":\"https:\/\/noticiasya.com\/2024\/09\/19\/solicitan-ee-uu-cadena-perpetua-multa-millonaria-garcia-luna-orix\/\"},\"author\":{\"name\":\"\",\"@id\":\"\"},\"headline\":\"Solicitan en EE.UU. cadena perpetua y multa millonaria contra Genaro Garc\u00eda Luna\",\"datePublished\":\"2024-09-20T00:03:39+00:00\",\"mainEntityOfPage\":{\"@id\":\"https:\/\/noticiasya.com\/2024\/09\/19\/solicitan-ee-uu-cadena-perpetua-multa-millonaria-garcia-luna-orix\/\"},\"wordCount\":309,\"commentCount\":0,\"publisher\":{\"@id\":\"https:\/\/noticiasya.com\/#organization\"},\"articleSection\":[\"Noticias Nacionales\"],\"inLanguage\":\"es\",\"potentialAction\":[{\"@type\":\"CommentAction\",\"name\":\"Comment\",\"target\":[\"https:\/\/noticiasya.com\/2024\/09\/19\/solicitan-ee-uu-cadena-perpetua-multa-millonaria-garcia-luna-orix\/#respond\"]}]},{\"@type\":\"WebPage\",\"@id\":\"https:\/\/noticiasya.com\/2024\/09\/19\/solicitan-ee-uu-cadena-perpetua-multa-millonaria-garcia-luna-orix\/\",\"url\":\"https:\/\/noticiasya.com\/2024\/09\/19\/solicitan-ee-uu-cadena-perpetua-multa-millonaria-garcia-luna-orix\/\",\"name\":\"Solicitan en EE.UU. cadena perpetua y multa millonaria contra Genaro Garc\u00eda Luna - Noticias\",\"isPartOf\":{\"@id\":\"https:\/\/noticiasya.com\/#website\"},\"datePublished\":\"2024-09-20T00:03:39+00:00\",\"breadcrumb\":{\"@id\":\"https:\/\/noticiasya.com\/2024\/09\/19\/solicitan-ee-uu-cadena-perpetua-multa-millonaria-garcia-luna-orix\/#breadcrumb\"},\"inLanguage\":\"es\",\"potentialAction\":[{\"@type\":\"ReadAction\",\"target\":[\"https:\/\/noticiasya.com\/2024\/09\/19\/solicitan-ee-uu-cadena-perpetua-multa-millonaria-garcia-luna-orix\/\"]}]},{\"@type\":\"BreadcrumbList\",\"@id\":\"https:\/\/noticiasya.com\/2024\/09\/19\/solicitan-ee-uu-cadena-perpetua-multa-millonaria-garcia-luna-orix\/#breadcrumb\",\"itemListElement\":[{\"@type\":\"ListItem\",\"position\":1,\"name\":\"Home\",\"item\":\"https:\/\/noticiasya.com\/\"},{\"@type\":\"ListItem\",\"position\":2,\"name\":\"Solicitan en EE.UU. cadena perpetua y multa millonaria contra Genaro Garc\u00eda Luna\"}]},{\"@type\":\"WebSite\",\"@id\":\"https:\/\/noticiasya.com\/#website\",\"url\":\"https:\/\/noticiasya.com\/\",\"name\":\"Noticias\",\"description\":\"Lo que importa\",\"publisher\":{\"@id\":\"https:\/\/noticiasya.com\/#organization\"},\"potentialAction\":[{\"@type\":\"SearchAction\",\"target\":{\"@type\":\"EntryPoint\",\"urlTemplate\":\"https:\/\/noticiasya.com\/?s={search_term_string}\"},\"query-input\":{\"@type\":\"PropertyValueSpecification\",\"valueRequired\":true,\"valueName\":\"search_term_string\"}}],\"inLanguage\":\"es\"},{\"@type\":\"Organization\",\"@id\":\"https:\/\/noticiasya.com\/#organization\",\"name\":\"Noticias\",\"url\":\"https:\/\/noticiasya.com\/\",\"logo\":{\"@type\":\"ImageObject\",\"inLanguage\":\"es\",\"@id\":\"https:\/\/noticiasya.com\/#\/schema\/logo\/image\/\",\"url\":\"https:\/\/noticiasya.com\/wp-content\/uploads\/sites\/22\/2023\/12\/logo-nacional.png\",\"contentUrl\":\"https:\/\/noticiasya.com\/wp-content\/uploads\/sites\/22\/2023\/12\/logo-nacional.png\",\"width\":1801,\"height\":691,\"caption\":\"Noticias\"},\"image\":{\"@id\":\"https:\/\/noticiasya.com\/#\/schema\/logo\/image\/\"}}]}<\/script>\n<!-- \/ Yoast SEO plugin. -->","yoast_head_json":{"title":"Solicitan en EE.UU. cadena perpetua y multa millonaria contra Genaro Garc\u00eda Luna - Noticias","robots":{"index":"index","follow":"follow","max-snippet":"max-snippet:-1","max-image-preview":"max-image-preview:large","max-video-preview":"max-video-preview:-1"},"canonical":"https:\/\/noticiasya.com\/2024\/09\/19\/solicitan-ee-uu-cadena-perpetua-multa-millonaria-garcia-luna-orix\/","og_locale":"es_ES","og_type":"article","og_title":"Solicitan en EE.UU. cadena perpetua y multa millonaria contra Genaro Garc\u00eda Luna - Noticias","og_description":"(CNN Espa\u00f1ol) &#8212; El Departamento de Justicia de Estados Unidos solicit\u00f3 este jueves cadena perpetua y una multa de US$ 5 millones para el exsecretario de Seguridad P\u00fablica de M\u00e9xico Genaro Garc\u00eda Luna, declarado culpable por delitos relacionados con narcotr\u00e1fico. El documento enviado a la corte del Distrito Este de Nueva York \u2014donde se conden\u00f3 [&hellip;]","og_url":"https:\/\/noticiasya.com\/2024\/09\/19\/solicitan-ee-uu-cadena-perpetua-multa-millonaria-garcia-luna-orix\/","og_site_name":"Noticias","article_published_time":"2024-09-20T00:03:39+00:00","twitter_card":"summary_large_image","twitter_misc":{"Est. reading time":"1 minuto"},"schema":{"@context":"https:\/\/schema.org","@graph":[{"@type":"Article","@id":"https:\/\/noticiasya.com\/2024\/09\/19\/solicitan-ee-uu-cadena-perpetua-multa-millonaria-garcia-luna-orix\/#article","isPartOf":{"@id":"https:\/\/noticiasya.com\/2024\/09\/19\/solicitan-ee-uu-cadena-perpetua-multa-millonaria-garcia-luna-orix\/"},"author":{"name":"","@id":""},"headline":"Solicitan en EE.UU. cadena perpetua y multa millonaria contra Genaro Garc\u00eda Luna","datePublished":"2024-09-20T00:03:39+00:00","mainEntityOfPage":{"@id":"https:\/\/noticiasya.com\/2024\/09\/19\/solicitan-ee-uu-cadena-perpetua-multa-millonaria-garcia-luna-orix\/"},"wordCount":309,"commentCount":0,"publisher":{"@id":"https:\/\/noticiasya.com\/#organization"},"articleSection":["Noticias Nacionales"],"inLanguage":"es","potentialAction":[{"@type":"CommentAction","name":"Comment","target":["https:\/\/noticiasya.com\/2024\/09\/19\/solicitan-ee-uu-cadena-perpetua-multa-millonaria-garcia-luna-orix\/#respond"]}]},{"@type":"WebPage","@id":"https:\/\/noticiasya.com\/2024\/09\/19\/solicitan-ee-uu-cadena-perpetua-multa-millonaria-garcia-luna-orix\/","url":"https:\/\/noticiasya.com\/2024\/09\/19\/solicitan-ee-uu-cadena-perpetua-multa-millonaria-garcia-luna-orix\/","name":"Solicitan en EE.UU. cadena perpetua y multa millonaria contra Genaro Garc\u00eda Luna - Noticias","isPartOf":{"@id":"https:\/\/noticiasya.com\/#website"},"datePublished":"2024-09-20T00:03:39+00:00","breadcrumb":{"@id":"https:\/\/noticiasya.com\/2024\/09\/19\/solicitan-ee-uu-cadena-perpetua-multa-millonaria-garcia-luna-orix\/#breadcrumb"},"inLanguage":"es","potentialAction":[{"@type":"ReadAction","target":["https:\/\/noticiasya.com\/2024\/09\/19\/solicitan-ee-uu-cadena-perpetua-multa-millonaria-garcia-luna-orix\/"]}]},{"@type":"BreadcrumbList","@id":"https:\/\/noticiasya.com\/2024\/09\/19\/solicitan-ee-uu-cadena-perpetua-multa-millonaria-garcia-luna-orix\/#breadcrumb","itemListElement":[{"@type":"ListItem","position":1,"name":"Home","item":"https:\/\/noticiasya.com\/"},{"@type":"ListItem","position":2,"name":"Solicitan en EE.UU. cadena perpetua y multa millonaria contra Genaro Garc\u00eda Luna"}]},{"@type":"WebSite","@id":"https:\/\/noticiasya.com\/#website","url":"https:\/\/noticiasya.com\/","name":"Noticias","description":"Lo que importa","publisher":{"@id":"https:\/\/noticiasya.com\/#organization"},"potentialAction":[{"@type":"SearchAction","target":{"@type":"EntryPoint","urlTemplate":"https:\/\/noticiasya.com\/?s={search_term_string}"},"query-input":{"@type":"PropertyValueSpecification","valueRequired":true,"valueName":"search_term_string"}}],"inLanguage":"es"},{"@type":"Organization","@id":"https:\/\/noticiasya.com\/#organization","name":"Noticias","url":"https:\/\/noticiasya.com\/","logo":{"@type":"ImageObject","inLanguage":"es","@id":"https:\/\/noticiasya.com\/#\/schema\/logo\/image\/","url":"https:\/\/noticiasya.com\/wp-content\/uploads\/sites\/22\/2023\/12\/logo-nacional.png","contentUrl":"https:\/\/noticiasya.com\/wp-content\/uploads\/sites\/22\/2023\/12\/logo-nacional.png","width":1801,"height":691,"caption":"Noticias"},"image":{"@id":"https:\/\/noticiasya.com\/#\/schema\/logo\/image\/"}}]}},"parsely":{"version":"1.1.0","canonical_url":"https:\/\/noticiasya.com\/midland-odessa\/2024\/09\/19\/solicitan-ee-uu-cadena-perpetua-multa-millonaria-garcia-luna-orix\/","smart_links":{"inbound":0,"outbound":0},"traffic_boost_suggestions_count":0,"meta":{"@context":"https:\/\/schema.org","@type":"NewsArticle","headline":"Solicitan en EE.UU. cadena perpetua y multa millonaria contra Genaro Garc\u00eda Luna","url":"http:\/\/noticiasya.com\/midland-odessa\/2024\/09\/19\/solicitan-ee-uu-cadena-perpetua-multa-millonaria-garcia-luna-orix\/","mainEntityOfPage":{"@type":"WebPage","@id":"http:\/\/noticiasya.com\/midland-odessa\/2024\/09\/19\/solicitan-ee-uu-cadena-perpetua-multa-millonaria-garcia-luna-orix\/"},"thumbnailUrl":"","image":{"@type":"ImageObject","url":""},"articleSection":"Noticias Nacionales","author":[],"creator":[],"publisher":{"@type":"Organization","name":"Noticias","logo":""},"keywords":[],"dateCreated":"2024-09-20T00:03:39Z","datePublished":"2024-09-20T00:03:39Z","dateModified":"2024-09-20T00:03:39Z"},"rendered":"<script type=\"application\/ld+json\" class=\"wp-parsely-metadata\">{\"@context\":\"https:\\\/\\\/schema.org\",\"@type\":\"NewsArticle\",\"headline\":\"Solicitan en EE.UU. cadena perpetua y multa millonaria contra Genaro Garc\\u00eda Luna\",\"url\":\"http:\\\/\\\/noticiasya.com\\\/midland-odessa\\\/2024\\\/09\\\/19\\\/solicitan-ee-uu-cadena-perpetua-multa-millonaria-garcia-luna-orix\\\/\",\"mainEntityOfPage\":{\"@type\":\"WebPage\",\"@id\":\"http:\\\/\\\/noticiasya.com\\\/midland-odessa\\\/2024\\\/09\\\/19\\\/solicitan-ee-uu-cadena-perpetua-multa-millonaria-garcia-luna-orix\\\/\"},\"thumbnailUrl\":\"\",\"image\":{\"@type\":\"ImageObject\",\"url\":\"\"},\"articleSection\":\"Noticias Nacionales\",\"author\":[],\"creator\":[],\"publisher\":{\"@type\":\"Organization\",\"name\":\"Noticias\",\"logo\":\"\"},\"keywords\":[],\"dateCreated\":\"2024-09-20T00:03:39Z\",\"datePublished\":\"2024-09-20T00:03:39Z\",\"dateModified\":\"2024-09-20T00:03:39Z\"}<\/script>","tracker_url":"https:\/\/cdn.parsely.com\/keys\/noticiasya.com\/p.js"},"jetpack_featured_media_url":"","jetpack-related-posts":[{"id":1455189,"url":"https:\/\/noticiasya.com\/midland-odessa\/2024\/10\/17\/condena-genaro-garcia-luna-anios-prision-orix\/","url_meta":{"origin":1452863,"position":0},"title":"Una \u201cdoble vida\u201d y la comparaci\u00f3n con el Chapo Guzm\u00e1n: detr\u00e1s de la condena de Garc\u00eda Luna a m\u00e1s de 38 a\u00f1os de prisi\u00f3n","author":"","date":"octubre 17, 2024","format":false,"excerpt":"(CNN Espa\u00f1ol) -- Cuando el juez Brian Cogan conden\u00f3 al exsecretario de Seguridad P\u00fablica de M\u00e9xico, Genaro Garc\u00eda Luna, a 460 meses de c\u00e1rcel (m\u00e1s de 38 a\u00f1os de prisi\u00f3n), una multa de US$ 2 millones y cinco a\u00f1os de libertad condicional, habl\u00f3 de una \"doble vida\" del exfuncionario mexicano\u2026","rel":"","context":"In &quot;Noticias Nacionales&quot;","block_context":{"text":"Noticias Nacionales","link":"https:\/\/noticiasya.com\/midland-odessa\/categoria\/noticias-nacionales"},"img":{"alt_text":"","src":"","width":0,"height":0},"classes":[]},{"id":1447161,"url":"https:\/\/noticiasya.com\/midland-odessa\/2024\/03\/20\/defensa-genaro-garcia-luna-vuelve-pedir-la-anulacion-veredicto-orix\/","url_meta":{"origin":1452863,"position":1},"title":"La defensa de Genaro Garc\u00eda Luna vuelve a pedir la anulaci\u00f3n del veredicto que lo conden\u00f3","author":"","date":"marzo 20, 2024","format":false,"excerpt":"(CNN Espa\u00f1ol) --\u00a0La defensa de Genaro Garc\u00eda Luna present\u00f3 este martes una nueva moci\u00f3n para insistir que se anule el juicio que conden\u00f3 al exsecretario de Seguridad Ciudadana de M\u00e9xico en Estados Unidos, seg\u00fan los documentos judiciales a los que tuvo acceso CNN.En su solicitud al juez federal Brian Cogan,\u2026","rel":"","context":"In &quot;Noticias Nacionales&quot;","block_context":{"text":"Noticias Nacionales","link":"https:\/\/noticiasya.com\/midland-odessa\/categoria\/noticias-nacionales"},"img":{"alt_text":"","src":"","width":0,"height":0},"classes":[]},{"id":1455121,"url":"https:\/\/noticiasya.com\/midland-odessa\/2024\/10\/15\/genaro-garcia-luna-clemencia-al-juez-antes-sentencia-orix\/","url_meta":{"origin":1452863,"position":2},"title":"Genaro Garc\u00eda Luna pide clemencia al juez un d\u00eda antes de su sentencia","author":"","date":"octubre 15, 2024","format":false,"excerpt":"(CNN Espa\u00f1ol) --\u00a0Genaro Garc\u00eda Luna, secretario de Seguridad P\u00fablica de M\u00e9xico durante la presidencia de Felipe Calder\u00f3n y juzgado en Estados Unidos por cargos de narcotr\u00e1fico y v\u00ednculos con la delincuencia organizada, pidi\u00f3 este martes clemencia al juez Brian Cogan, que dar\u00e1 sentencia de su caso.A un d\u00eda de su\u2026","rel":"","context":"In &quot;Noticias Nacionales&quot;","block_context":{"text":"Noticias Nacionales","link":"https:\/\/noticiasya.com\/midland-odessa\/categoria\/noticias-nacionales"},"img":{"alt_text":"","src":"","width":0,"height":0},"classes":[]},{"id":1455154,"url":"https:\/\/noticiasya.com\/midland-odessa\/2024\/10\/16\/sheinbaum-garcia-luna-reaccion-felipe-calderon-orix\/","url_meta":{"origin":1452863,"position":3},"title":"Sheinbaum dice que espera \u201cla sentencia de Garc\u00eda Luna y la reacci\u00f3n del expresidente Felipe Calder\u00f3n\u201d","author":"","date":"octubre 16, 2024","format":false,"excerpt":"(CNN Espa\u00f1ol) -- La presidenta de M\u00e9xico, Claudia Sheinbaum, en su rueda de prensa matutina del mi\u00e9rcoles expres\u00f3 que la carta que Genaro Garc\u00eda Luna, secretario de Seguridad P\u00fablica durante la presidencia de Felipe Calder\u00f3n y juzgado en Estados Unidos por cargos de narcotr\u00e1fico y v\u00ednculos con la delincuencia organizada,\u2026","rel":"","context":"In &quot;Noticias Nacionales&quot;","block_context":{"text":"Noticias Nacionales","link":"https:\/\/noticiasya.com\/midland-odessa\/categoria\/noticias-nacionales"},"img":{"alt_text":"","src":"","width":0,"height":0},"classes":[]},{"id":1456567,"url":"https:\/\/noticiasya.com\/midland-odessa\/2024\/12\/13\/genaro-garcia-detencion-oklahoma-trax\/","url_meta":{"origin":1452863,"position":4},"title":"Genaro Garc\u00eda Luna est\u00e1 en un centro de detenci\u00f3n en Oklahoma, rumbo a la c\u00e1rcel donde cumplir\u00e1 su condena","author":"","date":"diciembre 13, 2024","format":false,"excerpt":"Genaro Garc\u00eda Luna, secretario de Seguridad P\u00fablica de M\u00e9xico durante la presidencia de Felipe Calder\u00f3n (2006-2012) y quien fue condenado por narcotr\u00e1fico en una corte de Estados Unidos a 38 a\u00f1os de c\u00e1rcel, ha sido trasladado a una prisi\u00f3n de Oklahoma, le dijo este jueves a CNN su abogado, C\u00e9sar\u2026","rel":"","context":"In &quot;Noticias Nacionales&quot;","block_context":{"text":"Noticias Nacionales","link":"https:\/\/noticiasya.com\/midland-odessa\/categoria\/noticias-nacionales"},"img":{"alt_text":"","src":"","width":0,"height":0},"classes":[]},{"id":1452779,"url":"https:\/\/noticiasya.com\/midland-odessa\/2024\/09\/17\/garcia-luna-carta-acuerdo-fiscalia-nueva-york-culpabilidad-politicos-mexicanos-orix\/","url_meta":{"origin":1452863,"position":5},"title":"Garc\u00eda Luna dice que la Fiscal\u00eda de Nueva York le ofreci\u00f3 un acuerdo de culpabilidad a cambio de se\u00f1alar a pol\u00edticos mexicanos, pero no acept\u00f3","author":"","date":"septiembre 17, 2024","format":false,"excerpt":"(CNN Espa\u00f1ol) -- Genaro Garc\u00eda Luna, exsecretario de Seguridad P\u00fablica de M\u00e9xico entre 2006 y 2012, revel\u00f3 que la Fiscal\u00eda de Nueva York le propuso aceptar un acuerdo de culpabilidad que supondr\u00eda pasar en prisi\u00f3n seis meses, obtener beneficios econ\u00f3micos y convertirse en testigo para se\u00f1alar a personas e instituciones\u2026","rel":"","context":"In &quot;Noticias Nacionales&quot;","block_context":{"text":"Noticias Nacionales","link":"https:\/\/noticiasya.com\/midland-odessa\/categoria\/noticias-nacionales"},"img":{"alt_text":"","src":"","width":0,"height":0},"classes":[]}],"jetpack_sharing_enabled":true,"_links":{"self":[{"href":"https:\/\/noticiasya.com\/midland-odessa\/wp-json\/wp\/v2\/posts\/1452863","targetHints":{"allow":["GET"]}}],"collection":[{"href":"https:\/\/noticiasya.com\/midland-odessa\/wp-json\/wp\/v2\/posts"}],"about":[{"href":"https:\/\/noticiasya.com\/midland-odessa\/wp-json\/wp\/v2\/types\/post"}],"replies":[{"embeddable":true,"href":"https:\/\/noticiasya.com\/midland-odessa\/wp-json\/wp\/v2\/comments?post=1452863"}],"version-history":[{"count":0,"href":"https:\/\/noticiasya.com\/midland-odessa\/wp-json\/wp\/v2\/posts\/1452863\/revisions"}],"wp:attachment":[{"href":"https:\/\/noticiasya.com\/midland-odessa\/wp-json\/wp\/v2\/media?parent=1452863"}],"wp:term":[{"taxonomy":"category","embeddable":true,"href":"https:\/\/noticiasya.com\/midland-odessa\/wp-json\/wp\/v2\/categories?post=1452863"},{"taxonomy":"post_tag","embeddable":true,"href":"https:\/\/noticiasya.com\/midland-odessa\/wp-json\/wp\/v2\/tags?post=1452863"}],"curies":[{"name":"wp","href":"https:\/\/api.w.org\/{rel}","templated":true}]}}