{"id":1452864,"date":"2024-09-19T18:03:37","date_gmt":"2024-09-20T01:03:37","guid":{"rendered":"https:\/\/noticiasya.com\/2024\/09\/19\/futbolista-argentino-montiel-abuso-prueba-psicologica-orix\/"},"modified":"2024-09-19T18:03:37","modified_gmt":"2024-09-20T01:03:37","slug":"futbolista-argentino-montiel-abuso-prueba-psicologica-orix","status":"publish","type":"post","link":"https:\/\/noticiasya.com\/midland-odessa\/2024\/09\/19\/futbolista-argentino-montiel-abuso-prueba-psicologica-orix\/","title":{"rendered":"El futbolista argentino Gonzalo Montiel, acusado de abuso sexual agravado, se presenta a una segunda prueba psicol\u00f3gica"},"content":{"rendered":"<p>(CNN Espa\u00f1ol) \u2013\u2013 El futbolista argentino Gonzalo Montiel se someter\u00e1 este viernes a una segunda pericia psicol\u00f3gica ordenada por una fiscal\u00eda especializada en delitos derivados de violencia familiar y de g\u00e9nero en el marco de una denuncia presentada en su contra por una joven por \u201cpresunto abuso sexual con acceso carnal agravado\u201d, le confirm\u00f3 a CNN una fuente con acceso al expediente, que se tramita en la fiscal\u00eda n\u00famero 3 de La Matanza, provincia de Buenos Aires.<\/p>\n<p>Montiel lleg\u00f3 a Buenos Aires este\u00a0 martes para cumplir con una primera prueba psicol\u00f3gica en medio de una expectativa total en el pa\u00eds sudamericano por estar formalmente investigado por la Justicia. El lateral derecho, que juega en el Sevilla de la primera divisi\u00f3n de Espa\u00f1a, cobr\u00f3 el \u00faltimo penal que le dio a Argentina su tercera Copa del Mundo en Qatar 2022 y tambi\u00e9n form\u00f3 parte del plantel que revalid\u00f3 su t\u00edtulo de campe\u00f3n en la reciente edici\u00f3n de la Copa Am\u00e9rica celebrada en Estados Unidos.<\/p>\n<p>Entrevista con Rodrigo De Paul: la renovaci\u00f3n de Argentina, el futuro de Messi y el sue\u00f1o por cumplir con el Atleti<\/p>\n<p>Raquel Hermida Leyenda, representante de la parte querellante, le dijo este jueves a CNN que presentaron varias pruebas que ya constan en el expediente, entre ellas un relato de la v\u00edctima \u201cque es compatible con abuso sexual agravado\u201d, \u201cla existencia de drogas farmacol\u00f3gicas acreditadas por un testigo\u201d, adem\u00e1s de \u201cchats y tel\u00e9fonos\u201d.<\/p>\n<p>Por su parte, Daniel Rubinovich, abogado del futbolista, le dijo a CNN que Montiel es inocente. Al mismo tiempo, agreg\u00f3 que &#171;no hay un solo testigo que haya visto a esta chica con Gonzalo Montiel&#187;. Tambi\u00e9n sostuvo que la denuncia hecha contra Montiel tiene &#171;inconsistencias y contradicciones, todo es un invento&#187;, y aseguraron que su cliente \u201cser\u00e1 sobrese\u00eddo\u201d.<\/p>\n<p>La denuncia alega que los hechos habr\u00edan ocurrido el 1 de enero de 2019, fecha de cumplea\u00f1os de Montiel, quien organiz\u00f3 entonces una fiesta en la casa de su padre en la localidad de Virrey del Pino, provincia de Buenos Aires.<\/p>\n<p>Los letrados del jugador compartieron con CNN este mi\u00e9rcoles un comunicado en el cual se\u00f1alan que aportaron \u201cpruebas contundentes\u201d al proceso que exponen \u201cla ajenidad de Montiel respecto a los hechos que se le imputan\u201d. Y conf\u00edan plenamente en que el proceso judicial en curso arrojar\u00e1 los resultados esperados por ellos.<\/p>\n<p>En otro p\u00e1rrafo del comunicado, la defensa del futbolista del Sevilla sostuvo: &#171;Esta diligencia aporta evidencias que ratificar\u00e1n, tal como se viene demostrando en la causa, la inocencia de Gonzalo Montiel&#187;. &#171;No hay un solo testigo que diga que vio a Gonzalo Montiel con esta chica, ni siquiera hablar&#187;, agreg\u00f3.<\/p>\n<p>\u00bfEs Mauricio Pochettino la soluci\u00f3n para la selecci\u00f3n de Estados Unidos?<\/p>\n<p>En declaraciones dadas a la prensa el martes, la abogada querellante afirm\u00f3 que est\u00e1 convencida de que el juez cerrar\u00e1 en poco tiempo la etapa de instrucci\u00f3n. Adem\u00e1s, se\u00f1al\u00f3 que la primera pericia psicol\u00f3gica y la que se llevar\u00e1 a cabo el viernes forman parte del &#171;proceso final de la investigaci\u00f3n penal preparatoria&#187;. Y consider\u00f3 que &#171;al fiscal no le queda otra que elevar pronto a juicio esta causa\u201d.<\/p>\n<p>Gonzalo Montiel, de 27 a\u00f1os, jug\u00f3 en River Plate entre 2016 y 2021, equipo con el que gan\u00f3 una Copa Libertadores, dos Recopas Sudamericanas, una Liga, tres Copas Argentinas y una Supercopa.<\/p>\n<p>Montiel conquist\u00f3 con el Sevilla una Europa League (2022-2023). Adem\u00e1s del Mundial y las dos ediciones de la Copa Am\u00e9rica, el deportista disput\u00f3 la Finalissima en la que su selecci\u00f3n derrot\u00f3 a Italia en 2022.<\/p>\n<p>The-CNN-Wire<br \/>&trade; &amp; &copy; 2024 Cable News Network, Inc., a Warner Bros. Discovery Company. All rights reserved.<\/p>\n","protected":false},"excerpt":{"rendered":"<p>(CNN Espa\u00f1ol) \u2013\u2013 El futbolista argentino Gonzalo Montiel se someter\u00e1 este viernes a una segunda pericia psicol\u00f3gica ordenada por una fiscal\u00eda especializada en delitos derivados de violencia familiar y de g\u00e9nero en el marco de una denuncia presentada en su contra por una joven por \u201cpresunto abuso sexual con acceso carnal agravado\u201d, le confirm\u00f3 a [&hellip;]<\/p>\n","protected":false},"author":0,"featured_media":0,"comment_status":"open","ping_status":"open","sticky":false,"template":"","format":"standard","meta":{"_jetpack_memberships_contains_paid_content":false,"footnotes":""},"categories":[10],"tags":[],"class_list":["post-1452864","post","type-post","status-publish","format-standard","hentry","category-noticias-nacionales","market-global"],"yoast_head":"<!-- This site is optimized with the Yoast SEO plugin v24.4 - https:\/\/yoast.com\/wordpress\/plugins\/seo\/ -->\n<title>El futbolista argentino Gonzalo Montiel, acusado de abuso sexual agravado, se presenta a una segunda prueba psicol\u00f3gica - Noticias<\/title>\n<meta name=\"robots\" content=\"index, follow, max-snippet:-1, max-image-preview:large, max-video-preview:-1\" \/>\n<link rel=\"canonical\" href=\"https:\/\/noticiasya.com\/2024\/09\/19\/futbolista-argentino-montiel-abuso-prueba-psicologica-orix\/\" \/>\n<meta property=\"og:locale\" content=\"es_ES\" \/>\n<meta property=\"og:type\" content=\"article\" \/>\n<meta property=\"og:title\" content=\"El futbolista argentino Gonzalo Montiel, acusado de abuso sexual agravado, se presenta a una segunda prueba psicol\u00f3gica - Noticias\" \/>\n<meta property=\"og:description\" content=\"(CNN Espa\u00f1ol) \u2013\u2013 El futbolista argentino Gonzalo Montiel se someter\u00e1 este viernes a una segunda pericia psicol\u00f3gica ordenada por una fiscal\u00eda especializada en delitos derivados de violencia familiar y de g\u00e9nero en el marco de una denuncia presentada en su contra por una joven por \u201cpresunto abuso sexual con acceso carnal agravado\u201d, le confirm\u00f3 a [&hellip;]\" \/>\n<meta property=\"og:url\" content=\"https:\/\/noticiasya.com\/2024\/09\/19\/futbolista-argentino-montiel-abuso-prueba-psicologica-orix\/\" \/>\n<meta property=\"og:site_name\" content=\"Noticias\" \/>\n<meta property=\"article:published_time\" content=\"2024-09-20T01:03:37+00:00\" \/>\n<meta name=\"twitter:card\" content=\"summary_large_image\" \/>\n<meta name=\"twitter:label1\" content=\"Est. reading time\" \/>\n\t<meta name=\"twitter:data1\" content=\"3 minutos\" \/>\n<script type=\"application\/ld+json\" class=\"yoast-schema-graph\">{\"@context\":\"https:\/\/schema.org\",\"@graph\":[{\"@type\":\"Article\",\"@id\":\"https:\/\/noticiasya.com\/2024\/09\/19\/futbolista-argentino-montiel-abuso-prueba-psicologica-orix\/#article\",\"isPartOf\":{\"@id\":\"https:\/\/noticiasya.com\/2024\/09\/19\/futbolista-argentino-montiel-abuso-prueba-psicologica-orix\/\"},\"author\":{\"name\":\"\",\"@id\":\"\"},\"headline\":\"El futbolista argentino Gonzalo Montiel, acusado de abuso sexual agravado, se presenta a una segunda prueba psicol\u00f3gica\",\"datePublished\":\"2024-09-20T01:03:37+00:00\",\"mainEntityOfPage\":{\"@id\":\"https:\/\/noticiasya.com\/2024\/09\/19\/futbolista-argentino-montiel-abuso-prueba-psicologica-orix\/\"},\"wordCount\":649,\"commentCount\":0,\"publisher\":{\"@id\":\"https:\/\/noticiasya.com\/#organization\"},\"articleSection\":[\"Noticias Nacionales\"],\"inLanguage\":\"es\",\"potentialAction\":[{\"@type\":\"CommentAction\",\"name\":\"Comment\",\"target\":[\"https:\/\/noticiasya.com\/2024\/09\/19\/futbolista-argentino-montiel-abuso-prueba-psicologica-orix\/#respond\"]}]},{\"@type\":\"WebPage\",\"@id\":\"https:\/\/noticiasya.com\/2024\/09\/19\/futbolista-argentino-montiel-abuso-prueba-psicologica-orix\/\",\"url\":\"https:\/\/noticiasya.com\/2024\/09\/19\/futbolista-argentino-montiel-abuso-prueba-psicologica-orix\/\",\"name\":\"El futbolista argentino Gonzalo Montiel, acusado de abuso sexual agravado, se presenta a una segunda prueba psicol\u00f3gica - Noticias\",\"isPartOf\":{\"@id\":\"https:\/\/noticiasya.com\/#website\"},\"datePublished\":\"2024-09-20T01:03:37+00:00\",\"breadcrumb\":{\"@id\":\"https:\/\/noticiasya.com\/2024\/09\/19\/futbolista-argentino-montiel-abuso-prueba-psicologica-orix\/#breadcrumb\"},\"inLanguage\":\"es\",\"potentialAction\":[{\"@type\":\"ReadAction\",\"target\":[\"https:\/\/noticiasya.com\/2024\/09\/19\/futbolista-argentino-montiel-abuso-prueba-psicologica-orix\/\"]}]},{\"@type\":\"BreadcrumbList\",\"@id\":\"https:\/\/noticiasya.com\/2024\/09\/19\/futbolista-argentino-montiel-abuso-prueba-psicologica-orix\/#breadcrumb\",\"itemListElement\":[{\"@type\":\"ListItem\",\"position\":1,\"name\":\"Home\",\"item\":\"https:\/\/noticiasya.com\/\"},{\"@type\":\"ListItem\",\"position\":2,\"name\":\"El futbolista argentino Gonzalo Montiel, acusado de abuso sexual agravado, se presenta a una segunda prueba psicol\u00f3gica\"}]},{\"@type\":\"WebSite\",\"@id\":\"https:\/\/noticiasya.com\/#website\",\"url\":\"https:\/\/noticiasya.com\/\",\"name\":\"Noticias\",\"description\":\"Lo que importa\",\"publisher\":{\"@id\":\"https:\/\/noticiasya.com\/#organization\"},\"potentialAction\":[{\"@type\":\"SearchAction\",\"target\":{\"@type\":\"EntryPoint\",\"urlTemplate\":\"https:\/\/noticiasya.com\/?s={search_term_string}\"},\"query-input\":{\"@type\":\"PropertyValueSpecification\",\"valueRequired\":true,\"valueName\":\"search_term_string\"}}],\"inLanguage\":\"es\"},{\"@type\":\"Organization\",\"@id\":\"https:\/\/noticiasya.com\/#organization\",\"name\":\"Noticias\",\"url\":\"https:\/\/noticiasya.com\/\",\"logo\":{\"@type\":\"ImageObject\",\"inLanguage\":\"es\",\"@id\":\"https:\/\/noticiasya.com\/#\/schema\/logo\/image\/\",\"url\":\"https:\/\/noticiasya.com\/wp-content\/uploads\/sites\/22\/2023\/12\/logo-nacional.png\",\"contentUrl\":\"https:\/\/noticiasya.com\/wp-content\/uploads\/sites\/22\/2023\/12\/logo-nacional.png\",\"width\":1801,\"height\":691,\"caption\":\"Noticias\"},\"image\":{\"@id\":\"https:\/\/noticiasya.com\/#\/schema\/logo\/image\/\"}}]}<\/script>\n<!-- \/ Yoast SEO plugin. -->","yoast_head_json":{"title":"El futbolista argentino Gonzalo Montiel, acusado de abuso sexual agravado, se presenta a una segunda prueba psicol\u00f3gica - Noticias","robots":{"index":"index","follow":"follow","max-snippet":"max-snippet:-1","max-image-preview":"max-image-preview:large","max-video-preview":"max-video-preview:-1"},"canonical":"https:\/\/noticiasya.com\/2024\/09\/19\/futbolista-argentino-montiel-abuso-prueba-psicologica-orix\/","og_locale":"es_ES","og_type":"article","og_title":"El futbolista argentino Gonzalo Montiel, acusado de abuso sexual agravado, se presenta a una segunda prueba psicol\u00f3gica - Noticias","og_description":"(CNN Espa\u00f1ol) \u2013\u2013 El futbolista argentino Gonzalo Montiel se someter\u00e1 este viernes a una segunda pericia psicol\u00f3gica ordenada por una fiscal\u00eda especializada en delitos derivados de violencia familiar y de g\u00e9nero en el marco de una denuncia presentada en su contra por una joven por \u201cpresunto abuso sexual con acceso carnal agravado\u201d, le confirm\u00f3 a [&hellip;]","og_url":"https:\/\/noticiasya.com\/2024\/09\/19\/futbolista-argentino-montiel-abuso-prueba-psicologica-orix\/","og_site_name":"Noticias","article_published_time":"2024-09-20T01:03:37+00:00","twitter_card":"summary_large_image","twitter_misc":{"Est. reading time":"3 minutos"},"schema":{"@context":"https:\/\/schema.org","@graph":[{"@type":"Article","@id":"https:\/\/noticiasya.com\/2024\/09\/19\/futbolista-argentino-montiel-abuso-prueba-psicologica-orix\/#article","isPartOf":{"@id":"https:\/\/noticiasya.com\/2024\/09\/19\/futbolista-argentino-montiel-abuso-prueba-psicologica-orix\/"},"author":{"name":"","@id":""},"headline":"El futbolista argentino Gonzalo Montiel, acusado de abuso sexual agravado, se presenta a una segunda prueba psicol\u00f3gica","datePublished":"2024-09-20T01:03:37+00:00","mainEntityOfPage":{"@id":"https:\/\/noticiasya.com\/2024\/09\/19\/futbolista-argentino-montiel-abuso-prueba-psicologica-orix\/"},"wordCount":649,"commentCount":0,"publisher":{"@id":"https:\/\/noticiasya.com\/#organization"},"articleSection":["Noticias Nacionales"],"inLanguage":"es","potentialAction":[{"@type":"CommentAction","name":"Comment","target":["https:\/\/noticiasya.com\/2024\/09\/19\/futbolista-argentino-montiel-abuso-prueba-psicologica-orix\/#respond"]}]},{"@type":"WebPage","@id":"https:\/\/noticiasya.com\/2024\/09\/19\/futbolista-argentino-montiel-abuso-prueba-psicologica-orix\/","url":"https:\/\/noticiasya.com\/2024\/09\/19\/futbolista-argentino-montiel-abuso-prueba-psicologica-orix\/","name":"El futbolista argentino Gonzalo Montiel, acusado de abuso sexual agravado, se presenta a una segunda prueba psicol\u00f3gica - Noticias","isPartOf":{"@id":"https:\/\/noticiasya.com\/#website"},"datePublished":"2024-09-20T01:03:37+00:00","breadcrumb":{"@id":"https:\/\/noticiasya.com\/2024\/09\/19\/futbolista-argentino-montiel-abuso-prueba-psicologica-orix\/#breadcrumb"},"inLanguage":"es","potentialAction":[{"@type":"ReadAction","target":["https:\/\/noticiasya.com\/2024\/09\/19\/futbolista-argentino-montiel-abuso-prueba-psicologica-orix\/"]}]},{"@type":"BreadcrumbList","@id":"https:\/\/noticiasya.com\/2024\/09\/19\/futbolista-argentino-montiel-abuso-prueba-psicologica-orix\/#breadcrumb","itemListElement":[{"@type":"ListItem","position":1,"name":"Home","item":"https:\/\/noticiasya.com\/"},{"@type":"ListItem","position":2,"name":"El futbolista argentino Gonzalo Montiel, acusado de abuso sexual agravado, se presenta a una segunda prueba psicol\u00f3gica"}]},{"@type":"WebSite","@id":"https:\/\/noticiasya.com\/#website","url":"https:\/\/noticiasya.com\/","name":"Noticias","description":"Lo que importa","publisher":{"@id":"https:\/\/noticiasya.com\/#organization"},"potentialAction":[{"@type":"SearchAction","target":{"@type":"EntryPoint","urlTemplate":"https:\/\/noticiasya.com\/?s={search_term_string}"},"query-input":{"@type":"PropertyValueSpecification","valueRequired":true,"valueName":"search_term_string"}}],"inLanguage":"es"},{"@type":"Organization","@id":"https:\/\/noticiasya.com\/#organization","name":"Noticias","url":"https:\/\/noticiasya.com\/","logo":{"@type":"ImageObject","inLanguage":"es","@id":"https:\/\/noticiasya.com\/#\/schema\/logo\/image\/","url":"https:\/\/noticiasya.com\/wp-content\/uploads\/sites\/22\/2023\/12\/logo-nacional.png","contentUrl":"https:\/\/noticiasya.com\/wp-content\/uploads\/sites\/22\/2023\/12\/logo-nacional.png","width":1801,"height":691,"caption":"Noticias"},"image":{"@id":"https:\/\/noticiasya.com\/#\/schema\/logo\/image\/"}}]}},"parsely":{"version":"1.1.0","canonical_url":"https:\/\/noticiasya.com\/midland-odessa\/2024\/09\/19\/futbolista-argentino-montiel-abuso-prueba-psicologica-orix\/","smart_links":{"inbound":0,"outbound":0},"traffic_boost_suggestions_count":0,"meta":{"@context":"https:\/\/schema.org","@type":"NewsArticle","headline":"El futbolista argentino Gonzalo Montiel, acusado de abuso sexual agravado, se presenta a una segunda prueba psicol\u00f3gica","url":"http:\/\/noticiasya.com\/midland-odessa\/2024\/09\/19\/futbolista-argentino-montiel-abuso-prueba-psicologica-orix\/","mainEntityOfPage":{"@type":"WebPage","@id":"http:\/\/noticiasya.com\/midland-odessa\/2024\/09\/19\/futbolista-argentino-montiel-abuso-prueba-psicologica-orix\/"},"thumbnailUrl":"","image":{"@type":"ImageObject","url":""},"articleSection":"Noticias Nacionales","author":[],"creator":[],"publisher":{"@type":"Organization","name":"Noticias","logo":""},"keywords":[],"dateCreated":"2024-09-20T01:03:37Z","datePublished":"2024-09-20T01:03:37Z","dateModified":"2024-09-20T01:03:37Z"},"rendered":"<script type=\"application\/ld+json\" class=\"wp-parsely-metadata\">{\"@context\":\"https:\\\/\\\/schema.org\",\"@type\":\"NewsArticle\",\"headline\":\"El futbolista argentino Gonzalo Montiel, acusado de abuso sexual agravado, se presenta a una segunda prueba psicol\\u00f3gica\",\"url\":\"http:\\\/\\\/noticiasya.com\\\/midland-odessa\\\/2024\\\/09\\\/19\\\/futbolista-argentino-montiel-abuso-prueba-psicologica-orix\\\/\",\"mainEntityOfPage\":{\"@type\":\"WebPage\",\"@id\":\"http:\\\/\\\/noticiasya.com\\\/midland-odessa\\\/2024\\\/09\\\/19\\\/futbolista-argentino-montiel-abuso-prueba-psicologica-orix\\\/\"},\"thumbnailUrl\":\"\",\"image\":{\"@type\":\"ImageObject\",\"url\":\"\"},\"articleSection\":\"Noticias Nacionales\",\"author\":[],\"creator\":[],\"publisher\":{\"@type\":\"Organization\",\"name\":\"Noticias\",\"logo\":\"\"},\"keywords\":[],\"dateCreated\":\"2024-09-20T01:03:37Z\",\"datePublished\":\"2024-09-20T01:03:37Z\",\"dateModified\":\"2024-09-20T01:03:37Z\"}<\/script>","tracker_url":"https:\/\/cdn.parsely.com\/keys\/noticiasya.com\/p.js"},"jetpack_featured_media_url":"","jetpack-related-posts":[{"id":1467213,"url":"https:\/\/noticiasya.com\/midland-odessa\/2025\/10\/08\/condena-intento-asesinato-cristina-fernandez-kirchner-orix\/","url_meta":{"origin":1452864,"position":0},"title":"Condenan a quienes intentaron asesinar a Cristina Fern\u00e1ndez de Kirchner en Argentina","author":"","date":"octubre 8, 2025","format":false,"excerpt":"Un juzgado argentino conden\u00f3 este mi\u00e9rcoles a los autores del intento de asesinato de la expresidenta Cristina Fern\u00e1ndez, ocurrido en septiembre de 2022, tras m\u00e1s de un a\u00f1o de juicio.El fallo del Tribunal Oral Federal N\u00b0 6 fij\u00f3 una pena de 10 a\u00f1os a Fernando Sabag Montiel, de 37 a\u00f1os,\u2026","rel":"","context":"In &quot;Noticias Nacionales&quot;","block_context":{"text":"Noticias Nacionales","link":"https:\/\/noticiasya.com\/midland-odessa\/categoria\/noticias-nacionales"},"img":{"alt_text":"","src":"","width":0,"height":0},"classes":[]},{"id":1460655,"url":"https:\/\/noticiasya.com\/midland-odessa\/2025\/03\/31\/caso-cuauhtemoc-blanco-futbolista-politico-acusaciones-abuso-sexual-orix\/","url_meta":{"origin":1452864,"position":1},"title":"El pol\u00e9mico caso de Cuauht\u00e9moc Blanco, futbolista mexicano que pas\u00f3 a la pol\u00edtica y enfrenta acusaciones de abuso sexual","author":"","date":"marzo 31, 2025","format":false,"excerpt":"Cuauht\u00e9moc Blanco se retir\u00f3 hace casi diez a\u00f1os de las canchas como uno de los \u00eddolos m\u00e1s grandes del f\u00fatbol mexicano. Hoy, en su nueva faceta como pol\u00edtico, el exjugador y uno de los referentes hist\u00f3ricos del Club Am\u00e9rica est\u00e1 envuelto en controversias por una denuncia de abuso sexual que\u2026","rel":"","context":"In &quot;Noticias Nacionales&quot;","block_context":{"text":"Noticias Nacionales","link":"https:\/\/noticiasya.com\/midland-odessa\/categoria\/noticias-nacionales"},"img":{"alt_text":"","src":"","width":0,"height":0},"classes":[]},{"id":1450718,"url":"https:\/\/noticiasya.com\/midland-odessa\/2024\/06\/26\/empieza-juicio-oral-intento-asesinato-cristina-fernandez-de-kirchner-orix\/","url_meta":{"origin":1452864,"position":2},"title":"Empieza el juicio oral por el intento de asesinato de Cristina Fern\u00e1ndez de Kirchner: esto fue lo que pas\u00f3","author":"","date":"junio 26, 2024","format":false,"excerpt":"(CNN Espa\u00f1ol) -- Este mi\u00e9rcoles comenz\u00f3 en Argentina el juicio oral por el intento de homicidio contra la expresidenta Cristian Fern\u00e1ndez de Kirchner. Hace casi dos a\u00f1os, el jueves 1 de septiembre de 2022, un hombre se acerc\u00f3 a la entonces vicepresidenta mientras saludaba a sus simpatizantes en la puerta\u2026","rel":"","context":"In &quot;Noticias Nacionales&quot;","block_context":{"text":"Noticias Nacionales","link":"https:\/\/noticiasya.com\/midland-odessa\/categoria\/noticias-nacionales"},"img":{"alt_text":"","src":"","width":0,"height":0},"classes":[]},{"id":1473471,"url":"https:\/\/noticiasya.com\/midland-odessa\/2026\/04\/24\/gianluca-prestianni-sancion-vinicius-junior-orix\/","url_meta":{"origin":1452864,"position":3},"title":"El futbolista argentino Gianluca Prestianni recibe una dura sanci\u00f3n por insultos hom\u00f3fobos contra VIn\u00edcius J\u00fanior","author":"","date":"abril 24, 2026","format":false,"excerpt":"El futbolista argentino Gianluca Prestianni recibi\u00f3 este viernes un castigo severo por parte de la UEFA, por haber empleado t\u00e9rminos homof\u00f3bicos contra el brasile\u00f1o VIn\u00edcius J\u00fanior.El m\u00e1ximo organismo que rige el f\u00fatbol europeo decidi\u00f3 sancionar con seis fechas al futbolista del Benfica y pidi\u00f3 a la FIFA que el castigo\u2026","rel":"","context":"In &quot;Noticias Nacionales&quot;","block_context":{"text":"Noticias Nacionales","link":"https:\/\/noticiasya.com\/midland-odessa\/categoria\/noticias-nacionales"},"img":{"alt_text":"","src":"","width":0,"height":0},"classes":[]},{"id":1451072,"url":"https:\/\/noticiasya.com\/midland-odessa\/2024\/07\/12\/jugadores-rugby-franceses-violacion-argentina-niegan-declarar-orix\/","url_meta":{"origin":1452864,"position":4},"title":"Jugadores de rugby franceses acusados de violaci\u00f3n en Argentina se niegan a declarar ante la justicia, dice la Fiscal\u00eda","author":"","date":"julio 12, 2024","format":false,"excerpt":"(CNN) --\u00a0La Justicia de Mendoza acus\u00f3 de abuso sexual con acceso carnal agravado a dos jugadores de la selecci\u00f3n de rugby de Francia y decidi\u00f3 que permanezcan arrestados.La Unidad Fiscal de Delitos Contra la Integridad Sexual inform\u00f3 en un comunicado la imputaci\u00f3n de Oscar Jegou y Hugo Auradou, detenidos el\u2026","rel":"","context":"In &quot;Noticias Nacionales&quot;","block_context":{"text":"Noticias Nacionales","link":"https:\/\/noticiasya.com\/midland-odessa\/categoria\/noticias-nacionales"},"img":{"alt_text":"","src":"","width":0,"height":0},"classes":[]},{"id":1447266,"url":"https:\/\/noticiasya.com\/midland-odessa\/2024\/03\/22\/fiscalia-espana-apela-orden-libertad-condicional-dani-alves-trax\/","url_meta":{"origin":1452864,"position":5},"title":"Fiscal\u00eda de Espa\u00f1a apela libertad condicional de Dani Alves","author":"","date":"marzo 22, 2024","format":false,"excerpt":"(CNN) --\u00a0La Fiscal\u00eda de Espa\u00f1a present\u00f3 este viernes una apelaci\u00f3n contra una orden judicial que dictamin\u00f3 que el exfutbolista brasile\u00f1o Dani Alves pod\u00eda salir de prisi\u00f3n en libertad condicional con una fianza de US$ 1,08 millones luego de que lo declararan culpable de agresi\u00f3n sexual el mes pasado.El mi\u00e9rcoles, un\u2026","rel":"","context":"In &quot;Noticias Nacionales&quot;","block_context":{"text":"Noticias Nacionales","link":"https:\/\/noticiasya.com\/midland-odessa\/categoria\/noticias-nacionales"},"img":{"alt_text":"","src":"","width":0,"height":0},"classes":[]}],"jetpack_sharing_enabled":true,"_links":{"self":[{"href":"https:\/\/noticiasya.com\/midland-odessa\/wp-json\/wp\/v2\/posts\/1452864","targetHints":{"allow":["GET"]}}],"collection":[{"href":"https:\/\/noticiasya.com\/midland-odessa\/wp-json\/wp\/v2\/posts"}],"about":[{"href":"https:\/\/noticiasya.com\/midland-odessa\/wp-json\/wp\/v2\/types\/post"}],"replies":[{"embeddable":true,"href":"https:\/\/noticiasya.com\/midland-odessa\/wp-json\/wp\/v2\/comments?post=1452864"}],"version-history":[{"count":0,"href":"https:\/\/noticiasya.com\/midland-odessa\/wp-json\/wp\/v2\/posts\/1452864\/revisions"}],"wp:attachment":[{"href":"https:\/\/noticiasya.com\/midland-odessa\/wp-json\/wp\/v2\/media?parent=1452864"}],"wp:term":[{"taxonomy":"category","embeddable":true,"href":"https:\/\/noticiasya.com\/midland-odessa\/wp-json\/wp\/v2\/categories?post=1452864"},{"taxonomy":"post_tag","embeddable":true,"href":"https:\/\/noticiasya.com\/midland-odessa\/wp-json\/wp\/v2\/tags?post=1452864"}],"curies":[{"name":"wp","href":"https:\/\/api.w.org\/{rel}","templated":true}]}}