{"id":1452865,"date":"2024-09-19T19:03:43","date_gmt":"2024-09-20T02:03:43","guid":{"rendered":"https:\/\/noticiasya.com\/2024\/09\/19\/lider-hezbollah-israel-mas-clandestino-trax\/"},"modified":"2024-09-19T19:03:43","modified_gmt":"2024-09-20T02:03:43","slug":"lider-hezbollah-israel-mas-clandestino-trax","status":"publish","type":"post","link":"https:\/\/noticiasya.com\/midland-odessa\/2024\/09\/19\/lider-hezbollah-israel-mas-clandestino-trax\/","title":{"rendered":"AN\u00c1LISIS | El discurso del l\u00edder de Hezbollah muestra indicios de que el grupo se est\u00e1 volviendo cada vez m\u00e1s clandestino"},"content":{"rendered":"<p>Beirut (CNN) \u2013\u2013 Hezbollah est\u00e1 a la defensiva. La primera se\u00f1al de esto fue la ausencia de una reuni\u00f3n p\u00fablica \u2013de la que normalmente participan funcionarios de alto nivel del partido y simpatizantes\u2013 para ver al l\u00edder del grupo combatiente, Hassan Nasrallah, pronunciar un discurso televisado este jueves.<\/p>\n<p>La segunda se\u00f1al fue que el discurso de Nasrallah \u2013el primero desde que dos oleadas de ataques detonaran miles de dispositivos inal\u00e1mbricos de Hezbollah a principios de esta semana\u2013 muy posiblemente fue grabado con antelaci\u00f3n.<\/p>\n<p>L\u00edder de Hezbollah: &#171;El d\u00eda para ajustar cuentas llegar\u00e1&#187;<\/p>\n<p>El l\u00edder del poderoso grupo combatiente no ha pronunciado un discurso en persona desde el inicio de la \u00faltima guerra total del L\u00edbano con Israel en 2006, pero a menudo se esfuerza por demostrar que sus emisiones se transmiten en vivo. En su discurso del mes pasado, por ejemplo, Nasrallah hizo referencia a dos explosiones s\u00f3nicas causadas por aviones israel\u00edes que hab\u00edan roto la barrera del sonido sobre Beirut. Esto ocurri\u00f3 en los segundos previos al inicio de su discurso.<\/p>\n<p>El discurso del jueves fue anunciado como una transmisi\u00f3n en vivo, pero el p\u00fablico tuvo dudas a los 20 minutos, cuando Israel lanz\u00f3 bengalas sobre la capital libanesa y provoc\u00f3 que las ventanas temblaran con una nueva oleada de explosiones s\u00f3nicas. El rugido reson\u00f3 por toda la ciudad, pero el l\u00edder militante con base en Beirut no se inmut\u00f3 ni hizo referencia al incidente durante su discurso.<\/p>\n<p>Los aviones de combate israel\u00edes parec\u00edan tener la intenci\u00f3n de subrayar uno de los logros de los ataques del martes y mi\u00e9rcoles a los dispositivos inal\u00e1mbricos de Hezbollah: que el grupo se hab\u00eda visto obligado a esconderse a\u00fan m\u00e1s en la clandestinidad.<\/p>\n<p>\u201cSin duda, hemos sufrido un duro golpe\u201d, afirm\u00f3 Nasrallah en su discurso del jueves. \u201cNo tiene precedentes en la historia de la resistencia en el L\u00edbano, al menos, ni en la historia del L\u00edbano, y puede que no tenga precedentes en la historia del conflicto con el enemigo israel\u00ed en toda la regi\u00f3n\u201d.<\/p>\n<p>Esta semana, miles de peque\u00f1as explosiones arrasaron los bolsillos y las casas de miembros de Hezbollah, el martes contra buscapersonas y el mi\u00e9rcoles contra walkie-talkies; en total, las explosiones mataron al menos a 37 personas, incluidos algunos ni\u00f1os, e hirieron a casi 3.000. El ataque, dist\u00f3pico en su estilo y escala, tom\u00f3 por sorpresa al grupo que hab\u00eda optado por tecnolog\u00edas anal\u00f3gicas despu\u00e9s de renunciar a los tel\u00e9fonos celulares para evitar la infiltraci\u00f3n israel\u00ed.<\/p>\n<p>Nasrallah prometi\u00f3 un \u201cajuste de cuentas\u201d, pero no dio muchos detalles. El ataque \u201cse enfrentar\u00e1 con un ajuste de cuentas y un castigo justo, de la manera que ellos esperan y de la que no esperan tambi\u00e9n\u201d, afirm\u00f3.<\/p>\n<p>Pero continu\u00f3 con un tono inconfundiblemente moderado: \u201cSin embargo, debido a que esta batalla fue llevada a cabo por caras invisibles, deben permitirme cambiar mi estilo\u201d, dijo.<\/p>\n<p>\u201cEl momento de la verdad llegar\u00e1. Su naturaleza, su alcance, cu\u00e1ndo y d\u00f3nde\u2026 eso es algo que definitivamente nos reservamos para nosotros\u201d, a\u00f1adi\u00f3. \u201cDentro del c\u00edrculo m\u00e1s cerrado, incluso dentro de nosotros mismos, porque estamos en la parte m\u00e1s precisa, sensible y profundamente significativa de la batalla\u201d.<\/p>\n<p>La gente se re\u00fane afuera del Centro M\u00e9dico de la Universidad Americana de Beirut luego de que m\u00e1s de 1.000 personas resultaron heridas cuando los buscapersonas que usan para comunicarse explotaron en Beirut, L\u00edbano, el 17 de septiembre. Cr\u00e9dito: Mohamed Azakir\/Reuters.<\/p>\n<p>Nasrallah intent\u00f3 reforzar el discurso sobrio y elogi\u00f3 lo que describi\u00f3 como ganancias estrat\u00e9gicas de casi un a\u00f1o de enfrentamientos con las fuerzas israel\u00edes en la frontera entre L\u00edbano e Israel. Tambi\u00e9n prometi\u00f3 seguir atacando posiciones israel\u00edes hasta que termine la ofensiva de Israel en Gaza.<\/p>\n<p>\u201cLlevamos 11 meses diciendo esto, puede que nos estemos repitiendo, pero esta declaraci\u00f3n llega despu\u00e9s de estos dos grandes golpes, despu\u00e9s de todos estos m\u00e1rtires, heridas y dolor\u201d, afirm\u00f3 Nasrallah. \u201cLo digo claramente: sin importar los sacrificios, las consecuencias o las posibilidades futuras, la resistencia en el L\u00edbano no dejar\u00e1 de apoyar a Gaza\u201d.<\/p>\n<p>\u00bfQu\u00e9 armas tiene Hezbollah? Una gu\u00eda visual<\/p>\n<p>En respuesta a las amenazas israel\u00edes de crear una zona de seguridad en la frontera sur del L\u00edbano, Nasrallah adopt\u00f3 un tono desafiante, \u201cdando la bienvenida\u201d a las tropas israel\u00edes en el territorio donde dijo que los combatientes de Hezbollah aprovechar\u00edan r\u00e1pidamente la oportunidad para atacarlos.<\/p>\n<p>Mientras tanto, en el L\u00edbano, la gente sigue recuper\u00e1ndose de los ataques que abrumaron a los hospitales con personas heridas, en su mayor\u00eda con heridas profundas en los ojos y la cara.<\/p>\n<p>Es probable que Hezbollah se retraiga a\u00fan m\u00e1s a la sombra y se reagrupe en torno a sus m\u00e9todos. Durante la guerra de 2006, el canal de televisi\u00f3n Al-Manar, del grupo combatiente, estuvo al aire durante los 34 d\u00edas que dur\u00f3 el conflicto, a pesar de la dura campa\u00f1a de bombardeos de Israel.<\/p>\n<p>Las transmisiones en vivo han sido aclamadas desde hace mucho tiempo por Hezbollah como un s\u00edmbolo de desaf\u00edo contra el largo brazo del software esp\u00eda israel\u00ed, y su capacidad para seguir transmitiendo contra viento y marea ha sido un motivo de orgullo para el grupo, lo que le otorga una cualidad m\u00edtica entre sus electores libaneses e incluso entre algunos de sus detractores.<\/p>\n<p>Pero los ataques de esta semana a dispositivos inal\u00e1mbricos han roto ese aura. Hezbollah \u2013cuyo nombre literalmente significa Partido de Dios\u2013 se ha visto sacudido y obligado a enfrentarse a la nueva realidad de que est\u00e1 m\u00e1s expuesto de lo que jam\u00e1s crey\u00f3 estar.<\/p>\n<p>The-CNN-Wire<br \/>&trade; &amp; &copy; 2024 Cable News Network, Inc., a Warner Bros. Discovery Company. All rights reserved.<\/p>\n","protected":false},"excerpt":{"rendered":"<p>Beirut (CNN) \u2013\u2013 Hezbollah est\u00e1 a la defensiva. La primera se\u00f1al de esto fue la ausencia de una reuni\u00f3n p\u00fablica \u2013de la que normalmente participan funcionarios de alto nivel del partido y simpatizantes\u2013 para ver al l\u00edder del grupo combatiente, Hassan Nasrallah, pronunciar un discurso televisado este jueves. La segunda se\u00f1al fue que el discurso [&hellip;]<\/p>\n","protected":false},"author":0,"featured_media":0,"comment_status":"open","ping_status":"open","sticky":false,"template":"","format":"standard","meta":{"_jetpack_memberships_contains_paid_content":false,"footnotes":""},"categories":[10],"tags":[],"class_list":["post-1452865","post","type-post","status-publish","format-standard","hentry","category-noticias-nacionales","market-global"],"yoast_head":"<!-- This site is optimized with the Yoast SEO plugin v24.4 - https:\/\/yoast.com\/wordpress\/plugins\/seo\/ -->\n<title>AN\u00c1LISIS | El discurso del l\u00edder de Hezbollah muestra indicios de que el grupo se est\u00e1 volviendo cada vez m\u00e1s clandestino - Noticias<\/title>\n<meta name=\"robots\" content=\"index, follow, max-snippet:-1, max-image-preview:large, max-video-preview:-1\" \/>\n<link rel=\"canonical\" href=\"https:\/\/noticiasya.com\/2024\/09\/19\/lider-hezbollah-israel-mas-clandestino-trax\/\" \/>\n<meta property=\"og:locale\" content=\"es_ES\" \/>\n<meta property=\"og:type\" content=\"article\" \/>\n<meta property=\"og:title\" content=\"AN\u00c1LISIS | El discurso del l\u00edder de Hezbollah muestra indicios de que el grupo se est\u00e1 volviendo cada vez m\u00e1s clandestino - Noticias\" \/>\n<meta property=\"og:description\" content=\"Beirut (CNN) \u2013\u2013 Hezbollah est\u00e1 a la defensiva. La primera se\u00f1al de esto fue la ausencia de una reuni\u00f3n p\u00fablica \u2013de la que normalmente participan funcionarios de alto nivel del partido y simpatizantes\u2013 para ver al l\u00edder del grupo combatiente, Hassan Nasrallah, pronunciar un discurso televisado este jueves. La segunda se\u00f1al fue que el discurso [&hellip;]\" \/>\n<meta property=\"og:url\" content=\"https:\/\/noticiasya.com\/2024\/09\/19\/lider-hezbollah-israel-mas-clandestino-trax\/\" \/>\n<meta property=\"og:site_name\" content=\"Noticias\" \/>\n<meta property=\"article:published_time\" content=\"2024-09-20T02:03:43+00:00\" \/>\n<meta name=\"twitter:card\" content=\"summary_large_image\" \/>\n<meta name=\"twitter:label1\" content=\"Est. reading time\" \/>\n\t<meta name=\"twitter:data1\" content=\"5 minutos\" \/>\n<script type=\"application\/ld+json\" class=\"yoast-schema-graph\">{\"@context\":\"https:\/\/schema.org\",\"@graph\":[{\"@type\":\"Article\",\"@id\":\"https:\/\/noticiasya.com\/2024\/09\/19\/lider-hezbollah-israel-mas-clandestino-trax\/#article\",\"isPartOf\":{\"@id\":\"https:\/\/noticiasya.com\/2024\/09\/19\/lider-hezbollah-israel-mas-clandestino-trax\/\"},\"author\":{\"name\":\"\",\"@id\":\"\"},\"headline\":\"AN\u00c1LISIS | El discurso del l\u00edder de Hezbollah muestra indicios de que el grupo se est\u00e1 volviendo cada vez m\u00e1s clandestino\",\"datePublished\":\"2024-09-20T02:03:43+00:00\",\"mainEntityOfPage\":{\"@id\":\"https:\/\/noticiasya.com\/2024\/09\/19\/lider-hezbollah-israel-mas-clandestino-trax\/\"},\"wordCount\":1020,\"commentCount\":0,\"publisher\":{\"@id\":\"https:\/\/noticiasya.com\/#organization\"},\"articleSection\":[\"Noticias Nacionales\"],\"inLanguage\":\"es\",\"potentialAction\":[{\"@type\":\"CommentAction\",\"name\":\"Comment\",\"target\":[\"https:\/\/noticiasya.com\/2024\/09\/19\/lider-hezbollah-israel-mas-clandestino-trax\/#respond\"]}]},{\"@type\":\"WebPage\",\"@id\":\"https:\/\/noticiasya.com\/2024\/09\/19\/lider-hezbollah-israel-mas-clandestino-trax\/\",\"url\":\"https:\/\/noticiasya.com\/2024\/09\/19\/lider-hezbollah-israel-mas-clandestino-trax\/\",\"name\":\"AN\u00c1LISIS | El discurso del l\u00edder de Hezbollah muestra indicios de que el grupo se est\u00e1 volviendo cada vez m\u00e1s clandestino - Noticias\",\"isPartOf\":{\"@id\":\"https:\/\/noticiasya.com\/#website\"},\"datePublished\":\"2024-09-20T02:03:43+00:00\",\"breadcrumb\":{\"@id\":\"https:\/\/noticiasya.com\/2024\/09\/19\/lider-hezbollah-israel-mas-clandestino-trax\/#breadcrumb\"},\"inLanguage\":\"es\",\"potentialAction\":[{\"@type\":\"ReadAction\",\"target\":[\"https:\/\/noticiasya.com\/2024\/09\/19\/lider-hezbollah-israel-mas-clandestino-trax\/\"]}]},{\"@type\":\"BreadcrumbList\",\"@id\":\"https:\/\/noticiasya.com\/2024\/09\/19\/lider-hezbollah-israel-mas-clandestino-trax\/#breadcrumb\",\"itemListElement\":[{\"@type\":\"ListItem\",\"position\":1,\"name\":\"Home\",\"item\":\"https:\/\/noticiasya.com\/\"},{\"@type\":\"ListItem\",\"position\":2,\"name\":\"AN\u00c1LISIS | El discurso del l\u00edder de Hezbollah muestra indicios de que el grupo se est\u00e1 volviendo cada vez m\u00e1s clandestino\"}]},{\"@type\":\"WebSite\",\"@id\":\"https:\/\/noticiasya.com\/#website\",\"url\":\"https:\/\/noticiasya.com\/\",\"name\":\"Noticias\",\"description\":\"Lo que importa\",\"publisher\":{\"@id\":\"https:\/\/noticiasya.com\/#organization\"},\"potentialAction\":[{\"@type\":\"SearchAction\",\"target\":{\"@type\":\"EntryPoint\",\"urlTemplate\":\"https:\/\/noticiasya.com\/?s={search_term_string}\"},\"query-input\":{\"@type\":\"PropertyValueSpecification\",\"valueRequired\":true,\"valueName\":\"search_term_string\"}}],\"inLanguage\":\"es\"},{\"@type\":\"Organization\",\"@id\":\"https:\/\/noticiasya.com\/#organization\",\"name\":\"Noticias\",\"url\":\"https:\/\/noticiasya.com\/\",\"logo\":{\"@type\":\"ImageObject\",\"inLanguage\":\"es\",\"@id\":\"https:\/\/noticiasya.com\/#\/schema\/logo\/image\/\",\"url\":\"https:\/\/noticiasya.com\/wp-content\/uploads\/sites\/22\/2023\/12\/logo-nacional.png\",\"contentUrl\":\"https:\/\/noticiasya.com\/wp-content\/uploads\/sites\/22\/2023\/12\/logo-nacional.png\",\"width\":1801,\"height\":691,\"caption\":\"Noticias\"},\"image\":{\"@id\":\"https:\/\/noticiasya.com\/#\/schema\/logo\/image\/\"}}]}<\/script>\n<!-- \/ Yoast SEO plugin. -->","yoast_head_json":{"title":"AN\u00c1LISIS | El discurso del l\u00edder de Hezbollah muestra indicios de que el grupo se est\u00e1 volviendo cada vez m\u00e1s clandestino - Noticias","robots":{"index":"index","follow":"follow","max-snippet":"max-snippet:-1","max-image-preview":"max-image-preview:large","max-video-preview":"max-video-preview:-1"},"canonical":"https:\/\/noticiasya.com\/2024\/09\/19\/lider-hezbollah-israel-mas-clandestino-trax\/","og_locale":"es_ES","og_type":"article","og_title":"AN\u00c1LISIS | El discurso del l\u00edder de Hezbollah muestra indicios de que el grupo se est\u00e1 volviendo cada vez m\u00e1s clandestino - Noticias","og_description":"Beirut (CNN) \u2013\u2013 Hezbollah est\u00e1 a la defensiva. La primera se\u00f1al de esto fue la ausencia de una reuni\u00f3n p\u00fablica \u2013de la que normalmente participan funcionarios de alto nivel del partido y simpatizantes\u2013 para ver al l\u00edder del grupo combatiente, Hassan Nasrallah, pronunciar un discurso televisado este jueves. La segunda se\u00f1al fue que el discurso [&hellip;]","og_url":"https:\/\/noticiasya.com\/2024\/09\/19\/lider-hezbollah-israel-mas-clandestino-trax\/","og_site_name":"Noticias","article_published_time":"2024-09-20T02:03:43+00:00","twitter_card":"summary_large_image","twitter_misc":{"Est. reading time":"5 minutos"},"schema":{"@context":"https:\/\/schema.org","@graph":[{"@type":"Article","@id":"https:\/\/noticiasya.com\/2024\/09\/19\/lider-hezbollah-israel-mas-clandestino-trax\/#article","isPartOf":{"@id":"https:\/\/noticiasya.com\/2024\/09\/19\/lider-hezbollah-israel-mas-clandestino-trax\/"},"author":{"name":"","@id":""},"headline":"AN\u00c1LISIS | El discurso del l\u00edder de Hezbollah muestra indicios de que el grupo se est\u00e1 volviendo cada vez m\u00e1s clandestino","datePublished":"2024-09-20T02:03:43+00:00","mainEntityOfPage":{"@id":"https:\/\/noticiasya.com\/2024\/09\/19\/lider-hezbollah-israel-mas-clandestino-trax\/"},"wordCount":1020,"commentCount":0,"publisher":{"@id":"https:\/\/noticiasya.com\/#organization"},"articleSection":["Noticias Nacionales"],"inLanguage":"es","potentialAction":[{"@type":"CommentAction","name":"Comment","target":["https:\/\/noticiasya.com\/2024\/09\/19\/lider-hezbollah-israel-mas-clandestino-trax\/#respond"]}]},{"@type":"WebPage","@id":"https:\/\/noticiasya.com\/2024\/09\/19\/lider-hezbollah-israel-mas-clandestino-trax\/","url":"https:\/\/noticiasya.com\/2024\/09\/19\/lider-hezbollah-israel-mas-clandestino-trax\/","name":"AN\u00c1LISIS | El discurso del l\u00edder de Hezbollah muestra indicios de que el grupo se est\u00e1 volviendo cada vez m\u00e1s clandestino - Noticias","isPartOf":{"@id":"https:\/\/noticiasya.com\/#website"},"datePublished":"2024-09-20T02:03:43+00:00","breadcrumb":{"@id":"https:\/\/noticiasya.com\/2024\/09\/19\/lider-hezbollah-israel-mas-clandestino-trax\/#breadcrumb"},"inLanguage":"es","potentialAction":[{"@type":"ReadAction","target":["https:\/\/noticiasya.com\/2024\/09\/19\/lider-hezbollah-israel-mas-clandestino-trax\/"]}]},{"@type":"BreadcrumbList","@id":"https:\/\/noticiasya.com\/2024\/09\/19\/lider-hezbollah-israel-mas-clandestino-trax\/#breadcrumb","itemListElement":[{"@type":"ListItem","position":1,"name":"Home","item":"https:\/\/noticiasya.com\/"},{"@type":"ListItem","position":2,"name":"AN\u00c1LISIS | El discurso del l\u00edder de Hezbollah muestra indicios de que el grupo se est\u00e1 volviendo cada vez m\u00e1s clandestino"}]},{"@type":"WebSite","@id":"https:\/\/noticiasya.com\/#website","url":"https:\/\/noticiasya.com\/","name":"Noticias","description":"Lo que importa","publisher":{"@id":"https:\/\/noticiasya.com\/#organization"},"potentialAction":[{"@type":"SearchAction","target":{"@type":"EntryPoint","urlTemplate":"https:\/\/noticiasya.com\/?s={search_term_string}"},"query-input":{"@type":"PropertyValueSpecification","valueRequired":true,"valueName":"search_term_string"}}],"inLanguage":"es"},{"@type":"Organization","@id":"https:\/\/noticiasya.com\/#organization","name":"Noticias","url":"https:\/\/noticiasya.com\/","logo":{"@type":"ImageObject","inLanguage":"es","@id":"https:\/\/noticiasya.com\/#\/schema\/logo\/image\/","url":"https:\/\/noticiasya.com\/wp-content\/uploads\/sites\/22\/2023\/12\/logo-nacional.png","contentUrl":"https:\/\/noticiasya.com\/wp-content\/uploads\/sites\/22\/2023\/12\/logo-nacional.png","width":1801,"height":691,"caption":"Noticias"},"image":{"@id":"https:\/\/noticiasya.com\/#\/schema\/logo\/image\/"}}]}},"parsely":{"version":"1.1.0","canonical_url":"https:\/\/noticiasya.com\/midland-odessa\/2024\/09\/19\/lider-hezbollah-israel-mas-clandestino-trax\/","smart_links":{"inbound":0,"outbound":0},"traffic_boost_suggestions_count":0,"meta":{"@context":"https:\/\/schema.org","@type":"NewsArticle","headline":"AN\u00c1LISIS | El discurso del l\u00edder de Hezbollah muestra indicios de que el grupo se est\u00e1 volviendo cada vez m\u00e1s clandestino","url":"http:\/\/noticiasya.com\/midland-odessa\/2024\/09\/19\/lider-hezbollah-israel-mas-clandestino-trax\/","mainEntityOfPage":{"@type":"WebPage","@id":"http:\/\/noticiasya.com\/midland-odessa\/2024\/09\/19\/lider-hezbollah-israel-mas-clandestino-trax\/"},"thumbnailUrl":"","image":{"@type":"ImageObject","url":""},"articleSection":"Noticias Nacionales","author":[],"creator":[],"publisher":{"@type":"Organization","name":"Noticias","logo":""},"keywords":[],"dateCreated":"2024-09-20T02:03:43Z","datePublished":"2024-09-20T02:03:43Z","dateModified":"2024-09-20T02:03:43Z"},"rendered":"<script type=\"application\/ld+json\" class=\"wp-parsely-metadata\">{\"@context\":\"https:\\\/\\\/schema.org\",\"@type\":\"NewsArticle\",\"headline\":\"AN\\u00c1LISIS | El discurso del l\\u00edder de Hezbollah muestra indicios de que el grupo se est\\u00e1 volviendo cada vez m\\u00e1s clandestino\",\"url\":\"http:\\\/\\\/noticiasya.com\\\/midland-odessa\\\/2024\\\/09\\\/19\\\/lider-hezbollah-israel-mas-clandestino-trax\\\/\",\"mainEntityOfPage\":{\"@type\":\"WebPage\",\"@id\":\"http:\\\/\\\/noticiasya.com\\\/midland-odessa\\\/2024\\\/09\\\/19\\\/lider-hezbollah-israel-mas-clandestino-trax\\\/\"},\"thumbnailUrl\":\"\",\"image\":{\"@type\":\"ImageObject\",\"url\":\"\"},\"articleSection\":\"Noticias Nacionales\",\"author\":[],\"creator\":[],\"publisher\":{\"@type\":\"Organization\",\"name\":\"Noticias\",\"logo\":\"\"},\"keywords\":[],\"dateCreated\":\"2024-09-20T02:03:43Z\",\"datePublished\":\"2024-09-20T02:03:43Z\",\"dateModified\":\"2024-09-20T02:03:43Z\"}<\/script>","tracker_url":"https:\/\/cdn.parsely.com\/keys\/noticiasya.com\/p.js"},"jetpack_featured_media_url":"","jetpack-related-posts":[{"id":1452844,"url":"https:\/\/noticiasya.com\/midland-odessa\/2024\/09\/19\/discurso-hassan-nasrallah-lider-hezbollah-ataques-libano-israel-trax\/","url_meta":{"origin":1452865,"position":0},"title":"L\u00edder de Hezbollah dice que los mortales ataques en el L\u00edbano cruzaron &#171;todas las l\u00edneas rojas&#187;","author":"","date":"septiembre 19, 2024","format":false,"excerpt":"(CNN) -- El l\u00edder de Hezbollah, Hassan Nasrallah, habl\u00f3 por primera vez desde los ataques de esta semana en el L\u00edbano. El ataque del martes, tras explosiones de buscapersonas, mat\u00f3 a 12 personas y dej\u00f3 miles de heridos. El otro, ocurrido un d\u00eda despu\u00e9s, mat\u00f3 al menos a 25 personas\u2026","rel":"","context":"In &quot;Noticias Nacionales&quot;","block_context":{"text":"Noticias Nacionales","link":"https:\/\/noticiasya.com\/midland-odessa\/categoria\/noticias-nacionales"},"img":{"alt_text":"","src":"","width":0,"height":0},"classes":[]},{"id":1459097,"url":"https:\/\/noticiasya.com\/midland-odessa\/2025\/02\/23\/funeral-lider-hezbollah-nasrallah-trax\/","url_meta":{"origin":1452865,"position":1},"title":"Decenas de miles de personas se unen al funeral del l\u00edder de Hezbollah, Hassan Nasrallah, que mat\u00f3 Israel en un ataque","author":"","date":"febrero 23, 2025","format":false,"excerpt":"Este domingo se realiz\u00f3 el largamente atrasado funeral del l\u00edder de Hezbollah, Hassan Nasrallah, casi cinco meses despu\u00e9s de su muerte en un masivo ataque a\u00e9reo israel\u00ed en los suburbios del sur de Beirut.Hezbollah ha quedado muy mermado por los ataques israel\u00edes y el acto multitudinario pretende ser una demostraci\u00f3n\u2026","rel":"","context":"In &quot;Noticias Nacionales&quot;","block_context":{"text":"Noticias Nacionales","link":"https:\/\/noticiasya.com\/midland-odessa\/categoria\/noticias-nacionales"},"img":{"alt_text":"","src":"","width":0,"height":0},"classes":[]},{"id":1453168,"url":"https:\/\/noticiasya.com\/midland-odessa\/2024\/09\/28\/quien-es-hassan-nasrallah-el-lider-de-hezbollah-beirut-libano-trax\/","url_meta":{"origin":1452865,"position":2},"title":"\u00bfQui\u00e9n es Hassan Nasrallah, el l\u00edder de Hezbollah que Israel afirma haber matado en un ataque a\u00e9reo en Beirut, L\u00edbano?","author":"","date":"septiembre 28, 2024","format":false,"excerpt":"(CNN) -- Hassan Nasrallah, a quien Israel cree haber matado en un ataque en el sur de Beirut, convirti\u00f3 a Hezbollah en una de las fuerzas paramilitares m\u00e1s poderosas de Medio Oriente. Su muerte corona una serie de golpes devastadores para el grupo, que ya se tambalea por la humillaci\u00f3n\u2026","rel":"","context":"In &quot;Noticias Nacionales&quot;","block_context":{"text":"Noticias Nacionales","link":"https:\/\/noticiasya.com\/midland-odessa\/categoria\/noticias-nacionales"},"img":{"alt_text":"","src":"","width":0,"height":0},"classes":[]},{"id":1451635,"url":"https:\/\/noticiasya.com\/midland-odessa\/2024\/08\/06\/lider-hezbollah-grupo-respondera-hacer-esperar-israelies-castigo-trax\/","url_meta":{"origin":1452865,"position":3},"title":"El l\u00edder de Hezbollah afirma que el grupo responder\u00e1, pero que hacer esperar a los israel\u00edes forma parte del &#171;castigo&#187;","author":"","date":"agosto 6, 2024","format":false,"excerpt":"Beirut, L\u00edbano (CNN) -- El l\u00edder de Hezbollah, Hassan Nasrallah, dijo que su grupo responder\u00e1 a Israel \"sin importar las consecuencias\" para vengar el asesinato del m\u00e1ximo comandante del grupo hace una semana, pero mantener a los israel\u00edes esperando es \"parte del castigo\".\"Su gobierno, su ej\u00e9rcito, su sociedad, sus asentamientos\u2026","rel":"","context":"In &quot;Noticias Nacionales&quot;","block_context":{"text":"Noticias Nacionales","link":"https:\/\/noticiasya.com\/midland-odessa\/categoria\/noticias-nacionales"},"img":{"alt_text":"","src":"","width":0,"height":0},"classes":[]},{"id":1452936,"url":"https:\/\/noticiasya.com\/midland-odessa\/2024\/09\/22\/debilitado-hezbollah-batalla-israel-libano-trax\/","url_meta":{"origin":1452865,"position":4},"title":"AN\u00c1LISIS | Debilitado e infiltrado, Hezbollah promete una \u201cbatalla sin l\u00edmites\u201d contra Israel","author":"","date":"septiembre 22, 2024","format":false,"excerpt":"(CNN) \u2013\u2013 Un ataque a\u00e9reo israel\u00ed reduce a escombros un edificio de apartamentos de nueve pisos en un suburbio del sur de Beirut. Un hombre cubierto de polvo se tumba sin vida en los brazos de un escatista. Un cad\u00e1ver en una bolsa pasa r\u00e1pidamente al lado de ambulancias estacionadas\u2026","rel":"","context":"In &quot;Noticias Nacionales&quot;","block_context":{"text":"Noticias Nacionales","link":"https:\/\/noticiasya.com\/midland-odessa\/categoria\/noticias-nacionales"},"img":{"alt_text":"","src":"","width":0,"height":0},"classes":[]},{"id":1460025,"url":"https:\/\/noticiasya.com\/midland-odessa\/2025\/03\/17\/medica-brown-deportada-fotos-lider-hezbollah-trax\/","url_meta":{"origin":1452865,"position":5},"title":"M\u00e9dica de la Universidad de Brown que fue deportada ten\u00eda fotos del fallecido l\u00edder de Hezbollah en su celular","author":"","date":"marzo 17, 2025","format":false,"excerpt":"La Dra. Rasha Alawieh, m\u00e9dica de la Universidad de Brown, fue deportada la semana pasada despu\u00e9s de que agentes del Servicio de Inmigraci\u00f3n y Control de Aduanas (ICE, por sus siglas en ingl\u00e9s) del Aeropuerto Internacional Logan de Boston encontraran fotos del l\u00edder de Hezbollah, Hassan Nasrallah, en su tel\u00e9fono\u2026","rel":"","context":"In &quot;Noticias Nacionales&quot;","block_context":{"text":"Noticias Nacionales","link":"https:\/\/noticiasya.com\/midland-odessa\/categoria\/noticias-nacionales"},"img":{"alt_text":"","src":"","width":0,"height":0},"classes":[]}],"jetpack_sharing_enabled":true,"_links":{"self":[{"href":"https:\/\/noticiasya.com\/midland-odessa\/wp-json\/wp\/v2\/posts\/1452865","targetHints":{"allow":["GET"]}}],"collection":[{"href":"https:\/\/noticiasya.com\/midland-odessa\/wp-json\/wp\/v2\/posts"}],"about":[{"href":"https:\/\/noticiasya.com\/midland-odessa\/wp-json\/wp\/v2\/types\/post"}],"replies":[{"embeddable":true,"href":"https:\/\/noticiasya.com\/midland-odessa\/wp-json\/wp\/v2\/comments?post=1452865"}],"version-history":[{"count":0,"href":"https:\/\/noticiasya.com\/midland-odessa\/wp-json\/wp\/v2\/posts\/1452865\/revisions"}],"wp:attachment":[{"href":"https:\/\/noticiasya.com\/midland-odessa\/wp-json\/wp\/v2\/media?parent=1452865"}],"wp:term":[{"taxonomy":"category","embeddable":true,"href":"https:\/\/noticiasya.com\/midland-odessa\/wp-json\/wp\/v2\/categories?post=1452865"},{"taxonomy":"post_tag","embeddable":true,"href":"https:\/\/noticiasya.com\/midland-odessa\/wp-json\/wp\/v2\/tags?post=1452865"}],"curies":[{"name":"wp","href":"https:\/\/api.w.org\/{rel}","templated":true}]}}