{"id":1452866,"date":"2024-09-19T19:03:43","date_gmt":"2024-09-20T02:03:43","guid":{"rendered":"https:\/\/noticiasya.com\/2024\/09\/19\/muere-tercer-militar-colombiano-ataque-puerto-jordan-orix\/"},"modified":"2024-09-19T19:03:43","modified_gmt":"2024-09-20T02:03:43","slug":"muere-tercer-militar-colombiano-ataque-puerto-jordan-orix","status":"publish","type":"post","link":"https:\/\/noticiasya.com\/midland-odessa\/2024\/09\/19\/muere-tercer-militar-colombiano-ataque-puerto-jordan-orix\/","title":{"rendered":"Muere tercer militar colombiano tras ataque con explosivos en Puerto Jord\u00e1n"},"content":{"rendered":"<p>(CNN Espa\u00f1ol) &#8212; Un tercer militar colombiano muri\u00f3 este jueves a causa de las heridas que sufri\u00f3 por el ataque con explosivos registrado este martes en la base de Puerto Jord\u00e1n, en el departamento de Arauca, inform\u00f3 el Ej\u00e9rcito en su cuenta de X.<\/p>\n<p>El militar fallecido es el sargento viceprimero Fabio Andr\u00e9s Z\u00fa\u00f1iga Burbano, quien se sum\u00f3 a las v\u00edctimas mortales que dej\u00f3 la agresi\u00f3n que el Gobierno atribuye a una facci\u00f3n del grupo armado del Ej\u00e9rcito de Liberaci\u00f3n Nacional (ELN).<\/p>\n<p>Este martes, el Ej\u00e9rcito report\u00f3 que el ataque hab\u00eda dejado dos muertos, los soldados Juli\u00e1n Pati\u00f1o Arango y Bayron Andr\u00e9s Correa Vargas, as\u00ed como 26 heridos que estaban recibiendo atenci\u00f3n m\u00e9dica.<\/p>\n<p>AN\u00c1LISIS | La encrucijada que enfrenta la llamada pol\u00edtica de \u201cpaz total\u201d de Petro en medio de una ola de violencia en Colombia<\/p>\n<p>A lo largo de la semana, estos hechos han sido condenados por diversos funcionarios. El presidente de Colombia, Gustavo Petro, dijo que esta agresi\u00f3n \u201ccierra un proceso de paz\u201d de su gobierno con el ELN.<\/p>\n<p>CNN solicit\u00f3 un comentario sobre este asunto a la Delegaci\u00f3n del ELN que participaba en los di\u00e1logos de paz con el gobierno y est\u00e1 en espera de respuesta.<\/p>\n<p>The-CNN-Wire<br \/>&trade; &amp; &copy; 2024 Cable News Network, Inc., a Warner Bros. Discovery Company. All rights reserved.<\/p>\n","protected":false},"excerpt":{"rendered":"<p>(CNN Espa\u00f1ol) &#8212; Un tercer militar colombiano muri\u00f3 este jueves a causa de las heridas que sufri\u00f3 por el ataque con explosivos registrado este martes en la base de Puerto Jord\u00e1n, en el departamento de Arauca, inform\u00f3 el Ej\u00e9rcito en su cuenta de X. El militar fallecido es el sargento viceprimero Fabio Andr\u00e9s Z\u00fa\u00f1iga Burbano, [&hellip;]<\/p>\n","protected":false},"author":0,"featured_media":0,"comment_status":"open","ping_status":"open","sticky":false,"template":"","format":"standard","meta":{"_jetpack_memberships_contains_paid_content":false,"footnotes":""},"categories":[10],"tags":[],"class_list":["post-1452866","post","type-post","status-publish","format-standard","hentry","category-noticias-nacionales","market-global"],"yoast_head":"<!-- This site is optimized with the Yoast SEO plugin v24.4 - https:\/\/yoast.com\/wordpress\/plugins\/seo\/ -->\n<title>Muere tercer militar colombiano tras ataque con explosivos en Puerto Jord\u00e1n - Noticias<\/title>\n<meta name=\"robots\" content=\"index, follow, max-snippet:-1, max-image-preview:large, max-video-preview:-1\" \/>\n<link rel=\"canonical\" href=\"https:\/\/noticiasya.com\/2024\/09\/19\/muere-tercer-militar-colombiano-ataque-puerto-jordan-orix\/\" \/>\n<meta property=\"og:locale\" content=\"es_ES\" \/>\n<meta property=\"og:type\" content=\"article\" \/>\n<meta property=\"og:title\" content=\"Muere tercer militar colombiano tras ataque con explosivos en Puerto Jord\u00e1n - Noticias\" \/>\n<meta property=\"og:description\" content=\"(CNN Espa\u00f1ol) &#8212; Un tercer militar colombiano muri\u00f3 este jueves a causa de las heridas que sufri\u00f3 por el ataque con explosivos registrado este martes en la base de Puerto Jord\u00e1n, en el departamento de Arauca, inform\u00f3 el Ej\u00e9rcito en su cuenta de X. El militar fallecido es el sargento viceprimero Fabio Andr\u00e9s Z\u00fa\u00f1iga Burbano, [&hellip;]\" \/>\n<meta property=\"og:url\" content=\"https:\/\/noticiasya.com\/2024\/09\/19\/muere-tercer-militar-colombiano-ataque-puerto-jordan-orix\/\" \/>\n<meta property=\"og:site_name\" content=\"Noticias\" \/>\n<meta property=\"article:published_time\" content=\"2024-09-20T02:03:43+00:00\" \/>\n<meta name=\"twitter:card\" content=\"summary_large_image\" \/>\n<meta name=\"twitter:label1\" content=\"Est. reading time\" \/>\n\t<meta name=\"twitter:data1\" content=\"1 minuto\" \/>\n<script type=\"application\/ld+json\" class=\"yoast-schema-graph\">{\"@context\":\"https:\/\/schema.org\",\"@graph\":[{\"@type\":\"Article\",\"@id\":\"https:\/\/noticiasya.com\/2024\/09\/19\/muere-tercer-militar-colombiano-ataque-puerto-jordan-orix\/#article\",\"isPartOf\":{\"@id\":\"https:\/\/noticiasya.com\/2024\/09\/19\/muere-tercer-militar-colombiano-ataque-puerto-jordan-orix\/\"},\"author\":{\"name\":\"\",\"@id\":\"\"},\"headline\":\"Muere tercer militar colombiano tras ataque con explosivos en Puerto Jord\u00e1n\",\"datePublished\":\"2024-09-20T02:03:43+00:00\",\"mainEntityOfPage\":{\"@id\":\"https:\/\/noticiasya.com\/2024\/09\/19\/muere-tercer-militar-colombiano-ataque-puerto-jordan-orix\/\"},\"wordCount\":247,\"commentCount\":0,\"publisher\":{\"@id\":\"https:\/\/noticiasya.com\/#organization\"},\"articleSection\":[\"Noticias Nacionales\"],\"inLanguage\":\"es\",\"potentialAction\":[{\"@type\":\"CommentAction\",\"name\":\"Comment\",\"target\":[\"https:\/\/noticiasya.com\/2024\/09\/19\/muere-tercer-militar-colombiano-ataque-puerto-jordan-orix\/#respond\"]}]},{\"@type\":\"WebPage\",\"@id\":\"https:\/\/noticiasya.com\/2024\/09\/19\/muere-tercer-militar-colombiano-ataque-puerto-jordan-orix\/\",\"url\":\"https:\/\/noticiasya.com\/2024\/09\/19\/muere-tercer-militar-colombiano-ataque-puerto-jordan-orix\/\",\"name\":\"Muere tercer militar colombiano tras ataque con explosivos en Puerto Jord\u00e1n - Noticias\",\"isPartOf\":{\"@id\":\"https:\/\/noticiasya.com\/#website\"},\"datePublished\":\"2024-09-20T02:03:43+00:00\",\"breadcrumb\":{\"@id\":\"https:\/\/noticiasya.com\/2024\/09\/19\/muere-tercer-militar-colombiano-ataque-puerto-jordan-orix\/#breadcrumb\"},\"inLanguage\":\"es\",\"potentialAction\":[{\"@type\":\"ReadAction\",\"target\":[\"https:\/\/noticiasya.com\/2024\/09\/19\/muere-tercer-militar-colombiano-ataque-puerto-jordan-orix\/\"]}]},{\"@type\":\"BreadcrumbList\",\"@id\":\"https:\/\/noticiasya.com\/2024\/09\/19\/muere-tercer-militar-colombiano-ataque-puerto-jordan-orix\/#breadcrumb\",\"itemListElement\":[{\"@type\":\"ListItem\",\"position\":1,\"name\":\"Home\",\"item\":\"https:\/\/noticiasya.com\/\"},{\"@type\":\"ListItem\",\"position\":2,\"name\":\"Muere tercer militar colombiano tras ataque con explosivos en Puerto Jord\u00e1n\"}]},{\"@type\":\"WebSite\",\"@id\":\"https:\/\/noticiasya.com\/#website\",\"url\":\"https:\/\/noticiasya.com\/\",\"name\":\"Noticias\",\"description\":\"Lo que importa\",\"publisher\":{\"@id\":\"https:\/\/noticiasya.com\/#organization\"},\"potentialAction\":[{\"@type\":\"SearchAction\",\"target\":{\"@type\":\"EntryPoint\",\"urlTemplate\":\"https:\/\/noticiasya.com\/?s={search_term_string}\"},\"query-input\":{\"@type\":\"PropertyValueSpecification\",\"valueRequired\":true,\"valueName\":\"search_term_string\"}}],\"inLanguage\":\"es\"},{\"@type\":\"Organization\",\"@id\":\"https:\/\/noticiasya.com\/#organization\",\"name\":\"Noticias\",\"url\":\"https:\/\/noticiasya.com\/\",\"logo\":{\"@type\":\"ImageObject\",\"inLanguage\":\"es\",\"@id\":\"https:\/\/noticiasya.com\/#\/schema\/logo\/image\/\",\"url\":\"https:\/\/noticiasya.com\/wp-content\/uploads\/sites\/22\/2023\/12\/logo-nacional.png\",\"contentUrl\":\"https:\/\/noticiasya.com\/wp-content\/uploads\/sites\/22\/2023\/12\/logo-nacional.png\",\"width\":1801,\"height\":691,\"caption\":\"Noticias\"},\"image\":{\"@id\":\"https:\/\/noticiasya.com\/#\/schema\/logo\/image\/\"}}]}<\/script>\n<!-- \/ Yoast SEO plugin. -->","yoast_head_json":{"title":"Muere tercer militar colombiano tras ataque con explosivos en Puerto Jord\u00e1n - Noticias","robots":{"index":"index","follow":"follow","max-snippet":"max-snippet:-1","max-image-preview":"max-image-preview:large","max-video-preview":"max-video-preview:-1"},"canonical":"https:\/\/noticiasya.com\/2024\/09\/19\/muere-tercer-militar-colombiano-ataque-puerto-jordan-orix\/","og_locale":"es_ES","og_type":"article","og_title":"Muere tercer militar colombiano tras ataque con explosivos en Puerto Jord\u00e1n - Noticias","og_description":"(CNN Espa\u00f1ol) &#8212; Un tercer militar colombiano muri\u00f3 este jueves a causa de las heridas que sufri\u00f3 por el ataque con explosivos registrado este martes en la base de Puerto Jord\u00e1n, en el departamento de Arauca, inform\u00f3 el Ej\u00e9rcito en su cuenta de X. El militar fallecido es el sargento viceprimero Fabio Andr\u00e9s Z\u00fa\u00f1iga Burbano, [&hellip;]","og_url":"https:\/\/noticiasya.com\/2024\/09\/19\/muere-tercer-militar-colombiano-ataque-puerto-jordan-orix\/","og_site_name":"Noticias","article_published_time":"2024-09-20T02:03:43+00:00","twitter_card":"summary_large_image","twitter_misc":{"Est. reading time":"1 minuto"},"schema":{"@context":"https:\/\/schema.org","@graph":[{"@type":"Article","@id":"https:\/\/noticiasya.com\/2024\/09\/19\/muere-tercer-militar-colombiano-ataque-puerto-jordan-orix\/#article","isPartOf":{"@id":"https:\/\/noticiasya.com\/2024\/09\/19\/muere-tercer-militar-colombiano-ataque-puerto-jordan-orix\/"},"author":{"name":"","@id":""},"headline":"Muere tercer militar colombiano tras ataque con explosivos en Puerto Jord\u00e1n","datePublished":"2024-09-20T02:03:43+00:00","mainEntityOfPage":{"@id":"https:\/\/noticiasya.com\/2024\/09\/19\/muere-tercer-militar-colombiano-ataque-puerto-jordan-orix\/"},"wordCount":247,"commentCount":0,"publisher":{"@id":"https:\/\/noticiasya.com\/#organization"},"articleSection":["Noticias Nacionales"],"inLanguage":"es","potentialAction":[{"@type":"CommentAction","name":"Comment","target":["https:\/\/noticiasya.com\/2024\/09\/19\/muere-tercer-militar-colombiano-ataque-puerto-jordan-orix\/#respond"]}]},{"@type":"WebPage","@id":"https:\/\/noticiasya.com\/2024\/09\/19\/muere-tercer-militar-colombiano-ataque-puerto-jordan-orix\/","url":"https:\/\/noticiasya.com\/2024\/09\/19\/muere-tercer-militar-colombiano-ataque-puerto-jordan-orix\/","name":"Muere tercer militar colombiano tras ataque con explosivos en Puerto Jord\u00e1n - Noticias","isPartOf":{"@id":"https:\/\/noticiasya.com\/#website"},"datePublished":"2024-09-20T02:03:43+00:00","breadcrumb":{"@id":"https:\/\/noticiasya.com\/2024\/09\/19\/muere-tercer-militar-colombiano-ataque-puerto-jordan-orix\/#breadcrumb"},"inLanguage":"es","potentialAction":[{"@type":"ReadAction","target":["https:\/\/noticiasya.com\/2024\/09\/19\/muere-tercer-militar-colombiano-ataque-puerto-jordan-orix\/"]}]},{"@type":"BreadcrumbList","@id":"https:\/\/noticiasya.com\/2024\/09\/19\/muere-tercer-militar-colombiano-ataque-puerto-jordan-orix\/#breadcrumb","itemListElement":[{"@type":"ListItem","position":1,"name":"Home","item":"https:\/\/noticiasya.com\/"},{"@type":"ListItem","position":2,"name":"Muere tercer militar colombiano tras ataque con explosivos en Puerto Jord\u00e1n"}]},{"@type":"WebSite","@id":"https:\/\/noticiasya.com\/#website","url":"https:\/\/noticiasya.com\/","name":"Noticias","description":"Lo que importa","publisher":{"@id":"https:\/\/noticiasya.com\/#organization"},"potentialAction":[{"@type":"SearchAction","target":{"@type":"EntryPoint","urlTemplate":"https:\/\/noticiasya.com\/?s={search_term_string}"},"query-input":{"@type":"PropertyValueSpecification","valueRequired":true,"valueName":"search_term_string"}}],"inLanguage":"es"},{"@type":"Organization","@id":"https:\/\/noticiasya.com\/#organization","name":"Noticias","url":"https:\/\/noticiasya.com\/","logo":{"@type":"ImageObject","inLanguage":"es","@id":"https:\/\/noticiasya.com\/#\/schema\/logo\/image\/","url":"https:\/\/noticiasya.com\/wp-content\/uploads\/sites\/22\/2023\/12\/logo-nacional.png","contentUrl":"https:\/\/noticiasya.com\/wp-content\/uploads\/sites\/22\/2023\/12\/logo-nacional.png","width":1801,"height":691,"caption":"Noticias"},"image":{"@id":"https:\/\/noticiasya.com\/#\/schema\/logo\/image\/"}}]}},"parsely":{"version":"1.1.0","canonical_url":"https:\/\/noticiasya.com\/midland-odessa\/2024\/09\/19\/muere-tercer-militar-colombiano-ataque-puerto-jordan-orix\/","smart_links":{"inbound":0,"outbound":0},"traffic_boost_suggestions_count":0,"meta":{"@context":"https:\/\/schema.org","@type":"NewsArticle","headline":"Muere tercer militar colombiano tras ataque con explosivos en Puerto Jord\u00e1n","url":"http:\/\/noticiasya.com\/midland-odessa\/2024\/09\/19\/muere-tercer-militar-colombiano-ataque-puerto-jordan-orix\/","mainEntityOfPage":{"@type":"WebPage","@id":"http:\/\/noticiasya.com\/midland-odessa\/2024\/09\/19\/muere-tercer-militar-colombiano-ataque-puerto-jordan-orix\/"},"thumbnailUrl":"","image":{"@type":"ImageObject","url":""},"articleSection":"Noticias Nacionales","author":[],"creator":[],"publisher":{"@type":"Organization","name":"Noticias","logo":""},"keywords":[],"dateCreated":"2024-09-20T02:03:43Z","datePublished":"2024-09-20T02:03:43Z","dateModified":"2024-09-20T02:03:43Z"},"rendered":"<script type=\"application\/ld+json\" class=\"wp-parsely-metadata\">{\"@context\":\"https:\\\/\\\/schema.org\",\"@type\":\"NewsArticle\",\"headline\":\"Muere tercer militar colombiano tras ataque con explosivos en Puerto Jord\\u00e1n\",\"url\":\"http:\\\/\\\/noticiasya.com\\\/midland-odessa\\\/2024\\\/09\\\/19\\\/muere-tercer-militar-colombiano-ataque-puerto-jordan-orix\\\/\",\"mainEntityOfPage\":{\"@type\":\"WebPage\",\"@id\":\"http:\\\/\\\/noticiasya.com\\\/midland-odessa\\\/2024\\\/09\\\/19\\\/muere-tercer-militar-colombiano-ataque-puerto-jordan-orix\\\/\"},\"thumbnailUrl\":\"\",\"image\":{\"@type\":\"ImageObject\",\"url\":\"\"},\"articleSection\":\"Noticias Nacionales\",\"author\":[],\"creator\":[],\"publisher\":{\"@type\":\"Organization\",\"name\":\"Noticias\",\"logo\":\"\"},\"keywords\":[],\"dateCreated\":\"2024-09-20T02:03:43Z\",\"datePublished\":\"2024-09-20T02:03:43Z\",\"dateModified\":\"2024-09-20T02:03:43Z\"}<\/script>","tracker_url":"https:\/\/cdn.parsely.com\/keys\/noticiasya.com\/p.js"},"jetpack_featured_media_url":"","jetpack-related-posts":[{"id":1452819,"url":"https:\/\/noticiasya.com\/midland-odessa\/2024\/09\/18\/petro-proceso-paz-eln-ataque-colombia-orix\/","url_meta":{"origin":1452866,"position":0},"title":"Petro \u201ccierra proceso de paz\u201d con el ELN tras ataque en Puerto Jord\u00e1n que dej\u00f3 2 soldados muertos y 26 heridos","author":"","date":"septiembre 18, 2024","format":false,"excerpt":"(CNN Espa\u00f1ol) \u2013\u2013 El presidente de Colombia, Gustavo Petro, dijo que se \u201ccierra un proceso de paz\u201d que su Gobierno hasta ahora sosten\u00eda con la guerrilla del Ej\u00e9rcito de Liberaci\u00f3n Nacional (ELN), tras un ataque que este martes dej\u00f3 dos soldados muertos y 26 heridos en el departamento de Arauca.El\u2026","rel":"","context":"In &quot;Noticias Nacionales&quot;","block_context":{"text":"Noticias Nacionales","link":"https:\/\/noticiasya.com\/midland-odessa\/categoria\/noticias-nacionales"},"img":{"alt_text":"","src":"","width":0,"height":0},"classes":[]},{"id":1469426,"url":"https:\/\/noticiasya.com\/midland-odessa\/2025\/12\/19\/ataque-eln-ejercito-muertos-colombia-orix\/","url_meta":{"origin":1452866,"position":1},"title":"Sube a 7 el n\u00famero de muertos tras ataque contra una base del Ej\u00e9rcito de Colombia en el norte del pa\u00eds","author":"","date":"diciembre 19, 2025","format":false,"excerpt":"Siete soldados murieron y otros resultaron heridos este jueves tras un ataque con explosivos contra una base del Ej\u00e9rcito de Colombia en el norte del pa\u00eds, seg\u00fan anunci\u00f3 la Segunda Divisi\u00f3n del Ej\u00e9rcito.El presunto atentado tuvo lugar contra la Base Militar del 27, adscrita al Batall\u00f3n de Infanter\u00eda N\u00famero 14,\u2026","rel":"","context":"In &quot;Noticias Nacionales&quot;","block_context":{"text":"Noticias Nacionales","link":"https:\/\/noticiasya.com\/midland-odessa\/categoria\/noticias-nacionales"},"img":{"alt_text":"","src":"","width":0,"height":0},"classes":[]},{"id":1449612,"url":"https:\/\/noticiasya.com\/midland-odessa\/2024\/05\/20\/petro-nuevo-comandante-ejercito-mayor-despliegue-militar-inseguridad-orix\/","url_meta":{"origin":1452866,"position":2},"title":"Petro nombra a un nuevo comandante del Ej\u00e9rcito mientras busca un mayor despliegue militar contra la inseguridad","author":"","date":"mayo 20, 2024","format":false,"excerpt":"(CNN Espa\u00f1ol) --\u00a0El presidente de Colombia, Gustavo Petro, nombr\u00f3 este lunes al mayor general retirado Luis Emilio Cardozo Santamar\u00eda como nuevo comandante del Ej\u00e9rcito, una decisi\u00f3n con la que el Gobierno busca \u201ccontinuar fortaleciendo la seguridad y defensa de la naci\u00f3n\u201d, inform\u00f3 el Ministerio de Defensa en un comunicado.El nombramiento\u2026","rel":"","context":"In &quot;Noticias Nacionales&quot;","block_context":{"text":"Noticias Nacionales","link":"https:\/\/noticiasya.com\/midland-odessa\/categoria\/noticias-nacionales"},"img":{"alt_text":"","src":"","width":0,"height":0},"classes":[]},{"id":1459830,"url":"https:\/\/noticiasya.com\/midland-odessa\/2025\/03\/12\/militares-mueren-cauca-ataque-farc-orix\/","url_meta":{"origin":1452866,"position":3},"title":"Al menos cinco militares colombianos mueren en el Cauca tras ataque con explosivos atribuido a disidencias de las FARC","author":"","date":"marzo 12, 2025","format":false,"excerpt":"Al menos cinco militares murieron y otros tres resultaron heridos de gravedad tras ser atacados este martes con explosivos en el departamento del Cauca, en el suroeste de Colombia, inform\u00f3 este mi\u00e9rcoles el Ej\u00e9rcito de ese pa\u00eds a trav\u00e9s de un comunicado en el que atribuy\u00f3 el hecho a las\u2026","rel":"","context":"In &quot;Noticias Nacionales&quot;","block_context":{"text":"Noticias Nacionales","link":"https:\/\/noticiasya.com\/midland-odessa\/categoria\/noticias-nacionales"},"img":{"alt_text":"","src":"","width":0,"height":0},"classes":[]},{"id":1456020,"url":"https:\/\/noticiasya.com\/midland-odessa\/2024\/11\/21\/militares-mueren-ataque-eln-antioquia-colombia-orix\/","url_meta":{"origin":1452866,"position":4},"title":"Cinco militares mueren tras un ataque atribuido al ELN en Antioquia, reporta el Ej\u00e9rcito de Colombia","author":"","date":"noviembre 21, 2024","format":false,"excerpt":"(CNN Espa\u00f1ol) -- Cinco militares murieron este jueves despu\u00e9s de un ataque con explosivos atribuido a la guerrilla del Ej\u00e9rcito de Liberaci\u00f3n Nacional (ELN) en el municipio de Anor\u00ed, en el departamento de Antioquia, inform\u00f3 el Ej\u00e9rcito de Colombia en un comunicado.Los uniformados fueron atacados cuando estaban custodiando a un\u2026","rel":"","context":"In &quot;Noticias Nacionales&quot;","block_context":{"text":"Noticias Nacionales","link":"https:\/\/noticiasya.com\/midland-odessa\/categoria\/noticias-nacionales"},"img":{"alt_text":"","src":"","width":0,"height":0},"classes":[]},{"id":1465792,"url":"https:\/\/noticiasya.com\/midland-odessa\/2025\/08\/23\/detienen-3-sospechosas-ataque-base-aerea-militar-efe\/","url_meta":{"origin":1452866,"position":5},"title":"Detienen a 3 personas se\u00f1aladas como sospechosas del ataque cerca de una base a\u00e9rea militar en Colombia","author":"","date":"agosto 23, 2025","format":false,"excerpt":"Un juez legaliz\u00f3 la captura de dos sospechosos de activar los explosivos en el atentado del jueves contra una base a\u00e9rea en la ciudad colombiana de Cali, que dej\u00f3 seis civiles muertos y decenas de heridos mientras un tercer presunto implicado fue arrestado por este ataque, informaron autoridades de Colombia.La\u2026","rel":"","context":"In &quot;Noticias Nacionales&quot;","block_context":{"text":"Noticias Nacionales","link":"https:\/\/noticiasya.com\/midland-odessa\/categoria\/noticias-nacionales"},"img":{"alt_text":"","src":"","width":0,"height":0},"classes":[]}],"jetpack_sharing_enabled":true,"_links":{"self":[{"href":"https:\/\/noticiasya.com\/midland-odessa\/wp-json\/wp\/v2\/posts\/1452866","targetHints":{"allow":["GET"]}}],"collection":[{"href":"https:\/\/noticiasya.com\/midland-odessa\/wp-json\/wp\/v2\/posts"}],"about":[{"href":"https:\/\/noticiasya.com\/midland-odessa\/wp-json\/wp\/v2\/types\/post"}],"replies":[{"embeddable":true,"href":"https:\/\/noticiasya.com\/midland-odessa\/wp-json\/wp\/v2\/comments?post=1452866"}],"version-history":[{"count":0,"href":"https:\/\/noticiasya.com\/midland-odessa\/wp-json\/wp\/v2\/posts\/1452866\/revisions"}],"wp:attachment":[{"href":"https:\/\/noticiasya.com\/midland-odessa\/wp-json\/wp\/v2\/media?parent=1452866"}],"wp:term":[{"taxonomy":"category","embeddable":true,"href":"https:\/\/noticiasya.com\/midland-odessa\/wp-json\/wp\/v2\/categories?post=1452866"},{"taxonomy":"post_tag","embeddable":true,"href":"https:\/\/noticiasya.com\/midland-odessa\/wp-json\/wp\/v2\/tags?post=1452866"}],"curies":[{"name":"wp","href":"https:\/\/api.w.org\/{rel}","templated":true}]}}