{"id":1452879,"date":"2024-09-20T08:03:48","date_gmt":"2024-09-20T15:03:48","guid":{"rendered":"https:\/\/noticiasya.com\/2024\/09\/20\/moda-otono-invierno-2024-ichaso-orix\/"},"modified":"2024-09-20T08:03:48","modified_gmt":"2024-09-20T15:03:48","slug":"moda-otono-invierno-2024-ichaso-orix","status":"publish","type":"post","link":"https:\/\/noticiasya.com\/midland-odessa\/2024\/09\/20\/moda-otono-invierno-2024-ichaso-orix\/","title":{"rendered":"OPINI\u00d3N | La moda de este oto\u00f1o-invierno es feliz, inteligente y con gran estilo"},"content":{"rendered":"<p>Nota del editor:\u00a0Mari Rodr\u00edguez Ichaso ha sido colaboradora de la revista Vanidades durante varias d\u00e9cadas. Especialista en moda, viajes, gastronom\u00eda, arte, arquitectura y entretenimiento. Productora de cine. Columnista de estilo de CNN en Espa\u00f1ol. Las opiniones expresadas en esta columna son exclusivamente suyas. Lee m\u00e1s art\u00edculos de opini\u00f3n en\u00a0cnne.com\/opinion<\/p>\n<p>(CNN Espa\u00f1ol) &#8212; Me alegra comentarles que la moda para la temporada oto\u00f1o 2024-invierno 2025 es inteligente, feliz y pone \u00e9nfasis en estilos y looks muy serenos y tranquilos. \u00a0Le decimos bye, bye a las locuras y extravagancias y preferimos estilos m\u00e1s cl\u00e1sicos y sin tantas complicaciones. \u00a1Lo que el mundo necesita en \u00e9pocas revueltas y dif\u00edciles! Nombres como Ralph Lauren, adem\u00e1s de las nuevas colecciones de dise\u00f1adores de toda la vida como Donna Karan, Norma Kamali, Diane von Furstenberg, Carolina Herrera por Wes Gordon, Michael Kors y la marca de Oscar de la Renta -y en Europa Dior e Yves Saint Laurent- marcan un regreso a lo que yo llamo \u201cuna moda suave, bella y feliz\u201d.<\/p>\n<p>Y esa moda -curiosamente- incluye tendencias interesantes, con gran enfoque en la comodidad, la sostenibilidad y una mezcla de estilos tanto\u00a0vintage\u00a0como m\u00e1s modernos.<\/p>\n<p>Estas son algunas de las principales tendencias que se ver\u00e1n cuando el clima cambie:<\/p>\n<p>El uso de los siempre elegantes tonos tierra, beige y derivados de tonos c\u00e1lidos.\u00a0Los colores tradicionales del oto\u00f1o -marr\u00f3n, terracota, ocre y verde oliva- seguir\u00e1n siendo populares, pero tambi\u00e9n veremos tonos m\u00e1s suaves como el beige, marfil y gris suave que crean combinaciones neutrales y elegantes. Y si te gustan los tonos m\u00e1s alegres y fuertes, el amarillo y el rojo borgo\u00f1a o rojo oscuro lucen preciosos.<\/p>\n<p>Los cortes de ropa -y estilos en capas y mezclando texturas- son un\u00a0look\u00a0muy oto\u00f1al. Tejidos gruesos, lana, terciopelo \u00a1y mucho tweed, como lo usaba Coco Chanel! \u00a0Esta mezcla de tejidos crea atuendos muy confortables y sofisticados, ideales para el clima fresco.<\/p>\n<p>\u00bfY los dise\u00f1os? Se ver\u00e1n muchas piezas\u00a0oversize\u00a0y c\u00f3modas, que crean siluetas amplias y relajadas. Ser\u00e1 una tendencia clave, combinadas con abrigos y su\u00e9teres de gran volumen. Esto refleja una b\u00fasqueda de la comodidad pero sin sacrificar el estilo.<\/p>\n<p>Seguir\u00e1n piezas de inspiraci\u00f3n\u00a0vintage\u00a0que reviven estilos de los 70, 80 y 90. Pantalones anchos de cintura alta, faldas largas, chaquetas de cuero, y estampados muy retro. Podemos llamarlos \u201clooks\u00a0nost\u00e1lgicos\u201d, aunque algunos no son para todas pues lucen demasiado \u201cretro\u201d.<\/p>\n<p>Las mujeres m\u00e1s j\u00f3venes y aquellas preocupadas por el medio ambiente- buscan una moda sostenible. Y cada vez m\u00e1s dise\u00f1adores est\u00e1n adoptando pr\u00e1cticas sostenibles, con m\u00e1s prendas de materiales reciclados, ecol\u00f3gicos y producciones \u00e9ticas.<\/p>\n<p>En cuesti\u00f3n de zapatos, las botas gruesas y los mocasines de ver\u00e1n mucho.\u00a0\u00a0El calzado de oto\u00f1o 2024 se caracterizar\u00e1 por botas de suelas gruesa y mocasines elegantes, que combinan lo pr\u00e1ctico con lo elegante. Tacones medianos y los estilo \u201csling back\u201d, siempre elegantes.<\/p>\n<p>Por supuesto, aunque los tonos neutros predominar\u00e1n tambi\u00e9n habr\u00e1 un n\u00famero de estampados vibrantes, como cuadros, rayas y flores oto\u00f1ales, que a\u00f1adir\u00e1n dinamismo a los estilos.<\/p>\n<p>Y no podemos olvidar los detalles en cuero como chaquetas, faldas o accesorios, que siempre aportan un toque de rebeld\u00eda a la moda Tambi\u00e9n se ver\u00e1n muchas combinaciones de cuero con otros materiales que crean ricos contrastes.<\/p>\n<p>Terminemos con los accesorios, que ser\u00e1n importantes y llamativos. Las bufandas grandes, sombreros de ala ancha, cinturones anchos y bolsos muy estructurados ser\u00e1n los complementos clave para darle car\u00e1cter a los conjuntos. Marcas de moda incluyen Loewe, Loro Piana, Miu Miu, Burberry, Dior, Louis Vuitton, Celine, Hermes, Gucci \u00a1y la cada d\u00eda m\u00e1s cara Chanel!<\/p>\n<p>En resumen, la moda de oto\u00f1o 2024 ofrecer\u00e1 un equilibrio entre lo alegre y tranquilo con lo retro y lo ultramoderno, con un fuerte enfoque en la sostenibilidad, la comodidad y la versatilidad. \u00a1Bravo!<\/p>\n<p>The-CNN-Wire<br \/>&trade; &amp; &copy; 2024 Cable News Network, Inc., a Warner Bros. Discovery Company. All rights reserved.<\/p>\n","protected":false},"excerpt":{"rendered":"<p>Nota del editor:\u00a0Mari Rodr\u00edguez Ichaso ha sido colaboradora de la revista Vanidades durante varias d\u00e9cadas. Especialista en moda, viajes, gastronom\u00eda, arte, arquitectura y entretenimiento. Productora de cine. Columnista de estilo de CNN en Espa\u00f1ol. Las opiniones expresadas en esta columna son exclusivamente suyas. Lee m\u00e1s art\u00edculos de opini\u00f3n en\u00a0cnne.com\/opinion (CNN Espa\u00f1ol) &#8212; Me alegra comentarles [&hellip;]<\/p>\n","protected":false},"author":0,"featured_media":0,"comment_status":"open","ping_status":"open","sticky":false,"template":"","format":"standard","meta":{"_jetpack_memberships_contains_paid_content":false,"footnotes":""},"categories":[10],"tags":[],"class_list":["post-1452879","post","type-post","status-publish","format-standard","hentry","category-noticias-nacionales","market-global"],"yoast_head":"<!-- This site is optimized with the Yoast SEO plugin v24.4 - https:\/\/yoast.com\/wordpress\/plugins\/seo\/ -->\n<title>OPINI\u00d3N | La moda de este oto\u00f1o-invierno es feliz, inteligente y con gran estilo - Noticias<\/title>\n<meta name=\"robots\" content=\"index, follow, max-snippet:-1, max-image-preview:large, max-video-preview:-1\" \/>\n<link rel=\"canonical\" href=\"https:\/\/noticiasya.com\/2024\/09\/20\/moda-otono-invierno-2024-ichaso-orix\/\" \/>\n<meta property=\"og:locale\" content=\"es_ES\" \/>\n<meta property=\"og:type\" content=\"article\" \/>\n<meta property=\"og:title\" content=\"OPINI\u00d3N | La moda de este oto\u00f1o-invierno es feliz, inteligente y con gran estilo - Noticias\" \/>\n<meta property=\"og:description\" content=\"Nota del editor:\u00a0Mari Rodr\u00edguez Ichaso ha sido colaboradora de la revista Vanidades durante varias d\u00e9cadas. Especialista en moda, viajes, gastronom\u00eda, arte, arquitectura y entretenimiento. Productora de cine. Columnista de estilo de CNN en Espa\u00f1ol. Las opiniones expresadas en esta columna son exclusivamente suyas. Lee m\u00e1s art\u00edculos de opini\u00f3n en\u00a0cnne.com\/opinion (CNN Espa\u00f1ol) &#8212; Me alegra comentarles [&hellip;]\" \/>\n<meta property=\"og:url\" content=\"https:\/\/noticiasya.com\/2024\/09\/20\/moda-otono-invierno-2024-ichaso-orix\/\" \/>\n<meta property=\"og:site_name\" content=\"Noticias\" \/>\n<meta property=\"article:published_time\" content=\"2024-09-20T15:03:48+00:00\" \/>\n<meta name=\"twitter:card\" content=\"summary_large_image\" \/>\n<meta name=\"twitter:label1\" content=\"Est. reading time\" \/>\n\t<meta name=\"twitter:data1\" content=\"4 minutos\" \/>\n<script type=\"application\/ld+json\" class=\"yoast-schema-graph\">{\"@context\":\"https:\/\/schema.org\",\"@graph\":[{\"@type\":\"Article\",\"@id\":\"https:\/\/noticiasya.com\/2024\/09\/20\/moda-otono-invierno-2024-ichaso-orix\/#article\",\"isPartOf\":{\"@id\":\"https:\/\/noticiasya.com\/2024\/09\/20\/moda-otono-invierno-2024-ichaso-orix\/\"},\"author\":{\"name\":\"\",\"@id\":\"\"},\"headline\":\"OPINI\u00d3N | La moda de este oto\u00f1o-invierno es feliz, inteligente y con gran estilo\",\"datePublished\":\"2024-09-20T15:03:48+00:00\",\"mainEntityOfPage\":{\"@id\":\"https:\/\/noticiasya.com\/2024\/09\/20\/moda-otono-invierno-2024-ichaso-orix\/\"},\"wordCount\":717,\"commentCount\":0,\"publisher\":{\"@id\":\"https:\/\/noticiasya.com\/#organization\"},\"articleSection\":[\"Noticias Nacionales\"],\"inLanguage\":\"es\",\"potentialAction\":[{\"@type\":\"CommentAction\",\"name\":\"Comment\",\"target\":[\"https:\/\/noticiasya.com\/2024\/09\/20\/moda-otono-invierno-2024-ichaso-orix\/#respond\"]}]},{\"@type\":\"WebPage\",\"@id\":\"https:\/\/noticiasya.com\/2024\/09\/20\/moda-otono-invierno-2024-ichaso-orix\/\",\"url\":\"https:\/\/noticiasya.com\/2024\/09\/20\/moda-otono-invierno-2024-ichaso-orix\/\",\"name\":\"OPINI\u00d3N | La moda de este oto\u00f1o-invierno es feliz, inteligente y con gran estilo - Noticias\",\"isPartOf\":{\"@id\":\"https:\/\/noticiasya.com\/#website\"},\"datePublished\":\"2024-09-20T15:03:48+00:00\",\"breadcrumb\":{\"@id\":\"https:\/\/noticiasya.com\/2024\/09\/20\/moda-otono-invierno-2024-ichaso-orix\/#breadcrumb\"},\"inLanguage\":\"es\",\"potentialAction\":[{\"@type\":\"ReadAction\",\"target\":[\"https:\/\/noticiasya.com\/2024\/09\/20\/moda-otono-invierno-2024-ichaso-orix\/\"]}]},{\"@type\":\"BreadcrumbList\",\"@id\":\"https:\/\/noticiasya.com\/2024\/09\/20\/moda-otono-invierno-2024-ichaso-orix\/#breadcrumb\",\"itemListElement\":[{\"@type\":\"ListItem\",\"position\":1,\"name\":\"Home\",\"item\":\"https:\/\/noticiasya.com\/\"},{\"@type\":\"ListItem\",\"position\":2,\"name\":\"OPINI\u00d3N | La moda de este oto\u00f1o-invierno es feliz, inteligente y con gran estilo\"}]},{\"@type\":\"WebSite\",\"@id\":\"https:\/\/noticiasya.com\/#website\",\"url\":\"https:\/\/noticiasya.com\/\",\"name\":\"Noticias\",\"description\":\"Lo que importa\",\"publisher\":{\"@id\":\"https:\/\/noticiasya.com\/#organization\"},\"potentialAction\":[{\"@type\":\"SearchAction\",\"target\":{\"@type\":\"EntryPoint\",\"urlTemplate\":\"https:\/\/noticiasya.com\/?s={search_term_string}\"},\"query-input\":{\"@type\":\"PropertyValueSpecification\",\"valueRequired\":true,\"valueName\":\"search_term_string\"}}],\"inLanguage\":\"es\"},{\"@type\":\"Organization\",\"@id\":\"https:\/\/noticiasya.com\/#organization\",\"name\":\"Noticias\",\"url\":\"https:\/\/noticiasya.com\/\",\"logo\":{\"@type\":\"ImageObject\",\"inLanguage\":\"es\",\"@id\":\"https:\/\/noticiasya.com\/#\/schema\/logo\/image\/\",\"url\":\"https:\/\/noticiasya.com\/wp-content\/uploads\/sites\/22\/2023\/12\/logo-nacional.png\",\"contentUrl\":\"https:\/\/noticiasya.com\/wp-content\/uploads\/sites\/22\/2023\/12\/logo-nacional.png\",\"width\":1801,\"height\":691,\"caption\":\"Noticias\"},\"image\":{\"@id\":\"https:\/\/noticiasya.com\/#\/schema\/logo\/image\/\"}}]}<\/script>\n<!-- \/ Yoast SEO plugin. -->","yoast_head_json":{"title":"OPINI\u00d3N | La moda de este oto\u00f1o-invierno es feliz, inteligente y con gran estilo - Noticias","robots":{"index":"index","follow":"follow","max-snippet":"max-snippet:-1","max-image-preview":"max-image-preview:large","max-video-preview":"max-video-preview:-1"},"canonical":"https:\/\/noticiasya.com\/2024\/09\/20\/moda-otono-invierno-2024-ichaso-orix\/","og_locale":"es_ES","og_type":"article","og_title":"OPINI\u00d3N | La moda de este oto\u00f1o-invierno es feliz, inteligente y con gran estilo - Noticias","og_description":"Nota del editor:\u00a0Mari Rodr\u00edguez Ichaso ha sido colaboradora de la revista Vanidades durante varias d\u00e9cadas. Especialista en moda, viajes, gastronom\u00eda, arte, arquitectura y entretenimiento. Productora de cine. Columnista de estilo de CNN en Espa\u00f1ol. Las opiniones expresadas en esta columna son exclusivamente suyas. Lee m\u00e1s art\u00edculos de opini\u00f3n en\u00a0cnne.com\/opinion (CNN Espa\u00f1ol) &#8212; Me alegra comentarles [&hellip;]","og_url":"https:\/\/noticiasya.com\/2024\/09\/20\/moda-otono-invierno-2024-ichaso-orix\/","og_site_name":"Noticias","article_published_time":"2024-09-20T15:03:48+00:00","twitter_card":"summary_large_image","twitter_misc":{"Est. reading time":"4 minutos"},"schema":{"@context":"https:\/\/schema.org","@graph":[{"@type":"Article","@id":"https:\/\/noticiasya.com\/2024\/09\/20\/moda-otono-invierno-2024-ichaso-orix\/#article","isPartOf":{"@id":"https:\/\/noticiasya.com\/2024\/09\/20\/moda-otono-invierno-2024-ichaso-orix\/"},"author":{"name":"","@id":""},"headline":"OPINI\u00d3N | La moda de este oto\u00f1o-invierno es feliz, inteligente y con gran estilo","datePublished":"2024-09-20T15:03:48+00:00","mainEntityOfPage":{"@id":"https:\/\/noticiasya.com\/2024\/09\/20\/moda-otono-invierno-2024-ichaso-orix\/"},"wordCount":717,"commentCount":0,"publisher":{"@id":"https:\/\/noticiasya.com\/#organization"},"articleSection":["Noticias Nacionales"],"inLanguage":"es","potentialAction":[{"@type":"CommentAction","name":"Comment","target":["https:\/\/noticiasya.com\/2024\/09\/20\/moda-otono-invierno-2024-ichaso-orix\/#respond"]}]},{"@type":"WebPage","@id":"https:\/\/noticiasya.com\/2024\/09\/20\/moda-otono-invierno-2024-ichaso-orix\/","url":"https:\/\/noticiasya.com\/2024\/09\/20\/moda-otono-invierno-2024-ichaso-orix\/","name":"OPINI\u00d3N | La moda de este oto\u00f1o-invierno es feliz, inteligente y con gran estilo - Noticias","isPartOf":{"@id":"https:\/\/noticiasya.com\/#website"},"datePublished":"2024-09-20T15:03:48+00:00","breadcrumb":{"@id":"https:\/\/noticiasya.com\/2024\/09\/20\/moda-otono-invierno-2024-ichaso-orix\/#breadcrumb"},"inLanguage":"es","potentialAction":[{"@type":"ReadAction","target":["https:\/\/noticiasya.com\/2024\/09\/20\/moda-otono-invierno-2024-ichaso-orix\/"]}]},{"@type":"BreadcrumbList","@id":"https:\/\/noticiasya.com\/2024\/09\/20\/moda-otono-invierno-2024-ichaso-orix\/#breadcrumb","itemListElement":[{"@type":"ListItem","position":1,"name":"Home","item":"https:\/\/noticiasya.com\/"},{"@type":"ListItem","position":2,"name":"OPINI\u00d3N | La moda de este oto\u00f1o-invierno es feliz, inteligente y con gran estilo"}]},{"@type":"WebSite","@id":"https:\/\/noticiasya.com\/#website","url":"https:\/\/noticiasya.com\/","name":"Noticias","description":"Lo que importa","publisher":{"@id":"https:\/\/noticiasya.com\/#organization"},"potentialAction":[{"@type":"SearchAction","target":{"@type":"EntryPoint","urlTemplate":"https:\/\/noticiasya.com\/?s={search_term_string}"},"query-input":{"@type":"PropertyValueSpecification","valueRequired":true,"valueName":"search_term_string"}}],"inLanguage":"es"},{"@type":"Organization","@id":"https:\/\/noticiasya.com\/#organization","name":"Noticias","url":"https:\/\/noticiasya.com\/","logo":{"@type":"ImageObject","inLanguage":"es","@id":"https:\/\/noticiasya.com\/#\/schema\/logo\/image\/","url":"https:\/\/noticiasya.com\/wp-content\/uploads\/sites\/22\/2023\/12\/logo-nacional.png","contentUrl":"https:\/\/noticiasya.com\/wp-content\/uploads\/sites\/22\/2023\/12\/logo-nacional.png","width":1801,"height":691,"caption":"Noticias"},"image":{"@id":"https:\/\/noticiasya.com\/#\/schema\/logo\/image\/"}}]}},"parsely":{"version":"1.1.0","canonical_url":"https:\/\/noticiasya.com\/midland-odessa\/2024\/09\/20\/moda-otono-invierno-2024-ichaso-orix\/","smart_links":{"inbound":0,"outbound":0},"traffic_boost_suggestions_count":0,"meta":{"@context":"https:\/\/schema.org","@type":"NewsArticle","headline":"OPINI\u00d3N | La moda de este oto\u00f1o-invierno es feliz, inteligente y con gran estilo","url":"http:\/\/noticiasya.com\/midland-odessa\/2024\/09\/20\/moda-otono-invierno-2024-ichaso-orix\/","mainEntityOfPage":{"@type":"WebPage","@id":"http:\/\/noticiasya.com\/midland-odessa\/2024\/09\/20\/moda-otono-invierno-2024-ichaso-orix\/"},"thumbnailUrl":"","image":{"@type":"ImageObject","url":""},"articleSection":"Noticias Nacionales","author":[],"creator":[],"publisher":{"@type":"Organization","name":"Noticias","logo":""},"keywords":[],"dateCreated":"2024-09-20T15:03:48Z","datePublished":"2024-09-20T15:03:48Z","dateModified":"2024-09-20T15:03:48Z"},"rendered":"<script type=\"application\/ld+json\" class=\"wp-parsely-metadata\">{\"@context\":\"https:\\\/\\\/schema.org\",\"@type\":\"NewsArticle\",\"headline\":\"OPINI\\u00d3N | La moda de este oto\\u00f1o-invierno es feliz, inteligente y con gran estilo\",\"url\":\"http:\\\/\\\/noticiasya.com\\\/midland-odessa\\\/2024\\\/09\\\/20\\\/moda-otono-invierno-2024-ichaso-orix\\\/\",\"mainEntityOfPage\":{\"@type\":\"WebPage\",\"@id\":\"http:\\\/\\\/noticiasya.com\\\/midland-odessa\\\/2024\\\/09\\\/20\\\/moda-otono-invierno-2024-ichaso-orix\\\/\"},\"thumbnailUrl\":\"\",\"image\":{\"@type\":\"ImageObject\",\"url\":\"\"},\"articleSection\":\"Noticias Nacionales\",\"author\":[],\"creator\":[],\"publisher\":{\"@type\":\"Organization\",\"name\":\"Noticias\",\"logo\":\"\"},\"keywords\":[],\"dateCreated\":\"2024-09-20T15:03:48Z\",\"datePublished\":\"2024-09-20T15:03:48Z\",\"dateModified\":\"2024-09-20T15:03:48Z\"}<\/script>","tracker_url":"https:\/\/cdn.parsely.com\/keys\/noticiasya.com\/p.js"},"jetpack_featured_media_url":"","jetpack-related-posts":[{"id":1450520,"url":"https:\/\/noticiasya.com\/midland-odessa\/2024\/06\/19\/libertad-moda-es-total-y-maravillosa-opinion-orix\/","url_meta":{"origin":1452879,"position":0},"title":"La libertad de la moda es total y maravillosa","author":"","date":"junio 19, 2024","format":false,"excerpt":"Nota del editor: Mari Rodr\u00edguez Ichaso ha sido colaboradora de la revista Vanidades durante varias d\u00e9cadas. Especialista en moda, viajes, gastronom\u00eda, arte, arquitectura y entretenimiento. Productora de cine. Columnista de estilo de CNN en Espa\u00f1ol. Las opiniones expresadas en esta columna son exclusivamente suyas. Lee m\u00e1s art\u00edculos de opini\u00f3n en\u00a0cnne.com\/opinion(CNN\u2026","rel":"","context":"In &quot;Noticias Nacionales&quot;","block_context":{"text":"Noticias Nacionales","link":"https:\/\/noticiasya.com\/midland-odessa\/categoria\/noticias-nacionales"},"img":{"alt_text":"","src":"","width":0,"height":0},"classes":[]},{"id":1446194,"url":"https:\/\/noticiasya.com\/midland-odessa\/2024\/03\/02\/interrumpen-desfile-victoria-beckha-semana-moda-paris-manifestantes-derechos-animales-trax\/","url_meta":{"origin":1452879,"position":1},"title":"Interrumpen desfile de Victoria Beckham en la Semana de la Moda de Par\u00eds por manifestantes por los derechos de los animales","author":"","date":"marzo 2, 2024","format":false,"excerpt":"(CNN) --\u00a0 El desfile de Victoria Beckham en la Semana de la Moda de Par\u00eds fue interrumpido por activistas por los derechos de los animales cuando se unieron a sus modelos en la pasarela para protestar por el uso de productos animales como el cuero por parte de su marca.Manifestantes\u2026","rel":"","context":"In &quot;Noticias Nacionales&quot;","block_context":{"text":"Noticias Nacionales","link":"https:\/\/noticiasya.com\/midland-odessa\/categoria\/noticias-nacionales"},"img":{"alt_text":"","src":"","width":0,"height":0},"classes":[]},{"id":1446450,"url":"https:\/\/noticiasya.com\/midland-odessa\/2024\/03\/04\/interrumpen-desfile-victoria-beckha-semana-moda-paris-manifestantes-derechos-animales-trax-2\/","url_meta":{"origin":1452879,"position":2},"title":"Interrumpen desfile de Victoria Beckham en la Semana de la Moda de Par\u00eds por manifestantes por los derechos de los animales","author":"","date":"marzo 4, 2024","format":false,"excerpt":"(CNN) --\u00a0 El desfile de Victoria Beckham en la Semana de la Moda de Par\u00eds fue interrumpido por activistas por los derechos de los animales cuando se unieron a sus modelos en la pasarela para protestar por el uso de productos animales como el cuero por parte de su marca.Manifestantes\u2026","rel":"","context":"In &quot;Noticias Nacionales&quot;","block_context":{"text":"Noticias Nacionales","link":"https:\/\/noticiasya.com\/midland-odessa\/categoria\/noticias-nacionales"},"img":{"alt_text":"","src":"","width":0,"height":0},"classes":[]},{"id":1455785,"url":"https:\/\/noticiasya.com\/midland-odessa\/2024\/11\/13\/como-moda-empodera-mujeres-politica-orix\/","url_meta":{"origin":1452879,"position":3},"title":"OPINI\u00d3N | \u00bfC\u00f3mo la moda empodera a las mujeres en la pol\u00edtica?","author":"","date":"noviembre 13, 2024","format":false,"excerpt":"Nota del editor: Mari Rodr\u00edguez Ichaso ha sido colaboradora de la revista Vanidades durante varias d\u00e9cadas. Es especialista en moda, viajes, gastronom\u00eda, arte, arquitectura y entretenimiento, productora de cine y columnista de estilo de CNN en Espa\u00f1ol. Las opiniones expresadas en esta columna son exclusivamente suyas. Lee m\u00e1s art\u00edculos de\u2026","rel":"","context":"In &quot;Noticias Nacionales&quot;","block_context":{"text":"Noticias Nacionales","link":"https:\/\/noticiasya.com\/midland-odessa\/categoria\/noticias-nacionales"},"img":{"alt_text":"","src":"","width":0,"height":0},"classes":[]},{"id":1456687,"url":"https:\/\/noticiasya.com\/midland-odessa\/2024\/12\/17\/tendencias-moda-2025-orix\/","url_meta":{"origin":1452879,"position":4},"title":"OPINI\u00d3N | Tendencias de la moda en el 2025","author":"","date":"diciembre 17, 2024","format":false,"excerpt":"Nota del editor: Mari Rodr\u00edguez Ichaso ha sido colaboradora de la revista Vanidades durante varias d\u00e9cadas. Es especialista en moda, viajes, gastronom\u00eda, arte, arquitectura y entretenimiento, productora de cine y columnista de estilo de CNN en Espa\u00f1ol. Las opiniones expresadas en esta columna son exclusivamente suyas. Lee m\u00e1s art\u00edculos de\u2026","rel":"","context":"In &quot;Noticias Nacionales&quot;","block_context":{"text":"Noticias Nacionales","link":"https:\/\/noticiasya.com\/midland-odessa\/categoria\/noticias-nacionales"},"img":{"alt_text":"","src":"","width":0,"height":0},"classes":[]},{"id":1458020,"url":"https:\/\/noticiasya.com\/midland-odessa\/2025\/01\/29\/opinion-influencia-moda-etnica-orix\/","url_meta":{"origin":1452879,"position":5},"title":"OPINI\u00d3N | \u00bfC\u00f3mo influye la moda \u00e9tnica en nuestra forma de vestir?","author":"","date":"enero 29, 2025","format":false,"excerpt":"Moda \u00e9tnica, moda ex\u00f3tica y diferente\u2026 moda llamativa. Una tendencia que en los revolucionarios a\u00f1os 60 y 70 del siglo XX lanz\u00f3 con enorme \u00e9xito Yves Saint Laurent en sus distintas colecciones. Desde entonces el mundo de la moda cambi\u00f3 y recibi\u00f3 una inyecci\u00f3n de creatividad con los muchos toques\u2026","rel":"","context":"In &quot;Noticias Nacionales&quot;","block_context":{"text":"Noticias Nacionales","link":"https:\/\/noticiasya.com\/midland-odessa\/categoria\/noticias-nacionales"},"img":{"alt_text":"","src":"","width":0,"height":0},"classes":[]}],"jetpack_sharing_enabled":true,"_links":{"self":[{"href":"https:\/\/noticiasya.com\/midland-odessa\/wp-json\/wp\/v2\/posts\/1452879","targetHints":{"allow":["GET"]}}],"collection":[{"href":"https:\/\/noticiasya.com\/midland-odessa\/wp-json\/wp\/v2\/posts"}],"about":[{"href":"https:\/\/noticiasya.com\/midland-odessa\/wp-json\/wp\/v2\/types\/post"}],"replies":[{"embeddable":true,"href":"https:\/\/noticiasya.com\/midland-odessa\/wp-json\/wp\/v2\/comments?post=1452879"}],"version-history":[{"count":0,"href":"https:\/\/noticiasya.com\/midland-odessa\/wp-json\/wp\/v2\/posts\/1452879\/revisions"}],"wp:attachment":[{"href":"https:\/\/noticiasya.com\/midland-odessa\/wp-json\/wp\/v2\/media?parent=1452879"}],"wp:term":[{"taxonomy":"category","embeddable":true,"href":"https:\/\/noticiasya.com\/midland-odessa\/wp-json\/wp\/v2\/categories?post=1452879"},{"taxonomy":"post_tag","embeddable":true,"href":"https:\/\/noticiasya.com\/midland-odessa\/wp-json\/wp\/v2\/tags?post=1452879"}],"curies":[{"name":"wp","href":"https:\/\/api.w.org\/{rel}","templated":true}]}}