{"id":1452911,"date":"2024-09-21T06:03:57","date_gmt":"2024-09-21T13:03:57","guid":{"rendered":"https:\/\/noticiasya.com\/2024\/09\/21\/argentina-fuga-de-cerebros-cientificos-emigran-orix\/"},"modified":"2024-09-21T06:03:57","modified_gmt":"2024-09-21T13:03:57","slug":"argentina-fuga-de-cerebros-cientificos-emigran-orix","status":"publish","type":"post","link":"https:\/\/noticiasya.com\/midland-odessa\/2024\/09\/21\/argentina-fuga-de-cerebros-cientificos-emigran-orix\/","title":{"rendered":"Fuga de cerebros en Argentina: cient\u00edficos emigran ante el desfinanciamiento a la investigaci\u00f3n"},"content":{"rendered":"<p>(CNN Espa\u00f1ol) &#8212; Cient\u00edficos argentinos reconocidos en el mundo est\u00e1n armando las valijas para irse del pa\u00eds. El impacto del desfinanciamiento de los \u00faltimos meses &#171;gatill\u00f3&#187; \u2014relata Pablo Manavella a CNN\u2014 &#171;la decisi\u00f3n de migrar a Espa\u00f1a a principios de este a\u00f1o&#187;.<\/p>\n<p>Manavella es bioqu\u00edmico, doctorado en Biolog\u00eda y fue contratado por el Consejo Superior de Investigaciones Cient\u00edficas (CSIC), un organismo p\u00fablico espa\u00f1ol dependiente del Ministerio de Ciencia, Innovaci\u00f3n y Universidades, en el marco de un programa de atracci\u00f3n de talentos internacionales para continuar con sus estudios de mol\u00e9culas de ARN en plantas.<\/p>\n<p>Alejandro D\u00edaz-Caro es investigador en inform\u00e1tica cu\u00e1ntica. Existe en su materia una carrera internacional entre pa\u00edses para ser el primero en desarrollar la computadora cu\u00e1ntica de tama\u00f1o convencional. Su estudio est\u00e1 orientado a la teor\u00eda y tambi\u00e9n hay investigadores que se dedican a ramas m\u00e1s aplicadas. En pocos d\u00edas se muda a Francia, convocado por una entidad estatal para continuar con su trabajo.<\/p>\n<p>En Argentina, el \u00fanico ayudante de doctorado de D\u00edaz-Caro pagado por entidades p\u00fablicas se qued\u00f3 sin financiamiento. \u201cMis opciones son dejar de hacer investigaci\u00f3n e ir al polo cient\u00edfico todos los d\u00edas con un cartel a reclamar o dejar mi pa\u00eds y seguir investigando afuera\u201d, dice. Eligi\u00f3 la segunda.<\/p>\n<p>Seg\u00fan la Red de Autoridades de Institutos de Ciencia y Tecnolog\u00eda (Raicyt), el presupuesto para 2024 se redujo un 30% con respecto del 2023. Pero, adem\u00e1s del desfinanciamiento, denuncian que los ingresos al Consejo Nacional de Investigaciones Cient\u00edficas y T\u00e9cnicas (Conicet) se encuentran frenados y que tampoco se reponen las bajas por renuncias, jubilaciones o decesos, que estiman rondan en 400 cupos.<\/p>\n<p>El Poder Ejecutivo Nacional decret\u00f3 una actualizaci\u00f3n en el presupuesto del CONICET.<br \/>\nEste anuncio, decreto 594\/2024, implica una reducci\u00f3n del presupuesto del CONICET de m\u00e1s del 30% respecto al a\u00f1o 2023.<br \/>\nFuentes: &#8211; <a href=\"https:\/\/t.co\/dHyr9qKwEr-\" rel=\"nofollow\">https:\/\/t.co\/dHyr9qKwEr-<\/a> <a href=\"https:\/\/t.co\/X0MP2E1WPE\" rel=\"nofollow\">https:\/\/t.co\/X0MP2E1WPE<\/a> pic.twitter.com\/kNkVd5I0Dm<br \/>\n\u2014 RAICYT (@RAICYT_Ar) July 19, 2024<\/p>\n<p>Semanas atr\u00e1s, el presidente de Argentina, Javier Milei, acus\u00f3 a la comunidad cient\u00edfica de ser parte del \u201cpartido del Estado\u201d, de \u201cla casta\u201d. \u201cCreen que tener una titulaci\u00f3n acad\u00e9mica los vuelve seres superiores y por ende todos debemos subsidiarles la vocaci\u00f3n\u201d. Y los desafi\u00f3: \u201cSi tan \u00fatiles creen que son sus investigaciones, los invito a salir al mercado, como cualquier hijo del vecino, investiguen, publiquen un libro y vean si a la gente le interesa o no, en lugar de esconderse canallescamente detr\u00e1s de la fuerza coactiva del Estado\u201d.<\/p>\n<p>Mar\u00eda Laura Romero es doctora en Letras y relata el exigente proceso para aplicar a la carrera de investigador del Conicet. \u201cPara presentarte ten\u00e9s que ser doctorado o posdoctorado, incluso. Espec\u00edficamente en la carrera de Letras hay que tener alrededor de 10 publicaciones en revistas cient\u00edficas de grupo 1 que son las de mayor categor\u00eda. Yo entr\u00e9 con 18\u201d, dice. Actualmente, forma parte de los 833 seleccionados para la convocatoria 2022 que, desde septiembre de 2023, esperan ser efectivizados.<\/p>\n<p>Jorge Geffner es integrante de la comisi\u00f3n de la Raicyt. Es doctor en Bioqu\u00edmica, investigador superior del Conicet y se dedica a estudiar la cura del sida. En conversaci\u00f3n con CNN dice que al desfinanciamiento se suma la crisis de los salarios.<\/p>\n<p>Un cartel que exige &#171;No al cierre del CONICET&#187; en una ventana de la sede del Consejo Nacional de Ciencias Cient\u00edficas y T\u00e9cnicas el 23 de noviembre de 2023 en Buenos Aires, Argentina. (Foto de Ricardo Ceppi\/Getty Images)<\/p>\n<p>\u201cEs muy triste lo que est\u00e1 pasando. En el mundo reclutan cient\u00edficos argentinos porque son muy buenos\u201d, dice Pablo Manavella. No es la primera vez que el doctor en Biolog\u00eda vive fuera del pa\u00eds. Hizo su posdoctorado con una beca en Alemania y volvi\u00f3 al pa\u00eds en 2014, a trav\u00e9s de un programa de repatriaci\u00f3n de cient\u00edficos. Desde entonces, nunca dej\u00f3 de recibir ofertas del extranjero para desarrollar sus investigaciones, pero eligi\u00f3 apostar a su pa\u00eds.<\/p>\n<p>En marzo de este a\u00f1o, el propio Conicet difundi\u00f3 los resultados del ranking Scimago 2024 que ubica al organismo como la mejor instituci\u00f3n gubernamental de ciencia de Am\u00e9rica Latina y la n\u00famero 20 entre las de investigaci\u00f3n de todo el mundo.<\/p>\n<p>Desde Europa, donde reside actualmente, Manavella advierte que cada vez van a ser m\u00e1s los que abandonen Argentina. \u201cMuchas veces me da la impresi\u00f3n de que se considera a la ciencia casi como un bien cultural y no como una necesidad\u201d, afirma.<\/p>\n<p>Sin embargo, una encuesta realizada por el observatorio Pulsar de la Universidad de Buenos Aires, especializado en el estudio de la opini\u00f3n p\u00fablica, refleja que el 85% de los argentinos consultados no est\u00e1n de acuerdo en reducir la inversi\u00f3n en ciencia y tecnolog\u00eda. La muestra de 1.250 se realiz\u00f3 en junio de este a\u00f1o y tiene un margen de error de \u00b1 2,8%.<\/p>\n<p>Ver archivo adjunto, p\u00e1gina 2. La encuesta ya fue aprobada por el depto. de encuestas.<\/p>\n<p>\u201cSi queremos salir de las crisis constantes que tenemos, el pa\u00eds tiene que desarrollarse al punto de industrializarse, si no siempre vamos a depender de otros y vamos a ser solo productores de materia prima\u201d, remata.<\/p>\n<p>The-CNN-Wire<br \/>&trade; &amp; &copy; 2024 Cable News Network, Inc., a Warner Bros. Discovery Company. All rights reserved.<\/p>\n","protected":false},"excerpt":{"rendered":"<p>(CNN Espa\u00f1ol) &#8212; Cient\u00edficos argentinos reconocidos en el mundo est\u00e1n armando las valijas para irse del pa\u00eds. El impacto del desfinanciamiento de los \u00faltimos meses &#171;gatill\u00f3&#187; \u2014relata Pablo Manavella a CNN\u2014 &#171;la decisi\u00f3n de migrar a Espa\u00f1a a principios de este a\u00f1o&#187;. Manavella es bioqu\u00edmico, doctorado en Biolog\u00eda y fue contratado por el Consejo Superior [&hellip;]<\/p>\n","protected":false},"author":0,"featured_media":0,"comment_status":"open","ping_status":"open","sticky":false,"template":"","format":"standard","meta":{"_jetpack_memberships_contains_paid_content":false,"footnotes":""},"categories":[10],"tags":[],"class_list":["post-1452911","post","type-post","status-publish","format-standard","hentry","category-noticias-nacionales","market-global"],"yoast_head":"<!-- This site is optimized with the Yoast SEO plugin v24.4 - https:\/\/yoast.com\/wordpress\/plugins\/seo\/ -->\n<title>Fuga de cerebros en Argentina: cient\u00edficos emigran ante el desfinanciamiento a la investigaci\u00f3n - Noticias<\/title>\n<meta name=\"robots\" content=\"index, follow, max-snippet:-1, max-image-preview:large, max-video-preview:-1\" \/>\n<link rel=\"canonical\" href=\"https:\/\/noticiasya.com\/2024\/09\/21\/argentina-fuga-de-cerebros-cientificos-emigran-orix\/\" \/>\n<meta property=\"og:locale\" content=\"es_ES\" \/>\n<meta property=\"og:type\" content=\"article\" \/>\n<meta property=\"og:title\" content=\"Fuga de cerebros en Argentina: cient\u00edficos emigran ante el desfinanciamiento a la investigaci\u00f3n - Noticias\" \/>\n<meta property=\"og:description\" content=\"(CNN Espa\u00f1ol) &#8212; Cient\u00edficos argentinos reconocidos en el mundo est\u00e1n armando las valijas para irse del pa\u00eds. El impacto del desfinanciamiento de los \u00faltimos meses &#171;gatill\u00f3&#187; \u2014relata Pablo Manavella a CNN\u2014 &#171;la decisi\u00f3n de migrar a Espa\u00f1a a principios de este a\u00f1o&#187;. Manavella es bioqu\u00edmico, doctorado en Biolog\u00eda y fue contratado por el Consejo Superior [&hellip;]\" \/>\n<meta property=\"og:url\" content=\"https:\/\/noticiasya.com\/2024\/09\/21\/argentina-fuga-de-cerebros-cientificos-emigran-orix\/\" \/>\n<meta property=\"og:site_name\" content=\"Noticias\" \/>\n<meta property=\"article:published_time\" content=\"2024-09-21T13:03:57+00:00\" \/>\n<meta name=\"twitter:card\" content=\"summary_large_image\" \/>\n<meta name=\"twitter:label1\" content=\"Est. reading time\" \/>\n\t<meta name=\"twitter:data1\" content=\"5 minutos\" \/>\n<script type=\"application\/ld+json\" class=\"yoast-schema-graph\">{\"@context\":\"https:\/\/schema.org\",\"@graph\":[{\"@type\":\"Article\",\"@id\":\"https:\/\/noticiasya.com\/2024\/09\/21\/argentina-fuga-de-cerebros-cientificos-emigran-orix\/#article\",\"isPartOf\":{\"@id\":\"https:\/\/noticiasya.com\/2024\/09\/21\/argentina-fuga-de-cerebros-cientificos-emigran-orix\/\"},\"author\":{\"name\":\"\",\"@id\":\"\"},\"headline\":\"Fuga de cerebros en Argentina: cient\u00edficos emigran ante el desfinanciamiento a la investigaci\u00f3n\",\"datePublished\":\"2024-09-21T13:03:57+00:00\",\"mainEntityOfPage\":{\"@id\":\"https:\/\/noticiasya.com\/2024\/09\/21\/argentina-fuga-de-cerebros-cientificos-emigran-orix\/\"},\"wordCount\":931,\"commentCount\":0,\"publisher\":{\"@id\":\"https:\/\/noticiasya.com\/#organization\"},\"articleSection\":[\"Noticias Nacionales\"],\"inLanguage\":\"es\",\"potentialAction\":[{\"@type\":\"CommentAction\",\"name\":\"Comment\",\"target\":[\"https:\/\/noticiasya.com\/2024\/09\/21\/argentina-fuga-de-cerebros-cientificos-emigran-orix\/#respond\"]}]},{\"@type\":\"WebPage\",\"@id\":\"https:\/\/noticiasya.com\/2024\/09\/21\/argentina-fuga-de-cerebros-cientificos-emigran-orix\/\",\"url\":\"https:\/\/noticiasya.com\/2024\/09\/21\/argentina-fuga-de-cerebros-cientificos-emigran-orix\/\",\"name\":\"Fuga de cerebros en Argentina: cient\u00edficos emigran ante el desfinanciamiento a la investigaci\u00f3n - Noticias\",\"isPartOf\":{\"@id\":\"https:\/\/noticiasya.com\/#website\"},\"datePublished\":\"2024-09-21T13:03:57+00:00\",\"breadcrumb\":{\"@id\":\"https:\/\/noticiasya.com\/2024\/09\/21\/argentina-fuga-de-cerebros-cientificos-emigran-orix\/#breadcrumb\"},\"inLanguage\":\"es\",\"potentialAction\":[{\"@type\":\"ReadAction\",\"target\":[\"https:\/\/noticiasya.com\/2024\/09\/21\/argentina-fuga-de-cerebros-cientificos-emigran-orix\/\"]}]},{\"@type\":\"BreadcrumbList\",\"@id\":\"https:\/\/noticiasya.com\/2024\/09\/21\/argentina-fuga-de-cerebros-cientificos-emigran-orix\/#breadcrumb\",\"itemListElement\":[{\"@type\":\"ListItem\",\"position\":1,\"name\":\"Home\",\"item\":\"https:\/\/noticiasya.com\/\"},{\"@type\":\"ListItem\",\"position\":2,\"name\":\"Fuga de cerebros en Argentina: cient\u00edficos emigran ante el desfinanciamiento a la investigaci\u00f3n\"}]},{\"@type\":\"WebSite\",\"@id\":\"https:\/\/noticiasya.com\/#website\",\"url\":\"https:\/\/noticiasya.com\/\",\"name\":\"Noticias\",\"description\":\"Lo que importa\",\"publisher\":{\"@id\":\"https:\/\/noticiasya.com\/#organization\"},\"potentialAction\":[{\"@type\":\"SearchAction\",\"target\":{\"@type\":\"EntryPoint\",\"urlTemplate\":\"https:\/\/noticiasya.com\/?s={search_term_string}\"},\"query-input\":{\"@type\":\"PropertyValueSpecification\",\"valueRequired\":true,\"valueName\":\"search_term_string\"}}],\"inLanguage\":\"es\"},{\"@type\":\"Organization\",\"@id\":\"https:\/\/noticiasya.com\/#organization\",\"name\":\"Noticias\",\"url\":\"https:\/\/noticiasya.com\/\",\"logo\":{\"@type\":\"ImageObject\",\"inLanguage\":\"es\",\"@id\":\"https:\/\/noticiasya.com\/#\/schema\/logo\/image\/\",\"url\":\"https:\/\/noticiasya.com\/wp-content\/uploads\/sites\/22\/2023\/12\/logo-nacional.png\",\"contentUrl\":\"https:\/\/noticiasya.com\/wp-content\/uploads\/sites\/22\/2023\/12\/logo-nacional.png\",\"width\":1801,\"height\":691,\"caption\":\"Noticias\"},\"image\":{\"@id\":\"https:\/\/noticiasya.com\/#\/schema\/logo\/image\/\"}}]}<\/script>\n<!-- \/ Yoast SEO plugin. -->","yoast_head_json":{"title":"Fuga de cerebros en Argentina: cient\u00edficos emigran ante el desfinanciamiento a la investigaci\u00f3n - Noticias","robots":{"index":"index","follow":"follow","max-snippet":"max-snippet:-1","max-image-preview":"max-image-preview:large","max-video-preview":"max-video-preview:-1"},"canonical":"https:\/\/noticiasya.com\/2024\/09\/21\/argentina-fuga-de-cerebros-cientificos-emigran-orix\/","og_locale":"es_ES","og_type":"article","og_title":"Fuga de cerebros en Argentina: cient\u00edficos emigran ante el desfinanciamiento a la investigaci\u00f3n - Noticias","og_description":"(CNN Espa\u00f1ol) &#8212; Cient\u00edficos argentinos reconocidos en el mundo est\u00e1n armando las valijas para irse del pa\u00eds. El impacto del desfinanciamiento de los \u00faltimos meses &#171;gatill\u00f3&#187; \u2014relata Pablo Manavella a CNN\u2014 &#171;la decisi\u00f3n de migrar a Espa\u00f1a a principios de este a\u00f1o&#187;. Manavella es bioqu\u00edmico, doctorado en Biolog\u00eda y fue contratado por el Consejo Superior [&hellip;]","og_url":"https:\/\/noticiasya.com\/2024\/09\/21\/argentina-fuga-de-cerebros-cientificos-emigran-orix\/","og_site_name":"Noticias","article_published_time":"2024-09-21T13:03:57+00:00","twitter_card":"summary_large_image","twitter_misc":{"Est. reading time":"5 minutos"},"schema":{"@context":"https:\/\/schema.org","@graph":[{"@type":"Article","@id":"https:\/\/noticiasya.com\/2024\/09\/21\/argentina-fuga-de-cerebros-cientificos-emigran-orix\/#article","isPartOf":{"@id":"https:\/\/noticiasya.com\/2024\/09\/21\/argentina-fuga-de-cerebros-cientificos-emigran-orix\/"},"author":{"name":"","@id":""},"headline":"Fuga de cerebros en Argentina: cient\u00edficos emigran ante el desfinanciamiento a la investigaci\u00f3n","datePublished":"2024-09-21T13:03:57+00:00","mainEntityOfPage":{"@id":"https:\/\/noticiasya.com\/2024\/09\/21\/argentina-fuga-de-cerebros-cientificos-emigran-orix\/"},"wordCount":931,"commentCount":0,"publisher":{"@id":"https:\/\/noticiasya.com\/#organization"},"articleSection":["Noticias Nacionales"],"inLanguage":"es","potentialAction":[{"@type":"CommentAction","name":"Comment","target":["https:\/\/noticiasya.com\/2024\/09\/21\/argentina-fuga-de-cerebros-cientificos-emigran-orix\/#respond"]}]},{"@type":"WebPage","@id":"https:\/\/noticiasya.com\/2024\/09\/21\/argentina-fuga-de-cerebros-cientificos-emigran-orix\/","url":"https:\/\/noticiasya.com\/2024\/09\/21\/argentina-fuga-de-cerebros-cientificos-emigran-orix\/","name":"Fuga de cerebros en Argentina: cient\u00edficos emigran ante el desfinanciamiento a la investigaci\u00f3n - Noticias","isPartOf":{"@id":"https:\/\/noticiasya.com\/#website"},"datePublished":"2024-09-21T13:03:57+00:00","breadcrumb":{"@id":"https:\/\/noticiasya.com\/2024\/09\/21\/argentina-fuga-de-cerebros-cientificos-emigran-orix\/#breadcrumb"},"inLanguage":"es","potentialAction":[{"@type":"ReadAction","target":["https:\/\/noticiasya.com\/2024\/09\/21\/argentina-fuga-de-cerebros-cientificos-emigran-orix\/"]}]},{"@type":"BreadcrumbList","@id":"https:\/\/noticiasya.com\/2024\/09\/21\/argentina-fuga-de-cerebros-cientificos-emigran-orix\/#breadcrumb","itemListElement":[{"@type":"ListItem","position":1,"name":"Home","item":"https:\/\/noticiasya.com\/"},{"@type":"ListItem","position":2,"name":"Fuga de cerebros en Argentina: cient\u00edficos emigran ante el desfinanciamiento a la investigaci\u00f3n"}]},{"@type":"WebSite","@id":"https:\/\/noticiasya.com\/#website","url":"https:\/\/noticiasya.com\/","name":"Noticias","description":"Lo que importa","publisher":{"@id":"https:\/\/noticiasya.com\/#organization"},"potentialAction":[{"@type":"SearchAction","target":{"@type":"EntryPoint","urlTemplate":"https:\/\/noticiasya.com\/?s={search_term_string}"},"query-input":{"@type":"PropertyValueSpecification","valueRequired":true,"valueName":"search_term_string"}}],"inLanguage":"es"},{"@type":"Organization","@id":"https:\/\/noticiasya.com\/#organization","name":"Noticias","url":"https:\/\/noticiasya.com\/","logo":{"@type":"ImageObject","inLanguage":"es","@id":"https:\/\/noticiasya.com\/#\/schema\/logo\/image\/","url":"https:\/\/noticiasya.com\/wp-content\/uploads\/sites\/22\/2023\/12\/logo-nacional.png","contentUrl":"https:\/\/noticiasya.com\/wp-content\/uploads\/sites\/22\/2023\/12\/logo-nacional.png","width":1801,"height":691,"caption":"Noticias"},"image":{"@id":"https:\/\/noticiasya.com\/#\/schema\/logo\/image\/"}}]}},"parsely":{"version":"1.1.0","canonical_url":"https:\/\/noticiasya.com\/midland-odessa\/2024\/09\/21\/argentina-fuga-de-cerebros-cientificos-emigran-orix\/","smart_links":{"inbound":0,"outbound":0},"traffic_boost_suggestions_count":0,"meta":{"@context":"https:\/\/schema.org","@type":"NewsArticle","headline":"Fuga de cerebros en Argentina: cient\u00edficos emigran ante el desfinanciamiento a la investigaci\u00f3n","url":"http:\/\/noticiasya.com\/midland-odessa\/2024\/09\/21\/argentina-fuga-de-cerebros-cientificos-emigran-orix\/","mainEntityOfPage":{"@type":"WebPage","@id":"http:\/\/noticiasya.com\/midland-odessa\/2024\/09\/21\/argentina-fuga-de-cerebros-cientificos-emigran-orix\/"},"thumbnailUrl":"","image":{"@type":"ImageObject","url":""},"articleSection":"Noticias Nacionales","author":[],"creator":[],"publisher":{"@type":"Organization","name":"Noticias","logo":""},"keywords":[],"dateCreated":"2024-09-21T13:03:57Z","datePublished":"2024-09-21T13:03:57Z","dateModified":"2024-09-21T13:03:57Z"},"rendered":"<script type=\"application\/ld+json\" class=\"wp-parsely-metadata\">{\"@context\":\"https:\\\/\\\/schema.org\",\"@type\":\"NewsArticle\",\"headline\":\"Fuga de cerebros en Argentina: cient\\u00edficos emigran ante el desfinanciamiento a la investigaci\\u00f3n\",\"url\":\"http:\\\/\\\/noticiasya.com\\\/midland-odessa\\\/2024\\\/09\\\/21\\\/argentina-fuga-de-cerebros-cientificos-emigran-orix\\\/\",\"mainEntityOfPage\":{\"@type\":\"WebPage\",\"@id\":\"http:\\\/\\\/noticiasya.com\\\/midland-odessa\\\/2024\\\/09\\\/21\\\/argentina-fuga-de-cerebros-cientificos-emigran-orix\\\/\"},\"thumbnailUrl\":\"\",\"image\":{\"@type\":\"ImageObject\",\"url\":\"\"},\"articleSection\":\"Noticias Nacionales\",\"author\":[],\"creator\":[],\"publisher\":{\"@type\":\"Organization\",\"name\":\"Noticias\",\"logo\":\"\"},\"keywords\":[],\"dateCreated\":\"2024-09-21T13:03:57Z\",\"datePublished\":\"2024-09-21T13:03:57Z\",\"dateModified\":\"2024-09-21T13:03:57Z\"}<\/script>","tracker_url":"https:\/\/cdn.parsely.com\/keys\/noticiasya.com\/p.js"},"jetpack_featured_media_url":"","jetpack-related-posts":[{"id":1462043,"url":"https:\/\/noticiasya.com\/midland-odessa\/2025\/05\/06\/pruebas-aprender-2024-1-de-cada-10-alumnos-de-tercer-grado-no-sabe-leer\/","url_meta":{"origin":1452911,"position":0},"title":"Pruebas Aprender 2024: &#171;1 de cada 10 alumnos de tercer grado no sabe leer&#187;","author":"","date":"mayo 6, 2025","format":false,"excerpt":"(CNN Radio Argentina) \u2014 Federico Del Carpio, del Observatorio de Argentinos por la Educaci\u00f3n, analiz\u00f3 en Regreso CNN, con Mariana Arias y Pepe Gil Vidal, los resultados de las pruebas Aprender Alfabetizaci\u00f3n 2024, que evaluaron a los estudiantes de tercer grado en Lengua y Matem\u00e1ticas.Seg\u00fan los datos, el 40% de\u2026","rel":"","context":"In &quot;Noticias Nacionales&quot;","block_context":{"text":"Noticias Nacionales","link":"https:\/\/noticiasya.com\/midland-odessa\/categoria\/noticias-nacionales"},"img":{"alt_text":"","src":"","width":0,"height":0},"classes":[]},{"id":1458159,"url":"https:\/\/noticiasya.com\/midland-odessa\/2025\/02\/03\/cnn-radio-argentina\/","url_meta":{"origin":1452911,"position":1},"title":"Especialistas afirman que la era Trump ser\u00e1 de &#171;un &#171;Estados Unidos menos imperial y mas etnoc\u00e9ntrico&#187;","author":"","date":"febrero 3, 2025","format":false,"excerpt":"Luciano Anzelini, profesor de Relaciones Internacionales en las universidades nacionales de Buenos Aires, San Martin y Quilmes y en la Universidad Torcuato Di Tella, analiz\u00f3 el inicio de la segunda presidencia de Donald TrumpEn CNN Primera Ma\u00f1ana, afirm\u00f3 el mandatario estadounidense \u201caparece con un tono muy asertivo, muy agresivo, que\u2026","rel":"","context":"In &quot;Noticias Nacionales&quot;","block_context":{"text":"Noticias Nacionales","link":"https:\/\/noticiasya.com\/midland-odessa\/categoria\/noticias-nacionales"},"img":{"alt_text":"","src":"","width":0,"height":0},"classes":[]},{"id":1459616,"url":"https:\/\/noticiasya.com\/midland-odessa\/2025\/03\/07\/la-salud-privada-advirtio-que-el-sistema-en-general-esta-atravesando-una-crisis-enorme\/","url_meta":{"origin":1452911,"position":2},"title":"La salud privada advirti\u00f3 que &#171;el sistema en general est\u00e1 atravesando una crisis enorme&#187;","author":"","date":"marzo 7, 2025","format":false,"excerpt":"Juan Pivetta, presidente de la Federaci\u00f3n Argentina de Mutuales de Salud (FAMSA), se refiri\u00f3 a los aumentos, de entre el 1,9 y el 2,7%, anunciados por las empresas de medicina prepagas.En CNN Primera Ma\u00f1ana, afirm\u00f3 que \u201cen la \u00faltima resoluci\u00f3n permite aumentos diferenciados, algunas empresas lo est\u00e1n haciendo, porque est\u00e1\u2026","rel":"","context":"In &quot;Noticias Nacionales&quot;","block_context":{"text":"Noticias Nacionales","link":"https:\/\/noticiasya.com\/midland-odessa\/categoria\/noticias-nacionales"},"img":{"alt_text":"","src":"","width":0,"height":0},"classes":[]},{"id":1459061,"url":"https:\/\/noticiasya.com\/midland-odessa\/2025\/02\/21\/trump-prohibe-trabajar-informe-climatico-global-trax\/","url_meta":{"origin":1452911,"position":3},"title":"Trump proh\u00edbe a los cient\u00edficos federales trabajar en un informe clim\u00e1tico global crucial","author":"","date":"febrero 21, 2025","format":false,"excerpt":"La administraci\u00f3n Trump orden\u00f3 a los cient\u00edficos del Gobierno de EE.UU. que trabajaban en un informe clim\u00e1tico global crucial que detuvieran su trabajo, seg\u00fan un cient\u00edfico involucrado en el informe, en el \u00faltimo movimiento para retirar a EE.UU. de la acci\u00f3n e investigaci\u00f3n clim\u00e1tica global.EE.UU. hab\u00eda estado muy involucrado en\u2026","rel":"","context":"In &quot;Noticias Nacionales&quot;","block_context":{"text":"Noticias Nacionales","link":"https:\/\/noticiasya.com\/midland-odessa\/categoria\/noticias-nacionales"},"img":{"alt_text":"","src":"","width":0,"height":0},"classes":[]},{"id":1455985,"url":"https:\/\/noticiasya.com\/midland-odessa\/2024\/11\/20\/dia-llamado-a-la-tierra-2024-orix\/","url_meta":{"origin":1452911,"position":4},"title":"El D\u00eda de Llamado a la Tierra 2024 de CNN explorar\u00e1 las \u201cGeneraciones Conectadas\u201d","author":"","date":"noviembre 20, 2024","format":false,"excerpt":"(Comunicado de Prensa) --\u00a0El pr\u00f3ximo 4 de diciembre, la cuarta edici\u00f3n del D\u00eda del Llamado la Tierra\u00a0de CNN celebrar\u00e1 los v\u00ednculos entre las personas y las culturas y c\u00f3mo esa simbiosis tiene un papel clave en la preservaci\u00f3n del planeta. En colaboraci\u00f3n con escuelas, individuos y organizaciones de todo el\u2026","rel":"","context":"In &quot;Noticias Nacionales&quot;","block_context":{"text":"Noticias Nacionales","link":"https:\/\/noticiasya.com\/midland-odessa\/categoria\/noticias-nacionales"},"img":{"alt_text":"","src":"","width":0,"height":0},"classes":[]},{"id":1463464,"url":"https:\/\/noticiasya.com\/midland-odessa\/2025\/06\/11\/rodrigo-cantisano-sobre-mi-propia-jefa-o-encontras-maneras-creativas-de-hacer-cine-o-te-quedas-quieto-y-te-enojas-con-el-universo\/","url_meta":{"origin":1452911,"position":5},"title":"Cantisano y &#8216;Mi Propia Jefa&#8217;: &#171;O encontr\u00e1s maneras creativas de hacer cine o te qued\u00e1s quieto y te enoj\u00e1s con el universo&#187;","author":"","date":"junio 11, 2025","format":false,"excerpt":"(CNN Radio Argentina) \u2013 Rodrigo Cantisano, productor y responsable de contenidos y negocios internacionales de UNTREF Media, habl\u00f3 con B\u00e1rbara Arroyo en Cine Argentino CNN sobre el inicio del rodaje de Mi Propia Jefa, una comedia escrita y dirigida por Florencia Calcagno, protagonizada por Agustina Sanguinetti. La filmaci\u00f3n tiene lugar\u2026","rel":"","context":"In &quot;Noticias Nacionales&quot;","block_context":{"text":"Noticias Nacionales","link":"https:\/\/noticiasya.com\/midland-odessa\/categoria\/noticias-nacionales"},"img":{"alt_text":"","src":"","width":0,"height":0},"classes":[]}],"jetpack_sharing_enabled":true,"_links":{"self":[{"href":"https:\/\/noticiasya.com\/midland-odessa\/wp-json\/wp\/v2\/posts\/1452911","targetHints":{"allow":["GET"]}}],"collection":[{"href":"https:\/\/noticiasya.com\/midland-odessa\/wp-json\/wp\/v2\/posts"}],"about":[{"href":"https:\/\/noticiasya.com\/midland-odessa\/wp-json\/wp\/v2\/types\/post"}],"replies":[{"embeddable":true,"href":"https:\/\/noticiasya.com\/midland-odessa\/wp-json\/wp\/v2\/comments?post=1452911"}],"version-history":[{"count":0,"href":"https:\/\/noticiasya.com\/midland-odessa\/wp-json\/wp\/v2\/posts\/1452911\/revisions"}],"wp:attachment":[{"href":"https:\/\/noticiasya.com\/midland-odessa\/wp-json\/wp\/v2\/media?parent=1452911"}],"wp:term":[{"taxonomy":"category","embeddable":true,"href":"https:\/\/noticiasya.com\/midland-odessa\/wp-json\/wp\/v2\/categories?post=1452911"},{"taxonomy":"post_tag","embeddable":true,"href":"https:\/\/noticiasya.com\/midland-odessa\/wp-json\/wp\/v2\/tags?post=1452911"}],"curies":[{"name":"wp","href":"https:\/\/api.w.org\/{rel}","templated":true}]}}