{"id":1452912,"date":"2024-09-21T07:03:41","date_gmt":"2024-09-21T14:03:41","guid":{"rendered":"https:\/\/noticiasya.com\/2024\/09\/21\/ola-violencia-mexico-muertos-sinaloa-orix\/"},"modified":"2024-09-21T07:03:41","modified_gmt":"2024-09-21T14:03:41","slug":"ola-violencia-mexico-muertos-sinaloa-orix","status":"publish","type":"post","link":"https:\/\/noticiasya.com\/midland-odessa\/2024\/09\/21\/ola-violencia-mexico-muertos-sinaloa-orix\/","title":{"rendered":"Ola de violencia en M\u00e9xico: al menos 53 muertos en Sinaloa"},"content":{"rendered":"<p>(CNN Espa\u00f1ol) &#8212; La Fiscal\u00eda de Sinaloa inform\u00f3 este s\u00e1bado de la muerte de al menos cuatro personas durante el 20 de septiembre, con lo que la cifra de muertos por la violencia en el estado mexicano, en el noroeste del pa\u00eds, aumenta a 53 personas desde el 9 de septiembre, fecha en la que se registr\u00f3 un aumento en enfrentamientos entre grupos criminales.<\/p>\n<p>Esta semana, la presidenta electa de M\u00e9xico, Claudia Sheinbaum, defendi\u00f3 la pol\u00edtica de no violencia hacia los c\u00e1rteles del narcotr\u00e1fico del mandatario Andr\u00e9s Manuel L\u00f3pez Obrador al referirse a la violencia en Sinaloa, en el noroeste del pa\u00eds.<\/p>\n<p>Andr\u00e9s Manuel L\u00f3pez Obrador insiste que su Gobierno act\u00faa de forma &#171;responsable&#187; en Sinaloa<\/p>\n<p>&#171;El asunto es si entras en una confrontaci\u00f3n violenta con estos grupos. \u00bfQu\u00e9 se provocar\u00eda si se entra a una confrontaci\u00f3n violenta? Probablemente m\u00e1s violencia. Entonces por eso es una estrategia distinta. Quiz\u00e1 no es exactamente esperar a que los grupos dejen de enfrentarse. Solamente lo que se est\u00e1 haciendo ahora, que es proteger a la poblaci\u00f3n&#187;, dijo Sheinbaum.<\/p>\n<p>Por su parte, el gobernador sinaloense, Rub\u00e9n Rocha Moya, asegur\u00f3 que las fuerzas de seguridad no est\u00e1n &#171;rebasadas&#187;.<\/p>\n<p>&#171;Que la gente sepa que estamos atendi\u00e9ndolo. \u00bfQue se cuiden? Claro, nosotros los estamos cuidando, estamos haciendo la tarea, el operativo que tenemos entre los tres \u00f3rdenes est\u00e1 funcionando. Son eventos complicados, dif\u00edciles, no in\u00e9ditos en Sinaloa, se han dado cada vez que se descomponen las relaciones entre los grupos de la delincuencia. Este es uno y me est\u00e1 tocando enfrentarlo y no estamos para nada rebasados&#187;, dijo.<\/p>\n<p>El presidente de M\u00e9xico, Andr\u00e9s Manuel L\u00f3pez Obrador, reiter\u00f3 el jueves que le pidi\u00f3 una explicaci\u00f3n a Estados Unidos sobre los hechos que llevaron a la detenci\u00f3n del cofundador del c\u00e1rtel de Sinaloa, Ismael &#171;El Mayo&#187; Zambada, ocurrida el 25 de julio, y afirm\u00f3 que la violencia en el estado se debe a un supuesto \u201cacuerdo\u201d entre el Departamento de Justicia de EE.UU. y uno de los grupos del crimen organizado.<\/p>\n<p>&#171;El Departamento de Justicia llevaba a cabo pl\u00e1ticas con uno de los grupos de la delincuencia en Sinaloa y ten\u00edan acuerdos. Incluso soltaron, o le dieron un estatus distinto, a uno de los detenidos en Estados Unidos al mismo tiempo que se llevaron a otro personaje&#187;, dijo L\u00f3pez Obrador durante su conferencia diaria matutina.<\/p>\n<p>El jefe de Estado agreg\u00f3 que eso \u201crequiere de una explicaci\u00f3n porque si ahora estamos enfrentando en Sinaloa una situaci\u00f3n de inestabilidad, de confrontaci\u00f3n, pues se debe a que tomaron esa decisi\u00f3n. Y nosotros no estamos de acuerdo\u201d, dijo.<\/p>\n<p>CNN ha solicitado comentarios al Departamento de Justicia de EE.UU. sobre los se\u00f1alamientos de L\u00f3pez Obrador.<\/p>\n<p>L\u00f3pez Obrador se refiri\u00f3 adem\u00e1s a la captura de Zambada como \u201calguien secuestrado mediante un acuerdo\u201d a quien \u201cse llevan a Estados Unidos\u201d, y dijo que la violencia en Sinaloa, que\u00a0dej\u00f3 al menos 43 muertos desde el 9 de septiembre, se debe a esta \u201csituaci\u00f3n especial, extraordinaria\u201d.<\/p>\n<p>The-CNN-Wire<br \/>&trade; &amp; &copy; 2024 Cable News Network, Inc., a Warner Bros. Discovery Company. All rights reserved.<\/p>\n","protected":false},"excerpt":{"rendered":"<p>(CNN Espa\u00f1ol) &#8212; La Fiscal\u00eda de Sinaloa inform\u00f3 este s\u00e1bado de la muerte de al menos cuatro personas durante el 20 de septiembre, con lo que la cifra de muertos por la violencia en el estado mexicano, en el noroeste del pa\u00eds, aumenta a 53 personas desde el 9 de septiembre, fecha en la que [&hellip;]<\/p>\n","protected":false},"author":0,"featured_media":0,"comment_status":"open","ping_status":"open","sticky":false,"template":"","format":"standard","meta":{"_jetpack_memberships_contains_paid_content":false,"footnotes":""},"categories":[10],"tags":[],"class_list":["post-1452912","post","type-post","status-publish","format-standard","hentry","category-noticias-nacionales","market-global"],"yoast_head":"<!-- This site is optimized with the Yoast SEO plugin v24.4 - https:\/\/yoast.com\/wordpress\/plugins\/seo\/ -->\n<title>Ola de violencia en M\u00e9xico: al menos 53 muertos en Sinaloa - Noticias<\/title>\n<meta name=\"robots\" content=\"index, follow, max-snippet:-1, max-image-preview:large, max-video-preview:-1\" \/>\n<link rel=\"canonical\" href=\"https:\/\/noticiasya.com\/2024\/09\/21\/ola-violencia-mexico-muertos-sinaloa-orix\/\" \/>\n<meta property=\"og:locale\" content=\"es_ES\" \/>\n<meta property=\"og:type\" content=\"article\" \/>\n<meta property=\"og:title\" content=\"Ola de violencia en M\u00e9xico: al menos 53 muertos en Sinaloa - Noticias\" \/>\n<meta property=\"og:description\" content=\"(CNN Espa\u00f1ol) &#8212; La Fiscal\u00eda de Sinaloa inform\u00f3 este s\u00e1bado de la muerte de al menos cuatro personas durante el 20 de septiembre, con lo que la cifra de muertos por la violencia en el estado mexicano, en el noroeste del pa\u00eds, aumenta a 53 personas desde el 9 de septiembre, fecha en la que [&hellip;]\" \/>\n<meta property=\"og:url\" content=\"https:\/\/noticiasya.com\/2024\/09\/21\/ola-violencia-mexico-muertos-sinaloa-orix\/\" \/>\n<meta property=\"og:site_name\" content=\"Noticias\" \/>\n<meta property=\"article:published_time\" content=\"2024-09-21T14:03:41+00:00\" \/>\n<meta name=\"twitter:card\" content=\"summary_large_image\" \/>\n<meta name=\"twitter:label1\" content=\"Est. reading time\" \/>\n\t<meta name=\"twitter:data1\" content=\"3 minutos\" \/>\n<script type=\"application\/ld+json\" class=\"yoast-schema-graph\">{\"@context\":\"https:\/\/schema.org\",\"@graph\":[{\"@type\":\"Article\",\"@id\":\"https:\/\/noticiasya.com\/2024\/09\/21\/ola-violencia-mexico-muertos-sinaloa-orix\/#article\",\"isPartOf\":{\"@id\":\"https:\/\/noticiasya.com\/2024\/09\/21\/ola-violencia-mexico-muertos-sinaloa-orix\/\"},\"author\":{\"name\":\"\",\"@id\":\"\"},\"headline\":\"Ola de violencia en M\u00e9xico: al menos 53 muertos en Sinaloa\",\"datePublished\":\"2024-09-21T14:03:41+00:00\",\"mainEntityOfPage\":{\"@id\":\"https:\/\/noticiasya.com\/2024\/09\/21\/ola-violencia-mexico-muertos-sinaloa-orix\/\"},\"wordCount\":554,\"commentCount\":0,\"publisher\":{\"@id\":\"https:\/\/noticiasya.com\/#organization\"},\"articleSection\":[\"Noticias Nacionales\"],\"inLanguage\":\"es\",\"potentialAction\":[{\"@type\":\"CommentAction\",\"name\":\"Comment\",\"target\":[\"https:\/\/noticiasya.com\/2024\/09\/21\/ola-violencia-mexico-muertos-sinaloa-orix\/#respond\"]}]},{\"@type\":\"WebPage\",\"@id\":\"https:\/\/noticiasya.com\/2024\/09\/21\/ola-violencia-mexico-muertos-sinaloa-orix\/\",\"url\":\"https:\/\/noticiasya.com\/2024\/09\/21\/ola-violencia-mexico-muertos-sinaloa-orix\/\",\"name\":\"Ola de violencia en M\u00e9xico: al menos 53 muertos en Sinaloa - Noticias\",\"isPartOf\":{\"@id\":\"https:\/\/noticiasya.com\/#website\"},\"datePublished\":\"2024-09-21T14:03:41+00:00\",\"breadcrumb\":{\"@id\":\"https:\/\/noticiasya.com\/2024\/09\/21\/ola-violencia-mexico-muertos-sinaloa-orix\/#breadcrumb\"},\"inLanguage\":\"es\",\"potentialAction\":[{\"@type\":\"ReadAction\",\"target\":[\"https:\/\/noticiasya.com\/2024\/09\/21\/ola-violencia-mexico-muertos-sinaloa-orix\/\"]}]},{\"@type\":\"BreadcrumbList\",\"@id\":\"https:\/\/noticiasya.com\/2024\/09\/21\/ola-violencia-mexico-muertos-sinaloa-orix\/#breadcrumb\",\"itemListElement\":[{\"@type\":\"ListItem\",\"position\":1,\"name\":\"Home\",\"item\":\"https:\/\/noticiasya.com\/\"},{\"@type\":\"ListItem\",\"position\":2,\"name\":\"Ola de violencia en M\u00e9xico: al menos 53 muertos en Sinaloa\"}]},{\"@type\":\"WebSite\",\"@id\":\"https:\/\/noticiasya.com\/#website\",\"url\":\"https:\/\/noticiasya.com\/\",\"name\":\"Noticias\",\"description\":\"Lo que importa\",\"publisher\":{\"@id\":\"https:\/\/noticiasya.com\/#organization\"},\"potentialAction\":[{\"@type\":\"SearchAction\",\"target\":{\"@type\":\"EntryPoint\",\"urlTemplate\":\"https:\/\/noticiasya.com\/?s={search_term_string}\"},\"query-input\":{\"@type\":\"PropertyValueSpecification\",\"valueRequired\":true,\"valueName\":\"search_term_string\"}}],\"inLanguage\":\"es\"},{\"@type\":\"Organization\",\"@id\":\"https:\/\/noticiasya.com\/#organization\",\"name\":\"Noticias\",\"url\":\"https:\/\/noticiasya.com\/\",\"logo\":{\"@type\":\"ImageObject\",\"inLanguage\":\"es\",\"@id\":\"https:\/\/noticiasya.com\/#\/schema\/logo\/image\/\",\"url\":\"https:\/\/noticiasya.com\/wp-content\/uploads\/sites\/22\/2023\/12\/logo-nacional.png\",\"contentUrl\":\"https:\/\/noticiasya.com\/wp-content\/uploads\/sites\/22\/2023\/12\/logo-nacional.png\",\"width\":1801,\"height\":691,\"caption\":\"Noticias\"},\"image\":{\"@id\":\"https:\/\/noticiasya.com\/#\/schema\/logo\/image\/\"}}]}<\/script>\n<!-- \/ Yoast SEO plugin. -->","yoast_head_json":{"title":"Ola de violencia en M\u00e9xico: al menos 53 muertos en Sinaloa - Noticias","robots":{"index":"index","follow":"follow","max-snippet":"max-snippet:-1","max-image-preview":"max-image-preview:large","max-video-preview":"max-video-preview:-1"},"canonical":"https:\/\/noticiasya.com\/2024\/09\/21\/ola-violencia-mexico-muertos-sinaloa-orix\/","og_locale":"es_ES","og_type":"article","og_title":"Ola de violencia en M\u00e9xico: al menos 53 muertos en Sinaloa - Noticias","og_description":"(CNN Espa\u00f1ol) &#8212; La Fiscal\u00eda de Sinaloa inform\u00f3 este s\u00e1bado de la muerte de al menos cuatro personas durante el 20 de septiembre, con lo que la cifra de muertos por la violencia en el estado mexicano, en el noroeste del pa\u00eds, aumenta a 53 personas desde el 9 de septiembre, fecha en la que [&hellip;]","og_url":"https:\/\/noticiasya.com\/2024\/09\/21\/ola-violencia-mexico-muertos-sinaloa-orix\/","og_site_name":"Noticias","article_published_time":"2024-09-21T14:03:41+00:00","twitter_card":"summary_large_image","twitter_misc":{"Est. reading time":"3 minutos"},"schema":{"@context":"https:\/\/schema.org","@graph":[{"@type":"Article","@id":"https:\/\/noticiasya.com\/2024\/09\/21\/ola-violencia-mexico-muertos-sinaloa-orix\/#article","isPartOf":{"@id":"https:\/\/noticiasya.com\/2024\/09\/21\/ola-violencia-mexico-muertos-sinaloa-orix\/"},"author":{"name":"","@id":""},"headline":"Ola de violencia en M\u00e9xico: al menos 53 muertos en Sinaloa","datePublished":"2024-09-21T14:03:41+00:00","mainEntityOfPage":{"@id":"https:\/\/noticiasya.com\/2024\/09\/21\/ola-violencia-mexico-muertos-sinaloa-orix\/"},"wordCount":554,"commentCount":0,"publisher":{"@id":"https:\/\/noticiasya.com\/#organization"},"articleSection":["Noticias Nacionales"],"inLanguage":"es","potentialAction":[{"@type":"CommentAction","name":"Comment","target":["https:\/\/noticiasya.com\/2024\/09\/21\/ola-violencia-mexico-muertos-sinaloa-orix\/#respond"]}]},{"@type":"WebPage","@id":"https:\/\/noticiasya.com\/2024\/09\/21\/ola-violencia-mexico-muertos-sinaloa-orix\/","url":"https:\/\/noticiasya.com\/2024\/09\/21\/ola-violencia-mexico-muertos-sinaloa-orix\/","name":"Ola de violencia en M\u00e9xico: al menos 53 muertos en Sinaloa - Noticias","isPartOf":{"@id":"https:\/\/noticiasya.com\/#website"},"datePublished":"2024-09-21T14:03:41+00:00","breadcrumb":{"@id":"https:\/\/noticiasya.com\/2024\/09\/21\/ola-violencia-mexico-muertos-sinaloa-orix\/#breadcrumb"},"inLanguage":"es","potentialAction":[{"@type":"ReadAction","target":["https:\/\/noticiasya.com\/2024\/09\/21\/ola-violencia-mexico-muertos-sinaloa-orix\/"]}]},{"@type":"BreadcrumbList","@id":"https:\/\/noticiasya.com\/2024\/09\/21\/ola-violencia-mexico-muertos-sinaloa-orix\/#breadcrumb","itemListElement":[{"@type":"ListItem","position":1,"name":"Home","item":"https:\/\/noticiasya.com\/"},{"@type":"ListItem","position":2,"name":"Ola de violencia en M\u00e9xico: al menos 53 muertos en Sinaloa"}]},{"@type":"WebSite","@id":"https:\/\/noticiasya.com\/#website","url":"https:\/\/noticiasya.com\/","name":"Noticias","description":"Lo que importa","publisher":{"@id":"https:\/\/noticiasya.com\/#organization"},"potentialAction":[{"@type":"SearchAction","target":{"@type":"EntryPoint","urlTemplate":"https:\/\/noticiasya.com\/?s={search_term_string}"},"query-input":{"@type":"PropertyValueSpecification","valueRequired":true,"valueName":"search_term_string"}}],"inLanguage":"es"},{"@type":"Organization","@id":"https:\/\/noticiasya.com\/#organization","name":"Noticias","url":"https:\/\/noticiasya.com\/","logo":{"@type":"ImageObject","inLanguage":"es","@id":"https:\/\/noticiasya.com\/#\/schema\/logo\/image\/","url":"https:\/\/noticiasya.com\/wp-content\/uploads\/sites\/22\/2023\/12\/logo-nacional.png","contentUrl":"https:\/\/noticiasya.com\/wp-content\/uploads\/sites\/22\/2023\/12\/logo-nacional.png","width":1801,"height":691,"caption":"Noticias"},"image":{"@id":"https:\/\/noticiasya.com\/#\/schema\/logo\/image\/"}}]}},"parsely":{"version":"1.1.0","canonical_url":"https:\/\/noticiasya.com\/midland-odessa\/2024\/09\/21\/ola-violencia-mexico-muertos-sinaloa-orix\/","smart_links":{"inbound":0,"outbound":0},"traffic_boost_suggestions_count":0,"meta":{"@context":"https:\/\/schema.org","@type":"NewsArticle","headline":"Ola de violencia en M\u00e9xico: al menos 53 muertos en Sinaloa","url":"http:\/\/noticiasya.com\/midland-odessa\/2024\/09\/21\/ola-violencia-mexico-muertos-sinaloa-orix\/","mainEntityOfPage":{"@type":"WebPage","@id":"http:\/\/noticiasya.com\/midland-odessa\/2024\/09\/21\/ola-violencia-mexico-muertos-sinaloa-orix\/"},"thumbnailUrl":"","image":{"@type":"ImageObject","url":""},"articleSection":"Noticias Nacionales","author":[],"creator":[],"publisher":{"@type":"Organization","name":"Noticias","logo":""},"keywords":[],"dateCreated":"2024-09-21T14:03:41Z","datePublished":"2024-09-21T14:03:41Z","dateModified":"2024-09-21T14:03:41Z"},"rendered":"<script type=\"application\/ld+json\" class=\"wp-parsely-metadata\">{\"@context\":\"https:\\\/\\\/schema.org\",\"@type\":\"NewsArticle\",\"headline\":\"Ola de violencia en M\\u00e9xico: al menos 53 muertos en Sinaloa\",\"url\":\"http:\\\/\\\/noticiasya.com\\\/midland-odessa\\\/2024\\\/09\\\/21\\\/ola-violencia-mexico-muertos-sinaloa-orix\\\/\",\"mainEntityOfPage\":{\"@type\":\"WebPage\",\"@id\":\"http:\\\/\\\/noticiasya.com\\\/midland-odessa\\\/2024\\\/09\\\/21\\\/ola-violencia-mexico-muertos-sinaloa-orix\\\/\"},\"thumbnailUrl\":\"\",\"image\":{\"@type\":\"ImageObject\",\"url\":\"\"},\"articleSection\":\"Noticias Nacionales\",\"author\":[],\"creator\":[],\"publisher\":{\"@type\":\"Organization\",\"name\":\"Noticias\",\"logo\":\"\"},\"keywords\":[],\"dateCreated\":\"2024-09-21T14:03:41Z\",\"datePublished\":\"2024-09-21T14:03:41Z\",\"dateModified\":\"2024-09-21T14:03:41Z\"}<\/script>","tracker_url":"https:\/\/cdn.parsely.com\/keys\/noticiasya.com\/p.js"},"jetpack_featured_media_url":"","jetpack-related-posts":[{"id":1452674,"url":"https:\/\/noticiasya.com\/midland-odessa\/2024\/09\/14\/violencia-sinaloa-muertos-ultimas-24-horas-trax\/","url_meta":{"origin":1452912,"position":0},"title":"La violencia en Sinaloa deja al menos siete muertos en las \u00faltimas 24 horas, seg\u00fan fiscal\u00eda","author":"","date":"septiembre 14, 2024","format":false,"excerpt":"(CNN) --\u00a0 Al menos siete personas han muerto en las \u00faltimas 24 horas en Sinaloa, en el noroeste de M\u00e9xico, seg\u00fan inform\u00f3 el viernes la fiscal\u00eda del estado.Sinaloa, y en particular su capital, Culiac\u00e1n, y sus alrededores, enfrentan un aumento en la violencia desde el lunes 9 de septiembre debido\u2026","rel":"","context":"In &quot;Noticias Nacionales&quot;","block_context":{"text":"Noticias Nacionales","link":"https:\/\/noticiasya.com\/midland-odessa\/categoria\/noticias-nacionales"},"img":{"alt_text":"","src":"","width":0,"height":0},"classes":[]},{"id":1456573,"url":"https:\/\/noticiasya.com\/midland-odessa\/2024\/12\/13\/violencia-sinaloa-66-homicidios-diciembre-orix\/","url_meta":{"origin":1452912,"position":1},"title":"La violencia en Sinaloa deja al menos 66 homicidios en lo que va de diciembre","author":"","date":"diciembre 13, 2024","format":false,"excerpt":"La violencia que azota al estado mexicano de Sinaloa, en el noroeste del pa\u00eds, ha dejado al menos 66 homicidios en los primeros 12 d\u00edas de diciembre, de acuerdo con datos de la fiscal\u00eda estatal.El Gobierno de M\u00e9xico mantiene su afirmaci\u00f3n de que los enfrentamientos entre grupos armados repuntaron a\u2026","rel":"","context":"In &quot;Noticias Nacionales&quot;","block_context":{"text":"Noticias Nacionales","link":"https:\/\/noticiasya.com\/midland-odessa\/categoria\/noticias-nacionales"},"img":{"alt_text":"","src":"","width":0,"height":0},"classes":[]},{"id":1452848,"url":"https:\/\/noticiasya.com\/midland-odessa\/2024\/09\/19\/lopez-obrador-violencia-sinaloa-estados-unidos-orix\/","url_meta":{"origin":1452912,"position":2},"title":"L\u00f3pez Obrador atribuye violencia en Sinaloa a un supuesto \u201cacuerdo\u201d negociado por el Departamento de Justicia de EE.UU.","author":"","date":"septiembre 19, 2024","format":false,"excerpt":"(CNN Espa\u00f1ol) -- El presidente de M\u00e9xico, Andr\u00e9s Manuel L\u00f3pez Obrador, reiter\u00f3 este jueves que le pidi\u00f3 una explicaci\u00f3n a Estados Unidos sobre los hechos que llevaron a la detenci\u00f3n del cofundador del c\u00e1rtel de Sinaloa, Ismael \u201cEl Mayo\u201d Zambada, ocurrida el 25 de julio, y afirm\u00f3 que la violencia\u2026","rel":"","context":"In &quot;Noticias Nacionales&quot;","block_context":{"text":"Noticias Nacionales","link":"https:\/\/noticiasya.com\/midland-odessa\/categoria\/noticias-nacionales"},"img":{"alt_text":"","src":"","width":0,"height":0},"classes":[]},{"id":1452610,"url":"https:\/\/noticiasya.com\/midland-odessa\/2024\/09\/12\/gobernador-sinaloa-suspension-clases-cinco-municipios-violencia-orix\/","url_meta":{"origin":1452912,"position":3},"title":"Gobernador de Sinaloa ordena la suspensi\u00f3n de clases en cinco municipios y de los festejos por la independencia debido a la violencia","author":"","date":"septiembre 12, 2024","format":false,"excerpt":"(CNN Espa\u00f1ol) -- El gobernador de Sinaloa, Rub\u00e9n Rocha Moya, anunci\u00f3 este jueves la suspensi\u00f3n de clases en todos los niveles en cinco municipios de su estado, en el noroeste del pa\u00eds, entre ellos la capital, Culiac\u00e1n, y de los festejos por el Grito del 15 de septiembre, debido a\u2026","rel":"","context":"In &quot;Noticias Nacionales&quot;","block_context":{"text":"Noticias Nacionales","link":"https:\/\/noticiasya.com\/midland-odessa\/categoria\/noticias-nacionales"},"img":{"alt_text":"","src":"","width":0,"height":0},"classes":[]},{"id":1457872,"url":"https:\/\/noticiasya.com\/midland-odessa\/2025\/01\/25\/sheinbaum-solidaridad-violencia-sinaloa-protestas-orix\/","url_meta":{"origin":1452912,"position":4},"title":"Sheinbaum expresa solidaridad a familia de ni\u00f1os muertos por violencia en Sinaloa tras protestas frente a Congreso local","author":"","date":"enero 25, 2025","format":false,"excerpt":"La presidenta de M\u00e9xico, Claudia Sheinbaum, expres\u00f3 este viernes su \u201csolidaridad\u201d con los familiares de un hombre y sus dos hijos, quienes murieron en medio de un ataque ocurrido en Sinaloa, en el noroeste del pa\u00eds, y dijo que pedir\u00eda a la secretaria de Gobernaci\u00f3n, Rosa Icela Rodr\u00edguez, que se\u2026","rel":"","context":"In &quot;Noticias Nacionales&quot;","block_context":{"text":"Noticias Nacionales","link":"https:\/\/noticiasya.com\/midland-odessa\/categoria\/noticias-nacionales"},"img":{"alt_text":"","src":"","width":0,"height":0},"classes":[]},{"id":1453139,"url":"https:\/\/noticiasya.com\/midland-odessa\/2024\/09\/27\/81-personas-muertas-ola-de-violencia-sinaloa-orix\/","url_meta":{"origin":1452912,"position":5},"title":"Sube a al menos 81 personas muertas por ola de violencia en Sinaloa desde el 9 de septiembre, seg\u00fan las autoridades","author":"","date":"septiembre 27, 2024","format":false,"excerpt":"(CNN Espa\u00f1ol) -- Al menos 28 personas murieron entre el 21 y 26 de septiembre en Sinaloa, en el noreste de M\u00e9xico, de acuerdo con datos de la Fiscal\u00eda del estado.Con esta cifra, aumenta a 81 el n\u00famero de muertos desde que el 9 de septiembre se desat\u00f3 una ola\u2026","rel":"","context":"In &quot;Noticias Nacionales&quot;","block_context":{"text":"Noticias Nacionales","link":"https:\/\/noticiasya.com\/midland-odessa\/categoria\/noticias-nacionales"},"img":{"alt_text":"","src":"","width":0,"height":0},"classes":[]}],"jetpack_sharing_enabled":true,"_links":{"self":[{"href":"https:\/\/noticiasya.com\/midland-odessa\/wp-json\/wp\/v2\/posts\/1452912","targetHints":{"allow":["GET"]}}],"collection":[{"href":"https:\/\/noticiasya.com\/midland-odessa\/wp-json\/wp\/v2\/posts"}],"about":[{"href":"https:\/\/noticiasya.com\/midland-odessa\/wp-json\/wp\/v2\/types\/post"}],"replies":[{"embeddable":true,"href":"https:\/\/noticiasya.com\/midland-odessa\/wp-json\/wp\/v2\/comments?post=1452912"}],"version-history":[{"count":0,"href":"https:\/\/noticiasya.com\/midland-odessa\/wp-json\/wp\/v2\/posts\/1452912\/revisions"}],"wp:attachment":[{"href":"https:\/\/noticiasya.com\/midland-odessa\/wp-json\/wp\/v2\/media?parent=1452912"}],"wp:term":[{"taxonomy":"category","embeddable":true,"href":"https:\/\/noticiasya.com\/midland-odessa\/wp-json\/wp\/v2\/categories?post=1452912"},{"taxonomy":"post_tag","embeddable":true,"href":"https:\/\/noticiasya.com\/midland-odessa\/wp-json\/wp\/v2\/tags?post=1452912"}],"curies":[{"name":"wp","href":"https:\/\/api.w.org\/{rel}","templated":true}]}}