{"id":1452920,"date":"2024-09-21T15:03:54","date_gmt":"2024-09-21T22:03:54","guid":{"rendered":"https:\/\/noticiasya.com\/2024\/09\/21\/boric-petro-lula-y-jill-biden-asistentes-posesion-sheinbaum-presidenta-mexico-orix\/"},"modified":"2024-09-21T15:03:54","modified_gmt":"2024-09-21T22:03:54","slug":"boric-petro-lula-y-jill-biden-asistentes-posesion-sheinbaum-presidenta-mexico-orix","status":"publish","type":"post","link":"https:\/\/noticiasya.com\/midland-odessa\/2024\/09\/21\/boric-petro-lula-y-jill-biden-asistentes-posesion-sheinbaum-presidenta-mexico-orix\/","title":{"rendered":"Jill Biden, Petro y Lula da Silva, entre los asistentes a la toma de posesi\u00f3n de Claudia Sheinbaum como presidenta de M\u00e9xico"},"content":{"rendered":"<p>(CNN Espa\u00f1ol) &#8212; Claudia Sheinbaum tomar\u00e1 posesi\u00f3n como la primera presidenta de M\u00e9xico el pr\u00f3ximo 1 de octubre en la C\u00e1mara de Diputados. Al evento asistir\u00e1n representantes de 105 pa\u00edses y 22 organismos internacionales, inform\u00f3 la presidenta electa este jueves en un comunicado publicado en X.<\/p>\n<p>En la lista publicada por Sheinbaum destacan 16 mandatarios que confirmaron su asistencia, entre ellos los presidentes de Chile, Gabriel Boric; de Colombia, Gustavo Petro; Brasil, Luiz In\u00e1cio Lula da Silva; Cuba, Miguel D\u00edaz-Canel; Bolivia, Luis Alberto Arce; Guatemala, Bernardo Ar\u00e9valo y la presidenta de Honduras, Xiomara Castro.<\/p>\n<p>\u00bfQui\u00e9nes son los ministros del Gobierno de Claudia Sheinbaum en M\u00e9xico? Este es su gabinete<\/p>\n<p>Tambi\u00e9n asistir\u00e1 la primera dama Jill Biden en representaci\u00f3n del presidente de Estados Unidos, Joe Biden, y el expresidente Christian Wilhelm Walter representando a Frank-Walter Steinmeier, presidente de Alemania.<\/p>\n<p>La Casa Blanca anunci\u00f3 el mi\u00e9rcoles la designaci\u00f3n de una delegaci\u00f3n presidencial para asistir a la ceremonia en la Ciudad de M\u00e9xico. &#171;La Dra. Jill Biden, primera dama de Estados Unidos, encabezar\u00e1 la delegaci\u00f3n. La lista completa de los miembros de la delegaci\u00f3n se anunciar\u00e1 m\u00e1s adelante&#187;, detall\u00f3 en un comunicado.<\/p>\n<p>Otros mandatarios que confirmaron su asistencia son Luis Rodolfo Abinader, de Rep\u00fablica Dominicana; Nana Addo Dankwa, de Ghana; Santiago Pe\u00f1a, de Paraguay, y Mohamed Yunus Al-Menfi, de Libia.<\/p>\n<p>Adem\u00e1s, estar\u00e1n presentes cuatro vicepresidentes, cuatro titulares de \u00f3rganos legislativos, 17 representantes a nivel ministerial, 11 viceministros, enviados especiales, 10 titulares de organismos internacionales y embajadores residentes y concurrentes.<\/p>\n<p>En agosto, la agencia estatal de noticias rusa TASS inform\u00f3 que el presidente, Vladimir Putin, recibi\u00f3 una invitaci\u00f3n para asistir a la ceremonia de toma de posesi\u00f3n de Sheinbaum.\u00a0El equipo de prensa de de la presidenta electa dijo a CNN que \u201clo que se hizo fue un aviso diplom\u00e1tico, que no es equivalente a una invitaci\u00f3n formal\u201d. Y subray\u00f3 que el comunicado se env\u00eda a todas las naciones, no solo a Rusia. La Secretar\u00eda de Relaciones de M\u00e9xico dijo a CNN que las notas diplom\u00e1ticas fueron remitidas a todos los pa\u00edses con los que mantiene relaciones.<\/p>\n<p>Estados Unidos consider\u00f3 que la presencia de un \u201caut\u00f3crata\u201d \u201crestar\u00eda valor a lo que ser\u00e1 un evento hist\u00f3rico\u201d para M\u00e9xico.<\/p>\n<p>\u201cLas tomas de protesta deben ser celebraciones de la democracia y transiciones pac\u00edficas del poder. Como naci\u00f3n soberana, M\u00e9xico es quien decide a qui\u00e9n invitar a esos eventos. No obstante, la presencia de un aut\u00f3crata, responsable de tanta muerte y destrucci\u00f3n, restar\u00eda valor a lo que ser\u00e1 un momento hist\u00f3rico para M\u00e9xico\u201d, dijo a CNN el 7 de agosto un portavoz del Departamento de Estado a trav\u00e9s de un correo electr\u00f3nico.<\/p>\n<p>Hasta el momento, no se ha confirmado el nombre de ning\u00fan asistente en representaci\u00f3n de Rusia.<\/p>\n<p>Sheinbaum recibir\u00e1 la banda presidencial para relevar a Andr\u00e9s Manuel L\u00f3pez Obrador y su mandato durar\u00e1 seis a\u00f1os, de 2024 a 2030.<\/p>\n<p>The-CNN-Wire<br \/>&trade; &amp; &copy; 2024 Cable News Network, Inc., a Warner Bros. Discovery Company. All rights reserved.<\/p>\n","protected":false},"excerpt":{"rendered":"<p>(CNN Espa\u00f1ol) &#8212; Claudia Sheinbaum tomar\u00e1 posesi\u00f3n como la primera presidenta de M\u00e9xico el pr\u00f3ximo 1 de octubre en la C\u00e1mara de Diputados. Al evento asistir\u00e1n representantes de 105 pa\u00edses y 22 organismos internacionales, inform\u00f3 la presidenta electa este jueves en un comunicado publicado en X. En la lista publicada por Sheinbaum destacan 16 mandatarios [&hellip;]<\/p>\n","protected":false},"author":0,"featured_media":0,"comment_status":"open","ping_status":"open","sticky":false,"template":"","format":"standard","meta":{"_jetpack_memberships_contains_paid_content":false,"footnotes":""},"categories":[10],"tags":[],"class_list":["post-1452920","post","type-post","status-publish","format-standard","hentry","category-noticias-nacionales","market-global"],"yoast_head":"<!-- This site is optimized with the Yoast SEO plugin v24.4 - https:\/\/yoast.com\/wordpress\/plugins\/seo\/ -->\n<title>Jill Biden, Petro y Lula da Silva, entre los asistentes a la toma de posesi\u00f3n de Claudia Sheinbaum como presidenta de M\u00e9xico - Noticias<\/title>\n<meta name=\"robots\" content=\"index, follow, max-snippet:-1, max-image-preview:large, max-video-preview:-1\" \/>\n<link rel=\"canonical\" href=\"https:\/\/noticiasya.com\/2024\/09\/21\/boric-petro-lula-y-jill-biden-asistentes-posesion-sheinbaum-presidenta-mexico-orix\/\" \/>\n<meta property=\"og:locale\" content=\"es_ES\" \/>\n<meta property=\"og:type\" content=\"article\" \/>\n<meta property=\"og:title\" content=\"Jill Biden, Petro y Lula da Silva, entre los asistentes a la toma de posesi\u00f3n de Claudia Sheinbaum como presidenta de M\u00e9xico - Noticias\" \/>\n<meta property=\"og:description\" content=\"(CNN Espa\u00f1ol) &#8212; Claudia Sheinbaum tomar\u00e1 posesi\u00f3n como la primera presidenta de M\u00e9xico el pr\u00f3ximo 1 de octubre en la C\u00e1mara de Diputados. Al evento asistir\u00e1n representantes de 105 pa\u00edses y 22 organismos internacionales, inform\u00f3 la presidenta electa este jueves en un comunicado publicado en X. En la lista publicada por Sheinbaum destacan 16 mandatarios [&hellip;]\" \/>\n<meta property=\"og:url\" content=\"https:\/\/noticiasya.com\/2024\/09\/21\/boric-petro-lula-y-jill-biden-asistentes-posesion-sheinbaum-presidenta-mexico-orix\/\" \/>\n<meta property=\"og:site_name\" content=\"Noticias\" \/>\n<meta property=\"article:published_time\" content=\"2024-09-21T22:03:54+00:00\" \/>\n<meta name=\"twitter:card\" content=\"summary_large_image\" \/>\n<meta name=\"twitter:label1\" content=\"Est. reading time\" \/>\n\t<meta name=\"twitter:data1\" content=\"3 minutos\" \/>\n<script type=\"application\/ld+json\" class=\"yoast-schema-graph\">{\"@context\":\"https:\/\/schema.org\",\"@graph\":[{\"@type\":\"Article\",\"@id\":\"https:\/\/noticiasya.com\/2024\/09\/21\/boric-petro-lula-y-jill-biden-asistentes-posesion-sheinbaum-presidenta-mexico-orix\/#article\",\"isPartOf\":{\"@id\":\"https:\/\/noticiasya.com\/2024\/09\/21\/boric-petro-lula-y-jill-biden-asistentes-posesion-sheinbaum-presidenta-mexico-orix\/\"},\"author\":{\"name\":\"\",\"@id\":\"\"},\"headline\":\"Jill Biden, Petro y Lula da Silva, entre los asistentes a la toma de posesi\u00f3n de Claudia Sheinbaum como presidenta de M\u00e9xico\",\"datePublished\":\"2024-09-21T22:03:54+00:00\",\"mainEntityOfPage\":{\"@id\":\"https:\/\/noticiasya.com\/2024\/09\/21\/boric-petro-lula-y-jill-biden-asistentes-posesion-sheinbaum-presidenta-mexico-orix\/\"},\"wordCount\":556,\"commentCount\":0,\"publisher\":{\"@id\":\"https:\/\/noticiasya.com\/#organization\"},\"articleSection\":[\"Noticias Nacionales\"],\"inLanguage\":\"es\",\"potentialAction\":[{\"@type\":\"CommentAction\",\"name\":\"Comment\",\"target\":[\"https:\/\/noticiasya.com\/2024\/09\/21\/boric-petro-lula-y-jill-biden-asistentes-posesion-sheinbaum-presidenta-mexico-orix\/#respond\"]}]},{\"@type\":\"WebPage\",\"@id\":\"https:\/\/noticiasya.com\/2024\/09\/21\/boric-petro-lula-y-jill-biden-asistentes-posesion-sheinbaum-presidenta-mexico-orix\/\",\"url\":\"https:\/\/noticiasya.com\/2024\/09\/21\/boric-petro-lula-y-jill-biden-asistentes-posesion-sheinbaum-presidenta-mexico-orix\/\",\"name\":\"Jill Biden, Petro y Lula da Silva, entre los asistentes a la toma de posesi\u00f3n de Claudia Sheinbaum como presidenta de M\u00e9xico - Noticias\",\"isPartOf\":{\"@id\":\"https:\/\/noticiasya.com\/#website\"},\"datePublished\":\"2024-09-21T22:03:54+00:00\",\"breadcrumb\":{\"@id\":\"https:\/\/noticiasya.com\/2024\/09\/21\/boric-petro-lula-y-jill-biden-asistentes-posesion-sheinbaum-presidenta-mexico-orix\/#breadcrumb\"},\"inLanguage\":\"es\",\"potentialAction\":[{\"@type\":\"ReadAction\",\"target\":[\"https:\/\/noticiasya.com\/2024\/09\/21\/boric-petro-lula-y-jill-biden-asistentes-posesion-sheinbaum-presidenta-mexico-orix\/\"]}]},{\"@type\":\"BreadcrumbList\",\"@id\":\"https:\/\/noticiasya.com\/2024\/09\/21\/boric-petro-lula-y-jill-biden-asistentes-posesion-sheinbaum-presidenta-mexico-orix\/#breadcrumb\",\"itemListElement\":[{\"@type\":\"ListItem\",\"position\":1,\"name\":\"Home\",\"item\":\"https:\/\/noticiasya.com\/\"},{\"@type\":\"ListItem\",\"position\":2,\"name\":\"Jill Biden, Petro y Lula da Silva, entre los asistentes a la toma de posesi\u00f3n de Claudia Sheinbaum como presidenta de M\u00e9xico\"}]},{\"@type\":\"WebSite\",\"@id\":\"https:\/\/noticiasya.com\/#website\",\"url\":\"https:\/\/noticiasya.com\/\",\"name\":\"Noticias\",\"description\":\"Lo que importa\",\"publisher\":{\"@id\":\"https:\/\/noticiasya.com\/#organization\"},\"potentialAction\":[{\"@type\":\"SearchAction\",\"target\":{\"@type\":\"EntryPoint\",\"urlTemplate\":\"https:\/\/noticiasya.com\/?s={search_term_string}\"},\"query-input\":{\"@type\":\"PropertyValueSpecification\",\"valueRequired\":true,\"valueName\":\"search_term_string\"}}],\"inLanguage\":\"es\"},{\"@type\":\"Organization\",\"@id\":\"https:\/\/noticiasya.com\/#organization\",\"name\":\"Noticias\",\"url\":\"https:\/\/noticiasya.com\/\",\"logo\":{\"@type\":\"ImageObject\",\"inLanguage\":\"es\",\"@id\":\"https:\/\/noticiasya.com\/#\/schema\/logo\/image\/\",\"url\":\"https:\/\/noticiasya.com\/wp-content\/uploads\/sites\/22\/2023\/12\/logo-nacional.png\",\"contentUrl\":\"https:\/\/noticiasya.com\/wp-content\/uploads\/sites\/22\/2023\/12\/logo-nacional.png\",\"width\":1801,\"height\":691,\"caption\":\"Noticias\"},\"image\":{\"@id\":\"https:\/\/noticiasya.com\/#\/schema\/logo\/image\/\"}}]}<\/script>\n<!-- \/ Yoast SEO plugin. -->","yoast_head_json":{"title":"Jill Biden, Petro y Lula da Silva, entre los asistentes a la toma de posesi\u00f3n de Claudia Sheinbaum como presidenta de M\u00e9xico - Noticias","robots":{"index":"index","follow":"follow","max-snippet":"max-snippet:-1","max-image-preview":"max-image-preview:large","max-video-preview":"max-video-preview:-1"},"canonical":"https:\/\/noticiasya.com\/2024\/09\/21\/boric-petro-lula-y-jill-biden-asistentes-posesion-sheinbaum-presidenta-mexico-orix\/","og_locale":"es_ES","og_type":"article","og_title":"Jill Biden, Petro y Lula da Silva, entre los asistentes a la toma de posesi\u00f3n de Claudia Sheinbaum como presidenta de M\u00e9xico - Noticias","og_description":"(CNN Espa\u00f1ol) &#8212; Claudia Sheinbaum tomar\u00e1 posesi\u00f3n como la primera presidenta de M\u00e9xico el pr\u00f3ximo 1 de octubre en la C\u00e1mara de Diputados. Al evento asistir\u00e1n representantes de 105 pa\u00edses y 22 organismos internacionales, inform\u00f3 la presidenta electa este jueves en un comunicado publicado en X. En la lista publicada por Sheinbaum destacan 16 mandatarios [&hellip;]","og_url":"https:\/\/noticiasya.com\/2024\/09\/21\/boric-petro-lula-y-jill-biden-asistentes-posesion-sheinbaum-presidenta-mexico-orix\/","og_site_name":"Noticias","article_published_time":"2024-09-21T22:03:54+00:00","twitter_card":"summary_large_image","twitter_misc":{"Est. reading time":"3 minutos"},"schema":{"@context":"https:\/\/schema.org","@graph":[{"@type":"Article","@id":"https:\/\/noticiasya.com\/2024\/09\/21\/boric-petro-lula-y-jill-biden-asistentes-posesion-sheinbaum-presidenta-mexico-orix\/#article","isPartOf":{"@id":"https:\/\/noticiasya.com\/2024\/09\/21\/boric-petro-lula-y-jill-biden-asistentes-posesion-sheinbaum-presidenta-mexico-orix\/"},"author":{"name":"","@id":""},"headline":"Jill Biden, Petro y Lula da Silva, entre los asistentes a la toma de posesi\u00f3n de Claudia Sheinbaum como presidenta de M\u00e9xico","datePublished":"2024-09-21T22:03:54+00:00","mainEntityOfPage":{"@id":"https:\/\/noticiasya.com\/2024\/09\/21\/boric-petro-lula-y-jill-biden-asistentes-posesion-sheinbaum-presidenta-mexico-orix\/"},"wordCount":556,"commentCount":0,"publisher":{"@id":"https:\/\/noticiasya.com\/#organization"},"articleSection":["Noticias Nacionales"],"inLanguage":"es","potentialAction":[{"@type":"CommentAction","name":"Comment","target":["https:\/\/noticiasya.com\/2024\/09\/21\/boric-petro-lula-y-jill-biden-asistentes-posesion-sheinbaum-presidenta-mexico-orix\/#respond"]}]},{"@type":"WebPage","@id":"https:\/\/noticiasya.com\/2024\/09\/21\/boric-petro-lula-y-jill-biden-asistentes-posesion-sheinbaum-presidenta-mexico-orix\/","url":"https:\/\/noticiasya.com\/2024\/09\/21\/boric-petro-lula-y-jill-biden-asistentes-posesion-sheinbaum-presidenta-mexico-orix\/","name":"Jill Biden, Petro y Lula da Silva, entre los asistentes a la toma de posesi\u00f3n de Claudia Sheinbaum como presidenta de M\u00e9xico - Noticias","isPartOf":{"@id":"https:\/\/noticiasya.com\/#website"},"datePublished":"2024-09-21T22:03:54+00:00","breadcrumb":{"@id":"https:\/\/noticiasya.com\/2024\/09\/21\/boric-petro-lula-y-jill-biden-asistentes-posesion-sheinbaum-presidenta-mexico-orix\/#breadcrumb"},"inLanguage":"es","potentialAction":[{"@type":"ReadAction","target":["https:\/\/noticiasya.com\/2024\/09\/21\/boric-petro-lula-y-jill-biden-asistentes-posesion-sheinbaum-presidenta-mexico-orix\/"]}]},{"@type":"BreadcrumbList","@id":"https:\/\/noticiasya.com\/2024\/09\/21\/boric-petro-lula-y-jill-biden-asistentes-posesion-sheinbaum-presidenta-mexico-orix\/#breadcrumb","itemListElement":[{"@type":"ListItem","position":1,"name":"Home","item":"https:\/\/noticiasya.com\/"},{"@type":"ListItem","position":2,"name":"Jill Biden, Petro y Lula da Silva, entre los asistentes a la toma de posesi\u00f3n de Claudia Sheinbaum como presidenta de M\u00e9xico"}]},{"@type":"WebSite","@id":"https:\/\/noticiasya.com\/#website","url":"https:\/\/noticiasya.com\/","name":"Noticias","description":"Lo que importa","publisher":{"@id":"https:\/\/noticiasya.com\/#organization"},"potentialAction":[{"@type":"SearchAction","target":{"@type":"EntryPoint","urlTemplate":"https:\/\/noticiasya.com\/?s={search_term_string}"},"query-input":{"@type":"PropertyValueSpecification","valueRequired":true,"valueName":"search_term_string"}}],"inLanguage":"es"},{"@type":"Organization","@id":"https:\/\/noticiasya.com\/#organization","name":"Noticias","url":"https:\/\/noticiasya.com\/","logo":{"@type":"ImageObject","inLanguage":"es","@id":"https:\/\/noticiasya.com\/#\/schema\/logo\/image\/","url":"https:\/\/noticiasya.com\/wp-content\/uploads\/sites\/22\/2023\/12\/logo-nacional.png","contentUrl":"https:\/\/noticiasya.com\/wp-content\/uploads\/sites\/22\/2023\/12\/logo-nacional.png","width":1801,"height":691,"caption":"Noticias"},"image":{"@id":"https:\/\/noticiasya.com\/#\/schema\/logo\/image\/"}}]}},"parsely":{"version":"1.1.0","canonical_url":"https:\/\/noticiasya.com\/midland-odessa\/2024\/09\/21\/boric-petro-lula-y-jill-biden-asistentes-posesion-sheinbaum-presidenta-mexico-orix\/","smart_links":{"inbound":0,"outbound":0},"traffic_boost_suggestions_count":0,"meta":{"@context":"https:\/\/schema.org","@type":"NewsArticle","headline":"Jill Biden, Petro y Lula da Silva, entre los asistentes a la toma de posesi\u00f3n de Claudia Sheinbaum como presidenta de M\u00e9xico","url":"http:\/\/noticiasya.com\/midland-odessa\/2024\/09\/21\/boric-petro-lula-y-jill-biden-asistentes-posesion-sheinbaum-presidenta-mexico-orix\/","mainEntityOfPage":{"@type":"WebPage","@id":"http:\/\/noticiasya.com\/midland-odessa\/2024\/09\/21\/boric-petro-lula-y-jill-biden-asistentes-posesion-sheinbaum-presidenta-mexico-orix\/"},"thumbnailUrl":"","image":{"@type":"ImageObject","url":""},"articleSection":"Noticias Nacionales","author":[],"creator":[],"publisher":{"@type":"Organization","name":"Noticias","logo":""},"keywords":[],"dateCreated":"2024-09-21T22:03:54Z","datePublished":"2024-09-21T22:03:54Z","dateModified":"2024-09-21T22:03:54Z"},"rendered":"<script type=\"application\/ld+json\" class=\"wp-parsely-metadata\">{\"@context\":\"https:\\\/\\\/schema.org\",\"@type\":\"NewsArticle\",\"headline\":\"Jill Biden, Petro y Lula da Silva, entre los asistentes a la toma de posesi\\u00f3n de Claudia Sheinbaum como presidenta de M\\u00e9xico\",\"url\":\"http:\\\/\\\/noticiasya.com\\\/midland-odessa\\\/2024\\\/09\\\/21\\\/boric-petro-lula-y-jill-biden-asistentes-posesion-sheinbaum-presidenta-mexico-orix\\\/\",\"mainEntityOfPage\":{\"@type\":\"WebPage\",\"@id\":\"http:\\\/\\\/noticiasya.com\\\/midland-odessa\\\/2024\\\/09\\\/21\\\/boric-petro-lula-y-jill-biden-asistentes-posesion-sheinbaum-presidenta-mexico-orix\\\/\"},\"thumbnailUrl\":\"\",\"image\":{\"@type\":\"ImageObject\",\"url\":\"\"},\"articleSection\":\"Noticias Nacionales\",\"author\":[],\"creator\":[],\"publisher\":{\"@type\":\"Organization\",\"name\":\"Noticias\",\"logo\":\"\"},\"keywords\":[],\"dateCreated\":\"2024-09-21T22:03:54Z\",\"datePublished\":\"2024-09-21T22:03:54Z\",\"dateModified\":\"2024-09-21T22:03:54Z\"}<\/script>","tracker_url":"https:\/\/cdn.parsely.com\/keys\/noticiasya.com\/p.js"},"jetpack_featured_media_url":"","jetpack-related-posts":[{"id":1453218,"url":"https:\/\/noticiasya.com\/midland-odessa\/2024\/09\/30\/claudia-sheinbaum-toma-protesta-mexico-presidenta-como-ver-orix\/","url_meta":{"origin":1452920,"position":0},"title":"Toma de protesta de Claudia Sheinbaum como presidenta de M\u00e9xico: qu\u00e9 presidentes e invitados asisten, cu\u00e1ndo es y c\u00f3mo ver en vivo","author":"","date":"septiembre 30, 2024","format":false,"excerpt":"(CNN Espa\u00f1ol) -- Este martes 1 de octubre la presidenta electa de M\u00e9xico, Claudia Sheinbaum, tendr\u00e1 su toma de protesta. \u00bfC\u00f3mo ser\u00e1 y qui\u00e9nes estar\u00e1n presentes? Aqu\u00ed te contamos.Horario y c\u00f3mo ver la ceremoniaLa ceremonia de investidura de la primera presidenta mujer de M\u00e9xico se realizar\u00e1 este martes 1 de\u2026","rel":"","context":"In &quot;Noticias Nacionales&quot;","block_context":{"text":"Noticias Nacionales","link":"https:\/\/noticiasya.com\/midland-odessa\/categoria\/noticias-nacionales"},"img":{"alt_text":"","src":"","width":0,"height":0},"classes":[]},{"id":1451039,"url":"https:\/\/noticiasya.com\/midland-odessa\/2024\/07\/11\/claudia-sheinbaum-gabinete-nuevo-miembro-mexico-orix\/","url_meta":{"origin":1452920,"position":1},"title":"Claudia Sheinbaum anuncia un nuevo miembro para su gabinete","author":"","date":"julio 11, 2024","format":false,"excerpt":"(CNN Espa\u00f1ol) -- La ganadora de las \u00faltimas elecciones presidenciales de M\u00e9xico, Claudia Sheinbaum, anuncia este jueves un nuevo miembro designado para lo que ser\u00e1 su gabinete cuando asuma el cargo.Este es el cuarto anuncio oficial que hace Sheinbaum respecto a qui\u00e9nes la acompa\u00f1ar\u00e1n en su gesti\u00f3n. Hasta el momento,\u2026","rel":"","context":"In &quot;Noticias Nacionales&quot;","block_context":{"text":"Noticias Nacionales","link":"https:\/\/noticiasya.com\/midland-odessa\/categoria\/noticias-nacionales"},"img":{"alt_text":"","src":"","width":0,"height":0},"classes":[]},{"id":1473036,"url":"https:\/\/noticiasya.com\/midland-odessa\/2026\/04\/10\/sheinbaum-viaja-espania-cumbre-gobiernos-progresistas-orix\/","url_meta":{"origin":1452920,"position":2},"title":"Sheinbaum anuncia que viaja a Espa\u00f1a la pr\u00f3xima semana para una cumbre de gobiernos progresistas","author":"","date":"abril 10, 2026","format":false,"excerpt":"La presidenta de M\u00e9xico, Claudia Sheinbaum, anunci\u00f3 este viernes que viajar\u00e1 a Espa\u00f1a la semana pr\u00f3xima para una reuni\u00f3n con Pedro S\u00e1nchez de la que tambi\u00e9n participar\u00e1n el presidente de Brasil, Lula Da Silva; el de Colombia, Gustavo Petro y el presidente de Uruguay, Yamand\u00fa Orsi.\u201cVoy a ir a Barcelona\u2026","rel":"","context":"In &quot;Noticias Nacionales&quot;","block_context":{"text":"Noticias Nacionales","link":"https:\/\/noticiasya.com\/midland-odessa\/categoria\/noticias-nacionales"},"img":{"alt_text":"","src":"","width":0,"height":0},"classes":[]},{"id":1472769,"url":"https:\/\/noticiasya.com\/midland-odessa\/2026\/04\/01\/mexico-deja-atras-ee-uu-presidenta-mujer-meryl-streep-claudia-sheinbaum-orix\/","url_meta":{"origin":1452920,"position":3},"title":"Meryl Streep elogi\u00f3 a Sheinbaum y la presidenta de M\u00e9xico respondi\u00f3: &#171;Es la mejor actriz del mundo&#187;","author":"","date":"abril 1, 2026","format":false,"excerpt":"La actriz estadounidense Meryl Streep reconoci\u00f3 el rol de la presidenta de M\u00e9xico, Claudia Sheinbaum, y consider\u00f3 que el pa\u00eds \u201cha dejado atr\u00e1s\u201d a Estados Unidos al tener una presidenta mujer, la primera en m\u00e1s de 200 a\u00f1os de historia.\u201cClaro que M\u00e9xico ha dejado atr\u00e1s a los Estados Unidos teniendo\u2026","rel":"","context":"In &quot;Noticias Nacionales&quot;","block_context":{"text":"Noticias Nacionales","link":"https:\/\/noticiasya.com\/midland-odessa\/categoria\/noticias-nacionales"},"img":{"alt_text":"","src":"","width":0,"height":0},"classes":[]},{"id":1464808,"url":"https:\/\/noticiasya.com\/midland-odessa\/2025\/07\/23\/lula-da-silva-sheinbaum-relacion-comercial-brasil-mexico-orix\/","url_meta":{"origin":1452920,"position":4},"title":"Lula da Silva habla con Sheinbaum sobre ampliar la relaci\u00f3n comercial Brasil-M\u00e9xico ante el actual contexto de incertidumbre","author":"","date":"julio 23, 2025","format":false,"excerpt":"El presidente de Brasil, Luiz In\u00e1cio Lula da Silva, dijo que habl\u00f3 este mi\u00e9rcoles con la presidenta de M\u00e9xico, Claudia Sheinbaum, sobre ampliar la relaci\u00f3n comercial entre ambos pa\u00edses \u201cespecialmente en el contexto actual de incertidumbre\u201d.Lula da Silva dijo en su cuenta de X que convers\u00f3 con Sheinbaum \u201csobre la\u2026","rel":"","context":"In &quot;Noticias Nacionales&quot;","block_context":{"text":"Noticias Nacionales","link":"https:\/\/noticiasya.com\/midland-odessa\/categoria\/noticias-nacionales"},"img":{"alt_text":"","src":"","width":0,"height":0},"classes":[]},{"id":1452884,"url":"https:\/\/noticiasya.com\/midland-odessa\/2024\/09\/20\/putin-no-asistira-toma-posesion-sheinbaum-mexico-orix\/","url_meta":{"origin":1452920,"position":5},"title":"Putin no asistir\u00e1 a la toma de posesi\u00f3n de Sheinbaum en M\u00e9xico, seg\u00fan el Kremlin","author":"","date":"septiembre 20, 2024","format":false,"excerpt":"(CNN Espa\u00f1ol) -- El presidente de Rusia, Vladimir Putin, no planea viajar a M\u00e9xico para asistir a la toma de posesi\u00f3n de la presidenta electa, Claudia Sheinbaum, quien asume el cargo el 1 de octubre, dijo este viernes un portavoz del Kremlin.\u201cEl presidente no ten\u00eda previsto realizar ese viaje\u201d, dijo\u2026","rel":"","context":"In &quot;Noticias Nacionales&quot;","block_context":{"text":"Noticias Nacionales","link":"https:\/\/noticiasya.com\/midland-odessa\/categoria\/noticias-nacionales"},"img":{"alt_text":"","src":"","width":0,"height":0},"classes":[]}],"jetpack_sharing_enabled":true,"_links":{"self":[{"href":"https:\/\/noticiasya.com\/midland-odessa\/wp-json\/wp\/v2\/posts\/1452920","targetHints":{"allow":["GET"]}}],"collection":[{"href":"https:\/\/noticiasya.com\/midland-odessa\/wp-json\/wp\/v2\/posts"}],"about":[{"href":"https:\/\/noticiasya.com\/midland-odessa\/wp-json\/wp\/v2\/types\/post"}],"replies":[{"embeddable":true,"href":"https:\/\/noticiasya.com\/midland-odessa\/wp-json\/wp\/v2\/comments?post=1452920"}],"version-history":[{"count":0,"href":"https:\/\/noticiasya.com\/midland-odessa\/wp-json\/wp\/v2\/posts\/1452920\/revisions"}],"wp:attachment":[{"href":"https:\/\/noticiasya.com\/midland-odessa\/wp-json\/wp\/v2\/media?parent=1452920"}],"wp:term":[{"taxonomy":"category","embeddable":true,"href":"https:\/\/noticiasya.com\/midland-odessa\/wp-json\/wp\/v2\/categories?post=1452920"},{"taxonomy":"post_tag","embeddable":true,"href":"https:\/\/noticiasya.com\/midland-odessa\/wp-json\/wp\/v2\/tags?post=1452920"}],"curies":[{"name":"wp","href":"https:\/\/api.w.org\/{rel}","templated":true}]}}