{"id":1452922,"date":"2024-09-21T16:03:40","date_gmt":"2024-09-21T23:03:40","guid":{"rendered":"https:\/\/noticiasya.com\/2024\/09\/21\/por-que-ahora-todo-es-mini-trax\/"},"modified":"2024-09-21T16:03:40","modified_gmt":"2024-09-21T23:03:40","slug":"por-que-ahora-todo-es-mini-trax","status":"publish","type":"post","link":"https:\/\/noticiasya.com\/midland-odessa\/2024\/09\/21\/por-que-ahora-todo-es-mini-trax\/","title":{"rendered":"\u00bfPor qu\u00e9 ahora todo es &#171;mini&#187;?"},"content":{"rendered":"<p>(CNN) &#8212; No eres solo t\u00fa. Todo se est\u00e1 encogiendo.<\/p>\n<p>Esta semana, la cadena Trader Joe\u2019s reabasteci\u00f3 las bolsas de mano mini de US$ 2.99 que se revendieron por hasta US$ 500 en eBay a principios de este a\u00f1o. Las tiendas exhiben prominentemente productos de cuidado del cabello, de la piel y maquillaje en tama\u00f1o de viaje. Los TikToks de microbolsas de belleza siendo llenadas con productos micro est\u00e1n acumulando millones de vistas. Incluso la marca de t\u00e9 helado Snapple ha lanzado una botella de 236 mililitros, anunciada para caber en una bolsa mini.<\/p>\n<p>Para muchas personas, los miniproductos pueden no parecer tener mucho sentido. Sin embargo, a pesar del mayor costo por peso para los consumidores, el aumento del empaque y el potencial de fomentar el sobreconsumo, las marcas est\u00e1n apostando a que los productos reducidos podr\u00e1n satisfacer la nostalgia de los clientes y proporcionar\u00e1n un punto de entrada asequible al lujo.<\/p>\n<p>Cortes\u00eda de Snapple<\/p>\n<p>El profesor de gesti\u00f3n empresarial del Fashion Institute of Technology, Shawn Carter, dijo que, desde el covid-19, las tiendas est\u00e1n dando mejor espacio en los estantes a sus productos mini, un intento de combatir los altos precios y atraer a los clientes m\u00e1s j\u00f3venes de la tienda, la Generaci\u00f3n Z y la Generaci\u00f3n Alfa.<\/p>\n<p>Amazon aumentar\u00e1 los salarios a trabajadores de almac\u00e9n<\/p>\n<p>Los art\u00edculos de micro-moda comenzaron en la d\u00e9cada de 1960, dijo Carter. Con la introducci\u00f3n de la minifalda vino la mini bolsa de mano y luego la mini cartera de asa superior.<\/p>\n<p>Como muchas eras en la moda, los minis han regresado. \u201cEsa tendencia se aceler\u00f3 en 2022, se puso en esteroides\u201d, dijo Carter. Pero \u201cya no es una tendencia. Esto ha llegado para quedarse\u201d.<\/p>\n<p>T\u00f3malo de parte de Trader Joe\u2019s. Matt Sloan, vicepresidente de marketing y presentador del podcast de la cadena \u201cInside Trader Joe\u2019s\u201d, dijo en un episodio de marzo que la compa\u00f1\u00eda no ten\u00eda \u201cni idea\u201d de que las mini bolsas de mano se convertir\u00edan en una locura viral.<\/p>\n<p>\u201cEn realidad, tuvimos cientos de miles de bolsas que entraron y salieron en una semana\u201d, dijo Sloan.<\/p>\n<p>Encontrando un nicho<\/p>\n<p>Incluso si no est\u00e1s comprando cosas peque\u00f1as, no puedes escapar de la tendencia en las redes sociales.<\/p>\n<p>La cuenta de TikTok de Jo Barker, The Little Bean, ha acumulado 3,2 millones de me gusta en TikTok por su nicho de meter tantos mini productos como pueda en microbolsas de lujo.<\/p>\n<p>En uno de sus videos m\u00e1s populares, llena una mini bolsa Coach Tabby (US$ 195 en la web) con un mini l\u00e1piz labial Charlotte Tilbury, mini r\u00edmel Chanel, mini corrector Tarte Shape Tape, mini polvo compacto Chanel y un mini perfume Versace, junto con otros esenciales. Otras bolsas son de marcas como Gucci, Prada y Louis Vuitton.<\/p>\n<p>Barker comenz\u00f3 su cuenta en 2021 como una salida creativa y para conocer a otras personas en la comunidad de lujo. El covid le hizo darse cuenta de que no ten\u00eda que llevar tanto como pensaba, as\u00ed que se subi\u00f3 a la tendencia de las mini bolsas.<\/p>\n<p>\u201cCada vez que salgo, generalmente llevo una bolsa m\u00e1s peque\u00f1a conmigo. No llevo grandes bolsas de mano o grandes bolsas, porque simplemente no coincide con mi estilo de vida\u201d, dijo Barker.<\/p>\n<p>Hay una variedad de formas de ir mini, dijo Barker. Tambi\u00e9n hace su propio mini maquillaje poniendo porciones de sus art\u00edculos de tama\u00f1o completo en botellas peque\u00f1as.<\/p>\n<p>Adem\u00e1s, Sephora y Ulta ofrecen muestras mini con ciertas compras, a cambio de puntos de recompensa o en cumplea\u00f1os. Termina siendo un gran incentivo para que los clientes gasten en estas tiendas, dijo Barker, porque algunos de los art\u00edculos mini solo est\u00e1n disponibles como beneficios para los compradores frecuentes.<\/p>\n<p>\u00bfPor qu\u00e9 a la gente le gustan tanto lo mini?<\/p>\n<p>Incluso las personas que no usan productos mini est\u00e1n enganchadas al contenido de Barker. Ver a alguien meter tantas botellas diminutas en una bolsa es el tipo de contenido relajante, casi sin sentido, que llena los feeds de TikTok. En TikTok, Barker tiene m\u00e1s de 100.000 seguidores y en Instagram 400.000 siguen cada una de sus publicaciones.<\/p>\n<p>\u201cQuiero decir, creo que hay un factor de ternura en ello, \u00bfverdad?\u201d dijo Barker.<\/p>\n<p>Sumergirse en el Tit\u00e1n &#171;nunca se supon\u00eda que fuera seguro&#187;, dice el especialista de la misi\u00f3n<\/p>\n<p>Piensa en las Polly Pockets con las que podr\u00edas haber jugado en tu infancia, o los almuerzos de tama\u00f1o infantil empacados para la escuela. Las marcas est\u00e1n evocando esos recuerdos al aprovechar la nostalgia.<\/p>\n<p>\u201cLos humanos siempre han amado, ya sabes, objetos diminutos, y esto es solo una iteraci\u00f3n funcional de eso\u201d, dijo Anna Keller, analista principal en Minter.<\/p>\n<p>Jeremy Moeller\/Getty Images<\/p>\n<p>Algunos clientes tambi\u00e9n prefieren los minis porque es m\u00e1s f\u00e1cil terminar con todo el producto.<\/p>\n<p>Y a pesar de lo que es un costo t\u00edpicamente m\u00e1s alto por kilo, los art\u00edculos de tama\u00f1o mini cuestan menos que sus contrapartes de tama\u00f1o regular.<\/p>\n<p>Los art\u00edculos de belleza y moda de tama\u00f1o mini a menudo pueden ser un punto de entrada al lujo sin tener que recurrir a imitaciones, o duplicados m\u00e1s baratos de marcas m\u00e1s caras, dijo Keller.<\/p>\n<p>\u201cEst\u00e1n buscando formas de acceder al producto de lujo real como sea posible\u201d, dijo Keller.<\/p>\n<p>Producir minis puede ser costoso para las marcas m\u00e1s peque\u00f1as por los costos operativos adicionales y tener que trabajar la log\u00edstica con los fabricantes, pero la recompensa puede valer la pena para las empresas, ya que los consumidores pueden experimentar con sus productos, especialmente cuando los minis ya est\u00e1n en tendencia.<\/p>\n<p>\u201cEntonces puede ser una herramienta de marketing muy valiosa\u201d, dijo Keller.<\/p>\n<p>Subirse a cualquier tendencia de moda y belleza en las redes sociales conlleva el riesgo de aumentar los desechos pl\u00e1sticos: hay m\u00e1s empaque y fabricaci\u00f3n involucrados en tener una botella mini adem\u00e1s de las versiones de tama\u00f1o completo.<\/p>\n<p>Las empresas necesitan comenzar a moverse hacia productos reutilizables y recargables, dijo Melissa Valliant, directora de comunicaciones del grupo ambiental Beyond Plastic, por lo que la proliferaci\u00f3n de \u201cbotellas m\u00e1s peque\u00f1as y productos m\u00e1s peque\u00f1os en lugar de productos m\u00e1s grandes o reutilizables, solo significa m\u00e1s producci\u00f3n de pl\u00e1stico\u201d.<\/p>\n<p>La Asociaci\u00f3n de Recicladores de Pl\u00e1stico recomend\u00f3 comprar productos de tama\u00f1o completo y usar contenedores reutilizables cuando se necesiten productos mini durante los viajes. Eso es porque los paquetes m\u00e1s peque\u00f1os de 2 pulgadas (cinco cent\u00edmetros) no pueden ser reciclados en el sistema de EE.UU.<\/p>\n<p>Y el valor es subjetivo para los mayores fan\u00e1ticos de la tendencia.<\/p>\n<p>\u201cSi comprara una versi\u00f3n m\u00e1s grande, est\u00e1 bien, estoy obteniendo m\u00e1s tela por el precio, pero nunca voy a usar esa bolsa grande porque no se ajusta a mi estilo de vida\u201d, dijo Barker. \u201cSi compras algo que puede costar m\u00e1s, pero lo usar\u00e1s m\u00e1s a menudo, vale la pena la inversi\u00f3n\u201d.<\/p>\n<p>The-CNN-Wire<br \/>&trade; &amp; &copy; 2024 Cable News Network, Inc., a Warner Bros. Discovery Company. All rights reserved.<\/p>\n","protected":false},"excerpt":{"rendered":"<p>(CNN) &#8212; No eres solo t\u00fa. Todo se est\u00e1 encogiendo. Esta semana, la cadena Trader Joe\u2019s reabasteci\u00f3 las bolsas de mano mini de US$ 2.99 que se revendieron por hasta US$ 500 en eBay a principios de este a\u00f1o. Las tiendas exhiben prominentemente productos de cuidado del cabello, de la piel y maquillaje en tama\u00f1o [&hellip;]<\/p>\n","protected":false},"author":0,"featured_media":0,"comment_status":"open","ping_status":"open","sticky":false,"template":"","format":"standard","meta":{"_jetpack_memberships_contains_paid_content":false,"footnotes":""},"categories":[10],"tags":[],"class_list":["post-1452922","post","type-post","status-publish","format-standard","hentry","category-noticias-nacionales","market-global"],"yoast_head":"<!-- This site is optimized with the Yoast SEO plugin v24.4 - https:\/\/yoast.com\/wordpress\/plugins\/seo\/ -->\n<title>\u00bfPor qu\u00e9 ahora todo es &quot;mini&quot;? - Noticias<\/title>\n<meta name=\"robots\" content=\"index, follow, max-snippet:-1, max-image-preview:large, max-video-preview:-1\" \/>\n<link rel=\"canonical\" href=\"https:\/\/noticiasya.com\/2024\/09\/21\/por-que-ahora-todo-es-mini-trax\/\" \/>\n<meta property=\"og:locale\" content=\"es_ES\" \/>\n<meta property=\"og:type\" content=\"article\" \/>\n<meta property=\"og:title\" content=\"\u00bfPor qu\u00e9 ahora todo es &quot;mini&quot;? - Noticias\" \/>\n<meta property=\"og:description\" content=\"(CNN) &#8212; No eres solo t\u00fa. Todo se est\u00e1 encogiendo. Esta semana, la cadena Trader Joe\u2019s reabasteci\u00f3 las bolsas de mano mini de US$ 2.99 que se revendieron por hasta US$ 500 en eBay a principios de este a\u00f1o. Las tiendas exhiben prominentemente productos de cuidado del cabello, de la piel y maquillaje en tama\u00f1o [&hellip;]\" \/>\n<meta property=\"og:url\" content=\"https:\/\/noticiasya.com\/2024\/09\/21\/por-que-ahora-todo-es-mini-trax\/\" \/>\n<meta property=\"og:site_name\" content=\"Noticias\" \/>\n<meta property=\"article:published_time\" content=\"2024-09-21T23:03:40+00:00\" \/>\n<meta name=\"twitter:card\" content=\"summary_large_image\" \/>\n<meta name=\"twitter:label1\" content=\"Est. reading time\" \/>\n\t<meta name=\"twitter:data1\" content=\"6 minutos\" \/>\n<script type=\"application\/ld+json\" class=\"yoast-schema-graph\">{\"@context\":\"https:\/\/schema.org\",\"@graph\":[{\"@type\":\"Article\",\"@id\":\"https:\/\/noticiasya.com\/2024\/09\/21\/por-que-ahora-todo-es-mini-trax\/#article\",\"isPartOf\":{\"@id\":\"https:\/\/noticiasya.com\/2024\/09\/21\/por-que-ahora-todo-es-mini-trax\/\"},\"author\":{\"name\":\"\",\"@id\":\"\"},\"headline\":\"\u00bfPor qu\u00e9 ahora todo es &#171;mini&#187;?\",\"datePublished\":\"2024-09-21T23:03:40+00:00\",\"mainEntityOfPage\":{\"@id\":\"https:\/\/noticiasya.com\/2024\/09\/21\/por-que-ahora-todo-es-mini-trax\/\"},\"wordCount\":1227,\"commentCount\":0,\"publisher\":{\"@id\":\"https:\/\/noticiasya.com\/#organization\"},\"articleSection\":[\"Noticias Nacionales\"],\"inLanguage\":\"es\",\"potentialAction\":[{\"@type\":\"CommentAction\",\"name\":\"Comment\",\"target\":[\"https:\/\/noticiasya.com\/2024\/09\/21\/por-que-ahora-todo-es-mini-trax\/#respond\"]}]},{\"@type\":\"WebPage\",\"@id\":\"https:\/\/noticiasya.com\/2024\/09\/21\/por-que-ahora-todo-es-mini-trax\/\",\"url\":\"https:\/\/noticiasya.com\/2024\/09\/21\/por-que-ahora-todo-es-mini-trax\/\",\"name\":\"\u00bfPor qu\u00e9 ahora todo es \\\"mini\\\"? - Noticias\",\"isPartOf\":{\"@id\":\"https:\/\/noticiasya.com\/#website\"},\"datePublished\":\"2024-09-21T23:03:40+00:00\",\"breadcrumb\":{\"@id\":\"https:\/\/noticiasya.com\/2024\/09\/21\/por-que-ahora-todo-es-mini-trax\/#breadcrumb\"},\"inLanguage\":\"es\",\"potentialAction\":[{\"@type\":\"ReadAction\",\"target\":[\"https:\/\/noticiasya.com\/2024\/09\/21\/por-que-ahora-todo-es-mini-trax\/\"]}]},{\"@type\":\"BreadcrumbList\",\"@id\":\"https:\/\/noticiasya.com\/2024\/09\/21\/por-que-ahora-todo-es-mini-trax\/#breadcrumb\",\"itemListElement\":[{\"@type\":\"ListItem\",\"position\":1,\"name\":\"Home\",\"item\":\"https:\/\/noticiasya.com\/\"},{\"@type\":\"ListItem\",\"position\":2,\"name\":\"\u00bfPor qu\u00e9 ahora todo es &#171;mini&#187;?\"}]},{\"@type\":\"WebSite\",\"@id\":\"https:\/\/noticiasya.com\/#website\",\"url\":\"https:\/\/noticiasya.com\/\",\"name\":\"Noticias\",\"description\":\"Lo que importa\",\"publisher\":{\"@id\":\"https:\/\/noticiasya.com\/#organization\"},\"potentialAction\":[{\"@type\":\"SearchAction\",\"target\":{\"@type\":\"EntryPoint\",\"urlTemplate\":\"https:\/\/noticiasya.com\/?s={search_term_string}\"},\"query-input\":{\"@type\":\"PropertyValueSpecification\",\"valueRequired\":true,\"valueName\":\"search_term_string\"}}],\"inLanguage\":\"es\"},{\"@type\":\"Organization\",\"@id\":\"https:\/\/noticiasya.com\/#organization\",\"name\":\"Noticias\",\"url\":\"https:\/\/noticiasya.com\/\",\"logo\":{\"@type\":\"ImageObject\",\"inLanguage\":\"es\",\"@id\":\"https:\/\/noticiasya.com\/#\/schema\/logo\/image\/\",\"url\":\"https:\/\/noticiasya.com\/wp-content\/uploads\/sites\/22\/2023\/12\/logo-nacional.png\",\"contentUrl\":\"https:\/\/noticiasya.com\/wp-content\/uploads\/sites\/22\/2023\/12\/logo-nacional.png\",\"width\":1801,\"height\":691,\"caption\":\"Noticias\"},\"image\":{\"@id\":\"https:\/\/noticiasya.com\/#\/schema\/logo\/image\/\"}}]}<\/script>\n<!-- \/ Yoast SEO plugin. -->","yoast_head_json":{"title":"\u00bfPor qu\u00e9 ahora todo es \"mini\"? - Noticias","robots":{"index":"index","follow":"follow","max-snippet":"max-snippet:-1","max-image-preview":"max-image-preview:large","max-video-preview":"max-video-preview:-1"},"canonical":"https:\/\/noticiasya.com\/2024\/09\/21\/por-que-ahora-todo-es-mini-trax\/","og_locale":"es_ES","og_type":"article","og_title":"\u00bfPor qu\u00e9 ahora todo es \"mini\"? - Noticias","og_description":"(CNN) &#8212; No eres solo t\u00fa. Todo se est\u00e1 encogiendo. Esta semana, la cadena Trader Joe\u2019s reabasteci\u00f3 las bolsas de mano mini de US$ 2.99 que se revendieron por hasta US$ 500 en eBay a principios de este a\u00f1o. Las tiendas exhiben prominentemente productos de cuidado del cabello, de la piel y maquillaje en tama\u00f1o [&hellip;]","og_url":"https:\/\/noticiasya.com\/2024\/09\/21\/por-que-ahora-todo-es-mini-trax\/","og_site_name":"Noticias","article_published_time":"2024-09-21T23:03:40+00:00","twitter_card":"summary_large_image","twitter_misc":{"Est. reading time":"6 minutos"},"schema":{"@context":"https:\/\/schema.org","@graph":[{"@type":"Article","@id":"https:\/\/noticiasya.com\/2024\/09\/21\/por-que-ahora-todo-es-mini-trax\/#article","isPartOf":{"@id":"https:\/\/noticiasya.com\/2024\/09\/21\/por-que-ahora-todo-es-mini-trax\/"},"author":{"name":"","@id":""},"headline":"\u00bfPor qu\u00e9 ahora todo es &#171;mini&#187;?","datePublished":"2024-09-21T23:03:40+00:00","mainEntityOfPage":{"@id":"https:\/\/noticiasya.com\/2024\/09\/21\/por-que-ahora-todo-es-mini-trax\/"},"wordCount":1227,"commentCount":0,"publisher":{"@id":"https:\/\/noticiasya.com\/#organization"},"articleSection":["Noticias Nacionales"],"inLanguage":"es","potentialAction":[{"@type":"CommentAction","name":"Comment","target":["https:\/\/noticiasya.com\/2024\/09\/21\/por-que-ahora-todo-es-mini-trax\/#respond"]}]},{"@type":"WebPage","@id":"https:\/\/noticiasya.com\/2024\/09\/21\/por-que-ahora-todo-es-mini-trax\/","url":"https:\/\/noticiasya.com\/2024\/09\/21\/por-que-ahora-todo-es-mini-trax\/","name":"\u00bfPor qu\u00e9 ahora todo es \"mini\"? - Noticias","isPartOf":{"@id":"https:\/\/noticiasya.com\/#website"},"datePublished":"2024-09-21T23:03:40+00:00","breadcrumb":{"@id":"https:\/\/noticiasya.com\/2024\/09\/21\/por-que-ahora-todo-es-mini-trax\/#breadcrumb"},"inLanguage":"es","potentialAction":[{"@type":"ReadAction","target":["https:\/\/noticiasya.com\/2024\/09\/21\/por-que-ahora-todo-es-mini-trax\/"]}]},{"@type":"BreadcrumbList","@id":"https:\/\/noticiasya.com\/2024\/09\/21\/por-que-ahora-todo-es-mini-trax\/#breadcrumb","itemListElement":[{"@type":"ListItem","position":1,"name":"Home","item":"https:\/\/noticiasya.com\/"},{"@type":"ListItem","position":2,"name":"\u00bfPor qu\u00e9 ahora todo es &#171;mini&#187;?"}]},{"@type":"WebSite","@id":"https:\/\/noticiasya.com\/#website","url":"https:\/\/noticiasya.com\/","name":"Noticias","description":"Lo que importa","publisher":{"@id":"https:\/\/noticiasya.com\/#organization"},"potentialAction":[{"@type":"SearchAction","target":{"@type":"EntryPoint","urlTemplate":"https:\/\/noticiasya.com\/?s={search_term_string}"},"query-input":{"@type":"PropertyValueSpecification","valueRequired":true,"valueName":"search_term_string"}}],"inLanguage":"es"},{"@type":"Organization","@id":"https:\/\/noticiasya.com\/#organization","name":"Noticias","url":"https:\/\/noticiasya.com\/","logo":{"@type":"ImageObject","inLanguage":"es","@id":"https:\/\/noticiasya.com\/#\/schema\/logo\/image\/","url":"https:\/\/noticiasya.com\/wp-content\/uploads\/sites\/22\/2023\/12\/logo-nacional.png","contentUrl":"https:\/\/noticiasya.com\/wp-content\/uploads\/sites\/22\/2023\/12\/logo-nacional.png","width":1801,"height":691,"caption":"Noticias"},"image":{"@id":"https:\/\/noticiasya.com\/#\/schema\/logo\/image\/"}}]}},"parsely":{"version":"1.1.0","canonical_url":"https:\/\/noticiasya.com\/midland-odessa\/2024\/09\/21\/por-que-ahora-todo-es-mini-trax\/","smart_links":{"inbound":0,"outbound":0},"traffic_boost_suggestions_count":0,"meta":{"@context":"https:\/\/schema.org","@type":"NewsArticle","headline":"\u00bfPor qu\u00e9 ahora todo es &#171;mini&#187;?","url":"http:\/\/noticiasya.com\/midland-odessa\/2024\/09\/21\/por-que-ahora-todo-es-mini-trax\/","mainEntityOfPage":{"@type":"WebPage","@id":"http:\/\/noticiasya.com\/midland-odessa\/2024\/09\/21\/por-que-ahora-todo-es-mini-trax\/"},"thumbnailUrl":"","image":{"@type":"ImageObject","url":""},"articleSection":"Noticias Nacionales","author":[],"creator":[],"publisher":{"@type":"Organization","name":"Noticias","logo":""},"keywords":[],"dateCreated":"2024-09-21T23:03:40Z","datePublished":"2024-09-21T23:03:40Z","dateModified":"2024-09-21T23:03:40Z"},"rendered":"<script type=\"application\/ld+json\" class=\"wp-parsely-metadata\">{\"@context\":\"https:\\\/\\\/schema.org\",\"@type\":\"NewsArticle\",\"headline\":\"\\u00bfPor qu\\u00e9 ahora todo es &#171;mini&#187;?\",\"url\":\"http:\\\/\\\/noticiasya.com\\\/midland-odessa\\\/2024\\\/09\\\/21\\\/por-que-ahora-todo-es-mini-trax\\\/\",\"mainEntityOfPage\":{\"@type\":\"WebPage\",\"@id\":\"http:\\\/\\\/noticiasya.com\\\/midland-odessa\\\/2024\\\/09\\\/21\\\/por-que-ahora-todo-es-mini-trax\\\/\"},\"thumbnailUrl\":\"\",\"image\":{\"@type\":\"ImageObject\",\"url\":\"\"},\"articleSection\":\"Noticias Nacionales\",\"author\":[],\"creator\":[],\"publisher\":{\"@type\":\"Organization\",\"name\":\"Noticias\",\"logo\":\"\"},\"keywords\":[],\"dateCreated\":\"2024-09-21T23:03:40Z\",\"datePublished\":\"2024-09-21T23:03:40Z\",\"dateModified\":\"2024-09-21T23:03:40Z\"}<\/script>","tracker_url":"https:\/\/cdn.parsely.com\/keys\/noticiasya.com\/p.js"},"jetpack_featured_media_url":"","jetpack-related-posts":[{"id":1459638,"url":"https:\/\/noticiasya.com\/midland-odessa\/2025\/03\/07\/comercio-mexico-ee-uu-libre-aranceles-t-mec-productos-no-protegidos-orix\/","url_meta":{"origin":1452922,"position":0},"title":"Casi todas las exportaciones mexicanas a EE.UU. est\u00e1n libres de aranceles por el T-MEC. \u00bfQu\u00e9 productos no est\u00e1n protegidos?","author":"","date":"marzo 7, 2025","format":false,"excerpt":"El Gobierno de Estados Unidos suspendi\u00f3 el jueves los aranceles generales del 25% para M\u00e9xico y Canad\u00e1 a todos los productos incluidos en el T-MEC hasta el 2 de abril, cuando la administraci\u00f3n de Donald Trump determinar\u00e1 aranceles rec\u00edprocos para varios pa\u00edses del mundo.Tras la suspensi\u00f3n, la presidenta de M\u00e9xico,\u2026","rel":"","context":"In &quot;Noticias Nacionales&quot;","block_context":{"text":"Noticias Nacionales","link":"https:\/\/noticiasya.com\/midland-odessa\/categoria\/noticias-nacionales"},"img":{"alt_text":"","src":"","width":0,"height":0},"classes":[]},{"id":1471664,"url":"https:\/\/noticiasya.com\/midland-odessa\/2026\/02\/25\/mayoria-estadounidenses-gobierno-quimicos-toxicos-trax\/","url_meta":{"origin":1452922,"position":1},"title":"La mayor\u00eda de los estadounidenses creen que el Gobierno no los protege de los productos qu\u00edmicos t\u00f3xicos","author":"","date":"febrero 25, 2026","format":false,"excerpt":"M\u00e1s del 70 % de los adultos estadounidenses est\u00e1n muy o algo preocupados por la exposici\u00f3n a sustancias qu\u00edmicas t\u00f3xicas en sus alimentos y agua potable, seg\u00fan una nueva encuesta de Pew Charitable Trusts.La preocupaci\u00f3n p\u00fablica es tan intensa que 5 de cada 6 adultos en Estados Unidos manifestaron que\u2026","rel":"","context":"In &quot;Noticias Nacionales&quot;","block_context":{"text":"Noticias Nacionales","link":"https:\/\/noticiasya.com\/midland-odessa\/categoria\/noticias-nacionales"},"img":{"alt_text":"","src":"","width":0,"height":0},"classes":[]},{"id":1462457,"url":"https:\/\/noticiasya.com\/midland-odessa\/2025\/05\/17\/aumento-precios-productos-walmart-aranceles-trax\/","url_meta":{"origin":1452922,"position":2},"title":"Qu\u00e9 productos se podr\u00edan encarecer por los aranceles en Walmart","author":"","date":"mayo 17, 2025","format":false,"excerpt":"A los compradores de Walmart se les acaba el tiempo para evitar precios m\u00e1s altos.El gigante minorista advirti\u00f3 el jueves que sus productos se encarecer\u00e1n debido a que los aranceles del presidente Donald Trump son \u201cdemasiado altos\u201d.\u201cHaremos todo lo posible para mantener nuestros precios lo m\u00e1s bajos posible. Pero dada\u2026","rel":"","context":"In &quot;Noticias Nacionales&quot;","block_context":{"text":"Noticias Nacionales","link":"https:\/\/noticiasya.com\/midland-odessa\/categoria\/noticias-nacionales"},"img":{"alt_text":"","src":"","width":0,"height":0},"classes":[]},{"id":1462039,"url":"https:\/\/noticiasya.com\/midland-odessa\/2025\/05\/06\/aranceles-productos-china-precios-escasez-trax\/","url_meta":{"origin":1452922,"position":3},"title":"Llegan a Los \u00c1ngeles los primeros barcos con productos chinos con aranceles del 145 % y no est\u00e1n llenos","author":"","date":"mayo 6, 2025","format":false,"excerpt":"Los consumidores estadounidenses se encuentran a punto de tomar decisiones dif\u00edciles debido a la guerra comercial del presidente Donald Trump.Los barcos que ahora llegan a puertos estadounidenses procedentes de China son los primeros en estar sujetos a los enormes aranceles que Estados Unidos impuso a la mayor\u00eda de las importaciones\u2026","rel":"","context":"In &quot;Noticias Nacionales&quot;","block_context":{"text":"Noticias Nacionales","link":"https:\/\/noticiasya.com\/midland-odessa\/categoria\/noticias-nacionales"},"img":{"alt_text":"","src":"","width":0,"height":0},"classes":[]},{"id":1461385,"url":"https:\/\/noticiasya.com\/midland-odessa\/2025\/04\/19\/supermercados-chinos-precios-aranceles-trax\/","url_meta":{"origin":1452922,"position":4},"title":"En los supermercados chinos, los snacks asi\u00e1ticos forman parte de la guerra comercial","author":"","date":"abril 19, 2025","format":false,"excerpt":"En Flushing, Queens, frutas y verduras frescas, salsas de soja y snacks con sabor a algas se alinean en los pasillos del supermercado Chang Jiang. Chang Jiang se encuentra entre una hilera de tiendas en esta comunidad de mayor\u00eda asi\u00e1tica, donde los coloridos escaparates lucen letreros en chino y se\u2026","rel":"","context":"In &quot;Noticias Nacionales&quot;","block_context":{"text":"Noticias Nacionales","link":"https:\/\/noticiasya.com\/midland-odessa\/categoria\/noticias-nacionales"},"img":{"alt_text":"","src":"","width":0,"height":0},"classes":[]},{"id":1473461,"url":"https:\/\/noticiasya.com\/midland-odessa\/2026\/04\/24\/analisis-crisis-suministro-asia-afectando-estados-unidos-trax\/","url_meta":{"origin":1452922,"position":5},"title":"La creciente crisis de suministro en Asia est\u00e1 afectando a Estados Unidos","author":"","date":"abril 24, 2026","format":false,"excerpt":"Las gasolineras est\u00e1n racionando el combustible. Los hospitales se est\u00e1n quedando sin suministros m\u00e9dicos. La gente est\u00e1 acaparando bolsas de pl\u00e1stico y las f\u00e1bricas se enfrentan a la escasez de envases.Todo eso est\u00e1 ocurriendo ahora en Asia.Eso podr\u00eda convertirse en un problema para Estados Unidos: aproximadamente la mitad de los\u2026","rel":"","context":"In &quot;Noticias Nacionales&quot;","block_context":{"text":"Noticias Nacionales","link":"https:\/\/noticiasya.com\/midland-odessa\/categoria\/noticias-nacionales"},"img":{"alt_text":"","src":"","width":0,"height":0},"classes":[]}],"jetpack_sharing_enabled":true,"_links":{"self":[{"href":"https:\/\/noticiasya.com\/midland-odessa\/wp-json\/wp\/v2\/posts\/1452922","targetHints":{"allow":["GET"]}}],"collection":[{"href":"https:\/\/noticiasya.com\/midland-odessa\/wp-json\/wp\/v2\/posts"}],"about":[{"href":"https:\/\/noticiasya.com\/midland-odessa\/wp-json\/wp\/v2\/types\/post"}],"replies":[{"embeddable":true,"href":"https:\/\/noticiasya.com\/midland-odessa\/wp-json\/wp\/v2\/comments?post=1452922"}],"version-history":[{"count":0,"href":"https:\/\/noticiasya.com\/midland-odessa\/wp-json\/wp\/v2\/posts\/1452922\/revisions"}],"wp:attachment":[{"href":"https:\/\/noticiasya.com\/midland-odessa\/wp-json\/wp\/v2\/media?parent=1452922"}],"wp:term":[{"taxonomy":"category","embeddable":true,"href":"https:\/\/noticiasya.com\/midland-odessa\/wp-json\/wp\/v2\/categories?post=1452922"},{"taxonomy":"post_tag","embeddable":true,"href":"https:\/\/noticiasya.com\/midland-odessa\/wp-json\/wp\/v2\/tags?post=1452922"}],"curies":[{"name":"wp","href":"https:\/\/api.w.org\/{rel}","templated":true}]}}