{"id":1452926,"date":"2024-09-21T18:03:48","date_gmt":"2024-09-22T01:03:48","guid":{"rendered":"https:\/\/noticiasya.com\/2024\/09\/21\/incendios-peru-20-fallecidos-orix\/"},"modified":"2024-09-21T18:03:48","modified_gmt":"2024-09-22T01:03:48","slug":"incendios-peru-20-fallecidos-orix","status":"publish","type":"post","link":"https:\/\/noticiasya.com\/midland-odessa\/2024\/09\/21\/incendios-peru-20-fallecidos-orix\/","title":{"rendered":"Aumenta a 20 el n\u00famero de personas fallecidas por los incendios en Per\u00fa; el fuego sigue activo en 46 puntos"},"content":{"rendered":"<p>(CNN Espa\u00f1ol) &#8212;\u00a0El n\u00famero de personas fallecidas a causa de los incendios que atraviesa Per\u00fa subi\u00f3 a 20, inform\u00f3 este s\u00e1bado el jefe del Instituto Nacional de Defensa Civil (Indeci), Juan Carlos Urcariegui, en una entrevista con la emisora local RPP.<\/p>\n<p>Hasta el lunes, se contabilizaban 16 muertos, report\u00f3 el Indeci entonces.<\/p>\n<p>Declaran emergencia por los incendios en los departamentos peruanos de Amazonas, San Mart\u00edn y Ucayali<\/p>\n<p>En lo que va de esta temporada, Per\u00fa ha registrado un total de 361 incendios, de los cuales 291 ya fueron extinguidos, dijo Urcariegui este s\u00e1bado.<\/p>\n<p>De los restantes, 24 incendios est\u00e1n controlados y 46 siguen activos, detall\u00f3 el funcionario.<\/p>\n<p>Ante esta situaci\u00f3n, la presidenta de Per\u00fa, Dina Boluarte, anunci\u00f3 que el Gobierno decidi\u00f3 declarar emergencia en los departamentos de Amazonas, San Mart\u00edn y Ucayali. La medida busca agilizar acciones para contener los incendios y evitar riesgos para la poblaci\u00f3n.<\/p>\n<p>The-CNN-Wire<br \/>&trade; &amp; &copy; 2024 Cable News Network, Inc., a Warner Bros. Discovery Company. All rights reserved.<\/p>\n","protected":false},"excerpt":{"rendered":"<p>(CNN Espa\u00f1ol) &#8212;\u00a0El n\u00famero de personas fallecidas a causa de los incendios que atraviesa Per\u00fa subi\u00f3 a 20, inform\u00f3 este s\u00e1bado el jefe del Instituto Nacional de Defensa Civil (Indeci), Juan Carlos Urcariegui, en una entrevista con la emisora local RPP. Hasta el lunes, se contabilizaban 16 muertos, report\u00f3 el Indeci entonces. Declaran emergencia por [&hellip;]<\/p>\n","protected":false},"author":0,"featured_media":0,"comment_status":"open","ping_status":"open","sticky":false,"template":"","format":"standard","meta":{"_jetpack_memberships_contains_paid_content":false,"footnotes":""},"categories":[10],"tags":[],"class_list":["post-1452926","post","type-post","status-publish","format-standard","hentry","category-noticias-nacionales","market-global"],"yoast_head":"<!-- This site is optimized with the Yoast SEO plugin v24.4 - https:\/\/yoast.com\/wordpress\/plugins\/seo\/ -->\n<title>Aumenta a 20 el n\u00famero de personas fallecidas por los incendios en Per\u00fa; el fuego sigue activo en 46 puntos - Noticias<\/title>\n<meta name=\"robots\" content=\"index, follow, max-snippet:-1, max-image-preview:large, max-video-preview:-1\" \/>\n<link rel=\"canonical\" href=\"https:\/\/noticiasya.com\/2024\/09\/21\/incendios-peru-20-fallecidos-orix\/\" \/>\n<meta property=\"og:locale\" content=\"es_ES\" \/>\n<meta property=\"og:type\" content=\"article\" \/>\n<meta property=\"og:title\" content=\"Aumenta a 20 el n\u00famero de personas fallecidas por los incendios en Per\u00fa; el fuego sigue activo en 46 puntos - Noticias\" \/>\n<meta property=\"og:description\" content=\"(CNN Espa\u00f1ol) &#8212;\u00a0El n\u00famero de personas fallecidas a causa de los incendios que atraviesa Per\u00fa subi\u00f3 a 20, inform\u00f3 este s\u00e1bado el jefe del Instituto Nacional de Defensa Civil (Indeci), Juan Carlos Urcariegui, en una entrevista con la emisora local RPP. Hasta el lunes, se contabilizaban 16 muertos, report\u00f3 el Indeci entonces. Declaran emergencia por [&hellip;]\" \/>\n<meta property=\"og:url\" content=\"https:\/\/noticiasya.com\/2024\/09\/21\/incendios-peru-20-fallecidos-orix\/\" \/>\n<meta property=\"og:site_name\" content=\"Noticias\" \/>\n<meta property=\"article:published_time\" content=\"2024-09-22T01:03:48+00:00\" \/>\n<meta name=\"twitter:card\" content=\"summary_large_image\" \/>\n<meta name=\"twitter:label1\" content=\"Est. reading time\" \/>\n\t<meta name=\"twitter:data1\" content=\"1 minuto\" \/>\n<script type=\"application\/ld+json\" class=\"yoast-schema-graph\">{\"@context\":\"https:\/\/schema.org\",\"@graph\":[{\"@type\":\"Article\",\"@id\":\"https:\/\/noticiasya.com\/2024\/09\/21\/incendios-peru-20-fallecidos-orix\/#article\",\"isPartOf\":{\"@id\":\"https:\/\/noticiasya.com\/2024\/09\/21\/incendios-peru-20-fallecidos-orix\/\"},\"author\":{\"name\":\"\",\"@id\":\"\"},\"headline\":\"Aumenta a 20 el n\u00famero de personas fallecidas por los incendios en Per\u00fa; el fuego sigue activo en 46 puntos\",\"datePublished\":\"2024-09-22T01:03:48+00:00\",\"mainEntityOfPage\":{\"@id\":\"https:\/\/noticiasya.com\/2024\/09\/21\/incendios-peru-20-fallecidos-orix\/\"},\"wordCount\":186,\"commentCount\":0,\"publisher\":{\"@id\":\"https:\/\/noticiasya.com\/#organization\"},\"articleSection\":[\"Noticias Nacionales\"],\"inLanguage\":\"es\",\"potentialAction\":[{\"@type\":\"CommentAction\",\"name\":\"Comment\",\"target\":[\"https:\/\/noticiasya.com\/2024\/09\/21\/incendios-peru-20-fallecidos-orix\/#respond\"]}]},{\"@type\":\"WebPage\",\"@id\":\"https:\/\/noticiasya.com\/2024\/09\/21\/incendios-peru-20-fallecidos-orix\/\",\"url\":\"https:\/\/noticiasya.com\/2024\/09\/21\/incendios-peru-20-fallecidos-orix\/\",\"name\":\"Aumenta a 20 el n\u00famero de personas fallecidas por los incendios en Per\u00fa; el fuego sigue activo en 46 puntos - Noticias\",\"isPartOf\":{\"@id\":\"https:\/\/noticiasya.com\/#website\"},\"datePublished\":\"2024-09-22T01:03:48+00:00\",\"breadcrumb\":{\"@id\":\"https:\/\/noticiasya.com\/2024\/09\/21\/incendios-peru-20-fallecidos-orix\/#breadcrumb\"},\"inLanguage\":\"es\",\"potentialAction\":[{\"@type\":\"ReadAction\",\"target\":[\"https:\/\/noticiasya.com\/2024\/09\/21\/incendios-peru-20-fallecidos-orix\/\"]}]},{\"@type\":\"BreadcrumbList\",\"@id\":\"https:\/\/noticiasya.com\/2024\/09\/21\/incendios-peru-20-fallecidos-orix\/#breadcrumb\",\"itemListElement\":[{\"@type\":\"ListItem\",\"position\":1,\"name\":\"Home\",\"item\":\"https:\/\/noticiasya.com\/\"},{\"@type\":\"ListItem\",\"position\":2,\"name\":\"Aumenta a 20 el n\u00famero de personas fallecidas por los incendios en Per\u00fa; el fuego sigue activo en 46 puntos\"}]},{\"@type\":\"WebSite\",\"@id\":\"https:\/\/noticiasya.com\/#website\",\"url\":\"https:\/\/noticiasya.com\/\",\"name\":\"Noticias\",\"description\":\"Lo que importa\",\"publisher\":{\"@id\":\"https:\/\/noticiasya.com\/#organization\"},\"potentialAction\":[{\"@type\":\"SearchAction\",\"target\":{\"@type\":\"EntryPoint\",\"urlTemplate\":\"https:\/\/noticiasya.com\/?s={search_term_string}\"},\"query-input\":{\"@type\":\"PropertyValueSpecification\",\"valueRequired\":true,\"valueName\":\"search_term_string\"}}],\"inLanguage\":\"es\"},{\"@type\":\"Organization\",\"@id\":\"https:\/\/noticiasya.com\/#organization\",\"name\":\"Noticias\",\"url\":\"https:\/\/noticiasya.com\/\",\"logo\":{\"@type\":\"ImageObject\",\"inLanguage\":\"es\",\"@id\":\"https:\/\/noticiasya.com\/#\/schema\/logo\/image\/\",\"url\":\"https:\/\/noticiasya.com\/wp-content\/uploads\/sites\/22\/2023\/12\/logo-nacional.png\",\"contentUrl\":\"https:\/\/noticiasya.com\/wp-content\/uploads\/sites\/22\/2023\/12\/logo-nacional.png\",\"width\":1801,\"height\":691,\"caption\":\"Noticias\"},\"image\":{\"@id\":\"https:\/\/noticiasya.com\/#\/schema\/logo\/image\/\"}}]}<\/script>\n<!-- \/ Yoast SEO plugin. -->","yoast_head_json":{"title":"Aumenta a 20 el n\u00famero de personas fallecidas por los incendios en Per\u00fa; el fuego sigue activo en 46 puntos - Noticias","robots":{"index":"index","follow":"follow","max-snippet":"max-snippet:-1","max-image-preview":"max-image-preview:large","max-video-preview":"max-video-preview:-1"},"canonical":"https:\/\/noticiasya.com\/2024\/09\/21\/incendios-peru-20-fallecidos-orix\/","og_locale":"es_ES","og_type":"article","og_title":"Aumenta a 20 el n\u00famero de personas fallecidas por los incendios en Per\u00fa; el fuego sigue activo en 46 puntos - Noticias","og_description":"(CNN Espa\u00f1ol) &#8212;\u00a0El n\u00famero de personas fallecidas a causa de los incendios que atraviesa Per\u00fa subi\u00f3 a 20, inform\u00f3 este s\u00e1bado el jefe del Instituto Nacional de Defensa Civil (Indeci), Juan Carlos Urcariegui, en una entrevista con la emisora local RPP. Hasta el lunes, se contabilizaban 16 muertos, report\u00f3 el Indeci entonces. Declaran emergencia por [&hellip;]","og_url":"https:\/\/noticiasya.com\/2024\/09\/21\/incendios-peru-20-fallecidos-orix\/","og_site_name":"Noticias","article_published_time":"2024-09-22T01:03:48+00:00","twitter_card":"summary_large_image","twitter_misc":{"Est. reading time":"1 minuto"},"schema":{"@context":"https:\/\/schema.org","@graph":[{"@type":"Article","@id":"https:\/\/noticiasya.com\/2024\/09\/21\/incendios-peru-20-fallecidos-orix\/#article","isPartOf":{"@id":"https:\/\/noticiasya.com\/2024\/09\/21\/incendios-peru-20-fallecidos-orix\/"},"author":{"name":"","@id":""},"headline":"Aumenta a 20 el n\u00famero de personas fallecidas por los incendios en Per\u00fa; el fuego sigue activo en 46 puntos","datePublished":"2024-09-22T01:03:48+00:00","mainEntityOfPage":{"@id":"https:\/\/noticiasya.com\/2024\/09\/21\/incendios-peru-20-fallecidos-orix\/"},"wordCount":186,"commentCount":0,"publisher":{"@id":"https:\/\/noticiasya.com\/#organization"},"articleSection":["Noticias Nacionales"],"inLanguage":"es","potentialAction":[{"@type":"CommentAction","name":"Comment","target":["https:\/\/noticiasya.com\/2024\/09\/21\/incendios-peru-20-fallecidos-orix\/#respond"]}]},{"@type":"WebPage","@id":"https:\/\/noticiasya.com\/2024\/09\/21\/incendios-peru-20-fallecidos-orix\/","url":"https:\/\/noticiasya.com\/2024\/09\/21\/incendios-peru-20-fallecidos-orix\/","name":"Aumenta a 20 el n\u00famero de personas fallecidas por los incendios en Per\u00fa; el fuego sigue activo en 46 puntos - Noticias","isPartOf":{"@id":"https:\/\/noticiasya.com\/#website"},"datePublished":"2024-09-22T01:03:48+00:00","breadcrumb":{"@id":"https:\/\/noticiasya.com\/2024\/09\/21\/incendios-peru-20-fallecidos-orix\/#breadcrumb"},"inLanguage":"es","potentialAction":[{"@type":"ReadAction","target":["https:\/\/noticiasya.com\/2024\/09\/21\/incendios-peru-20-fallecidos-orix\/"]}]},{"@type":"BreadcrumbList","@id":"https:\/\/noticiasya.com\/2024\/09\/21\/incendios-peru-20-fallecidos-orix\/#breadcrumb","itemListElement":[{"@type":"ListItem","position":1,"name":"Home","item":"https:\/\/noticiasya.com\/"},{"@type":"ListItem","position":2,"name":"Aumenta a 20 el n\u00famero de personas fallecidas por los incendios en Per\u00fa; el fuego sigue activo en 46 puntos"}]},{"@type":"WebSite","@id":"https:\/\/noticiasya.com\/#website","url":"https:\/\/noticiasya.com\/","name":"Noticias","description":"Lo que importa","publisher":{"@id":"https:\/\/noticiasya.com\/#organization"},"potentialAction":[{"@type":"SearchAction","target":{"@type":"EntryPoint","urlTemplate":"https:\/\/noticiasya.com\/?s={search_term_string}"},"query-input":{"@type":"PropertyValueSpecification","valueRequired":true,"valueName":"search_term_string"}}],"inLanguage":"es"},{"@type":"Organization","@id":"https:\/\/noticiasya.com\/#organization","name":"Noticias","url":"https:\/\/noticiasya.com\/","logo":{"@type":"ImageObject","inLanguage":"es","@id":"https:\/\/noticiasya.com\/#\/schema\/logo\/image\/","url":"https:\/\/noticiasya.com\/wp-content\/uploads\/sites\/22\/2023\/12\/logo-nacional.png","contentUrl":"https:\/\/noticiasya.com\/wp-content\/uploads\/sites\/22\/2023\/12\/logo-nacional.png","width":1801,"height":691,"caption":"Noticias"},"image":{"@id":"https:\/\/noticiasya.com\/#\/schema\/logo\/image\/"}}]}},"parsely":{"version":"1.1.0","canonical_url":"https:\/\/noticiasya.com\/midland-odessa\/2024\/09\/21\/incendios-peru-20-fallecidos-orix\/","smart_links":{"inbound":0,"outbound":0},"traffic_boost_suggestions_count":0,"meta":{"@context":"https:\/\/schema.org","@type":"NewsArticle","headline":"Aumenta a 20 el n\u00famero de personas fallecidas por los incendios en Per\u00fa; el fuego sigue activo en 46 puntos","url":"http:\/\/noticiasya.com\/midland-odessa\/2024\/09\/21\/incendios-peru-20-fallecidos-orix\/","mainEntityOfPage":{"@type":"WebPage","@id":"http:\/\/noticiasya.com\/midland-odessa\/2024\/09\/21\/incendios-peru-20-fallecidos-orix\/"},"thumbnailUrl":"","image":{"@type":"ImageObject","url":""},"articleSection":"Noticias Nacionales","author":[],"creator":[],"publisher":{"@type":"Organization","name":"Noticias","logo":""},"keywords":[],"dateCreated":"2024-09-22T01:03:48Z","datePublished":"2024-09-22T01:03:48Z","dateModified":"2024-09-22T01:03:48Z"},"rendered":"<script type=\"application\/ld+json\" class=\"wp-parsely-metadata\">{\"@context\":\"https:\\\/\\\/schema.org\",\"@type\":\"NewsArticle\",\"headline\":\"Aumenta a 20 el n\\u00famero de personas fallecidas por los incendios en Per\\u00fa; el fuego sigue activo en 46 puntos\",\"url\":\"http:\\\/\\\/noticiasya.com\\\/midland-odessa\\\/2024\\\/09\\\/21\\\/incendios-peru-20-fallecidos-orix\\\/\",\"mainEntityOfPage\":{\"@type\":\"WebPage\",\"@id\":\"http:\\\/\\\/noticiasya.com\\\/midland-odessa\\\/2024\\\/09\\\/21\\\/incendios-peru-20-fallecidos-orix\\\/\"},\"thumbnailUrl\":\"\",\"image\":{\"@type\":\"ImageObject\",\"url\":\"\"},\"articleSection\":\"Noticias Nacionales\",\"author\":[],\"creator\":[],\"publisher\":{\"@type\":\"Organization\",\"name\":\"Noticias\",\"logo\":\"\"},\"keywords\":[],\"dateCreated\":\"2024-09-22T01:03:48Z\",\"datePublished\":\"2024-09-22T01:03:48Z\",\"dateModified\":\"2024-09-22T01:03:48Z\"}<\/script>","tracker_url":"https:\/\/cdn.parsely.com\/keys\/noticiasya.com\/p.js"},"jetpack_featured_media_url":"","jetpack-related-posts":[{"id":1452747,"url":"https:\/\/noticiasya.com\/midland-odessa\/2024\/09\/16\/por-que-incendios-todas-regiones-peru-trax\/","url_meta":{"origin":1452926,"position":0},"title":"\u00bfPor qu\u00e9 existen incendios en casi todas las regiones de Per\u00fa?","author":"","date":"septiembre 16, 2024","format":false,"excerpt":"(CNN Espa\u00f1ol) \u2013\u2013 Gustavo Adrianz\u00e9n, presidente del Consejo de ministros de Per\u00fa, le dijo este lunes a la prensa que, \u201ca excepci\u00f3n de dos regiones, Ica e Iquitos, en todas las regiones se hab\u00edan reportado incendios\u201d.El Ministerio de Salud indic\u00f3 que hasta el momento son 15 las personas fallecidas, mientras\u2026","rel":"","context":"In &quot;Noticias Nacionales&quot;","block_context":{"text":"Noticias Nacionales","link":"https:\/\/noticiasya.com\/midland-odessa\/categoria\/noticias-nacionales"},"img":{"alt_text":"","src":"","width":0,"height":0},"classes":[]},{"id":1452834,"url":"https:\/\/noticiasya.com\/midland-odessa\/2024\/09\/19\/declaran-emergencia-incendios-departamentos-peruanos-orix\/","url_meta":{"origin":1452926,"position":1},"title":"Declaran emergencia por los incendios en los departamentos peruanos de Amazonas, San Mart\u00edn y Ucayali","author":"","date":"septiembre 19, 2024","format":false,"excerpt":"(CNN Espa\u00f1ol) \u2013\u2013 El Gobierno de Per\u00fa declar\u00f3 este mi\u00e9rcoles estado de emergencia en tres de las 26 regiones del pa\u00eds, los departamentos de Amazonas, San Mart\u00edn y Ucayali, debido a los incendios que afectan al pa\u00eds, inform\u00f3 la presidenta Dina Boluarte.Durante un mensaje a medios, Boluarte dijo que esta\u2026","rel":"","context":"In &quot;Noticias Nacionales&quot;","block_context":{"text":"Noticias Nacionales","link":"https:\/\/noticiasya.com\/midland-odessa\/categoria\/noticias-nacionales"},"img":{"alt_text":"","src":"","width":0,"height":0},"classes":[]},{"id":1453164,"url":"https:\/\/noticiasya.com\/midland-odessa\/2024\/09\/27\/incendios-quito-ecuador-liquidados-4-detenidos-orix\/","url_meta":{"origin":1452926,"position":2},"title":"Declaran liquidados los incendios que afectaron Quito esta semana; hay 4 presuntos responsables detenidos","author":"","date":"septiembre 27, 2024","format":false,"excerpt":"(CNN Espa\u00f1ol) -- Los incendios forestales que esta semana afectaron varios puntos de Quito quedaron liquidados este viernes, dijeron el alcalde Pabel Mu\u00f1oz y los bomberos de la capital de Ecuador.El alcalde dijo en su cuenta de X que se trat\u00f3 de los peores incendios en 30 a\u00f1os, y agradeci\u00f3\u2026","rel":"","context":"In &quot;Noticias Nacionales&quot;","block_context":{"text":"Noticias Nacionales","link":"https:\/\/noticiasya.com\/midland-odessa\/categoria\/noticias-nacionales"},"img":{"alt_text":"","src":"","width":0,"height":0},"classes":[]},{"id":1452346,"url":"https:\/\/noticiasya.com\/midland-odessa\/2024\/09\/02\/ecuador-incencios-12-activos-orix\/","url_meta":{"origin":1452926,"position":3},"title":"Ecuador lucha contra 12 incendios activos que han consumido m\u00e1s de 4.800 hect\u00e1reas","author":"","date":"septiembre 2, 2024","format":false,"excerpt":"(CNN Espa\u00f1ol) -- Al menos ocho provincias en Ecuador est\u00e1n afectadas por incendios forestales que comenzaron el 23 de agosto y que han consumido m\u00e1s de 4.800 hect\u00e1reas, inform\u00f3 la Secretar\u00eda Nacional de Gesti\u00f3n de Riesgos.Hay 12 incendios activos en las provincias de Chimborazo, Tungurahua, Carchi, Loja, Azuay, Imbabura y\u2026","rel":"","context":"In &quot;Noticias Nacionales&quot;","block_context":{"text":"Noticias Nacionales","link":"https:\/\/noticiasya.com\/midland-odessa\/categoria\/noticias-nacionales"},"img":{"alt_text":"","src":"","width":0,"height":0},"classes":[]},{"id":1444832,"url":"https:\/\/noticiasya.com\/midland-odessa\/2024\/02\/03\/chile-declara-alerta-roja-en-las-provincias-de-valparaiso-y-marga-marga-por-incendios-forestales\/","url_meta":{"origin":1452926,"position":4},"title":"Chile declara alerta roja en las provincias de Valpara\u00edso y Marga Marga por incendios forestales","author":"","date":"febrero 3, 2024","format":false,"excerpt":"(CNN Espa\u00f1ol) -- Las provincias de Valpara\u00edso y Marga Marga fueron declaradas en alerta roja debido a tres incendios forestales que hasta el momento han afectado en total unas 565 hect\u00e1reas, inform\u00f3 este viernes el Servicio Nacional de Prevenci\u00f3n y Respuesta ante Desastres (Senapred).El incendio m\u00e1s extenso hasta ahora es\u2026","rel":"","context":"In &quot;Noticias Nacionales&quot;","block_context":{"text":"Noticias Nacionales","link":"https:\/\/noticiasya.com\/midland-odessa\/categoria\/noticias-nacionales"},"img":{"alt_text":"","src":"","width":0,"height":0},"classes":[]},{"id":1444834,"url":"https:\/\/noticiasya.com\/midland-odessa\/2024\/02\/03\/chile-declara-alerta-roja-en-las-provincias-de-valparaiso-y-marga-marga-por-incendios-forestales-2\/","url_meta":{"origin":1452926,"position":5},"title":"Chile declara alerta roja en las provincias de Valpara\u00edso y Marga Marga por incendios forestales","author":"","date":"febrero 3, 2024","format":false,"excerpt":"(CNN Espa\u00f1ol) -- Las provincias de Valpara\u00edso y Marga Marga fueron declaradas en alerta roja debido a tres incendios forestales que hasta el momento han afectado en total unas 565 hect\u00e1reas, inform\u00f3 este viernes el Servicio Nacional de Prevenci\u00f3n y Respuesta ante Desastres (Senapred).El incendio m\u00e1s extenso hasta ahora es\u2026","rel":"","context":"In &quot;Noticias Nacionales&quot;","block_context":{"text":"Noticias Nacionales","link":"https:\/\/noticiasya.com\/midland-odessa\/categoria\/noticias-nacionales"},"img":{"alt_text":"","src":"","width":0,"height":0},"classes":[]}],"jetpack_sharing_enabled":true,"_links":{"self":[{"href":"https:\/\/noticiasya.com\/midland-odessa\/wp-json\/wp\/v2\/posts\/1452926","targetHints":{"allow":["GET"]}}],"collection":[{"href":"https:\/\/noticiasya.com\/midland-odessa\/wp-json\/wp\/v2\/posts"}],"about":[{"href":"https:\/\/noticiasya.com\/midland-odessa\/wp-json\/wp\/v2\/types\/post"}],"replies":[{"embeddable":true,"href":"https:\/\/noticiasya.com\/midland-odessa\/wp-json\/wp\/v2\/comments?post=1452926"}],"version-history":[{"count":0,"href":"https:\/\/noticiasya.com\/midland-odessa\/wp-json\/wp\/v2\/posts\/1452926\/revisions"}],"wp:attachment":[{"href":"https:\/\/noticiasya.com\/midland-odessa\/wp-json\/wp\/v2\/media?parent=1452926"}],"wp:term":[{"taxonomy":"category","embeddable":true,"href":"https:\/\/noticiasya.com\/midland-odessa\/wp-json\/wp\/v2\/categories?post=1452926"},{"taxonomy":"post_tag","embeddable":true,"href":"https:\/\/noticiasya.com\/midland-odessa\/wp-json\/wp\/v2\/tags?post=1452926"}],"curies":[{"name":"wp","href":"https:\/\/api.w.org\/{rel}","templated":true}]}}