{"id":1452929,"date":"2024-09-22T03:03:42","date_gmt":"2024-09-22T10:03:42","guid":{"rendered":"https:\/\/noticiasya.com\/2024\/09\/22\/adios-cultura-bienvenida-alemania-cede-presion-extrema-derecha-estrecha-fronteras-trax\/"},"modified":"2024-09-22T03:03:42","modified_gmt":"2024-09-22T10:03:42","slug":"adios-cultura-bienvenida-alemania-cede-presion-extrema-derecha-estrecha-fronteras-trax","status":"publish","type":"post","link":"https:\/\/noticiasya.com\/midland-odessa\/2024\/09\/22\/adios-cultura-bienvenida-alemania-cede-presion-extrema-derecha-estrecha-fronteras-trax\/","title":{"rendered":"Adi\u00f3s a la &#171;cultura de la bienvenida&#187;: Alemania cede ante la presi\u00f3n de la extrema derecha y estrecha sus fronteras"},"content":{"rendered":"<p>(CNN) &#8212; En Frankfurt an der Oder, un ir\u00f3nico cartel reza: \u201cFrankfurt Oder\/Slubice \u2013 sin fronteras\u201d. Slubice es la ciudad polaca situada al otro lado del caudaloso r\u00edo Oder que marca el comienzo de la Rep\u00fablica Federal Alemana.<\/p>\n<p>Atravesando el r\u00edo, un puente conecta a estas dos naciones europeas. Una fila de autos espera pacientemente para entrar desde Polonia. La polic\u00eda alemana, algunos con ametralladoras y ataviados con chalecos reflectantes, deja pasar a los autos o detiene a los que considera sospechosos.<\/p>\n<p>&#171;Aqu\u00ed es un hecho cotidiano que la gente que no cumple los requisitos de entrada a Alemania y quiz\u00e1s incluso al espacio Schengen tenga que ser sometida a m\u00e1s medidas policiales&#187;, dice entre controles Tom Knie, un polic\u00eda de aspecto juvenil, refiri\u00e9ndose a la zona de libre circulaci\u00f3n en la Uni\u00f3n Europea.<\/p>\n<p>\u00c9stas son ahora las nuevas realidades en todas las fronteras terrestres de Alemania.<\/p>\n<p>El 16 de septiembre, Berl\u00edn orden\u00f3 el \u201creintroducci\u00f3n temporal del control fronterizo\u201d en las fronteras de Alemania con B\u00e9lgica, Holanda, Luxemburgo, Francia y Dinamarca.<\/p>\n<p>La medida ampl\u00eda los controles ya existentes en las fronteras con Polonia, Austria, Rep\u00fablica Checa y Suiza, que est\u00e1n en funcionamiento desde octubre.<\/p>\n<p>La raz\u00f3n para la reintroducci\u00f3n de estos controles radica en gran medida en cuestiones internas alemanas, todas ellas interconectadas, pero cada una de las cuales aumenta la presi\u00f3n sobre el canciller alem\u00e1n Olaf Scholz y su coalici\u00f3n gobernante, la m\u00e1s severa de las cuales proviene de la floreciente y cada vez m\u00e1s confiada extrema derecha alemana.<\/p>\n<p>Pero tambi\u00e9n marcan el final de una era de la pol\u00edtica migratoria liberal de Alemania \u2013 Wilkommenskultur , o \u201ccultura de bienvenida\u201d \u2013 iniciada por la predecesora de Scholz, Angela Merkel, en 2015 y plantean interrogantes sobre la viabilidad de toda la zona Schengen.<\/p>\n<p>Terror, migraci\u00f3n y AfD<\/p>\n<p>Como un recordatorio de la importancia que el creciente partido Alternativa para Alemania (AfD) otorga a la seguridad de la frontera alemana, en los postes de luz a lo largo del camino hacia Frankfurt\/Oder se encuentran colgados sus carteles de campa\u00f1a.<\/p>\n<p>En uno se lee \u201c\u00a1TE PROTEGEMOS!\u201d y un \u00e1guila, el s\u00edmbolo federal de Alemania, se lanza sobre un contenedor que contiene un sem\u00e1foro \u2013el s\u00edmbolo del gobierno de coalici\u00f3n aqu\u00ed, conocido como la \u201ccoalici\u00f3n del sem\u00e1foro\u201d\u2013 y, m\u00e1s insidiosamente, una mezquita.<\/p>\n<p>Una serie de ataques terroristas antes de elecciones estatales clave en regiones con tendencia derechista puso el tema de la migraci\u00f3n al frente y al centro de las recientes votaciones.<\/p>\n<p>El paso fronterizo germano-polaco Stadtbr\u00fccke entre Frankfurt (Oder) y Slubice. Patrick Pleul\/Picture Alliance a trav\u00e9s de Getty Images<\/p>\n<p>En junio, un afgano de 25 a\u00f1os mat\u00f3 a un polic\u00eda en Manheim y, semanas despu\u00e9s, un sirio de 26 a\u00f1os mat\u00f3 a tres personas con cuchillos en Solingen. Ambos incidentes fueron aprovechados por la AfD.<\/p>\n<p>Una de las figuras m\u00e1s controvertidas del partido, Bjoern Hoecke, pidi\u00f3 a X que se ponga fin a \u201ceste camino equivocado de multiculturalismo forzado\u201d.<\/p>\n<p>A principios de septiembre, la AfD se convirti\u00f3 en el primer partido de extrema derecha desde la era nazi en ganar directamente una elecci\u00f3n estatal. La victoria en Turingia, un antiguo estado de Alemania del Este, fue seguida por un segundo puesto en Sajonia.<\/p>\n<p>Erosionando el control de Scholz<\/p>\n<p>La AfD lleva mucho tiempo haciendo campa\u00f1a con una candidatura que es en gran medida contraria a la inmigraci\u00f3n. Alice Weidel, col\u00edder de la AfD, ha dicho en el pasado que Alemania se hab\u00eda convertido en \u201cun pa\u00eds sin fronteras, donde cualquiera puede entrar y no hacemos nada al respecto\u201d.<\/p>\n<p>Su \u00e9xito, sumado al ascenso de la extrema izquierda, que tambi\u00e9n tiene posturas antiinmigratorias, ha encontrado una manera de restarle apoyo a Scholz y, en \u00faltima instancia, ha obligado al canciller a actuar, especialmente en materia de migraci\u00f3n.<\/p>\n<p>En un discurso pronunciado en el Bundestag antes de las restricciones fronterizas, Scholz dijo: &#171;Lo estamos haciendo aunque sea dif\u00edcil con nuestros vecinos&#8230; Creo que tenemos que superar esto. Ahora es necesario que superemos esta disputa&#187;.<\/p>\n<p>Raphael Bossong, investigador del Instituto Alem\u00e1n de Asuntos Internacionales y de Seguridad, dijo a la CNN que ceder a los llamados de los populistas de derecha no va a dar resultados electorales. Seg\u00fan \u00e9l, \u201clos partidos tradicionales no pueden ignorar que existe un sentimiento p\u00fablico de que la migraci\u00f3n debe controlarse m\u00e1s, pero empezar a adoptar posiciones como las que estaba adoptando la AfD al final va a ser contraproducente\u201d.<\/p>\n<p>Scholz y su gobierno corren el riesgo de sufrir a\u00fan m\u00e1s dificultades este fin de semana, ya que Brandeburgo tambi\u00e9n acudir\u00e1 a las urnas para elegir a sus l\u00edderes regionales.<\/p>\n<p>Las previsiones actuales sit\u00faan a la AfD en camino de conseguir el 28,4% de los votos, superando al Partido Socialdem\u00f3crata de Scholz, que se sit\u00faa en segundo lugar con el 24,7%.<\/p>\n<p>El resultado podr\u00eda f\u00e1cilmente significar m\u00e1s problemas para Scholz y un mayor debilitamiento de su coalici\u00f3n, y aumentar los pedidos de nuevas elecciones federales antes del pr\u00f3ximo septiembre.<\/p>\n<p>\u00bfEl fin de la Wilkommenskultur?<\/p>\n<p>Los pedidos de m\u00e1s controles en las fronteras alemanas tambi\u00e9n marcan un cambio radical en el coraz\u00f3n de la Uni\u00f3n Europea respecto de las pol\u00edticas de Merkel.<\/p>\n<p>En 2015, la ex canciller alemana Merkel, siempre popular y con muchos a\u00f1os de servicio en el poder, abri\u00f3 las fronteras de Alemania a los inmigrantes que hu\u00edan de sus hogares (en ese momento, en su mayor\u00eda sirios) debido a la guerra civil del pa\u00eds.<\/p>\n<p>Los datos migratorios del gobierno alem\u00e1n muestran que entre 2015 y 2023 ingresaron al pa\u00eds 13,7 millones de inmigrantes no alemanes, mientras que en el mismo per\u00edodo antes de 2015 esa cifra era de tan solo 5,8 millones.<\/p>\n<p>Las medidas de Merkel se conocieron como Wilkommenskulturand y colocaron a Alemania aparte en el escenario mundial en materia de pol\u00edtica migratoria liberal.<\/p>\n<p>Un agente de la Polic\u00eda federal alemana sostiene un cartel que dice &#171;Polic\u00eda en espera&#187; mientras vigila los autom\u00f3viles que llegan a la frontera entre Alemania y Polonia. (Maja Hitij\/Getty Images)<\/p>\n<p>Gerald Knaus, presidente fundador del grupo de expertos Iniciativa Europea de Estabilidad, dijo a CNN que \u201cAlemania ha sido un pilar del sistema de refugiados europeo y mundial\u201d, pero ahora ve al actual gobierno alem\u00e1n \u201ccaminando dormido hacia una trampa\u201d.<\/p>\n<p>Dijo que la promesa de controlar la migraci\u00f3n irregular en la frontera no ser\u00e1 posible sino que \u201cgenerar\u00e1 expectativas que llevar\u00e1n a demandas de realmente construir vallas, para al final, convertir a los pa\u00edses en fortalezas\u201d.<\/p>\n<p>El gobierno actual, dijo Knaus, \u201cse enfrenta a la demanda de regularizar y controlar el movimiento, [y] el gobierno acepta la legitimidad de la demanda [de la extrema derecha] pero luego no tiene una pol\u00edtica que funcione\u201d.<\/p>\n<p>Para Knaus, la perspectiva de un cambio en la pol\u00edtica alemana plantea otro espectro.<\/p>\n<p>\u201cSi prometes controlar un tema emocional como la migraci\u00f3n y lo que propones no funciona, no s\u00f3lo no vas a lograr tu objetivo, sino que te est\u00e1s preparando para un fracaso que ser\u00e1 aprovechado por aquellos dispuestos a ir mucho, mucho m\u00e1s all\u00e1\u201d, dijo Knaus.<\/p>\n<p>The-CNN-Wire<br \/>&trade; &amp; &copy; 2024 Cable News Network, Inc., a Warner Bros. Discovery Company. All rights reserved.<\/p>\n","protected":false},"excerpt":{"rendered":"<p>(CNN) &#8212; En Frankfurt an der Oder, un ir\u00f3nico cartel reza: \u201cFrankfurt Oder\/Slubice \u2013 sin fronteras\u201d. Slubice es la ciudad polaca situada al otro lado del caudaloso r\u00edo Oder que marca el comienzo de la Rep\u00fablica Federal Alemana. Atravesando el r\u00edo, un puente conecta a estas dos naciones europeas. Una fila de autos espera pacientemente [&hellip;]<\/p>\n","protected":false},"author":0,"featured_media":0,"comment_status":"open","ping_status":"open","sticky":false,"template":"","format":"standard","meta":{"_jetpack_memberships_contains_paid_content":false,"footnotes":""},"categories":[10],"tags":[],"class_list":["post-1452929","post","type-post","status-publish","format-standard","hentry","category-noticias-nacionales","market-global"],"yoast_head":"<!-- This site is optimized with the Yoast SEO plugin v24.4 - https:\/\/yoast.com\/wordpress\/plugins\/seo\/ -->\n<title>Adi\u00f3s a la &quot;cultura de la bienvenida&quot;: Alemania cede ante la presi\u00f3n de la extrema derecha y estrecha sus fronteras - Noticias<\/title>\n<meta name=\"robots\" content=\"index, follow, max-snippet:-1, max-image-preview:large, max-video-preview:-1\" \/>\n<link rel=\"canonical\" href=\"https:\/\/noticiasya.com\/2024\/09\/22\/adios-cultura-bienvenida-alemania-cede-presion-extrema-derecha-estrecha-fronteras-trax\/\" \/>\n<meta property=\"og:locale\" content=\"es_ES\" \/>\n<meta property=\"og:type\" content=\"article\" \/>\n<meta property=\"og:title\" content=\"Adi\u00f3s a la &quot;cultura de la bienvenida&quot;: Alemania cede ante la presi\u00f3n de la extrema derecha y estrecha sus fronteras - Noticias\" \/>\n<meta property=\"og:description\" content=\"(CNN) &#8212; En Frankfurt an der Oder, un ir\u00f3nico cartel reza: \u201cFrankfurt Oder\/Slubice \u2013 sin fronteras\u201d. Slubice es la ciudad polaca situada al otro lado del caudaloso r\u00edo Oder que marca el comienzo de la Rep\u00fablica Federal Alemana. Atravesando el r\u00edo, un puente conecta a estas dos naciones europeas. Una fila de autos espera pacientemente [&hellip;]\" \/>\n<meta property=\"og:url\" content=\"https:\/\/noticiasya.com\/2024\/09\/22\/adios-cultura-bienvenida-alemania-cede-presion-extrema-derecha-estrecha-fronteras-trax\/\" \/>\n<meta property=\"og:site_name\" content=\"Noticias\" \/>\n<meta property=\"article:published_time\" content=\"2024-09-22T10:03:42+00:00\" \/>\n<meta name=\"twitter:card\" content=\"summary_large_image\" \/>\n<meta name=\"twitter:label1\" content=\"Est. reading time\" \/>\n\t<meta name=\"twitter:data1\" content=\"6 minutos\" \/>\n<script type=\"application\/ld+json\" class=\"yoast-schema-graph\">{\"@context\":\"https:\/\/schema.org\",\"@graph\":[{\"@type\":\"Article\",\"@id\":\"https:\/\/noticiasya.com\/2024\/09\/22\/adios-cultura-bienvenida-alemania-cede-presion-extrema-derecha-estrecha-fronteras-trax\/#article\",\"isPartOf\":{\"@id\":\"https:\/\/noticiasya.com\/2024\/09\/22\/adios-cultura-bienvenida-alemania-cede-presion-extrema-derecha-estrecha-fronteras-trax\/\"},\"author\":{\"name\":\"\",\"@id\":\"\"},\"headline\":\"Adi\u00f3s a la &#171;cultura de la bienvenida&#187;: Alemania cede ante la presi\u00f3n de la extrema derecha y estrecha sus fronteras\",\"datePublished\":\"2024-09-22T10:03:42+00:00\",\"mainEntityOfPage\":{\"@id\":\"https:\/\/noticiasya.com\/2024\/09\/22\/adios-cultura-bienvenida-alemania-cede-presion-extrema-derecha-estrecha-fronteras-trax\/\"},\"wordCount\":1282,\"commentCount\":0,\"publisher\":{\"@id\":\"https:\/\/noticiasya.com\/#organization\"},\"articleSection\":[\"Noticias Nacionales\"],\"inLanguage\":\"es\",\"potentialAction\":[{\"@type\":\"CommentAction\",\"name\":\"Comment\",\"target\":[\"https:\/\/noticiasya.com\/2024\/09\/22\/adios-cultura-bienvenida-alemania-cede-presion-extrema-derecha-estrecha-fronteras-trax\/#respond\"]}]},{\"@type\":\"WebPage\",\"@id\":\"https:\/\/noticiasya.com\/2024\/09\/22\/adios-cultura-bienvenida-alemania-cede-presion-extrema-derecha-estrecha-fronteras-trax\/\",\"url\":\"https:\/\/noticiasya.com\/2024\/09\/22\/adios-cultura-bienvenida-alemania-cede-presion-extrema-derecha-estrecha-fronteras-trax\/\",\"name\":\"Adi\u00f3s a la \\\"cultura de la bienvenida\\\": Alemania cede ante la presi\u00f3n de la extrema derecha y estrecha sus fronteras - Noticias\",\"isPartOf\":{\"@id\":\"https:\/\/noticiasya.com\/#website\"},\"datePublished\":\"2024-09-22T10:03:42+00:00\",\"breadcrumb\":{\"@id\":\"https:\/\/noticiasya.com\/2024\/09\/22\/adios-cultura-bienvenida-alemania-cede-presion-extrema-derecha-estrecha-fronteras-trax\/#breadcrumb\"},\"inLanguage\":\"es\",\"potentialAction\":[{\"@type\":\"ReadAction\",\"target\":[\"https:\/\/noticiasya.com\/2024\/09\/22\/adios-cultura-bienvenida-alemania-cede-presion-extrema-derecha-estrecha-fronteras-trax\/\"]}]},{\"@type\":\"BreadcrumbList\",\"@id\":\"https:\/\/noticiasya.com\/2024\/09\/22\/adios-cultura-bienvenida-alemania-cede-presion-extrema-derecha-estrecha-fronteras-trax\/#breadcrumb\",\"itemListElement\":[{\"@type\":\"ListItem\",\"position\":1,\"name\":\"Home\",\"item\":\"https:\/\/noticiasya.com\/\"},{\"@type\":\"ListItem\",\"position\":2,\"name\":\"Adi\u00f3s a la &#171;cultura de la bienvenida&#187;: Alemania cede ante la presi\u00f3n de la extrema derecha y estrecha sus fronteras\"}]},{\"@type\":\"WebSite\",\"@id\":\"https:\/\/noticiasya.com\/#website\",\"url\":\"https:\/\/noticiasya.com\/\",\"name\":\"Noticias\",\"description\":\"Lo que importa\",\"publisher\":{\"@id\":\"https:\/\/noticiasya.com\/#organization\"},\"potentialAction\":[{\"@type\":\"SearchAction\",\"target\":{\"@type\":\"EntryPoint\",\"urlTemplate\":\"https:\/\/noticiasya.com\/?s={search_term_string}\"},\"query-input\":{\"@type\":\"PropertyValueSpecification\",\"valueRequired\":true,\"valueName\":\"search_term_string\"}}],\"inLanguage\":\"es\"},{\"@type\":\"Organization\",\"@id\":\"https:\/\/noticiasya.com\/#organization\",\"name\":\"Noticias\",\"url\":\"https:\/\/noticiasya.com\/\",\"logo\":{\"@type\":\"ImageObject\",\"inLanguage\":\"es\",\"@id\":\"https:\/\/noticiasya.com\/#\/schema\/logo\/image\/\",\"url\":\"https:\/\/noticiasya.com\/wp-content\/uploads\/sites\/22\/2023\/12\/logo-nacional.png\",\"contentUrl\":\"https:\/\/noticiasya.com\/wp-content\/uploads\/sites\/22\/2023\/12\/logo-nacional.png\",\"width\":1801,\"height\":691,\"caption\":\"Noticias\"},\"image\":{\"@id\":\"https:\/\/noticiasya.com\/#\/schema\/logo\/image\/\"}}]}<\/script>\n<!-- \/ Yoast SEO plugin. -->","yoast_head_json":{"title":"Adi\u00f3s a la \"cultura de la bienvenida\": Alemania cede ante la presi\u00f3n de la extrema derecha y estrecha sus fronteras - Noticias","robots":{"index":"index","follow":"follow","max-snippet":"max-snippet:-1","max-image-preview":"max-image-preview:large","max-video-preview":"max-video-preview:-1"},"canonical":"https:\/\/noticiasya.com\/2024\/09\/22\/adios-cultura-bienvenida-alemania-cede-presion-extrema-derecha-estrecha-fronteras-trax\/","og_locale":"es_ES","og_type":"article","og_title":"Adi\u00f3s a la \"cultura de la bienvenida\": Alemania cede ante la presi\u00f3n de la extrema derecha y estrecha sus fronteras - Noticias","og_description":"(CNN) &#8212; En Frankfurt an der Oder, un ir\u00f3nico cartel reza: \u201cFrankfurt Oder\/Slubice \u2013 sin fronteras\u201d. Slubice es la ciudad polaca situada al otro lado del caudaloso r\u00edo Oder que marca el comienzo de la Rep\u00fablica Federal Alemana. Atravesando el r\u00edo, un puente conecta a estas dos naciones europeas. Una fila de autos espera pacientemente [&hellip;]","og_url":"https:\/\/noticiasya.com\/2024\/09\/22\/adios-cultura-bienvenida-alemania-cede-presion-extrema-derecha-estrecha-fronteras-trax\/","og_site_name":"Noticias","article_published_time":"2024-09-22T10:03:42+00:00","twitter_card":"summary_large_image","twitter_misc":{"Est. reading time":"6 minutos"},"schema":{"@context":"https:\/\/schema.org","@graph":[{"@type":"Article","@id":"https:\/\/noticiasya.com\/2024\/09\/22\/adios-cultura-bienvenida-alemania-cede-presion-extrema-derecha-estrecha-fronteras-trax\/#article","isPartOf":{"@id":"https:\/\/noticiasya.com\/2024\/09\/22\/adios-cultura-bienvenida-alemania-cede-presion-extrema-derecha-estrecha-fronteras-trax\/"},"author":{"name":"","@id":""},"headline":"Adi\u00f3s a la &#171;cultura de la bienvenida&#187;: Alemania cede ante la presi\u00f3n de la extrema derecha y estrecha sus fronteras","datePublished":"2024-09-22T10:03:42+00:00","mainEntityOfPage":{"@id":"https:\/\/noticiasya.com\/2024\/09\/22\/adios-cultura-bienvenida-alemania-cede-presion-extrema-derecha-estrecha-fronteras-trax\/"},"wordCount":1282,"commentCount":0,"publisher":{"@id":"https:\/\/noticiasya.com\/#organization"},"articleSection":["Noticias Nacionales"],"inLanguage":"es","potentialAction":[{"@type":"CommentAction","name":"Comment","target":["https:\/\/noticiasya.com\/2024\/09\/22\/adios-cultura-bienvenida-alemania-cede-presion-extrema-derecha-estrecha-fronteras-trax\/#respond"]}]},{"@type":"WebPage","@id":"https:\/\/noticiasya.com\/2024\/09\/22\/adios-cultura-bienvenida-alemania-cede-presion-extrema-derecha-estrecha-fronteras-trax\/","url":"https:\/\/noticiasya.com\/2024\/09\/22\/adios-cultura-bienvenida-alemania-cede-presion-extrema-derecha-estrecha-fronteras-trax\/","name":"Adi\u00f3s a la \"cultura de la bienvenida\": Alemania cede ante la presi\u00f3n de la extrema derecha y estrecha sus fronteras - Noticias","isPartOf":{"@id":"https:\/\/noticiasya.com\/#website"},"datePublished":"2024-09-22T10:03:42+00:00","breadcrumb":{"@id":"https:\/\/noticiasya.com\/2024\/09\/22\/adios-cultura-bienvenida-alemania-cede-presion-extrema-derecha-estrecha-fronteras-trax\/#breadcrumb"},"inLanguage":"es","potentialAction":[{"@type":"ReadAction","target":["https:\/\/noticiasya.com\/2024\/09\/22\/adios-cultura-bienvenida-alemania-cede-presion-extrema-derecha-estrecha-fronteras-trax\/"]}]},{"@type":"BreadcrumbList","@id":"https:\/\/noticiasya.com\/2024\/09\/22\/adios-cultura-bienvenida-alemania-cede-presion-extrema-derecha-estrecha-fronteras-trax\/#breadcrumb","itemListElement":[{"@type":"ListItem","position":1,"name":"Home","item":"https:\/\/noticiasya.com\/"},{"@type":"ListItem","position":2,"name":"Adi\u00f3s a la &#171;cultura de la bienvenida&#187;: Alemania cede ante la presi\u00f3n de la extrema derecha y estrecha sus fronteras"}]},{"@type":"WebSite","@id":"https:\/\/noticiasya.com\/#website","url":"https:\/\/noticiasya.com\/","name":"Noticias","description":"Lo que importa","publisher":{"@id":"https:\/\/noticiasya.com\/#organization"},"potentialAction":[{"@type":"SearchAction","target":{"@type":"EntryPoint","urlTemplate":"https:\/\/noticiasya.com\/?s={search_term_string}"},"query-input":{"@type":"PropertyValueSpecification","valueRequired":true,"valueName":"search_term_string"}}],"inLanguage":"es"},{"@type":"Organization","@id":"https:\/\/noticiasya.com\/#organization","name":"Noticias","url":"https:\/\/noticiasya.com\/","logo":{"@type":"ImageObject","inLanguage":"es","@id":"https:\/\/noticiasya.com\/#\/schema\/logo\/image\/","url":"https:\/\/noticiasya.com\/wp-content\/uploads\/sites\/22\/2023\/12\/logo-nacional.png","contentUrl":"https:\/\/noticiasya.com\/wp-content\/uploads\/sites\/22\/2023\/12\/logo-nacional.png","width":1801,"height":691,"caption":"Noticias"},"image":{"@id":"https:\/\/noticiasya.com\/#\/schema\/logo\/image\/"}}]}},"parsely":{"version":"1.1.0","canonical_url":"https:\/\/noticiasya.com\/midland-odessa\/2024\/09\/22\/adios-cultura-bienvenida-alemania-cede-presion-extrema-derecha-estrecha-fronteras-trax\/","smart_links":{"inbound":0,"outbound":0},"traffic_boost_suggestions_count":0,"meta":{"@context":"https:\/\/schema.org","@type":"NewsArticle","headline":"Adi\u00f3s a la &#171;cultura de la bienvenida&#187;: Alemania cede ante la presi\u00f3n de la extrema derecha y estrecha sus fronteras","url":"http:\/\/noticiasya.com\/midland-odessa\/2024\/09\/22\/adios-cultura-bienvenida-alemania-cede-presion-extrema-derecha-estrecha-fronteras-trax\/","mainEntityOfPage":{"@type":"WebPage","@id":"http:\/\/noticiasya.com\/midland-odessa\/2024\/09\/22\/adios-cultura-bienvenida-alemania-cede-presion-extrema-derecha-estrecha-fronteras-trax\/"},"thumbnailUrl":"","image":{"@type":"ImageObject","url":""},"articleSection":"Noticias Nacionales","author":[],"creator":[],"publisher":{"@type":"Organization","name":"Noticias","logo":""},"keywords":[],"dateCreated":"2024-09-22T10:03:42Z","datePublished":"2024-09-22T10:03:42Z","dateModified":"2024-09-22T10:03:42Z"},"rendered":"<script type=\"application\/ld+json\" class=\"wp-parsely-metadata\">{\"@context\":\"https:\\\/\\\/schema.org\",\"@type\":\"NewsArticle\",\"headline\":\"Adi\\u00f3s a la &#171;cultura de la bienvenida&#187;: Alemania cede ante la presi\\u00f3n de la extrema derecha y estrecha sus fronteras\",\"url\":\"http:\\\/\\\/noticiasya.com\\\/midland-odessa\\\/2024\\\/09\\\/22\\\/adios-cultura-bienvenida-alemania-cede-presion-extrema-derecha-estrecha-fronteras-trax\\\/\",\"mainEntityOfPage\":{\"@type\":\"WebPage\",\"@id\":\"http:\\\/\\\/noticiasya.com\\\/midland-odessa\\\/2024\\\/09\\\/22\\\/adios-cultura-bienvenida-alemania-cede-presion-extrema-derecha-estrecha-fronteras-trax\\\/\"},\"thumbnailUrl\":\"\",\"image\":{\"@type\":\"ImageObject\",\"url\":\"\"},\"articleSection\":\"Noticias Nacionales\",\"author\":[],\"creator\":[],\"publisher\":{\"@type\":\"Organization\",\"name\":\"Noticias\",\"logo\":\"\"},\"keywords\":[],\"dateCreated\":\"2024-09-22T10:03:42Z\",\"datePublished\":\"2024-09-22T10:03:42Z\",\"dateModified\":\"2024-09-22T10:03:42Z\"}<\/script>","tracker_url":"https:\/\/cdn.parsely.com\/keys\/noticiasya.com\/p.js"},"jetpack_featured_media_url":"","jetpack-related-posts":[{"id":1452527,"url":"https:\/\/noticiasya.com\/midland-odessa\/2024\/09\/08\/interrupciones-masivas-en-trenes-dejan-a-cientos-de-personas-varadas-en-alemania\/","url_meta":{"origin":1452929,"position":0},"title":"Interrupciones masivas en trenes dejan a cientos de personas varadas en Alemania","author":"","date":"septiembre 8, 2024","format":false,"excerpt":"(CNN) -- Este s\u00e1bado, las autoridades alemanas intentaron restablecer el tr\u00e1fico tras un problema t\u00e9cnico, pero desde entonces se ha reanudado parte del tr\u00e1fico.Los servicios de trenes en el centro de Alemania se han visto \u201cenormemente afectados\u201d debido a un fallo t\u00e9cnico, dijo la compa\u00f1\u00eda ferroviaria alemana Deutsche Bahn.En el\u2026","rel":"","context":"In &quot;Noticias Nacionales&quot;","block_context":{"text":"Noticias Nacionales","link":"https:\/\/noticiasya.com\/midland-odessa\/categoria\/noticias-nacionales"},"img":{"alt_text":"","src":"","width":0,"height":0},"classes":[]},{"id":1456860,"url":"https:\/\/noticiasya.com\/midland-odessa\/2024\/12\/22\/ira-inmigrantes-ataque-mercado-alemania-trax\/","url_meta":{"origin":1452929,"position":1},"title":"Aumenta la ira contra inmigrantes en Alemania tras el mortal ataque en el mercado navide\u00f1o de Magdeburgo","author":"","date":"diciembre 22, 2024","format":false,"excerpt":"Los puestos que venden el tradicional vino caliente, adornados con luces navide\u00f1as y oropel, est\u00e1n vac\u00edos y cerrados.En la calle del mercado navide\u00f1o en el centro de Magdeburgo, ahora acordonada, la polic\u00eda alemana hace guardia mientras, seg\u00fan dijo un oficial a CNN, los equipos forenses examinan cuidadosamente la escena del\u2026","rel":"","context":"In &quot;Noticias Nacionales&quot;","block_context":{"text":"Noticias Nacionales","link":"https:\/\/noticiasya.com\/midland-odessa\/categoria\/noticias-nacionales"},"img":{"alt_text":"","src":"","width":0,"height":0},"classes":[]},{"id":1452139,"url":"https:\/\/noticiasya.com\/midland-odessa\/2024\/08\/25\/se-entrego-sospechoso-ataque-arma-blanca-alemania-trax\/","url_meta":{"origin":1452929,"position":2},"title":"Un hombre sirio de 26 a\u00f1os confes\u00f3 haber perpretado ataque con arma blanca en Alemania","author":"","date":"agosto 25, 2024","format":false,"excerpt":"(CNN) --\u00a0Un hombre sirio se entreg\u00f3 y confes\u00f3 haber apu\u00f1alado hasta la muerte a tres personas y herido a otras ocho en un festival este viernes en la ciudad de Solingen, en el oeste de Alemania, inform\u00f3 la polic\u00eda.Las autoridades investigan si el sospechoso, de 26 a\u00f1os, ten\u00eda alguna conexi\u00f3n\u2026","rel":"","context":"In &quot;Noticias Nacionales&quot;","block_context":{"text":"Noticias Nacionales","link":"https:\/\/noticiasya.com\/midland-odessa\/categoria\/noticias-nacionales"},"img":{"alt_text":"","src":"","width":0,"height":0},"classes":[]},{"id":1459422,"url":"https:\/\/noticiasya.com\/midland-odessa\/2025\/03\/03\/ataque-coche-mannheim-alemania-trax\/","url_meta":{"origin":1452929,"position":3},"title":"Al menos una persona muri\u00f3 en un ataque con coche en la ciudad alemana de Mannheim, seg\u00fan la polic\u00eda","author":"","date":"marzo 3, 2025","format":false,"excerpt":"Al menos una persona muri\u00f3 y varias resultaron heridas despu\u00e9s de que un autom\u00f3vil embistiera a peatones en la ciudad de Mannheim, en el suroeste de Alemania, dijo este lunes la polic\u00eda local.El incidente ocurri\u00f3 poco despu\u00e9s del mediod\u00eda, hora local (6 a.m. ET), dijo Stefan Wilhelm, portavoz de la\u2026","rel":"","context":"In &quot;Noticias Nacionales&quot;","block_context":{"text":"Noticias Nacionales","link":"https:\/\/noticiasya.com\/midland-odessa\/categoria\/noticias-nacionales"},"img":{"alt_text":"","src":"","width":0,"height":0},"classes":[]},{"id":1452128,"url":"https:\/\/noticiasya.com\/midland-odessa\/2024\/08\/24\/policia-alemania-detiene-sospechoso-apunalar-tres-personas-trax\/","url_meta":{"origin":1452929,"position":4},"title":"La polic\u00eda de Alemania detiene a un sospechoso acusado de apu\u00f1alar hasta la muerte a tres personas en un festival de m\u00fasica","author":"","date":"agosto 24, 2024","format":false,"excerpt":"(CNN) -- La polic\u00eda de Alemania detuvo a un sospechoso acusado de apu\u00f1alar hasta la muerte a tres personas en un festival de m\u00fasica en la ciudad de Solingen el viernes, en un ataque que conmocion\u00f3 a todo el pa\u00eds.El sospechoso fue detenido en un centro de refugiados tras una\u2026","rel":"","context":"In &quot;Noticias Nacionales&quot;","block_context":{"text":"Noticias Nacionales","link":"https:\/\/noticiasya.com\/midland-odessa\/categoria\/noticias-nacionales"},"img":{"alt_text":"","src":"","width":0,"height":0},"classes":[]},{"id":1462982,"url":"https:\/\/noticiasya.com\/midland-odessa\/2025\/05\/29\/ciudad-alemana-atraer-residentes-alojamiento-gratuito-trax\/","url_meta":{"origin":1452929,"position":5},"title":"Esta ciudad alemana quiere atraer nuevos residentes con alojamiento gratuito","author":"","date":"mayo 29, 2025","format":false,"excerpt":"Una ciudad en el este de Alemania est\u00e1 ofreciendo dos semanas de alojamiento gratuito para animar a las personas a mudarse all\u00ed y as\u00ed aumentar su poblaci\u00f3n.Eisenh\u00fcttenstadt, ubicada en la frontera con Polonia a unos 100 kil\u00f3metros de Berl\u00edn, ofrece una estad\u00eda de prueba de 14 d\u00edas para posibles nuevos\u2026","rel":"","context":"In &quot;Noticias Nacionales&quot;","block_context":{"text":"Noticias Nacionales","link":"https:\/\/noticiasya.com\/midland-odessa\/categoria\/noticias-nacionales"},"img":{"alt_text":"","src":"","width":0,"height":0},"classes":[]}],"jetpack_sharing_enabled":true,"_links":{"self":[{"href":"https:\/\/noticiasya.com\/midland-odessa\/wp-json\/wp\/v2\/posts\/1452929","targetHints":{"allow":["GET"]}}],"collection":[{"href":"https:\/\/noticiasya.com\/midland-odessa\/wp-json\/wp\/v2\/posts"}],"about":[{"href":"https:\/\/noticiasya.com\/midland-odessa\/wp-json\/wp\/v2\/types\/post"}],"replies":[{"embeddable":true,"href":"https:\/\/noticiasya.com\/midland-odessa\/wp-json\/wp\/v2\/comments?post=1452929"}],"version-history":[{"count":0,"href":"https:\/\/noticiasya.com\/midland-odessa\/wp-json\/wp\/v2\/posts\/1452929\/revisions"}],"wp:attachment":[{"href":"https:\/\/noticiasya.com\/midland-odessa\/wp-json\/wp\/v2\/media?parent=1452929"}],"wp:term":[{"taxonomy":"category","embeddable":true,"href":"https:\/\/noticiasya.com\/midland-odessa\/wp-json\/wp\/v2\/categories?post=1452929"},{"taxonomy":"post_tag","embeddable":true,"href":"https:\/\/noticiasya.com\/midland-odessa\/wp-json\/wp\/v2\/tags?post=1452929"}],"curies":[{"name":"wp","href":"https:\/\/api.w.org\/{rel}","templated":true}]}}