{"id":1452944,"date":"2024-09-22T19:03:43","date_gmt":"2024-09-23T02:03:43","guid":{"rendered":"https:\/\/noticiasya.com\/2024\/09\/22\/morena-luisa-alcalde-presidenta-lopez-obrador-orix\/"},"modified":"2024-09-22T19:03:43","modified_gmt":"2024-09-23T02:03:43","slug":"morena-luisa-alcalde-presidenta-lopez-obrador-orix","status":"publish","type":"post","link":"https:\/\/noticiasya.com\/midland-odessa\/2024\/09\/22\/morena-luisa-alcalde-presidenta-lopez-obrador-orix\/","title":{"rendered":"Morena elige a Luisa Mar\u00eda Alcalde como su nueva presidenta; el hijo de L\u00f3pez Obrador ser\u00e1 secretario de Organizaci\u00f3n"},"content":{"rendered":"<p>(CNN Espa\u00f1ol) \u2013\u2013 El partido oficialista Morena eligi\u00f3 este domingo a quienes conformar\u00e1n su nueva dirigencia, que a partir de ahora estar\u00e1 encabezada por Luisa Mar\u00eda Alcalde como presidenta y Carolina Rangel como secretaria general, inform\u00f3 el l\u00edder partidista saliente, Mario Delgado, en un mensaje en su cuenta de X despu\u00e9s del Congreso morenista de esta jornada.<\/p>\n<p>Alcalde \u2014a\u00fan secretaria de Gobernaci\u00f3n\u2014 dio un mensaje a la prensa al t\u00e9rmino del encuentro, en el que dijo que Morena debe continuar con el proyecto del presidente Andr\u00e9s Manuel L\u00f3pez Obrador, quien el 30 de septiembre concluye su gesti\u00f3n y al d\u00eda siguiente entregar\u00e1 la banda presidencial a Claudia Sheinbaum, militante morenista igual que \u00e9l.<\/p>\n<p>\u201cConcluye la primera etapa de la cuarta transformaci\u00f3n y el presidente L\u00f3pez Obrador va confiado a Palenque (estado de Chiapas), a su merecido descanso y a seguir luchando ahora desde la escritura. Se va a Palenque tranquilo del deber cumplido y confiado en el relevo generacional del movimiento en manos de la presidenta electa. \u00c9l no le fall\u00f3 al pueblo de M\u00e9xico, nosotros tampoco podemos fallarle\u201d, se\u00f1al\u00f3 Alcalde.<\/p>\n<p>\u00bfC\u00f3mo luchar\u00e1 Sheinbaum contra la inseguridad al comandar las Fuerzas Armadas de M\u00e9xico?<\/p>\n<p>Entre los nuevos cargos partidistas elegidos este domingo, destaca tambi\u00e9n el de Andr\u00e9s Manuel L\u00f3pez Beltr\u00e1n, uno de los cuatro hijos de L\u00f3pez Obrador, como secretario de Organizaci\u00f3n de Morena. Desde ese puesto, ser\u00e1 el responsable de coordinar las estructuras partidistas.<\/p>\n<p>La lista de posiciones elegidas \u2014seg\u00fan inform\u00f3 Delgado\u2014 la completan Iv\u00e1n Herrera Zazueta como secretario de Finanzas, Aar\u00f3n Enr\u00edquez Garc\u00eda como secretario de J\u00f3venes, Camila Mart\u00ednez como secretaria de Comunicaci\u00f3n, Manuel Alejandro Robles como secretario de mexicanos en el exterior, Arturo Mart\u00ednez N\u00fa\u00f1ez como secretario de Arte y Cultura, y Manuel Zavala como secretario de Movimientos Sociales.<\/p>\n<p>Morena obtuvo su registro como partido en julio de 2014, aunque su historia como asociaci\u00f3n civil comenz\u00f3 algunos a\u00f1os antes. En 2015 compiti\u00f3 en sus primeras elecciones federales y en las de 2018 logr\u00f3 ganar la presidencia de M\u00e9xico con L\u00f3pez Obrador como candidato. En junio pasado, consigui\u00f3 retener el Poder Ejecutivo con Claudia Sheinbaum como su abanderada, as\u00ed como alcanzar la mayor\u00eda calificada en la C\u00e1mara de Diputados y quedar muy cerca de ese umbral en el Senado.<\/p>\n<p>The-CNN-Wire<br \/>&trade; &amp; &copy; 2024 Cable News Network, Inc., a Warner Bros. Discovery Company. All rights reserved.<\/p>\n","protected":false},"excerpt":{"rendered":"<p>(CNN Espa\u00f1ol) \u2013\u2013 El partido oficialista Morena eligi\u00f3 este domingo a quienes conformar\u00e1n su nueva dirigencia, que a partir de ahora estar\u00e1 encabezada por Luisa Mar\u00eda Alcalde como presidenta y Carolina Rangel como secretaria general, inform\u00f3 el l\u00edder partidista saliente, Mario Delgado, en un mensaje en su cuenta de X despu\u00e9s del Congreso morenista de [&hellip;]<\/p>\n","protected":false},"author":0,"featured_media":0,"comment_status":"open","ping_status":"open","sticky":false,"template":"","format":"standard","meta":{"_jetpack_memberships_contains_paid_content":false,"footnotes":""},"categories":[10],"tags":[],"class_list":["post-1452944","post","type-post","status-publish","format-standard","hentry","category-noticias-nacionales","market-global"],"yoast_head":"<!-- This site is optimized with the Yoast SEO plugin v24.4 - https:\/\/yoast.com\/wordpress\/plugins\/seo\/ -->\n<title>Morena elige a Luisa Mar\u00eda Alcalde como su nueva presidenta; el hijo de L\u00f3pez Obrador ser\u00e1 secretario de Organizaci\u00f3n - Noticias<\/title>\n<meta name=\"robots\" content=\"index, follow, max-snippet:-1, max-image-preview:large, max-video-preview:-1\" \/>\n<link rel=\"canonical\" href=\"https:\/\/noticiasya.com\/2024\/09\/22\/morena-luisa-alcalde-presidenta-lopez-obrador-orix\/\" \/>\n<meta property=\"og:locale\" content=\"es_ES\" \/>\n<meta property=\"og:type\" content=\"article\" \/>\n<meta property=\"og:title\" content=\"Morena elige a Luisa Mar\u00eda Alcalde como su nueva presidenta; el hijo de L\u00f3pez Obrador ser\u00e1 secretario de Organizaci\u00f3n - Noticias\" \/>\n<meta property=\"og:description\" content=\"(CNN Espa\u00f1ol) \u2013\u2013 El partido oficialista Morena eligi\u00f3 este domingo a quienes conformar\u00e1n su nueva dirigencia, que a partir de ahora estar\u00e1 encabezada por Luisa Mar\u00eda Alcalde como presidenta y Carolina Rangel como secretaria general, inform\u00f3 el l\u00edder partidista saliente, Mario Delgado, en un mensaje en su cuenta de X despu\u00e9s del Congreso morenista de [&hellip;]\" \/>\n<meta property=\"og:url\" content=\"https:\/\/noticiasya.com\/2024\/09\/22\/morena-luisa-alcalde-presidenta-lopez-obrador-orix\/\" \/>\n<meta property=\"og:site_name\" content=\"Noticias\" \/>\n<meta property=\"article:published_time\" content=\"2024-09-23T02:03:43+00:00\" \/>\n<meta name=\"twitter:card\" content=\"summary_large_image\" \/>\n<meta name=\"twitter:label1\" content=\"Est. reading time\" \/>\n\t<meta name=\"twitter:data1\" content=\"2 minutos\" \/>\n<script type=\"application\/ld+json\" class=\"yoast-schema-graph\">{\"@context\":\"https:\/\/schema.org\",\"@graph\":[{\"@type\":\"Article\",\"@id\":\"https:\/\/noticiasya.com\/2024\/09\/22\/morena-luisa-alcalde-presidenta-lopez-obrador-orix\/#article\",\"isPartOf\":{\"@id\":\"https:\/\/noticiasya.com\/2024\/09\/22\/morena-luisa-alcalde-presidenta-lopez-obrador-orix\/\"},\"author\":{\"name\":\"\",\"@id\":\"\"},\"headline\":\"Morena elige a Luisa Mar\u00eda Alcalde como su nueva presidenta; el hijo de L\u00f3pez Obrador ser\u00e1 secretario de Organizaci\u00f3n\",\"datePublished\":\"2024-09-23T02:03:43+00:00\",\"mainEntityOfPage\":{\"@id\":\"https:\/\/noticiasya.com\/2024\/09\/22\/morena-luisa-alcalde-presidenta-lopez-obrador-orix\/\"},\"wordCount\":444,\"commentCount\":0,\"publisher\":{\"@id\":\"https:\/\/noticiasya.com\/#organization\"},\"articleSection\":[\"Noticias Nacionales\"],\"inLanguage\":\"es\",\"potentialAction\":[{\"@type\":\"CommentAction\",\"name\":\"Comment\",\"target\":[\"https:\/\/noticiasya.com\/2024\/09\/22\/morena-luisa-alcalde-presidenta-lopez-obrador-orix\/#respond\"]}]},{\"@type\":\"WebPage\",\"@id\":\"https:\/\/noticiasya.com\/2024\/09\/22\/morena-luisa-alcalde-presidenta-lopez-obrador-orix\/\",\"url\":\"https:\/\/noticiasya.com\/2024\/09\/22\/morena-luisa-alcalde-presidenta-lopez-obrador-orix\/\",\"name\":\"Morena elige a Luisa Mar\u00eda Alcalde como su nueva presidenta; el hijo de L\u00f3pez Obrador ser\u00e1 secretario de Organizaci\u00f3n - Noticias\",\"isPartOf\":{\"@id\":\"https:\/\/noticiasya.com\/#website\"},\"datePublished\":\"2024-09-23T02:03:43+00:00\",\"breadcrumb\":{\"@id\":\"https:\/\/noticiasya.com\/2024\/09\/22\/morena-luisa-alcalde-presidenta-lopez-obrador-orix\/#breadcrumb\"},\"inLanguage\":\"es\",\"potentialAction\":[{\"@type\":\"ReadAction\",\"target\":[\"https:\/\/noticiasya.com\/2024\/09\/22\/morena-luisa-alcalde-presidenta-lopez-obrador-orix\/\"]}]},{\"@type\":\"BreadcrumbList\",\"@id\":\"https:\/\/noticiasya.com\/2024\/09\/22\/morena-luisa-alcalde-presidenta-lopez-obrador-orix\/#breadcrumb\",\"itemListElement\":[{\"@type\":\"ListItem\",\"position\":1,\"name\":\"Home\",\"item\":\"https:\/\/noticiasya.com\/\"},{\"@type\":\"ListItem\",\"position\":2,\"name\":\"Morena elige a Luisa Mar\u00eda Alcalde como su nueva presidenta; el hijo de L\u00f3pez Obrador ser\u00e1 secretario de Organizaci\u00f3n\"}]},{\"@type\":\"WebSite\",\"@id\":\"https:\/\/noticiasya.com\/#website\",\"url\":\"https:\/\/noticiasya.com\/\",\"name\":\"Noticias\",\"description\":\"Lo que importa\",\"publisher\":{\"@id\":\"https:\/\/noticiasya.com\/#organization\"},\"potentialAction\":[{\"@type\":\"SearchAction\",\"target\":{\"@type\":\"EntryPoint\",\"urlTemplate\":\"https:\/\/noticiasya.com\/?s={search_term_string}\"},\"query-input\":{\"@type\":\"PropertyValueSpecification\",\"valueRequired\":true,\"valueName\":\"search_term_string\"}}],\"inLanguage\":\"es\"},{\"@type\":\"Organization\",\"@id\":\"https:\/\/noticiasya.com\/#organization\",\"name\":\"Noticias\",\"url\":\"https:\/\/noticiasya.com\/\",\"logo\":{\"@type\":\"ImageObject\",\"inLanguage\":\"es\",\"@id\":\"https:\/\/noticiasya.com\/#\/schema\/logo\/image\/\",\"url\":\"https:\/\/noticiasya.com\/wp-content\/uploads\/sites\/22\/2023\/12\/logo-nacional.png\",\"contentUrl\":\"https:\/\/noticiasya.com\/wp-content\/uploads\/sites\/22\/2023\/12\/logo-nacional.png\",\"width\":1801,\"height\":691,\"caption\":\"Noticias\"},\"image\":{\"@id\":\"https:\/\/noticiasya.com\/#\/schema\/logo\/image\/\"}}]}<\/script>\n<!-- \/ Yoast SEO plugin. -->","yoast_head_json":{"title":"Morena elige a Luisa Mar\u00eda Alcalde como su nueva presidenta; el hijo de L\u00f3pez Obrador ser\u00e1 secretario de Organizaci\u00f3n - Noticias","robots":{"index":"index","follow":"follow","max-snippet":"max-snippet:-1","max-image-preview":"max-image-preview:large","max-video-preview":"max-video-preview:-1"},"canonical":"https:\/\/noticiasya.com\/2024\/09\/22\/morena-luisa-alcalde-presidenta-lopez-obrador-orix\/","og_locale":"es_ES","og_type":"article","og_title":"Morena elige a Luisa Mar\u00eda Alcalde como su nueva presidenta; el hijo de L\u00f3pez Obrador ser\u00e1 secretario de Organizaci\u00f3n - Noticias","og_description":"(CNN Espa\u00f1ol) \u2013\u2013 El partido oficialista Morena eligi\u00f3 este domingo a quienes conformar\u00e1n su nueva dirigencia, que a partir de ahora estar\u00e1 encabezada por Luisa Mar\u00eda Alcalde como presidenta y Carolina Rangel como secretaria general, inform\u00f3 el l\u00edder partidista saliente, Mario Delgado, en un mensaje en su cuenta de X despu\u00e9s del Congreso morenista de [&hellip;]","og_url":"https:\/\/noticiasya.com\/2024\/09\/22\/morena-luisa-alcalde-presidenta-lopez-obrador-orix\/","og_site_name":"Noticias","article_published_time":"2024-09-23T02:03:43+00:00","twitter_card":"summary_large_image","twitter_misc":{"Est. reading time":"2 minutos"},"schema":{"@context":"https:\/\/schema.org","@graph":[{"@type":"Article","@id":"https:\/\/noticiasya.com\/2024\/09\/22\/morena-luisa-alcalde-presidenta-lopez-obrador-orix\/#article","isPartOf":{"@id":"https:\/\/noticiasya.com\/2024\/09\/22\/morena-luisa-alcalde-presidenta-lopez-obrador-orix\/"},"author":{"name":"","@id":""},"headline":"Morena elige a Luisa Mar\u00eda Alcalde como su nueva presidenta; el hijo de L\u00f3pez Obrador ser\u00e1 secretario de Organizaci\u00f3n","datePublished":"2024-09-23T02:03:43+00:00","mainEntityOfPage":{"@id":"https:\/\/noticiasya.com\/2024\/09\/22\/morena-luisa-alcalde-presidenta-lopez-obrador-orix\/"},"wordCount":444,"commentCount":0,"publisher":{"@id":"https:\/\/noticiasya.com\/#organization"},"articleSection":["Noticias Nacionales"],"inLanguage":"es","potentialAction":[{"@type":"CommentAction","name":"Comment","target":["https:\/\/noticiasya.com\/2024\/09\/22\/morena-luisa-alcalde-presidenta-lopez-obrador-orix\/#respond"]}]},{"@type":"WebPage","@id":"https:\/\/noticiasya.com\/2024\/09\/22\/morena-luisa-alcalde-presidenta-lopez-obrador-orix\/","url":"https:\/\/noticiasya.com\/2024\/09\/22\/morena-luisa-alcalde-presidenta-lopez-obrador-orix\/","name":"Morena elige a Luisa Mar\u00eda Alcalde como su nueva presidenta; el hijo de L\u00f3pez Obrador ser\u00e1 secretario de Organizaci\u00f3n - Noticias","isPartOf":{"@id":"https:\/\/noticiasya.com\/#website"},"datePublished":"2024-09-23T02:03:43+00:00","breadcrumb":{"@id":"https:\/\/noticiasya.com\/2024\/09\/22\/morena-luisa-alcalde-presidenta-lopez-obrador-orix\/#breadcrumb"},"inLanguage":"es","potentialAction":[{"@type":"ReadAction","target":["https:\/\/noticiasya.com\/2024\/09\/22\/morena-luisa-alcalde-presidenta-lopez-obrador-orix\/"]}]},{"@type":"BreadcrumbList","@id":"https:\/\/noticiasya.com\/2024\/09\/22\/morena-luisa-alcalde-presidenta-lopez-obrador-orix\/#breadcrumb","itemListElement":[{"@type":"ListItem","position":1,"name":"Home","item":"https:\/\/noticiasya.com\/"},{"@type":"ListItem","position":2,"name":"Morena elige a Luisa Mar\u00eda Alcalde como su nueva presidenta; el hijo de L\u00f3pez Obrador ser\u00e1 secretario de Organizaci\u00f3n"}]},{"@type":"WebSite","@id":"https:\/\/noticiasya.com\/#website","url":"https:\/\/noticiasya.com\/","name":"Noticias","description":"Lo que importa","publisher":{"@id":"https:\/\/noticiasya.com\/#organization"},"potentialAction":[{"@type":"SearchAction","target":{"@type":"EntryPoint","urlTemplate":"https:\/\/noticiasya.com\/?s={search_term_string}"},"query-input":{"@type":"PropertyValueSpecification","valueRequired":true,"valueName":"search_term_string"}}],"inLanguage":"es"},{"@type":"Organization","@id":"https:\/\/noticiasya.com\/#organization","name":"Noticias","url":"https:\/\/noticiasya.com\/","logo":{"@type":"ImageObject","inLanguage":"es","@id":"https:\/\/noticiasya.com\/#\/schema\/logo\/image\/","url":"https:\/\/noticiasya.com\/wp-content\/uploads\/sites\/22\/2023\/12\/logo-nacional.png","contentUrl":"https:\/\/noticiasya.com\/wp-content\/uploads\/sites\/22\/2023\/12\/logo-nacional.png","width":1801,"height":691,"caption":"Noticias"},"image":{"@id":"https:\/\/noticiasya.com\/#\/schema\/logo\/image\/"}}]}},"parsely":{"version":"1.1.0","canonical_url":"https:\/\/noticiasya.com\/midland-odessa\/2024\/09\/22\/morena-luisa-alcalde-presidenta-lopez-obrador-orix\/","smart_links":{"inbound":0,"outbound":0},"traffic_boost_suggestions_count":0,"meta":{"@context":"https:\/\/schema.org","@type":"NewsArticle","headline":"Morena elige a Luisa Mar\u00eda Alcalde como su nueva presidenta; el hijo de L\u00f3pez Obrador ser\u00e1 secretario de Organizaci\u00f3n","url":"http:\/\/noticiasya.com\/midland-odessa\/2024\/09\/22\/morena-luisa-alcalde-presidenta-lopez-obrador-orix\/","mainEntityOfPage":{"@type":"WebPage","@id":"http:\/\/noticiasya.com\/midland-odessa\/2024\/09\/22\/morena-luisa-alcalde-presidenta-lopez-obrador-orix\/"},"thumbnailUrl":"","image":{"@type":"ImageObject","url":""},"articleSection":"Noticias Nacionales","author":[],"creator":[],"publisher":{"@type":"Organization","name":"Noticias","logo":""},"keywords":[],"dateCreated":"2024-09-23T02:03:43Z","datePublished":"2024-09-23T02:03:43Z","dateModified":"2024-09-23T02:03:43Z"},"rendered":"<script type=\"application\/ld+json\" class=\"wp-parsely-metadata\">{\"@context\":\"https:\\\/\\\/schema.org\",\"@type\":\"NewsArticle\",\"headline\":\"Morena elige a Luisa Mar\\u00eda Alcalde como su nueva presidenta; el hijo de L\\u00f3pez Obrador ser\\u00e1 secretario de Organizaci\\u00f3n\",\"url\":\"http:\\\/\\\/noticiasya.com\\\/midland-odessa\\\/2024\\\/09\\\/22\\\/morena-luisa-alcalde-presidenta-lopez-obrador-orix\\\/\",\"mainEntityOfPage\":{\"@type\":\"WebPage\",\"@id\":\"http:\\\/\\\/noticiasya.com\\\/midland-odessa\\\/2024\\\/09\\\/22\\\/morena-luisa-alcalde-presidenta-lopez-obrador-orix\\\/\"},\"thumbnailUrl\":\"\",\"image\":{\"@type\":\"ImageObject\",\"url\":\"\"},\"articleSection\":\"Noticias Nacionales\",\"author\":[],\"creator\":[],\"publisher\":{\"@type\":\"Organization\",\"name\":\"Noticias\",\"logo\":\"\"},\"keywords\":[],\"dateCreated\":\"2024-09-23T02:03:43Z\",\"datePublished\":\"2024-09-23T02:03:43Z\",\"dateModified\":\"2024-09-23T02:03:43Z\"}<\/script>","tracker_url":"https:\/\/cdn.parsely.com\/keys\/noticiasya.com\/p.js"},"jetpack_featured_media_url":"","jetpack-related-posts":[{"id":1465336,"url":"https:\/\/noticiasya.com\/midland-odessa\/2025\/08\/09\/viajes-figuras-morena-duda-discurso-austeridad-orix\/","url_meta":{"origin":1452944,"position":0},"title":"Los viajes de algunas figuras de Morena ponen en duda el discurso de austeridad del partido","author":"","date":"agosto 9, 2025","format":false,"excerpt":"El oficialista partido Morena ha hecho de la austeridad y del rechazo a los lujos dos de sus principales banderas en M\u00e9xico, pero durante el \u00faltimo mes algunas de sus figuras han sido se\u00f1aladas de no predicar con el ejemplo mientras la presidenta Claudia Sheinbaum pide a los militantes actuar\u2026","rel":"","context":"In &quot;Noticias Nacionales&quot;","block_context":{"text":"Noticias Nacionales","link":"https:\/\/noticiasya.com\/midland-odessa\/categoria\/noticias-nacionales"},"img":{"alt_text":"","src":"","width":0,"height":0},"classes":[]},{"id":1471494,"url":"https:\/\/noticiasya.com\/midland-odessa\/2026\/02\/20\/poder-sombra-sheinbaum-morena-orix\/","url_meta":{"origin":1452944,"position":1},"title":"El poder en la sombra: Sheinbaum y la lucha por el control de su presidencia y de Morena","author":"","date":"febrero 20, 2026","format":false,"excerpt":"La presidenta de M\u00e9xico, Claudia Sheinbaum, libra una lucha por el control de su propio mandato. Son muchos frentes de batalla al interior de su gobierno y su movimiento \u2014el de la autollamada \u201ccuarta transformaci\u00f3n\u201d\u2014, que van desde dominio territorial del partido Morena y los poderes f\u00e1cticos a las posiciones\u2026","rel":"","context":"In &quot;Noticias Nacionales&quot;","block_context":{"text":"Noticias Nacionales","link":"https:\/\/noticiasya.com\/midland-odessa\/categoria\/noticias-nacionales"},"img":{"alt_text":"","src":"","width":0,"height":0},"classes":[]},{"id":1455462,"url":"https:\/\/noticiasya.com\/midland-odessa\/2024\/10\/30\/corte-suprema-mexico-ocho-ministros-presentan-renuncia-orix\/","url_meta":{"origin":1452944,"position":2},"title":"Ocho de los once ministros de la Corte Suprema de M\u00e9xico presentan oficialmente su renuncia","author":"","date":"octubre 30, 2024","format":false,"excerpt":"(CNN Espa\u00f1ol) -- La Corte Suprema de Justicia de M\u00e9xico anunci\u00f3 este mi\u00e9rcoles la decisi\u00f3n de ocho de los once ministros del alto tribunal, entre ellos su presidenta Norma Pi\u00f1a, de presentar su renuncia ante el Senado mexicano. En siete de los casos, la dimisi\u00f3n ser\u00e1 efectiva el 31 de\u2026","rel":"","context":"In &quot;Noticias Nacionales&quot;","block_context":{"text":"Noticias Nacionales","link":"https:\/\/noticiasya.com\/midland-odessa\/categoria\/noticias-nacionales"},"img":{"alt_text":"","src":"","width":0,"height":0},"classes":[]},{"id":1445732,"url":"https:\/\/noticiasya.com\/midland-odessa\/2024\/02\/20\/quien-es-claudia-sheinbaum-asi-es-la-candidata-que-representa-a-morena-en-mexico\/","url_meta":{"origin":1452944,"position":3},"title":"\u00bfQui\u00e9n es Claudia Sheinbaum? As\u00ed es la candidata que representa a Morena en M\u00e9xico","author":"","date":"febrero 20, 2024","format":false,"excerpt":"(CNN Espa\u00f1ol) -- Claudia Sheinbaum, exjefa de Gobierno de la Ciudad de M\u00e9xico, es la candida del gobernante partido Morena para los comicios de junio de 2024, en los que se elegir\u00e1 al sucesor del presidente Andr\u00e9s Manuel L\u00f3pez Obrador.Sheinbaum parte en la campa\u00f1a como favorita, seg\u00fan encuestas. \u00bfQui\u00e9n es?Claudia\u2026","rel":"","context":"In &quot;Noticias Nacionales&quot;","block_context":{"text":"Noticias Nacionales","link":"https:\/\/noticiasya.com\/midland-odessa\/categoria\/noticias-nacionales"},"img":{"alt_text":"","src":"","width":0,"height":0},"classes":[]},{"id":1446461,"url":"https:\/\/noticiasya.com\/midland-odessa\/2024\/03\/04\/quien-es-claudia-sheinbaum-elecciones-presidenciales-mexico-morena-orix-2\/","url_meta":{"origin":1452944,"position":4},"title":"\u00bfQui\u00e9n es Claudia Sheinbaum? As\u00ed es la candidata que representa a Morena en M\u00e9xico","author":"","date":"marzo 4, 2024","format":false,"excerpt":"(CNN Espa\u00f1ol) -- Claudia Sheinbaum, exjefa de Gobierno de la Ciudad de M\u00e9xico, es la candida del gobernante partido Morena para los comicios de junio de 2024, en los que se elegir\u00e1 al sucesor del presidente Andr\u00e9s Manuel L\u00f3pez Obrador.Sheinbaum parte en la campa\u00f1a como favorita, seg\u00fan encuestas. \u00bfQui\u00e9n es?Claudia\u2026","rel":"","context":"In &quot;Noticias Nacionales&quot;","block_context":{"text":"Noticias Nacionales","link":"https:\/\/noticiasya.com\/midland-odessa\/categoria\/noticias-nacionales"},"img":{"alt_text":"","src":"","width":0,"height":0},"classes":[]},{"id":1445870,"url":"https:\/\/noticiasya.com\/midland-odessa\/2024\/02\/21\/quien-es-claudia-sheinbaum-elecciones-presidenciales-mexico-morena-orix\/","url_meta":{"origin":1452944,"position":5},"title":"\u00bfQui\u00e9n es Claudia Sheinbaum? As\u00ed es la candidata que representa a Morena en M\u00e9xico","author":"","date":"febrero 21, 2024","format":false,"excerpt":"(CNN Espa\u00f1ol) -- Claudia Sheinbaum, exjefa de Gobierno de la Ciudad de M\u00e9xico, es la candida del gobernante partido Morena para los comicios de junio de 2024, en los que se elegir\u00e1 al sucesor del presidente Andr\u00e9s Manuel L\u00f3pez Obrador.Sheinbaum parte en la campa\u00f1a como favorita, seg\u00fan encuestas. \u00bfQui\u00e9n es?Claudia\u2026","rel":"","context":"In &quot;Noticias Nacionales&quot;","block_context":{"text":"Noticias Nacionales","link":"https:\/\/noticiasya.com\/midland-odessa\/categoria\/noticias-nacionales"},"img":{"alt_text":"","src":"","width":0,"height":0},"classes":[]}],"jetpack_sharing_enabled":true,"_links":{"self":[{"href":"https:\/\/noticiasya.com\/midland-odessa\/wp-json\/wp\/v2\/posts\/1452944","targetHints":{"allow":["GET"]}}],"collection":[{"href":"https:\/\/noticiasya.com\/midland-odessa\/wp-json\/wp\/v2\/posts"}],"about":[{"href":"https:\/\/noticiasya.com\/midland-odessa\/wp-json\/wp\/v2\/types\/post"}],"replies":[{"embeddable":true,"href":"https:\/\/noticiasya.com\/midland-odessa\/wp-json\/wp\/v2\/comments?post=1452944"}],"version-history":[{"count":0,"href":"https:\/\/noticiasya.com\/midland-odessa\/wp-json\/wp\/v2\/posts\/1452944\/revisions"}],"wp:attachment":[{"href":"https:\/\/noticiasya.com\/midland-odessa\/wp-json\/wp\/v2\/media?parent=1452944"}],"wp:term":[{"taxonomy":"category","embeddable":true,"href":"https:\/\/noticiasya.com\/midland-odessa\/wp-json\/wp\/v2\/categories?post=1452944"},{"taxonomy":"post_tag","embeddable":true,"href":"https:\/\/noticiasya.com\/midland-odessa\/wp-json\/wp\/v2\/tags?post=1452944"}],"curies":[{"name":"wp","href":"https:\/\/api.w.org\/{rel}","templated":true}]}}