{"id":1452947,"date":"2024-09-23T00:03:52","date_gmt":"2024-09-23T07:03:52","guid":{"rendered":"https:\/\/noticiasya.com\/2024\/09\/23\/gobierno-bolivia-denuncia-presunta-agresion-simpatizante-evo-morales-expresidente-dice-movilizacion-es-pacifica-orix\/"},"modified":"2024-09-23T00:03:52","modified_gmt":"2024-09-23T07:03:52","slug":"gobierno-bolivia-denuncia-presunta-agresion-simpatizante-evo-morales-expresidente-dice-movilizacion-es-pacifica-orix","status":"publish","type":"post","link":"https:\/\/noticiasya.com\/midland-odessa\/2024\/09\/23\/gobierno-bolivia-denuncia-presunta-agresion-simpatizante-evo-morales-expresidente-dice-movilizacion-es-pacifica-orix\/","title":{"rendered":"Gobierno de Bolivia denuncia presunta agresi\u00f3n de simpatizantes de Evo Morales en El Alto; el expresidente dice que su movilizaci\u00f3n es pac\u00edfica"},"content":{"rendered":"<p>(CNN) &#8212; El Gobierno de Bolivia denunci\u00f3 este domingo una presunta agresi\u00f3n de simpatizantes del expresidente Evo Morales\u00a0que dej\u00f3 heridos en Ventilla, en la ciudad de El Alto, mientras que el exmandatario rechaz\u00f3 tener responsabilidad en los hechos y asegur\u00f3 que la movilizaci\u00f3n que promueve por el pa\u00eds es pac\u00edfica.<\/p>\n<p>El ministro de Gobierno, Eduardo del Castillo, dijo en su cuenta de X que partidarios de Morales atacaron a quienes participaban en un cabildo en Ventilla, lo que, seg\u00fan el funcionario, caus\u00f3 lesiones a tres personas y dej\u00f3 \u201cvarios periodistas amedrentados\u201d.<\/p>\n<p>\u201cMorales contin\u00faa con su plan para llenar de sangre y muerte Bolivia. Vamos a actuar como manda la Constituci\u00f3n\u201d, agreg\u00f3 Del Castillo.<\/p>\n<p>Por separado, en declaraciones a la televisora estatal Bolivia TV, la ministra de Salud, Mar\u00eda Ren\u00e9e Castro, dio un saldo mayor. Seg\u00fan la funcionaria, fueron ocho los heridos y entre ellos hubo integrantes del personal sanitario que hab\u00eda acudido a Ventilla.<\/p>\n<p>El expresidente Evo Morales se refiri\u00f3 a lo sucedido en una publicaci\u00f3n en X, en la que asegur\u00f3 que la movilizaci\u00f3n que encabeza por Bolivia \u201cse desarrolla con absoluta paz\u201d y acus\u00f3 que \u201cgrupos de choque\u201d fueron los responsables de los actos de violencia de este domingo.<\/p>\n<p>\u201cComo venimos denunciando, lamentablemente, los grupos de choque organizados desde el Gobierno Nacional empezaron su accionar, propiciando ataques a los vecinos de El Alto en La Ventilla. Reiteramos nuestra solicitud de acompa\u00f1amiento internacional y de los medios de comunicaci\u00f3n para garantizar el libre ejercicio de nuestros derechos. El gobierno debe dejar de utilizar funcionarios y grupos paramilitares para incitar la violencia\u201d, dijo.<\/p>\n<p>CNN contact\u00f3 a la Presidencia de Bolivia para pedir comentarios sobre los se\u00f1alamientos de Morales y est\u00e1 en espera de respuesta.<\/p>\n<p>Los hechos en Ventilla ocurren en un contexto de enfrentamientos p\u00fablicos entre Morales y el presidente Luis Arce, su compa\u00f1ero de partido en el Movimiento al Socialismo (MAS). Morales, quien quiere volver a competir por la presidencia del pa\u00eds en 2025, recientemente lanz\u00f3 una \u201cMarcha para salvar Bolivia\u201d en contra del Gobierno de Arce, quien defiende el trabajo de su administraci\u00f3n.<\/p>\n<p>The-CNN-Wire<br \/>&trade; &amp; &copy; 2024 Cable News Network, Inc., a Warner Bros. Discovery Company. All rights reserved.<\/p>\n","protected":false},"excerpt":{"rendered":"<p>(CNN) &#8212; El Gobierno de Bolivia denunci\u00f3 este domingo una presunta agresi\u00f3n de simpatizantes del expresidente Evo Morales\u00a0que dej\u00f3 heridos en Ventilla, en la ciudad de El Alto, mientras que el exmandatario rechaz\u00f3 tener responsabilidad en los hechos y asegur\u00f3 que la movilizaci\u00f3n que promueve por el pa\u00eds es pac\u00edfica. El ministro de Gobierno, Eduardo [&hellip;]<\/p>\n","protected":false},"author":0,"featured_media":0,"comment_status":"open","ping_status":"open","sticky":false,"template":"","format":"standard","meta":{"_jetpack_memberships_contains_paid_content":false,"footnotes":""},"categories":[10],"tags":[],"class_list":["post-1452947","post","type-post","status-publish","format-standard","hentry","category-noticias-nacionales","market-global"],"yoast_head":"<!-- This site is optimized with the Yoast SEO plugin v24.4 - https:\/\/yoast.com\/wordpress\/plugins\/seo\/ -->\n<title>Gobierno de Bolivia denuncia presunta agresi\u00f3n de simpatizantes de Evo Morales en El Alto; el expresidente dice que su movilizaci\u00f3n es pac\u00edfica - Noticias<\/title>\n<meta name=\"robots\" content=\"index, follow, max-snippet:-1, max-image-preview:large, max-video-preview:-1\" \/>\n<link rel=\"canonical\" href=\"https:\/\/noticiasya.com\/2024\/09\/23\/gobierno-bolivia-denuncia-presunta-agresion-simpatizante-evo-morales-expresidente-dice-movilizacion-es-pacifica-orix\/\" \/>\n<meta property=\"og:locale\" content=\"es_ES\" \/>\n<meta property=\"og:type\" content=\"article\" \/>\n<meta property=\"og:title\" content=\"Gobierno de Bolivia denuncia presunta agresi\u00f3n de simpatizantes de Evo Morales en El Alto; el expresidente dice que su movilizaci\u00f3n es pac\u00edfica - Noticias\" \/>\n<meta property=\"og:description\" content=\"(CNN) &#8212; El Gobierno de Bolivia denunci\u00f3 este domingo una presunta agresi\u00f3n de simpatizantes del expresidente Evo Morales\u00a0que dej\u00f3 heridos en Ventilla, en la ciudad de El Alto, mientras que el exmandatario rechaz\u00f3 tener responsabilidad en los hechos y asegur\u00f3 que la movilizaci\u00f3n que promueve por el pa\u00eds es pac\u00edfica. El ministro de Gobierno, Eduardo [&hellip;]\" \/>\n<meta property=\"og:url\" content=\"https:\/\/noticiasya.com\/2024\/09\/23\/gobierno-bolivia-denuncia-presunta-agresion-simpatizante-evo-morales-expresidente-dice-movilizacion-es-pacifica-orix\/\" \/>\n<meta property=\"og:site_name\" content=\"Noticias\" \/>\n<meta property=\"article:published_time\" content=\"2024-09-23T07:03:52+00:00\" \/>\n<meta name=\"twitter:card\" content=\"summary_large_image\" \/>\n<meta name=\"twitter:label1\" content=\"Est. reading time\" \/>\n\t<meta name=\"twitter:data1\" content=\"2 minutos\" \/>\n<script type=\"application\/ld+json\" class=\"yoast-schema-graph\">{\"@context\":\"https:\/\/schema.org\",\"@graph\":[{\"@type\":\"Article\",\"@id\":\"https:\/\/noticiasya.com\/2024\/09\/23\/gobierno-bolivia-denuncia-presunta-agresion-simpatizante-evo-morales-expresidente-dice-movilizacion-es-pacifica-orix\/#article\",\"isPartOf\":{\"@id\":\"https:\/\/noticiasya.com\/2024\/09\/23\/gobierno-bolivia-denuncia-presunta-agresion-simpatizante-evo-morales-expresidente-dice-movilizacion-es-pacifica-orix\/\"},\"author\":{\"name\":\"\",\"@id\":\"\"},\"headline\":\"Gobierno de Bolivia denuncia presunta agresi\u00f3n de simpatizantes de Evo Morales en El Alto; el expresidente dice que su movilizaci\u00f3n es pac\u00edfica\",\"datePublished\":\"2024-09-23T07:03:52+00:00\",\"mainEntityOfPage\":{\"@id\":\"https:\/\/noticiasya.com\/2024\/09\/23\/gobierno-bolivia-denuncia-presunta-agresion-simpatizante-evo-morales-expresidente-dice-movilizacion-es-pacifica-orix\/\"},\"wordCount\":406,\"commentCount\":0,\"publisher\":{\"@id\":\"https:\/\/noticiasya.com\/#organization\"},\"articleSection\":[\"Noticias Nacionales\"],\"inLanguage\":\"es\",\"potentialAction\":[{\"@type\":\"CommentAction\",\"name\":\"Comment\",\"target\":[\"https:\/\/noticiasya.com\/2024\/09\/23\/gobierno-bolivia-denuncia-presunta-agresion-simpatizante-evo-morales-expresidente-dice-movilizacion-es-pacifica-orix\/#respond\"]}]},{\"@type\":\"WebPage\",\"@id\":\"https:\/\/noticiasya.com\/2024\/09\/23\/gobierno-bolivia-denuncia-presunta-agresion-simpatizante-evo-morales-expresidente-dice-movilizacion-es-pacifica-orix\/\",\"url\":\"https:\/\/noticiasya.com\/2024\/09\/23\/gobierno-bolivia-denuncia-presunta-agresion-simpatizante-evo-morales-expresidente-dice-movilizacion-es-pacifica-orix\/\",\"name\":\"Gobierno de Bolivia denuncia presunta agresi\u00f3n de simpatizantes de Evo Morales en El Alto; el expresidente dice que su movilizaci\u00f3n es pac\u00edfica - Noticias\",\"isPartOf\":{\"@id\":\"https:\/\/noticiasya.com\/#website\"},\"datePublished\":\"2024-09-23T07:03:52+00:00\",\"breadcrumb\":{\"@id\":\"https:\/\/noticiasya.com\/2024\/09\/23\/gobierno-bolivia-denuncia-presunta-agresion-simpatizante-evo-morales-expresidente-dice-movilizacion-es-pacifica-orix\/#breadcrumb\"},\"inLanguage\":\"es\",\"potentialAction\":[{\"@type\":\"ReadAction\",\"target\":[\"https:\/\/noticiasya.com\/2024\/09\/23\/gobierno-bolivia-denuncia-presunta-agresion-simpatizante-evo-morales-expresidente-dice-movilizacion-es-pacifica-orix\/\"]}]},{\"@type\":\"BreadcrumbList\",\"@id\":\"https:\/\/noticiasya.com\/2024\/09\/23\/gobierno-bolivia-denuncia-presunta-agresion-simpatizante-evo-morales-expresidente-dice-movilizacion-es-pacifica-orix\/#breadcrumb\",\"itemListElement\":[{\"@type\":\"ListItem\",\"position\":1,\"name\":\"Home\",\"item\":\"https:\/\/noticiasya.com\/\"},{\"@type\":\"ListItem\",\"position\":2,\"name\":\"Gobierno de Bolivia denuncia presunta agresi\u00f3n de simpatizantes de Evo Morales en El Alto; el expresidente dice que su movilizaci\u00f3n es pac\u00edfica\"}]},{\"@type\":\"WebSite\",\"@id\":\"https:\/\/noticiasya.com\/#website\",\"url\":\"https:\/\/noticiasya.com\/\",\"name\":\"Noticias\",\"description\":\"Lo que importa\",\"publisher\":{\"@id\":\"https:\/\/noticiasya.com\/#organization\"},\"potentialAction\":[{\"@type\":\"SearchAction\",\"target\":{\"@type\":\"EntryPoint\",\"urlTemplate\":\"https:\/\/noticiasya.com\/?s={search_term_string}\"},\"query-input\":{\"@type\":\"PropertyValueSpecification\",\"valueRequired\":true,\"valueName\":\"search_term_string\"}}],\"inLanguage\":\"es\"},{\"@type\":\"Organization\",\"@id\":\"https:\/\/noticiasya.com\/#organization\",\"name\":\"Noticias\",\"url\":\"https:\/\/noticiasya.com\/\",\"logo\":{\"@type\":\"ImageObject\",\"inLanguage\":\"es\",\"@id\":\"https:\/\/noticiasya.com\/#\/schema\/logo\/image\/\",\"url\":\"https:\/\/noticiasya.com\/wp-content\/uploads\/sites\/22\/2023\/12\/logo-nacional.png\",\"contentUrl\":\"https:\/\/noticiasya.com\/wp-content\/uploads\/sites\/22\/2023\/12\/logo-nacional.png\",\"width\":1801,\"height\":691,\"caption\":\"Noticias\"},\"image\":{\"@id\":\"https:\/\/noticiasya.com\/#\/schema\/logo\/image\/\"}}]}<\/script>\n<!-- \/ Yoast SEO plugin. -->","yoast_head_json":{"title":"Gobierno de Bolivia denuncia presunta agresi\u00f3n de simpatizantes de Evo Morales en El Alto; el expresidente dice que su movilizaci\u00f3n es pac\u00edfica - Noticias","robots":{"index":"index","follow":"follow","max-snippet":"max-snippet:-1","max-image-preview":"max-image-preview:large","max-video-preview":"max-video-preview:-1"},"canonical":"https:\/\/noticiasya.com\/2024\/09\/23\/gobierno-bolivia-denuncia-presunta-agresion-simpatizante-evo-morales-expresidente-dice-movilizacion-es-pacifica-orix\/","og_locale":"es_ES","og_type":"article","og_title":"Gobierno de Bolivia denuncia presunta agresi\u00f3n de simpatizantes de Evo Morales en El Alto; el expresidente dice que su movilizaci\u00f3n es pac\u00edfica - Noticias","og_description":"(CNN) &#8212; El Gobierno de Bolivia denunci\u00f3 este domingo una presunta agresi\u00f3n de simpatizantes del expresidente Evo Morales\u00a0que dej\u00f3 heridos en Ventilla, en la ciudad de El Alto, mientras que el exmandatario rechaz\u00f3 tener responsabilidad en los hechos y asegur\u00f3 que la movilizaci\u00f3n que promueve por el pa\u00eds es pac\u00edfica. El ministro de Gobierno, Eduardo [&hellip;]","og_url":"https:\/\/noticiasya.com\/2024\/09\/23\/gobierno-bolivia-denuncia-presunta-agresion-simpatizante-evo-morales-expresidente-dice-movilizacion-es-pacifica-orix\/","og_site_name":"Noticias","article_published_time":"2024-09-23T07:03:52+00:00","twitter_card":"summary_large_image","twitter_misc":{"Est. reading time":"2 minutos"},"schema":{"@context":"https:\/\/schema.org","@graph":[{"@type":"Article","@id":"https:\/\/noticiasya.com\/2024\/09\/23\/gobierno-bolivia-denuncia-presunta-agresion-simpatizante-evo-morales-expresidente-dice-movilizacion-es-pacifica-orix\/#article","isPartOf":{"@id":"https:\/\/noticiasya.com\/2024\/09\/23\/gobierno-bolivia-denuncia-presunta-agresion-simpatizante-evo-morales-expresidente-dice-movilizacion-es-pacifica-orix\/"},"author":{"name":"","@id":""},"headline":"Gobierno de Bolivia denuncia presunta agresi\u00f3n de simpatizantes de Evo Morales en El Alto; el expresidente dice que su movilizaci\u00f3n es pac\u00edfica","datePublished":"2024-09-23T07:03:52+00:00","mainEntityOfPage":{"@id":"https:\/\/noticiasya.com\/2024\/09\/23\/gobierno-bolivia-denuncia-presunta-agresion-simpatizante-evo-morales-expresidente-dice-movilizacion-es-pacifica-orix\/"},"wordCount":406,"commentCount":0,"publisher":{"@id":"https:\/\/noticiasya.com\/#organization"},"articleSection":["Noticias Nacionales"],"inLanguage":"es","potentialAction":[{"@type":"CommentAction","name":"Comment","target":["https:\/\/noticiasya.com\/2024\/09\/23\/gobierno-bolivia-denuncia-presunta-agresion-simpatizante-evo-morales-expresidente-dice-movilizacion-es-pacifica-orix\/#respond"]}]},{"@type":"WebPage","@id":"https:\/\/noticiasya.com\/2024\/09\/23\/gobierno-bolivia-denuncia-presunta-agresion-simpatizante-evo-morales-expresidente-dice-movilizacion-es-pacifica-orix\/","url":"https:\/\/noticiasya.com\/2024\/09\/23\/gobierno-bolivia-denuncia-presunta-agresion-simpatizante-evo-morales-expresidente-dice-movilizacion-es-pacifica-orix\/","name":"Gobierno de Bolivia denuncia presunta agresi\u00f3n de simpatizantes de Evo Morales en El Alto; el expresidente dice que su movilizaci\u00f3n es pac\u00edfica - Noticias","isPartOf":{"@id":"https:\/\/noticiasya.com\/#website"},"datePublished":"2024-09-23T07:03:52+00:00","breadcrumb":{"@id":"https:\/\/noticiasya.com\/2024\/09\/23\/gobierno-bolivia-denuncia-presunta-agresion-simpatizante-evo-morales-expresidente-dice-movilizacion-es-pacifica-orix\/#breadcrumb"},"inLanguage":"es","potentialAction":[{"@type":"ReadAction","target":["https:\/\/noticiasya.com\/2024\/09\/23\/gobierno-bolivia-denuncia-presunta-agresion-simpatizante-evo-morales-expresidente-dice-movilizacion-es-pacifica-orix\/"]}]},{"@type":"BreadcrumbList","@id":"https:\/\/noticiasya.com\/2024\/09\/23\/gobierno-bolivia-denuncia-presunta-agresion-simpatizante-evo-morales-expresidente-dice-movilizacion-es-pacifica-orix\/#breadcrumb","itemListElement":[{"@type":"ListItem","position":1,"name":"Home","item":"https:\/\/noticiasya.com\/"},{"@type":"ListItem","position":2,"name":"Gobierno de Bolivia denuncia presunta agresi\u00f3n de simpatizantes de Evo Morales en El Alto; el expresidente dice que su movilizaci\u00f3n es pac\u00edfica"}]},{"@type":"WebSite","@id":"https:\/\/noticiasya.com\/#website","url":"https:\/\/noticiasya.com\/","name":"Noticias","description":"Lo que importa","publisher":{"@id":"https:\/\/noticiasya.com\/#organization"},"potentialAction":[{"@type":"SearchAction","target":{"@type":"EntryPoint","urlTemplate":"https:\/\/noticiasya.com\/?s={search_term_string}"},"query-input":{"@type":"PropertyValueSpecification","valueRequired":true,"valueName":"search_term_string"}}],"inLanguage":"es"},{"@type":"Organization","@id":"https:\/\/noticiasya.com\/#organization","name":"Noticias","url":"https:\/\/noticiasya.com\/","logo":{"@type":"ImageObject","inLanguage":"es","@id":"https:\/\/noticiasya.com\/#\/schema\/logo\/image\/","url":"https:\/\/noticiasya.com\/wp-content\/uploads\/sites\/22\/2023\/12\/logo-nacional.png","contentUrl":"https:\/\/noticiasya.com\/wp-content\/uploads\/sites\/22\/2023\/12\/logo-nacional.png","width":1801,"height":691,"caption":"Noticias"},"image":{"@id":"https:\/\/noticiasya.com\/#\/schema\/logo\/image\/"}}]}},"parsely":{"version":"1.1.0","canonical_url":"https:\/\/noticiasya.com\/midland-odessa\/2024\/09\/23\/gobierno-bolivia-denuncia-presunta-agresion-simpatizante-evo-morales-expresidente-dice-movilizacion-es-pacifica-orix\/","smart_links":{"inbound":0,"outbound":0},"traffic_boost_suggestions_count":0,"meta":{"@context":"https:\/\/schema.org","@type":"NewsArticle","headline":"Gobierno de Bolivia denuncia presunta agresi\u00f3n de simpatizantes de Evo Morales en El Alto; el expresidente dice que su movilizaci\u00f3n es pac\u00edfica","url":"http:\/\/noticiasya.com\/midland-odessa\/2024\/09\/23\/gobierno-bolivia-denuncia-presunta-agresion-simpatizante-evo-morales-expresidente-dice-movilizacion-es-pacifica-orix\/","mainEntityOfPage":{"@type":"WebPage","@id":"http:\/\/noticiasya.com\/midland-odessa\/2024\/09\/23\/gobierno-bolivia-denuncia-presunta-agresion-simpatizante-evo-morales-expresidente-dice-movilizacion-es-pacifica-orix\/"},"thumbnailUrl":"","image":{"@type":"ImageObject","url":""},"articleSection":"Noticias Nacionales","author":[],"creator":[],"publisher":{"@type":"Organization","name":"Noticias","logo":""},"keywords":[],"dateCreated":"2024-09-23T07:03:52Z","datePublished":"2024-09-23T07:03:52Z","dateModified":"2024-09-23T07:03:52Z"},"rendered":"<script type=\"application\/ld+json\" class=\"wp-parsely-metadata\">{\"@context\":\"https:\\\/\\\/schema.org\",\"@type\":\"NewsArticle\",\"headline\":\"Gobierno de Bolivia denuncia presunta agresi\\u00f3n de simpatizantes de Evo Morales en El Alto; el expresidente dice que su movilizaci\\u00f3n es pac\\u00edfica\",\"url\":\"http:\\\/\\\/noticiasya.com\\\/midland-odessa\\\/2024\\\/09\\\/23\\\/gobierno-bolivia-denuncia-presunta-agresion-simpatizante-evo-morales-expresidente-dice-movilizacion-es-pacifica-orix\\\/\",\"mainEntityOfPage\":{\"@type\":\"WebPage\",\"@id\":\"http:\\\/\\\/noticiasya.com\\\/midland-odessa\\\/2024\\\/09\\\/23\\\/gobierno-bolivia-denuncia-presunta-agresion-simpatizante-evo-morales-expresidente-dice-movilizacion-es-pacifica-orix\\\/\"},\"thumbnailUrl\":\"\",\"image\":{\"@type\":\"ImageObject\",\"url\":\"\"},\"articleSection\":\"Noticias Nacionales\",\"author\":[],\"creator\":[],\"publisher\":{\"@type\":\"Organization\",\"name\":\"Noticias\",\"logo\":\"\"},\"keywords\":[],\"dateCreated\":\"2024-09-23T07:03:52Z\",\"datePublished\":\"2024-09-23T07:03:52Z\",\"dateModified\":\"2024-09-23T07:03:52Z\"}<\/script>","tracker_url":"https:\/\/cdn.parsely.com\/keys\/noticiasya.com\/p.js"},"jetpack_featured_media_url":"","jetpack-related-posts":[{"id":1454928,"url":"https:\/\/noticiasya.com\/midland-odessa\/2024\/10\/03\/orden-de-arresto-evo-morales-queda-sin-efecto-bolivia-orix\/","url_meta":{"origin":1452947,"position":0},"title":"Exfiscal de Tarija en Bolivia dice que fue destituida por emitir orden de arresto contra Evo Morales","author":"","date":"octubre 3, 2024","format":false,"excerpt":"(CNN Espa\u00f1ol) -- La exfiscal departamental de Tarija, Sandra Guti\u00e9rrez, dijo este mi\u00e9rcoles que fue destituida por emitir una orden de arresto contra el expresidente de Bolivia Evo Morales y que este mandamiento judicial ya qued\u00f3 sin efecto.En declaraciones a los medios a las puertas de la Fiscal\u00eda de Tarija,\u2026","rel":"","context":"In &quot;Noticias Nacionales&quot;","block_context":{"text":"Noticias Nacionales","link":"https:\/\/noticiasya.com\/midland-odessa\/categoria\/noticias-nacionales"},"img":{"alt_text":"","src":"","width":0,"height":0},"classes":[]},{"id":1455447,"url":"https:\/\/noticiasya.com\/midland-odessa\/2024\/10\/30\/gobierno-bolivia-acusa-evo-morales-utilizar-armas-fuego-atentado-orix\/","url_meta":{"origin":1452947,"position":1},"title":"Gobierno de Bolivia acusa a Evo Morales de portar y utilizar armas de fuego contra la polic\u00eda durante presunto atentado","author":"","date":"octubre 30, 2024","format":false,"excerpt":"(CNN Espa\u00f1ol) -- Luego de la denuncia del expresidente Evo Morales, quien acus\u00f3 al Gobierno de Luis Arce de planificar un presunto atentado en su contra, el ministro de Gobierno de Bolivia, Eduardo Del Castillo, insisti\u00f3 este mi\u00e9rcoles en que Morales utiliz\u00f3 armas de fuego contra la polic\u00eda para evadir\u2026","rel":"","context":"In &quot;Noticias Nacionales&quot;","block_context":{"text":"Noticias Nacionales","link":"https:\/\/noticiasya.com\/midland-odessa\/categoria\/noticias-nacionales"},"img":{"alt_text":"","src":"","width":0,"height":0},"classes":[]},{"id":1463465,"url":"https:\/\/noticiasya.com\/midland-odessa\/2025\/06\/11\/policias-mueren-enfrentamientos-simpatizantes-evo-morales-orix\/","url_meta":{"origin":1452947,"position":2},"title":"Dos polic\u00edas mueren en enfrentamientos con simpatizantes del expresidente Evo Morales, reporta el Gobierno de Bolivia","author":"","date":"junio 11, 2025","format":false,"excerpt":"Dos polic\u00edas de Bolivia murieron este mi\u00e9rcoles en enfrentamientos con simpatizantes del expresidente Evo Morales en el municipio de Llallagua, departamento de Potos\u00ed, inform\u00f3 el ministro de Gobierno, Roberto R\u00edos.El funcionario dijo en un mensaje en su cuenta de Facebook que las autoridades trabajan para detener a los responsables de\u2026","rel":"","context":"In &quot;Noticias Nacionales&quot;","block_context":{"text":"Noticias Nacionales","link":"https:\/\/noticiasya.com\/midland-odessa\/categoria\/noticias-nacionales"},"img":{"alt_text":"","src":"","width":0,"height":0},"classes":[]},{"id":1464323,"url":"https:\/\/noticiasya.com\/midland-odessa\/2025\/07\/08\/evo-morales-inscrito-candidato-presidencial-orix\/","url_meta":{"origin":1452947,"position":3},"title":"Ratifican que Evo Morales no fue inscrito como candidato presidencial","author":"","date":"julio 8, 2025","format":false,"excerpt":"El expresidente de Bolivia Evo Morales no fue inscrito como candidato para competir en las elecciones del pr\u00f3ximo 17 de agosto, confirm\u00f3 el presidente interino del Tribunal Supremo Electoral (TSE), \u00d3scar Hassenteufel.En una carta, fechada el viernes y difundida este martes por la cadena estatal Bolivia TV, el funcionario respondi\u00f3\u2026","rel":"","context":"In &quot;Noticias Nacionales&quot;","block_context":{"text":"Noticias Nacionales","link":"https:\/\/noticiasya.com\/midland-odessa\/categoria\/noticias-nacionales"},"img":{"alt_text":"","src":"","width":0,"height":0},"classes":[]},{"id":1463507,"url":"https:\/\/noticiasya.com\/midland-odessa\/2025\/06\/12\/muertos-enfrentamientos-fuerzas-seguridad-evo-morales-orix\/","url_meta":{"origin":1452947,"position":4},"title":"Sube a 5 la cifra de muertos en enfrentamientos entre fuerzas de seguridad y simpatizantes de Evo Morales, dice el Gobierno","author":"","date":"junio 12, 2025","format":false,"excerpt":"El n\u00famero de personas fallecidas en los enfrentamientos entre fuerzas de seguridad de Bolivia y simpatizantes del expresidente Evo Morales subi\u00f3 este jueves a cinco, inform\u00f3 el ministro de Gobierno del pa\u00eds sudamericano, Roberto R\u00edos.R\u00edos explic\u00f3 que el mi\u00e9rcoles termin\u00f3 con un saldo de tres muertos, todos ellos polic\u00edas fallecidos,\u2026","rel":"","context":"In &quot;Noticias Nacionales&quot;","block_context":{"text":"Noticias Nacionales","link":"https:\/\/noticiasya.com\/midland-odessa\/categoria\/noticias-nacionales"},"img":{"alt_text":"","src":"","width":0,"height":0},"classes":[]},{"id":1455516,"url":"https:\/\/noticiasya.com\/midland-odessa\/2024\/11\/01\/evo-morales-suspender-bloqueos-huelga-de-hambre-bolivia-orix\/","url_meta":{"origin":1452947,"position":5},"title":"Evo Morales pide a sus partidarios suspender bloqueos y dice que har\u00e1 huelga de hambre para exigir di\u00e1logo con el Gobierno","author":"","date":"noviembre 1, 2024","format":false,"excerpt":"(CNN Espa\u00f1ol) -- El expresidente de Bolivia Evo Morales pidi\u00f3 a sus simpatizantes que suspendan los bloqueos que realizan desde hace casi tres semanas en varios puntos del pa\u00eds y dijo que iniciar\u00e1 una huelga de hambre para exigir al Gobierno mesas de di\u00e1logo en temas econ\u00f3micos y pol\u00edticos.Durante una\u2026","rel":"","context":"In &quot;Noticias Nacionales&quot;","block_context":{"text":"Noticias Nacionales","link":"https:\/\/noticiasya.com\/midland-odessa\/categoria\/noticias-nacionales"},"img":{"alt_text":"","src":"","width":0,"height":0},"classes":[]}],"jetpack_sharing_enabled":true,"_links":{"self":[{"href":"https:\/\/noticiasya.com\/midland-odessa\/wp-json\/wp\/v2\/posts\/1452947","targetHints":{"allow":["GET"]}}],"collection":[{"href":"https:\/\/noticiasya.com\/midland-odessa\/wp-json\/wp\/v2\/posts"}],"about":[{"href":"https:\/\/noticiasya.com\/midland-odessa\/wp-json\/wp\/v2\/types\/post"}],"replies":[{"embeddable":true,"href":"https:\/\/noticiasya.com\/midland-odessa\/wp-json\/wp\/v2\/comments?post=1452947"}],"version-history":[{"count":0,"href":"https:\/\/noticiasya.com\/midland-odessa\/wp-json\/wp\/v2\/posts\/1452947\/revisions"}],"wp:attachment":[{"href":"https:\/\/noticiasya.com\/midland-odessa\/wp-json\/wp\/v2\/media?parent=1452947"}],"wp:term":[{"taxonomy":"category","embeddable":true,"href":"https:\/\/noticiasya.com\/midland-odessa\/wp-json\/wp\/v2\/categories?post=1452947"},{"taxonomy":"post_tag","embeddable":true,"href":"https:\/\/noticiasya.com\/midland-odessa\/wp-json\/wp\/v2\/tags?post=1452947"}],"curies":[{"name":"wp","href":"https:\/\/api.w.org\/{rel}","templated":true}]}}