{"id":1452952,"date":"2024-09-23T05:03:40","date_gmt":"2024-09-23T12:03:40","guid":{"rendered":"https:\/\/noticiasya.com\/2024\/09\/23\/crisis-energetica-aumentan-apagones-ecuador-con-cortes-de-hasta-11-horas-al-dia-orix\/"},"modified":"2024-09-23T05:03:40","modified_gmt":"2024-09-23T12:03:40","slug":"crisis-energetica-aumentan-apagones-ecuador-con-cortes-de-hasta-11-horas-al-dia-orix","status":"publish","type":"post","link":"https:\/\/noticiasya.com\/midland-odessa\/2024\/09\/23\/crisis-energetica-aumentan-apagones-ecuador-con-cortes-de-hasta-11-horas-al-dia-orix\/","title":{"rendered":"Crisis energ\u00e9tica: aumentan apagones en Ecuador con cortes de hasta 11 horas al d\u00eda"},"content":{"rendered":"<p>(CNN Espa\u00f1ol) &#8212; Cerca de la medianoche de este domingo y en medio de la crisis energ\u00e9tica por la que atraviesa Ecuador, el Gobierno emiti\u00f3 un nuevo comunicado en el que inform\u00f3 sobre cambios en los horarios de los apagones previstos para esta semana y que vendr\u00e1n acompa\u00f1ados de cortes de energ\u00eda de hasta 11 horas en varias ciudades.<\/p>\n<p>&#171;Ante la radicalizaci\u00f3n de los cambios clim\u00e1ticos en los \u00faltimos d\u00edas, es necesario redistribuir la suspensi\u00f3n del servicio el\u00e9ctrico&#187;, indic\u00f3 el Ministerio de Energ\u00eda y Minas.<\/p>\n<p>El Gobierno aclar\u00f3 que los cortes ya no ser\u00e1n solamente en la noche y madrugada como estaba contemplado hasta la semana pasada sino tambi\u00e9n durante el d\u00eda en distintos horarios dependiendo de las ciudades y barrios.<\/p>\n<p>La crisis energ\u00e9tica que padece el territorio ecuatoriano ha estado marcada por una fuerte sequ\u00eda y el complejo estado de las centrales hidroel\u00e9ctricas que no pueden operar con toda su capacidad. A eso se suma la insistencia de expertos y ciudadanos en las calles que consideran que el Gobierno de Daniel Noboa deb\u00eda tomar m\u00e1s previsiones para enfrentar esta crisis que arrastra Ecuador desde 2023 cuando aument\u00f3 la compra de energ\u00eda a Colombia.<\/p>\n<p>El Ministerio de Energ\u00eda pidi\u00f3 a los ciudadanos ingresar a un enlace oficial para que puedan revisar los nuevos horarios de cortes de luz de acuerdo con su lugar de residencia y empresa distribuidora del servicio.<\/p>\n<p>El Comit\u00e9 de Operaciones de Emergencia (COE) decidi\u00f3 ampliar este s\u00e1bado la declaraci\u00f3n de alerta roja por d\u00e9ficit h\u00eddrico, incendios forestales y seguridad alimentaria de 15 a 19 provincias: Azuay, Bol\u00edvar, Ca\u00f1ar, Carchi, Cotopaxi, El Oro, Imbabura, Loja, Manab\u00ed, Morona Santiago, Napo, Orellana, Pastaza, Pichincha, Santa Elena, Sucumb\u00edos, Tungurahua, Gal\u00e1pagos y Zamora Chinchipe. Ecuador tiene un total de 24 provincias.<\/p>\n<p>El objetivo de la resoluci\u00f3n, seg\u00fan el Gobierno, es salvaguardar la integridad de la poblaci\u00f3n, las infraestructuras y medios de vida, que est\u00e1n siendo afectadas por las condiciones de sequ\u00eda a nivel nacional.<\/p>\n<p>En enero pasado, la Asamblea Nacional aprob\u00f3 la Ley de Competitividad Energ\u00e9tica, denominada &#171;Ley No M\u00e1s Apagones&#187; por iniciativa del presidente Noboa, cuyo fin era incrementar la oferta de generaci\u00f3n de electricidad y rescatar el sector el\u00e9ctrico. Sin embargo, la medida ha sido insuficiente y actualmente el Gobierno busca mecanismos de emergencia para generar energ\u00eda como el alquiler de una barcaza flotante a la que est\u00e1n intentando incorporar a la operaci\u00f3n desde la provincia costera de Guayas.<\/p>\n<p>The-CNN-Wire<br \/>&trade; &amp; &copy; 2024 Cable News Network, Inc., a Warner Bros. Discovery Company. All rights reserved.<\/p>\n","protected":false},"excerpt":{"rendered":"<p>(CNN Espa\u00f1ol) &#8212; Cerca de la medianoche de este domingo y en medio de la crisis energ\u00e9tica por la que atraviesa Ecuador, el Gobierno emiti\u00f3 un nuevo comunicado en el que inform\u00f3 sobre cambios en los horarios de los apagones previstos para esta semana y que vendr\u00e1n acompa\u00f1ados de cortes de energ\u00eda de hasta 11 [&hellip;]<\/p>\n","protected":false},"author":0,"featured_media":0,"comment_status":"open","ping_status":"open","sticky":false,"template":"","format":"standard","meta":{"_jetpack_memberships_contains_paid_content":false,"footnotes":""},"categories":[10],"tags":[],"class_list":["post-1452952","post","type-post","status-publish","format-standard","hentry","category-noticias-nacionales","market-global"],"yoast_head":"<!-- This site is optimized with the Yoast SEO plugin v24.4 - https:\/\/yoast.com\/wordpress\/plugins\/seo\/ -->\n<title>Crisis energ\u00e9tica: aumentan apagones en Ecuador con cortes de hasta 11 horas al d\u00eda - Noticias<\/title>\n<meta name=\"robots\" content=\"index, follow, max-snippet:-1, max-image-preview:large, max-video-preview:-1\" \/>\n<link rel=\"canonical\" href=\"https:\/\/noticiasya.com\/2024\/09\/23\/crisis-energetica-aumentan-apagones-ecuador-con-cortes-de-hasta-11-horas-al-dia-orix\/\" \/>\n<meta property=\"og:locale\" content=\"es_ES\" \/>\n<meta property=\"og:type\" content=\"article\" \/>\n<meta property=\"og:title\" content=\"Crisis energ\u00e9tica: aumentan apagones en Ecuador con cortes de hasta 11 horas al d\u00eda - Noticias\" \/>\n<meta property=\"og:description\" content=\"(CNN Espa\u00f1ol) &#8212; Cerca de la medianoche de este domingo y en medio de la crisis energ\u00e9tica por la que atraviesa Ecuador, el Gobierno emiti\u00f3 un nuevo comunicado en el que inform\u00f3 sobre cambios en los horarios de los apagones previstos para esta semana y que vendr\u00e1n acompa\u00f1ados de cortes de energ\u00eda de hasta 11 [&hellip;]\" \/>\n<meta property=\"og:url\" content=\"https:\/\/noticiasya.com\/2024\/09\/23\/crisis-energetica-aumentan-apagones-ecuador-con-cortes-de-hasta-11-horas-al-dia-orix\/\" \/>\n<meta property=\"og:site_name\" content=\"Noticias\" \/>\n<meta property=\"article:published_time\" content=\"2024-09-23T12:03:40+00:00\" \/>\n<meta name=\"twitter:card\" content=\"summary_large_image\" \/>\n<meta name=\"twitter:label1\" content=\"Est. reading time\" \/>\n\t<meta name=\"twitter:data1\" content=\"2 minutos\" \/>\n<script type=\"application\/ld+json\" class=\"yoast-schema-graph\">{\"@context\":\"https:\/\/schema.org\",\"@graph\":[{\"@type\":\"Article\",\"@id\":\"https:\/\/noticiasya.com\/2024\/09\/23\/crisis-energetica-aumentan-apagones-ecuador-con-cortes-de-hasta-11-horas-al-dia-orix\/#article\",\"isPartOf\":{\"@id\":\"https:\/\/noticiasya.com\/2024\/09\/23\/crisis-energetica-aumentan-apagones-ecuador-con-cortes-de-hasta-11-horas-al-dia-orix\/\"},\"author\":{\"name\":\"\",\"@id\":\"\"},\"headline\":\"Crisis energ\u00e9tica: aumentan apagones en Ecuador con cortes de hasta 11 horas al d\u00eda\",\"datePublished\":\"2024-09-23T12:03:40+00:00\",\"mainEntityOfPage\":{\"@id\":\"https:\/\/noticiasya.com\/2024\/09\/23\/crisis-energetica-aumentan-apagones-ecuador-con-cortes-de-hasta-11-horas-al-dia-orix\/\"},\"wordCount\":467,\"commentCount\":0,\"publisher\":{\"@id\":\"https:\/\/noticiasya.com\/#organization\"},\"articleSection\":[\"Noticias Nacionales\"],\"inLanguage\":\"es\",\"potentialAction\":[{\"@type\":\"CommentAction\",\"name\":\"Comment\",\"target\":[\"https:\/\/noticiasya.com\/2024\/09\/23\/crisis-energetica-aumentan-apagones-ecuador-con-cortes-de-hasta-11-horas-al-dia-orix\/#respond\"]}]},{\"@type\":\"WebPage\",\"@id\":\"https:\/\/noticiasya.com\/2024\/09\/23\/crisis-energetica-aumentan-apagones-ecuador-con-cortes-de-hasta-11-horas-al-dia-orix\/\",\"url\":\"https:\/\/noticiasya.com\/2024\/09\/23\/crisis-energetica-aumentan-apagones-ecuador-con-cortes-de-hasta-11-horas-al-dia-orix\/\",\"name\":\"Crisis energ\u00e9tica: aumentan apagones en Ecuador con cortes de hasta 11 horas al d\u00eda - Noticias\",\"isPartOf\":{\"@id\":\"https:\/\/noticiasya.com\/#website\"},\"datePublished\":\"2024-09-23T12:03:40+00:00\",\"breadcrumb\":{\"@id\":\"https:\/\/noticiasya.com\/2024\/09\/23\/crisis-energetica-aumentan-apagones-ecuador-con-cortes-de-hasta-11-horas-al-dia-orix\/#breadcrumb\"},\"inLanguage\":\"es\",\"potentialAction\":[{\"@type\":\"ReadAction\",\"target\":[\"https:\/\/noticiasya.com\/2024\/09\/23\/crisis-energetica-aumentan-apagones-ecuador-con-cortes-de-hasta-11-horas-al-dia-orix\/\"]}]},{\"@type\":\"BreadcrumbList\",\"@id\":\"https:\/\/noticiasya.com\/2024\/09\/23\/crisis-energetica-aumentan-apagones-ecuador-con-cortes-de-hasta-11-horas-al-dia-orix\/#breadcrumb\",\"itemListElement\":[{\"@type\":\"ListItem\",\"position\":1,\"name\":\"Home\",\"item\":\"https:\/\/noticiasya.com\/\"},{\"@type\":\"ListItem\",\"position\":2,\"name\":\"Crisis energ\u00e9tica: aumentan apagones en Ecuador con cortes de hasta 11 horas al d\u00eda\"}]},{\"@type\":\"WebSite\",\"@id\":\"https:\/\/noticiasya.com\/#website\",\"url\":\"https:\/\/noticiasya.com\/\",\"name\":\"Noticias\",\"description\":\"Lo que importa\",\"publisher\":{\"@id\":\"https:\/\/noticiasya.com\/#organization\"},\"potentialAction\":[{\"@type\":\"SearchAction\",\"target\":{\"@type\":\"EntryPoint\",\"urlTemplate\":\"https:\/\/noticiasya.com\/?s={search_term_string}\"},\"query-input\":{\"@type\":\"PropertyValueSpecification\",\"valueRequired\":true,\"valueName\":\"search_term_string\"}}],\"inLanguage\":\"es\"},{\"@type\":\"Organization\",\"@id\":\"https:\/\/noticiasya.com\/#organization\",\"name\":\"Noticias\",\"url\":\"https:\/\/noticiasya.com\/\",\"logo\":{\"@type\":\"ImageObject\",\"inLanguage\":\"es\",\"@id\":\"https:\/\/noticiasya.com\/#\/schema\/logo\/image\/\",\"url\":\"https:\/\/noticiasya.com\/wp-content\/uploads\/sites\/22\/2023\/12\/logo-nacional.png\",\"contentUrl\":\"https:\/\/noticiasya.com\/wp-content\/uploads\/sites\/22\/2023\/12\/logo-nacional.png\",\"width\":1801,\"height\":691,\"caption\":\"Noticias\"},\"image\":{\"@id\":\"https:\/\/noticiasya.com\/#\/schema\/logo\/image\/\"}}]}<\/script>\n<!-- \/ Yoast SEO plugin. -->","yoast_head_json":{"title":"Crisis energ\u00e9tica: aumentan apagones en Ecuador con cortes de hasta 11 horas al d\u00eda - Noticias","robots":{"index":"index","follow":"follow","max-snippet":"max-snippet:-1","max-image-preview":"max-image-preview:large","max-video-preview":"max-video-preview:-1"},"canonical":"https:\/\/noticiasya.com\/2024\/09\/23\/crisis-energetica-aumentan-apagones-ecuador-con-cortes-de-hasta-11-horas-al-dia-orix\/","og_locale":"es_ES","og_type":"article","og_title":"Crisis energ\u00e9tica: aumentan apagones en Ecuador con cortes de hasta 11 horas al d\u00eda - Noticias","og_description":"(CNN Espa\u00f1ol) &#8212; Cerca de la medianoche de este domingo y en medio de la crisis energ\u00e9tica por la que atraviesa Ecuador, el Gobierno emiti\u00f3 un nuevo comunicado en el que inform\u00f3 sobre cambios en los horarios de los apagones previstos para esta semana y que vendr\u00e1n acompa\u00f1ados de cortes de energ\u00eda de hasta 11 [&hellip;]","og_url":"https:\/\/noticiasya.com\/2024\/09\/23\/crisis-energetica-aumentan-apagones-ecuador-con-cortes-de-hasta-11-horas-al-dia-orix\/","og_site_name":"Noticias","article_published_time":"2024-09-23T12:03:40+00:00","twitter_card":"summary_large_image","twitter_misc":{"Est. reading time":"2 minutos"},"schema":{"@context":"https:\/\/schema.org","@graph":[{"@type":"Article","@id":"https:\/\/noticiasya.com\/2024\/09\/23\/crisis-energetica-aumentan-apagones-ecuador-con-cortes-de-hasta-11-horas-al-dia-orix\/#article","isPartOf":{"@id":"https:\/\/noticiasya.com\/2024\/09\/23\/crisis-energetica-aumentan-apagones-ecuador-con-cortes-de-hasta-11-horas-al-dia-orix\/"},"author":{"name":"","@id":""},"headline":"Crisis energ\u00e9tica: aumentan apagones en Ecuador con cortes de hasta 11 horas al d\u00eda","datePublished":"2024-09-23T12:03:40+00:00","mainEntityOfPage":{"@id":"https:\/\/noticiasya.com\/2024\/09\/23\/crisis-energetica-aumentan-apagones-ecuador-con-cortes-de-hasta-11-horas-al-dia-orix\/"},"wordCount":467,"commentCount":0,"publisher":{"@id":"https:\/\/noticiasya.com\/#organization"},"articleSection":["Noticias Nacionales"],"inLanguage":"es","potentialAction":[{"@type":"CommentAction","name":"Comment","target":["https:\/\/noticiasya.com\/2024\/09\/23\/crisis-energetica-aumentan-apagones-ecuador-con-cortes-de-hasta-11-horas-al-dia-orix\/#respond"]}]},{"@type":"WebPage","@id":"https:\/\/noticiasya.com\/2024\/09\/23\/crisis-energetica-aumentan-apagones-ecuador-con-cortes-de-hasta-11-horas-al-dia-orix\/","url":"https:\/\/noticiasya.com\/2024\/09\/23\/crisis-energetica-aumentan-apagones-ecuador-con-cortes-de-hasta-11-horas-al-dia-orix\/","name":"Crisis energ\u00e9tica: aumentan apagones en Ecuador con cortes de hasta 11 horas al d\u00eda - Noticias","isPartOf":{"@id":"https:\/\/noticiasya.com\/#website"},"datePublished":"2024-09-23T12:03:40+00:00","breadcrumb":{"@id":"https:\/\/noticiasya.com\/2024\/09\/23\/crisis-energetica-aumentan-apagones-ecuador-con-cortes-de-hasta-11-horas-al-dia-orix\/#breadcrumb"},"inLanguage":"es","potentialAction":[{"@type":"ReadAction","target":["https:\/\/noticiasya.com\/2024\/09\/23\/crisis-energetica-aumentan-apagones-ecuador-con-cortes-de-hasta-11-horas-al-dia-orix\/"]}]},{"@type":"BreadcrumbList","@id":"https:\/\/noticiasya.com\/2024\/09\/23\/crisis-energetica-aumentan-apagones-ecuador-con-cortes-de-hasta-11-horas-al-dia-orix\/#breadcrumb","itemListElement":[{"@type":"ListItem","position":1,"name":"Home","item":"https:\/\/noticiasya.com\/"},{"@type":"ListItem","position":2,"name":"Crisis energ\u00e9tica: aumentan apagones en Ecuador con cortes de hasta 11 horas al d\u00eda"}]},{"@type":"WebSite","@id":"https:\/\/noticiasya.com\/#website","url":"https:\/\/noticiasya.com\/","name":"Noticias","description":"Lo que importa","publisher":{"@id":"https:\/\/noticiasya.com\/#organization"},"potentialAction":[{"@type":"SearchAction","target":{"@type":"EntryPoint","urlTemplate":"https:\/\/noticiasya.com\/?s={search_term_string}"},"query-input":{"@type":"PropertyValueSpecification","valueRequired":true,"valueName":"search_term_string"}}],"inLanguage":"es"},{"@type":"Organization","@id":"https:\/\/noticiasya.com\/#organization","name":"Noticias","url":"https:\/\/noticiasya.com\/","logo":{"@type":"ImageObject","inLanguage":"es","@id":"https:\/\/noticiasya.com\/#\/schema\/logo\/image\/","url":"https:\/\/noticiasya.com\/wp-content\/uploads\/sites\/22\/2023\/12\/logo-nacional.png","contentUrl":"https:\/\/noticiasya.com\/wp-content\/uploads\/sites\/22\/2023\/12\/logo-nacional.png","width":1801,"height":691,"caption":"Noticias"},"image":{"@id":"https:\/\/noticiasya.com\/#\/schema\/logo\/image\/"}}]}},"parsely":{"version":"1.1.0","canonical_url":"https:\/\/noticiasya.com\/midland-odessa\/2024\/09\/23\/crisis-energetica-aumentan-apagones-ecuador-con-cortes-de-hasta-11-horas-al-dia-orix\/","smart_links":{"inbound":0,"outbound":0},"traffic_boost_suggestions_count":0,"meta":{"@context":"https:\/\/schema.org","@type":"NewsArticle","headline":"Crisis energ\u00e9tica: aumentan apagones en Ecuador con cortes de hasta 11 horas al d\u00eda","url":"http:\/\/noticiasya.com\/midland-odessa\/2024\/09\/23\/crisis-energetica-aumentan-apagones-ecuador-con-cortes-de-hasta-11-horas-al-dia-orix\/","mainEntityOfPage":{"@type":"WebPage","@id":"http:\/\/noticiasya.com\/midland-odessa\/2024\/09\/23\/crisis-energetica-aumentan-apagones-ecuador-con-cortes-de-hasta-11-horas-al-dia-orix\/"},"thumbnailUrl":"","image":{"@type":"ImageObject","url":""},"articleSection":"Noticias Nacionales","author":[],"creator":[],"publisher":{"@type":"Organization","name":"Noticias","logo":""},"keywords":[],"dateCreated":"2024-09-23T12:03:40Z","datePublished":"2024-09-23T12:03:40Z","dateModified":"2024-09-23T12:03:40Z"},"rendered":"<script type=\"application\/ld+json\" class=\"wp-parsely-metadata\">{\"@context\":\"https:\\\/\\\/schema.org\",\"@type\":\"NewsArticle\",\"headline\":\"Crisis energ\\u00e9tica: aumentan apagones en Ecuador con cortes de hasta 11 horas al d\\u00eda\",\"url\":\"http:\\\/\\\/noticiasya.com\\\/midland-odessa\\\/2024\\\/09\\\/23\\\/crisis-energetica-aumentan-apagones-ecuador-con-cortes-de-hasta-11-horas-al-dia-orix\\\/\",\"mainEntityOfPage\":{\"@type\":\"WebPage\",\"@id\":\"http:\\\/\\\/noticiasya.com\\\/midland-odessa\\\/2024\\\/09\\\/23\\\/crisis-energetica-aumentan-apagones-ecuador-con-cortes-de-hasta-11-horas-al-dia-orix\\\/\"},\"thumbnailUrl\":\"\",\"image\":{\"@type\":\"ImageObject\",\"url\":\"\"},\"articleSection\":\"Noticias Nacionales\",\"author\":[],\"creator\":[],\"publisher\":{\"@type\":\"Organization\",\"name\":\"Noticias\",\"logo\":\"\"},\"keywords\":[],\"dateCreated\":\"2024-09-23T12:03:40Z\",\"datePublished\":\"2024-09-23T12:03:40Z\",\"dateModified\":\"2024-09-23T12:03:40Z\"}<\/script>","tracker_url":"https:\/\/cdn.parsely.com\/keys\/noticiasya.com\/p.js"},"jetpack_featured_media_url":"","jetpack-related-posts":[{"id":1455352,"url":"https:\/\/noticiasya.com\/midland-odessa\/2024\/10\/25\/ecuador-aumento-cortes-de-energia-crisis-orix\/","url_meta":{"origin":1452952,"position":0},"title":"Gobierno de Ecuador incrementa de 8 a 14 horas diarias los cortes de energ\u00eda y se agrava la crisis","author":"","date":"octubre 25, 2024","format":false,"excerpt":"(CNN Espa\u00f1ol) -- Se agrava la situaci\u00f3n energ\u00e9tica en Ecuador y la ministra encargada de Energ\u00eda y Minas, In\u00e9s Manzano, anunci\u00f3 la noche de este jueves que los cortes del servicio de electricidad se incrementar\u00e1n de 8 a 14 horas diarias pese a que el 17 de octubre el presidente\u2026","rel":"","context":"In &quot;Noticias Nacionales&quot;","block_context":{"text":"Noticias Nacionales","link":"https:\/\/noticiasya.com\/midland-odessa\/categoria\/noticias-nacionales"},"img":{"alt_text":"","src":"","width":0,"height":0},"classes":[]},{"id":1455007,"url":"https:\/\/noticiasya.com\/midland-odessa\/2024\/10\/09\/extienden-apagones-10-horas-ecuador-situacion-energetica-orix\/","url_meta":{"origin":1452952,"position":1},"title":"Extienden los horarios de los apagones por hasta 10 horas en Ecuador ante la cr\u00edtica situaci\u00f3n energ\u00e9tica","author":"","date":"octubre 9, 2024","format":false,"excerpt":"(CNN Espa\u00f1ol) --\u00a0 El ministro de Energ\u00eda de Ecuador, Antonio Goncalves, admiti\u00f3 este mi\u00e9rcoles en cadena nacional que la situaci\u00f3n energ\u00e9tica en el pa\u00eds se ha complicado m\u00e1s a casi un mes del inicio de nuevos apagones, y explic\u00f3 que, a partir del mediod\u00eda, se reprogramar\u00e1n los apagones por hasta\u2026","rel":"","context":"In &quot;Noticias Nacionales&quot;","block_context":{"text":"Noticias Nacionales","link":"https:\/\/noticiasya.com\/midland-odessa\/categoria\/noticias-nacionales"},"img":{"alt_text":"","src":"","width":0,"height":0},"classes":[]},{"id":1455729,"url":"https:\/\/noticiasya.com\/midland-odessa\/2024\/11\/10\/malestar-ecuador-cortes-energia-apagones-orix\/","url_meta":{"origin":1452952,"position":2},"title":"Crece el malestar en Ecuador debido a los cortes de energ\u00eda y el incumplimiento en los horarios de apagones","author":"","date":"noviembre 10, 2024","format":false,"excerpt":"(CNN Espa\u00f1ol) \u2013\u2013 Tras el anuncio gubernamental de un nuevo aumento de cortes de energ\u00eda en Ecuador a 12 horas diarias realizado este s\u00e1bado por el Ministerio de Energ\u00eda se desat\u00f3 una serie de reacciones de rechazo, indignaci\u00f3n y malestar entre la poblaci\u00f3n y los sectores sociales y econ\u00f3micos del\u2026","rel":"","context":"In &quot;Noticias Nacionales&quot;","block_context":{"text":"Noticias Nacionales","link":"https:\/\/noticiasya.com\/midland-odessa\/categoria\/noticias-nacionales"},"img":{"alt_text":"","src":"","width":0,"height":0},"classes":[]},{"id":1455402,"url":"https:\/\/noticiasya.com\/midland-odessa\/2024\/10\/28\/noboa-crisis-energetica-ecuador-petro-apagones-orix\/","url_meta":{"origin":1452952,"position":3},"title":"Noboa habla de la crisis energ\u00e9tica en Ecuador: plantea pedir apoyo a Petro y poner fin a los apagones en diciembre","author":"","date":"octubre 28, 2024","format":false,"excerpt":"(CNN Espa\u00f1ol) \u2013\u2013 El presidente de Ecuador, Daniel Noboa, afirm\u00f3 durante una entrevista este domingo que su hom\u00f3logo colombiano, Gustavo Petro, deber\u00eda reanudar la venta de energ\u00eda a su pa\u00eds y asegur\u00f3 que abordar\u00e1 esa petici\u00f3n el martes que visite Cali para participar en la Conferencia de las Naciones Unidas\u2026","rel":"","context":"In &quot;Noticias Nacionales&quot;","block_context":{"text":"Noticias Nacionales","link":"https:\/\/noticiasya.com\/midland-odessa\/categoria\/noticias-nacionales"},"img":{"alt_text":"","src":"","width":0,"height":0},"classes":[]},{"id":1455704,"url":"https:\/\/noticiasya.com\/midland-odessa\/2024\/11\/09\/ecuador-aumentar-cortes-luz-12-horas-diarias-orix\/","url_meta":{"origin":1452952,"position":4},"title":"Gobierno de Ecuador vuelve a aumentar los cortes de luz a hasta 12 horas diarias","author":"","date":"noviembre 9, 2024","format":false,"excerpt":"(CNN Espa\u00f1ol) -- El Gobierno de Ecuador anunci\u00f3 este s\u00e1bado que aumentar\u00e1 de nuevo la duraci\u00f3n de los cortes de luz a hasta 12 horas diarias durante este fin de semana, de acuerdo con un comunicado del Ministerio de Energ\u00eda y Minas.\"Los racionamientos estar\u00e1n vigentes desde el s\u00e1bado 9 de\u2026","rel":"","context":"In &quot;Noticias Nacionales&quot;","block_context":{"text":"Noticias Nacionales","link":"https:\/\/noticiasya.com\/midland-odessa\/categoria\/noticias-nacionales"},"img":{"alt_text":"","src":"","width":0,"height":0},"classes":[]},{"id":1456420,"url":"https:\/\/noticiasya.com\/midland-odessa\/2024\/12\/10\/ecuador-no-tendra-cortes-energia-orix\/","url_meta":{"origin":1452952,"position":5},"title":"Ecuador ya no tendr\u00e1 cortes de energ\u00eda programados a partir del 20 de diciembre","author":"","date":"diciembre 10, 2024","format":false,"excerpt":"Los cortes de energ\u00eda programados en Ecuador terminar\u00e1n a partir del 20 de diciembre, inform\u00f3 el presidente del pa\u00eds, Daniel Noboa, este martes en un comunicado en el que detall\u00f3 que la medida se sustenta en el mantenimiento del sistema el\u00e9ctrico, la compra de energ\u00eda a Colombia y la mejora\u2026","rel":"","context":"In &quot;Noticias Nacionales&quot;","block_context":{"text":"Noticias Nacionales","link":"https:\/\/noticiasya.com\/midland-odessa\/categoria\/noticias-nacionales"},"img":{"alt_text":"","src":"","width":0,"height":0},"classes":[]}],"jetpack_sharing_enabled":true,"_links":{"self":[{"href":"https:\/\/noticiasya.com\/midland-odessa\/wp-json\/wp\/v2\/posts\/1452952","targetHints":{"allow":["GET"]}}],"collection":[{"href":"https:\/\/noticiasya.com\/midland-odessa\/wp-json\/wp\/v2\/posts"}],"about":[{"href":"https:\/\/noticiasya.com\/midland-odessa\/wp-json\/wp\/v2\/types\/post"}],"replies":[{"embeddable":true,"href":"https:\/\/noticiasya.com\/midland-odessa\/wp-json\/wp\/v2\/comments?post=1452952"}],"version-history":[{"count":0,"href":"https:\/\/noticiasya.com\/midland-odessa\/wp-json\/wp\/v2\/posts\/1452952\/revisions"}],"wp:attachment":[{"href":"https:\/\/noticiasya.com\/midland-odessa\/wp-json\/wp\/v2\/media?parent=1452952"}],"wp:term":[{"taxonomy":"category","embeddable":true,"href":"https:\/\/noticiasya.com\/midland-odessa\/wp-json\/wp\/v2\/categories?post=1452952"},{"taxonomy":"post_tag","embeddable":true,"href":"https:\/\/noticiasya.com\/midland-odessa\/wp-json\/wp\/v2\/tags?post=1452952"}],"curies":[{"name":"wp","href":"https:\/\/api.w.org\/{rel}","templated":true}]}}