{"id":1452954,"date":"2024-09-23T07:03:45","date_gmt":"2024-09-23T14:03:45","guid":{"rendered":"https:\/\/noticiasya.com\/2024\/09\/23\/trayectoria-tormenta-tropical-john-donde-esta-se-dirige-orix\/"},"modified":"2024-09-23T07:03:45","modified_gmt":"2024-09-23T14:03:45","slug":"trayectoria-tormenta-tropical-john-donde-esta-se-dirige-orix","status":"publish","type":"post","link":"https:\/\/noticiasya.com\/midland-odessa\/2024\/09\/23\/trayectoria-tormenta-tropical-john-donde-esta-se-dirige-orix\/","title":{"rendered":"Trayectoria de la tormenta tropical John: d\u00f3nde est\u00e1 y hacia d\u00f3nde se dirige"},"content":{"rendered":"<p>(CNN Espa\u00f1ol) &#8212; La tormenta tropical John se form\u00f3 en los \u00faltimos minutos del domingo hora del centro de M\u00e9xico (madrugada del lunes en Miami) frente a las costas de Oaxaca, seg\u00fan el Servicio Meteorol\u00f3gico Nacional (SMN) de M\u00e9xico y el Centro Nacional de Huracanes (NHC, por sus siglas en ingl\u00e9s) de Estados Unidos.<\/p>\n<p>John se convirti\u00f3 en la d\u00e9cima tormenta con nombre de la temporada de ciclones tropicales 2024 en el Pac\u00edfico. De estos ciclones, dos se han convertido en huracanes (Carlotta y Gilma), se\u00f1ala el SMN.<\/p>\n<p>\u00bfQu\u00e9 significan las alerta verde, amarilla, naranja y roja para huracanes en M\u00e9xico?<\/p>\n<p>De acuerdo con la actualizaci\u00f3n de las 6:00 a.m. hora local del SMN (8:00 a.m. hora de Miami), la tormenta tropical John se est\u00e1 fortaleciendo mientras se acerca a M\u00e9xico, y ya est\u00e1 generando lluvias en el sur y sureste del pa\u00eds.<\/p>\n<p>Seg\u00fan el pron\u00f3stico, John seguir\u00e1 ganando fuerza gradualmente antes de tocar tierra.<\/p>\n<p>El cicl\u00f3n tropical se desplaza actualmente de manera lenta, a una velocidad de 6 km\/h en direcci\u00f3n hacia el norte-noreste, dice el SMN.<\/p>\n<p>\u00bfD\u00f3nde est\u00e1 actualmente y hacia d\u00f3nde se dirige la tormenta tropical John?<\/p>\n<p>A las 6 a.m. de este lunes, indica el SMN, John se encontraba a 200 km al sur de Punta Maldonado, Guerrero, y a 250 km al oeste-suroeste de Puerto \u00c1ngel, Oaxaca.<\/p>\n<p>Se espera que siga con su camino hacia el norte-noreste antes de tocar tierra en Oaxaca.<\/p>\n<p>El pron\u00f3stico del SMN destaca que, por el momento, John no se convertir\u00e1 en hurac\u00e1n y llegar\u00e1 a tierra como tormenta tropical.<\/p>\n<p>Sin embargo, el NHC sugiere estar pendiente de actualizaciones porque &#171;John se podr\u00eda fortalecer m\u00e1s de lo que se pronostica dependiendo de cu\u00e1nto tiempo permanezca sobre el agua&#187;.<\/p>\n<p>De momento, la trayectoria de John indica que la tormenta tropical se dirige hacia Oaxaca y llegar\u00eda a tierra el martes 24 de septiembre alrededor del mediod\u00eda.<\/p>\n<p>Trayectoria de la tormenta tropical John prevista por el SMN de M\u00e9xico. (Cr\u00e9dito: SMN)<\/p>\n<p>\u00bfQu\u00e9 efectos se esperan en M\u00e9xico?<\/p>\n<p>Hasta las 6 a.m. de este lunes, la tormenta tropical John tiene vientos sostenidos de 100 km\/h y rachas de 120 km\/h.<\/p>\n<p>Se espera que John produzca los siguientes efectos:<\/p>\n<p>Lluvias<\/p>\n<p>Lluvias puntuales extraordinarias (superiores a 250 mm) en Oaxaca.<br \/>\nLluvias puntuales torrenciales (150 a 250 mm) en Guerrero y Chiapas.<br \/>\nAumenta el potencial de lluvias puntuales intensas (75 a 150 mm) en zonas de Veracruz.<br \/>\nTambi\u00e9n aumenta el potencial de lluvias puntuales muy fuertes (50 a 75 mm) en Morelos y Puebla.<br \/>\nY tambi\u00e9n el potencial de lluvias fuertes (25 a 50 mm) en zonas del Estado de M\u00e9xico.<\/p>\n<p>Otros<\/p>\n<p>Se prev\u00e9n vientos con rachas de 70 a 90 km\/h y oleaje de 2 a 4 metros de altura en costas de Oaxaca.<br \/>\nTambi\u00e9n se pronostican rachas de viento de 40 a 60 km\/h con oleaje de 1 a 3 metros de altura en costas de Guerrero y Chiapas.<br \/>\nEn estos casos, hay probabilidad de formaci\u00f3n de trombas marinas.<\/p>\n<p>Alertas y advertencias vigentes<\/p>\n<p>Seg\u00fan el aviso p\u00fablico m\u00e1s reciente del NHC, estas son las alertas y advertencias vigentes por la tormenta tropical John:<\/p>\n<p>Advertencia de tormenta tropical desde el este de Bah\u00edas de Huatulco hasta Salina Cruz, Oaxaca.<br \/>\nAdvertencia de hurac\u00e1n desde Punta Maldonado, Guerrero, hasta Bah\u00edas de Huatulco, Oaxaca.<\/p>\n<p>&#171;Una advertencia de hurac\u00e1n significa que se esperan condiciones de hurac\u00e1n en alg\u00fan lugar dentro del \u00e1rea de advertencia, en este caso dentro de las pr\u00f3ximas 24 a 36 horas. Preparativos para proteger la vida y la propiedad deben llevarse a cabo r\u00e1pidamente&#187;, se\u00f1ala el NHC.<\/p>\n<p>&#171;Una advertencia de tormenta tropical significa que se esperan condiciones de tormenta tropical en alg\u00fan lugar dentro del \u00e1rea de advertencia en las pr\u00f3ximas 36 horas&#187;, agrega.<\/p>\n<p>&#8211;Con informaci\u00f3n de Gene Norman, de CNN.<\/p>\n<p>The-CNN-Wire<br \/>&trade; &amp; &copy; 2024 Cable News Network, Inc., a Warner Bros. Discovery Company. All rights reserved.<\/p>\n","protected":false},"excerpt":{"rendered":"<p>(CNN Espa\u00f1ol) &#8212; La tormenta tropical John se form\u00f3 en los \u00faltimos minutos del domingo hora del centro de M\u00e9xico (madrugada del lunes en Miami) frente a las costas de Oaxaca, seg\u00fan el Servicio Meteorol\u00f3gico Nacional (SMN) de M\u00e9xico y el Centro Nacional de Huracanes (NHC, por sus siglas en ingl\u00e9s) de Estados Unidos. John [&hellip;]<\/p>\n","protected":false},"author":0,"featured_media":0,"comment_status":"open","ping_status":"open","sticky":false,"template":"","format":"standard","meta":{"_jetpack_memberships_contains_paid_content":false,"footnotes":""},"categories":[10],"tags":[],"class_list":["post-1452954","post","type-post","status-publish","format-standard","hentry","category-noticias-nacionales","market-global"],"yoast_head":"<!-- This site is optimized with the Yoast SEO plugin v24.4 - https:\/\/yoast.com\/wordpress\/plugins\/seo\/ -->\n<title>Trayectoria de la tormenta tropical John: d\u00f3nde est\u00e1 y hacia d\u00f3nde se dirige - Noticias<\/title>\n<meta name=\"robots\" content=\"index, follow, max-snippet:-1, max-image-preview:large, max-video-preview:-1\" \/>\n<link rel=\"canonical\" href=\"https:\/\/noticiasya.com\/2024\/09\/23\/trayectoria-tormenta-tropical-john-donde-esta-se-dirige-orix\/\" \/>\n<meta property=\"og:locale\" content=\"es_ES\" \/>\n<meta property=\"og:type\" content=\"article\" \/>\n<meta property=\"og:title\" content=\"Trayectoria de la tormenta tropical John: d\u00f3nde est\u00e1 y hacia d\u00f3nde se dirige - Noticias\" \/>\n<meta property=\"og:description\" content=\"(CNN Espa\u00f1ol) &#8212; La tormenta tropical John se form\u00f3 en los \u00faltimos minutos del domingo hora del centro de M\u00e9xico (madrugada del lunes en Miami) frente a las costas de Oaxaca, seg\u00fan el Servicio Meteorol\u00f3gico Nacional (SMN) de M\u00e9xico y el Centro Nacional de Huracanes (NHC, por sus siglas en ingl\u00e9s) de Estados Unidos. John [&hellip;]\" \/>\n<meta property=\"og:url\" content=\"https:\/\/noticiasya.com\/2024\/09\/23\/trayectoria-tormenta-tropical-john-donde-esta-se-dirige-orix\/\" \/>\n<meta property=\"og:site_name\" content=\"Noticias\" \/>\n<meta property=\"article:published_time\" content=\"2024-09-23T14:03:45+00:00\" \/>\n<meta name=\"twitter:card\" content=\"summary_large_image\" \/>\n<meta name=\"twitter:label1\" content=\"Est. reading time\" \/>\n\t<meta name=\"twitter:data1\" content=\"3 minutos\" \/>\n<script type=\"application\/ld+json\" class=\"yoast-schema-graph\">{\"@context\":\"https:\/\/schema.org\",\"@graph\":[{\"@type\":\"Article\",\"@id\":\"https:\/\/noticiasya.com\/2024\/09\/23\/trayectoria-tormenta-tropical-john-donde-esta-se-dirige-orix\/#article\",\"isPartOf\":{\"@id\":\"https:\/\/noticiasya.com\/2024\/09\/23\/trayectoria-tormenta-tropical-john-donde-esta-se-dirige-orix\/\"},\"author\":{\"name\":\"\",\"@id\":\"\"},\"headline\":\"Trayectoria de la tormenta tropical John: d\u00f3nde est\u00e1 y hacia d\u00f3nde se dirige\",\"datePublished\":\"2024-09-23T14:03:45+00:00\",\"mainEntityOfPage\":{\"@id\":\"https:\/\/noticiasya.com\/2024\/09\/23\/trayectoria-tormenta-tropical-john-donde-esta-se-dirige-orix\/\"},\"wordCount\":685,\"commentCount\":0,\"publisher\":{\"@id\":\"https:\/\/noticiasya.com\/#organization\"},\"articleSection\":[\"Noticias Nacionales\"],\"inLanguage\":\"es\",\"potentialAction\":[{\"@type\":\"CommentAction\",\"name\":\"Comment\",\"target\":[\"https:\/\/noticiasya.com\/2024\/09\/23\/trayectoria-tormenta-tropical-john-donde-esta-se-dirige-orix\/#respond\"]}]},{\"@type\":\"WebPage\",\"@id\":\"https:\/\/noticiasya.com\/2024\/09\/23\/trayectoria-tormenta-tropical-john-donde-esta-se-dirige-orix\/\",\"url\":\"https:\/\/noticiasya.com\/2024\/09\/23\/trayectoria-tormenta-tropical-john-donde-esta-se-dirige-orix\/\",\"name\":\"Trayectoria de la tormenta tropical John: d\u00f3nde est\u00e1 y hacia d\u00f3nde se dirige - Noticias\",\"isPartOf\":{\"@id\":\"https:\/\/noticiasya.com\/#website\"},\"datePublished\":\"2024-09-23T14:03:45+00:00\",\"breadcrumb\":{\"@id\":\"https:\/\/noticiasya.com\/2024\/09\/23\/trayectoria-tormenta-tropical-john-donde-esta-se-dirige-orix\/#breadcrumb\"},\"inLanguage\":\"es\",\"potentialAction\":[{\"@type\":\"ReadAction\",\"target\":[\"https:\/\/noticiasya.com\/2024\/09\/23\/trayectoria-tormenta-tropical-john-donde-esta-se-dirige-orix\/\"]}]},{\"@type\":\"BreadcrumbList\",\"@id\":\"https:\/\/noticiasya.com\/2024\/09\/23\/trayectoria-tormenta-tropical-john-donde-esta-se-dirige-orix\/#breadcrumb\",\"itemListElement\":[{\"@type\":\"ListItem\",\"position\":1,\"name\":\"Home\",\"item\":\"https:\/\/noticiasya.com\/\"},{\"@type\":\"ListItem\",\"position\":2,\"name\":\"Trayectoria de la tormenta tropical John: d\u00f3nde est\u00e1 y hacia d\u00f3nde se dirige\"}]},{\"@type\":\"WebSite\",\"@id\":\"https:\/\/noticiasya.com\/#website\",\"url\":\"https:\/\/noticiasya.com\/\",\"name\":\"Noticias\",\"description\":\"Lo que importa\",\"publisher\":{\"@id\":\"https:\/\/noticiasya.com\/#organization\"},\"potentialAction\":[{\"@type\":\"SearchAction\",\"target\":{\"@type\":\"EntryPoint\",\"urlTemplate\":\"https:\/\/noticiasya.com\/?s={search_term_string}\"},\"query-input\":{\"@type\":\"PropertyValueSpecification\",\"valueRequired\":true,\"valueName\":\"search_term_string\"}}],\"inLanguage\":\"es\"},{\"@type\":\"Organization\",\"@id\":\"https:\/\/noticiasya.com\/#organization\",\"name\":\"Noticias\",\"url\":\"https:\/\/noticiasya.com\/\",\"logo\":{\"@type\":\"ImageObject\",\"inLanguage\":\"es\",\"@id\":\"https:\/\/noticiasya.com\/#\/schema\/logo\/image\/\",\"url\":\"https:\/\/noticiasya.com\/wp-content\/uploads\/sites\/22\/2023\/12\/logo-nacional.png\",\"contentUrl\":\"https:\/\/noticiasya.com\/wp-content\/uploads\/sites\/22\/2023\/12\/logo-nacional.png\",\"width\":1801,\"height\":691,\"caption\":\"Noticias\"},\"image\":{\"@id\":\"https:\/\/noticiasya.com\/#\/schema\/logo\/image\/\"}}]}<\/script>\n<!-- \/ Yoast SEO plugin. -->","yoast_head_json":{"title":"Trayectoria de la tormenta tropical John: d\u00f3nde est\u00e1 y hacia d\u00f3nde se dirige - Noticias","robots":{"index":"index","follow":"follow","max-snippet":"max-snippet:-1","max-image-preview":"max-image-preview:large","max-video-preview":"max-video-preview:-1"},"canonical":"https:\/\/noticiasya.com\/2024\/09\/23\/trayectoria-tormenta-tropical-john-donde-esta-se-dirige-orix\/","og_locale":"es_ES","og_type":"article","og_title":"Trayectoria de la tormenta tropical John: d\u00f3nde est\u00e1 y hacia d\u00f3nde se dirige - Noticias","og_description":"(CNN Espa\u00f1ol) &#8212; La tormenta tropical John se form\u00f3 en los \u00faltimos minutos del domingo hora del centro de M\u00e9xico (madrugada del lunes en Miami) frente a las costas de Oaxaca, seg\u00fan el Servicio Meteorol\u00f3gico Nacional (SMN) de M\u00e9xico y el Centro Nacional de Huracanes (NHC, por sus siglas en ingl\u00e9s) de Estados Unidos. John [&hellip;]","og_url":"https:\/\/noticiasya.com\/2024\/09\/23\/trayectoria-tormenta-tropical-john-donde-esta-se-dirige-orix\/","og_site_name":"Noticias","article_published_time":"2024-09-23T14:03:45+00:00","twitter_card":"summary_large_image","twitter_misc":{"Est. reading time":"3 minutos"},"schema":{"@context":"https:\/\/schema.org","@graph":[{"@type":"Article","@id":"https:\/\/noticiasya.com\/2024\/09\/23\/trayectoria-tormenta-tropical-john-donde-esta-se-dirige-orix\/#article","isPartOf":{"@id":"https:\/\/noticiasya.com\/2024\/09\/23\/trayectoria-tormenta-tropical-john-donde-esta-se-dirige-orix\/"},"author":{"name":"","@id":""},"headline":"Trayectoria de la tormenta tropical John: d\u00f3nde est\u00e1 y hacia d\u00f3nde se dirige","datePublished":"2024-09-23T14:03:45+00:00","mainEntityOfPage":{"@id":"https:\/\/noticiasya.com\/2024\/09\/23\/trayectoria-tormenta-tropical-john-donde-esta-se-dirige-orix\/"},"wordCount":685,"commentCount":0,"publisher":{"@id":"https:\/\/noticiasya.com\/#organization"},"articleSection":["Noticias Nacionales"],"inLanguage":"es","potentialAction":[{"@type":"CommentAction","name":"Comment","target":["https:\/\/noticiasya.com\/2024\/09\/23\/trayectoria-tormenta-tropical-john-donde-esta-se-dirige-orix\/#respond"]}]},{"@type":"WebPage","@id":"https:\/\/noticiasya.com\/2024\/09\/23\/trayectoria-tormenta-tropical-john-donde-esta-se-dirige-orix\/","url":"https:\/\/noticiasya.com\/2024\/09\/23\/trayectoria-tormenta-tropical-john-donde-esta-se-dirige-orix\/","name":"Trayectoria de la tormenta tropical John: d\u00f3nde est\u00e1 y hacia d\u00f3nde se dirige - Noticias","isPartOf":{"@id":"https:\/\/noticiasya.com\/#website"},"datePublished":"2024-09-23T14:03:45+00:00","breadcrumb":{"@id":"https:\/\/noticiasya.com\/2024\/09\/23\/trayectoria-tormenta-tropical-john-donde-esta-se-dirige-orix\/#breadcrumb"},"inLanguage":"es","potentialAction":[{"@type":"ReadAction","target":["https:\/\/noticiasya.com\/2024\/09\/23\/trayectoria-tormenta-tropical-john-donde-esta-se-dirige-orix\/"]}]},{"@type":"BreadcrumbList","@id":"https:\/\/noticiasya.com\/2024\/09\/23\/trayectoria-tormenta-tropical-john-donde-esta-se-dirige-orix\/#breadcrumb","itemListElement":[{"@type":"ListItem","position":1,"name":"Home","item":"https:\/\/noticiasya.com\/"},{"@type":"ListItem","position":2,"name":"Trayectoria de la tormenta tropical John: d\u00f3nde est\u00e1 y hacia d\u00f3nde se dirige"}]},{"@type":"WebSite","@id":"https:\/\/noticiasya.com\/#website","url":"https:\/\/noticiasya.com\/","name":"Noticias","description":"Lo que importa","publisher":{"@id":"https:\/\/noticiasya.com\/#organization"},"potentialAction":[{"@type":"SearchAction","target":{"@type":"EntryPoint","urlTemplate":"https:\/\/noticiasya.com\/?s={search_term_string}"},"query-input":{"@type":"PropertyValueSpecification","valueRequired":true,"valueName":"search_term_string"}}],"inLanguage":"es"},{"@type":"Organization","@id":"https:\/\/noticiasya.com\/#organization","name":"Noticias","url":"https:\/\/noticiasya.com\/","logo":{"@type":"ImageObject","inLanguage":"es","@id":"https:\/\/noticiasya.com\/#\/schema\/logo\/image\/","url":"https:\/\/noticiasya.com\/wp-content\/uploads\/sites\/22\/2023\/12\/logo-nacional.png","contentUrl":"https:\/\/noticiasya.com\/wp-content\/uploads\/sites\/22\/2023\/12\/logo-nacional.png","width":1801,"height":691,"caption":"Noticias"},"image":{"@id":"https:\/\/noticiasya.com\/#\/schema\/logo\/image\/"}}]}},"parsely":{"version":"1.1.0","canonical_url":"https:\/\/noticiasya.com\/midland-odessa\/2024\/09\/23\/trayectoria-tormenta-tropical-john-donde-esta-se-dirige-orix\/","smart_links":{"inbound":0,"outbound":0},"traffic_boost_suggestions_count":0,"meta":{"@context":"https:\/\/schema.org","@type":"NewsArticle","headline":"Trayectoria de la tormenta tropical John: d\u00f3nde est\u00e1 y hacia d\u00f3nde se dirige","url":"http:\/\/noticiasya.com\/midland-odessa\/2024\/09\/23\/trayectoria-tormenta-tropical-john-donde-esta-se-dirige-orix\/","mainEntityOfPage":{"@type":"WebPage","@id":"http:\/\/noticiasya.com\/midland-odessa\/2024\/09\/23\/trayectoria-tormenta-tropical-john-donde-esta-se-dirige-orix\/"},"thumbnailUrl":"","image":{"@type":"ImageObject","url":""},"articleSection":"Noticias Nacionales","author":[],"creator":[],"publisher":{"@type":"Organization","name":"Noticias","logo":""},"keywords":[],"dateCreated":"2024-09-23T14:03:45Z","datePublished":"2024-09-23T14:03:45Z","dateModified":"2024-09-23T14:03:45Z"},"rendered":"<script type=\"application\/ld+json\" class=\"wp-parsely-metadata\">{\"@context\":\"https:\\\/\\\/schema.org\",\"@type\":\"NewsArticle\",\"headline\":\"Trayectoria de la tormenta tropical John: d\\u00f3nde est\\u00e1 y hacia d\\u00f3nde se dirige\",\"url\":\"http:\\\/\\\/noticiasya.com\\\/midland-odessa\\\/2024\\\/09\\\/23\\\/trayectoria-tormenta-tropical-john-donde-esta-se-dirige-orix\\\/\",\"mainEntityOfPage\":{\"@type\":\"WebPage\",\"@id\":\"http:\\\/\\\/noticiasya.com\\\/midland-odessa\\\/2024\\\/09\\\/23\\\/trayectoria-tormenta-tropical-john-donde-esta-se-dirige-orix\\\/\"},\"thumbnailUrl\":\"\",\"image\":{\"@type\":\"ImageObject\",\"url\":\"\"},\"articleSection\":\"Noticias Nacionales\",\"author\":[],\"creator\":[],\"publisher\":{\"@type\":\"Organization\",\"name\":\"Noticias\",\"logo\":\"\"},\"keywords\":[],\"dateCreated\":\"2024-09-23T14:03:45Z\",\"datePublished\":\"2024-09-23T14:03:45Z\",\"dateModified\":\"2024-09-23T14:03:45Z\"}<\/script>","tracker_url":"https:\/\/cdn.parsely.com\/keys\/noticiasya.com\/p.js"},"jetpack_featured_media_url":"","jetpack-related-posts":[{"id":1452965,"url":"https:\/\/noticiasya.com\/midland-odessa\/2024\/09\/23\/trayectoria-huracan-john-donde-esta-se-dirige-orix\/","url_meta":{"origin":1452954,"position":0},"title":"Trayectoria del hurac\u00e1n John: d\u00f3nde est\u00e1 y hacia d\u00f3nde se dirige","author":"","date":"septiembre 23, 2024","format":false,"excerpt":"(CNN Espa\u00f1ol) -- John se fortaleci\u00f3 la tarde de este lunes a hurac\u00e1n categor\u00eda 2 tras formarse la noche del domingo hora del centro de M\u00e9xico (madrugada del lunes en Miami) frente a las costas de Oaxaca, seg\u00fan el Servicio Meteorol\u00f3gico Nacional (SMN) de M\u00e9xico y el Centro Nacional de\u2026","rel":"","context":"In &quot;Noticias Nacionales&quot;","block_context":{"text":"Noticias Nacionales","link":"https:\/\/noticiasya.com\/midland-odessa\/categoria\/noticias-nacionales"},"img":{"alt_text":"","src":"","width":0,"height":0},"classes":[]},{"id":1450793,"url":"https:\/\/noticiasya.com\/midland-odessa\/2024\/06\/29\/trayectoria-tormenta-tropical-beryl-cuando-se-forma-orix\/","url_meta":{"origin":1452954,"position":1},"title":"Esta ser\u00e1 la trayectoria de la tormenta tropical Beryl, que podr\u00eda convertirse en el primer hurac\u00e1n de la temporada","author":"","date":"junio 29, 2024","format":false,"excerpt":"(CNN Espa\u00f1ol) -- El segundo cicl\u00f3n de la temporada de huracanes del Atl\u00e1ntico se ha desarrollado y podr\u00eda representar una rara amenaza en el comienzo de la temporada para partes del Caribe a lo largo de su trayectoria que avanza hacia el oeste, que se fortaleci\u00f3 r\u00e1pidamente hasta convertirse en\u2026","rel":"","context":"In &quot;Noticias Nacionales&quot;","block_context":{"text":"Noticias Nacionales","link":"https:\/\/noticiasya.com\/midland-odessa\/categoria\/noticias-nacionales"},"img":{"alt_text":"","src":"","width":0,"height":0},"classes":[]},{"id":1450485,"url":"https:\/\/noticiasya.com\/midland-odessa\/2024\/06\/18\/cuando-se-convertira-ciclon-golfo-mexico-tormenta-tropical-alberto-cuando-tocara-tierra-orix\/","url_meta":{"origin":1452954,"position":2},"title":"\u00bfCu\u00e1ndo se convertir\u00e1 el cicl\u00f3n del golfo de M\u00e9xico en la tormenta tropical Alberto y cu\u00e1ndo tocar\u00e1 tierra?","author":"","date":"junio 18, 2024","format":false,"excerpt":"(CNN Espa\u00f1ol) -- El Cicl\u00f3n Tropical Potencial Uno que actualmente se desarrolla en el golfo de M\u00e9xico se convertir\u00e1 en la tormenta tropical Alberto el mi\u00e9rcoles, seg\u00fan las \u00faltimas previsiones del Centro Nacional de Huracanes (NHC, por sus siglas en ingl\u00e9s) y del Servicio Meteorol\u00f3gico Nacional (SMN) de M\u00e9xico.Hasta la\u2026","rel":"","context":"In &quot;Noticias Nacionales&quot;","block_context":{"text":"Noticias Nacionales","link":"https:\/\/noticiasya.com\/midland-odessa\/categoria\/noticias-nacionales"},"img":{"alt_text":"","src":"","width":0,"height":0},"classes":[]},{"id":1450503,"url":"https:\/\/noticiasya.com\/midland-odessa\/2024\/06\/19\/trayectoria-ciclon-tropical-tormenta-alberto-donde-estados-eeuu-mexico-orix\/","url_meta":{"origin":1452954,"position":3},"title":"Trayectoria del cicl\u00f3n que se convertir\u00eda en la tormenta tropical Alberto: \u00bfa d\u00f3nde se dirige y qu\u00e9 estados y ciudades de M\u00e9xico y EE.UU. amenaza?","author":"","date":"junio 19, 2024","format":false,"excerpt":"(CNN Espa\u00f1ol) -- El potencial cicl\u00f3n tropical uno, que seg\u00fan las previsiones se convertir\u00e1 este mi\u00e9rcoles en la tormenta tropical Alberto, avanza sobre el golfo de M\u00e9xico en direcci\u00f3n oeste-noroeste.A las 04:00 a.m. hora de Miami, el cicl\u00f3n se encontraba a unos 425 km al este de La Pesca, M\u00e9xico,\u2026","rel":"","context":"In &quot;Noticias Nacionales&quot;","block_context":{"text":"Noticias Nacionales","link":"https:\/\/noticiasya.com\/midland-odessa\/categoria\/noticias-nacionales"},"img":{"alt_text":"","src":"","width":0,"height":0},"classes":[]},{"id":1462789,"url":"https:\/\/noticiasya.com\/midland-odessa\/2025\/05\/25\/probabilidad-primer-ciclon-temporada-pacifico-mexico-efe\/","url_meta":{"origin":1452954,"position":4},"title":"Sube a 90 % la probabilidad de formaci\u00f3n del primer cicl\u00f3n de la temporada en el Pac\u00edfico mexicano","author":"","date":"mayo 25, 2025","format":false,"excerpt":"La probabilidad de que se forme el primer cicl\u00f3n tropical de la temporada en el Pac\u00edfico mexicano aument\u00f3 al 90 % en una semana, y al 20 %, en 48 horas, seg\u00fan avis\u00f3 este domingo el Servicio Meteorol\u00f3gico Nacional (SMN).El SMN se\u00f1al\u00f3 en una tarjeta informativa que mantiene \u201cen vigilancia\u201d\u2026","rel":"","context":"In &quot;Noticias Nacionales&quot;","block_context":{"text":"Noticias Nacionales","link":"https:\/\/noticiasya.com\/midland-odessa\/categoria\/noticias-nacionales"},"img":{"alt_text":"","src":"","width":0,"height":0},"classes":[]},{"id":1453288,"url":"https:\/\/noticiasya.com\/midland-odessa\/2024\/10\/02\/trayectoria-tormenta-tropical-kristy-donde-esta-donde-se-dirige-orix\/","url_meta":{"origin":1452954,"position":5},"title":"Trayectoria de la depresi\u00f3n tropical Once-E, que podr\u00eda convertirse en la tormenta Kristy","author":"","date":"octubre 2, 2024","format":false,"excerpt":"(CNN Espa\u00f1ol) -- La depresi\u00f3n tropical Once-E que se desplaza frente a las costas de Oaxaca, M\u00e9xico, cobrar\u00e1 fuerza en las pr\u00f3ximas horas y se prev\u00e9 que se convierta en la tormenta tropical Kristy entre la noche del mi\u00e9rcoles 2 y jueves 3 de octubre, seg\u00fan el Sistema Meteorol\u00f3gico Nacional\u2026","rel":"","context":"In &quot;Noticias Nacionales&quot;","block_context":{"text":"Noticias Nacionales","link":"https:\/\/noticiasya.com\/midland-odessa\/categoria\/noticias-nacionales"},"img":{"alt_text":"","src":"","width":0,"height":0},"classes":[]}],"jetpack_sharing_enabled":true,"_links":{"self":[{"href":"https:\/\/noticiasya.com\/midland-odessa\/wp-json\/wp\/v2\/posts\/1452954","targetHints":{"allow":["GET"]}}],"collection":[{"href":"https:\/\/noticiasya.com\/midland-odessa\/wp-json\/wp\/v2\/posts"}],"about":[{"href":"https:\/\/noticiasya.com\/midland-odessa\/wp-json\/wp\/v2\/types\/post"}],"replies":[{"embeddable":true,"href":"https:\/\/noticiasya.com\/midland-odessa\/wp-json\/wp\/v2\/comments?post=1452954"}],"version-history":[{"count":0,"href":"https:\/\/noticiasya.com\/midland-odessa\/wp-json\/wp\/v2\/posts\/1452954\/revisions"}],"wp:attachment":[{"href":"https:\/\/noticiasya.com\/midland-odessa\/wp-json\/wp\/v2\/media?parent=1452954"}],"wp:term":[{"taxonomy":"category","embeddable":true,"href":"https:\/\/noticiasya.com\/midland-odessa\/wp-json\/wp\/v2\/categories?post=1452954"},{"taxonomy":"post_tag","embeddable":true,"href":"https:\/\/noticiasya.com\/midland-odessa\/wp-json\/wp\/v2\/tags?post=1452954"}],"curies":[{"name":"wp","href":"https:\/\/api.w.org\/{rel}","templated":true}]}}