{"id":1452957,"date":"2024-09-23T11:03:59","date_gmt":"2024-09-23T18:03:59","guid":{"rendered":"https:\/\/noticiasya.com\/2024\/09\/23\/amlo-botellazo-manifestacion-no-paso-a-mayores-orix\/"},"modified":"2024-09-23T11:03:59","modified_gmt":"2024-09-23T18:03:59","slug":"amlo-botellazo-manifestacion-no-paso-a-mayores-orix","status":"publish","type":"post","link":"https:\/\/noticiasya.com\/midland-odessa\/2024\/09\/23\/amlo-botellazo-manifestacion-no-paso-a-mayores-orix\/","title":{"rendered":"AMLO asegura que un botellazo en su contra durante una manifestaci\u00f3n \u201cno pas\u00f3 a mayores\u201d"},"content":{"rendered":"<p>(CNN Espa\u00f1ol) &#8212; El presidente de M\u00e9xico, Andr\u00e9s Manuel L\u00f3pez Obrador, habl\u00f3 en su conferencia matutina de este lunes del incidente que vivi\u00f3 ayer cuando le arrojaron una botella en Veracruz y dijo que \u201cno pas\u00f3 a mayores\u201d. Agreg\u00f3 que la persona que le arroj\u00f3 la botella en medio de una manifestaci\u00f3n en contra de la reforma del Poder judicial &#171;puede estar tranquilo&#187; pues afirm\u00f3 que es partidario &#171;de que no haya castigo&#187;.<\/p>\n<p>&#171;Al que tir\u00f3 la botella ayer, ese puede estar tranquilo, no pasa nada. Es que no pasa a mayores&#187;, asegur\u00f3 L\u00f3pez Obrador e inst\u00f3 a los simpatizantes de la &#171;Cuarta Transformaci\u00f3n&#187;, a que act\u00faen con \u201crespeto y tolerancia\u201d.<\/p>\n<p>\u00bfQu\u00e9 son los jueces sin rostro, una de las figuras de la reforma judicial que genera m\u00e1s pol\u00e9mica?<\/p>\n<p>El presidente estaba en la inauguraci\u00f3n del Centro Cultural \u201cLeyes de Reforma\u201d, en Veracruz, cuando le lanzaron una botella de agua, que no alcanz\u00f3 a tocarlo. Los manifestantes le gritaron &#171;dictador&#187; y otros insultos cuando ingresaba a las instalaciones.<\/p>\n<p>&#171;Yo empec\u00e9 jugando b\u00e9isbol, era fielder, imag\u00ednense si no s\u00e9, si hasta la pude haber agarrado, pero no pas\u00f3 a mayores. Entiendo que est\u00e1n enojados, est\u00e1n molestos por esto mismo, ellos quisieran que no cambie nada, conservadurismo viene precisamente de conservar&#187;, dijo L\u00f3pez Obrador minimizando el incidente.<\/p>\n<p>La iniciativa de reforma al Poder Judicial fue promulgada el 15 de septiembre por L\u00f3pez Obrador despu\u00e9s de haber sido aprobada por ambas c\u00e1maras legislativas federales y en la mayor\u00eda de los congresos estatales. Esta reforma plantea ente sus puntos principales la elecci\u00f3n de jueces, magistrados y ministros por voto popular, lo que gener\u00f3, entre otras reacciones, una huelga de un sector de trabajadores del Poder Judicial que anunciaron se mantendr\u00e1 hasta al menos el 2 de octubre. La iniciativa tambi\u00e9n provoc\u00f3 tensiones en la relaci\u00f3n diplom\u00e1tica con los embajadores de Estados Unidos y Canad\u00e1, principales socios comerciales.<\/p>\n<p>The-CNN-Wire<br \/>&trade; &amp; &copy; 2024 Cable News Network, Inc., a Warner Bros. Discovery Company. All rights reserved.<\/p>\n","protected":false},"excerpt":{"rendered":"<p>(CNN Espa\u00f1ol) &#8212; El presidente de M\u00e9xico, Andr\u00e9s Manuel L\u00f3pez Obrador, habl\u00f3 en su conferencia matutina de este lunes del incidente que vivi\u00f3 ayer cuando le arrojaron una botella en Veracruz y dijo que \u201cno pas\u00f3 a mayores\u201d. Agreg\u00f3 que la persona que le arroj\u00f3 la botella en medio de una manifestaci\u00f3n en contra de [&hellip;]<\/p>\n","protected":false},"author":0,"featured_media":0,"comment_status":"open","ping_status":"open","sticky":false,"template":"","format":"standard","meta":{"_jetpack_memberships_contains_paid_content":false,"footnotes":""},"categories":[10],"tags":[],"class_list":["post-1452957","post","type-post","status-publish","format-standard","hentry","category-noticias-nacionales","market-global"],"yoast_head":"<!-- This site is optimized with the Yoast SEO plugin v24.4 - https:\/\/yoast.com\/wordpress\/plugins\/seo\/ -->\n<title>AMLO asegura que un botellazo en su contra durante una manifestaci\u00f3n \u201cno pas\u00f3 a mayores\u201d - Noticias<\/title>\n<meta name=\"robots\" content=\"index, follow, max-snippet:-1, max-image-preview:large, max-video-preview:-1\" \/>\n<link rel=\"canonical\" href=\"https:\/\/noticiasya.com\/2024\/09\/23\/amlo-botellazo-manifestacion-no-paso-a-mayores-orix\/\" \/>\n<meta property=\"og:locale\" content=\"es_ES\" \/>\n<meta property=\"og:type\" content=\"article\" \/>\n<meta property=\"og:title\" content=\"AMLO asegura que un botellazo en su contra durante una manifestaci\u00f3n \u201cno pas\u00f3 a mayores\u201d - Noticias\" \/>\n<meta property=\"og:description\" content=\"(CNN Espa\u00f1ol) &#8212; El presidente de M\u00e9xico, Andr\u00e9s Manuel L\u00f3pez Obrador, habl\u00f3 en su conferencia matutina de este lunes del incidente que vivi\u00f3 ayer cuando le arrojaron una botella en Veracruz y dijo que \u201cno pas\u00f3 a mayores\u201d. Agreg\u00f3 que la persona que le arroj\u00f3 la botella en medio de una manifestaci\u00f3n en contra de [&hellip;]\" \/>\n<meta property=\"og:url\" content=\"https:\/\/noticiasya.com\/2024\/09\/23\/amlo-botellazo-manifestacion-no-paso-a-mayores-orix\/\" \/>\n<meta property=\"og:site_name\" content=\"Noticias\" \/>\n<meta property=\"article:published_time\" content=\"2024-09-23T18:03:59+00:00\" \/>\n<meta name=\"twitter:card\" content=\"summary_large_image\" \/>\n<meta name=\"twitter:label1\" content=\"Est. reading time\" \/>\n\t<meta name=\"twitter:data1\" content=\"2 minutos\" \/>\n<script type=\"application\/ld+json\" class=\"yoast-schema-graph\">{\"@context\":\"https:\/\/schema.org\",\"@graph\":[{\"@type\":\"Article\",\"@id\":\"https:\/\/noticiasya.com\/2024\/09\/23\/amlo-botellazo-manifestacion-no-paso-a-mayores-orix\/#article\",\"isPartOf\":{\"@id\":\"https:\/\/noticiasya.com\/2024\/09\/23\/amlo-botellazo-manifestacion-no-paso-a-mayores-orix\/\"},\"author\":{\"name\":\"\",\"@id\":\"\"},\"headline\":\"AMLO asegura que un botellazo en su contra durante una manifestaci\u00f3n \u201cno pas\u00f3 a mayores\u201d\",\"datePublished\":\"2024-09-23T18:03:59+00:00\",\"mainEntityOfPage\":{\"@id\":\"https:\/\/noticiasya.com\/2024\/09\/23\/amlo-botellazo-manifestacion-no-paso-a-mayores-orix\/\"},\"wordCount\":367,\"commentCount\":0,\"publisher\":{\"@id\":\"https:\/\/noticiasya.com\/#organization\"},\"articleSection\":[\"Noticias Nacionales\"],\"inLanguage\":\"es\",\"potentialAction\":[{\"@type\":\"CommentAction\",\"name\":\"Comment\",\"target\":[\"https:\/\/noticiasya.com\/2024\/09\/23\/amlo-botellazo-manifestacion-no-paso-a-mayores-orix\/#respond\"]}]},{\"@type\":\"WebPage\",\"@id\":\"https:\/\/noticiasya.com\/2024\/09\/23\/amlo-botellazo-manifestacion-no-paso-a-mayores-orix\/\",\"url\":\"https:\/\/noticiasya.com\/2024\/09\/23\/amlo-botellazo-manifestacion-no-paso-a-mayores-orix\/\",\"name\":\"AMLO asegura que un botellazo en su contra durante una manifestaci\u00f3n \u201cno pas\u00f3 a mayores\u201d - Noticias\",\"isPartOf\":{\"@id\":\"https:\/\/noticiasya.com\/#website\"},\"datePublished\":\"2024-09-23T18:03:59+00:00\",\"breadcrumb\":{\"@id\":\"https:\/\/noticiasya.com\/2024\/09\/23\/amlo-botellazo-manifestacion-no-paso-a-mayores-orix\/#breadcrumb\"},\"inLanguage\":\"es\",\"potentialAction\":[{\"@type\":\"ReadAction\",\"target\":[\"https:\/\/noticiasya.com\/2024\/09\/23\/amlo-botellazo-manifestacion-no-paso-a-mayores-orix\/\"]}]},{\"@type\":\"BreadcrumbList\",\"@id\":\"https:\/\/noticiasya.com\/2024\/09\/23\/amlo-botellazo-manifestacion-no-paso-a-mayores-orix\/#breadcrumb\",\"itemListElement\":[{\"@type\":\"ListItem\",\"position\":1,\"name\":\"Home\",\"item\":\"https:\/\/noticiasya.com\/\"},{\"@type\":\"ListItem\",\"position\":2,\"name\":\"AMLO asegura que un botellazo en su contra durante una manifestaci\u00f3n \u201cno pas\u00f3 a mayores\u201d\"}]},{\"@type\":\"WebSite\",\"@id\":\"https:\/\/noticiasya.com\/#website\",\"url\":\"https:\/\/noticiasya.com\/\",\"name\":\"Noticias\",\"description\":\"Lo que importa\",\"publisher\":{\"@id\":\"https:\/\/noticiasya.com\/#organization\"},\"potentialAction\":[{\"@type\":\"SearchAction\",\"target\":{\"@type\":\"EntryPoint\",\"urlTemplate\":\"https:\/\/noticiasya.com\/?s={search_term_string}\"},\"query-input\":{\"@type\":\"PropertyValueSpecification\",\"valueRequired\":true,\"valueName\":\"search_term_string\"}}],\"inLanguage\":\"es\"},{\"@type\":\"Organization\",\"@id\":\"https:\/\/noticiasya.com\/#organization\",\"name\":\"Noticias\",\"url\":\"https:\/\/noticiasya.com\/\",\"logo\":{\"@type\":\"ImageObject\",\"inLanguage\":\"es\",\"@id\":\"https:\/\/noticiasya.com\/#\/schema\/logo\/image\/\",\"url\":\"https:\/\/noticiasya.com\/wp-content\/uploads\/sites\/22\/2023\/12\/logo-nacional.png\",\"contentUrl\":\"https:\/\/noticiasya.com\/wp-content\/uploads\/sites\/22\/2023\/12\/logo-nacional.png\",\"width\":1801,\"height\":691,\"caption\":\"Noticias\"},\"image\":{\"@id\":\"https:\/\/noticiasya.com\/#\/schema\/logo\/image\/\"}}]}<\/script>\n<!-- \/ Yoast SEO plugin. -->","yoast_head_json":{"title":"AMLO asegura que un botellazo en su contra durante una manifestaci\u00f3n \u201cno pas\u00f3 a mayores\u201d - Noticias","robots":{"index":"index","follow":"follow","max-snippet":"max-snippet:-1","max-image-preview":"max-image-preview:large","max-video-preview":"max-video-preview:-1"},"canonical":"https:\/\/noticiasya.com\/2024\/09\/23\/amlo-botellazo-manifestacion-no-paso-a-mayores-orix\/","og_locale":"es_ES","og_type":"article","og_title":"AMLO asegura que un botellazo en su contra durante una manifestaci\u00f3n \u201cno pas\u00f3 a mayores\u201d - Noticias","og_description":"(CNN Espa\u00f1ol) &#8212; El presidente de M\u00e9xico, Andr\u00e9s Manuel L\u00f3pez Obrador, habl\u00f3 en su conferencia matutina de este lunes del incidente que vivi\u00f3 ayer cuando le arrojaron una botella en Veracruz y dijo que \u201cno pas\u00f3 a mayores\u201d. Agreg\u00f3 que la persona que le arroj\u00f3 la botella en medio de una manifestaci\u00f3n en contra de [&hellip;]","og_url":"https:\/\/noticiasya.com\/2024\/09\/23\/amlo-botellazo-manifestacion-no-paso-a-mayores-orix\/","og_site_name":"Noticias","article_published_time":"2024-09-23T18:03:59+00:00","twitter_card":"summary_large_image","twitter_misc":{"Est. reading time":"2 minutos"},"schema":{"@context":"https:\/\/schema.org","@graph":[{"@type":"Article","@id":"https:\/\/noticiasya.com\/2024\/09\/23\/amlo-botellazo-manifestacion-no-paso-a-mayores-orix\/#article","isPartOf":{"@id":"https:\/\/noticiasya.com\/2024\/09\/23\/amlo-botellazo-manifestacion-no-paso-a-mayores-orix\/"},"author":{"name":"","@id":""},"headline":"AMLO asegura que un botellazo en su contra durante una manifestaci\u00f3n \u201cno pas\u00f3 a mayores\u201d","datePublished":"2024-09-23T18:03:59+00:00","mainEntityOfPage":{"@id":"https:\/\/noticiasya.com\/2024\/09\/23\/amlo-botellazo-manifestacion-no-paso-a-mayores-orix\/"},"wordCount":367,"commentCount":0,"publisher":{"@id":"https:\/\/noticiasya.com\/#organization"},"articleSection":["Noticias Nacionales"],"inLanguage":"es","potentialAction":[{"@type":"CommentAction","name":"Comment","target":["https:\/\/noticiasya.com\/2024\/09\/23\/amlo-botellazo-manifestacion-no-paso-a-mayores-orix\/#respond"]}]},{"@type":"WebPage","@id":"https:\/\/noticiasya.com\/2024\/09\/23\/amlo-botellazo-manifestacion-no-paso-a-mayores-orix\/","url":"https:\/\/noticiasya.com\/2024\/09\/23\/amlo-botellazo-manifestacion-no-paso-a-mayores-orix\/","name":"AMLO asegura que un botellazo en su contra durante una manifestaci\u00f3n \u201cno pas\u00f3 a mayores\u201d - Noticias","isPartOf":{"@id":"https:\/\/noticiasya.com\/#website"},"datePublished":"2024-09-23T18:03:59+00:00","breadcrumb":{"@id":"https:\/\/noticiasya.com\/2024\/09\/23\/amlo-botellazo-manifestacion-no-paso-a-mayores-orix\/#breadcrumb"},"inLanguage":"es","potentialAction":[{"@type":"ReadAction","target":["https:\/\/noticiasya.com\/2024\/09\/23\/amlo-botellazo-manifestacion-no-paso-a-mayores-orix\/"]}]},{"@type":"BreadcrumbList","@id":"https:\/\/noticiasya.com\/2024\/09\/23\/amlo-botellazo-manifestacion-no-paso-a-mayores-orix\/#breadcrumb","itemListElement":[{"@type":"ListItem","position":1,"name":"Home","item":"https:\/\/noticiasya.com\/"},{"@type":"ListItem","position":2,"name":"AMLO asegura que un botellazo en su contra durante una manifestaci\u00f3n \u201cno pas\u00f3 a mayores\u201d"}]},{"@type":"WebSite","@id":"https:\/\/noticiasya.com\/#website","url":"https:\/\/noticiasya.com\/","name":"Noticias","description":"Lo que importa","publisher":{"@id":"https:\/\/noticiasya.com\/#organization"},"potentialAction":[{"@type":"SearchAction","target":{"@type":"EntryPoint","urlTemplate":"https:\/\/noticiasya.com\/?s={search_term_string}"},"query-input":{"@type":"PropertyValueSpecification","valueRequired":true,"valueName":"search_term_string"}}],"inLanguage":"es"},{"@type":"Organization","@id":"https:\/\/noticiasya.com\/#organization","name":"Noticias","url":"https:\/\/noticiasya.com\/","logo":{"@type":"ImageObject","inLanguage":"es","@id":"https:\/\/noticiasya.com\/#\/schema\/logo\/image\/","url":"https:\/\/noticiasya.com\/wp-content\/uploads\/sites\/22\/2023\/12\/logo-nacional.png","contentUrl":"https:\/\/noticiasya.com\/wp-content\/uploads\/sites\/22\/2023\/12\/logo-nacional.png","width":1801,"height":691,"caption":"Noticias"},"image":{"@id":"https:\/\/noticiasya.com\/#\/schema\/logo\/image\/"}}]}},"parsely":{"version":"1.1.0","canonical_url":"https:\/\/noticiasya.com\/midland-odessa\/2024\/09\/23\/amlo-botellazo-manifestacion-no-paso-a-mayores-orix\/","smart_links":{"inbound":0,"outbound":0},"traffic_boost_suggestions_count":0,"meta":{"@context":"https:\/\/schema.org","@type":"NewsArticle","headline":"AMLO asegura que un botellazo en su contra durante una manifestaci\u00f3n \u201cno pas\u00f3 a mayores\u201d","url":"http:\/\/noticiasya.com\/midland-odessa\/2024\/09\/23\/amlo-botellazo-manifestacion-no-paso-a-mayores-orix\/","mainEntityOfPage":{"@type":"WebPage","@id":"http:\/\/noticiasya.com\/midland-odessa\/2024\/09\/23\/amlo-botellazo-manifestacion-no-paso-a-mayores-orix\/"},"thumbnailUrl":"","image":{"@type":"ImageObject","url":""},"articleSection":"Noticias Nacionales","author":[],"creator":[],"publisher":{"@type":"Organization","name":"Noticias","logo":""},"keywords":[],"dateCreated":"2024-09-23T18:03:59Z","datePublished":"2024-09-23T18:03:59Z","dateModified":"2024-09-23T18:03:59Z"},"rendered":"<script type=\"application\/ld+json\" class=\"wp-parsely-metadata\">{\"@context\":\"https:\\\/\\\/schema.org\",\"@type\":\"NewsArticle\",\"headline\":\"AMLO asegura que un botellazo en su contra durante una manifestaci\\u00f3n \\u201cno pas\\u00f3 a mayores\\u201d\",\"url\":\"http:\\\/\\\/noticiasya.com\\\/midland-odessa\\\/2024\\\/09\\\/23\\\/amlo-botellazo-manifestacion-no-paso-a-mayores-orix\\\/\",\"mainEntityOfPage\":{\"@type\":\"WebPage\",\"@id\":\"http:\\\/\\\/noticiasya.com\\\/midland-odessa\\\/2024\\\/09\\\/23\\\/amlo-botellazo-manifestacion-no-paso-a-mayores-orix\\\/\"},\"thumbnailUrl\":\"\",\"image\":{\"@type\":\"ImageObject\",\"url\":\"\"},\"articleSection\":\"Noticias Nacionales\",\"author\":[],\"creator\":[],\"publisher\":{\"@type\":\"Organization\",\"name\":\"Noticias\",\"logo\":\"\"},\"keywords\":[],\"dateCreated\":\"2024-09-23T18:03:59Z\",\"datePublished\":\"2024-09-23T18:03:59Z\",\"dateModified\":\"2024-09-23T18:03:59Z\"}<\/script>","tracker_url":"https:\/\/cdn.parsely.com\/keys\/noticiasya.com\/p.js"},"jetpack_featured_media_url":"","jetpack-related-posts":[{"id":1452398,"url":"https:\/\/noticiasya.com\/midland-odessa\/2024\/09\/03\/lopez-obrador-orden-reforma-judicial-invasion-poder-legislativo-orix\/","url_meta":{"origin":1452957,"position":0},"title":"L\u00f3pez Obrador dice que la orden que suspende la reforma judicial es una invasi\u00f3n al Poder Legislativo","author":"","date":"septiembre 3, 2024","format":false,"excerpt":"(CNN Espa\u00f1ol)\u00a0 \u2013\u2013 El presidente de M\u00e9xico, Andr\u00e9s Manuel L\u00f3pez Obrador, calific\u00f3 este lunes de \u201cinvasi\u00f3n franca y arbitraria a la facultad del Poder Legislativo\u201d la decisi\u00f3n de una jueza federal de M\u00e9xico, que suspendi\u00f3 provisionalmente la discusi\u00f3n de la reforma al Poder Judicial que impulsa el mandatario.El fallo de\u2026","rel":"","context":"In &quot;Noticias Nacionales&quot;","block_context":{"text":"Noticias Nacionales","link":"https:\/\/noticiasya.com\/midland-odessa\/categoria\/noticias-nacionales"},"img":{"alt_text":"","src":"","width":0,"height":0},"classes":[]},{"id":1444981,"url":"https:\/\/noticiasya.com\/midland-odessa\/2024\/02\/06\/lopez-obrador-presenta-proyecto-de-reforma-a-la-constitucion-de-mexico\/","url_meta":{"origin":1452957,"position":1},"title":"L\u00f3pez Obrador presenta proyecto de reforma a la Constituci\u00f3n de M\u00e9xico","author":"","date":"febrero 6, 2024","format":false,"excerpt":"(CNN Espa\u00f1ol) -- El presidente de M\u00e9xico, Andr\u00e9s Manuel L\u00f3pez Obrador, present\u00f3 este lunes un proyecto de ley para reformar la Constituci\u00f3n del pa\u00eds con el objetivo, seg\u00fan dijo, de \u201cmodificar el contenido de art\u00edculos impopulares\u201d de la actual Carta Magna. Entre las propuestas destaca la eliminaci\u00f3n de organismos de\u2026","rel":"","context":"In &quot;Noticias Nacionales&quot;","block_context":{"text":"Noticias Nacionales","link":"https:\/\/noticiasya.com\/midland-odessa\/categoria\/noticias-nacionales"},"img":{"alt_text":"","src":"","width":0,"height":0},"classes":[]},{"id":1455207,"url":"https:\/\/noticiasya.com\/midland-odessa\/2024\/10\/17\/aznar-critica-reforma-judicial-mexico-carta-disculpas-rey-espana-orix\/","url_meta":{"origin":1452957,"position":2},"title":"Aznar critica la reforma judicial en M\u00e9xico y reacciona sobre la carta de disculpas solicitada al rey de Espa\u00f1a","author":"","date":"octubre 17, 2024","format":false,"excerpt":"(CNN Espa\u00f1ol) --\u00a0Jos\u00e9 Mar\u00eda Aznar, expresidente del Gobierno espa\u00f1ol (1996-2004), dijo en una entrevista con CNN que la reforma judicial en M\u00e9xico mina el Estado de Derecho. \u201cJueces propuestos por el Gobierno, aprobados por un congreso que controla el Gobierno y votados por un censo a favor del Gobierno. Eso\u2026\u2026","rel":"","context":"In &quot;Noticias Nacionales&quot;","block_context":{"text":"Noticias Nacionales","link":"https:\/\/noticiasya.com\/midland-odessa\/categoria\/noticias-nacionales"},"img":{"alt_text":"","src":"","width":0,"height":0},"classes":[]},{"id":1444987,"url":"https:\/\/noticiasya.com\/midland-odessa\/2024\/02\/06\/lopez-obrador-presenta-proyecto-de-reforma-a-la-constitucion-de-mexico-2\/","url_meta":{"origin":1452957,"position":3},"title":"L\u00f3pez Obrador presenta proyecto de reforma a la Constituci\u00f3n de M\u00e9xico","author":"","date":"febrero 6, 2024","format":false,"excerpt":"(CNN Espa\u00f1ol) -- El presidente de M\u00e9xico, Andr\u00e9s Manuel L\u00f3pez Obrador, present\u00f3 este lunes un proyecto de ley para reformar la Constituci\u00f3n del pa\u00eds con el objetivo, seg\u00fan dijo, de \u201cmodificar el contenido de art\u00edculos impopulares\u201d de la actual Carta Magna. Entre las propuestas destaca la eliminaci\u00f3n de organismos de\u2026","rel":"","context":"In &quot;Noticias Nacionales&quot;","block_context":{"text":"Noticias Nacionales","link":"https:\/\/noticiasya.com\/midland-odessa\/categoria\/noticias-nacionales"},"img":{"alt_text":"","src":"","width":0,"height":0},"classes":[]},{"id":1444989,"url":"https:\/\/noticiasya.com\/midland-odessa\/2024\/02\/06\/lopez-obrador-presenta-proyecto-de-reforma-a-la-constitucion-de-mexico-3\/","url_meta":{"origin":1452957,"position":4},"title":"L\u00f3pez Obrador presenta proyecto de reforma a la Constituci\u00f3n de M\u00e9xico","author":"","date":"febrero 6, 2024","format":false,"excerpt":"(CNN Espa\u00f1ol) -- El presidente de M\u00e9xico, Andr\u00e9s Manuel L\u00f3pez Obrador, present\u00f3 este lunes un proyecto de ley para reformar la Constituci\u00f3n del pa\u00eds con el objetivo, seg\u00fan dijo, de \u201cmodificar el contenido de art\u00edculos impopulares\u201d de la actual Carta Magna. Entre las propuestas destaca la eliminaci\u00f3n de organismos de\u2026","rel":"","context":"In &quot;Noticias Nacionales&quot;","block_context":{"text":"Noticias Nacionales","link":"https:\/\/noticiasya.com\/midland-odessa\/categoria\/noticias-nacionales"},"img":{"alt_text":"","src":"","width":0,"height":0},"classes":[]},{"id":1450454,"url":"https:\/\/noticiasya.com\/midland-odessa\/2024\/06\/17\/encuesta-oficialismo-morena-reforma-judicial-mexico-orix\/","url_meta":{"origin":1452957,"position":5},"title":"Encuesta del oficialismo arroja que la mayor\u00eda de mexicanos aprobar\u00eda una reforma al Poder Judicial","author":"","date":"junio 17, 2024","format":false,"excerpt":"(CNN Espa\u00f1ol) -- La virtual presidenta electa de M\u00e9xico, Claudia Sheinbaum, present\u00f3 este lunes los resultados de la encuesta aplicada el fin de semana por el partido oficialista Morena para conocer la opini\u00f3n ciudadana sobre la reforma al Poder Judicial impulsada por el Gobierno del presidente Andr\u00e9s Manuel L\u00f3pez Obrador,\u2026","rel":"","context":"In &quot;Noticias Nacionales&quot;","block_context":{"text":"Noticias Nacionales","link":"https:\/\/noticiasya.com\/midland-odessa\/categoria\/noticias-nacionales"},"img":{"alt_text":"","src":"","width":0,"height":0},"classes":[]}],"jetpack_sharing_enabled":true,"_links":{"self":[{"href":"https:\/\/noticiasya.com\/midland-odessa\/wp-json\/wp\/v2\/posts\/1452957","targetHints":{"allow":["GET"]}}],"collection":[{"href":"https:\/\/noticiasya.com\/midland-odessa\/wp-json\/wp\/v2\/posts"}],"about":[{"href":"https:\/\/noticiasya.com\/midland-odessa\/wp-json\/wp\/v2\/types\/post"}],"replies":[{"embeddable":true,"href":"https:\/\/noticiasya.com\/midland-odessa\/wp-json\/wp\/v2\/comments?post=1452957"}],"version-history":[{"count":0,"href":"https:\/\/noticiasya.com\/midland-odessa\/wp-json\/wp\/v2\/posts\/1452957\/revisions"}],"wp:attachment":[{"href":"https:\/\/noticiasya.com\/midland-odessa\/wp-json\/wp\/v2\/media?parent=1452957"}],"wp:term":[{"taxonomy":"category","embeddable":true,"href":"https:\/\/noticiasya.com\/midland-odessa\/wp-json\/wp\/v2\/categories?post=1452957"},{"taxonomy":"post_tag","embeddable":true,"href":"https:\/\/noticiasya.com\/midland-odessa\/wp-json\/wp\/v2\/tags?post=1452957"}],"curies":[{"name":"wp","href":"https:\/\/api.w.org\/{rel}","templated":true}]}}