{"id":1452965,"date":"2024-09-23T15:03:38","date_gmt":"2024-09-23T22:03:38","guid":{"rendered":"https:\/\/noticiasya.com\/2024\/09\/23\/trayectoria-huracan-john-donde-esta-se-dirige-orix\/"},"modified":"2024-09-23T15:03:38","modified_gmt":"2024-09-23T22:03:38","slug":"trayectoria-huracan-john-donde-esta-se-dirige-orix","status":"publish","type":"post","link":"https:\/\/noticiasya.com\/midland-odessa\/2024\/09\/23\/trayectoria-huracan-john-donde-esta-se-dirige-orix\/","title":{"rendered":"Trayectoria del hurac\u00e1n John: d\u00f3nde est\u00e1 y hacia d\u00f3nde se dirige"},"content":{"rendered":"<p>(CNN Espa\u00f1ol) &#8212; John se fortaleci\u00f3 la tarde de este lunes a hurac\u00e1n categor\u00eda 2 tras formarse la noche del domingo hora del centro de M\u00e9xico (madrugada del lunes en Miami) frente a las costas de Oaxaca, seg\u00fan el Servicio Meteorol\u00f3gico Nacional (SMN) de M\u00e9xico y el Centro Nacional de Huracanes (NHC, por sus siglas en ingl\u00e9s) de Estados Unidos.<\/p>\n<p>Ahora puedes seguirnos en\u00a0WhatsApp Channel<\/p>\n<p>\u00bfQu\u00e9 significan las alerta verde, amarilla, naranja y roja para huracanes en M\u00e9xico?<\/p>\n<p>De acuerdo con la actualizaci\u00f3n de las 3:15 p.m. hora local del SMN (5:00 p.m. hora de Miami), de mantener la trayectoria actual, el centro del hurac\u00e1n John podr\u00eda tocar tierra entre las costas de Guerrero y Oaxaca entre la noche de este lunes y el martes.<\/p>\n<p>Seg\u00fan el pron\u00f3stico m\u00e1s reciente del NHC, John contin\u00faa fortaleci\u00e9ndose r\u00e1pidamente y pronostica que podr\u00eda convertirse en &#171;un hurac\u00e1n mayor&#187;.<\/p>\n<p>John pas\u00f3 de ser una tormenta tropical m\u00ednima con vientos de 64 km\/h a un hurac\u00e1n de categor\u00eda 1 de 140 km\/h en s\u00f3lo 12 horas. Esto supera con creces la definici\u00f3n de intensificaci\u00f3n r\u00e1pida (aumento de 56 km\/h en 24 horas).<\/p>\n<p>John se convirti\u00f3 en la d\u00e9cima tormenta con nombre de la temporada de ciclones tropicales 2024 en el Pac\u00edfico. De estos ciclones, dos se han convertido en huracanes (Carlotta y Gilma), se\u00f1ala el SMN.<\/p>\n<p>El hurac\u00e1n se desplaza actualmente a una velocidad de 9 km\/h en direcci\u00f3n hacia el norte, dice el SMN.<\/p>\n<p>\u00bfD\u00f3nde est\u00e1 actualmente y hacia d\u00f3nde se dirige la tormenta tropical John?<\/p>\n<p>A las 3:15 p.m. de este lunes, indica el SMN, John se encontraba a 90 km al sur de Punta Maldonado, Guerrero, y a 155 km al oeste-suroeste de Puerto Escondido, Oaxaca.<\/p>\n<p>Se espera que siga con su camino hacia el norte-noreste antes de tocar tierra en Oaxaca.<\/p>\n<p>El pron\u00f3stico del SMN destaca que John tocar\u00eda tierra como un hurac\u00e1n categor\u00eda 2 entre Santiago Pinotepa Nacional, Oaxaca, y Copala, Guerrero, entre las 9:00 p.m. del lunes 23 de septiembre y las 1:00 a.m. del martes 24.<\/p>\n<p>Trayectoria del hurac\u00e1n John prevista por el SMN de M\u00e9xico. (Cr\u00e9dito: SMN)<\/p>\n<p>\u00bfQu\u00e9 efectos se esperan en M\u00e9xico?<\/p>\n<p>Hasta las 3:15 p.m. de este lunes, el hurac\u00e1n John tiene vientos sostenidos de 155 km\/h y rachas de 195 km\/h.<\/p>\n<p>Se espera que John produzca los siguientes efectos:<\/p>\n<p>Lluvias<\/p>\n<p>Lluvias puntuales extraordinarias (superiores a 250 mm) en Oaxaca y Guerrero<br \/>\nLluvias puntuales torrenciales (150 a 250 mm) en Chiapas.<br \/>\nLluvias puntuales intensas (75 a 150 mm) en zonas de Veracruz y Puebla<br \/>\nLluvias puntuales muy fuertes (50 a 75 mm) en Tabasco, Michoac\u00e1n y Morelos.<br \/>\nY lluvias puntuales fuertes (25 a 50 mm) en zonas del Estado de M\u00e9xico.<\/p>\n<p>Otros<\/p>\n<p>Se prev\u00e9n vientos con rachas de 100 a 120 km\/h y oleaje de 3 a 5 metros de altura en costas de Oaxaca.<br \/>\nTambi\u00e9n se pronostican rachas de viento de 40 a 60 km\/h con oleaje de 1 a 3 metros de altura en costas de Guerrero y Chiapas.<br \/>\nEn estos casos, hay probabilidad de formaci\u00f3n de trombas marinas.<\/p>\n<p>Alertas y advertencias vigentes<\/p>\n<p>Seg\u00fan el aviso p\u00fablico m\u00e1s reciente del NHC, estas son las alertas y advertencias vigentes por la tormenta tropical John:<\/p>\n<p>Advertencia de hurac\u00e1n desde Punta Maldonado, Guerrero, hasta Bah\u00edas de Huatulco, Oaxaca.<br \/>\nAdvertencia de tormenta tropical desde el este de Bahias de Huatulco hasta Salina Cruz, Oaxaca y, desde el oeste de Punta Maldonado a Acapulco, Guerrero.<\/p>\n<p>&#171;Una advertencia de hurac\u00e1n significa que se esperan condiciones de hurac\u00e1n en alg\u00fan lugar dentro del \u00e1rea de advertencia, en este caso dentro de las pr\u00f3ximas 24 a 36 horas. Preparativos para proteger la vida y la propiedad deben llevarse a cabo r\u00e1pidamente&#187;, se\u00f1ala el NHC.<\/p>\n<p>&#171;Una advertencia de tormenta tropical significa que se esperan condiciones de tormenta tropical en alg\u00fan lugar dentro del \u00e1rea de advertencia en las pr\u00f3ximas 36 horas&#187;, agrega.<\/p>\n<p>&#8211;Con informaci\u00f3n de Gene Norman y Taylor Ward, de CNN.<\/p>\n<p>The-CNN-Wire<br \/>&trade; &amp; &copy; 2024 Cable News Network, Inc., a Warner Bros. Discovery Company. All rights reserved.<\/p>\n","protected":false},"excerpt":{"rendered":"<p>(CNN Espa\u00f1ol) &#8212; John se fortaleci\u00f3 la tarde de este lunes a hurac\u00e1n categor\u00eda 2 tras formarse la noche del domingo hora del centro de M\u00e9xico (madrugada del lunes en Miami) frente a las costas de Oaxaca, seg\u00fan el Servicio Meteorol\u00f3gico Nacional (SMN) de M\u00e9xico y el Centro Nacional de Huracanes (NHC, por sus siglas [&hellip;]<\/p>\n","protected":false},"author":0,"featured_media":0,"comment_status":"open","ping_status":"open","sticky":false,"template":"","format":"standard","meta":{"_jetpack_memberships_contains_paid_content":false,"footnotes":""},"categories":[10],"tags":[],"class_list":["post-1452965","post","type-post","status-publish","format-standard","hentry","category-noticias-nacionales","market-global"],"yoast_head":"<!-- This site is optimized with the Yoast SEO plugin v24.4 - https:\/\/yoast.com\/wordpress\/plugins\/seo\/ -->\n<title>Trayectoria del hurac\u00e1n John: d\u00f3nde est\u00e1 y hacia d\u00f3nde se dirige - Noticias<\/title>\n<meta name=\"robots\" content=\"index, follow, max-snippet:-1, max-image-preview:large, max-video-preview:-1\" \/>\n<link rel=\"canonical\" href=\"https:\/\/noticiasya.com\/2024\/09\/23\/trayectoria-huracan-john-donde-esta-se-dirige-orix\/\" \/>\n<meta property=\"og:locale\" content=\"es_ES\" \/>\n<meta property=\"og:type\" content=\"article\" \/>\n<meta property=\"og:title\" content=\"Trayectoria del hurac\u00e1n John: d\u00f3nde est\u00e1 y hacia d\u00f3nde se dirige - Noticias\" \/>\n<meta property=\"og:description\" content=\"(CNN Espa\u00f1ol) &#8212; John se fortaleci\u00f3 la tarde de este lunes a hurac\u00e1n categor\u00eda 2 tras formarse la noche del domingo hora del centro de M\u00e9xico (madrugada del lunes en Miami) frente a las costas de Oaxaca, seg\u00fan el Servicio Meteorol\u00f3gico Nacional (SMN) de M\u00e9xico y el Centro Nacional de Huracanes (NHC, por sus siglas [&hellip;]\" \/>\n<meta property=\"og:url\" content=\"https:\/\/noticiasya.com\/2024\/09\/23\/trayectoria-huracan-john-donde-esta-se-dirige-orix\/\" \/>\n<meta property=\"og:site_name\" content=\"Noticias\" \/>\n<meta property=\"article:published_time\" content=\"2024-09-23T22:03:38+00:00\" \/>\n<meta name=\"twitter:card\" content=\"summary_large_image\" \/>\n<meta name=\"twitter:label1\" content=\"Est. reading time\" \/>\n\t<meta name=\"twitter:data1\" content=\"3 minutos\" \/>\n<script type=\"application\/ld+json\" class=\"yoast-schema-graph\">{\"@context\":\"https:\/\/schema.org\",\"@graph\":[{\"@type\":\"Article\",\"@id\":\"https:\/\/noticiasya.com\/2024\/09\/23\/trayectoria-huracan-john-donde-esta-se-dirige-orix\/#article\",\"isPartOf\":{\"@id\":\"https:\/\/noticiasya.com\/2024\/09\/23\/trayectoria-huracan-john-donde-esta-se-dirige-orix\/\"},\"author\":{\"name\":\"\",\"@id\":\"\"},\"headline\":\"Trayectoria del hurac\u00e1n John: d\u00f3nde est\u00e1 y hacia d\u00f3nde se dirige\",\"datePublished\":\"2024-09-23T22:03:38+00:00\",\"mainEntityOfPage\":{\"@id\":\"https:\/\/noticiasya.com\/2024\/09\/23\/trayectoria-huracan-john-donde-esta-se-dirige-orix\/\"},\"wordCount\":715,\"commentCount\":0,\"publisher\":{\"@id\":\"https:\/\/noticiasya.com\/#organization\"},\"articleSection\":[\"Noticias Nacionales\"],\"inLanguage\":\"es\",\"potentialAction\":[{\"@type\":\"CommentAction\",\"name\":\"Comment\",\"target\":[\"https:\/\/noticiasya.com\/2024\/09\/23\/trayectoria-huracan-john-donde-esta-se-dirige-orix\/#respond\"]}]},{\"@type\":\"WebPage\",\"@id\":\"https:\/\/noticiasya.com\/2024\/09\/23\/trayectoria-huracan-john-donde-esta-se-dirige-orix\/\",\"url\":\"https:\/\/noticiasya.com\/2024\/09\/23\/trayectoria-huracan-john-donde-esta-se-dirige-orix\/\",\"name\":\"Trayectoria del hurac\u00e1n John: d\u00f3nde est\u00e1 y hacia d\u00f3nde se dirige - Noticias\",\"isPartOf\":{\"@id\":\"https:\/\/noticiasya.com\/#website\"},\"datePublished\":\"2024-09-23T22:03:38+00:00\",\"breadcrumb\":{\"@id\":\"https:\/\/noticiasya.com\/2024\/09\/23\/trayectoria-huracan-john-donde-esta-se-dirige-orix\/#breadcrumb\"},\"inLanguage\":\"es\",\"potentialAction\":[{\"@type\":\"ReadAction\",\"target\":[\"https:\/\/noticiasya.com\/2024\/09\/23\/trayectoria-huracan-john-donde-esta-se-dirige-orix\/\"]}]},{\"@type\":\"BreadcrumbList\",\"@id\":\"https:\/\/noticiasya.com\/2024\/09\/23\/trayectoria-huracan-john-donde-esta-se-dirige-orix\/#breadcrumb\",\"itemListElement\":[{\"@type\":\"ListItem\",\"position\":1,\"name\":\"Home\",\"item\":\"https:\/\/noticiasya.com\/\"},{\"@type\":\"ListItem\",\"position\":2,\"name\":\"Trayectoria del hurac\u00e1n John: d\u00f3nde est\u00e1 y hacia d\u00f3nde se dirige\"}]},{\"@type\":\"WebSite\",\"@id\":\"https:\/\/noticiasya.com\/#website\",\"url\":\"https:\/\/noticiasya.com\/\",\"name\":\"Noticias\",\"description\":\"Lo que importa\",\"publisher\":{\"@id\":\"https:\/\/noticiasya.com\/#organization\"},\"potentialAction\":[{\"@type\":\"SearchAction\",\"target\":{\"@type\":\"EntryPoint\",\"urlTemplate\":\"https:\/\/noticiasya.com\/?s={search_term_string}\"},\"query-input\":{\"@type\":\"PropertyValueSpecification\",\"valueRequired\":true,\"valueName\":\"search_term_string\"}}],\"inLanguage\":\"es\"},{\"@type\":\"Organization\",\"@id\":\"https:\/\/noticiasya.com\/#organization\",\"name\":\"Noticias\",\"url\":\"https:\/\/noticiasya.com\/\",\"logo\":{\"@type\":\"ImageObject\",\"inLanguage\":\"es\",\"@id\":\"https:\/\/noticiasya.com\/#\/schema\/logo\/image\/\",\"url\":\"https:\/\/noticiasya.com\/wp-content\/uploads\/sites\/22\/2023\/12\/logo-nacional.png\",\"contentUrl\":\"https:\/\/noticiasya.com\/wp-content\/uploads\/sites\/22\/2023\/12\/logo-nacional.png\",\"width\":1801,\"height\":691,\"caption\":\"Noticias\"},\"image\":{\"@id\":\"https:\/\/noticiasya.com\/#\/schema\/logo\/image\/\"}}]}<\/script>\n<!-- \/ Yoast SEO plugin. -->","yoast_head_json":{"title":"Trayectoria del hurac\u00e1n John: d\u00f3nde est\u00e1 y hacia d\u00f3nde se dirige - Noticias","robots":{"index":"index","follow":"follow","max-snippet":"max-snippet:-1","max-image-preview":"max-image-preview:large","max-video-preview":"max-video-preview:-1"},"canonical":"https:\/\/noticiasya.com\/2024\/09\/23\/trayectoria-huracan-john-donde-esta-se-dirige-orix\/","og_locale":"es_ES","og_type":"article","og_title":"Trayectoria del hurac\u00e1n John: d\u00f3nde est\u00e1 y hacia d\u00f3nde se dirige - Noticias","og_description":"(CNN Espa\u00f1ol) &#8212; John se fortaleci\u00f3 la tarde de este lunes a hurac\u00e1n categor\u00eda 2 tras formarse la noche del domingo hora del centro de M\u00e9xico (madrugada del lunes en Miami) frente a las costas de Oaxaca, seg\u00fan el Servicio Meteorol\u00f3gico Nacional (SMN) de M\u00e9xico y el Centro Nacional de Huracanes (NHC, por sus siglas [&hellip;]","og_url":"https:\/\/noticiasya.com\/2024\/09\/23\/trayectoria-huracan-john-donde-esta-se-dirige-orix\/","og_site_name":"Noticias","article_published_time":"2024-09-23T22:03:38+00:00","twitter_card":"summary_large_image","twitter_misc":{"Est. reading time":"3 minutos"},"schema":{"@context":"https:\/\/schema.org","@graph":[{"@type":"Article","@id":"https:\/\/noticiasya.com\/2024\/09\/23\/trayectoria-huracan-john-donde-esta-se-dirige-orix\/#article","isPartOf":{"@id":"https:\/\/noticiasya.com\/2024\/09\/23\/trayectoria-huracan-john-donde-esta-se-dirige-orix\/"},"author":{"name":"","@id":""},"headline":"Trayectoria del hurac\u00e1n John: d\u00f3nde est\u00e1 y hacia d\u00f3nde se dirige","datePublished":"2024-09-23T22:03:38+00:00","mainEntityOfPage":{"@id":"https:\/\/noticiasya.com\/2024\/09\/23\/trayectoria-huracan-john-donde-esta-se-dirige-orix\/"},"wordCount":715,"commentCount":0,"publisher":{"@id":"https:\/\/noticiasya.com\/#organization"},"articleSection":["Noticias Nacionales"],"inLanguage":"es","potentialAction":[{"@type":"CommentAction","name":"Comment","target":["https:\/\/noticiasya.com\/2024\/09\/23\/trayectoria-huracan-john-donde-esta-se-dirige-orix\/#respond"]}]},{"@type":"WebPage","@id":"https:\/\/noticiasya.com\/2024\/09\/23\/trayectoria-huracan-john-donde-esta-se-dirige-orix\/","url":"https:\/\/noticiasya.com\/2024\/09\/23\/trayectoria-huracan-john-donde-esta-se-dirige-orix\/","name":"Trayectoria del hurac\u00e1n John: d\u00f3nde est\u00e1 y hacia d\u00f3nde se dirige - Noticias","isPartOf":{"@id":"https:\/\/noticiasya.com\/#website"},"datePublished":"2024-09-23T22:03:38+00:00","breadcrumb":{"@id":"https:\/\/noticiasya.com\/2024\/09\/23\/trayectoria-huracan-john-donde-esta-se-dirige-orix\/#breadcrumb"},"inLanguage":"es","potentialAction":[{"@type":"ReadAction","target":["https:\/\/noticiasya.com\/2024\/09\/23\/trayectoria-huracan-john-donde-esta-se-dirige-orix\/"]}]},{"@type":"BreadcrumbList","@id":"https:\/\/noticiasya.com\/2024\/09\/23\/trayectoria-huracan-john-donde-esta-se-dirige-orix\/#breadcrumb","itemListElement":[{"@type":"ListItem","position":1,"name":"Home","item":"https:\/\/noticiasya.com\/"},{"@type":"ListItem","position":2,"name":"Trayectoria del hurac\u00e1n John: d\u00f3nde est\u00e1 y hacia d\u00f3nde se dirige"}]},{"@type":"WebSite","@id":"https:\/\/noticiasya.com\/#website","url":"https:\/\/noticiasya.com\/","name":"Noticias","description":"Lo que importa","publisher":{"@id":"https:\/\/noticiasya.com\/#organization"},"potentialAction":[{"@type":"SearchAction","target":{"@type":"EntryPoint","urlTemplate":"https:\/\/noticiasya.com\/?s={search_term_string}"},"query-input":{"@type":"PropertyValueSpecification","valueRequired":true,"valueName":"search_term_string"}}],"inLanguage":"es"},{"@type":"Organization","@id":"https:\/\/noticiasya.com\/#organization","name":"Noticias","url":"https:\/\/noticiasya.com\/","logo":{"@type":"ImageObject","inLanguage":"es","@id":"https:\/\/noticiasya.com\/#\/schema\/logo\/image\/","url":"https:\/\/noticiasya.com\/wp-content\/uploads\/sites\/22\/2023\/12\/logo-nacional.png","contentUrl":"https:\/\/noticiasya.com\/wp-content\/uploads\/sites\/22\/2023\/12\/logo-nacional.png","width":1801,"height":691,"caption":"Noticias"},"image":{"@id":"https:\/\/noticiasya.com\/#\/schema\/logo\/image\/"}}]}},"parsely":{"version":"1.1.0","canonical_url":"https:\/\/noticiasya.com\/midland-odessa\/2024\/09\/23\/trayectoria-huracan-john-donde-esta-se-dirige-orix\/","smart_links":{"inbound":0,"outbound":0},"traffic_boost_suggestions_count":0,"meta":{"@context":"https:\/\/schema.org","@type":"NewsArticle","headline":"Trayectoria del hurac\u00e1n John: d\u00f3nde est\u00e1 y hacia d\u00f3nde se dirige","url":"http:\/\/noticiasya.com\/midland-odessa\/2024\/09\/23\/trayectoria-huracan-john-donde-esta-se-dirige-orix\/","mainEntityOfPage":{"@type":"WebPage","@id":"http:\/\/noticiasya.com\/midland-odessa\/2024\/09\/23\/trayectoria-huracan-john-donde-esta-se-dirige-orix\/"},"thumbnailUrl":"","image":{"@type":"ImageObject","url":""},"articleSection":"Noticias Nacionales","author":[],"creator":[],"publisher":{"@type":"Organization","name":"Noticias","logo":""},"keywords":[],"dateCreated":"2024-09-23T22:03:38Z","datePublished":"2024-09-23T22:03:38Z","dateModified":"2024-09-23T22:03:38Z"},"rendered":"<script type=\"application\/ld+json\" class=\"wp-parsely-metadata\">{\"@context\":\"https:\\\/\\\/schema.org\",\"@type\":\"NewsArticle\",\"headline\":\"Trayectoria del hurac\\u00e1n John: d\\u00f3nde est\\u00e1 y hacia d\\u00f3nde se dirige\",\"url\":\"http:\\\/\\\/noticiasya.com\\\/midland-odessa\\\/2024\\\/09\\\/23\\\/trayectoria-huracan-john-donde-esta-se-dirige-orix\\\/\",\"mainEntityOfPage\":{\"@type\":\"WebPage\",\"@id\":\"http:\\\/\\\/noticiasya.com\\\/midland-odessa\\\/2024\\\/09\\\/23\\\/trayectoria-huracan-john-donde-esta-se-dirige-orix\\\/\"},\"thumbnailUrl\":\"\",\"image\":{\"@type\":\"ImageObject\",\"url\":\"\"},\"articleSection\":\"Noticias Nacionales\",\"author\":[],\"creator\":[],\"publisher\":{\"@type\":\"Organization\",\"name\":\"Noticias\",\"logo\":\"\"},\"keywords\":[],\"dateCreated\":\"2024-09-23T22:03:38Z\",\"datePublished\":\"2024-09-23T22:03:38Z\",\"dateModified\":\"2024-09-23T22:03:38Z\"}<\/script>","tracker_url":"https:\/\/cdn.parsely.com\/keys\/noticiasya.com\/p.js"},"jetpack_featured_media_url":"","jetpack-related-posts":[{"id":1452954,"url":"https:\/\/noticiasya.com\/midland-odessa\/2024\/09\/23\/trayectoria-tormenta-tropical-john-donde-esta-se-dirige-orix\/","url_meta":{"origin":1452965,"position":0},"title":"Trayectoria de la tormenta tropical John: d\u00f3nde est\u00e1 y hacia d\u00f3nde se dirige","author":"","date":"septiembre 23, 2024","format":false,"excerpt":"(CNN Espa\u00f1ol) -- La tormenta tropical John se form\u00f3 en los \u00faltimos minutos del domingo hora del centro de M\u00e9xico (madrugada del lunes en Miami) frente a las costas de Oaxaca, seg\u00fan el Servicio Meteorol\u00f3gico Nacional (SMN) de M\u00e9xico y el Centro Nacional de Huracanes (NHC, por sus siglas en\u2026","rel":"","context":"In &quot;Noticias Nacionales&quot;","block_context":{"text":"Noticias Nacionales","link":"https:\/\/noticiasya.com\/midland-odessa\/categoria\/noticias-nacionales"},"img":{"alt_text":"","src":"","width":0,"height":0},"classes":[]},{"id":1452970,"url":"https:\/\/noticiasya.com\/midland-odessa\/2024\/09\/23\/cuando-tocaria-tierra-huracan-john-mexico-estados-amenaza-orix\/","url_meta":{"origin":1452965,"position":1},"title":"\u00bfCu\u00e1ndo tocar\u00eda tierra el hurac\u00e1n John en M\u00e9xico y qu\u00e9 estados amenaza?","author":"","date":"septiembre 23, 2024","format":false,"excerpt":"(CNN Espa\u00f1ol) -- John se intensifica r\u00e1pidamente en su camino hacia las costas de Oaxaca y Guerrero, M\u00e9xico, y podr\u00eda convertirse en un hurac\u00e1n mayor, seg\u00fan los pron\u00f3sticos del Servicio Meteorol\u00f3gico Nacional (SMN) de M\u00e9xico y el Centro Nacional de Huracanes (NHC, por sus siglas en ingl\u00e9s) de Estados Unidos.John,\u2026","rel":"","context":"In &quot;Noticias Nacionales&quot;","block_context":{"text":"Noticias Nacionales","link":"https:\/\/noticiasya.com\/midland-odessa\/categoria\/noticias-nacionales"},"img":{"alt_text":"","src":"","width":0,"height":0},"classes":[]},{"id":1453288,"url":"https:\/\/noticiasya.com\/midland-odessa\/2024\/10\/02\/trayectoria-tormenta-tropical-kristy-donde-esta-donde-se-dirige-orix\/","url_meta":{"origin":1452965,"position":2},"title":"Trayectoria de la depresi\u00f3n tropical Once-E, que podr\u00eda convertirse en la tormenta Kristy","author":"","date":"octubre 2, 2024","format":false,"excerpt":"(CNN Espa\u00f1ol) -- La depresi\u00f3n tropical Once-E que se desplaza frente a las costas de Oaxaca, M\u00e9xico, cobrar\u00e1 fuerza en las pr\u00f3ximas horas y se prev\u00e9 que se convierta en la tormenta tropical Kristy entre la noche del mi\u00e9rcoles 2 y jueves 3 de octubre, seg\u00fan el Sistema Meteorol\u00f3gico Nacional\u2026","rel":"","context":"In &quot;Noticias Nacionales&quot;","block_context":{"text":"Noticias Nacionales","link":"https:\/\/noticiasya.com\/midland-odessa\/categoria\/noticias-nacionales"},"img":{"alt_text":"","src":"","width":0,"height":0},"classes":[]},{"id":1463705,"url":"https:\/\/noticiasya.com\/midland-odessa\/2025\/06\/18\/trayectoria-huracan-erick-donde-esta-orix\/","url_meta":{"origin":1452965,"position":3},"title":"Trayectoria del hurac\u00e1n Erick: d\u00f3nde est\u00e1 y hacia d\u00f3nde se dirige","author":"","date":"junio 18, 2025","format":false,"excerpt":"Erick contin\u00faa fortaleci\u00e9ndose en su paso por el Pac\u00edfico y es ahora en un hurac\u00e1n categor\u00eda 2, inform\u00f3 este mi\u00e9rcoles por la tarde el Centro Nacional de Huracanes de EE.UU. (NHC, por sus siglas en ingl\u00e9s).Este mi\u00e9rcoles por la tarde, seg\u00fan el NHC, Erick se encontraba a 155 km de\u2026","rel":"","context":"In &quot;Noticias Nacionales&quot;","block_context":{"text":"Noticias Nacionales","link":"https:\/\/noticiasya.com\/midland-odessa\/categoria\/noticias-nacionales"},"img":{"alt_text":"","src":"","width":0,"height":0},"classes":[]},{"id":1463621,"url":"https:\/\/noticiasya.com\/midland-odessa\/2025\/06\/17\/tormenta-tropical-erick-trayectoria-donde-esta-dirige-orix\/","url_meta":{"origin":1452965,"position":4},"title":"Trayectoria de la tormenta tropical Erick: d\u00f3nde est\u00e1 y hacia d\u00f3nde se dirige","author":"","date":"junio 17, 2025","format":false,"excerpt":"La tormenta tropical Erick, que se form\u00f3 en la madrugada de este martes frente a las costas del Pac\u00edfico mexicano, es un cicl\u00f3n que podr\u00eda fortalecerse significativamente antes de impactar la costa sur del pa\u00eds, donde hay una alerta de hurac\u00e1n, seg\u00fan el Centro Nacional de Huracanes de EE.UU. (NHC,\u2026","rel":"","context":"In &quot;Noticias Nacionales&quot;","block_context":{"text":"Noticias Nacionales","link":"https:\/\/noticiasya.com\/midland-odessa\/categoria\/noticias-nacionales"},"img":{"alt_text":"","src":"","width":0,"height":0},"classes":[]},{"id":1463660,"url":"https:\/\/noticiasya.com\/midland-odessa\/2025\/06\/17\/cuando-huracan-tormenta-tropical-erick-categoria-orix\/","url_meta":{"origin":1452965,"position":5},"title":"\u00bfCu\u00e1ndo se convertir\u00e1 en hurac\u00e1n la tormenta tropical Erick y qu\u00e9 categor\u00eda alcanzar\u00e1?","author":"","date":"junio 17, 2025","format":false,"excerpt":"La tormenta tropical Erick, que se mueve frente a las costas del Pac\u00edfico mexicano, podr\u00eda fortalecerse hasta convertirse en hurac\u00e1n, seg\u00fan el Centro Nacional de Huracanes de EE.UU. y el Servicio Meteorol\u00f3gico Nacional de M\u00e9xico.Seg\u00fan el pron\u00f3stico del SMN, la tormenta tropical Erick podr\u00eda volverse hurac\u00e1n categor\u00eda 1 el mi\u00e9rcoles\u2026","rel":"","context":"In &quot;Noticias Nacionales&quot;","block_context":{"text":"Noticias Nacionales","link":"https:\/\/noticiasya.com\/midland-odessa\/categoria\/noticias-nacionales"},"img":{"alt_text":"","src":"","width":0,"height":0},"classes":[]}],"jetpack_sharing_enabled":true,"_links":{"self":[{"href":"https:\/\/noticiasya.com\/midland-odessa\/wp-json\/wp\/v2\/posts\/1452965","targetHints":{"allow":["GET"]}}],"collection":[{"href":"https:\/\/noticiasya.com\/midland-odessa\/wp-json\/wp\/v2\/posts"}],"about":[{"href":"https:\/\/noticiasya.com\/midland-odessa\/wp-json\/wp\/v2\/types\/post"}],"replies":[{"embeddable":true,"href":"https:\/\/noticiasya.com\/midland-odessa\/wp-json\/wp\/v2\/comments?post=1452965"}],"version-history":[{"count":0,"href":"https:\/\/noticiasya.com\/midland-odessa\/wp-json\/wp\/v2\/posts\/1452965\/revisions"}],"wp:attachment":[{"href":"https:\/\/noticiasya.com\/midland-odessa\/wp-json\/wp\/v2\/media?parent=1452965"}],"wp:term":[{"taxonomy":"category","embeddable":true,"href":"https:\/\/noticiasya.com\/midland-odessa\/wp-json\/wp\/v2\/categories?post=1452965"},{"taxonomy":"post_tag","embeddable":true,"href":"https:\/\/noticiasya.com\/midland-odessa\/wp-json\/wp\/v2\/tags?post=1452965"}],"curies":[{"name":"wp","href":"https:\/\/api.w.org\/{rel}","templated":true}]}}