{"id":1452967,"date":"2024-09-23T15:03:39","date_gmt":"2024-09-23T22:03:39","guid":{"rendered":"https:\/\/noticiasya.com\/2024\/09\/23\/recorte-tasas-interes-fed-consecuencias-economia-trax\/"},"modified":"2024-09-23T15:03:39","modified_gmt":"2024-09-23T22:03:39","slug":"recorte-tasas-interes-fed-consecuencias-economia-trax","status":"publish","type":"post","link":"https:\/\/noticiasya.com\/midland-odessa\/2024\/09\/23\/recorte-tasas-interes-fed-consecuencias-economia-trax\/","title":{"rendered":"AN\u00c1LISIS | Finalmente hubo un recorte de tasas; esto es lo que la historia dice que ocurrir\u00eda a continuaci\u00f3n"},"content":{"rendered":"<p>(CNN) \u2013\u2013 Finalmente tuvimos un recorte de tasas, y uno grande.<\/p>\n<p>Despu\u00e9s de que se anunciara la medida el mi\u00e9rcoles, el presidente de la Reserva Federal de EE.UU., Jerome Powell, dijo que los funcionarios tomaron esa decisi\u00f3n para mantener la econom\u00eda estadounidense en su &#171;buen estado&#187; actual.<\/p>\n<p>Las tasas hipotecarias caen a su nivel m\u00e1s bajo desde principios de febrero de 2023 tras el recorte de la Fed<\/p>\n<p>\u00bfSer\u00e1 posible? Solo el tiempo lo dir\u00e1, por supuesto, pero la historia reciente no lo hace parecer una apuesta segura.<\/p>\n<p>Este es un vistazo a lo que podr\u00eda suceder con la econom\u00eda en t\u00e9rminos del mercado laboral, la inflaci\u00f3n y la probabilidad de una recesi\u00f3n ahora que la Reserva Federal redujo su alt\u00edsima tasa de inter\u00e9s de referencia.<\/p>\n<p>Historial de recesi\u00f3n: es variable<\/p>\n<p>A menudo la Reserva Federal reduce las tasas de inter\u00e9s porque espera que las condiciones econ\u00f3micas empeoren dr\u00e1sticamente en el futuro cercano y quiere suavizar el golpe, aunque sabe que a veces no puede evitar por completo una recesi\u00f3n.<\/p>\n<p>En ese sentido, no deber\u00eda sorprendernos demasiado que las recesiones frecuentemente comiencen despu\u00e9s de que la Reserva Federal recorta las tasas.<\/p>\n<p>A excepci\u00f3n de los recortes de tasas que ocurrieron durante la pandemia, la Fed ha tenido seis ciclos de recortes desde 1990. A partir del momento en que la Fed comenz\u00f3 a recortar, la econom\u00eda ha ca\u00eddo en recesi\u00f3n 18 meses despu\u00e9s en promedio.<\/p>\n<p>Pero se trata de un rango amplio: por ejemplo, despu\u00e9s de que la Reserva Federal comenz\u00f3 a reducir las tasas en julio de 1995, pasaron 69 meses hasta que se produjo una recesi\u00f3n. Sin embargo, una recesi\u00f3n comenz\u00f3 inmediatamente luego de que la Reserva Federal redujera las tasas en julio de 1990 y solo dos meses despu\u00e9s de que lo hiciera en enero de 2001.<\/p>\n<p>Pero ciertamente no es una se\u00f1al reconfortante que un indicador de recesi\u00f3n est\u00e9 titubeando actualmente.<\/p>\n<p>Tasa de desempleo: generalmente aumenta<\/p>\n<p>En promedio, durante esos seis ciclos, la tasa de desempleo aument\u00f3 1,4 puntos porcentuales al a\u00f1o despu\u00e9s de que la Fed recortara las tasas.<\/p>\n<p>Pero si no hubiera sido por la pandemia que ocurri\u00f3 menos de un a\u00f1o despu\u00e9s de que la Fed recortara las tasas en agosto de 2019, la tasa de desempleo probablemente no habr\u00eda aumentado casi cinco puntos porcentuales en agosto de 2020.<\/p>\n<p>C\u00f3mo sacar provecho del recorte en las tasas de inter\u00e9s de la Fed<\/p>\n<p>Por ejemplo, un a\u00f1o despu\u00e9s de que la Reserva Federal redujera las tasas en julio de 1995, la tasa de desempleo se mantuvo sin cambios en el 5,5%. Y en septiembre de 1999 la tasa de desempleo era, de hecho, m\u00e1s baja que en septiembre de 1998, cuando la Reserva Federal inici\u00f3 un ciclo de recortes.<\/p>\n<p>En los otros cuatro casos, la tasa de desempleo fue al menos un punto porcentual m\u00e1s alta un a\u00f1o despu\u00e9s de que la Fed recortara las tasas.<\/p>\n<p>Inflaci\u00f3n: no hay una tendencia clara<\/p>\n<p>Actualmente, la Reserva Federal juega a ser un gestor de riesgos. Mientras intenta mantener la econom\u00eda en buen estado, una preocupaci\u00f3n creciente es si el recorte de las tasas causar\u00e1 un aumento de la inflaci\u00f3n.<\/p>\n<p>La gobernadora de la Reserva Federal, Michelle Bowman, quien vot\u00f3 a favor de un recorte m\u00e1s peque\u00f1o de un cuarto de punto en lugar del recorte de medio punto por el que votaron otros funcionarios, dijo en un comunicado el viernes que le preocupaba que un recorte mayor pudiera avivar &#171;innecesariamente&#187; la demanda, lo que podr\u00eda generar m\u00e1s inflaci\u00f3n.<\/p>\n<p>El tan esperado recorte de tasas de la Fed choca con la pol\u00edtica presidencial<\/p>\n<p>Las preocupaciones son v\u00e1lidas si nos basamos en los ciclos de recortes anteriores. Por ejemplo, despu\u00e9s del recorte de la Fed en 1996 y 2007, el ritmo anual de inflaci\u00f3n, medido por el \u00edndice de precios al consumidor, aument\u00f3 m\u00e1s de un punto porcentual un a\u00f1o despu\u00e9s. Pero, en algunos casos, la Fed en realidad baja las tasas para permitir que la inflaci\u00f3n se acelere si los precios suben muy lentamente porque los consumidores pueden estar posponiendo las compras.<\/p>\n<p>Sin embargo, en otros casos la inflaci\u00f3n se enfri\u00f3 significativamente. Parte de la raz\u00f3n es que la tasa de desempleo generalmente aument\u00f3 cuando la inflaci\u00f3n se enfri\u00f3. Esto se debe a que cuando los consumidores est\u00e1n desempleados, tienden a recortar el gasto, lo que significa que las empresas no pueden actualizar sus precios.<\/p>\n<p>The-CNN-Wire<br \/>&trade; &amp; &copy; 2024 Cable News Network, Inc., a Warner Bros. Discovery Company. All rights reserved.<\/p>\n","protected":false},"excerpt":{"rendered":"<p>(CNN) \u2013\u2013 Finalmente tuvimos un recorte de tasas, y uno grande. Despu\u00e9s de que se anunciara la medida el mi\u00e9rcoles, el presidente de la Reserva Federal de EE.UU., Jerome Powell, dijo que los funcionarios tomaron esa decisi\u00f3n para mantener la econom\u00eda estadounidense en su &#171;buen estado&#187; actual. Las tasas hipotecarias caen a su nivel m\u00e1s [&hellip;]<\/p>\n","protected":false},"author":0,"featured_media":0,"comment_status":"open","ping_status":"open","sticky":false,"template":"","format":"standard","meta":{"_jetpack_memberships_contains_paid_content":false,"footnotes":""},"categories":[10],"tags":[],"class_list":["post-1452967","post","type-post","status-publish","format-standard","hentry","category-noticias-nacionales","market-global"],"yoast_head":"<!-- This site is optimized with the Yoast SEO plugin v24.4 - https:\/\/yoast.com\/wordpress\/plugins\/seo\/ -->\n<title>AN\u00c1LISIS | Finalmente hubo un recorte de tasas; esto es lo que la historia dice que ocurrir\u00eda a continuaci\u00f3n - Noticias<\/title>\n<meta name=\"robots\" content=\"index, follow, max-snippet:-1, max-image-preview:large, max-video-preview:-1\" \/>\n<link rel=\"canonical\" href=\"https:\/\/noticiasya.com\/2024\/09\/23\/recorte-tasas-interes-fed-consecuencias-economia-trax\/\" \/>\n<meta property=\"og:locale\" content=\"es_ES\" \/>\n<meta property=\"og:type\" content=\"article\" \/>\n<meta property=\"og:title\" content=\"AN\u00c1LISIS | Finalmente hubo un recorte de tasas; esto es lo que la historia dice que ocurrir\u00eda a continuaci\u00f3n - Noticias\" \/>\n<meta property=\"og:description\" content=\"(CNN) \u2013\u2013 Finalmente tuvimos un recorte de tasas, y uno grande. Despu\u00e9s de que se anunciara la medida el mi\u00e9rcoles, el presidente de la Reserva Federal de EE.UU., Jerome Powell, dijo que los funcionarios tomaron esa decisi\u00f3n para mantener la econom\u00eda estadounidense en su &#171;buen estado&#187; actual. Las tasas hipotecarias caen a su nivel m\u00e1s [&hellip;]\" \/>\n<meta property=\"og:url\" content=\"https:\/\/noticiasya.com\/2024\/09\/23\/recorte-tasas-interes-fed-consecuencias-economia-trax\/\" \/>\n<meta property=\"og:site_name\" content=\"Noticias\" \/>\n<meta property=\"article:published_time\" content=\"2024-09-23T22:03:39+00:00\" \/>\n<meta name=\"twitter:card\" content=\"summary_large_image\" \/>\n<meta name=\"twitter:label1\" content=\"Est. reading time\" \/>\n\t<meta name=\"twitter:data1\" content=\"4 minutos\" \/>\n<script type=\"application\/ld+json\" class=\"yoast-schema-graph\">{\"@context\":\"https:\/\/schema.org\",\"@graph\":[{\"@type\":\"Article\",\"@id\":\"https:\/\/noticiasya.com\/2024\/09\/23\/recorte-tasas-interes-fed-consecuencias-economia-trax\/#article\",\"isPartOf\":{\"@id\":\"https:\/\/noticiasya.com\/2024\/09\/23\/recorte-tasas-interes-fed-consecuencias-economia-trax\/\"},\"author\":{\"name\":\"\",\"@id\":\"\"},\"headline\":\"AN\u00c1LISIS | Finalmente hubo un recorte de tasas; esto es lo que la historia dice que ocurrir\u00eda a continuaci\u00f3n\",\"datePublished\":\"2024-09-23T22:03:39+00:00\",\"mainEntityOfPage\":{\"@id\":\"https:\/\/noticiasya.com\/2024\/09\/23\/recorte-tasas-interes-fed-consecuencias-economia-trax\/\"},\"wordCount\":813,\"commentCount\":0,\"publisher\":{\"@id\":\"https:\/\/noticiasya.com\/#organization\"},\"articleSection\":[\"Noticias Nacionales\"],\"inLanguage\":\"es\",\"potentialAction\":[{\"@type\":\"CommentAction\",\"name\":\"Comment\",\"target\":[\"https:\/\/noticiasya.com\/2024\/09\/23\/recorte-tasas-interes-fed-consecuencias-economia-trax\/#respond\"]}]},{\"@type\":\"WebPage\",\"@id\":\"https:\/\/noticiasya.com\/2024\/09\/23\/recorte-tasas-interes-fed-consecuencias-economia-trax\/\",\"url\":\"https:\/\/noticiasya.com\/2024\/09\/23\/recorte-tasas-interes-fed-consecuencias-economia-trax\/\",\"name\":\"AN\u00c1LISIS | Finalmente hubo un recorte de tasas; esto es lo que la historia dice que ocurrir\u00eda a continuaci\u00f3n - Noticias\",\"isPartOf\":{\"@id\":\"https:\/\/noticiasya.com\/#website\"},\"datePublished\":\"2024-09-23T22:03:39+00:00\",\"breadcrumb\":{\"@id\":\"https:\/\/noticiasya.com\/2024\/09\/23\/recorte-tasas-interes-fed-consecuencias-economia-trax\/#breadcrumb\"},\"inLanguage\":\"es\",\"potentialAction\":[{\"@type\":\"ReadAction\",\"target\":[\"https:\/\/noticiasya.com\/2024\/09\/23\/recorte-tasas-interes-fed-consecuencias-economia-trax\/\"]}]},{\"@type\":\"BreadcrumbList\",\"@id\":\"https:\/\/noticiasya.com\/2024\/09\/23\/recorte-tasas-interes-fed-consecuencias-economia-trax\/#breadcrumb\",\"itemListElement\":[{\"@type\":\"ListItem\",\"position\":1,\"name\":\"Home\",\"item\":\"https:\/\/noticiasya.com\/\"},{\"@type\":\"ListItem\",\"position\":2,\"name\":\"AN\u00c1LISIS | Finalmente hubo un recorte de tasas; esto es lo que la historia dice que ocurrir\u00eda a continuaci\u00f3n\"}]},{\"@type\":\"WebSite\",\"@id\":\"https:\/\/noticiasya.com\/#website\",\"url\":\"https:\/\/noticiasya.com\/\",\"name\":\"Noticias\",\"description\":\"Lo que importa\",\"publisher\":{\"@id\":\"https:\/\/noticiasya.com\/#organization\"},\"potentialAction\":[{\"@type\":\"SearchAction\",\"target\":{\"@type\":\"EntryPoint\",\"urlTemplate\":\"https:\/\/noticiasya.com\/?s={search_term_string}\"},\"query-input\":{\"@type\":\"PropertyValueSpecification\",\"valueRequired\":true,\"valueName\":\"search_term_string\"}}],\"inLanguage\":\"es\"},{\"@type\":\"Organization\",\"@id\":\"https:\/\/noticiasya.com\/#organization\",\"name\":\"Noticias\",\"url\":\"https:\/\/noticiasya.com\/\",\"logo\":{\"@type\":\"ImageObject\",\"inLanguage\":\"es\",\"@id\":\"https:\/\/noticiasya.com\/#\/schema\/logo\/image\/\",\"url\":\"https:\/\/noticiasya.com\/wp-content\/uploads\/sites\/22\/2023\/12\/logo-nacional.png\",\"contentUrl\":\"https:\/\/noticiasya.com\/wp-content\/uploads\/sites\/22\/2023\/12\/logo-nacional.png\",\"width\":1801,\"height\":691,\"caption\":\"Noticias\"},\"image\":{\"@id\":\"https:\/\/noticiasya.com\/#\/schema\/logo\/image\/\"}}]}<\/script>\n<!-- \/ Yoast SEO plugin. -->","yoast_head_json":{"title":"AN\u00c1LISIS | Finalmente hubo un recorte de tasas; esto es lo que la historia dice que ocurrir\u00eda a continuaci\u00f3n - Noticias","robots":{"index":"index","follow":"follow","max-snippet":"max-snippet:-1","max-image-preview":"max-image-preview:large","max-video-preview":"max-video-preview:-1"},"canonical":"https:\/\/noticiasya.com\/2024\/09\/23\/recorte-tasas-interes-fed-consecuencias-economia-trax\/","og_locale":"es_ES","og_type":"article","og_title":"AN\u00c1LISIS | Finalmente hubo un recorte de tasas; esto es lo que la historia dice que ocurrir\u00eda a continuaci\u00f3n - Noticias","og_description":"(CNN) \u2013\u2013 Finalmente tuvimos un recorte de tasas, y uno grande. Despu\u00e9s de que se anunciara la medida el mi\u00e9rcoles, el presidente de la Reserva Federal de EE.UU., Jerome Powell, dijo que los funcionarios tomaron esa decisi\u00f3n para mantener la econom\u00eda estadounidense en su &#171;buen estado&#187; actual. Las tasas hipotecarias caen a su nivel m\u00e1s [&hellip;]","og_url":"https:\/\/noticiasya.com\/2024\/09\/23\/recorte-tasas-interes-fed-consecuencias-economia-trax\/","og_site_name":"Noticias","article_published_time":"2024-09-23T22:03:39+00:00","twitter_card":"summary_large_image","twitter_misc":{"Est. reading time":"4 minutos"},"schema":{"@context":"https:\/\/schema.org","@graph":[{"@type":"Article","@id":"https:\/\/noticiasya.com\/2024\/09\/23\/recorte-tasas-interes-fed-consecuencias-economia-trax\/#article","isPartOf":{"@id":"https:\/\/noticiasya.com\/2024\/09\/23\/recorte-tasas-interes-fed-consecuencias-economia-trax\/"},"author":{"name":"","@id":""},"headline":"AN\u00c1LISIS | Finalmente hubo un recorte de tasas; esto es lo que la historia dice que ocurrir\u00eda a continuaci\u00f3n","datePublished":"2024-09-23T22:03:39+00:00","mainEntityOfPage":{"@id":"https:\/\/noticiasya.com\/2024\/09\/23\/recorte-tasas-interes-fed-consecuencias-economia-trax\/"},"wordCount":813,"commentCount":0,"publisher":{"@id":"https:\/\/noticiasya.com\/#organization"},"articleSection":["Noticias Nacionales"],"inLanguage":"es","potentialAction":[{"@type":"CommentAction","name":"Comment","target":["https:\/\/noticiasya.com\/2024\/09\/23\/recorte-tasas-interes-fed-consecuencias-economia-trax\/#respond"]}]},{"@type":"WebPage","@id":"https:\/\/noticiasya.com\/2024\/09\/23\/recorte-tasas-interes-fed-consecuencias-economia-trax\/","url":"https:\/\/noticiasya.com\/2024\/09\/23\/recorte-tasas-interes-fed-consecuencias-economia-trax\/","name":"AN\u00c1LISIS | Finalmente hubo un recorte de tasas; esto es lo que la historia dice que ocurrir\u00eda a continuaci\u00f3n - Noticias","isPartOf":{"@id":"https:\/\/noticiasya.com\/#website"},"datePublished":"2024-09-23T22:03:39+00:00","breadcrumb":{"@id":"https:\/\/noticiasya.com\/2024\/09\/23\/recorte-tasas-interes-fed-consecuencias-economia-trax\/#breadcrumb"},"inLanguage":"es","potentialAction":[{"@type":"ReadAction","target":["https:\/\/noticiasya.com\/2024\/09\/23\/recorte-tasas-interes-fed-consecuencias-economia-trax\/"]}]},{"@type":"BreadcrumbList","@id":"https:\/\/noticiasya.com\/2024\/09\/23\/recorte-tasas-interes-fed-consecuencias-economia-trax\/#breadcrumb","itemListElement":[{"@type":"ListItem","position":1,"name":"Home","item":"https:\/\/noticiasya.com\/"},{"@type":"ListItem","position":2,"name":"AN\u00c1LISIS | Finalmente hubo un recorte de tasas; esto es lo que la historia dice que ocurrir\u00eda a continuaci\u00f3n"}]},{"@type":"WebSite","@id":"https:\/\/noticiasya.com\/#website","url":"https:\/\/noticiasya.com\/","name":"Noticias","description":"Lo que importa","publisher":{"@id":"https:\/\/noticiasya.com\/#organization"},"potentialAction":[{"@type":"SearchAction","target":{"@type":"EntryPoint","urlTemplate":"https:\/\/noticiasya.com\/?s={search_term_string}"},"query-input":{"@type":"PropertyValueSpecification","valueRequired":true,"valueName":"search_term_string"}}],"inLanguage":"es"},{"@type":"Organization","@id":"https:\/\/noticiasya.com\/#organization","name":"Noticias","url":"https:\/\/noticiasya.com\/","logo":{"@type":"ImageObject","inLanguage":"es","@id":"https:\/\/noticiasya.com\/#\/schema\/logo\/image\/","url":"https:\/\/noticiasya.com\/wp-content\/uploads\/sites\/22\/2023\/12\/logo-nacional.png","contentUrl":"https:\/\/noticiasya.com\/wp-content\/uploads\/sites\/22\/2023\/12\/logo-nacional.png","width":1801,"height":691,"caption":"Noticias"},"image":{"@id":"https:\/\/noticiasya.com\/#\/schema\/logo\/image\/"}}]}},"parsely":{"version":"1.1.0","canonical_url":"https:\/\/noticiasya.com\/midland-odessa\/2024\/09\/23\/recorte-tasas-interes-fed-consecuencias-economia-trax\/","smart_links":{"inbound":0,"outbound":0},"traffic_boost_suggestions_count":0,"meta":{"@context":"https:\/\/schema.org","@type":"NewsArticle","headline":"AN\u00c1LISIS | Finalmente hubo un recorte de tasas; esto es lo que la historia dice que ocurrir\u00eda a continuaci\u00f3n","url":"http:\/\/noticiasya.com\/midland-odessa\/2024\/09\/23\/recorte-tasas-interes-fed-consecuencias-economia-trax\/","mainEntityOfPage":{"@type":"WebPage","@id":"http:\/\/noticiasya.com\/midland-odessa\/2024\/09\/23\/recorte-tasas-interes-fed-consecuencias-economia-trax\/"},"thumbnailUrl":"","image":{"@type":"ImageObject","url":""},"articleSection":"Noticias Nacionales","author":[],"creator":[],"publisher":{"@type":"Organization","name":"Noticias","logo":""},"keywords":[],"dateCreated":"2024-09-23T22:03:39Z","datePublished":"2024-09-23T22:03:39Z","dateModified":"2024-09-23T22:03:39Z"},"rendered":"<script type=\"application\/ld+json\" class=\"wp-parsely-metadata\">{\"@context\":\"https:\\\/\\\/schema.org\",\"@type\":\"NewsArticle\",\"headline\":\"AN\\u00c1LISIS | Finalmente hubo un recorte de tasas; esto es lo que la historia dice que ocurrir\\u00eda a continuaci\\u00f3n\",\"url\":\"http:\\\/\\\/noticiasya.com\\\/midland-odessa\\\/2024\\\/09\\\/23\\\/recorte-tasas-interes-fed-consecuencias-economia-trax\\\/\",\"mainEntityOfPage\":{\"@type\":\"WebPage\",\"@id\":\"http:\\\/\\\/noticiasya.com\\\/midland-odessa\\\/2024\\\/09\\\/23\\\/recorte-tasas-interes-fed-consecuencias-economia-trax\\\/\"},\"thumbnailUrl\":\"\",\"image\":{\"@type\":\"ImageObject\",\"url\":\"\"},\"articleSection\":\"Noticias Nacionales\",\"author\":[],\"creator\":[],\"publisher\":{\"@type\":\"Organization\",\"name\":\"Noticias\",\"logo\":\"\"},\"keywords\":[],\"dateCreated\":\"2024-09-23T22:03:39Z\",\"datePublished\":\"2024-09-23T22:03:39Z\",\"dateModified\":\"2024-09-23T22:03:39Z\"}<\/script>","tracker_url":"https:\/\/cdn.parsely.com\/keys\/noticiasya.com\/p.js"},"jetpack_featured_media_url":"","jetpack-related-posts":[{"id":1452804,"url":"https:\/\/noticiasya.com\/midland-odessa\/2024\/09\/18\/recorte-tasas-fed-politica-presidencial-trax\/","url_meta":{"origin":1452967,"position":0},"title":"El tan esperado recorte de tasas de la Fed choca con la pol\u00edtica presidencial","author":"","date":"septiembre 18, 2024","format":false,"excerpt":"(CNN) -- La Reserva Federal recort\u00f3 el mi\u00e9rcoles las tasas tipos de inter\u00e9s por primera vez en la era Biden, despu\u00e9s de que la Casa Blanca pasara los \u00faltimos tres a\u00f1os lidiando con la insatisfacci\u00f3n de los estadounidenses con el costo de la vida, lo que plantea nuevas preguntas sobre\u2026","rel":"","context":"In &quot;Noticias Nacionales&quot;","block_context":{"text":"Noticias Nacionales","link":"https:\/\/noticiasya.com\/midland-odessa\/categoria\/noticias-nacionales"},"img":{"alt_text":"","src":"","width":0,"height":0},"classes":[]},{"id":1451611,"url":"https:\/\/noticiasya.com\/midland-odessa\/2024\/08\/05\/analisis-bolsa-valores-cayeron-los-mercados-a-nivel-mundial-trax\/","url_meta":{"origin":1452967,"position":1},"title":"AN\u00c1LISIS | \u00bfQu\u00e9 pas\u00f3 con la bolsa de valores y por qu\u00e9 cayeron los mercados a nivel mundial?","author":"","date":"agosto 5, 2024","format":false,"excerpt":"(CNN) -- El miedo se apodera de Wall Street, y las acciones tuvieron un d\u00eda miserable.El Dow cay\u00f3 m\u00e1s de 1.000 puntos en la apertura, y el mercado en general se desplom\u00f3 un 3% el lunes. El Nasdaq, repleto de valores tecnol\u00f3gicos de riesgo, cay\u00f3 un 3,7%.Todo ello en medio\u2026","rel":"","context":"In &quot;Noticias Nacionales&quot;","block_context":{"text":"Noticias Nacionales","link":"https:\/\/noticiasya.com\/midland-odessa\/categoria\/noticias-nacionales"},"img":{"alt_text":"","src":"","width":0,"height":0},"classes":[]},{"id":1470034,"url":"https:\/\/noticiasya.com\/midland-odessa\/2026\/01\/13\/analisis-improbable-fed-recorte-tasas-interes-trax\/","url_meta":{"origin":1452967,"position":2},"title":"Es improbable que la Fed recorte las tasas de inter\u00e9s en un futuro pr\u00f3ximo. Las razones por las que ser\u00eda una buena noticia","author":"","date":"enero 13, 2026","format":false,"excerpt":"Despu\u00e9s de recortar las tasas de inter\u00e9s tres veces seguidas en 2025, la Reserva Federal indic\u00f3 el mes pasado que probablemente no volver\u00e1 a bajarlas por un tiempo.Una pausa de meses, consolidada por los datos econ\u00f3micos clave publicados el viernes, podr\u00eda ser el mejor escenario posible para la econom\u00eda m\u00e1s\u2026","rel":"","context":"In &quot;Noticias Nacionales&quot;","block_context":{"text":"Noticias Nacionales","link":"https:\/\/noticiasya.com\/midland-odessa\/categoria\/noticias-nacionales"},"img":{"alt_text":"","src":"","width":0,"height":0},"classes":[]},{"id":1463892,"url":"https:\/\/noticiasya.com\/midland-odessa\/2025\/06\/24\/powell-descarta-recorte-tasas-julio-trax\/","url_meta":{"origin":1452967,"position":3},"title":"A pesar de la creciente divisi\u00f3n en la Fed, Powell parece descartar un recorte de tasas en julio","author":"","date":"junio 24, 2025","format":false,"excerpt":"A\u00fan es demasiado pronto para que la Reserva Federal considere bajar las tasas de inter\u00e9s, declar\u00f3 este martes su presidente, Jerome Powell.\u201cLos cambios de pol\u00edticas siguen evolucionando y sus efectos en la econom\u00eda siguen siendo inciertos\u201d, declar\u00f3 Powell en su testimonio preparado para su informe semestral de pol\u00edtica monetaria ante\u2026","rel":"","context":"In &quot;Noticias Nacionales&quot;","block_context":{"text":"Noticias Nacionales","link":"https:\/\/noticiasya.com\/midland-odessa\/categoria\/noticias-nacionales"},"img":{"alt_text":"","src":"","width":0,"height":0},"classes":[]},{"id":1456723,"url":"https:\/\/noticiasya.com\/midland-odessa\/2024\/12\/18\/fed-recorta-tasas-de-interes-trax\/","url_meta":{"origin":1452967,"position":4},"title":"La Fed recorta las tasas de inter\u00e9s por tercera vez en el a\u00f1o","author":"","date":"diciembre 18, 2024","format":false,"excerpt":"La Reserva Federal recort\u00f3 este mi\u00e9rcoles las tasas de inter\u00e9s en un cuarto de punto, en el que es el tercer recorte de tasas desde que comenz\u00f3 la reducci\u00f3n de los costos de los pr\u00e9stamos en septiembre.En un movimiento que no fue un\u00e1nime, el banco central de Estados Unidos est\u00e1\u2026","rel":"","context":"In &quot;Noticias Nacionales&quot;","block_context":{"text":"Noticias Nacionales","link":"https:\/\/noticiasya.com\/midland-odessa\/categoria\/noticias-nacionales"},"img":{"alt_text":"","src":"","width":0,"height":0},"classes":[]},{"id":1464111,"url":"https:\/\/noticiasya.com\/midland-odessa\/2025\/07\/01\/powell-fed-recortado-tasas-interes-trump-trax\/","url_meta":{"origin":1452967,"position":5},"title":"Powell dice que la Fed habr\u00eda recortado las tasas este a\u00f1o si no fuera por Trump","author":"","date":"julio 1, 2025","format":false,"excerpt":"La Reserva Federal probablemente habr\u00eda bajado las tasas de inter\u00e9s este a\u00f1o si no fuera por los importantes cambios de pol\u00edtica del presidente Donald Trump, dijo este martes su presidente, Jerome Powell.\u201cCreo que es correcto\u201d, dijo en un foro de bancos centrales en Sintra, Portugal, cuando se le pregunt\u00f3 si\u2026","rel":"","context":"In &quot;Noticias Nacionales&quot;","block_context":{"text":"Noticias Nacionales","link":"https:\/\/noticiasya.com\/midland-odessa\/categoria\/noticias-nacionales"},"img":{"alt_text":"","src":"","width":0,"height":0},"classes":[]}],"jetpack_sharing_enabled":true,"_links":{"self":[{"href":"https:\/\/noticiasya.com\/midland-odessa\/wp-json\/wp\/v2\/posts\/1452967","targetHints":{"allow":["GET"]}}],"collection":[{"href":"https:\/\/noticiasya.com\/midland-odessa\/wp-json\/wp\/v2\/posts"}],"about":[{"href":"https:\/\/noticiasya.com\/midland-odessa\/wp-json\/wp\/v2\/types\/post"}],"replies":[{"embeddable":true,"href":"https:\/\/noticiasya.com\/midland-odessa\/wp-json\/wp\/v2\/comments?post=1452967"}],"version-history":[{"count":0,"href":"https:\/\/noticiasya.com\/midland-odessa\/wp-json\/wp\/v2\/posts\/1452967\/revisions"}],"wp:attachment":[{"href":"https:\/\/noticiasya.com\/midland-odessa\/wp-json\/wp\/v2\/media?parent=1452967"}],"wp:term":[{"taxonomy":"category","embeddable":true,"href":"https:\/\/noticiasya.com\/midland-odessa\/wp-json\/wp\/v2\/categories?post=1452967"},{"taxonomy":"post_tag","embeddable":true,"href":"https:\/\/noticiasya.com\/midland-odessa\/wp-json\/wp\/v2\/tags?post=1452967"}],"curies":[{"name":"wp","href":"https:\/\/api.w.org\/{rel}","templated":true}]}}