{"id":1452973,"date":"2024-09-23T18:03:41","date_gmt":"2024-09-24T01:03:41","guid":{"rendered":"https:\/\/noticiasya.com\/2024\/09\/23\/justicia-argentina-ordena-detencion-nicolas-maduro-venezuela-orix\/"},"modified":"2024-09-23T18:03:41","modified_gmt":"2024-09-24T01:03:41","slug":"justicia-argentina-ordena-detencion-nicolas-maduro-venezuela-orix","status":"publish","type":"post","link":"https:\/\/noticiasya.com\/midland-odessa\/2024\/09\/23\/justicia-argentina-ordena-detencion-nicolas-maduro-venezuela-orix\/","title":{"rendered":"La Justicia de Argentina ordena la detenci\u00f3n del presidente de Venezuela, Nicol\u00e1s Maduro, en una causa por delitos de lesa humanidad"},"content":{"rendered":"<p>(CNN Espa\u00f1ol) &#8212; La Sala 1 de la C\u00e1mara Criminal y Correccional Federal de Argentina orden\u00f3 este lunes a un juzgado federal de ese pa\u00eds que ordene la inmediata detenci\u00f3n del presidente de Venezuela, Nicol\u00e1s Maduro y del ministro del Interior, Justicia y Paz, Diosdado Cabello, en el marco de una investigaci\u00f3n por delitos de lesa humanidad en el pa\u00eds sudamericano, de acuerdo con una decisi\u00f3n publicada este lunes.<\/p>\n<p>La Justicia argentina dispuso que, adem\u00e1s de solicitar la detenci\u00f3n de Maduro y Cabello, los dos hombres m\u00e1s poderosos del pa\u00eds caribe\u00f1o en la actualidad, el Juzgado Federal Nro. 2, que lleva la causa, deber\u00e1 tomarle declaraci\u00f3n indagatoria a ambos funcionarios, &#171;debiendo disponer v\u00eda Interpol su captura internacional\u201d.<\/p>\n<p>CNN se contact\u00f3 con el Gobierno de Venezuela para saber su reacci\u00f3n a esta decisi\u00f3n de la Justicia de Argentina, pero a\u00fan no obtuvo respuesta.<\/p>\n<p>La denuncia fue presentada en 2023 por familiares de v\u00edctimas venezolanas y Clooney Foundation for Justice. Adem\u00e1s, cont\u00f3 con el respaldo de Amnist\u00eda Internacional y es la primera medida de este tipo acordada contra Maduro y miembros de su gobierno, que est\u00e1 siendo investigado desde noviembre de 2021 por un fiscal de la Corte Penal Internacional por posibles cr\u00edmenes de lesa humanidad cometidos durante la represi\u00f3n de las protestas ocurridas en 2017.<\/p>\n<p>El Tribunal Supremo de Justicia de Venezuela ratifica la orden de arresto contra el presidente de Argentina, Javier Milei<\/p>\n<p>Sin embargo, la medida tiene un alcance muy limitado y no supone que Maduro, quien gobierna a Venezuela desde principios de 2013, y est\u00e1 seriamente cuestionado por la comunidad internacional tras las elecciones presidenciales del pasado mes de julio, vaya a ser detenido de forma inmediata.<\/p>\n<p>El presidente de Venezuela fue declarado vencedor de esos comicios por el Consejo Nacional Electoral, controlado por el chavismo, pero el organismo no ha presentado resultados detallados por centro y mesa de votaci\u00f3n. La oposici\u00f3n mayoritaria recolect\u00f3 pruebas que indican que su candidato, Edmundo Gonz\u00e1lez Urrutia, obtuvo una aplastante victoria.<\/p>\n<p>En una primera instancia la causa ventilada en Argentina hab\u00eda sido archivada, pero un tribunal superior orden\u00f3 reabrirla por \u201cla jurisdicci\u00f3n universal\u201d en este tipo de delitos.<\/p>\n<p>Argentina tiene antecedentes de causas de este estilo, la m\u00e1s emblem\u00e1tica tal vez es la que se abri\u00f3 en 2010 por los cr\u00edmenes de lesa humanidad cometidos en Espa\u00f1a por el r\u00e9gimen de Franco. Esa investigaci\u00f3n ya lleva 14 a\u00f1os y, si bien cont\u00f3 con declaraciones de familiares de v\u00edctimas, nunca se logr\u00f3 la detenci\u00f3n de un l\u00edder para avanzar con el proceso.<\/p>\n<p>La investigaci\u00f3n cont\u00f3 con el impulso de funcionarios argentinos, como el ministro de Seguridad de la Ciudad de Buenos Aires, Waldo Wolff. Adem\u00e1s, Patricia Bullrich, ministra de Seguridad de Javier Milei, estuvo presente en la audiencia en la que se solicit\u00f3 el pedido de detenci\u00f3n contra Maduro.<\/p>\n<p>Este hecho suma un nuevo cap\u00edtulo de tensi\u00f3n a un historial de cruces entre Javier Milei y Nicol\u00e1s Maduro.<\/p>\n<p>El \u00faltimo hab\u00eda sido el mi\u00e9rcoles pasado, cuando el fiscal general de Venezuela, Tarek William Saab, dijo que pedir\u00e1 \u00f3rdenes de aprehensi\u00f3n contra el presidente de Argentina, Javier Milei, su hermana y secretaria general de la Presidencia, Karina Milei, y la ministra de Seguridad, Patricia Bullrich. Los acusa de robo agravado, entre otros delitos, por la retenci\u00f3n de un avi\u00f3n de la estatal venezolana Emtrasur.<\/p>\n<p>El Gobierno de Argentina rechaz\u00f3 estas acusaciones e incluso el portavoz de presidencia, Manuel Adorni, las catalog\u00f3 como un \u201cdelirio\u201d.<\/p>\n<p>The-CNN-Wire<br \/>&trade; &amp; &copy; 2024 Cable News Network, Inc., a Warner Bros. Discovery Company. All rights reserved.<\/p>\n","protected":false},"excerpt":{"rendered":"<p>(CNN Espa\u00f1ol) &#8212; La Sala 1 de la C\u00e1mara Criminal y Correccional Federal de Argentina orden\u00f3 este lunes a un juzgado federal de ese pa\u00eds que ordene la inmediata detenci\u00f3n del presidente de Venezuela, Nicol\u00e1s Maduro y del ministro del Interior, Justicia y Paz, Diosdado Cabello, en el marco de una investigaci\u00f3n por delitos de [&hellip;]<\/p>\n","protected":false},"author":0,"featured_media":0,"comment_status":"open","ping_status":"open","sticky":false,"template":"","format":"standard","meta":{"_jetpack_memberships_contains_paid_content":false,"footnotes":""},"categories":[10],"tags":[],"class_list":["post-1452973","post","type-post","status-publish","format-standard","hentry","category-noticias-nacionales","market-global"],"yoast_head":"<!-- This site is optimized with the Yoast SEO plugin v24.4 - https:\/\/yoast.com\/wordpress\/plugins\/seo\/ -->\n<title>La Justicia de Argentina ordena la detenci\u00f3n del presidente de Venezuela, Nicol\u00e1s Maduro, en una causa por delitos de lesa humanidad - Noticias<\/title>\n<meta name=\"robots\" content=\"index, follow, max-snippet:-1, max-image-preview:large, max-video-preview:-1\" \/>\n<link rel=\"canonical\" href=\"https:\/\/noticiasya.com\/2024\/09\/23\/justicia-argentina-ordena-detencion-nicolas-maduro-venezuela-orix\/\" \/>\n<meta property=\"og:locale\" content=\"es_ES\" \/>\n<meta property=\"og:type\" content=\"article\" \/>\n<meta property=\"og:title\" content=\"La Justicia de Argentina ordena la detenci\u00f3n del presidente de Venezuela, Nicol\u00e1s Maduro, en una causa por delitos de lesa humanidad - Noticias\" \/>\n<meta property=\"og:description\" content=\"(CNN Espa\u00f1ol) &#8212; La Sala 1 de la C\u00e1mara Criminal y Correccional Federal de Argentina orden\u00f3 este lunes a un juzgado federal de ese pa\u00eds que ordene la inmediata detenci\u00f3n del presidente de Venezuela, Nicol\u00e1s Maduro y del ministro del Interior, Justicia y Paz, Diosdado Cabello, en el marco de una investigaci\u00f3n por delitos de [&hellip;]\" \/>\n<meta property=\"og:url\" content=\"https:\/\/noticiasya.com\/2024\/09\/23\/justicia-argentina-ordena-detencion-nicolas-maduro-venezuela-orix\/\" \/>\n<meta property=\"og:site_name\" content=\"Noticias\" \/>\n<meta property=\"article:published_time\" content=\"2024-09-24T01:03:41+00:00\" \/>\n<meta name=\"twitter:card\" content=\"summary_large_image\" \/>\n<meta name=\"twitter:label1\" content=\"Est. reading time\" \/>\n\t<meta name=\"twitter:data1\" content=\"3 minutos\" \/>\n<script type=\"application\/ld+json\" class=\"yoast-schema-graph\">{\"@context\":\"https:\/\/schema.org\",\"@graph\":[{\"@type\":\"Article\",\"@id\":\"https:\/\/noticiasya.com\/2024\/09\/23\/justicia-argentina-ordena-detencion-nicolas-maduro-venezuela-orix\/#article\",\"isPartOf\":{\"@id\":\"https:\/\/noticiasya.com\/2024\/09\/23\/justicia-argentina-ordena-detencion-nicolas-maduro-venezuela-orix\/\"},\"author\":{\"name\":\"\",\"@id\":\"\"},\"headline\":\"La Justicia de Argentina ordena la detenci\u00f3n del presidente de Venezuela, Nicol\u00e1s Maduro, en una causa por delitos de lesa humanidad\",\"datePublished\":\"2024-09-24T01:03:41+00:00\",\"mainEntityOfPage\":{\"@id\":\"https:\/\/noticiasya.com\/2024\/09\/23\/justicia-argentina-ordena-detencion-nicolas-maduro-venezuela-orix\/\"},\"wordCount\":650,\"commentCount\":0,\"publisher\":{\"@id\":\"https:\/\/noticiasya.com\/#organization\"},\"articleSection\":[\"Noticias Nacionales\"],\"inLanguage\":\"es\",\"potentialAction\":[{\"@type\":\"CommentAction\",\"name\":\"Comment\",\"target\":[\"https:\/\/noticiasya.com\/2024\/09\/23\/justicia-argentina-ordena-detencion-nicolas-maduro-venezuela-orix\/#respond\"]}]},{\"@type\":\"WebPage\",\"@id\":\"https:\/\/noticiasya.com\/2024\/09\/23\/justicia-argentina-ordena-detencion-nicolas-maduro-venezuela-orix\/\",\"url\":\"https:\/\/noticiasya.com\/2024\/09\/23\/justicia-argentina-ordena-detencion-nicolas-maduro-venezuela-orix\/\",\"name\":\"La Justicia de Argentina ordena la detenci\u00f3n del presidente de Venezuela, Nicol\u00e1s Maduro, en una causa por delitos de lesa humanidad - Noticias\",\"isPartOf\":{\"@id\":\"https:\/\/noticiasya.com\/#website\"},\"datePublished\":\"2024-09-24T01:03:41+00:00\",\"breadcrumb\":{\"@id\":\"https:\/\/noticiasya.com\/2024\/09\/23\/justicia-argentina-ordena-detencion-nicolas-maduro-venezuela-orix\/#breadcrumb\"},\"inLanguage\":\"es\",\"potentialAction\":[{\"@type\":\"ReadAction\",\"target\":[\"https:\/\/noticiasya.com\/2024\/09\/23\/justicia-argentina-ordena-detencion-nicolas-maduro-venezuela-orix\/\"]}]},{\"@type\":\"BreadcrumbList\",\"@id\":\"https:\/\/noticiasya.com\/2024\/09\/23\/justicia-argentina-ordena-detencion-nicolas-maduro-venezuela-orix\/#breadcrumb\",\"itemListElement\":[{\"@type\":\"ListItem\",\"position\":1,\"name\":\"Home\",\"item\":\"https:\/\/noticiasya.com\/\"},{\"@type\":\"ListItem\",\"position\":2,\"name\":\"La Justicia de Argentina ordena la detenci\u00f3n del presidente de Venezuela, Nicol\u00e1s Maduro, en una causa por delitos de lesa humanidad\"}]},{\"@type\":\"WebSite\",\"@id\":\"https:\/\/noticiasya.com\/#website\",\"url\":\"https:\/\/noticiasya.com\/\",\"name\":\"Noticias\",\"description\":\"Lo que importa\",\"publisher\":{\"@id\":\"https:\/\/noticiasya.com\/#organization\"},\"potentialAction\":[{\"@type\":\"SearchAction\",\"target\":{\"@type\":\"EntryPoint\",\"urlTemplate\":\"https:\/\/noticiasya.com\/?s={search_term_string}\"},\"query-input\":{\"@type\":\"PropertyValueSpecification\",\"valueRequired\":true,\"valueName\":\"search_term_string\"}}],\"inLanguage\":\"es\"},{\"@type\":\"Organization\",\"@id\":\"https:\/\/noticiasya.com\/#organization\",\"name\":\"Noticias\",\"url\":\"https:\/\/noticiasya.com\/\",\"logo\":{\"@type\":\"ImageObject\",\"inLanguage\":\"es\",\"@id\":\"https:\/\/noticiasya.com\/#\/schema\/logo\/image\/\",\"url\":\"https:\/\/noticiasya.com\/wp-content\/uploads\/sites\/22\/2023\/12\/logo-nacional.png\",\"contentUrl\":\"https:\/\/noticiasya.com\/wp-content\/uploads\/sites\/22\/2023\/12\/logo-nacional.png\",\"width\":1801,\"height\":691,\"caption\":\"Noticias\"},\"image\":{\"@id\":\"https:\/\/noticiasya.com\/#\/schema\/logo\/image\/\"}}]}<\/script>\n<!-- \/ Yoast SEO plugin. -->","yoast_head_json":{"title":"La Justicia de Argentina ordena la detenci\u00f3n del presidente de Venezuela, Nicol\u00e1s Maduro, en una causa por delitos de lesa humanidad - Noticias","robots":{"index":"index","follow":"follow","max-snippet":"max-snippet:-1","max-image-preview":"max-image-preview:large","max-video-preview":"max-video-preview:-1"},"canonical":"https:\/\/noticiasya.com\/2024\/09\/23\/justicia-argentina-ordena-detencion-nicolas-maduro-venezuela-orix\/","og_locale":"es_ES","og_type":"article","og_title":"La Justicia de Argentina ordena la detenci\u00f3n del presidente de Venezuela, Nicol\u00e1s Maduro, en una causa por delitos de lesa humanidad - Noticias","og_description":"(CNN Espa\u00f1ol) &#8212; La Sala 1 de la C\u00e1mara Criminal y Correccional Federal de Argentina orden\u00f3 este lunes a un juzgado federal de ese pa\u00eds que ordene la inmediata detenci\u00f3n del presidente de Venezuela, Nicol\u00e1s Maduro y del ministro del Interior, Justicia y Paz, Diosdado Cabello, en el marco de una investigaci\u00f3n por delitos de [&hellip;]","og_url":"https:\/\/noticiasya.com\/2024\/09\/23\/justicia-argentina-ordena-detencion-nicolas-maduro-venezuela-orix\/","og_site_name":"Noticias","article_published_time":"2024-09-24T01:03:41+00:00","twitter_card":"summary_large_image","twitter_misc":{"Est. reading time":"3 minutos"},"schema":{"@context":"https:\/\/schema.org","@graph":[{"@type":"Article","@id":"https:\/\/noticiasya.com\/2024\/09\/23\/justicia-argentina-ordena-detencion-nicolas-maduro-venezuela-orix\/#article","isPartOf":{"@id":"https:\/\/noticiasya.com\/2024\/09\/23\/justicia-argentina-ordena-detencion-nicolas-maduro-venezuela-orix\/"},"author":{"name":"","@id":""},"headline":"La Justicia de Argentina ordena la detenci\u00f3n del presidente de Venezuela, Nicol\u00e1s Maduro, en una causa por delitos de lesa humanidad","datePublished":"2024-09-24T01:03:41+00:00","mainEntityOfPage":{"@id":"https:\/\/noticiasya.com\/2024\/09\/23\/justicia-argentina-ordena-detencion-nicolas-maduro-venezuela-orix\/"},"wordCount":650,"commentCount":0,"publisher":{"@id":"https:\/\/noticiasya.com\/#organization"},"articleSection":["Noticias Nacionales"],"inLanguage":"es","potentialAction":[{"@type":"CommentAction","name":"Comment","target":["https:\/\/noticiasya.com\/2024\/09\/23\/justicia-argentina-ordena-detencion-nicolas-maduro-venezuela-orix\/#respond"]}]},{"@type":"WebPage","@id":"https:\/\/noticiasya.com\/2024\/09\/23\/justicia-argentina-ordena-detencion-nicolas-maduro-venezuela-orix\/","url":"https:\/\/noticiasya.com\/2024\/09\/23\/justicia-argentina-ordena-detencion-nicolas-maduro-venezuela-orix\/","name":"La Justicia de Argentina ordena la detenci\u00f3n del presidente de Venezuela, Nicol\u00e1s Maduro, en una causa por delitos de lesa humanidad - Noticias","isPartOf":{"@id":"https:\/\/noticiasya.com\/#website"},"datePublished":"2024-09-24T01:03:41+00:00","breadcrumb":{"@id":"https:\/\/noticiasya.com\/2024\/09\/23\/justicia-argentina-ordena-detencion-nicolas-maduro-venezuela-orix\/#breadcrumb"},"inLanguage":"es","potentialAction":[{"@type":"ReadAction","target":["https:\/\/noticiasya.com\/2024\/09\/23\/justicia-argentina-ordena-detencion-nicolas-maduro-venezuela-orix\/"]}]},{"@type":"BreadcrumbList","@id":"https:\/\/noticiasya.com\/2024\/09\/23\/justicia-argentina-ordena-detencion-nicolas-maduro-venezuela-orix\/#breadcrumb","itemListElement":[{"@type":"ListItem","position":1,"name":"Home","item":"https:\/\/noticiasya.com\/"},{"@type":"ListItem","position":2,"name":"La Justicia de Argentina ordena la detenci\u00f3n del presidente de Venezuela, Nicol\u00e1s Maduro, en una causa por delitos de lesa humanidad"}]},{"@type":"WebSite","@id":"https:\/\/noticiasya.com\/#website","url":"https:\/\/noticiasya.com\/","name":"Noticias","description":"Lo que importa","publisher":{"@id":"https:\/\/noticiasya.com\/#organization"},"potentialAction":[{"@type":"SearchAction","target":{"@type":"EntryPoint","urlTemplate":"https:\/\/noticiasya.com\/?s={search_term_string}"},"query-input":{"@type":"PropertyValueSpecification","valueRequired":true,"valueName":"search_term_string"}}],"inLanguage":"es"},{"@type":"Organization","@id":"https:\/\/noticiasya.com\/#organization","name":"Noticias","url":"https:\/\/noticiasya.com\/","logo":{"@type":"ImageObject","inLanguage":"es","@id":"https:\/\/noticiasya.com\/#\/schema\/logo\/image\/","url":"https:\/\/noticiasya.com\/wp-content\/uploads\/sites\/22\/2023\/12\/logo-nacional.png","contentUrl":"https:\/\/noticiasya.com\/wp-content\/uploads\/sites\/22\/2023\/12\/logo-nacional.png","width":1801,"height":691,"caption":"Noticias"},"image":{"@id":"https:\/\/noticiasya.com\/#\/schema\/logo\/image\/"}}]}},"parsely":{"version":"1.1.0","canonical_url":"https:\/\/noticiasya.com\/midland-odessa\/2024\/09\/23\/justicia-argentina-ordena-detencion-nicolas-maduro-venezuela-orix\/","smart_links":{"inbound":0,"outbound":0},"traffic_boost_suggestions_count":0,"meta":{"@context":"https:\/\/schema.org","@type":"NewsArticle","headline":"La Justicia de Argentina ordena la detenci\u00f3n del presidente de Venezuela, Nicol\u00e1s Maduro, en una causa por delitos de lesa humanidad","url":"http:\/\/noticiasya.com\/midland-odessa\/2024\/09\/23\/justicia-argentina-ordena-detencion-nicolas-maduro-venezuela-orix\/","mainEntityOfPage":{"@type":"WebPage","@id":"http:\/\/noticiasya.com\/midland-odessa\/2024\/09\/23\/justicia-argentina-ordena-detencion-nicolas-maduro-venezuela-orix\/"},"thumbnailUrl":"","image":{"@type":"ImageObject","url":""},"articleSection":"Noticias Nacionales","author":[],"creator":[],"publisher":{"@type":"Organization","name":"Noticias","logo":""},"keywords":[],"dateCreated":"2024-09-24T01:03:41Z","datePublished":"2024-09-24T01:03:41Z","dateModified":"2024-09-24T01:03:41Z"},"rendered":"<script type=\"application\/ld+json\" class=\"wp-parsely-metadata\">{\"@context\":\"https:\\\/\\\/schema.org\",\"@type\":\"NewsArticle\",\"headline\":\"La Justicia de Argentina ordena la detenci\\u00f3n del presidente de Venezuela, Nicol\\u00e1s Maduro, en una causa por delitos de lesa humanidad\",\"url\":\"http:\\\/\\\/noticiasya.com\\\/midland-odessa\\\/2024\\\/09\\\/23\\\/justicia-argentina-ordena-detencion-nicolas-maduro-venezuela-orix\\\/\",\"mainEntityOfPage\":{\"@type\":\"WebPage\",\"@id\":\"http:\\\/\\\/noticiasya.com\\\/midland-odessa\\\/2024\\\/09\\\/23\\\/justicia-argentina-ordena-detencion-nicolas-maduro-venezuela-orix\\\/\"},\"thumbnailUrl\":\"\",\"image\":{\"@type\":\"ImageObject\",\"url\":\"\"},\"articleSection\":\"Noticias Nacionales\",\"author\":[],\"creator\":[],\"publisher\":{\"@type\":\"Organization\",\"name\":\"Noticias\",\"logo\":\"\"},\"keywords\":[],\"dateCreated\":\"2024-09-24T01:03:41Z\",\"datePublished\":\"2024-09-24T01:03:41Z\",\"dateModified\":\"2024-09-24T01:03:41Z\"}<\/script>","tracker_url":"https:\/\/cdn.parsely.com\/keys\/noticiasya.com\/p.js"},"jetpack_featured_media_url":"","jetpack-related-posts":[{"id":1457082,"url":"https:\/\/noticiasya.com\/midland-odessa\/2024\/12\/30\/justicia-argentina-detencion-daniel-ortega-esposa-funcionarios-orix\/","url_meta":{"origin":1452973,"position":0},"title":"La Justicia de Argentina pide la detenci\u00f3n de Daniel Ortega, su esposa y otros funcionarios nicarag\u00fcenses","author":"","date":"diciembre 30, 2024","format":false,"excerpt":"El Juzgado Criminal y Correccional Federal n\u00famero 4 de Argentina orden\u00f3 este lunes la detenci\u00f3n del presidente de Nicaragua, Daniel Ortega, y lo cit\u00f3 a declarar en una causa que investiga presuntas violaciones a los derechos humanos.La causa comenz\u00f3 en Argentina en 2022, a ra\u00edz de las protestas en Nicaragua\u2026","rel":"","context":"In &quot;Noticias Nacionales&quot;","block_context":{"text":"Noticias Nacionales","link":"https:\/\/noticiasya.com\/midland-odessa\/categoria\/noticias-nacionales"},"img":{"alt_text":"","src":"","width":0,"height":0},"classes":[]},{"id":1457296,"url":"https:\/\/noticiasya.com\/midland-odessa\/2025\/01\/07\/maduro-acusa-argentina-violencia-venezuela-orix\/","url_meta":{"origin":1452973,"position":1},"title":"Maduro acusa al Gobierno de Argentina de &#171;planes violentos&#187; contra Venezuela, incluso atentar contra la vicepresidenta","author":"","date":"enero 7, 2025","format":false,"excerpt":"El presidente venezolano Nicol\u00e1s Maduro acus\u00f3 este lunes, sin ofrecer pruebas, al Gobierno de Argentina de estar \u201cinvolucrado en los planes violentos de atentar contra la paz de Venezuela\u201d, destacando un supuesto atentado contra la vicepresidenta Delcy Rodr\u00edguez.Durante una reuni\u00f3n con su gabinete y altos funcionarios militares y policiales la\u2026","rel":"","context":"In &quot;Noticias Nacionales&quot;","block_context":{"text":"Noticias Nacionales","link":"https:\/\/noticiasya.com\/midland-odessa\/categoria\/noticias-nacionales"},"img":{"alt_text":"","src":"","width":0,"height":0},"classes":[]},{"id":1457288,"url":"https:\/\/noticiasya.com\/midland-odessa\/2025\/01\/06\/maduro-gobierno-argentina-planes-violentos-venezuela-orix\/","url_meta":{"origin":1452973,"position":2},"title":"Sin presentar pruebas, Maduro acusa al Gobierno de Argentina de &#171;planes violentos&#187; contra Venezuela","author":"","date":"enero 6, 2025","format":false,"excerpt":"El presidente de Venezuela Nicol\u00e1s Maduro acus\u00f3 este lunes, sin ofrecer pruebas, al Gobierno de Argentina de estar \u201cinvolucrado en los planes violentos de atentar contra la paz de Venezuela\u201d, destacando un supuesto atentado contra la vicepresidenta Delcy Rodr\u00edguez.Durante una reuni\u00f3n con su gabinete y altos funcionarios militares y policiales\u2026","rel":"","context":"In &quot;Noticias Nacionales&quot;","block_context":{"text":"Noticias Nacionales","link":"https:\/\/noticiasya.com\/midland-odessa\/categoria\/noticias-nacionales"},"img":{"alt_text":"","src":"","width":0,"height":0},"classes":[]},{"id":1460656,"url":"https:\/\/noticiasya.com\/midland-odessa\/2025\/03\/31\/fiscal-general-venezuela-acusa-el-salvador-crimenes-lesa-humanidad-orix\/","url_meta":{"origin":1452973,"position":3},"title":"Fiscal general de Venezuela acusa al Gobierno de El Salvador de &#171;cr\u00edmenes de lesa humanidad&#187; por detenci\u00f3n de venezolanos","author":"","date":"marzo 31, 2025","format":false,"excerpt":"El fiscal general de Venezuela, Tarek William Saab, asegur\u00f3 este lunes que la detenci\u00f3n de venezolanos en El Salvador, tras ser deportados por Estados Unidos es \u201cun crimen de lesa humanidad\u201d.A\u00f1adi\u00f3 que estas detenciones son \u201cun acto de discriminaci\u00f3n por ser venezolanos\u201d.\u201cEl Salvador firm\u00f3 el Estatuto de Roma, por lo\u2026","rel":"","context":"In &quot;Noticias Nacionales&quot;","block_context":{"text":"Noticias Nacionales","link":"https:\/\/noticiasya.com\/midland-odessa\/categoria\/noticias-nacionales"},"img":{"alt_text":"","src":"","width":0,"height":0},"classes":[]},{"id":1453229,"url":"https:\/\/noticiasya.com\/midland-odessa\/2024\/09\/30\/fiscalia-venezuela-arresto-funcionarios-argentinos-trax\/","url_meta":{"origin":1452973,"position":4},"title":"Fiscal\u00eda de Venezuela pide el arresto de m\u00e1s funcionarios argentinos, aunque no puedan ser detenidos fuera del territorio venezolano","author":"","date":"septiembre 30, 2024","format":false,"excerpt":"(CNN Espa\u00f1ol) -- El Ministerio P\u00fablico de Venezuela pidi\u00f3 ampliar este lunes una orden de aprehensi\u00f3n a varios ministros, jueces, fiscales y diputados argentinos por haber retenido un avi\u00f3n de la estatal venezolana Emtrasur y haber ordenado la captura del presidente Nicol\u00e1s Maduro y el ministro de Interior, Diosdado Cabello,\u2026","rel":"","context":"In &quot;Noticias Nacionales&quot;","block_context":{"text":"Noticias Nacionales","link":"https:\/\/noticiasya.com\/midland-odessa\/categoria\/noticias-nacionales"},"img":{"alt_text":"","src":"","width":0,"height":0},"classes":[]},{"id":1456887,"url":"https:\/\/noticiasya.com\/midland-odessa\/2024\/12\/23\/justicia-venezuela-nahuel-gallo-orix\/","url_meta":{"origin":1452973,"position":5},"title":"La Justicia argentina le exige a Venezuela que diga d\u00f3nde est\u00e1 Nahuel Gallo, el gendarme detenido","author":"","date":"diciembre 23, 2024","format":false,"excerpt":"Este lunes la C\u00e1mara Federal de Mendoza acept\u00f3 el pedido de Habeas Corpus que present\u00f3 la Gendarmer\u00eda de Argentina por la detenci\u00f3n en Venezuela de Nahuel Gallo.El gendarme est\u00e1 preso desde el 8 de diciembre luego de ingresar desde Colombia y su familia desconoce su paradero.La sala B de la\u2026","rel":"","context":"In &quot;Noticias Nacionales&quot;","block_context":{"text":"Noticias Nacionales","link":"https:\/\/noticiasya.com\/midland-odessa\/categoria\/noticias-nacionales"},"img":{"alt_text":"","src":"","width":0,"height":0},"classes":[]}],"jetpack_sharing_enabled":true,"_links":{"self":[{"href":"https:\/\/noticiasya.com\/midland-odessa\/wp-json\/wp\/v2\/posts\/1452973","targetHints":{"allow":["GET"]}}],"collection":[{"href":"https:\/\/noticiasya.com\/midland-odessa\/wp-json\/wp\/v2\/posts"}],"about":[{"href":"https:\/\/noticiasya.com\/midland-odessa\/wp-json\/wp\/v2\/types\/post"}],"replies":[{"embeddable":true,"href":"https:\/\/noticiasya.com\/midland-odessa\/wp-json\/wp\/v2\/comments?post=1452973"}],"version-history":[{"count":0,"href":"https:\/\/noticiasya.com\/midland-odessa\/wp-json\/wp\/v2\/posts\/1452973\/revisions"}],"wp:attachment":[{"href":"https:\/\/noticiasya.com\/midland-odessa\/wp-json\/wp\/v2\/media?parent=1452973"}],"wp:term":[{"taxonomy":"category","embeddable":true,"href":"https:\/\/noticiasya.com\/midland-odessa\/wp-json\/wp\/v2\/categories?post=1452973"},{"taxonomy":"post_tag","embeddable":true,"href":"https:\/\/noticiasya.com\/midland-odessa\/wp-json\/wp\/v2\/tags?post=1452973"}],"curies":[{"name":"wp","href":"https:\/\/api.w.org\/{rel}","templated":true}]}}