{"id":1452982,"date":"2024-09-24T01:03:44","date_gmt":"2024-09-24T08:03:44","guid":{"rendered":"https:\/\/noticiasya.com\/2024\/09\/24\/huracan-john-azota-costa-sur-mexico-tras-intensificarse-rapidamente-trax\/"},"modified":"2024-09-24T01:03:44","modified_gmt":"2024-09-24T08:03:44","slug":"huracan-john-azota-costa-sur-mexico-tras-intensificarse-rapidamente-trax","status":"publish","type":"post","link":"https:\/\/noticiasya.com\/midland-odessa\/2024\/09\/24\/huracan-john-azota-costa-sur-mexico-tras-intensificarse-rapidamente-trax\/","title":{"rendered":"El hurac\u00e1n John azota la costa sur de M\u00e9xico tras intensificarse r\u00e1pidamente"},"content":{"rendered":"<p>(CNN) &#8212; El hurac\u00e1n John azot\u00f3 la costa sur de M\u00e9xico este lunes por la noche despu\u00e9s de fortalecerse r\u00e1pidamente hasta convertirse en una gran tormenta de categor\u00eda 3, lo que gener\u00f3 advertencias de inundaciones y deslizamientos de tierra &#171;potencialmente mortales&#187;.<\/p>\n<p>Con vientos m\u00e1ximos sostenidos de 193 km\/, la tormenta toc\u00f3 tierra al sur-suroeste de la ciudad de Marquelia en el estado de Guerrero alrededor de las 9:15 pm hora local, seg\u00fan el Centro Nacional de Huracanes.<\/p>\n<p>Hace apenas un d\u00eda, la tormenta avanzaba a una velocidad de 56 kil\u00f3metros por hora, pero experiment\u00f3 dos intensificaciones r\u00e1pidas en un per\u00edodo de 24 horas, aumentando su velocidad m\u00e1s de tres veces.<\/p>\n<p>\u201cEstas fuertes lluvias probablemente causar\u00e1n inundaciones repentinas y deslizamientos de tierra significativos y posiblemente catastr\u00f3ficos que pongan en peligro la vida en los estados mexicanos de Chiapas, Oaxaca y el sureste de Guerrero, particularmente en \u00e1reas cercanas a la costa\u201d, dijo el centro.<\/p>\n<p>El estado de Oaxaca es un popular lugar tur\u00edstico conocido por sus hermosos paisajes y playas.<\/p>\n<p>Los pescadores regresan a la costa antes de la llegada del hurac\u00e1n John a Salina Cruz, estado de Oaxaca, M\u00e9xico, el 23 de septiembre de 2024. (Cr\u00e9dito: Rusvel Rasgado\/AFP\/Getty Images)<\/p>\n<p>El gobernador de Oaxaca dijo que el gobierno estatal hab\u00eda evacuado a 3.000 personas y establecido 80 refugios, mientras que las autoridades suspendieron las clases en varias zonas costeras este martes, inform\u00f3 Associated Press.<\/p>\n<p>Los negocios de Puerto Escondido, destino tur\u00edstico al sur del estado, cerraron luego de que las autoridades ordenaron la suspensi\u00f3n de todos los trabajos en las principales playas de la zona, inform\u00f3 la agencia de noticias.<\/p>\n<p>Ana Aldai, que trabaja en un restaurante all\u00ed, dijo a AP que estaba \u201cun poco angustiada\u201d porque el aviso de las autoridades lleg\u00f3 r\u00e1pidamente.<\/p>\n<p>El puerto de Salina Cruz se ve cerrado antes de la llegada del hurac\u00e1n John a Salina Cruz, estado de Oaxaca, M\u00e9xico, el 23 de septiembre de 2024. (Cr\u00e9dito: Rusvel Rasgado\/AFP\/Getty Images)<\/p>\n<p>\u201cNo hubo oportunidad de hacer las compras necesarias\u201d, dijo.<\/p>\n<p>Lluvias torrenciales de 25 a 50 cent\u00edmetros, con totales aislados cercanos a 75 cent\u00edmetros , podr\u00edan azotar \u00e1reas a lo largo de la costa de Oaxaca hasta el sureste de Guerrero hasta el jueves.<\/p>\n<p>Tambi\u00e9n se espera que las zonas costeras de Chiapas se vean afectadas por lluvias de entre 15 y 30 cent\u00edmetros, con totales aislados de alrededor de 38 cent\u00edmetros, durante el mismo per\u00edodo.<\/p>\n<p>Las lluvias podr\u00edan provocar una marejada cicl\u00f3nica potencialmente mortal, produciendo importantes inundaciones costeras cerca del lugar de llegada a tierra, dijo el Centro Nacional de Huracanes.<\/p>\n<p>El aumento estar\u00e1 acompa\u00f1ado de olas grandes y destructivas en las zonas costeras, a\u00f1adi\u00f3.<\/p>\n<p>The-CNN-Wire<br \/>&trade; &amp; &copy; 2024 Cable News Network, Inc., a Warner Bros. Discovery Company. All rights reserved.<\/p>\n","protected":false},"excerpt":{"rendered":"<p>(CNN) &#8212; El hurac\u00e1n John azot\u00f3 la costa sur de M\u00e9xico este lunes por la noche despu\u00e9s de fortalecerse r\u00e1pidamente hasta convertirse en una gran tormenta de categor\u00eda 3, lo que gener\u00f3 advertencias de inundaciones y deslizamientos de tierra &#171;potencialmente mortales&#187;. Con vientos m\u00e1ximos sostenidos de 193 km\/, la tormenta toc\u00f3 tierra al sur-suroeste de [&hellip;]<\/p>\n","protected":false},"author":0,"featured_media":0,"comment_status":"open","ping_status":"open","sticky":false,"template":"","format":"standard","meta":{"_jetpack_memberships_contains_paid_content":false,"footnotes":""},"categories":[10],"tags":[],"class_list":["post-1452982","post","type-post","status-publish","format-standard","hentry","category-noticias-nacionales","market-global"],"yoast_head":"<!-- This site is optimized with the Yoast SEO plugin v24.4 - https:\/\/yoast.com\/wordpress\/plugins\/seo\/ -->\n<title>El hurac\u00e1n John azota la costa sur de M\u00e9xico tras intensificarse r\u00e1pidamente - Noticias<\/title>\n<meta name=\"robots\" content=\"index, follow, max-snippet:-1, max-image-preview:large, max-video-preview:-1\" \/>\n<link rel=\"canonical\" href=\"https:\/\/noticiasya.com\/2024\/09\/24\/huracan-john-azota-costa-sur-mexico-tras-intensificarse-rapidamente-trax\/\" \/>\n<meta property=\"og:locale\" content=\"es_ES\" \/>\n<meta property=\"og:type\" content=\"article\" \/>\n<meta property=\"og:title\" content=\"El hurac\u00e1n John azota la costa sur de M\u00e9xico tras intensificarse r\u00e1pidamente - Noticias\" \/>\n<meta property=\"og:description\" content=\"(CNN) &#8212; El hurac\u00e1n John azot\u00f3 la costa sur de M\u00e9xico este lunes por la noche despu\u00e9s de fortalecerse r\u00e1pidamente hasta convertirse en una gran tormenta de categor\u00eda 3, lo que gener\u00f3 advertencias de inundaciones y deslizamientos de tierra &#171;potencialmente mortales&#187;. Con vientos m\u00e1ximos sostenidos de 193 km\/, la tormenta toc\u00f3 tierra al sur-suroeste de [&hellip;]\" \/>\n<meta property=\"og:url\" content=\"https:\/\/noticiasya.com\/2024\/09\/24\/huracan-john-azota-costa-sur-mexico-tras-intensificarse-rapidamente-trax\/\" \/>\n<meta property=\"og:site_name\" content=\"Noticias\" \/>\n<meta property=\"article:published_time\" content=\"2024-09-24T08:03:44+00:00\" \/>\n<meta name=\"twitter:card\" content=\"summary_large_image\" \/>\n<meta name=\"twitter:label1\" content=\"Est. reading time\" \/>\n\t<meta name=\"twitter:data1\" content=\"2 minutos\" \/>\n<script type=\"application\/ld+json\" class=\"yoast-schema-graph\">{\"@context\":\"https:\/\/schema.org\",\"@graph\":[{\"@type\":\"Article\",\"@id\":\"https:\/\/noticiasya.com\/2024\/09\/24\/huracan-john-azota-costa-sur-mexico-tras-intensificarse-rapidamente-trax\/#article\",\"isPartOf\":{\"@id\":\"https:\/\/noticiasya.com\/2024\/09\/24\/huracan-john-azota-costa-sur-mexico-tras-intensificarse-rapidamente-trax\/\"},\"author\":{\"name\":\"\",\"@id\":\"\"},\"headline\":\"El hurac\u00e1n John azota la costa sur de M\u00e9xico tras intensificarse r\u00e1pidamente\",\"datePublished\":\"2024-09-24T08:03:44+00:00\",\"mainEntityOfPage\":{\"@id\":\"https:\/\/noticiasya.com\/2024\/09\/24\/huracan-john-azota-costa-sur-mexico-tras-intensificarse-rapidamente-trax\/\"},\"wordCount\":493,\"commentCount\":0,\"publisher\":{\"@id\":\"https:\/\/noticiasya.com\/#organization\"},\"articleSection\":[\"Noticias Nacionales\"],\"inLanguage\":\"es\",\"potentialAction\":[{\"@type\":\"CommentAction\",\"name\":\"Comment\",\"target\":[\"https:\/\/noticiasya.com\/2024\/09\/24\/huracan-john-azota-costa-sur-mexico-tras-intensificarse-rapidamente-trax\/#respond\"]}]},{\"@type\":\"WebPage\",\"@id\":\"https:\/\/noticiasya.com\/2024\/09\/24\/huracan-john-azota-costa-sur-mexico-tras-intensificarse-rapidamente-trax\/\",\"url\":\"https:\/\/noticiasya.com\/2024\/09\/24\/huracan-john-azota-costa-sur-mexico-tras-intensificarse-rapidamente-trax\/\",\"name\":\"El hurac\u00e1n John azota la costa sur de M\u00e9xico tras intensificarse r\u00e1pidamente - Noticias\",\"isPartOf\":{\"@id\":\"https:\/\/noticiasya.com\/#website\"},\"datePublished\":\"2024-09-24T08:03:44+00:00\",\"breadcrumb\":{\"@id\":\"https:\/\/noticiasya.com\/2024\/09\/24\/huracan-john-azota-costa-sur-mexico-tras-intensificarse-rapidamente-trax\/#breadcrumb\"},\"inLanguage\":\"es\",\"potentialAction\":[{\"@type\":\"ReadAction\",\"target\":[\"https:\/\/noticiasya.com\/2024\/09\/24\/huracan-john-azota-costa-sur-mexico-tras-intensificarse-rapidamente-trax\/\"]}]},{\"@type\":\"BreadcrumbList\",\"@id\":\"https:\/\/noticiasya.com\/2024\/09\/24\/huracan-john-azota-costa-sur-mexico-tras-intensificarse-rapidamente-trax\/#breadcrumb\",\"itemListElement\":[{\"@type\":\"ListItem\",\"position\":1,\"name\":\"Home\",\"item\":\"https:\/\/noticiasya.com\/\"},{\"@type\":\"ListItem\",\"position\":2,\"name\":\"El hurac\u00e1n John azota la costa sur de M\u00e9xico tras intensificarse r\u00e1pidamente\"}]},{\"@type\":\"WebSite\",\"@id\":\"https:\/\/noticiasya.com\/#website\",\"url\":\"https:\/\/noticiasya.com\/\",\"name\":\"Noticias\",\"description\":\"Lo que importa\",\"publisher\":{\"@id\":\"https:\/\/noticiasya.com\/#organization\"},\"potentialAction\":[{\"@type\":\"SearchAction\",\"target\":{\"@type\":\"EntryPoint\",\"urlTemplate\":\"https:\/\/noticiasya.com\/?s={search_term_string}\"},\"query-input\":{\"@type\":\"PropertyValueSpecification\",\"valueRequired\":true,\"valueName\":\"search_term_string\"}}],\"inLanguage\":\"es\"},{\"@type\":\"Organization\",\"@id\":\"https:\/\/noticiasya.com\/#organization\",\"name\":\"Noticias\",\"url\":\"https:\/\/noticiasya.com\/\",\"logo\":{\"@type\":\"ImageObject\",\"inLanguage\":\"es\",\"@id\":\"https:\/\/noticiasya.com\/#\/schema\/logo\/image\/\",\"url\":\"https:\/\/noticiasya.com\/wp-content\/uploads\/sites\/22\/2023\/12\/logo-nacional.png\",\"contentUrl\":\"https:\/\/noticiasya.com\/wp-content\/uploads\/sites\/22\/2023\/12\/logo-nacional.png\",\"width\":1801,\"height\":691,\"caption\":\"Noticias\"},\"image\":{\"@id\":\"https:\/\/noticiasya.com\/#\/schema\/logo\/image\/\"}}]}<\/script>\n<!-- \/ Yoast SEO plugin. -->","yoast_head_json":{"title":"El hurac\u00e1n John azota la costa sur de M\u00e9xico tras intensificarse r\u00e1pidamente - Noticias","robots":{"index":"index","follow":"follow","max-snippet":"max-snippet:-1","max-image-preview":"max-image-preview:large","max-video-preview":"max-video-preview:-1"},"canonical":"https:\/\/noticiasya.com\/2024\/09\/24\/huracan-john-azota-costa-sur-mexico-tras-intensificarse-rapidamente-trax\/","og_locale":"es_ES","og_type":"article","og_title":"El hurac\u00e1n John azota la costa sur de M\u00e9xico tras intensificarse r\u00e1pidamente - Noticias","og_description":"(CNN) &#8212; El hurac\u00e1n John azot\u00f3 la costa sur de M\u00e9xico este lunes por la noche despu\u00e9s de fortalecerse r\u00e1pidamente hasta convertirse en una gran tormenta de categor\u00eda 3, lo que gener\u00f3 advertencias de inundaciones y deslizamientos de tierra &#171;potencialmente mortales&#187;. Con vientos m\u00e1ximos sostenidos de 193 km\/, la tormenta toc\u00f3 tierra al sur-suroeste de [&hellip;]","og_url":"https:\/\/noticiasya.com\/2024\/09\/24\/huracan-john-azota-costa-sur-mexico-tras-intensificarse-rapidamente-trax\/","og_site_name":"Noticias","article_published_time":"2024-09-24T08:03:44+00:00","twitter_card":"summary_large_image","twitter_misc":{"Est. reading time":"2 minutos"},"schema":{"@context":"https:\/\/schema.org","@graph":[{"@type":"Article","@id":"https:\/\/noticiasya.com\/2024\/09\/24\/huracan-john-azota-costa-sur-mexico-tras-intensificarse-rapidamente-trax\/#article","isPartOf":{"@id":"https:\/\/noticiasya.com\/2024\/09\/24\/huracan-john-azota-costa-sur-mexico-tras-intensificarse-rapidamente-trax\/"},"author":{"name":"","@id":""},"headline":"El hurac\u00e1n John azota la costa sur de M\u00e9xico tras intensificarse r\u00e1pidamente","datePublished":"2024-09-24T08:03:44+00:00","mainEntityOfPage":{"@id":"https:\/\/noticiasya.com\/2024\/09\/24\/huracan-john-azota-costa-sur-mexico-tras-intensificarse-rapidamente-trax\/"},"wordCount":493,"commentCount":0,"publisher":{"@id":"https:\/\/noticiasya.com\/#organization"},"articleSection":["Noticias Nacionales"],"inLanguage":"es","potentialAction":[{"@type":"CommentAction","name":"Comment","target":["https:\/\/noticiasya.com\/2024\/09\/24\/huracan-john-azota-costa-sur-mexico-tras-intensificarse-rapidamente-trax\/#respond"]}]},{"@type":"WebPage","@id":"https:\/\/noticiasya.com\/2024\/09\/24\/huracan-john-azota-costa-sur-mexico-tras-intensificarse-rapidamente-trax\/","url":"https:\/\/noticiasya.com\/2024\/09\/24\/huracan-john-azota-costa-sur-mexico-tras-intensificarse-rapidamente-trax\/","name":"El hurac\u00e1n John azota la costa sur de M\u00e9xico tras intensificarse r\u00e1pidamente - Noticias","isPartOf":{"@id":"https:\/\/noticiasya.com\/#website"},"datePublished":"2024-09-24T08:03:44+00:00","breadcrumb":{"@id":"https:\/\/noticiasya.com\/2024\/09\/24\/huracan-john-azota-costa-sur-mexico-tras-intensificarse-rapidamente-trax\/#breadcrumb"},"inLanguage":"es","potentialAction":[{"@type":"ReadAction","target":["https:\/\/noticiasya.com\/2024\/09\/24\/huracan-john-azota-costa-sur-mexico-tras-intensificarse-rapidamente-trax\/"]}]},{"@type":"BreadcrumbList","@id":"https:\/\/noticiasya.com\/2024\/09\/24\/huracan-john-azota-costa-sur-mexico-tras-intensificarse-rapidamente-trax\/#breadcrumb","itemListElement":[{"@type":"ListItem","position":1,"name":"Home","item":"https:\/\/noticiasya.com\/"},{"@type":"ListItem","position":2,"name":"El hurac\u00e1n John azota la costa sur de M\u00e9xico tras intensificarse r\u00e1pidamente"}]},{"@type":"WebSite","@id":"https:\/\/noticiasya.com\/#website","url":"https:\/\/noticiasya.com\/","name":"Noticias","description":"Lo que importa","publisher":{"@id":"https:\/\/noticiasya.com\/#organization"},"potentialAction":[{"@type":"SearchAction","target":{"@type":"EntryPoint","urlTemplate":"https:\/\/noticiasya.com\/?s={search_term_string}"},"query-input":{"@type":"PropertyValueSpecification","valueRequired":true,"valueName":"search_term_string"}}],"inLanguage":"es"},{"@type":"Organization","@id":"https:\/\/noticiasya.com\/#organization","name":"Noticias","url":"https:\/\/noticiasya.com\/","logo":{"@type":"ImageObject","inLanguage":"es","@id":"https:\/\/noticiasya.com\/#\/schema\/logo\/image\/","url":"https:\/\/noticiasya.com\/wp-content\/uploads\/sites\/22\/2023\/12\/logo-nacional.png","contentUrl":"https:\/\/noticiasya.com\/wp-content\/uploads\/sites\/22\/2023\/12\/logo-nacional.png","width":1801,"height":691,"caption":"Noticias"},"image":{"@id":"https:\/\/noticiasya.com\/#\/schema\/logo\/image\/"}}]}},"parsely":{"version":"1.1.0","canonical_url":"https:\/\/noticiasya.com\/midland-odessa\/2024\/09\/24\/huracan-john-azota-costa-sur-mexico-tras-intensificarse-rapidamente-trax\/","smart_links":{"inbound":0,"outbound":0},"traffic_boost_suggestions_count":0,"meta":{"@context":"https:\/\/schema.org","@type":"NewsArticle","headline":"El hurac\u00e1n John azota la costa sur de M\u00e9xico tras intensificarse r\u00e1pidamente","url":"http:\/\/noticiasya.com\/midland-odessa\/2024\/09\/24\/huracan-john-azota-costa-sur-mexico-tras-intensificarse-rapidamente-trax\/","mainEntityOfPage":{"@type":"WebPage","@id":"http:\/\/noticiasya.com\/midland-odessa\/2024\/09\/24\/huracan-john-azota-costa-sur-mexico-tras-intensificarse-rapidamente-trax\/"},"thumbnailUrl":"","image":{"@type":"ImageObject","url":""},"articleSection":"Noticias Nacionales","author":[],"creator":[],"publisher":{"@type":"Organization","name":"Noticias","logo":""},"keywords":[],"dateCreated":"2024-09-24T08:03:44Z","datePublished":"2024-09-24T08:03:44Z","dateModified":"2024-09-24T08:03:44Z"},"rendered":"<script type=\"application\/ld+json\" class=\"wp-parsely-metadata\">{\"@context\":\"https:\\\/\\\/schema.org\",\"@type\":\"NewsArticle\",\"headline\":\"El hurac\\u00e1n John azota la costa sur de M\\u00e9xico tras intensificarse r\\u00e1pidamente\",\"url\":\"http:\\\/\\\/noticiasya.com\\\/midland-odessa\\\/2024\\\/09\\\/24\\\/huracan-john-azota-costa-sur-mexico-tras-intensificarse-rapidamente-trax\\\/\",\"mainEntityOfPage\":{\"@type\":\"WebPage\",\"@id\":\"http:\\\/\\\/noticiasya.com\\\/midland-odessa\\\/2024\\\/09\\\/24\\\/huracan-john-azota-costa-sur-mexico-tras-intensificarse-rapidamente-trax\\\/\"},\"thumbnailUrl\":\"\",\"image\":{\"@type\":\"ImageObject\",\"url\":\"\"},\"articleSection\":\"Noticias Nacionales\",\"author\":[],\"creator\":[],\"publisher\":{\"@type\":\"Organization\",\"name\":\"Noticias\",\"logo\":\"\"},\"keywords\":[],\"dateCreated\":\"2024-09-24T08:03:44Z\",\"datePublished\":\"2024-09-24T08:03:44Z\",\"dateModified\":\"2024-09-24T08:03:44Z\"}<\/script>","tracker_url":"https:\/\/cdn.parsely.com\/keys\/noticiasya.com\/p.js"},"jetpack_featured_media_url":"","jetpack-related-posts":[{"id":1463660,"url":"https:\/\/noticiasya.com\/midland-odessa\/2025\/06\/17\/cuando-huracan-tormenta-tropical-erick-categoria-orix\/","url_meta":{"origin":1452982,"position":0},"title":"\u00bfCu\u00e1ndo se convertir\u00e1 en hurac\u00e1n la tormenta tropical Erick y qu\u00e9 categor\u00eda alcanzar\u00e1?","author":"","date":"junio 17, 2025","format":false,"excerpt":"La tormenta tropical Erick, que se mueve frente a las costas del Pac\u00edfico mexicano, podr\u00eda fortalecerse hasta convertirse en hurac\u00e1n, seg\u00fan el Centro Nacional de Huracanes de EE.UU. y el Servicio Meteorol\u00f3gico Nacional de M\u00e9xico.Seg\u00fan el pron\u00f3stico del SMN, la tormenta tropical Erick podr\u00eda volverse hurac\u00e1n categor\u00eda 1 el mi\u00e9rcoles\u2026","rel":"","context":"In &quot;Noticias Nacionales&quot;","block_context":{"text":"Noticias Nacionales","link":"https:\/\/noticiasya.com\/midland-odessa\/categoria\/noticias-nacionales"},"img":{"alt_text":"","src":"","width":0,"height":0},"classes":[]},{"id":1463659,"url":"https:\/\/noticiasya.com\/midland-odessa\/2025\/06\/17\/lluvias-mexico-tormenta-tropical-erick-orix\/","url_meta":{"origin":1452982,"position":1},"title":"Emiten advertencia de hurac\u00e1n al este de Acapulco ante el r\u00e1pido fortalecimiento de la tormenta tropical Erick","author":"","date":"junio 17, 2025","format":false,"excerpt":"La tormenta tropical Erick, la quinta tormenta con nombre de la temporada de huracanes del Pac\u00edfico oriental, se form\u00f3 la madrugada del martes a unos 480 kil\u00f3metros al sur de la costa mexicana.Actualmente, Erick es una tormenta tropical d\u00e9bil, pero se espera que se intensifique r\u00e1pidamente en hurac\u00e1n para la\u2026","rel":"","context":"In &quot;Noticias Nacionales&quot;","block_context":{"text":"Noticias Nacionales","link":"https:\/\/noticiasya.com\/midland-odessa\/categoria\/noticias-nacionales"},"img":{"alt_text":"","src":"","width":0,"height":0},"classes":[]},{"id":1463621,"url":"https:\/\/noticiasya.com\/midland-odessa\/2025\/06\/17\/tormenta-tropical-erick-trayectoria-donde-esta-dirige-orix\/","url_meta":{"origin":1452982,"position":2},"title":"Trayectoria de la tormenta tropical Erick: d\u00f3nde est\u00e1 y hacia d\u00f3nde se dirige","author":"","date":"junio 17, 2025","format":false,"excerpt":"La tormenta tropical Erick, que se form\u00f3 en la madrugada de este martes frente a las costas del Pac\u00edfico mexicano, es un cicl\u00f3n que podr\u00eda fortalecerse significativamente antes de impactar la costa sur del pa\u00eds, donde hay una alerta de hurac\u00e1n, seg\u00fan el Centro Nacional de Huracanes de EE.UU. (NHC,\u2026","rel":"","context":"In &quot;Noticias Nacionales&quot;","block_context":{"text":"Noticias Nacionales","link":"https:\/\/noticiasya.com\/midland-odessa\/categoria\/noticias-nacionales"},"img":{"alt_text":"","src":"","width":0,"height":0},"classes":[]},{"id":1467731,"url":"https:\/\/noticiasya.com\/midland-odessa\/2025\/10\/25\/tormenta-tropical-melissa-huracan-categoria-4-impacto-catastrofico-jamaica-trax\/","url_meta":{"origin":1452982,"position":3},"title":"Se espera que la tormenta tropical Melissa se convierta en un hurac\u00e1n categor\u00eda 4 y tenga un impacto catastr\u00f3fico en Jamaica","author":"","date":"octubre 25, 2025","format":false,"excerpt":"Se pronostica que la tormenta tropical Melissa se intensificar\u00e1 r\u00e1pidamente y se convertir\u00e1 en un gran hurac\u00e1n este fin de semana mientras azota Jamaica y partes del norte del Caribe, provocando d\u00edas de impacto potencialmente catastr\u00f3fico y mortal.Jamaica parece ser el epicentro de la peor parte de la triple amenaza\u2026","rel":"","context":"In &quot;Noticias Nacionales&quot;","block_context":{"text":"Noticias Nacionales","link":"https:\/\/noticiasya.com\/midland-odessa\/categoria\/noticias-nacionales"},"img":{"alt_text":"","src":"","width":0,"height":0},"classes":[]},{"id":1467624,"url":"https:\/\/noticiasya.com\/midland-odessa\/2025\/10\/22\/melissa-caribe-grave-amenaza-inundaciones-trax\/","url_meta":{"origin":1452982,"position":4},"title":"Melissa avanza lentamente en el Caribe con una trayectoria dif\u00edcil de precisar y representa una grave amenaza de inundaciones","author":"","date":"octubre 22, 2025","format":false,"excerpt":"La tormenta tropical Melissa avanza lentamente por el mar Caribe, amenazando con generar inundaciones y deslizamientos de tierra potencialmente mortales en partes de la regi\u00f3n a finales de esta semana.La temporada de huracanes del Atl\u00e1ntico de este a\u00f1o a\u00fan no ha terminado, y Melissa tiene mucho tiempo y combustible por\u2026","rel":"","context":"In &quot;Noticias Nacionales&quot;","block_context":{"text":"Noticias Nacionales","link":"https:\/\/noticiasya.com\/midland-odessa\/categoria\/noticias-nacionales"},"img":{"alt_text":"","src":"","width":0,"height":0},"classes":[]},{"id":1467741,"url":"https:\/\/noticiasya.com\/midland-odessa\/2025\/10\/25\/melissa-huracan-trax\/","url_meta":{"origin":1452982,"position":5},"title":"Melissa se convierte en hurac\u00e1n y se prev\u00e9 que se intensifique r\u00e1pidamente este fin de semana","author":"","date":"octubre 25, 2025","format":false,"excerpt":"Melissa se fortaleci\u00f3 hasta convertirse en un hurac\u00e1n de categor\u00eda 1 con vientos de 120 km\/h, seg\u00fan inform\u00f3 este s\u00e1bado el Centro Nacional de Huracanes de EE.UU. (NHC, en ingl\u00e9s).El centro de la tormenta se encuentra a 233 km al sureste de Kingston, Jamaica, y se desplaza a tan solo\u2026","rel":"","context":"In &quot;Noticias Nacionales&quot;","block_context":{"text":"Noticias Nacionales","link":"https:\/\/noticiasya.com\/midland-odessa\/categoria\/noticias-nacionales"},"img":{"alt_text":"","src":"","width":0,"height":0},"classes":[]}],"jetpack_sharing_enabled":true,"_links":{"self":[{"href":"https:\/\/noticiasya.com\/midland-odessa\/wp-json\/wp\/v2\/posts\/1452982","targetHints":{"allow":["GET"]}}],"collection":[{"href":"https:\/\/noticiasya.com\/midland-odessa\/wp-json\/wp\/v2\/posts"}],"about":[{"href":"https:\/\/noticiasya.com\/midland-odessa\/wp-json\/wp\/v2\/types\/post"}],"replies":[{"embeddable":true,"href":"https:\/\/noticiasya.com\/midland-odessa\/wp-json\/wp\/v2\/comments?post=1452982"}],"version-history":[{"count":0,"href":"https:\/\/noticiasya.com\/midland-odessa\/wp-json\/wp\/v2\/posts\/1452982\/revisions"}],"wp:attachment":[{"href":"https:\/\/noticiasya.com\/midland-odessa\/wp-json\/wp\/v2\/media?parent=1452982"}],"wp:term":[{"taxonomy":"category","embeddable":true,"href":"https:\/\/noticiasya.com\/midland-odessa\/wp-json\/wp\/v2\/categories?post=1452982"},{"taxonomy":"post_tag","embeddable":true,"href":"https:\/\/noticiasya.com\/midland-odessa\/wp-json\/wp\/v2\/tags?post=1452982"}],"curies":[{"name":"wp","href":"https:\/\/api.w.org\/{rel}","templated":true}]}}