{"id":1452990,"date":"2024-09-24T10:03:52","date_gmt":"2024-09-24T17:03:52","guid":{"rendered":"https:\/\/noticiasya.com\/2024\/09\/24\/efrain-morales-lopez-conagua-gabinete-sheinbaum-mexico-orix\/"},"modified":"2024-09-24T10:03:52","modified_gmt":"2024-09-24T17:03:52","slug":"efrain-morales-lopez-conagua-gabinete-sheinbaum-mexico-orix","status":"publish","type":"post","link":"https:\/\/noticiasya.com\/midland-odessa\/2024\/09\/24\/efrain-morales-lopez-conagua-gabinete-sheinbaum-mexico-orix\/","title":{"rendered":"\u00bfQui\u00e9n es Efra\u00edn Morales L\u00f3pez, pr\u00f3ximo titular de Conagua?"},"content":{"rendered":"<p>(CNN Espa\u00f1ol) &#8212; Efra\u00edn Morales L\u00f3pez ser\u00e1 el titular de la Comisi\u00f3n Nacional del Agua (Conagua) en el Gobierno de la presidenta Claudia Sheinbaum Pardo.<\/p>\n<p>La Conagua se encarga de administrar y preservar los recursos h\u00eddricos de M\u00e9xico, asegurando su uso sostenible y protegiendo sus bienes p\u00fablicos asociados.<\/p>\n<p>\u00bfQui\u00e9nes son los ministros del Gobierno de Claudia Sheinbaum en M\u00e9xico? Este es su gabinete<\/p>\n<p>Morales es abogado por la Universidad del Valle de M\u00e9xico y durante la campa\u00f1a presidencial se desempe\u00f1\u00f3 como coordinador en la primera circunscripci\u00f3n electoral del pa\u00eds, integrada por los estados de Baja California, Baja California Sur, Chihuahua, Durango, Jalisco, Nayarit, Sinaloa y Sonora, con cabecera en la ciudad de Guadalajara, Jalisco.<\/p>\n<p>El pr\u00f3ximo titular de Conagua tambi\u00e9n fue subsecretario de Gobierno de Sheinbaum durante su mandato en la Ciudad de M\u00e9xico entre 2020 y 2021.<\/p>\n<p>Morales se desempe\u00f1\u00f3 adem\u00e1s como subsecretario de Servicios Urbanos en la Secretar\u00eda de Obras y Servicios (Sobse), donde fue responsable de tres proyectos: Senderos Camina Libre, Camina Segura; el tratamiento de residuos s\u00f3lidos y el programa Sembrando Parques.<\/p>\n<p>De 2015 a 2018, Morales fue director general de Educaci\u00f3n B\u00e1sica y coordinador general de Educaci\u00f3n en la Secretar\u00eda de Educaci\u00f3n de la Ciudad de M\u00e9xico, en el sexenio de Miguel \u00c1ngel Mancera.<\/p>\n<p>Adem\u00e1s, fue diputado local en la VI Legislatura de la entonces Asamblea Legislativa del Distrito Federal (2012-2015), donde ejerci\u00f3 como presidente de la mesa directiva.<\/p>\n<p>The-CNN-Wire<br \/>&trade; &amp; &copy; 2024 Cable News Network, Inc., a Warner Bros. Discovery Company. All rights reserved.<\/p>\n","protected":false},"excerpt":{"rendered":"<p>(CNN Espa\u00f1ol) &#8212; Efra\u00edn Morales L\u00f3pez ser\u00e1 el titular de la Comisi\u00f3n Nacional del Agua (Conagua) en el Gobierno de la presidenta Claudia Sheinbaum Pardo. La Conagua se encarga de administrar y preservar los recursos h\u00eddricos de M\u00e9xico, asegurando su uso sostenible y protegiendo sus bienes p\u00fablicos asociados. \u00bfQui\u00e9nes son los ministros del Gobierno de [&hellip;]<\/p>\n","protected":false},"author":0,"featured_media":0,"comment_status":"open","ping_status":"open","sticky":false,"template":"","format":"standard","meta":{"_jetpack_memberships_contains_paid_content":false,"footnotes":""},"categories":[10],"tags":[],"class_list":["post-1452990","post","type-post","status-publish","format-standard","hentry","category-noticias-nacionales","market-global"],"yoast_head":"<!-- This site is optimized with the Yoast SEO plugin v24.4 - https:\/\/yoast.com\/wordpress\/plugins\/seo\/ -->\n<title>\u00bfQui\u00e9n es Efra\u00edn Morales L\u00f3pez, pr\u00f3ximo titular de Conagua? - Noticias<\/title>\n<meta name=\"robots\" content=\"index, follow, max-snippet:-1, max-image-preview:large, max-video-preview:-1\" \/>\n<link rel=\"canonical\" href=\"https:\/\/noticiasya.com\/2024\/09\/24\/efrain-morales-lopez-conagua-gabinete-sheinbaum-mexico-orix\/\" \/>\n<meta property=\"og:locale\" content=\"es_ES\" \/>\n<meta property=\"og:type\" content=\"article\" \/>\n<meta property=\"og:title\" content=\"\u00bfQui\u00e9n es Efra\u00edn Morales L\u00f3pez, pr\u00f3ximo titular de Conagua? - Noticias\" \/>\n<meta property=\"og:description\" content=\"(CNN Espa\u00f1ol) &#8212; Efra\u00edn Morales L\u00f3pez ser\u00e1 el titular de la Comisi\u00f3n Nacional del Agua (Conagua) en el Gobierno de la presidenta Claudia Sheinbaum Pardo. La Conagua se encarga de administrar y preservar los recursos h\u00eddricos de M\u00e9xico, asegurando su uso sostenible y protegiendo sus bienes p\u00fablicos asociados. \u00bfQui\u00e9nes son los ministros del Gobierno de [&hellip;]\" \/>\n<meta property=\"og:url\" content=\"https:\/\/noticiasya.com\/2024\/09\/24\/efrain-morales-lopez-conagua-gabinete-sheinbaum-mexico-orix\/\" \/>\n<meta property=\"og:site_name\" content=\"Noticias\" \/>\n<meta property=\"article:published_time\" content=\"2024-09-24T17:03:52+00:00\" \/>\n<meta name=\"twitter:card\" content=\"summary_large_image\" \/>\n<meta name=\"twitter:label1\" content=\"Est. reading time\" \/>\n\t<meta name=\"twitter:data1\" content=\"1 minuto\" \/>\n<script type=\"application\/ld+json\" class=\"yoast-schema-graph\">{\"@context\":\"https:\/\/schema.org\",\"@graph\":[{\"@type\":\"Article\",\"@id\":\"https:\/\/noticiasya.com\/2024\/09\/24\/efrain-morales-lopez-conagua-gabinete-sheinbaum-mexico-orix\/#article\",\"isPartOf\":{\"@id\":\"https:\/\/noticiasya.com\/2024\/09\/24\/efrain-morales-lopez-conagua-gabinete-sheinbaum-mexico-orix\/\"},\"author\":{\"name\":\"\",\"@id\":\"\"},\"headline\":\"\u00bfQui\u00e9n es Efra\u00edn Morales L\u00f3pez, pr\u00f3ximo titular de Conagua?\",\"datePublished\":\"2024-09-24T17:03:52+00:00\",\"mainEntityOfPage\":{\"@id\":\"https:\/\/noticiasya.com\/2024\/09\/24\/efrain-morales-lopez-conagua-gabinete-sheinbaum-mexico-orix\/\"},\"wordCount\":285,\"commentCount\":0,\"publisher\":{\"@id\":\"https:\/\/noticiasya.com\/#organization\"},\"articleSection\":[\"Noticias Nacionales\"],\"inLanguage\":\"es\",\"potentialAction\":[{\"@type\":\"CommentAction\",\"name\":\"Comment\",\"target\":[\"https:\/\/noticiasya.com\/2024\/09\/24\/efrain-morales-lopez-conagua-gabinete-sheinbaum-mexico-orix\/#respond\"]}]},{\"@type\":\"WebPage\",\"@id\":\"https:\/\/noticiasya.com\/2024\/09\/24\/efrain-morales-lopez-conagua-gabinete-sheinbaum-mexico-orix\/\",\"url\":\"https:\/\/noticiasya.com\/2024\/09\/24\/efrain-morales-lopez-conagua-gabinete-sheinbaum-mexico-orix\/\",\"name\":\"\u00bfQui\u00e9n es Efra\u00edn Morales L\u00f3pez, pr\u00f3ximo titular de Conagua? - Noticias\",\"isPartOf\":{\"@id\":\"https:\/\/noticiasya.com\/#website\"},\"datePublished\":\"2024-09-24T17:03:52+00:00\",\"breadcrumb\":{\"@id\":\"https:\/\/noticiasya.com\/2024\/09\/24\/efrain-morales-lopez-conagua-gabinete-sheinbaum-mexico-orix\/#breadcrumb\"},\"inLanguage\":\"es\",\"potentialAction\":[{\"@type\":\"ReadAction\",\"target\":[\"https:\/\/noticiasya.com\/2024\/09\/24\/efrain-morales-lopez-conagua-gabinete-sheinbaum-mexico-orix\/\"]}]},{\"@type\":\"BreadcrumbList\",\"@id\":\"https:\/\/noticiasya.com\/2024\/09\/24\/efrain-morales-lopez-conagua-gabinete-sheinbaum-mexico-orix\/#breadcrumb\",\"itemListElement\":[{\"@type\":\"ListItem\",\"position\":1,\"name\":\"Home\",\"item\":\"https:\/\/noticiasya.com\/\"},{\"@type\":\"ListItem\",\"position\":2,\"name\":\"\u00bfQui\u00e9n es Efra\u00edn Morales L\u00f3pez, pr\u00f3ximo titular de Conagua?\"}]},{\"@type\":\"WebSite\",\"@id\":\"https:\/\/noticiasya.com\/#website\",\"url\":\"https:\/\/noticiasya.com\/\",\"name\":\"Noticias\",\"description\":\"Lo que importa\",\"publisher\":{\"@id\":\"https:\/\/noticiasya.com\/#organization\"},\"potentialAction\":[{\"@type\":\"SearchAction\",\"target\":{\"@type\":\"EntryPoint\",\"urlTemplate\":\"https:\/\/noticiasya.com\/?s={search_term_string}\"},\"query-input\":{\"@type\":\"PropertyValueSpecification\",\"valueRequired\":true,\"valueName\":\"search_term_string\"}}],\"inLanguage\":\"es\"},{\"@type\":\"Organization\",\"@id\":\"https:\/\/noticiasya.com\/#organization\",\"name\":\"Noticias\",\"url\":\"https:\/\/noticiasya.com\/\",\"logo\":{\"@type\":\"ImageObject\",\"inLanguage\":\"es\",\"@id\":\"https:\/\/noticiasya.com\/#\/schema\/logo\/image\/\",\"url\":\"https:\/\/noticiasya.com\/wp-content\/uploads\/sites\/22\/2023\/12\/logo-nacional.png\",\"contentUrl\":\"https:\/\/noticiasya.com\/wp-content\/uploads\/sites\/22\/2023\/12\/logo-nacional.png\",\"width\":1801,\"height\":691,\"caption\":\"Noticias\"},\"image\":{\"@id\":\"https:\/\/noticiasya.com\/#\/schema\/logo\/image\/\"}}]}<\/script>\n<!-- \/ Yoast SEO plugin. -->","yoast_head_json":{"title":"\u00bfQui\u00e9n es Efra\u00edn Morales L\u00f3pez, pr\u00f3ximo titular de Conagua? - Noticias","robots":{"index":"index","follow":"follow","max-snippet":"max-snippet:-1","max-image-preview":"max-image-preview:large","max-video-preview":"max-video-preview:-1"},"canonical":"https:\/\/noticiasya.com\/2024\/09\/24\/efrain-morales-lopez-conagua-gabinete-sheinbaum-mexico-orix\/","og_locale":"es_ES","og_type":"article","og_title":"\u00bfQui\u00e9n es Efra\u00edn Morales L\u00f3pez, pr\u00f3ximo titular de Conagua? - Noticias","og_description":"(CNN Espa\u00f1ol) &#8212; Efra\u00edn Morales L\u00f3pez ser\u00e1 el titular de la Comisi\u00f3n Nacional del Agua (Conagua) en el Gobierno de la presidenta Claudia Sheinbaum Pardo. La Conagua se encarga de administrar y preservar los recursos h\u00eddricos de M\u00e9xico, asegurando su uso sostenible y protegiendo sus bienes p\u00fablicos asociados. \u00bfQui\u00e9nes son los ministros del Gobierno de [&hellip;]","og_url":"https:\/\/noticiasya.com\/2024\/09\/24\/efrain-morales-lopez-conagua-gabinete-sheinbaum-mexico-orix\/","og_site_name":"Noticias","article_published_time":"2024-09-24T17:03:52+00:00","twitter_card":"summary_large_image","twitter_misc":{"Est. reading time":"1 minuto"},"schema":{"@context":"https:\/\/schema.org","@graph":[{"@type":"Article","@id":"https:\/\/noticiasya.com\/2024\/09\/24\/efrain-morales-lopez-conagua-gabinete-sheinbaum-mexico-orix\/#article","isPartOf":{"@id":"https:\/\/noticiasya.com\/2024\/09\/24\/efrain-morales-lopez-conagua-gabinete-sheinbaum-mexico-orix\/"},"author":{"name":"","@id":""},"headline":"\u00bfQui\u00e9n es Efra\u00edn Morales L\u00f3pez, pr\u00f3ximo titular de Conagua?","datePublished":"2024-09-24T17:03:52+00:00","mainEntityOfPage":{"@id":"https:\/\/noticiasya.com\/2024\/09\/24\/efrain-morales-lopez-conagua-gabinete-sheinbaum-mexico-orix\/"},"wordCount":285,"commentCount":0,"publisher":{"@id":"https:\/\/noticiasya.com\/#organization"},"articleSection":["Noticias Nacionales"],"inLanguage":"es","potentialAction":[{"@type":"CommentAction","name":"Comment","target":["https:\/\/noticiasya.com\/2024\/09\/24\/efrain-morales-lopez-conagua-gabinete-sheinbaum-mexico-orix\/#respond"]}]},{"@type":"WebPage","@id":"https:\/\/noticiasya.com\/2024\/09\/24\/efrain-morales-lopez-conagua-gabinete-sheinbaum-mexico-orix\/","url":"https:\/\/noticiasya.com\/2024\/09\/24\/efrain-morales-lopez-conagua-gabinete-sheinbaum-mexico-orix\/","name":"\u00bfQui\u00e9n es Efra\u00edn Morales L\u00f3pez, pr\u00f3ximo titular de Conagua? - Noticias","isPartOf":{"@id":"https:\/\/noticiasya.com\/#website"},"datePublished":"2024-09-24T17:03:52+00:00","breadcrumb":{"@id":"https:\/\/noticiasya.com\/2024\/09\/24\/efrain-morales-lopez-conagua-gabinete-sheinbaum-mexico-orix\/#breadcrumb"},"inLanguage":"es","potentialAction":[{"@type":"ReadAction","target":["https:\/\/noticiasya.com\/2024\/09\/24\/efrain-morales-lopez-conagua-gabinete-sheinbaum-mexico-orix\/"]}]},{"@type":"BreadcrumbList","@id":"https:\/\/noticiasya.com\/2024\/09\/24\/efrain-morales-lopez-conagua-gabinete-sheinbaum-mexico-orix\/#breadcrumb","itemListElement":[{"@type":"ListItem","position":1,"name":"Home","item":"https:\/\/noticiasya.com\/"},{"@type":"ListItem","position":2,"name":"\u00bfQui\u00e9n es Efra\u00edn Morales L\u00f3pez, pr\u00f3ximo titular de Conagua?"}]},{"@type":"WebSite","@id":"https:\/\/noticiasya.com\/#website","url":"https:\/\/noticiasya.com\/","name":"Noticias","description":"Lo que importa","publisher":{"@id":"https:\/\/noticiasya.com\/#organization"},"potentialAction":[{"@type":"SearchAction","target":{"@type":"EntryPoint","urlTemplate":"https:\/\/noticiasya.com\/?s={search_term_string}"},"query-input":{"@type":"PropertyValueSpecification","valueRequired":true,"valueName":"search_term_string"}}],"inLanguage":"es"},{"@type":"Organization","@id":"https:\/\/noticiasya.com\/#organization","name":"Noticias","url":"https:\/\/noticiasya.com\/","logo":{"@type":"ImageObject","inLanguage":"es","@id":"https:\/\/noticiasya.com\/#\/schema\/logo\/image\/","url":"https:\/\/noticiasya.com\/wp-content\/uploads\/sites\/22\/2023\/12\/logo-nacional.png","contentUrl":"https:\/\/noticiasya.com\/wp-content\/uploads\/sites\/22\/2023\/12\/logo-nacional.png","width":1801,"height":691,"caption":"Noticias"},"image":{"@id":"https:\/\/noticiasya.com\/#\/schema\/logo\/image\/"}}]}},"parsely":{"version":"1.1.0","canonical_url":"https:\/\/noticiasya.com\/midland-odessa\/2024\/09\/24\/efrain-morales-lopez-conagua-gabinete-sheinbaum-mexico-orix\/","smart_links":{"inbound":0,"outbound":0},"traffic_boost_suggestions_count":0,"meta":{"@context":"https:\/\/schema.org","@type":"NewsArticle","headline":"\u00bfQui\u00e9n es Efra\u00edn Morales L\u00f3pez, pr\u00f3ximo titular de Conagua?","url":"http:\/\/noticiasya.com\/midland-odessa\/2024\/09\/24\/efrain-morales-lopez-conagua-gabinete-sheinbaum-mexico-orix\/","mainEntityOfPage":{"@type":"WebPage","@id":"http:\/\/noticiasya.com\/midland-odessa\/2024\/09\/24\/efrain-morales-lopez-conagua-gabinete-sheinbaum-mexico-orix\/"},"thumbnailUrl":"","image":{"@type":"ImageObject","url":""},"articleSection":"Noticias Nacionales","author":[],"creator":[],"publisher":{"@type":"Organization","name":"Noticias","logo":""},"keywords":[],"dateCreated":"2024-09-24T17:03:52Z","datePublished":"2024-09-24T17:03:52Z","dateModified":"2024-09-24T17:03:52Z"},"rendered":"<script type=\"application\/ld+json\" class=\"wp-parsely-metadata\">{\"@context\":\"https:\\\/\\\/schema.org\",\"@type\":\"NewsArticle\",\"headline\":\"\\u00bfQui\\u00e9n es Efra\\u00edn Morales L\\u00f3pez, pr\\u00f3ximo titular de Conagua?\",\"url\":\"http:\\\/\\\/noticiasya.com\\\/midland-odessa\\\/2024\\\/09\\\/24\\\/efrain-morales-lopez-conagua-gabinete-sheinbaum-mexico-orix\\\/\",\"mainEntityOfPage\":{\"@type\":\"WebPage\",\"@id\":\"http:\\\/\\\/noticiasya.com\\\/midland-odessa\\\/2024\\\/09\\\/24\\\/efrain-morales-lopez-conagua-gabinete-sheinbaum-mexico-orix\\\/\"},\"thumbnailUrl\":\"\",\"image\":{\"@type\":\"ImageObject\",\"url\":\"\"},\"articleSection\":\"Noticias Nacionales\",\"author\":[],\"creator\":[],\"publisher\":{\"@type\":\"Organization\",\"name\":\"Noticias\",\"logo\":\"\"},\"keywords\":[],\"dateCreated\":\"2024-09-24T17:03:52Z\",\"datePublished\":\"2024-09-24T17:03:52Z\",\"dateModified\":\"2024-09-24T17:03:52Z\"}<\/script>","tracker_url":"https:\/\/cdn.parsely.com\/keys\/noticiasya.com\/p.js"},"jetpack_featured_media_url":"","jetpack-related-posts":[{"id":1452672,"url":"https:\/\/noticiasya.com\/midland-odessa\/2024\/09\/14\/trayectoria-tormenta-tropical-ileana-donde-esta-y-hacia-donde-dirige-orix\/","url_meta":{"origin":1452990,"position":0},"title":"Trayectoria de la tormenta tropical Ileana: d\u00f3nde est\u00e1 y hacia d\u00f3nde se dirige","author":"","date":"septiembre 14, 2024","format":false,"excerpt":"(CNN Espa\u00f1ol) --\u00a0Ileana se desplaza en la zona cercana a las costas de Baja California Sur, M\u00e9xico, a una velocidad de 11 kil\u00f3metros por hora, con vientos sostenidos de 65 kil\u00f3metros por hora, de acuerdo con un reporte de este s\u00e1bado del Centro Nacional de Huracanes de EE.UU. (National Hurricane\u2026","rel":"","context":"In &quot;Noticias Nacionales&quot;","block_context":{"text":"Noticias Nacionales","link":"https:\/\/noticiasya.com\/midland-odessa\/categoria\/noticias-nacionales"},"img":{"alt_text":"","src":"","width":0,"height":0},"classes":[]},{"id":1455257,"url":"https:\/\/noticiasya.com\/midland-odessa\/2024\/10\/19\/trayectoria-tormenta-tropical-nadine-orix\/","url_meta":{"origin":1452990,"position":1},"title":"Trayectoria de la depresi\u00f3n tropical Nadine: d\u00f3nde est\u00e1 y hacia d\u00f3nde se dirige","author":"","date":"octubre 19, 2024","format":false,"excerpt":"(CNN Espa\u00f1ol) --\u00a0La tormenta tropical Nadine se degrad\u00f3 a depresi\u00f3n tropical este s\u00e1bado sobre el norte de Guatemala, inform\u00f3 la Comisi\u00f3n Nacional del Agua (Conagua) de M\u00e9xico en su reporte de las 8:00 p.m. ET.El centro de Nadine toc\u00f3 tierra a las 12 p.m. ET en las inmediaciones de Belice,\u2026","rel":"","context":"In &quot;Noticias Nacionales&quot;","block_context":{"text":"Noticias Nacionales","link":"https:\/\/noticiasya.com\/midland-odessa\/categoria\/noticias-nacionales"},"img":{"alt_text":"","src":"","width":0,"height":0},"classes":[]},{"id":1450890,"url":"https:\/\/noticiasya.com\/midland-odessa\/2024\/07\/05\/mario-delgado-carrillo-titular-secretaria-educacion-publica-sheinbaum-orix\/","url_meta":{"origin":1452990,"position":2},"title":"Qui\u00e9n es Mario Delgado Carrillo, pr\u00f3ximo secretario de Educaci\u00f3n P\u00fablica de M\u00e9xico","author":"","date":"julio 5, 2024","format":false,"excerpt":"(CNN Espa\u00f1ol) -- Mario Delgado Carrillo, actual presidente nacional del partido oficialista Movimiento de Regeneraci\u00f3n Nacional (Morena), ser\u00e1 el pr\u00f3ximo titular de la Secretar\u00eda de Educaci\u00f3n P\u00fablica (SEP), inform\u00f3 este jueves 4 de julio \u00a0durante una conferencia Claudia Sheinbaum, ganadora de la elecci\u00f3n presidencial en M\u00e9xico.\u00bfQui\u00e9n es Mario Delgado ?Mario\u2026","rel":"","context":"In &quot;Noticias Nacionales&quot;","block_context":{"text":"Noticias Nacionales","link":"https:\/\/noticiasya.com\/midland-odessa\/categoria\/noticias-nacionales"},"img":{"alt_text":"","src":"","width":0,"height":0},"classes":[]},{"id":1452787,"url":"https:\/\/noticiasya.com\/midland-odessa\/2024\/09\/18\/quien-es-cesar-ivan-escalante-ruiz-titular-de-la-procuraduria-del-consumidor-orix\/","url_meta":{"origin":1452990,"position":3},"title":"Qui\u00e9n es C\u00e9sar Iv\u00e1n Escalante Ruiz el titular de la Procuradur\u00eda del Consumidor que design\u00f3 Claudia Sheinbaum","author":"","date":"septiembre 18, 2024","format":false,"excerpt":"(CNN Espa\u00f1ol) -- La presidenta electa de M\u00e9xico, Claudia Sheinbaum, design\u00f3 a C\u00e9sar Iv\u00e1n Escalante Ruiz como pr\u00f3ximo titular de la Procuradur\u00eda Federal del Consumidor (Profeco). Escalante es un viejo colaborador de la presidenta electa y se le considera una figura clave en su estrategia de comunicaci\u00f3n desde hace 10\u2026","rel":"","context":"In &quot;Noticias Nacionales&quot;","block_context":{"text":"Noticias Nacionales","link":"https:\/\/noticiasya.com\/midland-odessa\/categoria\/noticias-nacionales"},"img":{"alt_text":"","src":"","width":0,"height":0},"classes":[]},{"id":1454927,"url":"https:\/\/noticiasya.com\/midland-odessa\/2024\/10\/03\/depresion-tropical-once-e-se-degrada-baja-presion-orix\/","url_meta":{"origin":1452990,"position":4},"title":"Depresi\u00f3n tropical Once-E se degrada a baja presi\u00f3n frente a las costas del Pac\u00edfico mexicano","author":"","date":"octubre 3, 2024","format":false,"excerpt":"(CNN Espa\u00f1ol) -- La Comisi\u00f3n Nacional del Agua de M\u00e9xico (Conagua) anunci\u00f3 este jueves que la depresi\u00f3n tropical Once-E se hab\u00eda degradado a un sistema de baja presi\u00f3n.No obstante, Conagua a\u00f1adi\u00f3 que el sistema mantendr\u00e1 lluvias intensas en el sur y sureste del pa\u00eds.\u201cSe prev\u00e9n vientos con rachas de 60\u2026","rel":"","context":"In &quot;Noticias Nacionales&quot;","block_context":{"text":"Noticias Nacionales","link":"https:\/\/noticiasya.com\/midland-odessa\/categoria\/noticias-nacionales"},"img":{"alt_text":"","src":"","width":0,"height":0},"classes":[]},{"id":1450562,"url":"https:\/\/noticiasya.com\/midland-odessa\/2024\/06\/20\/quienes-son-ministros-gobierno-claudia-sheinbaum-gabinete-mexico-orix\/","url_meta":{"origin":1452990,"position":5},"title":"\u00bfQui\u00e9nes son los ministros del Gobierno de Claudia Sheinbaum en M\u00e9xico? Este es su gabinete","author":"","date":"junio 20, 2024","format":false,"excerpt":"(CNN Espa\u00f1ol) -- La pr\u00f3xima presidenta de M\u00e9xico, Claudia Sheinbaum, est\u00e1 conformando su gabinete para su mandato 2024-2030. El jueves 20 de junio anunci\u00f3 los primeros seis nombres y la pr\u00f3xima semana anunciar\u00e1 otros seis.Estos son los miembros del gabinete confirmados hasta el momento:Marcelo Ebrard, secretario de Econom\u00edaMarcelo Luis Ebrard\u2026","rel":"","context":"In &quot;Noticias Nacionales&quot;","block_context":{"text":"Noticias Nacionales","link":"https:\/\/noticiasya.com\/midland-odessa\/categoria\/noticias-nacionales"},"img":{"alt_text":"","src":"","width":0,"height":0},"classes":[]}],"jetpack_sharing_enabled":true,"_links":{"self":[{"href":"https:\/\/noticiasya.com\/midland-odessa\/wp-json\/wp\/v2\/posts\/1452990","targetHints":{"allow":["GET"]}}],"collection":[{"href":"https:\/\/noticiasya.com\/midland-odessa\/wp-json\/wp\/v2\/posts"}],"about":[{"href":"https:\/\/noticiasya.com\/midland-odessa\/wp-json\/wp\/v2\/types\/post"}],"replies":[{"embeddable":true,"href":"https:\/\/noticiasya.com\/midland-odessa\/wp-json\/wp\/v2\/comments?post=1452990"}],"version-history":[{"count":0,"href":"https:\/\/noticiasya.com\/midland-odessa\/wp-json\/wp\/v2\/posts\/1452990\/revisions"}],"wp:attachment":[{"href":"https:\/\/noticiasya.com\/midland-odessa\/wp-json\/wp\/v2\/media?parent=1452990"}],"wp:term":[{"taxonomy":"category","embeddable":true,"href":"https:\/\/noticiasya.com\/midland-odessa\/wp-json\/wp\/v2\/categories?post=1452990"},{"taxonomy":"post_tag","embeddable":true,"href":"https:\/\/noticiasya.com\/midland-odessa\/wp-json\/wp\/v2\/tags?post=1452990"}],"curies":[{"name":"wp","href":"https:\/\/api.w.org\/{rel}","templated":true}]}}