{"id":1452991,"date":"2024-09-24T11:03:49","date_gmt":"2024-09-24T18:03:49","guid":{"rendered":"https:\/\/noticiasya.com\/2024\/09\/24\/biden-asamblea-onu-desafios-globales-optimista-trax\/"},"modified":"2024-09-24T11:03:49","modified_gmt":"2024-09-24T18:03:49","slug":"biden-asamblea-onu-desafios-globales-optimista-trax","status":"publish","type":"post","link":"https:\/\/noticiasya.com\/midland-odessa\/2024\/09\/24\/biden-asamblea-onu-desafios-globales-optimista-trax\/","title":{"rendered":"En su \u00faltimo discurso como presidente, Biden expone ante la Asamblea de la ONU sobre los desaf\u00edos globales y se muestra optimista"},"content":{"rendered":"<p>(CNN) &#8212; El presidente Joe Biden utiliz\u00f3 su \u00faltimo discurso ante la Asamblea General de las Naciones Unidas para exponer sobre los desaf\u00edos que enfrenta el mundo, pero lo impregn\u00f3 de optimismo y llamados a la paz por parte de los l\u00edderes mundiales.<\/p>\n<p>Ahora puedes seguirnos en\u00a0WhatsApp Channel<\/p>\n<p>&#171;Reconozco los desaf\u00edos desde Ucrania hasta Gaza, Sud\u00e1n y m\u00e1s all\u00e1&#187;, dijo Biden, hablando ante cientos de l\u00edderes mundiales en la ONU. &#171;Guerra, hambre, terrorismo, brutalidad, desplazamiento r\u00e9cord de personas, la crisis clim\u00e1tica, la democracia en riesgo. Tensiones en nuestras sociedades&#8230; la lista contin\u00faa, pero tal vez por todo lo que he visto y todo lo que hemos hecho juntos a lo largo de las d\u00e9cadas, tengo esperanza. S\u00e9 que hay un camino&#187;.<\/p>\n<p>Los l\u00edderes mundiales se encuentran en la ciudad de Nueva York para la 79\u00aa Asamblea General de las Naciones Unidas, donde debaten cuestiones de la agenda global y exponen las prioridades de sus pa\u00edses. Los discursos oficiales comenzaron esta ma\u00f1ana, con los discursos de Biden y del presidente de Brasil, In\u00e1cio Lula da Silva.<\/p>\n<p>Biden quiere pulir su legado en pol\u00edtica exterior en la ONU mientras los l\u00edderes se enfrentan a un mundo en llamas<\/p>\n<p>Habl\u00f3 sobre la &#171;dif\u00edcil&#187; decisi\u00f3n de abandonar su candidatura a la reelecci\u00f3n, diciendo que servir como presidente fue el &#171;honor&#187; de su vida&#187; y que quer\u00eda hacer a\u00fan m\u00e1s.<\/p>\n<p>&#171;Algunas cosas son m\u00e1s importantes que mantenerse en el poder&#187;, dijo Biden, hablando directamente a los l\u00edderes en la sala: &#171;Son su gente. Estamos aqu\u00ed para servir a la gente, no al rev\u00e9s&#187;, dijo.<\/p>\n<p>Detall\u00f3 c\u00f3mo el pa\u00eds estaba &#171;dividido y enojado&#187; cuando fue elegido por primera vez para un cargo nacional hace cinco d\u00e9cadas, pero agreg\u00f3 que incluso entonces entr\u00f3 en la vida p\u00fablica, &#171;no por desesperaci\u00f3n, sino por optimismo&#187;.<\/p>\n<p>Biden habl\u00f3 sobre su diplomacia con Vietnam, defini\u00e9ndola como un &#171;testimonio de la resiliencia del esp\u00edritu humano y la capacidad de reconciliaci\u00f3n&#187;, y que los dos pa\u00edses ahora son &#171;socios y amigos&#187;.<\/p>\n<p>El presidente de Estados Unidos, Joe Biden, saluda al salir del escenario durante la Asamblea General de las Naciones Unidas (AGNU) en la sede de las Naciones Unidas el 24 de septiembre de 2024 en la ciudad de Nueva York. (Foto de Michael M. Santiago\/Getty Images)<\/p>\n<p>&#171;Es una prueba de que incluso desde los horrores de la guerra, hab\u00eda un camino a seguir, las cosas pueden mejorar&#187;, dijo.<\/p>\n<p>El presidente tambi\u00e9n se centr\u00f3 en su &#171;dolorosa&#187; decisi\u00f3n de poner fin a la guerra de EE.UU. en Afganist\u00e1n, pero dijo que estaba &#171;decidido a terminarla&#187; y no dejarla para una quinta administraci\u00f3n presidencial. Mencion\u00f3 a los miembros del servicio estadounidense que murieron durante la ca\u00f3tica salida militar del pa\u00eds, diciendo que pensaba en esas vidas perdidas &#171;todos los d\u00edas&#187;.<\/p>\n<p>Biden inst\u00f3 al mundo a no abandonar a Ucrania en su guerra contra Rusia, diciendo que la guerra de Putin, en su esencia, ya hab\u00eda fracasado.<\/p>\n<p>&#171;Se propuso destruir Ucrania&#187;, dijo Biden. &#171;Pero Ucrania sigue siendo libre&#187;, a\u00f1adi\u00f3.<\/p>\n<p>El Consejo de Seguridad de la ONU tiene previsto celebrar una sesi\u00f3n especial sobre Ucrania, en la que hablar\u00e1 el presidente, Volodymyr Zelensky.<\/p>\n<p>Sobre China, Biden dijo que EE.UU. estaba &#171;listo para cooperar en desaf\u00edos urgentes por el bien de la gente de EE.UU. y la gente de todas partes&#187;, y dijo que apreciaba la reanudaci\u00f3n de la cooperaci\u00f3n sobre el flujo de narc\u00f3ticos sint\u00e9ticos. Pero agreg\u00f3: &#171;(A\u00fan es necesario) defender nuestros principios mientras buscamos gestionar de manera responsable la competencia con China para que no se desv\u00ede hacia el conflicto&#187;.<\/p>\n<p>Biden logr\u00f3 un equilibrio entre condenar los ataques terroristas del 7 de octubre y seguir pidiendo el fin del &#171;sufrimiento en Gaza&#187;. Tambi\u00e9n pidi\u00f3 moderaci\u00f3n en la guerra de Israel contra Hezbollah.<\/p>\n<p>Los principales desaf\u00edos para la nueva Asamblea General de la ONU 2:20<\/p>\n<p>&#171;La guerra a gran escala no est\u00e1 en el inter\u00e9s de nadie&#187;, dijo. &#171;Incluso en una situaci\u00f3n que ha escalado, una soluci\u00f3n diplom\u00e1tica a\u00fan es posible&#187;.<\/p>\n<p>Biden dijo que era necesario &#171;abordar el aumento de la violencia contra palestinos inocentes en la Ribera Occidental y establecer las condiciones para un futuro mejor&#187;.<\/p>\n<p>Dijo que eso inclu\u00eda &#171;una soluci\u00f3n de dos estados donde Israel disfrute de seguridad y paz, pleno reconocimiento y relaciones normalizadas con todos sus vecinos, y donde los palestinos vivan en seguridad, dignidad y autodeterminaci\u00f3n en un estado propio&#187;.<\/p>\n<p>En v\u00edsperas de la reuni\u00f3n anual, los miembros de la ONU votaron abrumadoramente la semana pasada para exigir que Israel ponga fin a su ocupaci\u00f3n de los territorios palestinos en un plazo de 12 meses. La votaci\u00f3n se produjo despu\u00e9s de que el m\u00e1ximo tribunal de la ONU, la Corte Internacional de Justicia, dijera en julio que la presencia de Israel en la Ribera Occidental y en Jerusal\u00e9n Oriental es ilegal y pidiera a Israel que pusiera fin a su ocupaci\u00f3n de d\u00e9cadas de territorios reclamados por los palestinos para un futuro Estado.<\/p>\n<p>Biden pidi\u00f3 el fin de la guerra en Sud\u00e1n y advirti\u00f3 sobre los peligros de la inteligencia artificial, y dijo que hab\u00eda necesidad de &#171;nuevas perspectivas&#187; mientras hablaba sobre la necesidad de expandir la membres\u00eda en el Consejo de Seguridad de la ONU.<\/p>\n<p>&#171;Es notable el nuestro poder, el de la gente, lo que me hace m\u00e1s optimista sobre el futuro de lo que nunca he estado&#187;, dijo Biden. &#171;Desde que fui elegido por primera vez al Senado de los Estados Unidos en 1972, cada era enfrenta sus desaf\u00edos. Lo vi cuando era joven. Lo veo hoy. Pero somos m\u00e1s fuertes de lo que pensamos. Somos m\u00e1s fuertes juntos que solos, y lo que la gente llama imposible es solo una ilusi\u00f3n&#187;.<\/p>\n<p>The-CNN-Wire<br \/>&trade; &amp; &copy; 2024 Cable News Network, Inc., a Warner Bros. Discovery Company. All rights reserved.<\/p>\n","protected":false},"excerpt":{"rendered":"<p>(CNN) &#8212; El presidente Joe Biden utiliz\u00f3 su \u00faltimo discurso ante la Asamblea General de las Naciones Unidas para exponer sobre los desaf\u00edos que enfrenta el mundo, pero lo impregn\u00f3 de optimismo y llamados a la paz por parte de los l\u00edderes mundiales. Ahora puedes seguirnos en\u00a0WhatsApp Channel &#171;Reconozco los desaf\u00edos desde Ucrania hasta Gaza, [&hellip;]<\/p>\n","protected":false},"author":0,"featured_media":0,"comment_status":"open","ping_status":"open","sticky":false,"template":"","format":"standard","meta":{"_jetpack_memberships_contains_paid_content":false,"footnotes":""},"categories":[10],"tags":[],"class_list":["post-1452991","post","type-post","status-publish","format-standard","hentry","category-noticias-nacionales","market-global"],"yoast_head":"<!-- This site is optimized with the Yoast SEO plugin v24.4 - https:\/\/yoast.com\/wordpress\/plugins\/seo\/ -->\n<title>En su \u00faltimo discurso como presidente, Biden expone ante la Asamblea de la ONU sobre los desaf\u00edos globales y se muestra optimista - Noticias<\/title>\n<meta name=\"robots\" content=\"index, follow, max-snippet:-1, max-image-preview:large, max-video-preview:-1\" \/>\n<link rel=\"canonical\" href=\"https:\/\/noticiasya.com\/2024\/09\/24\/biden-asamblea-onu-desafios-globales-optimista-trax\/\" \/>\n<meta property=\"og:locale\" content=\"es_ES\" \/>\n<meta property=\"og:type\" content=\"article\" \/>\n<meta property=\"og:title\" content=\"En su \u00faltimo discurso como presidente, Biden expone ante la Asamblea de la ONU sobre los desaf\u00edos globales y se muestra optimista - Noticias\" \/>\n<meta property=\"og:description\" content=\"(CNN) &#8212; El presidente Joe Biden utiliz\u00f3 su \u00faltimo discurso ante la Asamblea General de las Naciones Unidas para exponer sobre los desaf\u00edos que enfrenta el mundo, pero lo impregn\u00f3 de optimismo y llamados a la paz por parte de los l\u00edderes mundiales. Ahora puedes seguirnos en\u00a0WhatsApp Channel &#171;Reconozco los desaf\u00edos desde Ucrania hasta Gaza, [&hellip;]\" \/>\n<meta property=\"og:url\" content=\"https:\/\/noticiasya.com\/2024\/09\/24\/biden-asamblea-onu-desafios-globales-optimista-trax\/\" \/>\n<meta property=\"og:site_name\" content=\"Noticias\" \/>\n<meta property=\"article:published_time\" content=\"2024-09-24T18:03:49+00:00\" \/>\n<meta name=\"twitter:card\" content=\"summary_large_image\" \/>\n<meta name=\"twitter:label1\" content=\"Est. reading time\" \/>\n\t<meta name=\"twitter:data1\" content=\"5 minutos\" \/>\n<script type=\"application\/ld+json\" class=\"yoast-schema-graph\">{\"@context\":\"https:\/\/schema.org\",\"@graph\":[{\"@type\":\"Article\",\"@id\":\"https:\/\/noticiasya.com\/2024\/09\/24\/biden-asamblea-onu-desafios-globales-optimista-trax\/#article\",\"isPartOf\":{\"@id\":\"https:\/\/noticiasya.com\/2024\/09\/24\/biden-asamblea-onu-desafios-globales-optimista-trax\/\"},\"author\":{\"name\":\"\",\"@id\":\"\"},\"headline\":\"En su \u00faltimo discurso como presidente, Biden expone ante la Asamblea de la ONU sobre los desaf\u00edos globales y se muestra optimista\",\"datePublished\":\"2024-09-24T18:03:49+00:00\",\"mainEntityOfPage\":{\"@id\":\"https:\/\/noticiasya.com\/2024\/09\/24\/biden-asamblea-onu-desafios-globales-optimista-trax\/\"},\"wordCount\":1052,\"commentCount\":0,\"publisher\":{\"@id\":\"https:\/\/noticiasya.com\/#organization\"},\"articleSection\":[\"Noticias Nacionales\"],\"inLanguage\":\"es\",\"potentialAction\":[{\"@type\":\"CommentAction\",\"name\":\"Comment\",\"target\":[\"https:\/\/noticiasya.com\/2024\/09\/24\/biden-asamblea-onu-desafios-globales-optimista-trax\/#respond\"]}]},{\"@type\":\"WebPage\",\"@id\":\"https:\/\/noticiasya.com\/2024\/09\/24\/biden-asamblea-onu-desafios-globales-optimista-trax\/\",\"url\":\"https:\/\/noticiasya.com\/2024\/09\/24\/biden-asamblea-onu-desafios-globales-optimista-trax\/\",\"name\":\"En su \u00faltimo discurso como presidente, Biden expone ante la Asamblea de la ONU sobre los desaf\u00edos globales y se muestra optimista - Noticias\",\"isPartOf\":{\"@id\":\"https:\/\/noticiasya.com\/#website\"},\"datePublished\":\"2024-09-24T18:03:49+00:00\",\"breadcrumb\":{\"@id\":\"https:\/\/noticiasya.com\/2024\/09\/24\/biden-asamblea-onu-desafios-globales-optimista-trax\/#breadcrumb\"},\"inLanguage\":\"es\",\"potentialAction\":[{\"@type\":\"ReadAction\",\"target\":[\"https:\/\/noticiasya.com\/2024\/09\/24\/biden-asamblea-onu-desafios-globales-optimista-trax\/\"]}]},{\"@type\":\"BreadcrumbList\",\"@id\":\"https:\/\/noticiasya.com\/2024\/09\/24\/biden-asamblea-onu-desafios-globales-optimista-trax\/#breadcrumb\",\"itemListElement\":[{\"@type\":\"ListItem\",\"position\":1,\"name\":\"Home\",\"item\":\"https:\/\/noticiasya.com\/\"},{\"@type\":\"ListItem\",\"position\":2,\"name\":\"En su \u00faltimo discurso como presidente, Biden expone ante la Asamblea de la ONU sobre los desaf\u00edos globales y se muestra optimista\"}]},{\"@type\":\"WebSite\",\"@id\":\"https:\/\/noticiasya.com\/#website\",\"url\":\"https:\/\/noticiasya.com\/\",\"name\":\"Noticias\",\"description\":\"Lo que importa\",\"publisher\":{\"@id\":\"https:\/\/noticiasya.com\/#organization\"},\"potentialAction\":[{\"@type\":\"SearchAction\",\"target\":{\"@type\":\"EntryPoint\",\"urlTemplate\":\"https:\/\/noticiasya.com\/?s={search_term_string}\"},\"query-input\":{\"@type\":\"PropertyValueSpecification\",\"valueRequired\":true,\"valueName\":\"search_term_string\"}}],\"inLanguage\":\"es\"},{\"@type\":\"Organization\",\"@id\":\"https:\/\/noticiasya.com\/#organization\",\"name\":\"Noticias\",\"url\":\"https:\/\/noticiasya.com\/\",\"logo\":{\"@type\":\"ImageObject\",\"inLanguage\":\"es\",\"@id\":\"https:\/\/noticiasya.com\/#\/schema\/logo\/image\/\",\"url\":\"https:\/\/noticiasya.com\/wp-content\/uploads\/sites\/22\/2023\/12\/logo-nacional.png\",\"contentUrl\":\"https:\/\/noticiasya.com\/wp-content\/uploads\/sites\/22\/2023\/12\/logo-nacional.png\",\"width\":1801,\"height\":691,\"caption\":\"Noticias\"},\"image\":{\"@id\":\"https:\/\/noticiasya.com\/#\/schema\/logo\/image\/\"}}]}<\/script>\n<!-- \/ Yoast SEO plugin. -->","yoast_head_json":{"title":"En su \u00faltimo discurso como presidente, Biden expone ante la Asamblea de la ONU sobre los desaf\u00edos globales y se muestra optimista - Noticias","robots":{"index":"index","follow":"follow","max-snippet":"max-snippet:-1","max-image-preview":"max-image-preview:large","max-video-preview":"max-video-preview:-1"},"canonical":"https:\/\/noticiasya.com\/2024\/09\/24\/biden-asamblea-onu-desafios-globales-optimista-trax\/","og_locale":"es_ES","og_type":"article","og_title":"En su \u00faltimo discurso como presidente, Biden expone ante la Asamblea de la ONU sobre los desaf\u00edos globales y se muestra optimista - Noticias","og_description":"(CNN) &#8212; El presidente Joe Biden utiliz\u00f3 su \u00faltimo discurso ante la Asamblea General de las Naciones Unidas para exponer sobre los desaf\u00edos que enfrenta el mundo, pero lo impregn\u00f3 de optimismo y llamados a la paz por parte de los l\u00edderes mundiales. Ahora puedes seguirnos en\u00a0WhatsApp Channel &#171;Reconozco los desaf\u00edos desde Ucrania hasta Gaza, [&hellip;]","og_url":"https:\/\/noticiasya.com\/2024\/09\/24\/biden-asamblea-onu-desafios-globales-optimista-trax\/","og_site_name":"Noticias","article_published_time":"2024-09-24T18:03:49+00:00","twitter_card":"summary_large_image","twitter_misc":{"Est. reading time":"5 minutos"},"schema":{"@context":"https:\/\/schema.org","@graph":[{"@type":"Article","@id":"https:\/\/noticiasya.com\/2024\/09\/24\/biden-asamblea-onu-desafios-globales-optimista-trax\/#article","isPartOf":{"@id":"https:\/\/noticiasya.com\/2024\/09\/24\/biden-asamblea-onu-desafios-globales-optimista-trax\/"},"author":{"name":"","@id":""},"headline":"En su \u00faltimo discurso como presidente, Biden expone ante la Asamblea de la ONU sobre los desaf\u00edos globales y se muestra optimista","datePublished":"2024-09-24T18:03:49+00:00","mainEntityOfPage":{"@id":"https:\/\/noticiasya.com\/2024\/09\/24\/biden-asamblea-onu-desafios-globales-optimista-trax\/"},"wordCount":1052,"commentCount":0,"publisher":{"@id":"https:\/\/noticiasya.com\/#organization"},"articleSection":["Noticias Nacionales"],"inLanguage":"es","potentialAction":[{"@type":"CommentAction","name":"Comment","target":["https:\/\/noticiasya.com\/2024\/09\/24\/biden-asamblea-onu-desafios-globales-optimista-trax\/#respond"]}]},{"@type":"WebPage","@id":"https:\/\/noticiasya.com\/2024\/09\/24\/biden-asamblea-onu-desafios-globales-optimista-trax\/","url":"https:\/\/noticiasya.com\/2024\/09\/24\/biden-asamblea-onu-desafios-globales-optimista-trax\/","name":"En su \u00faltimo discurso como presidente, Biden expone ante la Asamblea de la ONU sobre los desaf\u00edos globales y se muestra optimista - Noticias","isPartOf":{"@id":"https:\/\/noticiasya.com\/#website"},"datePublished":"2024-09-24T18:03:49+00:00","breadcrumb":{"@id":"https:\/\/noticiasya.com\/2024\/09\/24\/biden-asamblea-onu-desafios-globales-optimista-trax\/#breadcrumb"},"inLanguage":"es","potentialAction":[{"@type":"ReadAction","target":["https:\/\/noticiasya.com\/2024\/09\/24\/biden-asamblea-onu-desafios-globales-optimista-trax\/"]}]},{"@type":"BreadcrumbList","@id":"https:\/\/noticiasya.com\/2024\/09\/24\/biden-asamblea-onu-desafios-globales-optimista-trax\/#breadcrumb","itemListElement":[{"@type":"ListItem","position":1,"name":"Home","item":"https:\/\/noticiasya.com\/"},{"@type":"ListItem","position":2,"name":"En su \u00faltimo discurso como presidente, Biden expone ante la Asamblea de la ONU sobre los desaf\u00edos globales y se muestra optimista"}]},{"@type":"WebSite","@id":"https:\/\/noticiasya.com\/#website","url":"https:\/\/noticiasya.com\/","name":"Noticias","description":"Lo que importa","publisher":{"@id":"https:\/\/noticiasya.com\/#organization"},"potentialAction":[{"@type":"SearchAction","target":{"@type":"EntryPoint","urlTemplate":"https:\/\/noticiasya.com\/?s={search_term_string}"},"query-input":{"@type":"PropertyValueSpecification","valueRequired":true,"valueName":"search_term_string"}}],"inLanguage":"es"},{"@type":"Organization","@id":"https:\/\/noticiasya.com\/#organization","name":"Noticias","url":"https:\/\/noticiasya.com\/","logo":{"@type":"ImageObject","inLanguage":"es","@id":"https:\/\/noticiasya.com\/#\/schema\/logo\/image\/","url":"https:\/\/noticiasya.com\/wp-content\/uploads\/sites\/22\/2023\/12\/logo-nacional.png","contentUrl":"https:\/\/noticiasya.com\/wp-content\/uploads\/sites\/22\/2023\/12\/logo-nacional.png","width":1801,"height":691,"caption":"Noticias"},"image":{"@id":"https:\/\/noticiasya.com\/#\/schema\/logo\/image\/"}}]}},"parsely":{"version":"1.1.0","canonical_url":"https:\/\/noticiasya.com\/midland-odessa\/2024\/09\/24\/biden-asamblea-onu-desafios-globales-optimista-trax\/","smart_links":{"inbound":0,"outbound":0},"traffic_boost_suggestions_count":0,"meta":{"@context":"https:\/\/schema.org","@type":"NewsArticle","headline":"En su \u00faltimo discurso como presidente, Biden expone ante la Asamblea de la ONU sobre los desaf\u00edos globales y se muestra optimista","url":"http:\/\/noticiasya.com\/midland-odessa\/2024\/09\/24\/biden-asamblea-onu-desafios-globales-optimista-trax\/","mainEntityOfPage":{"@type":"WebPage","@id":"http:\/\/noticiasya.com\/midland-odessa\/2024\/09\/24\/biden-asamblea-onu-desafios-globales-optimista-trax\/"},"thumbnailUrl":"","image":{"@type":"ImageObject","url":""},"articleSection":"Noticias Nacionales","author":[],"creator":[],"publisher":{"@type":"Organization","name":"Noticias","logo":""},"keywords":[],"dateCreated":"2024-09-24T18:03:49Z","datePublished":"2024-09-24T18:03:49Z","dateModified":"2024-09-24T18:03:49Z"},"rendered":"<script type=\"application\/ld+json\" class=\"wp-parsely-metadata\">{\"@context\":\"https:\\\/\\\/schema.org\",\"@type\":\"NewsArticle\",\"headline\":\"En su \\u00faltimo discurso como presidente, Biden expone ante la Asamblea de la ONU sobre los desaf\\u00edos globales y se muestra optimista\",\"url\":\"http:\\\/\\\/noticiasya.com\\\/midland-odessa\\\/2024\\\/09\\\/24\\\/biden-asamblea-onu-desafios-globales-optimista-trax\\\/\",\"mainEntityOfPage\":{\"@type\":\"WebPage\",\"@id\":\"http:\\\/\\\/noticiasya.com\\\/midland-odessa\\\/2024\\\/09\\\/24\\\/biden-asamblea-onu-desafios-globales-optimista-trax\\\/\"},\"thumbnailUrl\":\"\",\"image\":{\"@type\":\"ImageObject\",\"url\":\"\"},\"articleSection\":\"Noticias Nacionales\",\"author\":[],\"creator\":[],\"publisher\":{\"@type\":\"Organization\",\"name\":\"Noticias\",\"logo\":\"\"},\"keywords\":[],\"dateCreated\":\"2024-09-24T18:03:49Z\",\"datePublished\":\"2024-09-24T18:03:49Z\",\"dateModified\":\"2024-09-24T18:03:49Z\"}<\/script>","tracker_url":"https:\/\/cdn.parsely.com\/keys\/noticiasya.com\/p.js"},"jetpack_featured_media_url":"","jetpack-related-posts":[{"id":1452998,"url":"https:\/\/noticiasya.com\/midland-odessa\/2024\/09\/24\/biden-lucha-venezuela-democracia-discurso-onu-unga-orix\/","url_meta":{"origin":1452991,"position":0},"title":"Biden destaca lucha de Venezuela por la democracia; llama a l\u00edderes mundiales a no aferrarse al poder","author":"","date":"septiembre 24, 2024","format":false,"excerpt":"(CNN Espa\u00f1ol) --\u00a0El presidente de Estados Unidos, Joe Biden, habl\u00f3 durante su intervenci\u00f3n en la Asamblea General de la ONU sobre las crisis en varios pa\u00edses, y en particular sobre Venezuela se refiri\u00f3 a la lucha por la democracia que \u2015dijo\u2015 no ha sido reconocida.El discurso de Biden ante la\u2026","rel":"","context":"In &quot;Noticias Nacionales&quot;","block_context":{"text":"Noticias Nacionales","link":"https:\/\/noticiasya.com\/midland-odessa\/categoria\/noticias-nacionales"},"img":{"alt_text":"","src":"","width":0,"height":0},"classes":[]},{"id":1466870,"url":"https:\/\/noticiasya.com\/midland-odessa\/2025\/09\/26\/netanyahu-discurso-onu-trax\/","url_meta":{"origin":1452991,"position":1},"title":"Netanyahu critica duramente a Ir\u00e1n y a los pa\u00edses occidentales en un discurso intenso pero esperado en la ONU","author":"","date":"septiembre 26, 2025","format":false,"excerpt":"El primer ministro israel\u00ed, Benjamin Netanyahu, critic\u00f3 duramente a Ir\u00e1n y a los pa\u00edses occidentales por reconocer a un Estado palestino en un discurso intenso, pero en gran medida esperado, ante la Asamblea General de las Naciones Unidas este viernes.Dirigi\u00e9ndose a un pleno de la ONU pr\u00e1cticamente vac\u00edo, tras la\u2026","rel":"","context":"In &quot;Noticias Nacionales&quot;","block_context":{"text":"Noticias Nacionales","link":"https:\/\/noticiasya.com\/midland-odessa\/categoria\/noticias-nacionales"},"img":{"alt_text":"","src":"","width":0,"height":0},"classes":[]},{"id":1466712,"url":"https:\/\/noticiasya.com\/midland-odessa\/2025\/09\/23\/onu-discurso-trump-asamblea-general-trax\/","url_meta":{"origin":1452991,"position":2},"title":"En el pasado, Trump fue objeto de burlas en la ONU. Ahora, los l\u00edderes mundiales lo cortejan","author":"","date":"septiembre 23, 2025","format":false,"excerpt":"Cuando el presidente Donald Trump hizo uso de su fanfarroner\u00eda caracter\u00edstica en el podio de las Naciones Unidas durante su primer mandato, se encontr\u00f3 con una respuesta poco habitual en \u00e9l por parte de los delegados: una risa burlona.Siete a\u00f1os despu\u00e9s, pocos imaginaban que la escena se repetir\u00eda. Anta\u00f1o objeto\u2026","rel":"","context":"In &quot;Noticias Nacionales&quot;","block_context":{"text":"Noticias Nacionales","link":"https:\/\/noticiasya.com\/midland-odessa\/categoria\/noticias-nacionales"},"img":{"alt_text":"","src":"","width":0,"height":0},"classes":[]},{"id":1466764,"url":"https:\/\/noticiasya.com\/midland-odessa\/2025\/09\/24\/analisis-discurso-trump-onu-mundo-abismo-trax\/","url_meta":{"origin":1452991,"position":3},"title":"El discurso de Trump de que &#171;tiene raz\u00f3n en todo&#187; no ofrece respuestas a un mundo al borde del abismo","author":"","date":"septiembre 24, 2025","format":false,"excerpt":"Citando una de las frases m\u00e1s mordaces de Barack Obama: los a\u00f1os 80 est\u00e1n llamando para pedir de vuelta su pol\u00edtica exterior. La tensi\u00f3n ha alcanzado niveles de la Guerra Fr\u00eda en Europa del Este despu\u00e9s de que Polonia amenazara con derribar cualquier avi\u00f3n ruso que se acerque demasiado. Extra\u00f1os\u2026","rel":"","context":"In &quot;Noticias Nacionales&quot;","block_context":{"text":"Noticias Nacionales","link":"https:\/\/noticiasya.com\/midland-odessa\/categoria\/noticias-nacionales"},"img":{"alt_text":"","src":"","width":0,"height":0},"classes":[]},{"id":1473358,"url":"https:\/\/noticiasya.com\/midland-odessa\/2026\/04\/21\/onu-cuestionada-latinoamericano-secretaria-general-orix\/","url_meta":{"origin":1452991,"position":4},"title":"La ONU es cada vez m\u00e1s cuestionada. \u00bfPuede salvarla un latinoamericano?","author":"","date":"abril 21, 2026","format":false,"excerpt":"Aumento de la militarizaci\u00f3n, resoluci\u00f3n bilateral de conflictos, liderazgos cada vez m\u00e1s poderosos y ret\u00f3ricas incendiarias son apenas una pincelada de una actualidad cada vez m\u00e1s normalizada. Para las Naciones Unidas, el organismo que en el Art\u00edculo 1 de su carta establece el prop\u00f3sito de \u201cmantener la paz y la\u2026","rel":"","context":"In &quot;Noticias Nacionales&quot;","block_context":{"text":"Noticias Nacionales","link":"https:\/\/noticiasya.com\/midland-odessa\/categoria\/noticias-nacionales"},"img":{"alt_text":"","src":"","width":0,"height":0},"classes":[]},{"id":1466877,"url":"https:\/\/noticiasya.com\/midland-odessa\/2025\/09\/26\/netanyahu-paises-occidentales-doblegaron-estado-palestino-trax\/","url_meta":{"origin":1452991,"position":5},"title":"Netanyahu dice que los pa\u00edses occidentales &#171;se doblegaron&#187; al reconocer al Estado palestino","author":"","date":"septiembre 26, 2025","format":false,"excerpt":"El primer ministro de Israel, Benjamin Netanyahu, arremeti\u00f3 este viernes contra el reciente reconocimiento del Estado palestino por parte de pa\u00edses occidentales, acusando a los l\u00edderes mundiales de \u201cdoblegarse ante la presi\u00f3n de medios sesgados, sectores islamistas radicales y turbas antisemitas\u201d.En su discurso ante la Asamblea General de la ONU\u2026","rel":"","context":"In &quot;Noticias Nacionales&quot;","block_context":{"text":"Noticias Nacionales","link":"https:\/\/noticiasya.com\/midland-odessa\/categoria\/noticias-nacionales"},"img":{"alt_text":"","src":"","width":0,"height":0},"classes":[]}],"jetpack_sharing_enabled":true,"_links":{"self":[{"href":"https:\/\/noticiasya.com\/midland-odessa\/wp-json\/wp\/v2\/posts\/1452991","targetHints":{"allow":["GET"]}}],"collection":[{"href":"https:\/\/noticiasya.com\/midland-odessa\/wp-json\/wp\/v2\/posts"}],"about":[{"href":"https:\/\/noticiasya.com\/midland-odessa\/wp-json\/wp\/v2\/types\/post"}],"replies":[{"embeddable":true,"href":"https:\/\/noticiasya.com\/midland-odessa\/wp-json\/wp\/v2\/comments?post=1452991"}],"version-history":[{"count":0,"href":"https:\/\/noticiasya.com\/midland-odessa\/wp-json\/wp\/v2\/posts\/1452991\/revisions"}],"wp:attachment":[{"href":"https:\/\/noticiasya.com\/midland-odessa\/wp-json\/wp\/v2\/media?parent=1452991"}],"wp:term":[{"taxonomy":"category","embeddable":true,"href":"https:\/\/noticiasya.com\/midland-odessa\/wp-json\/wp\/v2\/categories?post=1452991"},{"taxonomy":"post_tag","embeddable":true,"href":"https:\/\/noticiasya.com\/midland-odessa\/wp-json\/wp\/v2\/tags?post=1452991"}],"curies":[{"name":"wp","href":"https:\/\/api.w.org\/{rel}","templated":true}]}}