{"id":1452992,"date":"2024-09-24T11:03:50","date_gmt":"2024-09-24T18:03:50","guid":{"rendered":"https:\/\/noticiasya.com\/2024\/09\/24\/arevalo-onu-reprimir-venezuela-nicaragua\/"},"modified":"2024-09-24T11:03:50","modified_gmt":"2024-09-24T18:03:50","slug":"arevalo-onu-reprimir-venezuela-nicaragua","status":"publish","type":"post","link":"https:\/\/noticiasya.com\/midland-odessa\/2024\/09\/24\/arevalo-onu-reprimir-venezuela-nicaragua\/","title":{"rendered":"Ar\u00e9valo rechaza ante la ONU &#171;cualquier intento por reprimir&#187; las &#171;aspiraciones de libertad de los pueblos&#187; al hablar de Venezuela y Nicaragua"},"content":{"rendered":"<p>(CNN Espa\u00f1ol) &#8212; El presidente de Guatemala, Bernardo Ar\u00e9valo, expres\u00f3 este martes su rechazo a &#171;cualquier intento por reprimir&#187; las &#171;aspiraciones de libertad&#187; que expresan los pueblos, al referirse a Venezuela y Nicaragua durante su discurso ante la Asamblea General de la ONU.<\/p>\n<p>&#171;Rechazamos en el hemisferio y en todo el mundo cualquier intento por reprimir las aspiraciones de libertad y justicia que expresan los pueblos del mundo mediante procesos libres y democr\u00e1ticos, como est\u00e1 sucediendo en estos momentos en Venezuela y en Nicaragua&#187;, dijo Ar\u00e9valo.<\/p>\n<p>El discurso de Lula da Silva en la ONU: Terminar con el hambre en Brasil es el compromiso m\u00e1s urgente de mi Gobierno<\/p>\n<p>El jefe de Estado agreg\u00f3 que &#171;los principios de la democracia son fundamentales para preservar la libertad, la dignidad y la prosperidad incluyente y equitativa de la humanidad&#187;.<\/p>\n<p>El presidente de Guatemala se refiri\u00f3 tambi\u00e9n a la migraci\u00f3n, y afirm\u00f3 que el pa\u00eds pas\u00f3 de ser un lugar de origen de los migrantes que parten hacia Estados Unidos y que ahora se ha convertido en &#171;un pa\u00eds de tr\u00e1nsito&#187;.<\/p>\n<p>&#171;En el futuro que estamos construyendo, la migraci\u00f3n es un derecho, una opci\u00f3n, no una sentencia derivada de la falta de oportunidades, la violencia, o el hambre. En la \u00faltima d\u00e9cada, Guatemala ha pasado de ser un pa\u00eds de origen de personas migrantes a ser cada vez m\u00e1s un territorio de tr\u00e1nsito y retorno, as\u00ed como, en menor medida tambi\u00e9n, un lugar de destino&#187;, dijo Ar\u00e9valo.<\/p>\n<p>The-CNN-Wire<br \/>&trade; &amp; &copy; 2024 Cable News Network, Inc., a Warner Bros. Discovery Company. All rights reserved.<\/p>\n","protected":false},"excerpt":{"rendered":"<p>(CNN Espa\u00f1ol) &#8212; El presidente de Guatemala, Bernardo Ar\u00e9valo, expres\u00f3 este martes su rechazo a &#171;cualquier intento por reprimir&#187; las &#171;aspiraciones de libertad&#187; que expresan los pueblos, al referirse a Venezuela y Nicaragua durante su discurso ante la Asamblea General de la ONU. &#171;Rechazamos en el hemisferio y en todo el mundo cualquier intento por [&hellip;]<\/p>\n","protected":false},"author":0,"featured_media":0,"comment_status":"open","ping_status":"open","sticky":false,"template":"","format":"standard","meta":{"_jetpack_memberships_contains_paid_content":false,"footnotes":""},"categories":[10],"tags":[],"class_list":["post-1452992","post","type-post","status-publish","format-standard","hentry","category-noticias-nacionales","market-global"],"yoast_head":"<!-- This site is optimized with the Yoast SEO plugin v24.4 - https:\/\/yoast.com\/wordpress\/plugins\/seo\/ -->\n<title>Ar\u00e9valo rechaza ante la ONU &quot;cualquier intento por reprimir&quot; las &quot;aspiraciones de libertad de los pueblos&quot; al hablar de Venezuela y Nicaragua - Noticias<\/title>\n<meta name=\"robots\" content=\"index, follow, max-snippet:-1, max-image-preview:large, max-video-preview:-1\" \/>\n<link rel=\"canonical\" href=\"https:\/\/noticiasya.com\/2024\/09\/24\/arevalo-onu-reprimir-venezuela-nicaragua\/\" \/>\n<meta property=\"og:locale\" content=\"es_ES\" \/>\n<meta property=\"og:type\" content=\"article\" \/>\n<meta property=\"og:title\" content=\"Ar\u00e9valo rechaza ante la ONU &quot;cualquier intento por reprimir&quot; las &quot;aspiraciones de libertad de los pueblos&quot; al hablar de Venezuela y Nicaragua - Noticias\" \/>\n<meta property=\"og:description\" content=\"(CNN Espa\u00f1ol) &#8212; El presidente de Guatemala, Bernardo Ar\u00e9valo, expres\u00f3 este martes su rechazo a &#171;cualquier intento por reprimir&#187; las &#171;aspiraciones de libertad&#187; que expresan los pueblos, al referirse a Venezuela y Nicaragua durante su discurso ante la Asamblea General de la ONU. &#171;Rechazamos en el hemisferio y en todo el mundo cualquier intento por [&hellip;]\" \/>\n<meta property=\"og:url\" content=\"https:\/\/noticiasya.com\/2024\/09\/24\/arevalo-onu-reprimir-venezuela-nicaragua\/\" \/>\n<meta property=\"og:site_name\" content=\"Noticias\" \/>\n<meta property=\"article:published_time\" content=\"2024-09-24T18:03:50+00:00\" \/>\n<meta name=\"twitter:card\" content=\"summary_large_image\" \/>\n<meta name=\"twitter:label1\" content=\"Est. reading time\" \/>\n\t<meta name=\"twitter:data1\" content=\"1 minuto\" \/>\n<script type=\"application\/ld+json\" class=\"yoast-schema-graph\">{\"@context\":\"https:\/\/schema.org\",\"@graph\":[{\"@type\":\"Article\",\"@id\":\"https:\/\/noticiasya.com\/2024\/09\/24\/arevalo-onu-reprimir-venezuela-nicaragua\/#article\",\"isPartOf\":{\"@id\":\"https:\/\/noticiasya.com\/2024\/09\/24\/arevalo-onu-reprimir-venezuela-nicaragua\/\"},\"author\":{\"name\":\"\",\"@id\":\"\"},\"headline\":\"Ar\u00e9valo rechaza ante la ONU &#171;cualquier intento por reprimir&#187; las &#171;aspiraciones de libertad de los pueblos&#187; al hablar de Venezuela y Nicaragua\",\"datePublished\":\"2024-09-24T18:03:50+00:00\",\"mainEntityOfPage\":{\"@id\":\"https:\/\/noticiasya.com\/2024\/09\/24\/arevalo-onu-reprimir-venezuela-nicaragua\/\"},\"wordCount\":301,\"commentCount\":0,\"publisher\":{\"@id\":\"https:\/\/noticiasya.com\/#organization\"},\"articleSection\":[\"Noticias Nacionales\"],\"inLanguage\":\"es\",\"potentialAction\":[{\"@type\":\"CommentAction\",\"name\":\"Comment\",\"target\":[\"https:\/\/noticiasya.com\/2024\/09\/24\/arevalo-onu-reprimir-venezuela-nicaragua\/#respond\"]}]},{\"@type\":\"WebPage\",\"@id\":\"https:\/\/noticiasya.com\/2024\/09\/24\/arevalo-onu-reprimir-venezuela-nicaragua\/\",\"url\":\"https:\/\/noticiasya.com\/2024\/09\/24\/arevalo-onu-reprimir-venezuela-nicaragua\/\",\"name\":\"Ar\u00e9valo rechaza ante la ONU \\\"cualquier intento por reprimir\\\" las \\\"aspiraciones de libertad de los pueblos\\\" al hablar de Venezuela y Nicaragua - Noticias\",\"isPartOf\":{\"@id\":\"https:\/\/noticiasya.com\/#website\"},\"datePublished\":\"2024-09-24T18:03:50+00:00\",\"breadcrumb\":{\"@id\":\"https:\/\/noticiasya.com\/2024\/09\/24\/arevalo-onu-reprimir-venezuela-nicaragua\/#breadcrumb\"},\"inLanguage\":\"es\",\"potentialAction\":[{\"@type\":\"ReadAction\",\"target\":[\"https:\/\/noticiasya.com\/2024\/09\/24\/arevalo-onu-reprimir-venezuela-nicaragua\/\"]}]},{\"@type\":\"BreadcrumbList\",\"@id\":\"https:\/\/noticiasya.com\/2024\/09\/24\/arevalo-onu-reprimir-venezuela-nicaragua\/#breadcrumb\",\"itemListElement\":[{\"@type\":\"ListItem\",\"position\":1,\"name\":\"Home\",\"item\":\"https:\/\/noticiasya.com\/\"},{\"@type\":\"ListItem\",\"position\":2,\"name\":\"Ar\u00e9valo rechaza ante la ONU &#171;cualquier intento por reprimir&#187; las &#171;aspiraciones de libertad de los pueblos&#187; al hablar de Venezuela y Nicaragua\"}]},{\"@type\":\"WebSite\",\"@id\":\"https:\/\/noticiasya.com\/#website\",\"url\":\"https:\/\/noticiasya.com\/\",\"name\":\"Noticias\",\"description\":\"Lo que importa\",\"publisher\":{\"@id\":\"https:\/\/noticiasya.com\/#organization\"},\"potentialAction\":[{\"@type\":\"SearchAction\",\"target\":{\"@type\":\"EntryPoint\",\"urlTemplate\":\"https:\/\/noticiasya.com\/?s={search_term_string}\"},\"query-input\":{\"@type\":\"PropertyValueSpecification\",\"valueRequired\":true,\"valueName\":\"search_term_string\"}}],\"inLanguage\":\"es\"},{\"@type\":\"Organization\",\"@id\":\"https:\/\/noticiasya.com\/#organization\",\"name\":\"Noticias\",\"url\":\"https:\/\/noticiasya.com\/\",\"logo\":{\"@type\":\"ImageObject\",\"inLanguage\":\"es\",\"@id\":\"https:\/\/noticiasya.com\/#\/schema\/logo\/image\/\",\"url\":\"https:\/\/noticiasya.com\/wp-content\/uploads\/sites\/22\/2023\/12\/logo-nacional.png\",\"contentUrl\":\"https:\/\/noticiasya.com\/wp-content\/uploads\/sites\/22\/2023\/12\/logo-nacional.png\",\"width\":1801,\"height\":691,\"caption\":\"Noticias\"},\"image\":{\"@id\":\"https:\/\/noticiasya.com\/#\/schema\/logo\/image\/\"}}]}<\/script>\n<!-- \/ Yoast SEO plugin. -->","yoast_head_json":{"title":"Ar\u00e9valo rechaza ante la ONU \"cualquier intento por reprimir\" las \"aspiraciones de libertad de los pueblos\" al hablar de Venezuela y Nicaragua - Noticias","robots":{"index":"index","follow":"follow","max-snippet":"max-snippet:-1","max-image-preview":"max-image-preview:large","max-video-preview":"max-video-preview:-1"},"canonical":"https:\/\/noticiasya.com\/2024\/09\/24\/arevalo-onu-reprimir-venezuela-nicaragua\/","og_locale":"es_ES","og_type":"article","og_title":"Ar\u00e9valo rechaza ante la ONU \"cualquier intento por reprimir\" las \"aspiraciones de libertad de los pueblos\" al hablar de Venezuela y Nicaragua - Noticias","og_description":"(CNN Espa\u00f1ol) &#8212; El presidente de Guatemala, Bernardo Ar\u00e9valo, expres\u00f3 este martes su rechazo a &#171;cualquier intento por reprimir&#187; las &#171;aspiraciones de libertad&#187; que expresan los pueblos, al referirse a Venezuela y Nicaragua durante su discurso ante la Asamblea General de la ONU. &#171;Rechazamos en el hemisferio y en todo el mundo cualquier intento por [&hellip;]","og_url":"https:\/\/noticiasya.com\/2024\/09\/24\/arevalo-onu-reprimir-venezuela-nicaragua\/","og_site_name":"Noticias","article_published_time":"2024-09-24T18:03:50+00:00","twitter_card":"summary_large_image","twitter_misc":{"Est. reading time":"1 minuto"},"schema":{"@context":"https:\/\/schema.org","@graph":[{"@type":"Article","@id":"https:\/\/noticiasya.com\/2024\/09\/24\/arevalo-onu-reprimir-venezuela-nicaragua\/#article","isPartOf":{"@id":"https:\/\/noticiasya.com\/2024\/09\/24\/arevalo-onu-reprimir-venezuela-nicaragua\/"},"author":{"name":"","@id":""},"headline":"Ar\u00e9valo rechaza ante la ONU &#171;cualquier intento por reprimir&#187; las &#171;aspiraciones de libertad de los pueblos&#187; al hablar de Venezuela y Nicaragua","datePublished":"2024-09-24T18:03:50+00:00","mainEntityOfPage":{"@id":"https:\/\/noticiasya.com\/2024\/09\/24\/arevalo-onu-reprimir-venezuela-nicaragua\/"},"wordCount":301,"commentCount":0,"publisher":{"@id":"https:\/\/noticiasya.com\/#organization"},"articleSection":["Noticias Nacionales"],"inLanguage":"es","potentialAction":[{"@type":"CommentAction","name":"Comment","target":["https:\/\/noticiasya.com\/2024\/09\/24\/arevalo-onu-reprimir-venezuela-nicaragua\/#respond"]}]},{"@type":"WebPage","@id":"https:\/\/noticiasya.com\/2024\/09\/24\/arevalo-onu-reprimir-venezuela-nicaragua\/","url":"https:\/\/noticiasya.com\/2024\/09\/24\/arevalo-onu-reprimir-venezuela-nicaragua\/","name":"Ar\u00e9valo rechaza ante la ONU \"cualquier intento por reprimir\" las \"aspiraciones de libertad de los pueblos\" al hablar de Venezuela y Nicaragua - Noticias","isPartOf":{"@id":"https:\/\/noticiasya.com\/#website"},"datePublished":"2024-09-24T18:03:50+00:00","breadcrumb":{"@id":"https:\/\/noticiasya.com\/2024\/09\/24\/arevalo-onu-reprimir-venezuela-nicaragua\/#breadcrumb"},"inLanguage":"es","potentialAction":[{"@type":"ReadAction","target":["https:\/\/noticiasya.com\/2024\/09\/24\/arevalo-onu-reprimir-venezuela-nicaragua\/"]}]},{"@type":"BreadcrumbList","@id":"https:\/\/noticiasya.com\/2024\/09\/24\/arevalo-onu-reprimir-venezuela-nicaragua\/#breadcrumb","itemListElement":[{"@type":"ListItem","position":1,"name":"Home","item":"https:\/\/noticiasya.com\/"},{"@type":"ListItem","position":2,"name":"Ar\u00e9valo rechaza ante la ONU &#171;cualquier intento por reprimir&#187; las &#171;aspiraciones de libertad de los pueblos&#187; al hablar de Venezuela y Nicaragua"}]},{"@type":"WebSite","@id":"https:\/\/noticiasya.com\/#website","url":"https:\/\/noticiasya.com\/","name":"Noticias","description":"Lo que importa","publisher":{"@id":"https:\/\/noticiasya.com\/#organization"},"potentialAction":[{"@type":"SearchAction","target":{"@type":"EntryPoint","urlTemplate":"https:\/\/noticiasya.com\/?s={search_term_string}"},"query-input":{"@type":"PropertyValueSpecification","valueRequired":true,"valueName":"search_term_string"}}],"inLanguage":"es"},{"@type":"Organization","@id":"https:\/\/noticiasya.com\/#organization","name":"Noticias","url":"https:\/\/noticiasya.com\/","logo":{"@type":"ImageObject","inLanguage":"es","@id":"https:\/\/noticiasya.com\/#\/schema\/logo\/image\/","url":"https:\/\/noticiasya.com\/wp-content\/uploads\/sites\/22\/2023\/12\/logo-nacional.png","contentUrl":"https:\/\/noticiasya.com\/wp-content\/uploads\/sites\/22\/2023\/12\/logo-nacional.png","width":1801,"height":691,"caption":"Noticias"},"image":{"@id":"https:\/\/noticiasya.com\/#\/schema\/logo\/image\/"}}]}},"parsely":{"version":"1.1.0","canonical_url":"https:\/\/noticiasya.com\/midland-odessa\/2024\/09\/24\/arevalo-onu-reprimir-venezuela-nicaragua\/","smart_links":{"inbound":0,"outbound":0},"traffic_boost_suggestions_count":0,"meta":{"@context":"https:\/\/schema.org","@type":"NewsArticle","headline":"Ar\u00e9valo rechaza ante la ONU &#171;cualquier intento por reprimir&#187; las &#171;aspiraciones de libertad de los pueblos&#187; al hablar de Venezuela y Nicaragua","url":"http:\/\/noticiasya.com\/midland-odessa\/2024\/09\/24\/arevalo-onu-reprimir-venezuela-nicaragua\/","mainEntityOfPage":{"@type":"WebPage","@id":"http:\/\/noticiasya.com\/midland-odessa\/2024\/09\/24\/arevalo-onu-reprimir-venezuela-nicaragua\/"},"thumbnailUrl":"","image":{"@type":"ImageObject","url":""},"articleSection":"Noticias Nacionales","author":[],"creator":[],"publisher":{"@type":"Organization","name":"Noticias","logo":""},"keywords":[],"dateCreated":"2024-09-24T18:03:50Z","datePublished":"2024-09-24T18:03:50Z","dateModified":"2024-09-24T18:03:50Z"},"rendered":"<script type=\"application\/ld+json\" class=\"wp-parsely-metadata\">{\"@context\":\"https:\\\/\\\/schema.org\",\"@type\":\"NewsArticle\",\"headline\":\"Ar\\u00e9valo rechaza ante la ONU &#171;cualquier intento por reprimir&#187; las &#171;aspiraciones de libertad de los pueblos&#187; al hablar de Venezuela y Nicaragua\",\"url\":\"http:\\\/\\\/noticiasya.com\\\/midland-odessa\\\/2024\\\/09\\\/24\\\/arevalo-onu-reprimir-venezuela-nicaragua\\\/\",\"mainEntityOfPage\":{\"@type\":\"WebPage\",\"@id\":\"http:\\\/\\\/noticiasya.com\\\/midland-odessa\\\/2024\\\/09\\\/24\\\/arevalo-onu-reprimir-venezuela-nicaragua\\\/\"},\"thumbnailUrl\":\"\",\"image\":{\"@type\":\"ImageObject\",\"url\":\"\"},\"articleSection\":\"Noticias Nacionales\",\"author\":[],\"creator\":[],\"publisher\":{\"@type\":\"Organization\",\"name\":\"Noticias\",\"logo\":\"\"},\"keywords\":[],\"dateCreated\":\"2024-09-24T18:03:50Z\",\"datePublished\":\"2024-09-24T18:03:50Z\",\"dateModified\":\"2024-09-24T18:03:50Z\"}<\/script>","tracker_url":"https:\/\/cdn.parsely.com\/keys\/noticiasya.com\/p.js"},"jetpack_featured_media_url":"","jetpack-related-posts":[{"id":1452998,"url":"https:\/\/noticiasya.com\/midland-odessa\/2024\/09\/24\/biden-lucha-venezuela-democracia-discurso-onu-unga-orix\/","url_meta":{"origin":1452992,"position":0},"title":"Biden destaca lucha de Venezuela por la democracia; llama a l\u00edderes mundiales a no aferrarse al poder","author":"","date":"septiembre 24, 2024","format":false,"excerpt":"(CNN Espa\u00f1ol) --\u00a0El presidente de Estados Unidos, Joe Biden, habl\u00f3 durante su intervenci\u00f3n en la Asamblea General de la ONU sobre las crisis en varios pa\u00edses, y en particular sobre Venezuela se refiri\u00f3 a la lucha por la democracia que \u2015dijo\u2015 no ha sido reconocida.El discurso de Biden ante la\u2026","rel":"","context":"In &quot;Noticias Nacionales&quot;","block_context":{"text":"Noticias Nacionales","link":"https:\/\/noticiasya.com\/midland-odessa\/categoria\/noticias-nacionales"},"img":{"alt_text":"","src":"","width":0,"height":0},"classes":[]},{"id":1471687,"url":"https:\/\/noticiasya.com\/midland-odessa\/2026\/02\/26\/eeuu-sanciona-funcionarios-nicaragua-ortega-murillo-orix\/","url_meta":{"origin":1452992,"position":1},"title":"Departamento del Tesoro de EE.UU. sanciona a cinco funcionarios de Nicaragua por &#171;facilitar la represi\u00f3n&#187; de Ortega y Murillo","author":"","date":"febrero 26, 2026","format":false,"excerpt":"La Oficina de Control de Activos Extranjeros (OFAC, por sus siglas en ingl\u00e9s) del Departamento del Tesoro de Estados Unidos sancion\u00f3 este jueves a cinco funcionarios del Gobierno de Nicaragua al se\u00f1alarlos por presuntamente \u201cfacilitar la represi\u00f3n popular\u201d de los copresidentes del pa\u00eds, Daniel Ortega y Rosario Murillo.Se trata de\u2026","rel":"","context":"In &quot;Noticias Nacionales&quot;","block_context":{"text":"Noticias Nacionales","link":"https:\/\/noticiasya.com\/midland-odessa\/categoria\/noticias-nacionales"},"img":{"alt_text":"","src":"","width":0,"height":0},"classes":[]},{"id":1467130,"url":"https:\/\/noticiasya.com\/midland-odessa\/2025\/10\/05\/venezuela-rusia-ataques-estados-unidos-efe\/","url_meta":{"origin":1452992,"position":2},"title":"Venezuela expone a Rusia la situaci\u00f3n de seguridad en el Caribe ante &#171;amenazas&#187; de EE.UU.","author":"","date":"octubre 5, 2025","format":false,"excerpt":"El canciller de Venezuela, Yv\u00e1n Gil, expuso este domingo a su hom\u00f3logo de Rusia, Sergu\u00e9i Lavrov, la situaci\u00f3n de seguridad en el Caribe ante las \u201camenazas\u201d que, dijo, representa el despliegue naval de Estados Unidos, que mantiene al menos ocho buques de guerra y un submarino de ataque r\u00e1pido cerca\u2026","rel":"","context":"In &quot;Noticias Nacionales&quot;","block_context":{"text":"Noticias Nacionales","link":"https:\/\/noticiasya.com\/midland-odessa\/categoria\/noticias-nacionales"},"img":{"alt_text":"","src":"","width":0,"height":0},"classes":[]},{"id":1466883,"url":"https:\/\/noticiasya.com\/midland-odessa\/2025\/09\/26\/venezuela-enfrenta-amenaza-militar-ilegal-dice-canciller-orix\/","url_meta":{"origin":1452992,"position":3},"title":"Venezuela enfrenta &#171;una amenaza militar absolutamente ilegal&#187; por parte de EE.UU., dice su canciller ante la ONU","author":"","date":"septiembre 26, 2025","format":false,"excerpt":"El canciller de Venezuela, Yv\u00e1n Gil, dijo este viernes en la Asamblea General de la ONU que su pa\u00eds enfrenta \u201cuna amenaza militar absolutamente ilegal\u201d por parte de Estados Unidos, al criticar el despliegue aeronaval que Washington comenz\u00f3 hace cerca de dos meses en aguas del Caribe con el argumento\u2026","rel":"","context":"In &quot;Noticias Nacionales&quot;","block_context":{"text":"Noticias Nacionales","link":"https:\/\/noticiasya.com\/midland-odessa\/categoria\/noticias-nacionales"},"img":{"alt_text":"","src":"","width":0,"height":0},"classes":[]},{"id":1452202,"url":"https:\/\/noticiasya.com\/midland-odessa\/2024\/08\/27\/daniel-ortega-ofrece-combatientes-sandinistas-contrarrevolucion-armada-venezuela-orix\/","url_meta":{"origin":1452992,"position":4},"title":"Daniel Ortega ofrece &#171;combatientes sandinistas&#187; en caso de que ocurra una \u201ccontrarrevoluci\u00f3n armada\u201d en Venezuela","author":"","date":"agosto 27, 2024","format":false,"excerpt":"(CNN Espa\u00f1ol) -- El presidente de Nicaragua, Daniel Ortega, ofreci\u00f3 este lunes enviar \u201ccombatientes sandinistas\u201d para apoyar al Ej\u00e9rcito de Venezuela en caso de que ocurra lo que denomin\u00f3 una \u201ccontrarrevoluci\u00f3n armada\u201d, luego de las elecciones del 28 de julio en las que la autoridad electoral proclam\u00f3 como vencedor al\u2026","rel":"","context":"In &quot;Noticias Nacionales&quot;","block_context":{"text":"Noticias Nacionales","link":"https:\/\/noticiasya.com\/midland-odessa\/categoria\/noticias-nacionales"},"img":{"alt_text":"","src":"","width":0,"height":0},"classes":[]},{"id":1468087,"url":"https:\/\/noticiasya.com\/midland-odessa\/2025\/11\/06\/venezuela-aliados-cuba-nicaragua-presion-eeuu-orix\/","url_meta":{"origin":1452992,"position":5},"title":"Venezuela busca ox\u00edgeno en Cuba y Nicaragua ante la presi\u00f3n de EE.UU., pero podr\u00eda necesitar m\u00e1s a otros socios","author":"","date":"noviembre 6, 2025","format":false,"excerpt":"Un enorme avi\u00f3n carguero de una compa\u00f1\u00eda rusa sancionada por Estados Unidos por presunto comercio de armas y transporte de mercenarios estuvo en los \u00faltimos d\u00edas de octubre por Am\u00e9rica Latina. Recorri\u00f3 tres ciudades, seg\u00fan datos de la web Flightradar24: Caracas, La Habana y Managua, capitales de una troika que\u2026","rel":"","context":"In &quot;Noticias Nacionales&quot;","block_context":{"text":"Noticias Nacionales","link":"https:\/\/noticiasya.com\/midland-odessa\/categoria\/noticias-nacionales"},"img":{"alt_text":"","src":"","width":0,"height":0},"classes":[]}],"jetpack_sharing_enabled":true,"_links":{"self":[{"href":"https:\/\/noticiasya.com\/midland-odessa\/wp-json\/wp\/v2\/posts\/1452992","targetHints":{"allow":["GET"]}}],"collection":[{"href":"https:\/\/noticiasya.com\/midland-odessa\/wp-json\/wp\/v2\/posts"}],"about":[{"href":"https:\/\/noticiasya.com\/midland-odessa\/wp-json\/wp\/v2\/types\/post"}],"replies":[{"embeddable":true,"href":"https:\/\/noticiasya.com\/midland-odessa\/wp-json\/wp\/v2\/comments?post=1452992"}],"version-history":[{"count":0,"href":"https:\/\/noticiasya.com\/midland-odessa\/wp-json\/wp\/v2\/posts\/1452992\/revisions"}],"wp:attachment":[{"href":"https:\/\/noticiasya.com\/midland-odessa\/wp-json\/wp\/v2\/media?parent=1452992"}],"wp:term":[{"taxonomy":"category","embeddable":true,"href":"https:\/\/noticiasya.com\/midland-odessa\/wp-json\/wp\/v2\/categories?post=1452992"},{"taxonomy":"post_tag","embeddable":true,"href":"https:\/\/noticiasya.com\/midland-odessa\/wp-json\/wp\/v2\/tags?post=1452992"}],"curies":[{"name":"wp","href":"https:\/\/api.w.org\/{rel}","templated":true}]}}