{"id":1452996,"date":"2024-09-24T13:03:44","date_gmt":"2024-09-24T20:03:44","guid":{"rendered":"https:\/\/noticiasya.com\/2024\/09\/24\/petro-afirma-cuba-y-venezuela-rebeldes-orix\/"},"modified":"2024-09-24T13:03:44","modified_gmt":"2024-09-24T20:03:44","slug":"petro-afirma-cuba-y-venezuela-rebeldes-orix","status":"publish","type":"post","link":"https:\/\/noticiasya.com\/midland-odessa\/2024\/09\/24\/petro-afirma-cuba-y-venezuela-rebeldes-orix\/","title":{"rendered":"Petro afirma que Cuba y Venezuela son &#171;pa\u00edses rebeldes&#187; que &#171;no encajan en el dominio&#187; del 1% m\u00e1s rico"},"content":{"rendered":"<p>(CNN Espa\u00f1ol) &#8212; El presidente de Colombia, Gustavo Petro, se refiri\u00f3 a la desigualdad econ\u00f3mica durante su discurso este martes ante la Asamblea General de la ONU, donde calific\u00f3 a Venezuela y Cuba como &#171;pa\u00edses rebeldes que no encajan&#187; en el dominio de la &#171;oligarqu\u00eda global&#187;.<\/p>\n<p>Petro afirm\u00f3 que el &#171;1% m\u00e1s rico&#187; es el que permite que &#171;se bloqueen econ\u00f3micamente a los pa\u00edses rebeldes, que no encajan en su dominio, como Cuba o como Venezuela, porque necesitan mostrar su poder de destrucci\u00f3n al 99% restante de la humanidad para que los dejen seguir dirigiendo el poder del mundo y apropi\u00e1ndose y acumulando cada vez m\u00e1s su riqueza&#187;.<\/p>\n<p>El discurso de Lula da Silva en la ONU: Terminar con el hambre en Brasil es el compromiso m\u00e1s urgente de mi Gobierno<\/p>\n<p>Durante su discurso, Petro tambi\u00e9n aludi\u00f3 al lema del presidente de Argentina, Javier Milei, con quien ha enfrentado tensiones en el pasado. Tras una entrevista de Milei con CNN en marzo, en la que el mandatario argentino se refiri\u00f3 a su par colombiano como &#171;asesino terrorista&#187;, Petro orden\u00f3 la expulsi\u00f3n de diplom\u00e1ticos argentinos.<\/p>\n<p>&#171;En su poder de prohibici\u00f3n y censura, gritan &#8216;Viva la Libertad Carajo&#8217;, pero es solo la libertad del 1% m\u00e1s rico de la poblaci\u00f3n mundial, que en su sentir mercantil y libre nos lleva a la destrucci\u00f3n de la atm\u00f3sfera y de la vida&#187;, dijo Petro este martes.<\/p>\n<p>CNN ha solicitado un comentario a la presidencia de Argentina para conocer su reacci\u00f3n a los dichos de Petro y est\u00e1 en espera de respuesta.<\/p>\n<p>Petro afirm\u00f3 adem\u00e1s que la humanidad atraviesa la mayor desigualdad de su historia como especie.<\/p>\n<p>&#171;Oxfam dice que el 1% de la humanidad tiene m\u00e1s riqueza que el 95% de toda la humanidad junta. Es en esta desigualdad alcanzada, la mayor de nuestra historia como especie, donde se encuentra la l\u00f3gica de la destrucci\u00f3n masiva, desatada en la crisis clim\u00e1tica y la l\u00f3gica de las bombas&#187;, indic\u00f3 el mandatario.<\/p>\n<p>The-CNN-Wire<br \/>&trade; &amp; &copy; 2024 Cable News Network, Inc., a Warner Bros. Discovery Company. All rights reserved.<\/p>\n","protected":false},"excerpt":{"rendered":"<p>(CNN Espa\u00f1ol) &#8212; El presidente de Colombia, Gustavo Petro, se refiri\u00f3 a la desigualdad econ\u00f3mica durante su discurso este martes ante la Asamblea General de la ONU, donde calific\u00f3 a Venezuela y Cuba como &#171;pa\u00edses rebeldes que no encajan&#187; en el dominio de la &#171;oligarqu\u00eda global&#187;. Petro afirm\u00f3 que el &#171;1% m\u00e1s rico&#187; es el [&hellip;]<\/p>\n","protected":false},"author":0,"featured_media":0,"comment_status":"open","ping_status":"open","sticky":false,"template":"","format":"standard","meta":{"_jetpack_memberships_contains_paid_content":false,"footnotes":""},"categories":[10],"tags":[],"class_list":["post-1452996","post","type-post","status-publish","format-standard","hentry","category-noticias-nacionales","market-global"],"yoast_head":"<!-- This site is optimized with the Yoast SEO plugin v24.4 - https:\/\/yoast.com\/wordpress\/plugins\/seo\/ -->\n<title>Petro afirma que Cuba y Venezuela son &quot;pa\u00edses rebeldes&quot; que &quot;no encajan en el dominio&quot; del 1% m\u00e1s rico - Noticias<\/title>\n<meta name=\"robots\" content=\"index, follow, max-snippet:-1, max-image-preview:large, max-video-preview:-1\" \/>\n<link rel=\"canonical\" href=\"https:\/\/noticiasya.com\/2024\/09\/24\/petro-afirma-cuba-y-venezuela-rebeldes-orix\/\" \/>\n<meta property=\"og:locale\" content=\"es_ES\" \/>\n<meta property=\"og:type\" content=\"article\" \/>\n<meta property=\"og:title\" content=\"Petro afirma que Cuba y Venezuela son &quot;pa\u00edses rebeldes&quot; que &quot;no encajan en el dominio&quot; del 1% m\u00e1s rico - Noticias\" \/>\n<meta property=\"og:description\" content=\"(CNN Espa\u00f1ol) &#8212; El presidente de Colombia, Gustavo Petro, se refiri\u00f3 a la desigualdad econ\u00f3mica durante su discurso este martes ante la Asamblea General de la ONU, donde calific\u00f3 a Venezuela y Cuba como &#171;pa\u00edses rebeldes que no encajan&#187; en el dominio de la &#171;oligarqu\u00eda global&#187;. Petro afirm\u00f3 que el &#171;1% m\u00e1s rico&#187; es el [&hellip;]\" \/>\n<meta property=\"og:url\" content=\"https:\/\/noticiasya.com\/2024\/09\/24\/petro-afirma-cuba-y-venezuela-rebeldes-orix\/\" \/>\n<meta property=\"og:site_name\" content=\"Noticias\" \/>\n<meta property=\"article:published_time\" content=\"2024-09-24T20:03:44+00:00\" \/>\n<meta name=\"twitter:card\" content=\"summary_large_image\" \/>\n<meta name=\"twitter:label1\" content=\"Est. reading time\" \/>\n\t<meta name=\"twitter:data1\" content=\"2 minutos\" \/>\n<script type=\"application\/ld+json\" class=\"yoast-schema-graph\">{\"@context\":\"https:\/\/schema.org\",\"@graph\":[{\"@type\":\"Article\",\"@id\":\"https:\/\/noticiasya.com\/2024\/09\/24\/petro-afirma-cuba-y-venezuela-rebeldes-orix\/#article\",\"isPartOf\":{\"@id\":\"https:\/\/noticiasya.com\/2024\/09\/24\/petro-afirma-cuba-y-venezuela-rebeldes-orix\/\"},\"author\":{\"name\":\"\",\"@id\":\"\"},\"headline\":\"Petro afirma que Cuba y Venezuela son &#171;pa\u00edses rebeldes&#187; que &#171;no encajan en el dominio&#187; del 1% m\u00e1s rico\",\"datePublished\":\"2024-09-24T20:03:44+00:00\",\"mainEntityOfPage\":{\"@id\":\"https:\/\/noticiasya.com\/2024\/09\/24\/petro-afirma-cuba-y-venezuela-rebeldes-orix\/\"},\"wordCount\":383,\"commentCount\":0,\"publisher\":{\"@id\":\"https:\/\/noticiasya.com\/#organization\"},\"articleSection\":[\"Noticias Nacionales\"],\"inLanguage\":\"es\",\"potentialAction\":[{\"@type\":\"CommentAction\",\"name\":\"Comment\",\"target\":[\"https:\/\/noticiasya.com\/2024\/09\/24\/petro-afirma-cuba-y-venezuela-rebeldes-orix\/#respond\"]}]},{\"@type\":\"WebPage\",\"@id\":\"https:\/\/noticiasya.com\/2024\/09\/24\/petro-afirma-cuba-y-venezuela-rebeldes-orix\/\",\"url\":\"https:\/\/noticiasya.com\/2024\/09\/24\/petro-afirma-cuba-y-venezuela-rebeldes-orix\/\",\"name\":\"Petro afirma que Cuba y Venezuela son \\\"pa\u00edses rebeldes\\\" que \\\"no encajan en el dominio\\\" del 1% m\u00e1s rico - Noticias\",\"isPartOf\":{\"@id\":\"https:\/\/noticiasya.com\/#website\"},\"datePublished\":\"2024-09-24T20:03:44+00:00\",\"breadcrumb\":{\"@id\":\"https:\/\/noticiasya.com\/2024\/09\/24\/petro-afirma-cuba-y-venezuela-rebeldes-orix\/#breadcrumb\"},\"inLanguage\":\"es\",\"potentialAction\":[{\"@type\":\"ReadAction\",\"target\":[\"https:\/\/noticiasya.com\/2024\/09\/24\/petro-afirma-cuba-y-venezuela-rebeldes-orix\/\"]}]},{\"@type\":\"BreadcrumbList\",\"@id\":\"https:\/\/noticiasya.com\/2024\/09\/24\/petro-afirma-cuba-y-venezuela-rebeldes-orix\/#breadcrumb\",\"itemListElement\":[{\"@type\":\"ListItem\",\"position\":1,\"name\":\"Home\",\"item\":\"https:\/\/noticiasya.com\/\"},{\"@type\":\"ListItem\",\"position\":2,\"name\":\"Petro afirma que Cuba y Venezuela son &#171;pa\u00edses rebeldes&#187; que &#171;no encajan en el dominio&#187; del 1% m\u00e1s rico\"}]},{\"@type\":\"WebSite\",\"@id\":\"https:\/\/noticiasya.com\/#website\",\"url\":\"https:\/\/noticiasya.com\/\",\"name\":\"Noticias\",\"description\":\"Lo que importa\",\"publisher\":{\"@id\":\"https:\/\/noticiasya.com\/#organization\"},\"potentialAction\":[{\"@type\":\"SearchAction\",\"target\":{\"@type\":\"EntryPoint\",\"urlTemplate\":\"https:\/\/noticiasya.com\/?s={search_term_string}\"},\"query-input\":{\"@type\":\"PropertyValueSpecification\",\"valueRequired\":true,\"valueName\":\"search_term_string\"}}],\"inLanguage\":\"es\"},{\"@type\":\"Organization\",\"@id\":\"https:\/\/noticiasya.com\/#organization\",\"name\":\"Noticias\",\"url\":\"https:\/\/noticiasya.com\/\",\"logo\":{\"@type\":\"ImageObject\",\"inLanguage\":\"es\",\"@id\":\"https:\/\/noticiasya.com\/#\/schema\/logo\/image\/\",\"url\":\"https:\/\/noticiasya.com\/wp-content\/uploads\/sites\/22\/2023\/12\/logo-nacional.png\",\"contentUrl\":\"https:\/\/noticiasya.com\/wp-content\/uploads\/sites\/22\/2023\/12\/logo-nacional.png\",\"width\":1801,\"height\":691,\"caption\":\"Noticias\"},\"image\":{\"@id\":\"https:\/\/noticiasya.com\/#\/schema\/logo\/image\/\"}}]}<\/script>\n<!-- \/ Yoast SEO plugin. -->","yoast_head_json":{"title":"Petro afirma que Cuba y Venezuela son \"pa\u00edses rebeldes\" que \"no encajan en el dominio\" del 1% m\u00e1s rico - Noticias","robots":{"index":"index","follow":"follow","max-snippet":"max-snippet:-1","max-image-preview":"max-image-preview:large","max-video-preview":"max-video-preview:-1"},"canonical":"https:\/\/noticiasya.com\/2024\/09\/24\/petro-afirma-cuba-y-venezuela-rebeldes-orix\/","og_locale":"es_ES","og_type":"article","og_title":"Petro afirma que Cuba y Venezuela son \"pa\u00edses rebeldes\" que \"no encajan en el dominio\" del 1% m\u00e1s rico - Noticias","og_description":"(CNN Espa\u00f1ol) &#8212; El presidente de Colombia, Gustavo Petro, se refiri\u00f3 a la desigualdad econ\u00f3mica durante su discurso este martes ante la Asamblea General de la ONU, donde calific\u00f3 a Venezuela y Cuba como &#171;pa\u00edses rebeldes que no encajan&#187; en el dominio de la &#171;oligarqu\u00eda global&#187;. Petro afirm\u00f3 que el &#171;1% m\u00e1s rico&#187; es el [&hellip;]","og_url":"https:\/\/noticiasya.com\/2024\/09\/24\/petro-afirma-cuba-y-venezuela-rebeldes-orix\/","og_site_name":"Noticias","article_published_time":"2024-09-24T20:03:44+00:00","twitter_card":"summary_large_image","twitter_misc":{"Est. reading time":"2 minutos"},"schema":{"@context":"https:\/\/schema.org","@graph":[{"@type":"Article","@id":"https:\/\/noticiasya.com\/2024\/09\/24\/petro-afirma-cuba-y-venezuela-rebeldes-orix\/#article","isPartOf":{"@id":"https:\/\/noticiasya.com\/2024\/09\/24\/petro-afirma-cuba-y-venezuela-rebeldes-orix\/"},"author":{"name":"","@id":""},"headline":"Petro afirma que Cuba y Venezuela son &#171;pa\u00edses rebeldes&#187; que &#171;no encajan en el dominio&#187; del 1% m\u00e1s rico","datePublished":"2024-09-24T20:03:44+00:00","mainEntityOfPage":{"@id":"https:\/\/noticiasya.com\/2024\/09\/24\/petro-afirma-cuba-y-venezuela-rebeldes-orix\/"},"wordCount":383,"commentCount":0,"publisher":{"@id":"https:\/\/noticiasya.com\/#organization"},"articleSection":["Noticias Nacionales"],"inLanguage":"es","potentialAction":[{"@type":"CommentAction","name":"Comment","target":["https:\/\/noticiasya.com\/2024\/09\/24\/petro-afirma-cuba-y-venezuela-rebeldes-orix\/#respond"]}]},{"@type":"WebPage","@id":"https:\/\/noticiasya.com\/2024\/09\/24\/petro-afirma-cuba-y-venezuela-rebeldes-orix\/","url":"https:\/\/noticiasya.com\/2024\/09\/24\/petro-afirma-cuba-y-venezuela-rebeldes-orix\/","name":"Petro afirma que Cuba y Venezuela son \"pa\u00edses rebeldes\" que \"no encajan en el dominio\" del 1% m\u00e1s rico - Noticias","isPartOf":{"@id":"https:\/\/noticiasya.com\/#website"},"datePublished":"2024-09-24T20:03:44+00:00","breadcrumb":{"@id":"https:\/\/noticiasya.com\/2024\/09\/24\/petro-afirma-cuba-y-venezuela-rebeldes-orix\/#breadcrumb"},"inLanguage":"es","potentialAction":[{"@type":"ReadAction","target":["https:\/\/noticiasya.com\/2024\/09\/24\/petro-afirma-cuba-y-venezuela-rebeldes-orix\/"]}]},{"@type":"BreadcrumbList","@id":"https:\/\/noticiasya.com\/2024\/09\/24\/petro-afirma-cuba-y-venezuela-rebeldes-orix\/#breadcrumb","itemListElement":[{"@type":"ListItem","position":1,"name":"Home","item":"https:\/\/noticiasya.com\/"},{"@type":"ListItem","position":2,"name":"Petro afirma que Cuba y Venezuela son &#171;pa\u00edses rebeldes&#187; que &#171;no encajan en el dominio&#187; del 1% m\u00e1s rico"}]},{"@type":"WebSite","@id":"https:\/\/noticiasya.com\/#website","url":"https:\/\/noticiasya.com\/","name":"Noticias","description":"Lo que importa","publisher":{"@id":"https:\/\/noticiasya.com\/#organization"},"potentialAction":[{"@type":"SearchAction","target":{"@type":"EntryPoint","urlTemplate":"https:\/\/noticiasya.com\/?s={search_term_string}"},"query-input":{"@type":"PropertyValueSpecification","valueRequired":true,"valueName":"search_term_string"}}],"inLanguage":"es"},{"@type":"Organization","@id":"https:\/\/noticiasya.com\/#organization","name":"Noticias","url":"https:\/\/noticiasya.com\/","logo":{"@type":"ImageObject","inLanguage":"es","@id":"https:\/\/noticiasya.com\/#\/schema\/logo\/image\/","url":"https:\/\/noticiasya.com\/wp-content\/uploads\/sites\/22\/2023\/12\/logo-nacional.png","contentUrl":"https:\/\/noticiasya.com\/wp-content\/uploads\/sites\/22\/2023\/12\/logo-nacional.png","width":1801,"height":691,"caption":"Noticias"},"image":{"@id":"https:\/\/noticiasya.com\/#\/schema\/logo\/image\/"}}]}},"parsely":{"version":"1.1.0","canonical_url":"https:\/\/noticiasya.com\/midland-odessa\/2024\/09\/24\/petro-afirma-cuba-y-venezuela-rebeldes-orix\/","smart_links":{"inbound":0,"outbound":0},"traffic_boost_suggestions_count":0,"meta":{"@context":"https:\/\/schema.org","@type":"NewsArticle","headline":"Petro afirma que Cuba y Venezuela son &#171;pa\u00edses rebeldes&#187; que &#171;no encajan en el dominio&#187; del 1% m\u00e1s rico","url":"http:\/\/noticiasya.com\/midland-odessa\/2024\/09\/24\/petro-afirma-cuba-y-venezuela-rebeldes-orix\/","mainEntityOfPage":{"@type":"WebPage","@id":"http:\/\/noticiasya.com\/midland-odessa\/2024\/09\/24\/petro-afirma-cuba-y-venezuela-rebeldes-orix\/"},"thumbnailUrl":"","image":{"@type":"ImageObject","url":""},"articleSection":"Noticias Nacionales","author":[],"creator":[],"publisher":{"@type":"Organization","name":"Noticias","logo":""},"keywords":[],"dateCreated":"2024-09-24T20:03:44Z","datePublished":"2024-09-24T20:03:44Z","dateModified":"2024-09-24T20:03:44Z"},"rendered":"<script type=\"application\/ld+json\" class=\"wp-parsely-metadata\">{\"@context\":\"https:\\\/\\\/schema.org\",\"@type\":\"NewsArticle\",\"headline\":\"Petro afirma que Cuba y Venezuela son &#171;pa\\u00edses rebeldes&#187; que &#171;no encajan en el dominio&#187; del 1% m\\u00e1s rico\",\"url\":\"http:\\\/\\\/noticiasya.com\\\/midland-odessa\\\/2024\\\/09\\\/24\\\/petro-afirma-cuba-y-venezuela-rebeldes-orix\\\/\",\"mainEntityOfPage\":{\"@type\":\"WebPage\",\"@id\":\"http:\\\/\\\/noticiasya.com\\\/midland-odessa\\\/2024\\\/09\\\/24\\\/petro-afirma-cuba-y-venezuela-rebeldes-orix\\\/\"},\"thumbnailUrl\":\"\",\"image\":{\"@type\":\"ImageObject\",\"url\":\"\"},\"articleSection\":\"Noticias Nacionales\",\"author\":[],\"creator\":[],\"publisher\":{\"@type\":\"Organization\",\"name\":\"Noticias\",\"logo\":\"\"},\"keywords\":[],\"dateCreated\":\"2024-09-24T20:03:44Z\",\"datePublished\":\"2024-09-24T20:03:44Z\",\"dateModified\":\"2024-09-24T20:03:44Z\"}<\/script>","tracker_url":"https:\/\/cdn.parsely.com\/keys\/noticiasya.com\/p.js"},"jetpack_featured_media_url":"","jetpack-related-posts":[{"id":1453004,"url":"https:\/\/noticiasya.com\/midland-odessa\/2024\/09\/24\/milei-acusa-onu-agenda-ideologica-orix\/","url_meta":{"origin":1452996,"position":0},"title":"Milei acusa a la ONU de imponer una \u201cagenda ideol\u00f3gica\u201d a sus miembros","author":"","date":"septiembre 24, 2024","format":false,"excerpt":"(CNN Espa\u00f1ol) --\u00a0El presidente de Argentina, Javier Milei, afirm\u00f3 este martes que la Organizaci\u00f3n de las Naciones Unidas (ONU) ya no vela por los principios que esboz\u00f3 en su fundaci\u00f3n, sino que impone \u201cuna agenda ideol\u00f3gica\u201d a sus miembros.\u201cUna organizaci\u00f3n que hab\u00eda sido pensada como un escudo para proteger el\u2026","rel":"","context":"In &quot;Noticias Nacionales&quot;","block_context":{"text":"Noticias Nacionales","link":"https:\/\/noticiasya.com\/midland-odessa\/categoria\/noticias-nacionales"},"img":{"alt_text":"","src":"","width":0,"height":0},"classes":[]},{"id":1453070,"url":"https:\/\/noticiasya.com\/midland-odessa\/2024\/09\/25\/gustavo-petro-entrevista-cnn-venezuela-israel-onu-orix\/","url_meta":{"origin":1452996,"position":1},"title":"Petro dice que el proceso electoral en Venezuela no se vivi\u00f3 en libertad","author":"","date":"septiembre 25, 2024","format":false,"excerpt":"(CNN Espa\u00f1ol) --\u00a0El presidente de Colombia, Gustavo Petro, afirm\u00f3 en una entrevista con CNN que la sociedad venezolana \u201cde todos los bandos\u201d no tuvo libertad para participar en las elecciones presidenciales de julio.El comentario de Petro se refiere tanto a la decisi\u00f3n del Tribunal Supremo de Justicia de Venezuela de\u2026","rel":"","context":"In &quot;Noticias Nacionales&quot;","block_context":{"text":"Noticias Nacionales","link":"https:\/\/noticiasya.com\/midland-odessa\/categoria\/noticias-nacionales"},"img":{"alt_text":"","src":"","width":0,"height":0},"classes":[]},{"id":1472430,"url":"https:\/\/noticiasya.com\/midland-odessa\/2026\/03\/21\/lula-critica-eeuu-venezuela-cuba-petro-cuestiona-onu-conflictos-orix\/","url_meta":{"origin":1452996,"position":2},"title":"Lula critica acciones de EE.UU. sobre Venezuela y Cuba, mientras Petro cuestiona la capacidad de ONU para evitar conflictos","author":"","date":"marzo 21, 2026","format":false,"excerpt":"El presidente de Brasil, Luiz In\u00e1cio Lula da Silva, critic\u00f3 este s\u00e1bado las acciones de Estados Unidos sobre Venezuela y Cuba, pa\u00edses que han visto en los \u00faltimos meses ataques militares en su territorio y amenazas de tomas de control, respectivamente.Durante el Foro de Alto Nivel de la Comunidad de\u2026","rel":"","context":"In &quot;Noticias Nacionales&quot;","block_context":{"text":"Noticias Nacionales","link":"https:\/\/noticiasya.com\/midland-odessa\/categoria\/noticias-nacionales"},"img":{"alt_text":"","src":"","width":0,"height":0},"classes":[]},{"id":1469789,"url":"https:\/\/noticiasya.com\/midland-odessa\/2026\/01\/05\/5-cosas-5-enero-orix\/","url_meta":{"origin":1452996,"position":3},"title":"Las 5 cosas que debes saber este 5 de enero: Delcy Rodr\u00edguez asume en Venezuela, Maduro ante un tribunal de EE.UU.","author":"","date":"enero 5, 2026","format":false,"excerpt":"Trump lanza advertencias a otros pa\u00edses de Am\u00e9rica Latina. Maduro har\u00e1 su primera aparici\u00f3n ante un tribunal en Nueva York. La oposici\u00f3n venezolana pide que se respeten los resultados de las elecciones de 2024. Esto es lo que debes saber para comenzar el d\u00eda. Primero la verdad.Suscr\u00edbete aqu\u00ed para recibir\u2026","rel":"","context":"In &quot;Noticias Nacionales&quot;","block_context":{"text":"Noticias Nacionales","link":"https:\/\/noticiasya.com\/midland-odessa\/categoria\/noticias-nacionales"},"img":{"alt_text":"","src":"","width":0,"height":0},"classes":[]},{"id":1473301,"url":"https:\/\/noticiasya.com\/midland-odessa\/2026\/04\/18\/cumbre-progresista-democracia-trump-cuba-orix\/","url_meta":{"origin":1452996,"position":4},"title":"L\u00edderes progresistas sellan una alianza en Espa\u00f1a con alusiones a Trump y cr\u00edticas a la presi\u00f3n sobre Cuba","author":"","date":"abril 18, 2026","format":false,"excerpt":"La IV reuni\u00f3n \u201cEn defensa de la democracia\u201d se llev\u00f3 a cabo este s\u00e1bado en Barcelona, Espa\u00f1a, con la presencia de jefes de Estado y l\u00edderes pol\u00edticos progresistas de Am\u00e9rica Latina y diversas partes del mundo, entre ellos Pedro S\u00e1nchez, presidente del Gobierno espa\u00f1ol; Claudia Sheinbaum, presidenta de M\u00e9xico; Luiz\u2026","rel":"","context":"In &quot;Noticias Nacionales&quot;","block_context":{"text":"Noticias Nacionales","link":"https:\/\/noticiasya.com\/midland-odessa\/categoria\/noticias-nacionales"},"img":{"alt_text":"","src":"","width":0,"height":0},"classes":[]},{"id":1469794,"url":"https:\/\/noticiasya.com\/midland-odessa\/2026\/01\/05\/paises-trump-advertencias-ataque-venezuela-trax\/","url_meta":{"origin":1452996,"position":5},"title":"Estos son los pa\u00edses a los que Trump lanz\u00f3 advertencias tras el ataque en Venezuela","author":"","date":"enero 5, 2026","format":false,"excerpt":"Desde que las fuerzas de Estados Unidos capturaron al presidente de Venezuela, Nicol\u00e1s Maduro, durante el fin de semana, el presidente Donald Trump y miembros de su Gobierno han emitido advertencias a varios pa\u00edses y territorios, entre ellos Colombia, Cuba, M\u00e9xico, Ir\u00e1n y Groenlandia, un territorio aut\u00f3nomo de Dinamarca.Trump dijo\u2026","rel":"","context":"In &quot;Noticias Nacionales&quot;","block_context":{"text":"Noticias Nacionales","link":"https:\/\/noticiasya.com\/midland-odessa\/categoria\/noticias-nacionales"},"img":{"alt_text":"","src":"","width":0,"height":0},"classes":[]}],"jetpack_sharing_enabled":true,"_links":{"self":[{"href":"https:\/\/noticiasya.com\/midland-odessa\/wp-json\/wp\/v2\/posts\/1452996","targetHints":{"allow":["GET"]}}],"collection":[{"href":"https:\/\/noticiasya.com\/midland-odessa\/wp-json\/wp\/v2\/posts"}],"about":[{"href":"https:\/\/noticiasya.com\/midland-odessa\/wp-json\/wp\/v2\/types\/post"}],"replies":[{"embeddable":true,"href":"https:\/\/noticiasya.com\/midland-odessa\/wp-json\/wp\/v2\/comments?post=1452996"}],"version-history":[{"count":0,"href":"https:\/\/noticiasya.com\/midland-odessa\/wp-json\/wp\/v2\/posts\/1452996\/revisions"}],"wp:attachment":[{"href":"https:\/\/noticiasya.com\/midland-odessa\/wp-json\/wp\/v2\/media?parent=1452996"}],"wp:term":[{"taxonomy":"category","embeddable":true,"href":"https:\/\/noticiasya.com\/midland-odessa\/wp-json\/wp\/v2\/categories?post=1452996"},{"taxonomy":"post_tag","embeddable":true,"href":"https:\/\/noticiasya.com\/midland-odessa\/wp-json\/wp\/v2\/tags?post=1452996"}],"curies":[{"name":"wp","href":"https:\/\/api.w.org\/{rel}","templated":true}]}}