{"id":1452998,"date":"2024-09-24T14:03:43","date_gmt":"2024-09-24T21:03:43","guid":{"rendered":"https:\/\/noticiasya.com\/2024\/09\/24\/biden-lucha-venezuela-democracia-discurso-onu-unga-orix\/"},"modified":"2024-09-24T14:03:43","modified_gmt":"2024-09-24T21:03:43","slug":"biden-lucha-venezuela-democracia-discurso-onu-unga-orix","status":"publish","type":"post","link":"https:\/\/noticiasya.com\/midland-odessa\/2024\/09\/24\/biden-lucha-venezuela-democracia-discurso-onu-unga-orix\/","title":{"rendered":"Biden destaca lucha de Venezuela por la democracia; llama a l\u00edderes mundiales a no aferrarse al poder"},"content":{"rendered":"<p>(CNN Espa\u00f1ol) &#8212;\u00a0El presidente de Estados Unidos, Joe Biden, habl\u00f3 durante su intervenci\u00f3n en la Asamblea General de la ONU sobre las crisis en varios pa\u00edses, y en particular sobre Venezuela se refiri\u00f3 a la lucha por la democracia que \u2015dijo\u2015 no ha sido reconocida.<\/p>\n<p>El discurso de Biden ante la ONU: \u201cReconozco los desaf\u00edos desde Ucrania hasta Gaza, Sud\u00e1n y m\u00e1s all\u00e1\u201d<\/p>\n<p>&#171;(Hombres y mujeres valientes) luchan hoy por la libertad y justicia, lo vimos, ese camino por la libertad en Venezuela, que muchos votaron por el cambio, que no han sido reconocidos, pero no puede ser negado, el mundo sabe la verdad&#187;, dijo.<\/p>\n<p>Biden llam\u00f3 a los l\u00edderes mundiales a recordar que &#171;algunas cosas son m\u00e1s importantes que permanecer en el poder&#187;.<\/p>\n<p>The-CNN-Wire<br \/>&trade; &amp; &copy; 2024 Cable News Network, Inc., a Warner Bros. Discovery Company. All rights reserved.<\/p>\n","protected":false},"excerpt":{"rendered":"<p>(CNN Espa\u00f1ol) &#8212;\u00a0El presidente de Estados Unidos, Joe Biden, habl\u00f3 durante su intervenci\u00f3n en la Asamblea General de la ONU sobre las crisis en varios pa\u00edses, y en particular sobre Venezuela se refiri\u00f3 a la lucha por la democracia que \u2015dijo\u2015 no ha sido reconocida. El discurso de Biden ante la ONU: \u201cReconozco los desaf\u00edos [&hellip;]<\/p>\n","protected":false},"author":0,"featured_media":0,"comment_status":"open","ping_status":"open","sticky":false,"template":"","format":"standard","meta":{"_jetpack_memberships_contains_paid_content":false,"footnotes":""},"categories":[10],"tags":[],"class_list":["post-1452998","post","type-post","status-publish","format-standard","hentry","category-noticias-nacionales","market-global"],"yoast_head":"<!-- This site is optimized with the Yoast SEO plugin v24.4 - https:\/\/yoast.com\/wordpress\/plugins\/seo\/ -->\n<title>Biden destaca lucha de Venezuela por la democracia; llama a l\u00edderes mundiales a no aferrarse al poder - Noticias<\/title>\n<meta name=\"robots\" content=\"index, follow, max-snippet:-1, max-image-preview:large, max-video-preview:-1\" \/>\n<link rel=\"canonical\" href=\"https:\/\/noticiasya.com\/2024\/09\/24\/biden-lucha-venezuela-democracia-discurso-onu-unga-orix\/\" \/>\n<meta property=\"og:locale\" content=\"es_ES\" \/>\n<meta property=\"og:type\" content=\"article\" \/>\n<meta property=\"og:title\" content=\"Biden destaca lucha de Venezuela por la democracia; llama a l\u00edderes mundiales a no aferrarse al poder - Noticias\" \/>\n<meta property=\"og:description\" content=\"(CNN Espa\u00f1ol) &#8212;\u00a0El presidente de Estados Unidos, Joe Biden, habl\u00f3 durante su intervenci\u00f3n en la Asamblea General de la ONU sobre las crisis en varios pa\u00edses, y en particular sobre Venezuela se refiri\u00f3 a la lucha por la democracia que \u2015dijo\u2015 no ha sido reconocida. El discurso de Biden ante la ONU: \u201cReconozco los desaf\u00edos [&hellip;]\" \/>\n<meta property=\"og:url\" content=\"https:\/\/noticiasya.com\/2024\/09\/24\/biden-lucha-venezuela-democracia-discurso-onu-unga-orix\/\" \/>\n<meta property=\"og:site_name\" content=\"Noticias\" \/>\n<meta property=\"article:published_time\" content=\"2024-09-24T21:03:43+00:00\" \/>\n<meta name=\"twitter:card\" content=\"summary_large_image\" \/>\n<meta name=\"twitter:label1\" content=\"Est. reading time\" \/>\n\t<meta name=\"twitter:data1\" content=\"1 minuto\" \/>\n<script type=\"application\/ld+json\" class=\"yoast-schema-graph\">{\"@context\":\"https:\/\/schema.org\",\"@graph\":[{\"@type\":\"Article\",\"@id\":\"https:\/\/noticiasya.com\/2024\/09\/24\/biden-lucha-venezuela-democracia-discurso-onu-unga-orix\/#article\",\"isPartOf\":{\"@id\":\"https:\/\/noticiasya.com\/2024\/09\/24\/biden-lucha-venezuela-democracia-discurso-onu-unga-orix\/\"},\"author\":{\"name\":\"\",\"@id\":\"\"},\"headline\":\"Biden destaca lucha de Venezuela por la democracia; llama a l\u00edderes mundiales a no aferrarse al poder\",\"datePublished\":\"2024-09-24T21:03:43+00:00\",\"mainEntityOfPage\":{\"@id\":\"https:\/\/noticiasya.com\/2024\/09\/24\/biden-lucha-venezuela-democracia-discurso-onu-unga-orix\/\"},\"wordCount\":167,\"commentCount\":0,\"publisher\":{\"@id\":\"https:\/\/noticiasya.com\/#organization\"},\"articleSection\":[\"Noticias Nacionales\"],\"inLanguage\":\"es\",\"potentialAction\":[{\"@type\":\"CommentAction\",\"name\":\"Comment\",\"target\":[\"https:\/\/noticiasya.com\/2024\/09\/24\/biden-lucha-venezuela-democracia-discurso-onu-unga-orix\/#respond\"]}]},{\"@type\":\"WebPage\",\"@id\":\"https:\/\/noticiasya.com\/2024\/09\/24\/biden-lucha-venezuela-democracia-discurso-onu-unga-orix\/\",\"url\":\"https:\/\/noticiasya.com\/2024\/09\/24\/biden-lucha-venezuela-democracia-discurso-onu-unga-orix\/\",\"name\":\"Biden destaca lucha de Venezuela por la democracia; llama a l\u00edderes mundiales a no aferrarse al poder - Noticias\",\"isPartOf\":{\"@id\":\"https:\/\/noticiasya.com\/#website\"},\"datePublished\":\"2024-09-24T21:03:43+00:00\",\"breadcrumb\":{\"@id\":\"https:\/\/noticiasya.com\/2024\/09\/24\/biden-lucha-venezuela-democracia-discurso-onu-unga-orix\/#breadcrumb\"},\"inLanguage\":\"es\",\"potentialAction\":[{\"@type\":\"ReadAction\",\"target\":[\"https:\/\/noticiasya.com\/2024\/09\/24\/biden-lucha-venezuela-democracia-discurso-onu-unga-orix\/\"]}]},{\"@type\":\"BreadcrumbList\",\"@id\":\"https:\/\/noticiasya.com\/2024\/09\/24\/biden-lucha-venezuela-democracia-discurso-onu-unga-orix\/#breadcrumb\",\"itemListElement\":[{\"@type\":\"ListItem\",\"position\":1,\"name\":\"Home\",\"item\":\"https:\/\/noticiasya.com\/\"},{\"@type\":\"ListItem\",\"position\":2,\"name\":\"Biden destaca lucha de Venezuela por la democracia; llama a l\u00edderes mundiales a no aferrarse al poder\"}]},{\"@type\":\"WebSite\",\"@id\":\"https:\/\/noticiasya.com\/#website\",\"url\":\"https:\/\/noticiasya.com\/\",\"name\":\"Noticias\",\"description\":\"Lo que importa\",\"publisher\":{\"@id\":\"https:\/\/noticiasya.com\/#organization\"},\"potentialAction\":[{\"@type\":\"SearchAction\",\"target\":{\"@type\":\"EntryPoint\",\"urlTemplate\":\"https:\/\/noticiasya.com\/?s={search_term_string}\"},\"query-input\":{\"@type\":\"PropertyValueSpecification\",\"valueRequired\":true,\"valueName\":\"search_term_string\"}}],\"inLanguage\":\"es\"},{\"@type\":\"Organization\",\"@id\":\"https:\/\/noticiasya.com\/#organization\",\"name\":\"Noticias\",\"url\":\"https:\/\/noticiasya.com\/\",\"logo\":{\"@type\":\"ImageObject\",\"inLanguage\":\"es\",\"@id\":\"https:\/\/noticiasya.com\/#\/schema\/logo\/image\/\",\"url\":\"https:\/\/noticiasya.com\/wp-content\/uploads\/sites\/22\/2023\/12\/logo-nacional.png\",\"contentUrl\":\"https:\/\/noticiasya.com\/wp-content\/uploads\/sites\/22\/2023\/12\/logo-nacional.png\",\"width\":1801,\"height\":691,\"caption\":\"Noticias\"},\"image\":{\"@id\":\"https:\/\/noticiasya.com\/#\/schema\/logo\/image\/\"}}]}<\/script>\n<!-- \/ Yoast SEO plugin. -->","yoast_head_json":{"title":"Biden destaca lucha de Venezuela por la democracia; llama a l\u00edderes mundiales a no aferrarse al poder - Noticias","robots":{"index":"index","follow":"follow","max-snippet":"max-snippet:-1","max-image-preview":"max-image-preview:large","max-video-preview":"max-video-preview:-1"},"canonical":"https:\/\/noticiasya.com\/2024\/09\/24\/biden-lucha-venezuela-democracia-discurso-onu-unga-orix\/","og_locale":"es_ES","og_type":"article","og_title":"Biden destaca lucha de Venezuela por la democracia; llama a l\u00edderes mundiales a no aferrarse al poder - Noticias","og_description":"(CNN Espa\u00f1ol) &#8212;\u00a0El presidente de Estados Unidos, Joe Biden, habl\u00f3 durante su intervenci\u00f3n en la Asamblea General de la ONU sobre las crisis en varios pa\u00edses, y en particular sobre Venezuela se refiri\u00f3 a la lucha por la democracia que \u2015dijo\u2015 no ha sido reconocida. El discurso de Biden ante la ONU: \u201cReconozco los desaf\u00edos [&hellip;]","og_url":"https:\/\/noticiasya.com\/2024\/09\/24\/biden-lucha-venezuela-democracia-discurso-onu-unga-orix\/","og_site_name":"Noticias","article_published_time":"2024-09-24T21:03:43+00:00","twitter_card":"summary_large_image","twitter_misc":{"Est. reading time":"1 minuto"},"schema":{"@context":"https:\/\/schema.org","@graph":[{"@type":"Article","@id":"https:\/\/noticiasya.com\/2024\/09\/24\/biden-lucha-venezuela-democracia-discurso-onu-unga-orix\/#article","isPartOf":{"@id":"https:\/\/noticiasya.com\/2024\/09\/24\/biden-lucha-venezuela-democracia-discurso-onu-unga-orix\/"},"author":{"name":"","@id":""},"headline":"Biden destaca lucha de Venezuela por la democracia; llama a l\u00edderes mundiales a no aferrarse al poder","datePublished":"2024-09-24T21:03:43+00:00","mainEntityOfPage":{"@id":"https:\/\/noticiasya.com\/2024\/09\/24\/biden-lucha-venezuela-democracia-discurso-onu-unga-orix\/"},"wordCount":167,"commentCount":0,"publisher":{"@id":"https:\/\/noticiasya.com\/#organization"},"articleSection":["Noticias Nacionales"],"inLanguage":"es","potentialAction":[{"@type":"CommentAction","name":"Comment","target":["https:\/\/noticiasya.com\/2024\/09\/24\/biden-lucha-venezuela-democracia-discurso-onu-unga-orix\/#respond"]}]},{"@type":"WebPage","@id":"https:\/\/noticiasya.com\/2024\/09\/24\/biden-lucha-venezuela-democracia-discurso-onu-unga-orix\/","url":"https:\/\/noticiasya.com\/2024\/09\/24\/biden-lucha-venezuela-democracia-discurso-onu-unga-orix\/","name":"Biden destaca lucha de Venezuela por la democracia; llama a l\u00edderes mundiales a no aferrarse al poder - Noticias","isPartOf":{"@id":"https:\/\/noticiasya.com\/#website"},"datePublished":"2024-09-24T21:03:43+00:00","breadcrumb":{"@id":"https:\/\/noticiasya.com\/2024\/09\/24\/biden-lucha-venezuela-democracia-discurso-onu-unga-orix\/#breadcrumb"},"inLanguage":"es","potentialAction":[{"@type":"ReadAction","target":["https:\/\/noticiasya.com\/2024\/09\/24\/biden-lucha-venezuela-democracia-discurso-onu-unga-orix\/"]}]},{"@type":"BreadcrumbList","@id":"https:\/\/noticiasya.com\/2024\/09\/24\/biden-lucha-venezuela-democracia-discurso-onu-unga-orix\/#breadcrumb","itemListElement":[{"@type":"ListItem","position":1,"name":"Home","item":"https:\/\/noticiasya.com\/"},{"@type":"ListItem","position":2,"name":"Biden destaca lucha de Venezuela por la democracia; llama a l\u00edderes mundiales a no aferrarse al poder"}]},{"@type":"WebSite","@id":"https:\/\/noticiasya.com\/#website","url":"https:\/\/noticiasya.com\/","name":"Noticias","description":"Lo que importa","publisher":{"@id":"https:\/\/noticiasya.com\/#organization"},"potentialAction":[{"@type":"SearchAction","target":{"@type":"EntryPoint","urlTemplate":"https:\/\/noticiasya.com\/?s={search_term_string}"},"query-input":{"@type":"PropertyValueSpecification","valueRequired":true,"valueName":"search_term_string"}}],"inLanguage":"es"},{"@type":"Organization","@id":"https:\/\/noticiasya.com\/#organization","name":"Noticias","url":"https:\/\/noticiasya.com\/","logo":{"@type":"ImageObject","inLanguage":"es","@id":"https:\/\/noticiasya.com\/#\/schema\/logo\/image\/","url":"https:\/\/noticiasya.com\/wp-content\/uploads\/sites\/22\/2023\/12\/logo-nacional.png","contentUrl":"https:\/\/noticiasya.com\/wp-content\/uploads\/sites\/22\/2023\/12\/logo-nacional.png","width":1801,"height":691,"caption":"Noticias"},"image":{"@id":"https:\/\/noticiasya.com\/#\/schema\/logo\/image\/"}}]}},"parsely":{"version":"1.1.0","canonical_url":"https:\/\/noticiasya.com\/midland-odessa\/2024\/09\/24\/biden-lucha-venezuela-democracia-discurso-onu-unga-orix\/","smart_links":{"inbound":0,"outbound":0},"traffic_boost_suggestions_count":0,"meta":{"@context":"https:\/\/schema.org","@type":"NewsArticle","headline":"Biden destaca lucha de Venezuela por la democracia; llama a l\u00edderes mundiales a no aferrarse al poder","url":"http:\/\/noticiasya.com\/midland-odessa\/2024\/09\/24\/biden-lucha-venezuela-democracia-discurso-onu-unga-orix\/","mainEntityOfPage":{"@type":"WebPage","@id":"http:\/\/noticiasya.com\/midland-odessa\/2024\/09\/24\/biden-lucha-venezuela-democracia-discurso-onu-unga-orix\/"},"thumbnailUrl":"","image":{"@type":"ImageObject","url":""},"articleSection":"Noticias Nacionales","author":[],"creator":[],"publisher":{"@type":"Organization","name":"Noticias","logo":""},"keywords":[],"dateCreated":"2024-09-24T21:03:43Z","datePublished":"2024-09-24T21:03:43Z","dateModified":"2024-09-24T21:03:43Z"},"rendered":"<script type=\"application\/ld+json\" class=\"wp-parsely-metadata\">{\"@context\":\"https:\\\/\\\/schema.org\",\"@type\":\"NewsArticle\",\"headline\":\"Biden destaca lucha de Venezuela por la democracia; llama a l\\u00edderes mundiales a no aferrarse al poder\",\"url\":\"http:\\\/\\\/noticiasya.com\\\/midland-odessa\\\/2024\\\/09\\\/24\\\/biden-lucha-venezuela-democracia-discurso-onu-unga-orix\\\/\",\"mainEntityOfPage\":{\"@type\":\"WebPage\",\"@id\":\"http:\\\/\\\/noticiasya.com\\\/midland-odessa\\\/2024\\\/09\\\/24\\\/biden-lucha-venezuela-democracia-discurso-onu-unga-orix\\\/\"},\"thumbnailUrl\":\"\",\"image\":{\"@type\":\"ImageObject\",\"url\":\"\"},\"articleSection\":\"Noticias Nacionales\",\"author\":[],\"creator\":[],\"publisher\":{\"@type\":\"Organization\",\"name\":\"Noticias\",\"logo\":\"\"},\"keywords\":[],\"dateCreated\":\"2024-09-24T21:03:43Z\",\"datePublished\":\"2024-09-24T21:03:43Z\",\"dateModified\":\"2024-09-24T21:03:43Z\"}<\/script>","tracker_url":"https:\/\/cdn.parsely.com\/keys\/noticiasya.com\/p.js"},"jetpack_featured_media_url":"","jetpack-related-posts":[{"id":1452991,"url":"https:\/\/noticiasya.com\/midland-odessa\/2024\/09\/24\/biden-asamblea-onu-desafios-globales-optimista-trax\/","url_meta":{"origin":1452998,"position":0},"title":"En su \u00faltimo discurso como presidente, Biden expone ante la Asamblea de la ONU sobre los desaf\u00edos globales y se muestra optimista","author":"","date":"septiembre 24, 2024","format":false,"excerpt":"(CNN) -- El presidente Joe Biden utiliz\u00f3 su \u00faltimo discurso ante la Asamblea General de las Naciones Unidas para exponer sobre los desaf\u00edos que enfrenta el mundo, pero lo impregn\u00f3 de optimismo y llamados a la paz por parte de los l\u00edderes mundiales.Ahora puedes seguirnos en\u00a0WhatsApp Channel\"Reconozco los desaf\u00edos desde\u2026","rel":"","context":"In &quot;Noticias Nacionales&quot;","block_context":{"text":"Noticias Nacionales","link":"https:\/\/noticiasya.com\/midland-odessa\/categoria\/noticias-nacionales"},"img":{"alt_text":"","src":"","width":0,"height":0},"classes":[]},{"id":1472204,"url":"https:\/\/noticiasya.com\/midland-odessa\/2026\/03\/14\/maria-corina-machado-delcy-rodriguez-quiere-prolongar-terror-orix\/","url_meta":{"origin":1452998,"position":1},"title":"Mar\u00eda Corina Machado dice que el Gobierno de Delcy Rodr\u00edguez quiere &#171;prolongar el terror para quebrar la moral&#187; en Venezuela","author":"","date":"marzo 14, 2026","format":false,"excerpt":"La l\u00edder opositora venezolana Mar\u00eda Corina Machado se pronunci\u00f3 este s\u00e1bado, a trav\u00e9s de su cuenta en X, sobre el caso de Perkins Rocha, abogado y representante del Comando con Venezuela ante el Consejo Nacional Electoral (CNE), a quien le fue negada la amnist\u00eda.Rocha fue detenido en agosto de 2024\u2026","rel":"","context":"In &quot;Noticias Nacionales&quot;","block_context":{"text":"Noticias Nacionales","link":"https:\/\/noticiasya.com\/midland-odessa\/categoria\/noticias-nacionales"},"img":{"alt_text":"","src":"","width":0,"height":0},"classes":[]},{"id":1471974,"url":"https:\/\/noticiasya.com\/midland-odessa\/2026\/03\/06\/trump-elimina-lideres-democracia-segundo-plano-trax\/","url_meta":{"origin":1452998,"position":2},"title":"Mientras Trump elimina a l\u00edderes mundiales, la democracia queda en segundo plano","author":"","date":"marzo 6, 2026","format":false,"excerpt":"Cuando el primer Gobierno de Trump elabor\u00f3 su estrategia de seguridad nacional en 2017, la democracia ocup\u00f3 un lugar destacado.Calific\u00f3 la democracia como algo que \u201cvaloramos profundamente\u201d. Dijo que la democratizaci\u00f3n de aliados clave fue uno de los \u201cmayores triunfos de la diplomacia estadounidense\u201d. Afirm\u00f3 que el hemisferio occidental estaba\u2026","rel":"","context":"In &quot;Noticias Nacionales&quot;","block_context":{"text":"Noticias Nacionales","link":"https:\/\/noticiasya.com\/midland-odessa\/categoria\/noticias-nacionales"},"img":{"alt_text":"","src":"","width":0,"height":0},"classes":[]},{"id":1450727,"url":"https:\/\/noticiasya.com\/midland-odessa\/2024\/06\/26\/libertad-electoral-venezuela-preocupaciones-oea-orix\/","url_meta":{"origin":1452998,"position":3},"title":"Libertad electoral, en especial en Venezuela, entre las preocupaciones en reuni\u00f3n de la OEA con l\u00edderes de la sociedad civil","author":"","date":"junio 26, 2024","format":false,"excerpt":"(CNN Espa\u00f1ol) -- Organizaciones y funcionarios participantes en la 54\u00b0 Asamblea de la Organizaci\u00f3n de los Estados Americanos (OEA) realizada este mi\u00e9rcoles resaltaron su preocupaci\u00f3n por las garant\u00edas para la libertad electoral, en particular en Venezuela, rumbo a la elecci\u00f3n presidencial del 28 de julio.M\u00e1s de 450 l\u00edderes de organizaciones\u2026","rel":"","context":"In &quot;Noticias Nacionales&quot;","block_context":{"text":"Noticias Nacionales","link":"https:\/\/noticiasya.com\/midland-odessa\/categoria\/noticias-nacionales"},"img":{"alt_text":"","src":"","width":0,"height":0},"classes":[]},{"id":1452992,"url":"https:\/\/noticiasya.com\/midland-odessa\/2024\/09\/24\/arevalo-onu-reprimir-venezuela-nicaragua\/","url_meta":{"origin":1452998,"position":4},"title":"Ar\u00e9valo rechaza ante la ONU &#171;cualquier intento por reprimir&#187; las &#171;aspiraciones de libertad de los pueblos&#187; al hablar de Venezuela y Nicaragua","author":"","date":"septiembre 24, 2024","format":false,"excerpt":"(CNN Espa\u00f1ol) -- El presidente de Guatemala, Bernardo Ar\u00e9valo, expres\u00f3 este martes su rechazo a \"cualquier intento por reprimir\" las \"aspiraciones de libertad\" que expresan los pueblos, al referirse a Venezuela y Nicaragua durante su discurso ante la Asamblea General de la ONU.\"Rechazamos en el hemisferio y en todo el\u2026","rel":"","context":"In &quot;Noticias Nacionales&quot;","block_context":{"text":"Noticias Nacionales","link":"https:\/\/noticiasya.com\/midland-odessa\/categoria\/noticias-nacionales"},"img":{"alt_text":"","src":"","width":0,"height":0},"classes":[]},{"id":1457786,"url":"https:\/\/noticiasya.com\/midland-odessa\/2025\/01\/22\/marco-rubio-edmundo-gonzalez-presidente-legitimo-orix\/","url_meta":{"origin":1452998,"position":5},"title":"Marco Rubio habla con Edmundo Gonz\u00e1lez y le reitera reconocimiento como &#171;presidente leg\u00edtimo&#187; de Venezuela","author":"","date":"enero 22, 2025","format":false,"excerpt":"El secretario de Estado de Estados Unidos, Marco Rubio, habl\u00f3 este mi\u00e9rcoles con los l\u00edderes opositores venezolanos Edmundo Gonz\u00e1lez Urrutia y Mar\u00eda Corina Machado, y reiter\u00f3 el reconocimiento a Gonz\u00e1lez Urrutia como \u201cpresidente leg\u00edtimo\u201d de Venezuela, dijo en un comunicado el Departamento de Estado.Durante la conversaci\u00f3n telef\u00f3nica \u2014indic\u00f3 el Departamento\u2014,\u2026","rel":"","context":"In &quot;Noticias Nacionales&quot;","block_context":{"text":"Noticias Nacionales","link":"https:\/\/noticiasya.com\/midland-odessa\/categoria\/noticias-nacionales"},"img":{"alt_text":"","src":"","width":0,"height":0},"classes":[]}],"jetpack_sharing_enabled":true,"_links":{"self":[{"href":"https:\/\/noticiasya.com\/midland-odessa\/wp-json\/wp\/v2\/posts\/1452998","targetHints":{"allow":["GET"]}}],"collection":[{"href":"https:\/\/noticiasya.com\/midland-odessa\/wp-json\/wp\/v2\/posts"}],"about":[{"href":"https:\/\/noticiasya.com\/midland-odessa\/wp-json\/wp\/v2\/types\/post"}],"replies":[{"embeddable":true,"href":"https:\/\/noticiasya.com\/midland-odessa\/wp-json\/wp\/v2\/comments?post=1452998"}],"version-history":[{"count":0,"href":"https:\/\/noticiasya.com\/midland-odessa\/wp-json\/wp\/v2\/posts\/1452998\/revisions"}],"wp:attachment":[{"href":"https:\/\/noticiasya.com\/midland-odessa\/wp-json\/wp\/v2\/media?parent=1452998"}],"wp:term":[{"taxonomy":"category","embeddable":true,"href":"https:\/\/noticiasya.com\/midland-odessa\/wp-json\/wp\/v2\/categories?post=1452998"},{"taxonomy":"post_tag","embeddable":true,"href":"https:\/\/noticiasya.com\/midland-odessa\/wp-json\/wp\/v2\/tags?post=1452998"}],"curies":[{"name":"wp","href":"https:\/\/api.w.org\/{rel}","templated":true}]}}