{"id":1452999,"date":"2024-09-24T14:03:44","date_gmt":"2024-09-24T21:03:44","guid":{"rendered":"https:\/\/noticiasya.com\/2024\/09\/24\/brett-favre-diagnosticado-parkinson-trax\/"},"modified":"2024-09-24T14:03:44","modified_gmt":"2024-09-24T21:03:44","slug":"brett-favre-diagnosticado-parkinson-trax","status":"publish","type":"post","link":"https:\/\/noticiasya.com\/midland-odessa\/2024\/09\/24\/brett-favre-diagnosticado-parkinson-trax\/","title":{"rendered":"Diagnostican con la enfermedad de Parkinson a Brett Favre, miembro del Sal\u00f3n de la Fama del F\u00fatbol Americano"},"content":{"rendered":"<p>(CNN) &#8212; Brett Favre, miembro del Sal\u00f3n de la Fama del F\u00fatbol Americano, revel\u00f3 este martes que recientemente fue diagnosticado con la enfermedad de Parkinson.<\/p>\n<p>El famoso mariscal de campo estaba hablando frente al Comit\u00e9 de Medios y Arbitrios de la C\u00e1mara de Representantes en una audiencia sobre la reforma de la Asistencia Temporal para Familias Necesitadas (TANF), donde fue llamado a testificar ante el Congreso sobre el mal uso de los recursos de la asistencia social.<\/p>\n<p>&#171;Lamentablemente, tambi\u00e9n perd\u00ed una inversi\u00f3n en una empresa que cre\u00eda que estaba desarrollando un medicamento innovador para las conmociones cerebrales que pens\u00e9 que ayudar\u00eda a otros y estoy seguro de que entender\u00e1n, aunque es demasiado tarde para m\u00ed porque recientemente me diagnosticaron Parkinson, esta tambi\u00e9n es una causa que me es muy querida&#187;, dijo el mariscal de campo.<\/p>\n<p>\u00bfQu\u00e9 es la enfermedad de Parkinson?<\/p>\n<p>Favre tuvo una carrera destacada en la NFL, en la que se destac\u00f3 jugando para los Green Bay Packers. Mientras estuvo con los Packers, Favre gan\u00f3 el Super Bowl en la temporada 1996-97 y gan\u00f3 tres MVP consecutivos de 1995 a 1997.<\/p>\n<p>El mes pasado, Favre dijo en The Megyn Kelly Show que las lesiones en la cabeza y las conmociones cerebrales no se trataban de la misma manera durante su carrera como jugador que ahora, y discuti\u00f3 el impacto potencial que eso podr\u00eda tener en su vida.<\/p>\n<p>&#171;Al menos varias veces a la semana sientes el miedo miedo de lo que ocurrir\u00e1 ma\u00f1ana&#187;, dijo Favre. &#171;Y eso no suced\u00eda cuando yo jugaba, en primer lugar, porque en ese momento las conmociones cerebrales no se consideraban un problema importante, era solo un golpe menor, te dec\u00edan que vuelvas al juego, que sigas jugando&#187;.<\/p>\n<p>&#171;No culpo a nadie porque entonces nadie pensaba que las conmociones cerebrales fueran un problema importante, incluy\u00e9ndome&#187;, agreg\u00f3.<\/p>\n<p>&#171;Pensar\u00e9 que probablemente esa actitud no me haya servido demasiado. Pero, \u00bflo har\u00eda de la misma manera si tuviera la oportunidad o cambiar\u00eda la forma en que jugaba o cu\u00e1nto tiempo jugaba?. No lo s\u00e9, tal vez habr\u00eda sido m\u00e1s cauteloso&#187;, se pregunt\u00f3.<\/p>\n<p>Favre tambi\u00e9n dijo que sufri\u00f3 una conmoci\u00f3n cerebral en su \u00faltima jugada en la NFL y que estuvo desmayado por uno o dos minutos.<\/p>\n<p>Aunque el hombre de 54 a\u00f1os dijo que todav\u00eda puede hacer muchas de las cosas que disfruta, pero tambi\u00e9n le dijo a Kelly que hab\u00eda notado algunos cambios.<\/p>\n<p>&#171;Creo que hay algunos problemas de memoria, creo que a veces mi habla se ve afectada. \u00bfEs eso resultado de las conmociones cerebrales y el f\u00fatbol o simplemente es por tener m\u00e1s de 50 a\u00f1os? Y tal vez la respuesta sea un poco de ambos&#187;, dijo.<\/p>\n<p>Favre ha dicho anteriormente que podr\u00eda haber experimentado &#171;miles&#187; de conmociones cerebrales a lo largo de su carrera de 20 temporadas en la NFL.<\/p>\n<p>Los hallazgos del Centro de CTE de la Universidad de Boston han sugerido anteriormente que jugar al f\u00fatbol americano podr\u00eda aumentar el riesgo de desarrollar la enfermedad de Parkinson.<\/p>\n<p>Utilizando datos de una gran encuesta en l\u00ednea patrocinada por la Fundaci\u00f3n Michael J. Fox para la Investigaci\u00f3n del Parkinson, los investigadores encontraron que los participantes que ten\u00edan un historial de jugar f\u00fatbol americano organizado eran un 61% m\u00e1s propensos a reportar un diagn\u00f3stico de la enfermedad de Parkinson o parkinsonismo, un t\u00e9rmino general para s\u00edntomas como temblores y rigidez que causan problemas de movimiento, en comparaci\u00f3n con aquellos que jugaban otros deportes organizados.<\/p>\n<p>El informe, publicado en la revista m\u00e9dica JAMA Network Open, tambi\u00e9n encontr\u00f3 que los participantes que jugaban f\u00fatbol americano a niveles m\u00e1s altos, profesionalmente o en la universidad, eran casi tres veces m\u00e1s propensos a tener Parkinson o parkinsonismo en comparaci\u00f3n con aquellos que jugaban a nivel juvenil o de escuela secundaria.<\/p>\n<p>Favre fue incluido en el Sal\u00f3n de la Fama del F\u00fatbol Americano Profesional en 2016.<\/p>\n<p>The-CNN-Wire<br \/>&trade; &amp; &copy; 2024 Cable News Network, Inc., a Warner Bros. Discovery Company. All rights reserved.<\/p>\n","protected":false},"excerpt":{"rendered":"<p>(CNN) &#8212; Brett Favre, miembro del Sal\u00f3n de la Fama del F\u00fatbol Americano, revel\u00f3 este martes que recientemente fue diagnosticado con la enfermedad de Parkinson. El famoso mariscal de campo estaba hablando frente al Comit\u00e9 de Medios y Arbitrios de la C\u00e1mara de Representantes en una audiencia sobre la reforma de la Asistencia Temporal para [&hellip;]<\/p>\n","protected":false},"author":0,"featured_media":0,"comment_status":"open","ping_status":"open","sticky":false,"template":"","format":"standard","meta":{"_jetpack_memberships_contains_paid_content":false,"footnotes":""},"categories":[10],"tags":[],"class_list":["post-1452999","post","type-post","status-publish","format-standard","hentry","category-noticias-nacionales","market-global"],"yoast_head":"<!-- This site is optimized with the Yoast SEO plugin v24.4 - https:\/\/yoast.com\/wordpress\/plugins\/seo\/ -->\n<title>Diagnostican con la enfermedad de Parkinson a Brett Favre, miembro del Sal\u00f3n de la Fama del F\u00fatbol Americano - Noticias<\/title>\n<meta name=\"robots\" content=\"index, follow, max-snippet:-1, max-image-preview:large, max-video-preview:-1\" \/>\n<link rel=\"canonical\" href=\"https:\/\/noticiasya.com\/2024\/09\/24\/brett-favre-diagnosticado-parkinson-trax\/\" \/>\n<meta property=\"og:locale\" content=\"es_ES\" \/>\n<meta property=\"og:type\" content=\"article\" \/>\n<meta property=\"og:title\" content=\"Diagnostican con la enfermedad de Parkinson a Brett Favre, miembro del Sal\u00f3n de la Fama del F\u00fatbol Americano - Noticias\" \/>\n<meta property=\"og:description\" content=\"(CNN) &#8212; Brett Favre, miembro del Sal\u00f3n de la Fama del F\u00fatbol Americano, revel\u00f3 este martes que recientemente fue diagnosticado con la enfermedad de Parkinson. El famoso mariscal de campo estaba hablando frente al Comit\u00e9 de Medios y Arbitrios de la C\u00e1mara de Representantes en una audiencia sobre la reforma de la Asistencia Temporal para [&hellip;]\" \/>\n<meta property=\"og:url\" content=\"https:\/\/noticiasya.com\/2024\/09\/24\/brett-favre-diagnosticado-parkinson-trax\/\" \/>\n<meta property=\"og:site_name\" content=\"Noticias\" \/>\n<meta property=\"article:published_time\" content=\"2024-09-24T21:03:44+00:00\" \/>\n<meta name=\"twitter:card\" content=\"summary_large_image\" \/>\n<meta name=\"twitter:label1\" content=\"Est. reading time\" \/>\n\t<meta name=\"twitter:data1\" content=\"3 minutos\" \/>\n<script type=\"application\/ld+json\" class=\"yoast-schema-graph\">{\"@context\":\"https:\/\/schema.org\",\"@graph\":[{\"@type\":\"Article\",\"@id\":\"https:\/\/noticiasya.com\/2024\/09\/24\/brett-favre-diagnosticado-parkinson-trax\/#article\",\"isPartOf\":{\"@id\":\"https:\/\/noticiasya.com\/2024\/09\/24\/brett-favre-diagnosticado-parkinson-trax\/\"},\"author\":{\"name\":\"\",\"@id\":\"\"},\"headline\":\"Diagnostican con la enfermedad de Parkinson a Brett Favre, miembro del Sal\u00f3n de la Fama del F\u00fatbol Americano\",\"datePublished\":\"2024-09-24T21:03:44+00:00\",\"mainEntityOfPage\":{\"@id\":\"https:\/\/noticiasya.com\/2024\/09\/24\/brett-favre-diagnosticado-parkinson-trax\/\"},\"wordCount\":715,\"commentCount\":0,\"publisher\":{\"@id\":\"https:\/\/noticiasya.com\/#organization\"},\"articleSection\":[\"Noticias Nacionales\"],\"inLanguage\":\"es\",\"potentialAction\":[{\"@type\":\"CommentAction\",\"name\":\"Comment\",\"target\":[\"https:\/\/noticiasya.com\/2024\/09\/24\/brett-favre-diagnosticado-parkinson-trax\/#respond\"]}]},{\"@type\":\"WebPage\",\"@id\":\"https:\/\/noticiasya.com\/2024\/09\/24\/brett-favre-diagnosticado-parkinson-trax\/\",\"url\":\"https:\/\/noticiasya.com\/2024\/09\/24\/brett-favre-diagnosticado-parkinson-trax\/\",\"name\":\"Diagnostican con la enfermedad de Parkinson a Brett Favre, miembro del Sal\u00f3n de la Fama del F\u00fatbol Americano - Noticias\",\"isPartOf\":{\"@id\":\"https:\/\/noticiasya.com\/#website\"},\"datePublished\":\"2024-09-24T21:03:44+00:00\",\"breadcrumb\":{\"@id\":\"https:\/\/noticiasya.com\/2024\/09\/24\/brett-favre-diagnosticado-parkinson-trax\/#breadcrumb\"},\"inLanguage\":\"es\",\"potentialAction\":[{\"@type\":\"ReadAction\",\"target\":[\"https:\/\/noticiasya.com\/2024\/09\/24\/brett-favre-diagnosticado-parkinson-trax\/\"]}]},{\"@type\":\"BreadcrumbList\",\"@id\":\"https:\/\/noticiasya.com\/2024\/09\/24\/brett-favre-diagnosticado-parkinson-trax\/#breadcrumb\",\"itemListElement\":[{\"@type\":\"ListItem\",\"position\":1,\"name\":\"Home\",\"item\":\"https:\/\/noticiasya.com\/\"},{\"@type\":\"ListItem\",\"position\":2,\"name\":\"Diagnostican con la enfermedad de Parkinson a Brett Favre, miembro del Sal\u00f3n de la Fama del F\u00fatbol Americano\"}]},{\"@type\":\"WebSite\",\"@id\":\"https:\/\/noticiasya.com\/#website\",\"url\":\"https:\/\/noticiasya.com\/\",\"name\":\"Noticias\",\"description\":\"Lo que importa\",\"publisher\":{\"@id\":\"https:\/\/noticiasya.com\/#organization\"},\"potentialAction\":[{\"@type\":\"SearchAction\",\"target\":{\"@type\":\"EntryPoint\",\"urlTemplate\":\"https:\/\/noticiasya.com\/?s={search_term_string}\"},\"query-input\":{\"@type\":\"PropertyValueSpecification\",\"valueRequired\":true,\"valueName\":\"search_term_string\"}}],\"inLanguage\":\"es\"},{\"@type\":\"Organization\",\"@id\":\"https:\/\/noticiasya.com\/#organization\",\"name\":\"Noticias\",\"url\":\"https:\/\/noticiasya.com\/\",\"logo\":{\"@type\":\"ImageObject\",\"inLanguage\":\"es\",\"@id\":\"https:\/\/noticiasya.com\/#\/schema\/logo\/image\/\",\"url\":\"https:\/\/noticiasya.com\/wp-content\/uploads\/sites\/22\/2023\/12\/logo-nacional.png\",\"contentUrl\":\"https:\/\/noticiasya.com\/wp-content\/uploads\/sites\/22\/2023\/12\/logo-nacional.png\",\"width\":1801,\"height\":691,\"caption\":\"Noticias\"},\"image\":{\"@id\":\"https:\/\/noticiasya.com\/#\/schema\/logo\/image\/\"}}]}<\/script>\n<!-- \/ Yoast SEO plugin. -->","yoast_head_json":{"title":"Diagnostican con la enfermedad de Parkinson a Brett Favre, miembro del Sal\u00f3n de la Fama del F\u00fatbol Americano - Noticias","robots":{"index":"index","follow":"follow","max-snippet":"max-snippet:-1","max-image-preview":"max-image-preview:large","max-video-preview":"max-video-preview:-1"},"canonical":"https:\/\/noticiasya.com\/2024\/09\/24\/brett-favre-diagnosticado-parkinson-trax\/","og_locale":"es_ES","og_type":"article","og_title":"Diagnostican con la enfermedad de Parkinson a Brett Favre, miembro del Sal\u00f3n de la Fama del F\u00fatbol Americano - Noticias","og_description":"(CNN) &#8212; Brett Favre, miembro del Sal\u00f3n de la Fama del F\u00fatbol Americano, revel\u00f3 este martes que recientemente fue diagnosticado con la enfermedad de Parkinson. El famoso mariscal de campo estaba hablando frente al Comit\u00e9 de Medios y Arbitrios de la C\u00e1mara de Representantes en una audiencia sobre la reforma de la Asistencia Temporal para [&hellip;]","og_url":"https:\/\/noticiasya.com\/2024\/09\/24\/brett-favre-diagnosticado-parkinson-trax\/","og_site_name":"Noticias","article_published_time":"2024-09-24T21:03:44+00:00","twitter_card":"summary_large_image","twitter_misc":{"Est. reading time":"3 minutos"},"schema":{"@context":"https:\/\/schema.org","@graph":[{"@type":"Article","@id":"https:\/\/noticiasya.com\/2024\/09\/24\/brett-favre-diagnosticado-parkinson-trax\/#article","isPartOf":{"@id":"https:\/\/noticiasya.com\/2024\/09\/24\/brett-favre-diagnosticado-parkinson-trax\/"},"author":{"name":"","@id":""},"headline":"Diagnostican con la enfermedad de Parkinson a Brett Favre, miembro del Sal\u00f3n de la Fama del F\u00fatbol Americano","datePublished":"2024-09-24T21:03:44+00:00","mainEntityOfPage":{"@id":"https:\/\/noticiasya.com\/2024\/09\/24\/brett-favre-diagnosticado-parkinson-trax\/"},"wordCount":715,"commentCount":0,"publisher":{"@id":"https:\/\/noticiasya.com\/#organization"},"articleSection":["Noticias Nacionales"],"inLanguage":"es","potentialAction":[{"@type":"CommentAction","name":"Comment","target":["https:\/\/noticiasya.com\/2024\/09\/24\/brett-favre-diagnosticado-parkinson-trax\/#respond"]}]},{"@type":"WebPage","@id":"https:\/\/noticiasya.com\/2024\/09\/24\/brett-favre-diagnosticado-parkinson-trax\/","url":"https:\/\/noticiasya.com\/2024\/09\/24\/brett-favre-diagnosticado-parkinson-trax\/","name":"Diagnostican con la enfermedad de Parkinson a Brett Favre, miembro del Sal\u00f3n de la Fama del F\u00fatbol Americano - Noticias","isPartOf":{"@id":"https:\/\/noticiasya.com\/#website"},"datePublished":"2024-09-24T21:03:44+00:00","breadcrumb":{"@id":"https:\/\/noticiasya.com\/2024\/09\/24\/brett-favre-diagnosticado-parkinson-trax\/#breadcrumb"},"inLanguage":"es","potentialAction":[{"@type":"ReadAction","target":["https:\/\/noticiasya.com\/2024\/09\/24\/brett-favre-diagnosticado-parkinson-trax\/"]}]},{"@type":"BreadcrumbList","@id":"https:\/\/noticiasya.com\/2024\/09\/24\/brett-favre-diagnosticado-parkinson-trax\/#breadcrumb","itemListElement":[{"@type":"ListItem","position":1,"name":"Home","item":"https:\/\/noticiasya.com\/"},{"@type":"ListItem","position":2,"name":"Diagnostican con la enfermedad de Parkinson a Brett Favre, miembro del Sal\u00f3n de la Fama del F\u00fatbol Americano"}]},{"@type":"WebSite","@id":"https:\/\/noticiasya.com\/#website","url":"https:\/\/noticiasya.com\/","name":"Noticias","description":"Lo que importa","publisher":{"@id":"https:\/\/noticiasya.com\/#organization"},"potentialAction":[{"@type":"SearchAction","target":{"@type":"EntryPoint","urlTemplate":"https:\/\/noticiasya.com\/?s={search_term_string}"},"query-input":{"@type":"PropertyValueSpecification","valueRequired":true,"valueName":"search_term_string"}}],"inLanguage":"es"},{"@type":"Organization","@id":"https:\/\/noticiasya.com\/#organization","name":"Noticias","url":"https:\/\/noticiasya.com\/","logo":{"@type":"ImageObject","inLanguage":"es","@id":"https:\/\/noticiasya.com\/#\/schema\/logo\/image\/","url":"https:\/\/noticiasya.com\/wp-content\/uploads\/sites\/22\/2023\/12\/logo-nacional.png","contentUrl":"https:\/\/noticiasya.com\/wp-content\/uploads\/sites\/22\/2023\/12\/logo-nacional.png","width":1801,"height":691,"caption":"Noticias"},"image":{"@id":"https:\/\/noticiasya.com\/#\/schema\/logo\/image\/"}}]}},"parsely":{"version":"1.1.0","canonical_url":"https:\/\/noticiasya.com\/midland-odessa\/2024\/09\/24\/brett-favre-diagnosticado-parkinson-trax\/","smart_links":{"inbound":0,"outbound":0},"traffic_boost_suggestions_count":0,"meta":{"@context":"https:\/\/schema.org","@type":"NewsArticle","headline":"Diagnostican con la enfermedad de Parkinson a Brett Favre, miembro del Sal\u00f3n de la Fama del F\u00fatbol Americano","url":"http:\/\/noticiasya.com\/midland-odessa\/2024\/09\/24\/brett-favre-diagnosticado-parkinson-trax\/","mainEntityOfPage":{"@type":"WebPage","@id":"http:\/\/noticiasya.com\/midland-odessa\/2024\/09\/24\/brett-favre-diagnosticado-parkinson-trax\/"},"thumbnailUrl":"","image":{"@type":"ImageObject","url":""},"articleSection":"Noticias Nacionales","author":[],"creator":[],"publisher":{"@type":"Organization","name":"Noticias","logo":""},"keywords":[],"dateCreated":"2024-09-24T21:03:44Z","datePublished":"2024-09-24T21:03:44Z","dateModified":"2024-09-24T21:03:44Z"},"rendered":"<script type=\"application\/ld+json\" class=\"wp-parsely-metadata\">{\"@context\":\"https:\\\/\\\/schema.org\",\"@type\":\"NewsArticle\",\"headline\":\"Diagnostican con la enfermedad de Parkinson a Brett Favre, miembro del Sal\\u00f3n de la Fama del F\\u00fatbol Americano\",\"url\":\"http:\\\/\\\/noticiasya.com\\\/midland-odessa\\\/2024\\\/09\\\/24\\\/brett-favre-diagnosticado-parkinson-trax\\\/\",\"mainEntityOfPage\":{\"@type\":\"WebPage\",\"@id\":\"http:\\\/\\\/noticiasya.com\\\/midland-odessa\\\/2024\\\/09\\\/24\\\/brett-favre-diagnosticado-parkinson-trax\\\/\"},\"thumbnailUrl\":\"\",\"image\":{\"@type\":\"ImageObject\",\"url\":\"\"},\"articleSection\":\"Noticias Nacionales\",\"author\":[],\"creator\":[],\"publisher\":{\"@type\":\"Organization\",\"name\":\"Noticias\",\"logo\":\"\"},\"keywords\":[],\"dateCreated\":\"2024-09-24T21:03:44Z\",\"datePublished\":\"2024-09-24T21:03:44Z\",\"dateModified\":\"2024-09-24T21:03:44Z\"}<\/script>","tracker_url":"https:\/\/cdn.parsely.com\/keys\/noticiasya.com\/p.js"},"jetpack_featured_media_url":"","jetpack-related-posts":[{"id":1455146,"url":"https:\/\/noticiasya.com\/midland-odessa\/2024\/10\/16\/super-bowl-lxii-atlanta-2028-nfl-trax\/","url_meta":{"origin":1452999,"position":0},"title":"El Super Bowl LXII se jugar\u00e1 en Atlanta en 2028","author":"","date":"octubre 16, 2024","format":false,"excerpt":"(CNN) --\u00a0La ciudad de Atlanta ser\u00e1 la sede del Super Bowl LXII en 2028, anunci\u00f3 la NFL este martes.Ahora puedes seguirnos en\u00a0WhatsApp ChannelLa 62\u00aa edici\u00f3n se jugar\u00e1 en el Mercedes-Benz Stadium, hogar de los Atlanta Falcons.\"Es un honor tremendo para la ciudad de Atlanta y el estado de Georgia ser\u2026","rel":"","context":"In &quot;Noticias Nacionales&quot;","block_context":{"text":"Noticias Nacionales","link":"https:\/\/noticiasya.com\/midland-odessa\/categoria\/noticias-nacionales"},"img":{"alt_text":"","src":"","width":0,"height":0},"classes":[]},{"id":1461485,"url":"https:\/\/noticiasya.com\/midland-odessa\/2025\/04\/22\/demandan-shannon-sharpe-agresion-sexual-y-fisica-trax\/","url_meta":{"origin":1452999,"position":1},"title":"Demandan a Shannon Sharpe, miembro del Sal\u00f3n de la Fama del F\u00fatbol Americano Profesional por agresi\u00f3n sexual y f\u00edsica","author":"","date":"abril 22, 2025","format":false,"excerpt":"El ex ala cerrada estrella de la NFL Shannon Sharpe ha sido acusado de m\u00faltiples casos de agresi\u00f3n, agresi\u00f3n sexual, lesiones y agresi\u00f3n f\u00edsica en una demanda presentada el domingo por una mujer an\u00f3nima y sus abogados.Los representantes legales de Sharpe calificaron la demanda como un intento de \u201cextorsionar\u201d al\u2026","rel":"","context":"In &quot;Noticias Nacionales&quot;","block_context":{"text":"Noticias Nacionales","link":"https:\/\/noticiasya.com\/midland-odessa\/categoria\/noticias-nacionales"},"img":{"alt_text":"","src":"","width":0,"height":0},"classes":[]},{"id":1468730,"url":"https:\/\/noticiasya.com\/midland-odessa\/2025\/11\/26\/entrenador-bachillerato-pornografia-infantil-virginia-trax\/","url_meta":{"origin":1452999,"position":2},"title":"Buscan a un entrenador de f\u00fatbol americano de un bachillerato en Virginia por cargos de pornograf\u00eda infantil. Esto sabemos","author":"","date":"noviembre 26, 2025","format":false,"excerpt":"Un equipo invicto de f\u00fatbol americano de bachillerato de la zona rural de Virginia gan\u00f3 un partido semifinal regional el fin de semana pasado en circunstancias muy inusuales: sin su entrenador principal, quien, seg\u00fan la polic\u00eda, desapareci\u00f3 apenas dos d\u00edas antes.Esta semana, las autoridades aclararon la situaci\u00f3n apenas d\u00edas antes\u2026","rel":"","context":"In &quot;Noticias Nacionales&quot;","block_context":{"text":"Noticias Nacionales","link":"https:\/\/noticiasya.com\/midland-odessa\/categoria\/noticias-nacionales"},"img":{"alt_text":"","src":"","width":0,"height":0},"classes":[]},{"id":1468687,"url":"https:\/\/noticiasya.com\/midland-odessa\/2025\/11\/25\/entrenador-futbol-americano-virginia-desaparecido-trax\/","url_meta":{"origin":1452999,"position":3},"title":"La Polic\u00eda se dirig\u00eda a la casa de un entrenador de f\u00fatbol americano de Virginia cuando se enter\u00f3 de que estaba desaparecido","author":"","date":"noviembre 25, 2025","format":false,"excerpt":"Fue una gran noche para el equipo de f\u00fatbol de Union High School, en el extremo noroeste de Virginia: estaban listos para jugar un partido crucial despu\u00e9s de estar invictos durante toda la temporada.Los Bears de Union High School obtuvieron otra victoria, su duod\u00e9cima desde que comenz\u00f3 la temporada en\u2026","rel":"","context":"In &quot;Noticias Nacionales&quot;","block_context":{"text":"Noticias Nacionales","link":"https:\/\/noticiasya.com\/midland-odessa\/categoria\/noticias-nacionales"},"img":{"alt_text":"","src":"","width":0,"height":0},"classes":[]},{"id":1444349,"url":"https:\/\/noticiasya.com\/midland-odessa\/2024\/01\/24\/adrian-beltre-se-convierte-en-el-quinto-dominicano-elegido-miembro-del-salon-de-la-fama-del-beisbol-de-grandes-ligas\/","url_meta":{"origin":1452999,"position":4},"title":"Adri\u00e1n Beltr\u00e9 se convierte en el quinto dominicano elegido miembro del Sal\u00f3n de la Fama del b\u00e9isbol de Grandes Ligas","author":"","date":"enero 24, 2024","format":false,"excerpt":"El tercera base dominicano Adri\u00e1n Beltr\u00e9 fue electo este martes miembro del Sal\u00f3n de la Fama del b\u00e9isbol de Grandes Ligas e hizo historia con 95,1% de la votaci\u00f3n de la Asociaci\u00f3n de Escritores de B\u00e9isbol de Estados Unidos, la decimos\u00e9ptima m\u00e1s alta.Beltr\u00e9 se convirti\u00f3 en el quinto dominicano en\u2026","rel":"","context":"In &quot;Noticias Nacionales&quot;","block_context":{"text":"Noticias Nacionales","link":"https:\/\/noticiasya.com\/midland-odessa\/categoria\/noticias-nacionales"},"img":{"alt_text":"","src":"","width":0,"height":0},"classes":[]},{"id":1447954,"url":"https:\/\/noticiasya.com\/midland-odessa\/2024\/04\/11\/murio-oj-simpson-trax\/","url_meta":{"origin":1452999,"position":5},"title":"O.J. Simpson muri\u00f3 de c\u00e1ncer a los 76 a\u00f1os, anunci\u00f3 su familia","author":"","date":"abril 11, 2024","format":false,"excerpt":"(CNN) -- Orenthal James \"O.J.\" Simpson, la exestrella de la NFL y locutor cuyos logros deportivos y fama se vieron eclipsados por su absoluci\u00f3n en 1995 en los brutales asesinatos de su ex esposa Nicole Brown Simpson y el amigo de \u00e9sta Ron Goldman \u2014en lo que fue conocido como\u2026","rel":"","context":"In &quot;Noticias Nacionales&quot;","block_context":{"text":"Noticias Nacionales","link":"https:\/\/noticiasya.com\/midland-odessa\/categoria\/noticias-nacionales"},"img":{"alt_text":"","src":"","width":0,"height":0},"classes":[]}],"jetpack_sharing_enabled":true,"_links":{"self":[{"href":"https:\/\/noticiasya.com\/midland-odessa\/wp-json\/wp\/v2\/posts\/1452999","targetHints":{"allow":["GET"]}}],"collection":[{"href":"https:\/\/noticiasya.com\/midland-odessa\/wp-json\/wp\/v2\/posts"}],"about":[{"href":"https:\/\/noticiasya.com\/midland-odessa\/wp-json\/wp\/v2\/types\/post"}],"replies":[{"embeddable":true,"href":"https:\/\/noticiasya.com\/midland-odessa\/wp-json\/wp\/v2\/comments?post=1452999"}],"version-history":[{"count":0,"href":"https:\/\/noticiasya.com\/midland-odessa\/wp-json\/wp\/v2\/posts\/1452999\/revisions"}],"wp:attachment":[{"href":"https:\/\/noticiasya.com\/midland-odessa\/wp-json\/wp\/v2\/media?parent=1452999"}],"wp:term":[{"taxonomy":"category","embeddable":true,"href":"https:\/\/noticiasya.com\/midland-odessa\/wp-json\/wp\/v2\/categories?post=1452999"},{"taxonomy":"post_tag","embeddable":true,"href":"https:\/\/noticiasya.com\/midland-odessa\/wp-json\/wp\/v2\/tags?post=1452999"}],"curies":[{"name":"wp","href":"https:\/\/api.w.org\/{rel}","templated":true}]}}