{"id":1453004,"date":"2024-09-24T15:03:44","date_gmt":"2024-09-24T22:03:44","guid":{"rendered":"https:\/\/noticiasya.com\/2024\/09\/24\/milei-acusa-onu-agenda-ideologica-orix\/"},"modified":"2024-09-24T15:03:44","modified_gmt":"2024-09-24T22:03:44","slug":"milei-acusa-onu-agenda-ideologica-orix","status":"publish","type":"post","link":"https:\/\/noticiasya.com\/midland-odessa\/2024\/09\/24\/milei-acusa-onu-agenda-ideologica-orix\/","title":{"rendered":"Milei acusa a la ONU de imponer una \u201cagenda ideol\u00f3gica\u201d a sus miembros"},"content":{"rendered":"<p>(CNN Espa\u00f1ol) &#8212;\u00a0El presidente de Argentina, Javier Milei, afirm\u00f3 este martes que la Organizaci\u00f3n de las Naciones Unidas (ONU) ya no vela por los principios que esboz\u00f3 en su fundaci\u00f3n, sino que impone \u201cuna agenda ideol\u00f3gica\u201d a sus miembros.<\/p>\n<p>\u201cUna organizaci\u00f3n que hab\u00eda sido pensada como un escudo para proteger el reino de los hombres, se transform\u00f3 en un Leviat\u00e1n de m\u00faltiples tent\u00e1culos que pretende decidir no solo qu\u00e9 debe hacer cada Estado-naci\u00f3n, sino tambi\u00e9n c\u00f3mo deben vivir todos los ciudadanos del mundo. As\u00ed es como pasamos de una organizaci\u00f3n que persegu\u00eda la paz a una organizaci\u00f3n que le impone una agenda ideol\u00f3gica a sus miembros sobre un sinf\u00edn de temas, que hacen a la vida del hombre en sociedad\u201d, dijo este martes durante su intervenci\u00f3n en la Asamblea General de la ONU.<\/p>\n<p>Milei tambi\u00e9n acus\u00f3 a la ONU de haber permitido el ingreso de Cuba y Venezuela al Consejo de Derechos Humanos.<\/p>\n<p>Gustavo Petro afirma que Cuba y Venezuela son \u201cpa\u00edses rebeldes\u201d durante discurso ante la ONU<\/p>\n<p>\u201cEn esta misma casa, que dice defender los derechos humanos, han permitido el ingreso al Consejo de Derechos Humanos a dictaduras sangrientas como la de Cuba y Venezuela, sin el m\u00e1s m\u00ednimo reproche. En esta misma casa, que dice defender los derechos de las mujeres, permite el ingreso al Comit\u00e9 para la Eliminaci\u00f3n de la Discriminaci\u00f3n contra la Mujer a pa\u00edses que castigan a sus mujeres por mostrar la piel\u201d.<\/p>\n<p>CNN ha solicitado al Ministerio de Relaciones Exteriores de Cuba y al de Venezuela comentarios sobre los dichos de Milei.<\/p>\n<p>The-CNN-Wire<br \/>&trade; &amp; &copy; 2024 Cable News Network, Inc., a Warner Bros. Discovery Company. All rights reserved.<\/p>\n","protected":false},"excerpt":{"rendered":"<p>(CNN Espa\u00f1ol) &#8212;\u00a0El presidente de Argentina, Javier Milei, afirm\u00f3 este martes que la Organizaci\u00f3n de las Naciones Unidas (ONU) ya no vela por los principios que esboz\u00f3 en su fundaci\u00f3n, sino que impone \u201cuna agenda ideol\u00f3gica\u201d a sus miembros. \u201cUna organizaci\u00f3n que hab\u00eda sido pensada como un escudo para proteger el reino de los hombres, [&hellip;]<\/p>\n","protected":false},"author":0,"featured_media":0,"comment_status":"open","ping_status":"open","sticky":false,"template":"","format":"standard","meta":{"_jetpack_memberships_contains_paid_content":false,"footnotes":""},"categories":[10],"tags":[],"class_list":["post-1453004","post","type-post","status-publish","format-standard","hentry","category-noticias-nacionales","market-global"],"yoast_head":"<!-- This site is optimized with the Yoast SEO plugin v24.4 - https:\/\/yoast.com\/wordpress\/plugins\/seo\/ -->\n<title>Milei acusa a la ONU de imponer una \u201cagenda ideol\u00f3gica\u201d a sus miembros - Noticias<\/title>\n<meta name=\"robots\" content=\"index, follow, max-snippet:-1, max-image-preview:large, max-video-preview:-1\" \/>\n<link rel=\"canonical\" href=\"https:\/\/noticiasya.com\/2024\/09\/24\/milei-acusa-onu-agenda-ideologica-orix\/\" \/>\n<meta property=\"og:locale\" content=\"es_ES\" \/>\n<meta property=\"og:type\" content=\"article\" \/>\n<meta property=\"og:title\" content=\"Milei acusa a la ONU de imponer una \u201cagenda ideol\u00f3gica\u201d a sus miembros - Noticias\" \/>\n<meta property=\"og:description\" content=\"(CNN Espa\u00f1ol) &#8212;\u00a0El presidente de Argentina, Javier Milei, afirm\u00f3 este martes que la Organizaci\u00f3n de las Naciones Unidas (ONU) ya no vela por los principios que esboz\u00f3 en su fundaci\u00f3n, sino que impone \u201cuna agenda ideol\u00f3gica\u201d a sus miembros. \u201cUna organizaci\u00f3n que hab\u00eda sido pensada como un escudo para proteger el reino de los hombres, [&hellip;]\" \/>\n<meta property=\"og:url\" content=\"https:\/\/noticiasya.com\/2024\/09\/24\/milei-acusa-onu-agenda-ideologica-orix\/\" \/>\n<meta property=\"og:site_name\" content=\"Noticias\" \/>\n<meta property=\"article:published_time\" content=\"2024-09-24T22:03:44+00:00\" \/>\n<meta name=\"twitter:card\" content=\"summary_large_image\" \/>\n<meta name=\"twitter:label1\" content=\"Est. reading time\" \/>\n\t<meta name=\"twitter:data1\" content=\"2 minutos\" \/>\n<script type=\"application\/ld+json\" class=\"yoast-schema-graph\">{\"@context\":\"https:\/\/schema.org\",\"@graph\":[{\"@type\":\"Article\",\"@id\":\"https:\/\/noticiasya.com\/2024\/09\/24\/milei-acusa-onu-agenda-ideologica-orix\/#article\",\"isPartOf\":{\"@id\":\"https:\/\/noticiasya.com\/2024\/09\/24\/milei-acusa-onu-agenda-ideologica-orix\/\"},\"author\":{\"name\":\"\",\"@id\":\"\"},\"headline\":\"Milei acusa a la ONU de imponer una \u201cagenda ideol\u00f3gica\u201d a sus miembros\",\"datePublished\":\"2024-09-24T22:03:44+00:00\",\"mainEntityOfPage\":{\"@id\":\"https:\/\/noticiasya.com\/2024\/09\/24\/milei-acusa-onu-agenda-ideologica-orix\/\"},\"wordCount\":314,\"commentCount\":0,\"publisher\":{\"@id\":\"https:\/\/noticiasya.com\/#organization\"},\"articleSection\":[\"Noticias Nacionales\"],\"inLanguage\":\"es\",\"potentialAction\":[{\"@type\":\"CommentAction\",\"name\":\"Comment\",\"target\":[\"https:\/\/noticiasya.com\/2024\/09\/24\/milei-acusa-onu-agenda-ideologica-orix\/#respond\"]}]},{\"@type\":\"WebPage\",\"@id\":\"https:\/\/noticiasya.com\/2024\/09\/24\/milei-acusa-onu-agenda-ideologica-orix\/\",\"url\":\"https:\/\/noticiasya.com\/2024\/09\/24\/milei-acusa-onu-agenda-ideologica-orix\/\",\"name\":\"Milei acusa a la ONU de imponer una \u201cagenda ideol\u00f3gica\u201d a sus miembros - Noticias\",\"isPartOf\":{\"@id\":\"https:\/\/noticiasya.com\/#website\"},\"datePublished\":\"2024-09-24T22:03:44+00:00\",\"breadcrumb\":{\"@id\":\"https:\/\/noticiasya.com\/2024\/09\/24\/milei-acusa-onu-agenda-ideologica-orix\/#breadcrumb\"},\"inLanguage\":\"es\",\"potentialAction\":[{\"@type\":\"ReadAction\",\"target\":[\"https:\/\/noticiasya.com\/2024\/09\/24\/milei-acusa-onu-agenda-ideologica-orix\/\"]}]},{\"@type\":\"BreadcrumbList\",\"@id\":\"https:\/\/noticiasya.com\/2024\/09\/24\/milei-acusa-onu-agenda-ideologica-orix\/#breadcrumb\",\"itemListElement\":[{\"@type\":\"ListItem\",\"position\":1,\"name\":\"Home\",\"item\":\"https:\/\/noticiasya.com\/\"},{\"@type\":\"ListItem\",\"position\":2,\"name\":\"Milei acusa a la ONU de imponer una \u201cagenda ideol\u00f3gica\u201d a sus miembros\"}]},{\"@type\":\"WebSite\",\"@id\":\"https:\/\/noticiasya.com\/#website\",\"url\":\"https:\/\/noticiasya.com\/\",\"name\":\"Noticias\",\"description\":\"Lo que importa\",\"publisher\":{\"@id\":\"https:\/\/noticiasya.com\/#organization\"},\"potentialAction\":[{\"@type\":\"SearchAction\",\"target\":{\"@type\":\"EntryPoint\",\"urlTemplate\":\"https:\/\/noticiasya.com\/?s={search_term_string}\"},\"query-input\":{\"@type\":\"PropertyValueSpecification\",\"valueRequired\":true,\"valueName\":\"search_term_string\"}}],\"inLanguage\":\"es\"},{\"@type\":\"Organization\",\"@id\":\"https:\/\/noticiasya.com\/#organization\",\"name\":\"Noticias\",\"url\":\"https:\/\/noticiasya.com\/\",\"logo\":{\"@type\":\"ImageObject\",\"inLanguage\":\"es\",\"@id\":\"https:\/\/noticiasya.com\/#\/schema\/logo\/image\/\",\"url\":\"https:\/\/noticiasya.com\/wp-content\/uploads\/sites\/22\/2023\/12\/logo-nacional.png\",\"contentUrl\":\"https:\/\/noticiasya.com\/wp-content\/uploads\/sites\/22\/2023\/12\/logo-nacional.png\",\"width\":1801,\"height\":691,\"caption\":\"Noticias\"},\"image\":{\"@id\":\"https:\/\/noticiasya.com\/#\/schema\/logo\/image\/\"}}]}<\/script>\n<!-- \/ Yoast SEO plugin. -->","yoast_head_json":{"title":"Milei acusa a la ONU de imponer una \u201cagenda ideol\u00f3gica\u201d a sus miembros - Noticias","robots":{"index":"index","follow":"follow","max-snippet":"max-snippet:-1","max-image-preview":"max-image-preview:large","max-video-preview":"max-video-preview:-1"},"canonical":"https:\/\/noticiasya.com\/2024\/09\/24\/milei-acusa-onu-agenda-ideologica-orix\/","og_locale":"es_ES","og_type":"article","og_title":"Milei acusa a la ONU de imponer una \u201cagenda ideol\u00f3gica\u201d a sus miembros - Noticias","og_description":"(CNN Espa\u00f1ol) &#8212;\u00a0El presidente de Argentina, Javier Milei, afirm\u00f3 este martes que la Organizaci\u00f3n de las Naciones Unidas (ONU) ya no vela por los principios que esboz\u00f3 en su fundaci\u00f3n, sino que impone \u201cuna agenda ideol\u00f3gica\u201d a sus miembros. \u201cUna organizaci\u00f3n que hab\u00eda sido pensada como un escudo para proteger el reino de los hombres, [&hellip;]","og_url":"https:\/\/noticiasya.com\/2024\/09\/24\/milei-acusa-onu-agenda-ideologica-orix\/","og_site_name":"Noticias","article_published_time":"2024-09-24T22:03:44+00:00","twitter_card":"summary_large_image","twitter_misc":{"Est. reading time":"2 minutos"},"schema":{"@context":"https:\/\/schema.org","@graph":[{"@type":"Article","@id":"https:\/\/noticiasya.com\/2024\/09\/24\/milei-acusa-onu-agenda-ideologica-orix\/#article","isPartOf":{"@id":"https:\/\/noticiasya.com\/2024\/09\/24\/milei-acusa-onu-agenda-ideologica-orix\/"},"author":{"name":"","@id":""},"headline":"Milei acusa a la ONU de imponer una \u201cagenda ideol\u00f3gica\u201d a sus miembros","datePublished":"2024-09-24T22:03:44+00:00","mainEntityOfPage":{"@id":"https:\/\/noticiasya.com\/2024\/09\/24\/milei-acusa-onu-agenda-ideologica-orix\/"},"wordCount":314,"commentCount":0,"publisher":{"@id":"https:\/\/noticiasya.com\/#organization"},"articleSection":["Noticias Nacionales"],"inLanguage":"es","potentialAction":[{"@type":"CommentAction","name":"Comment","target":["https:\/\/noticiasya.com\/2024\/09\/24\/milei-acusa-onu-agenda-ideologica-orix\/#respond"]}]},{"@type":"WebPage","@id":"https:\/\/noticiasya.com\/2024\/09\/24\/milei-acusa-onu-agenda-ideologica-orix\/","url":"https:\/\/noticiasya.com\/2024\/09\/24\/milei-acusa-onu-agenda-ideologica-orix\/","name":"Milei acusa a la ONU de imponer una \u201cagenda ideol\u00f3gica\u201d a sus miembros - Noticias","isPartOf":{"@id":"https:\/\/noticiasya.com\/#website"},"datePublished":"2024-09-24T22:03:44+00:00","breadcrumb":{"@id":"https:\/\/noticiasya.com\/2024\/09\/24\/milei-acusa-onu-agenda-ideologica-orix\/#breadcrumb"},"inLanguage":"es","potentialAction":[{"@type":"ReadAction","target":["https:\/\/noticiasya.com\/2024\/09\/24\/milei-acusa-onu-agenda-ideologica-orix\/"]}]},{"@type":"BreadcrumbList","@id":"https:\/\/noticiasya.com\/2024\/09\/24\/milei-acusa-onu-agenda-ideologica-orix\/#breadcrumb","itemListElement":[{"@type":"ListItem","position":1,"name":"Home","item":"https:\/\/noticiasya.com\/"},{"@type":"ListItem","position":2,"name":"Milei acusa a la ONU de imponer una \u201cagenda ideol\u00f3gica\u201d a sus miembros"}]},{"@type":"WebSite","@id":"https:\/\/noticiasya.com\/#website","url":"https:\/\/noticiasya.com\/","name":"Noticias","description":"Lo que importa","publisher":{"@id":"https:\/\/noticiasya.com\/#organization"},"potentialAction":[{"@type":"SearchAction","target":{"@type":"EntryPoint","urlTemplate":"https:\/\/noticiasya.com\/?s={search_term_string}"},"query-input":{"@type":"PropertyValueSpecification","valueRequired":true,"valueName":"search_term_string"}}],"inLanguage":"es"},{"@type":"Organization","@id":"https:\/\/noticiasya.com\/#organization","name":"Noticias","url":"https:\/\/noticiasya.com\/","logo":{"@type":"ImageObject","inLanguage":"es","@id":"https:\/\/noticiasya.com\/#\/schema\/logo\/image\/","url":"https:\/\/noticiasya.com\/wp-content\/uploads\/sites\/22\/2023\/12\/logo-nacional.png","contentUrl":"https:\/\/noticiasya.com\/wp-content\/uploads\/sites\/22\/2023\/12\/logo-nacional.png","width":1801,"height":691,"caption":"Noticias"},"image":{"@id":"https:\/\/noticiasya.com\/#\/schema\/logo\/image\/"}}]}},"parsely":{"version":"1.1.0","canonical_url":"https:\/\/noticiasya.com\/midland-odessa\/2024\/09\/24\/milei-acusa-onu-agenda-ideologica-orix\/","smart_links":{"inbound":0,"outbound":0},"traffic_boost_suggestions_count":0,"meta":{"@context":"https:\/\/schema.org","@type":"NewsArticle","headline":"Milei acusa a la ONU de imponer una \u201cagenda ideol\u00f3gica\u201d a sus miembros","url":"http:\/\/noticiasya.com\/midland-odessa\/2024\/09\/24\/milei-acusa-onu-agenda-ideologica-orix\/","mainEntityOfPage":{"@type":"WebPage","@id":"http:\/\/noticiasya.com\/midland-odessa\/2024\/09\/24\/milei-acusa-onu-agenda-ideologica-orix\/"},"thumbnailUrl":"","image":{"@type":"ImageObject","url":""},"articleSection":"Noticias Nacionales","author":[],"creator":[],"publisher":{"@type":"Organization","name":"Noticias","logo":""},"keywords":[],"dateCreated":"2024-09-24T22:03:44Z","datePublished":"2024-09-24T22:03:44Z","dateModified":"2024-09-24T22:03:44Z"},"rendered":"<script type=\"application\/ld+json\" class=\"wp-parsely-metadata\">{\"@context\":\"https:\\\/\\\/schema.org\",\"@type\":\"NewsArticle\",\"headline\":\"Milei acusa a la ONU de imponer una \\u201cagenda ideol\\u00f3gica\\u201d a sus miembros\",\"url\":\"http:\\\/\\\/noticiasya.com\\\/midland-odessa\\\/2024\\\/09\\\/24\\\/milei-acusa-onu-agenda-ideologica-orix\\\/\",\"mainEntityOfPage\":{\"@type\":\"WebPage\",\"@id\":\"http:\\\/\\\/noticiasya.com\\\/midland-odessa\\\/2024\\\/09\\\/24\\\/milei-acusa-onu-agenda-ideologica-orix\\\/\"},\"thumbnailUrl\":\"\",\"image\":{\"@type\":\"ImageObject\",\"url\":\"\"},\"articleSection\":\"Noticias Nacionales\",\"author\":[],\"creator\":[],\"publisher\":{\"@type\":\"Organization\",\"name\":\"Noticias\",\"logo\":\"\"},\"keywords\":[],\"dateCreated\":\"2024-09-24T22:03:44Z\",\"datePublished\":\"2024-09-24T22:03:44Z\",\"dateModified\":\"2024-09-24T22:03:44Z\"}<\/script>","tracker_url":"https:\/\/cdn.parsely.com\/keys\/noticiasya.com\/p.js"},"jetpack_featured_media_url":"","jetpack-related-posts":[{"id":1464751,"url":"https:\/\/noticiasya.com\/midland-odessa\/2025\/07\/22\/trump-retira-pais-unesco-trax\/","url_meta":{"origin":1453004,"position":0},"title":"EE.UU. se retirar\u00e1 nuevamente de la agencia cient\u00edfica y cultural de la ONU, Unesco, dice la Casa Blanca","author":"","date":"julio 22, 2025","format":false,"excerpt":"El presidente Donald Trump retirar\u00e1 a Estados Unidos de la Organizaci\u00f3n de las Naciones Unidas para la Educaci\u00f3n, la Ciencia y la Cultura (Unesco, por sus siglas en ingl\u00e9s), dijo a CNN una funcionaria de la Casa Blanca.La decisi\u00f3n se produce mientras el presidente contin\u00faa retirando al pa\u00eds de organismos\u2026","rel":"","context":"In &quot;Noticias Nacionales&quot;","block_context":{"text":"Noticias Nacionales","link":"https:\/\/noticiasya.com\/midland-odessa\/categoria\/noticias-nacionales"},"img":{"alt_text":"","src":"","width":0,"height":0},"classes":[]},{"id":1466805,"url":"https:\/\/noticiasya.com\/midland-odessa\/2025\/09\/25\/bukele-agradece-trump-barrio-18-onu-orix\/","url_meta":{"origin":1453004,"position":1},"title":"Bukele agradece a Trump por sus elogios en la ONU y celebra declaraci\u00f3n de pandilla barrio 18 como organizaci\u00f3n terrorista","author":"","date":"septiembre 25, 2025","format":false,"excerpt":"El presidente de El Salvador, Nayib Bukele, agradeci\u00f3 el martes a Donald Trump por los elogios durante su discurso ante la ONU y celebr\u00f3 la decisi\u00f3n de la Casa Blanca de declarar organizaci\u00f3n terrorista extranjera a la pandilla Barrio 18.\u201cEn El Salvador, ya hab\u00edamos dado este paso al designarlos formalmente\u2026","rel":"","context":"In &quot;Noticias Nacionales&quot;","block_context":{"text":"Noticias Nacionales","link":"https:\/\/noticiasya.com\/midland-odessa\/categoria\/noticias-nacionales"},"img":{"alt_text":"","src":"","width":0,"height":0},"classes":[]},{"id":1458178,"url":"https:\/\/noticiasya.com\/midland-odessa\/2025\/02\/03\/loris-zanatta-milei-prioriza-la-alianza-ideologica-sobre-la-ortodoxia-economica\/","url_meta":{"origin":1453004,"position":2},"title":"Loris Zanatta: &#171;Milei prioriza la alianza ideol\u00f3gica sobre la ortodoxia econ\u00f3mica&#187;","author":"","date":"febrero 3, 2025","format":false,"excerpt":"(CNN Radio Argentina) \u2013 Loris Zanatta, polit\u00f3logo, analiz\u00f3 este lunes en Regreso CNN con Mariana Arias y Pepe Gil Vidal el discurso del presidente Javier Milei en el Foro Econ\u00f3mico de Davos y su posicionamiento en el escenario global.El analista sostuvo que \u201csu objetivo principal desde un punto de vista\u2026","rel":"","context":"In &quot;Noticias Nacionales&quot;","block_context":{"text":"Noticias Nacionales","link":"https:\/\/noticiasya.com\/midland-odessa\/categoria\/noticias-nacionales"},"img":{"alt_text":"","src":"","width":0,"height":0},"classes":[]},{"id":1470308,"url":"https:\/\/noticiasya.com\/midland-odessa\/2026\/01\/20\/trump-junta-paz-gaza-reemplazar-onu-trax\/","url_meta":{"origin":1453004,"position":3},"title":"Trump dice que la &#171;Junta de Paz&#187; que cre\u00f3 para supervisar la reconstrucci\u00f3n de Gaza &#171;podr\u00eda reemplazar&#187; a la ONU","author":"","date":"enero 20, 2026","format":false,"excerpt":"La sugerencia del presidente Donald Trump este martes de que su \u2018Junta de Paz\u2019 \u201cpodr\u00eda reemplazar\u201d a la Organizaci\u00f3n de las Naciones Unidas probablemente agudizar\u00e1 las preocupaciones de que el organismo destinado a supervisar la reconstrucci\u00f3n de Gaza (y que \u00e9l presidir\u00e1 indefinidamente) se convierta en cambio en un veh\u00edculo\u2026","rel":"","context":"In &quot;Noticias Nacionales&quot;","block_context":{"text":"Noticias Nacionales","link":"https:\/\/noticiasya.com\/midland-odessa\/categoria\/noticias-nacionales"},"img":{"alt_text":"","src":"","width":0,"height":0},"classes":[]},{"id":1458079,"url":"https:\/\/noticiasya.com\/midland-odessa\/2025\/01\/31\/milei-discursos-de-odio-espejo-trump-orix\/","url_meta":{"origin":1453004,"position":4},"title":"Milei profundiza sus discursos de odio, \u00bfse mira en el espejo de Trump?","author":"","date":"enero 31, 2025","format":false,"excerpt":"Si con su primer discurso en Davos, a d\u00edas de asumir la presidencia de Argentina en enero de 2024, Javier Milei inaugur\u00f3 su apuesta por un alto perfil internacional \u2015que sostiene desde entonces\u2015, con su segunda aparici\u00f3n en el Foro Econ\u00f3mico Mundial y ya con Donald Trump en la Casa\u2026","rel":"","context":"In &quot;Noticias Nacionales&quot;","block_context":{"text":"Noticias Nacionales","link":"https:\/\/noticiasya.com\/midland-odessa\/categoria\/noticias-nacionales"},"img":{"alt_text":"","src":"","width":0,"height":0},"classes":[]},{"id":1455799,"url":"https:\/\/noticiasya.com\/midland-odessa\/2024\/11\/13\/argentina-retira-delegacion-cop29-orix\/","url_meta":{"origin":1453004,"position":5},"title":"Argentina retira a su delegaci\u00f3n de la cumbre del clima COP29","author":"","date":"noviembre 13, 2024","format":false,"excerpt":"(CNN Espa\u00f1ol) -- Argentina retir\u00f3 a su delegaci\u00f3n de la cumbre del clima COP29, que se lleva a cabo en Azerbaiy\u00e1n, por una orden del Ministerio de Relaciones Exteriores, seg\u00fan confirm\u00f3 este mi\u00e9rcoles una fuente de Asuntos Ambientales de la Canciller\u00eda de ese pa\u00eds a CNN.Los integrantes de la comitiva\u2026","rel":"","context":"In &quot;Noticias Nacionales&quot;","block_context":{"text":"Noticias Nacionales","link":"https:\/\/noticiasya.com\/midland-odessa\/categoria\/noticias-nacionales"},"img":{"alt_text":"","src":"","width":0,"height":0},"classes":[]}],"jetpack_sharing_enabled":true,"_links":{"self":[{"href":"https:\/\/noticiasya.com\/midland-odessa\/wp-json\/wp\/v2\/posts\/1453004","targetHints":{"allow":["GET"]}}],"collection":[{"href":"https:\/\/noticiasya.com\/midland-odessa\/wp-json\/wp\/v2\/posts"}],"about":[{"href":"https:\/\/noticiasya.com\/midland-odessa\/wp-json\/wp\/v2\/types\/post"}],"replies":[{"embeddable":true,"href":"https:\/\/noticiasya.com\/midland-odessa\/wp-json\/wp\/v2\/comments?post=1453004"}],"version-history":[{"count":0,"href":"https:\/\/noticiasya.com\/midland-odessa\/wp-json\/wp\/v2\/posts\/1453004\/revisions"}],"wp:attachment":[{"href":"https:\/\/noticiasya.com\/midland-odessa\/wp-json\/wp\/v2\/media?parent=1453004"}],"wp:term":[{"taxonomy":"category","embeddable":true,"href":"https:\/\/noticiasya.com\/midland-odessa\/wp-json\/wp\/v2\/categories?post=1453004"},{"taxonomy":"post_tag","embeddable":true,"href":"https:\/\/noticiasya.com\/midland-odessa\/wp-json\/wp\/v2\/tags?post=1453004"}],"curies":[{"name":"wp","href":"https:\/\/api.w.org\/{rel}","templated":true}]}}