{"id":1453017,"date":"2024-09-24T17:03:43","date_gmt":"2024-09-25T00:03:43","guid":{"rendered":"https:\/\/noticiasya.com\/2024\/09\/24\/boric-onu-crisis-venezuela-triunfo-oposicion-orix\/"},"modified":"2024-09-24T17:03:43","modified_gmt":"2024-09-25T00:03:43","slug":"boric-onu-crisis-venezuela-triunfo-oposicion-orix","status":"publish","type":"post","link":"https:\/\/noticiasya.com\/midland-odessa\/2024\/09\/24\/boric-onu-crisis-venezuela-triunfo-oposicion-orix\/","title":{"rendered":"Boric reitera ante la ONU llamado para salida pol\u00edtica a la crisis en Venezuela que \u201creconozca el triunfo de la oposici\u00f3n\u201d"},"content":{"rendered":"<p>(CNN Espa\u00f1ol) \u2013\u2013 El presidente de Chile, Gabriel Boric, dijo este martes que su pa\u00eds sigue con atenci\u00f3n \u201cla cr\u00edtica situaci\u00f3n\u201d que vive Venezuela y reiter\u00f3 su llamado a una salida pol\u00edtica de la crisis, que \u201creconozca el triunfo de la oposici\u00f3n\u201d.<\/p>\n<p>Durante su intervenci\u00f3n en la 79\u00b0 Asamblea General de la Organizaci\u00f3n de Naciones Unidas (ONU), Boric llam\u00f3 \u201cdictadura\u201d al gobierno de Nicol\u00e1s Maduro, al que calific\u00f3 de \u201cindiferente\u201d ante el exilio de millones de sus ciudadanos.<\/p>\n<p>El presidente de Chile Gabriel Boric habla durante la Asamblea General de las Naciones Unidas (AGNU) en la sede de las Naciones Unidas el 24 de septiembre de 2024 en la ciudad de Nueva York. Cr\u00e9dito: Michael M. Santiago\/Getty Images.<\/p>\n<p>\u201cChile est\u00e1 especialmente atento frente a la cr\u00edtica situaci\u00f3n que vive Venezuela. Estamos frente a una dictadura que pretende robarse una elecci\u00f3n, que persigue a sus opositores, y que es indiferente al exilio no de miles, sino de millones de sus ciudadanos. Se requiere una salida pol\u00edtica a esta crisis, que reconozca el triunfo de la oposici\u00f3n en las \u00faltimas elecciones y lleve adelante una transici\u00f3n pac\u00edfica a una democracia en forma\u201d, afirm\u00f3 el mandatario chileno.<\/p>\n<p>Boric dice que el Gobierno de Chile no reconoce a Nicol\u00e1s Maduro como presidente electo de Venezuela<\/p>\n<p>CNN ha solicitado un comentario al Ministerio del Poder Popular para Relaciones Exteriores de Venezuela para conocer su respuesta a los dichos de Boric.<\/p>\n<p>Boric tambi\u00e9n hizo un llamado al respeto a los derechos humanos \u201csin importar el color pol\u00edtico\u201d del gobierno que los vulnere.<\/p>\n<p>\u201cComo presidente joven, latinoamericano y de izquierda, digo fuerte y claro que los derechos humanos se deben respetar siempre y en todo lugar. Y debemos exigir este respeto sin importar el color pol\u00edtico del dictador o presidente de turno que lo vulnere. Y es que la adolescente palestina asesinada en Gaza, el trabajador venezolano obligado a migrar de su patria, el ni\u00f1o ucraniano secuestrado por Rusia, el opositor silenciado en Nicaragua, o la mujer expulsada de la escuela en Afganist\u00e1n solo por ser mujer son, antes que todo, seres humanos\u201d, se\u00f1al\u00f3.<\/p>\n<p>The-CNN-Wire<br \/>&trade; &amp; &copy; 2024 Cable News Network, Inc., a Warner Bros. Discovery Company. All rights reserved.<\/p>\n","protected":false},"excerpt":{"rendered":"<p>(CNN Espa\u00f1ol) \u2013\u2013 El presidente de Chile, Gabriel Boric, dijo este martes que su pa\u00eds sigue con atenci\u00f3n \u201cla cr\u00edtica situaci\u00f3n\u201d que vive Venezuela y reiter\u00f3 su llamado a una salida pol\u00edtica de la crisis, que \u201creconozca el triunfo de la oposici\u00f3n\u201d. Durante su intervenci\u00f3n en la 79\u00b0 Asamblea General de la Organizaci\u00f3n de Naciones [&hellip;]<\/p>\n","protected":false},"author":0,"featured_media":0,"comment_status":"open","ping_status":"open","sticky":false,"template":"","format":"standard","meta":{"_jetpack_memberships_contains_paid_content":false,"footnotes":""},"categories":[10],"tags":[],"class_list":["post-1453017","post","type-post","status-publish","format-standard","hentry","category-noticias-nacionales","market-global"],"yoast_head":"<!-- This site is optimized with the Yoast SEO plugin v24.4 - https:\/\/yoast.com\/wordpress\/plugins\/seo\/ -->\n<title>Boric reitera ante la ONU llamado para salida pol\u00edtica a la crisis en Venezuela que \u201creconozca el triunfo de la oposici\u00f3n\u201d - Noticias<\/title>\n<meta name=\"robots\" content=\"index, follow, max-snippet:-1, max-image-preview:large, max-video-preview:-1\" \/>\n<link rel=\"canonical\" href=\"https:\/\/noticiasya.com\/2024\/09\/24\/boric-onu-crisis-venezuela-triunfo-oposicion-orix\/\" \/>\n<meta property=\"og:locale\" content=\"es_ES\" \/>\n<meta property=\"og:type\" content=\"article\" \/>\n<meta property=\"og:title\" content=\"Boric reitera ante la ONU llamado para salida pol\u00edtica a la crisis en Venezuela que \u201creconozca el triunfo de la oposici\u00f3n\u201d - Noticias\" \/>\n<meta property=\"og:description\" content=\"(CNN Espa\u00f1ol) \u2013\u2013 El presidente de Chile, Gabriel Boric, dijo este martes que su pa\u00eds sigue con atenci\u00f3n \u201cla cr\u00edtica situaci\u00f3n\u201d que vive Venezuela y reiter\u00f3 su llamado a una salida pol\u00edtica de la crisis, que \u201creconozca el triunfo de la oposici\u00f3n\u201d. Durante su intervenci\u00f3n en la 79\u00b0 Asamblea General de la Organizaci\u00f3n de Naciones [&hellip;]\" \/>\n<meta property=\"og:url\" content=\"https:\/\/noticiasya.com\/2024\/09\/24\/boric-onu-crisis-venezuela-triunfo-oposicion-orix\/\" \/>\n<meta property=\"og:site_name\" content=\"Noticias\" \/>\n<meta property=\"article:published_time\" content=\"2024-09-25T00:03:43+00:00\" \/>\n<meta name=\"twitter:card\" content=\"summary_large_image\" \/>\n<meta name=\"twitter:label1\" content=\"Est. reading time\" \/>\n\t<meta name=\"twitter:data1\" content=\"2 minutos\" \/>\n<script type=\"application\/ld+json\" class=\"yoast-schema-graph\">{\"@context\":\"https:\/\/schema.org\",\"@graph\":[{\"@type\":\"Article\",\"@id\":\"https:\/\/noticiasya.com\/2024\/09\/24\/boric-onu-crisis-venezuela-triunfo-oposicion-orix\/#article\",\"isPartOf\":{\"@id\":\"https:\/\/noticiasya.com\/2024\/09\/24\/boric-onu-crisis-venezuela-triunfo-oposicion-orix\/\"},\"author\":{\"name\":\"\",\"@id\":\"\"},\"headline\":\"Boric reitera ante la ONU llamado para salida pol\u00edtica a la crisis en Venezuela que \u201creconozca el triunfo de la oposici\u00f3n\u201d\",\"datePublished\":\"2024-09-25T00:03:43+00:00\",\"mainEntityOfPage\":{\"@id\":\"https:\/\/noticiasya.com\/2024\/09\/24\/boric-onu-crisis-venezuela-triunfo-oposicion-orix\/\"},\"wordCount\":408,\"commentCount\":0,\"publisher\":{\"@id\":\"https:\/\/noticiasya.com\/#organization\"},\"articleSection\":[\"Noticias Nacionales\"],\"inLanguage\":\"es\",\"potentialAction\":[{\"@type\":\"CommentAction\",\"name\":\"Comment\",\"target\":[\"https:\/\/noticiasya.com\/2024\/09\/24\/boric-onu-crisis-venezuela-triunfo-oposicion-orix\/#respond\"]}]},{\"@type\":\"WebPage\",\"@id\":\"https:\/\/noticiasya.com\/2024\/09\/24\/boric-onu-crisis-venezuela-triunfo-oposicion-orix\/\",\"url\":\"https:\/\/noticiasya.com\/2024\/09\/24\/boric-onu-crisis-venezuela-triunfo-oposicion-orix\/\",\"name\":\"Boric reitera ante la ONU llamado para salida pol\u00edtica a la crisis en Venezuela que \u201creconozca el triunfo de la oposici\u00f3n\u201d - Noticias\",\"isPartOf\":{\"@id\":\"https:\/\/noticiasya.com\/#website\"},\"datePublished\":\"2024-09-25T00:03:43+00:00\",\"breadcrumb\":{\"@id\":\"https:\/\/noticiasya.com\/2024\/09\/24\/boric-onu-crisis-venezuela-triunfo-oposicion-orix\/#breadcrumb\"},\"inLanguage\":\"es\",\"potentialAction\":[{\"@type\":\"ReadAction\",\"target\":[\"https:\/\/noticiasya.com\/2024\/09\/24\/boric-onu-crisis-venezuela-triunfo-oposicion-orix\/\"]}]},{\"@type\":\"BreadcrumbList\",\"@id\":\"https:\/\/noticiasya.com\/2024\/09\/24\/boric-onu-crisis-venezuela-triunfo-oposicion-orix\/#breadcrumb\",\"itemListElement\":[{\"@type\":\"ListItem\",\"position\":1,\"name\":\"Home\",\"item\":\"https:\/\/noticiasya.com\/\"},{\"@type\":\"ListItem\",\"position\":2,\"name\":\"Boric reitera ante la ONU llamado para salida pol\u00edtica a la crisis en Venezuela que \u201creconozca el triunfo de la oposici\u00f3n\u201d\"}]},{\"@type\":\"WebSite\",\"@id\":\"https:\/\/noticiasya.com\/#website\",\"url\":\"https:\/\/noticiasya.com\/\",\"name\":\"Noticias\",\"description\":\"Lo que importa\",\"publisher\":{\"@id\":\"https:\/\/noticiasya.com\/#organization\"},\"potentialAction\":[{\"@type\":\"SearchAction\",\"target\":{\"@type\":\"EntryPoint\",\"urlTemplate\":\"https:\/\/noticiasya.com\/?s={search_term_string}\"},\"query-input\":{\"@type\":\"PropertyValueSpecification\",\"valueRequired\":true,\"valueName\":\"search_term_string\"}}],\"inLanguage\":\"es\"},{\"@type\":\"Organization\",\"@id\":\"https:\/\/noticiasya.com\/#organization\",\"name\":\"Noticias\",\"url\":\"https:\/\/noticiasya.com\/\",\"logo\":{\"@type\":\"ImageObject\",\"inLanguage\":\"es\",\"@id\":\"https:\/\/noticiasya.com\/#\/schema\/logo\/image\/\",\"url\":\"https:\/\/noticiasya.com\/wp-content\/uploads\/sites\/22\/2023\/12\/logo-nacional.png\",\"contentUrl\":\"https:\/\/noticiasya.com\/wp-content\/uploads\/sites\/22\/2023\/12\/logo-nacional.png\",\"width\":1801,\"height\":691,\"caption\":\"Noticias\"},\"image\":{\"@id\":\"https:\/\/noticiasya.com\/#\/schema\/logo\/image\/\"}}]}<\/script>\n<!-- \/ Yoast SEO plugin. -->","yoast_head_json":{"title":"Boric reitera ante la ONU llamado para salida pol\u00edtica a la crisis en Venezuela que \u201creconozca el triunfo de la oposici\u00f3n\u201d - Noticias","robots":{"index":"index","follow":"follow","max-snippet":"max-snippet:-1","max-image-preview":"max-image-preview:large","max-video-preview":"max-video-preview:-1"},"canonical":"https:\/\/noticiasya.com\/2024\/09\/24\/boric-onu-crisis-venezuela-triunfo-oposicion-orix\/","og_locale":"es_ES","og_type":"article","og_title":"Boric reitera ante la ONU llamado para salida pol\u00edtica a la crisis en Venezuela que \u201creconozca el triunfo de la oposici\u00f3n\u201d - Noticias","og_description":"(CNN Espa\u00f1ol) \u2013\u2013 El presidente de Chile, Gabriel Boric, dijo este martes que su pa\u00eds sigue con atenci\u00f3n \u201cla cr\u00edtica situaci\u00f3n\u201d que vive Venezuela y reiter\u00f3 su llamado a una salida pol\u00edtica de la crisis, que \u201creconozca el triunfo de la oposici\u00f3n\u201d. Durante su intervenci\u00f3n en la 79\u00b0 Asamblea General de la Organizaci\u00f3n de Naciones [&hellip;]","og_url":"https:\/\/noticiasya.com\/2024\/09\/24\/boric-onu-crisis-venezuela-triunfo-oposicion-orix\/","og_site_name":"Noticias","article_published_time":"2024-09-25T00:03:43+00:00","twitter_card":"summary_large_image","twitter_misc":{"Est. reading time":"2 minutos"},"schema":{"@context":"https:\/\/schema.org","@graph":[{"@type":"Article","@id":"https:\/\/noticiasya.com\/2024\/09\/24\/boric-onu-crisis-venezuela-triunfo-oposicion-orix\/#article","isPartOf":{"@id":"https:\/\/noticiasya.com\/2024\/09\/24\/boric-onu-crisis-venezuela-triunfo-oposicion-orix\/"},"author":{"name":"","@id":""},"headline":"Boric reitera ante la ONU llamado para salida pol\u00edtica a la crisis en Venezuela que \u201creconozca el triunfo de la oposici\u00f3n\u201d","datePublished":"2024-09-25T00:03:43+00:00","mainEntityOfPage":{"@id":"https:\/\/noticiasya.com\/2024\/09\/24\/boric-onu-crisis-venezuela-triunfo-oposicion-orix\/"},"wordCount":408,"commentCount":0,"publisher":{"@id":"https:\/\/noticiasya.com\/#organization"},"articleSection":["Noticias Nacionales"],"inLanguage":"es","potentialAction":[{"@type":"CommentAction","name":"Comment","target":["https:\/\/noticiasya.com\/2024\/09\/24\/boric-onu-crisis-venezuela-triunfo-oposicion-orix\/#respond"]}]},{"@type":"WebPage","@id":"https:\/\/noticiasya.com\/2024\/09\/24\/boric-onu-crisis-venezuela-triunfo-oposicion-orix\/","url":"https:\/\/noticiasya.com\/2024\/09\/24\/boric-onu-crisis-venezuela-triunfo-oposicion-orix\/","name":"Boric reitera ante la ONU llamado para salida pol\u00edtica a la crisis en Venezuela que \u201creconozca el triunfo de la oposici\u00f3n\u201d - Noticias","isPartOf":{"@id":"https:\/\/noticiasya.com\/#website"},"datePublished":"2024-09-25T00:03:43+00:00","breadcrumb":{"@id":"https:\/\/noticiasya.com\/2024\/09\/24\/boric-onu-crisis-venezuela-triunfo-oposicion-orix\/#breadcrumb"},"inLanguage":"es","potentialAction":[{"@type":"ReadAction","target":["https:\/\/noticiasya.com\/2024\/09\/24\/boric-onu-crisis-venezuela-triunfo-oposicion-orix\/"]}]},{"@type":"BreadcrumbList","@id":"https:\/\/noticiasya.com\/2024\/09\/24\/boric-onu-crisis-venezuela-triunfo-oposicion-orix\/#breadcrumb","itemListElement":[{"@type":"ListItem","position":1,"name":"Home","item":"https:\/\/noticiasya.com\/"},{"@type":"ListItem","position":2,"name":"Boric reitera ante la ONU llamado para salida pol\u00edtica a la crisis en Venezuela que \u201creconozca el triunfo de la oposici\u00f3n\u201d"}]},{"@type":"WebSite","@id":"https:\/\/noticiasya.com\/#website","url":"https:\/\/noticiasya.com\/","name":"Noticias","description":"Lo que importa","publisher":{"@id":"https:\/\/noticiasya.com\/#organization"},"potentialAction":[{"@type":"SearchAction","target":{"@type":"EntryPoint","urlTemplate":"https:\/\/noticiasya.com\/?s={search_term_string}"},"query-input":{"@type":"PropertyValueSpecification","valueRequired":true,"valueName":"search_term_string"}}],"inLanguage":"es"},{"@type":"Organization","@id":"https:\/\/noticiasya.com\/#organization","name":"Noticias","url":"https:\/\/noticiasya.com\/","logo":{"@type":"ImageObject","inLanguage":"es","@id":"https:\/\/noticiasya.com\/#\/schema\/logo\/image\/","url":"https:\/\/noticiasya.com\/wp-content\/uploads\/sites\/22\/2023\/12\/logo-nacional.png","contentUrl":"https:\/\/noticiasya.com\/wp-content\/uploads\/sites\/22\/2023\/12\/logo-nacional.png","width":1801,"height":691,"caption":"Noticias"},"image":{"@id":"https:\/\/noticiasya.com\/#\/schema\/logo\/image\/"}}]}},"parsely":{"version":"1.1.0","canonical_url":"https:\/\/noticiasya.com\/midland-odessa\/2024\/09\/24\/boric-onu-crisis-venezuela-triunfo-oposicion-orix\/","smart_links":{"inbound":0,"outbound":0},"traffic_boost_suggestions_count":0,"meta":{"@context":"https:\/\/schema.org","@type":"NewsArticle","headline":"Boric reitera ante la ONU llamado para salida pol\u00edtica a la crisis en Venezuela que \u201creconozca el triunfo de la oposici\u00f3n\u201d","url":"http:\/\/noticiasya.com\/midland-odessa\/2024\/09\/24\/boric-onu-crisis-venezuela-triunfo-oposicion-orix\/","mainEntityOfPage":{"@type":"WebPage","@id":"http:\/\/noticiasya.com\/midland-odessa\/2024\/09\/24\/boric-onu-crisis-venezuela-triunfo-oposicion-orix\/"},"thumbnailUrl":"","image":{"@type":"ImageObject","url":""},"articleSection":"Noticias Nacionales","author":[],"creator":[],"publisher":{"@type":"Organization","name":"Noticias","logo":""},"keywords":[],"dateCreated":"2024-09-25T00:03:43Z","datePublished":"2024-09-25T00:03:43Z","dateModified":"2024-09-25T00:03:43Z"},"rendered":"<script type=\"application\/ld+json\" class=\"wp-parsely-metadata\">{\"@context\":\"https:\\\/\\\/schema.org\",\"@type\":\"NewsArticle\",\"headline\":\"Boric reitera ante la ONU llamado para salida pol\\u00edtica a la crisis en Venezuela que \\u201creconozca el triunfo de la oposici\\u00f3n\\u201d\",\"url\":\"http:\\\/\\\/noticiasya.com\\\/midland-odessa\\\/2024\\\/09\\\/24\\\/boric-onu-crisis-venezuela-triunfo-oposicion-orix\\\/\",\"mainEntityOfPage\":{\"@type\":\"WebPage\",\"@id\":\"http:\\\/\\\/noticiasya.com\\\/midland-odessa\\\/2024\\\/09\\\/24\\\/boric-onu-crisis-venezuela-triunfo-oposicion-orix\\\/\"},\"thumbnailUrl\":\"\",\"image\":{\"@type\":\"ImageObject\",\"url\":\"\"},\"articleSection\":\"Noticias Nacionales\",\"author\":[],\"creator\":[],\"publisher\":{\"@type\":\"Organization\",\"name\":\"Noticias\",\"logo\":\"\"},\"keywords\":[],\"dateCreated\":\"2024-09-25T00:03:43Z\",\"datePublished\":\"2024-09-25T00:03:43Z\",\"dateModified\":\"2024-09-25T00:03:43Z\"}<\/script>","tracker_url":"https:\/\/cdn.parsely.com\/keys\/noticiasya.com\/p.js"},"jetpack_featured_media_url":"","jetpack-related-posts":[{"id":1453100,"url":"https:\/\/noticiasya.com\/midland-odessa\/2024\/09\/26\/suspension-vuelos-venezuela-chile-orix\/","url_meta":{"origin":1453017,"position":0},"title":"Gobierno de Venezuela suspende los vuelos desde y hacia Chile","author":"","date":"septiembre 26, 2024","format":false,"excerpt":"(CNN) -- El Instituto Nacional de Aeron\u00e1utica Civil (Inac) de Venezuela suspendi\u00f3 indefinidamente los vuelos comerciales desde y hacia Chile, dijo este mi\u00e9rcoles Aerol\u00edneas Estelar, una de las empresas afectadas con la medida.La compa\u00f1\u00eda se\u00f1al\u00f3 en un comunicado que, por disposici\u00f3n del Inac, los vuelos quedaron suspendidos de forma indefinida.Agreg\u00f3\u2026","rel":"","context":"In &quot;Noticias Nacionales&quot;","block_context":{"text":"Noticias Nacionales","link":"https:\/\/noticiasya.com\/midland-odessa\/categoria\/noticias-nacionales"},"img":{"alt_text":"","src":"","width":0,"height":0},"classes":[]},{"id":1451658,"url":"https:\/\/noticiasya.com\/midland-odessa\/2024\/08\/07\/gabriel-boric-chile-no-reconoce-a-maduro-presidente-electo-orix\/","url_meta":{"origin":1453017,"position":1},"title":"Boric dice que el Gobierno de Chile no reconoce a Nicol\u00e1s Maduro como presidente electo de Venezuela","author":"","date":"agosto 7, 2024","format":false,"excerpt":"(CNN Espa\u00f1ol) -- El presidente de Chile, Gabriel Boric, inform\u00f3 este mi\u00e9rcoles que su gobierno no reconoce a Nicol\u00e1s Maduro como presidente electo de Venezuela.CNN intenta buscar una reacci\u00f3n del Gobierno de Venezuela tras la declaraci\u00f3n del presidente chileno.Boric dijo en conferencia de prensa que no tiene duda de que\u00a0el\u2026","rel":"","context":"In &quot;Noticias Nacionales&quot;","block_context":{"text":"Noticias Nacionales","link":"https:\/\/noticiasya.com\/midland-odessa\/categoria\/noticias-nacionales"},"img":{"alt_text":"","src":"","width":0,"height":0},"classes":[]},{"id":1471168,"url":"https:\/\/noticiasya.com\/midland-odessa\/2026\/02\/12\/chile-fondos-unicef-cuba-crisis-humanitaria-orix\/","url_meta":{"origin":1453017,"position":2},"title":"Chile destinar\u00e1 fondos a UNICEF para apoyar a Cuba ante &#171;cat\u00e1strofe humanitaria&#187; que afecta a la isla","author":"","date":"febrero 12, 2026","format":false,"excerpt":"El Gobierno de Chile inform\u00f3 este jueves que realizar\u00e1 un aporte al Fondo de las Naciones Unidas para la Infancia (UNICEF) para apoyar la respuesta ante la \u201ccat\u00e1strofe humanitaria\u201d que afecta a Cuba, por instrucci\u00f3n del presidente Gabriel Boric, en medio del bloqueo petrolero de Estados Unidos.El anuncio fue realizado\u2026","rel":"","context":"In &quot;Noticias Nacionales&quot;","block_context":{"text":"Noticias Nacionales","link":"https:\/\/noticiasya.com\/midland-odessa\/categoria\/noticias-nacionales"},"img":{"alt_text":"","src":"","width":0,"height":0},"classes":[]},{"id":1464714,"url":"https:\/\/noticiasya.com\/midland-odessa\/2025\/07\/21\/lula-boric-sanchez-orsi-petro-chile-democracia-orix\/","url_meta":{"origin":1453017,"position":3},"title":"Contra &#171;la desinformaci\u00f3n y los discursos de odio&#187;, cinco presidentes de la izquierda progresista se re\u00fanen en Chile","author":"","date":"julio 21, 2025","format":false,"excerpt":"Cinco presidentes de la izquierda progresista se re\u00fanen este lunes en Santiago de Chile en el encuentro anual \u201cDemocracia Siempre\u201d, cuyo objetivo, seg\u00fan las autoridades, es \u201cavanzar en un posicionamiento compartido en favor del multilateralismo, la democracia y la cooperaci\u00f3n global basada en la justicia social\u201d. Los mandatarios presentes son\u2026","rel":"","context":"In &quot;Noticias Nacionales&quot;","block_context":{"text":"Noticias Nacionales","link":"https:\/\/noticiasya.com\/midland-odessa\/categoria\/noticias-nacionales"},"img":{"alt_text":"","src":"","width":0,"height":0},"classes":[]},{"id":1457211,"url":"https:\/\/noticiasya.com\/midland-odessa\/2025\/01\/04\/gabriel-boric-chile-polo-sur-antartida-trax\/","url_meta":{"origin":1453017,"position":4},"title":"Gabriel Boric visita el Polo Sur en un viaje hist\u00f3rico","author":"","date":"enero 4, 2025","format":false,"excerpt":"El presidente de Chile, Gabriel Boric, viaj\u00f3 al Polo Sur de la Ant\u00e1rtida el viernes, un lugar donde ning\u00fan otro presidente latinoamericano ha puesto pie, seg\u00fan el gobierno chileno.Boric lider\u00f3 el hist\u00f3rico viaje de dos d\u00edas, llamado Operaci\u00f3n Estrella Polar III, para extender el monitoreo ambiental de contaminantes en la\u2026","rel":"","context":"In &quot;Noticias Nacionales&quot;","block_context":{"text":"Noticias Nacionales","link":"https:\/\/noticiasya.com\/midland-odessa\/categoria\/noticias-nacionales"},"img":{"alt_text":"","src":"","width":0,"height":0},"classes":[]},{"id":1450167,"url":"https:\/\/noticiasya.com\/midland-odessa\/2024\/06\/08\/boric-chile-relaciones-venezuela-fiscal-orix\/","url_meta":{"origin":1453017,"position":5},"title":"Boric asegura que Chile no romper\u00e1 relaciones con Venezuela tras declaraciones de fiscal venezolano","author":"","date":"junio 8, 2024","format":false,"excerpt":"(CNN Espa\u00f1ol) -- El presidente de Chile, Gabriel Boric, afirm\u00f3 este viernes que descarta romper relaciones con Venezuela tras los dichos del fiscal general de este pa\u00eds, Tarek William Saab, quien plante\u00f3, sin presentar prueba alguna, la posible intervenci\u00f3n de agentes chilenos en el secuestro y asesinato del militar retirado\u2026","rel":"","context":"In &quot;Noticias Nacionales&quot;","block_context":{"text":"Noticias Nacionales","link":"https:\/\/noticiasya.com\/midland-odessa\/categoria\/noticias-nacionales"},"img":{"alt_text":"","src":"","width":0,"height":0},"classes":[]}],"jetpack_sharing_enabled":true,"_links":{"self":[{"href":"https:\/\/noticiasya.com\/midland-odessa\/wp-json\/wp\/v2\/posts\/1453017","targetHints":{"allow":["GET"]}}],"collection":[{"href":"https:\/\/noticiasya.com\/midland-odessa\/wp-json\/wp\/v2\/posts"}],"about":[{"href":"https:\/\/noticiasya.com\/midland-odessa\/wp-json\/wp\/v2\/types\/post"}],"replies":[{"embeddable":true,"href":"https:\/\/noticiasya.com\/midland-odessa\/wp-json\/wp\/v2\/comments?post=1453017"}],"version-history":[{"count":0,"href":"https:\/\/noticiasya.com\/midland-odessa\/wp-json\/wp\/v2\/posts\/1453017\/revisions"}],"wp:attachment":[{"href":"https:\/\/noticiasya.com\/midland-odessa\/wp-json\/wp\/v2\/media?parent=1453017"}],"wp:term":[{"taxonomy":"category","embeddable":true,"href":"https:\/\/noticiasya.com\/midland-odessa\/wp-json\/wp\/v2\/categories?post=1453017"},{"taxonomy":"post_tag","embeddable":true,"href":"https:\/\/noticiasya.com\/midland-odessa\/wp-json\/wp\/v2\/tags?post=1453017"}],"curies":[{"name":"wp","href":"https:\/\/api.w.org\/{rel}","templated":true}]}}