{"id":1453048,"date":"2024-09-25T10:03:49","date_gmt":"2024-09-25T17:03:49","guid":{"rendered":"https:\/\/noticiasya.com\/2024\/09\/25\/sheinbaum-confirma-que-no-invito-al-rey-felipe-vi-a-su-juramentacion-trax\/"},"modified":"2024-09-25T10:03:49","modified_gmt":"2024-09-25T17:03:49","slug":"sheinbaum-confirma-que-no-invito-al-rey-felipe-vi-a-su-juramentacion-trax","status":"publish","type":"post","link":"https:\/\/noticiasya.com\/midland-odessa\/2024\/09\/25\/sheinbaum-confirma-que-no-invito-al-rey-felipe-vi-a-su-juramentacion-trax\/","title":{"rendered":"Sheinbaum confirma que no invit\u00f3 al rey Felipe VI a su juramentaci\u00f3n, el Gobierno de Espa\u00f1a no enviar\u00e1 a ning\u00fan representante"},"content":{"rendered":"<p>(CNN Espa\u00f1ol) &#8212; La presidenta electa de M\u00e9xico, Claudia Sheinbaum, confirm\u00f3 a trav\u00e9s de un comunicado publicado en sus redes sociales que envi\u00f3 una nota diplom\u00e1tica invitando a la ceremonia de posesi\u00f3n al presidente del gobierno espa\u00f1ol, Pedro S\u00e1nchez, y no al rey Felipe VI.<\/p>\n<p>Sheinbaum indic\u00f3 que la raz\u00f3n de solo invitar a S\u00e1nchez se debe a la falta de respuesta directa a una carta que el presidente Andr\u00e9s Manuel L\u00f3pez Obrador envi\u00f3 al rey de Espa\u00f1a en 2019 en la que le solicitaba realizar una ceremonia conjunta en la que el Reino de Espa\u00f1a expresara p\u00fablicamente \u201cel reconocimiento de los agravios causados\u201d durante la conquista.<\/p>\n<p>En ese entonces la carta fue filtrada a medios de comunicaci\u00f3n y el ministerio de Asuntos Exteriores de Espa\u00f1a emiti\u00f3 un comunicado en el que lament\u00f3 que la carta se hiciera p\u00fablica pero rechaz\u00f3 su contenido \u201ccon toda firmeza\u201d.<\/p>\n<p>\u201cLa llegada, hace 500 a\u00f1os, de los espa\u00f1oles a las actuales tierras mexicanas no puede juzgarse a la luz de consideraciones contempor\u00e1neas\u201d, dec\u00eda el comunicado.<\/p>\n<p>Despu\u00e9s de ganar las elecciones, Sheinbaum dijo que estaba de acuerdo con ese pedido de su antecesor, aunque se mostr\u00f3 partidaria de mantener relaciones con Espa\u00f1a. En el comunicado publicado el mi\u00e9rcoles Sheinbaum dijo que durante su Gobierno el reconocimiento de los pueblos ind\u00edgenas ser\u00e1 fundamental y que espera que \u201cesta circunstancia\u201d sea un punto de partida para que M\u00e9xico y Espa\u00f1a encuentren \u201cnuevas v\u00edas de entendimiento basadas en soberan\u00edas y respeto mutuo\u201d.<\/p>\n<p>Por su parte, el Gobierno de Espa\u00f1a anunci\u00f3 este martes que no enviar\u00e1 a ning\u00fan representante a la juramentaci\u00f3n de Sheinbaum debido a la exclusi\u00f3n del rey Felipe VI de la lista de personalidades invitadas.<\/p>\n<p>En la breve publicaci\u00f3n en la p\u00e1gina web del ministerio de Relaciones Exteriores las autoridades se\u00f1alaron que no participar\u00e1n \u201ca ning\u00fan nivel\u201d en la toma de posesi\u00f3n de la primera presidenta de M\u00e9xico.<\/p>\n<p>La ministra de Defensa del Gobierno de Espa\u00f1a, Margarita Robles, dijo que, a pesar de que M\u00e9xico es un pueblo hermano, no pueden aceptar que se excluya al Rey.<\/p>\n<p>\u201cEl Jefe del Estado, el Rey de Espa\u00f1a, va siempre a todas las tomas de posesi\u00f3n y, por tanto, no podemos aceptar que en este caso se le excluya. Por tanto, si se excluye al Jefe del Estado, Espa\u00f1a no va a estar representada, lo cual sentimos much\u00edsimo porque el pueblo mexicano es un pueblo hermano\u201d, declar\u00f3 Robles.<\/p>\n<p>Previo a este incidente con Espa\u00f1a, la asistencia a la toma de protesta de los presidentes de Rusia, Venezuela y Nicaragua caus\u00f3 tambi\u00e9n controversia, pero el equipo de Sheinbaum calm\u00f3 la especulaci\u00f3n al momento que public\u00f3 la lista de los mandatarios que confirmaron su asistencia, en la que no se incluy\u00f3 ni a Vladimir Putin, ni a Nicol\u00e1s Maduro ni Daniel Ortega.<\/p>\n<p>The-CNN-Wire<br \/>&trade; &amp; &copy; 2024 Cable News Network, Inc., a Warner Bros. Discovery Company. All rights reserved.<\/p>\n","protected":false},"excerpt":{"rendered":"<p>(CNN Espa\u00f1ol) &#8212; La presidenta electa de M\u00e9xico, Claudia Sheinbaum, confirm\u00f3 a trav\u00e9s de un comunicado publicado en sus redes sociales que envi\u00f3 una nota diplom\u00e1tica invitando a la ceremonia de posesi\u00f3n al presidente del gobierno espa\u00f1ol, Pedro S\u00e1nchez, y no al rey Felipe VI. Sheinbaum indic\u00f3 que la raz\u00f3n de solo invitar a S\u00e1nchez [&hellip;]<\/p>\n","protected":false},"author":0,"featured_media":0,"comment_status":"open","ping_status":"open","sticky":false,"template":"","format":"standard","meta":{"_jetpack_memberships_contains_paid_content":false,"footnotes":""},"categories":[10],"tags":[],"class_list":["post-1453048","post","type-post","status-publish","format-standard","hentry","category-noticias-nacionales","market-global"],"yoast_head":"<!-- This site is optimized with the Yoast SEO plugin v24.4 - https:\/\/yoast.com\/wordpress\/plugins\/seo\/ -->\n<title>Sheinbaum confirma que no invit\u00f3 al rey Felipe VI a su juramentaci\u00f3n, el Gobierno de Espa\u00f1a no enviar\u00e1 a ning\u00fan representante - Noticias<\/title>\n<meta name=\"robots\" content=\"index, follow, max-snippet:-1, max-image-preview:large, max-video-preview:-1\" \/>\n<link rel=\"canonical\" href=\"https:\/\/noticiasya.com\/2024\/09\/25\/sheinbaum-confirma-que-no-invito-al-rey-felipe-vi-a-su-juramentacion-trax\/\" \/>\n<meta property=\"og:locale\" content=\"es_ES\" \/>\n<meta property=\"og:type\" content=\"article\" \/>\n<meta property=\"og:title\" content=\"Sheinbaum confirma que no invit\u00f3 al rey Felipe VI a su juramentaci\u00f3n, el Gobierno de Espa\u00f1a no enviar\u00e1 a ning\u00fan representante - Noticias\" \/>\n<meta property=\"og:description\" content=\"(CNN Espa\u00f1ol) &#8212; La presidenta electa de M\u00e9xico, Claudia Sheinbaum, confirm\u00f3 a trav\u00e9s de un comunicado publicado en sus redes sociales que envi\u00f3 una nota diplom\u00e1tica invitando a la ceremonia de posesi\u00f3n al presidente del gobierno espa\u00f1ol, Pedro S\u00e1nchez, y no al rey Felipe VI. Sheinbaum indic\u00f3 que la raz\u00f3n de solo invitar a S\u00e1nchez [&hellip;]\" \/>\n<meta property=\"og:url\" content=\"https:\/\/noticiasya.com\/2024\/09\/25\/sheinbaum-confirma-que-no-invito-al-rey-felipe-vi-a-su-juramentacion-trax\/\" \/>\n<meta property=\"og:site_name\" content=\"Noticias\" \/>\n<meta property=\"article:published_time\" content=\"2024-09-25T17:03:49+00:00\" \/>\n<meta name=\"twitter:card\" content=\"summary_large_image\" \/>\n<meta name=\"twitter:label1\" content=\"Est. reading time\" \/>\n\t<meta name=\"twitter:data1\" content=\"3 minutos\" \/>\n<script type=\"application\/ld+json\" class=\"yoast-schema-graph\">{\"@context\":\"https:\/\/schema.org\",\"@graph\":[{\"@type\":\"Article\",\"@id\":\"https:\/\/noticiasya.com\/2024\/09\/25\/sheinbaum-confirma-que-no-invito-al-rey-felipe-vi-a-su-juramentacion-trax\/#article\",\"isPartOf\":{\"@id\":\"https:\/\/noticiasya.com\/2024\/09\/25\/sheinbaum-confirma-que-no-invito-al-rey-felipe-vi-a-su-juramentacion-trax\/\"},\"author\":{\"name\":\"\",\"@id\":\"\"},\"headline\":\"Sheinbaum confirma que no invit\u00f3 al rey Felipe VI a su juramentaci\u00f3n, el Gobierno de Espa\u00f1a no enviar\u00e1 a ning\u00fan representante\",\"datePublished\":\"2024-09-25T17:03:49+00:00\",\"mainEntityOfPage\":{\"@id\":\"https:\/\/noticiasya.com\/2024\/09\/25\/sheinbaum-confirma-que-no-invito-al-rey-felipe-vi-a-su-juramentacion-trax\/\"},\"wordCount\":549,\"commentCount\":0,\"publisher\":{\"@id\":\"https:\/\/noticiasya.com\/#organization\"},\"articleSection\":[\"Noticias Nacionales\"],\"inLanguage\":\"es\",\"potentialAction\":[{\"@type\":\"CommentAction\",\"name\":\"Comment\",\"target\":[\"https:\/\/noticiasya.com\/2024\/09\/25\/sheinbaum-confirma-que-no-invito-al-rey-felipe-vi-a-su-juramentacion-trax\/#respond\"]}]},{\"@type\":\"WebPage\",\"@id\":\"https:\/\/noticiasya.com\/2024\/09\/25\/sheinbaum-confirma-que-no-invito-al-rey-felipe-vi-a-su-juramentacion-trax\/\",\"url\":\"https:\/\/noticiasya.com\/2024\/09\/25\/sheinbaum-confirma-que-no-invito-al-rey-felipe-vi-a-su-juramentacion-trax\/\",\"name\":\"Sheinbaum confirma que no invit\u00f3 al rey Felipe VI a su juramentaci\u00f3n, el Gobierno de Espa\u00f1a no enviar\u00e1 a ning\u00fan representante - Noticias\",\"isPartOf\":{\"@id\":\"https:\/\/noticiasya.com\/#website\"},\"datePublished\":\"2024-09-25T17:03:49+00:00\",\"breadcrumb\":{\"@id\":\"https:\/\/noticiasya.com\/2024\/09\/25\/sheinbaum-confirma-que-no-invito-al-rey-felipe-vi-a-su-juramentacion-trax\/#breadcrumb\"},\"inLanguage\":\"es\",\"potentialAction\":[{\"@type\":\"ReadAction\",\"target\":[\"https:\/\/noticiasya.com\/2024\/09\/25\/sheinbaum-confirma-que-no-invito-al-rey-felipe-vi-a-su-juramentacion-trax\/\"]}]},{\"@type\":\"BreadcrumbList\",\"@id\":\"https:\/\/noticiasya.com\/2024\/09\/25\/sheinbaum-confirma-que-no-invito-al-rey-felipe-vi-a-su-juramentacion-trax\/#breadcrumb\",\"itemListElement\":[{\"@type\":\"ListItem\",\"position\":1,\"name\":\"Home\",\"item\":\"https:\/\/noticiasya.com\/\"},{\"@type\":\"ListItem\",\"position\":2,\"name\":\"Sheinbaum confirma que no invit\u00f3 al rey Felipe VI a su juramentaci\u00f3n, el Gobierno de Espa\u00f1a no enviar\u00e1 a ning\u00fan representante\"}]},{\"@type\":\"WebSite\",\"@id\":\"https:\/\/noticiasya.com\/#website\",\"url\":\"https:\/\/noticiasya.com\/\",\"name\":\"Noticias\",\"description\":\"Lo que importa\",\"publisher\":{\"@id\":\"https:\/\/noticiasya.com\/#organization\"},\"potentialAction\":[{\"@type\":\"SearchAction\",\"target\":{\"@type\":\"EntryPoint\",\"urlTemplate\":\"https:\/\/noticiasya.com\/?s={search_term_string}\"},\"query-input\":{\"@type\":\"PropertyValueSpecification\",\"valueRequired\":true,\"valueName\":\"search_term_string\"}}],\"inLanguage\":\"es\"},{\"@type\":\"Organization\",\"@id\":\"https:\/\/noticiasya.com\/#organization\",\"name\":\"Noticias\",\"url\":\"https:\/\/noticiasya.com\/\",\"logo\":{\"@type\":\"ImageObject\",\"inLanguage\":\"es\",\"@id\":\"https:\/\/noticiasya.com\/#\/schema\/logo\/image\/\",\"url\":\"https:\/\/noticiasya.com\/wp-content\/uploads\/sites\/22\/2023\/12\/logo-nacional.png\",\"contentUrl\":\"https:\/\/noticiasya.com\/wp-content\/uploads\/sites\/22\/2023\/12\/logo-nacional.png\",\"width\":1801,\"height\":691,\"caption\":\"Noticias\"},\"image\":{\"@id\":\"https:\/\/noticiasya.com\/#\/schema\/logo\/image\/\"}}]}<\/script>\n<!-- \/ Yoast SEO plugin. -->","yoast_head_json":{"title":"Sheinbaum confirma que no invit\u00f3 al rey Felipe VI a su juramentaci\u00f3n, el Gobierno de Espa\u00f1a no enviar\u00e1 a ning\u00fan representante - Noticias","robots":{"index":"index","follow":"follow","max-snippet":"max-snippet:-1","max-image-preview":"max-image-preview:large","max-video-preview":"max-video-preview:-1"},"canonical":"https:\/\/noticiasya.com\/2024\/09\/25\/sheinbaum-confirma-que-no-invito-al-rey-felipe-vi-a-su-juramentacion-trax\/","og_locale":"es_ES","og_type":"article","og_title":"Sheinbaum confirma que no invit\u00f3 al rey Felipe VI a su juramentaci\u00f3n, el Gobierno de Espa\u00f1a no enviar\u00e1 a ning\u00fan representante - Noticias","og_description":"(CNN Espa\u00f1ol) &#8212; La presidenta electa de M\u00e9xico, Claudia Sheinbaum, confirm\u00f3 a trav\u00e9s de un comunicado publicado en sus redes sociales que envi\u00f3 una nota diplom\u00e1tica invitando a la ceremonia de posesi\u00f3n al presidente del gobierno espa\u00f1ol, Pedro S\u00e1nchez, y no al rey Felipe VI. Sheinbaum indic\u00f3 que la raz\u00f3n de solo invitar a S\u00e1nchez [&hellip;]","og_url":"https:\/\/noticiasya.com\/2024\/09\/25\/sheinbaum-confirma-que-no-invito-al-rey-felipe-vi-a-su-juramentacion-trax\/","og_site_name":"Noticias","article_published_time":"2024-09-25T17:03:49+00:00","twitter_card":"summary_large_image","twitter_misc":{"Est. reading time":"3 minutos"},"schema":{"@context":"https:\/\/schema.org","@graph":[{"@type":"Article","@id":"https:\/\/noticiasya.com\/2024\/09\/25\/sheinbaum-confirma-que-no-invito-al-rey-felipe-vi-a-su-juramentacion-trax\/#article","isPartOf":{"@id":"https:\/\/noticiasya.com\/2024\/09\/25\/sheinbaum-confirma-que-no-invito-al-rey-felipe-vi-a-su-juramentacion-trax\/"},"author":{"name":"","@id":""},"headline":"Sheinbaum confirma que no invit\u00f3 al rey Felipe VI a su juramentaci\u00f3n, el Gobierno de Espa\u00f1a no enviar\u00e1 a ning\u00fan representante","datePublished":"2024-09-25T17:03:49+00:00","mainEntityOfPage":{"@id":"https:\/\/noticiasya.com\/2024\/09\/25\/sheinbaum-confirma-que-no-invito-al-rey-felipe-vi-a-su-juramentacion-trax\/"},"wordCount":549,"commentCount":0,"publisher":{"@id":"https:\/\/noticiasya.com\/#organization"},"articleSection":["Noticias Nacionales"],"inLanguage":"es","potentialAction":[{"@type":"CommentAction","name":"Comment","target":["https:\/\/noticiasya.com\/2024\/09\/25\/sheinbaum-confirma-que-no-invito-al-rey-felipe-vi-a-su-juramentacion-trax\/#respond"]}]},{"@type":"WebPage","@id":"https:\/\/noticiasya.com\/2024\/09\/25\/sheinbaum-confirma-que-no-invito-al-rey-felipe-vi-a-su-juramentacion-trax\/","url":"https:\/\/noticiasya.com\/2024\/09\/25\/sheinbaum-confirma-que-no-invito-al-rey-felipe-vi-a-su-juramentacion-trax\/","name":"Sheinbaum confirma que no invit\u00f3 al rey Felipe VI a su juramentaci\u00f3n, el Gobierno de Espa\u00f1a no enviar\u00e1 a ning\u00fan representante - Noticias","isPartOf":{"@id":"https:\/\/noticiasya.com\/#website"},"datePublished":"2024-09-25T17:03:49+00:00","breadcrumb":{"@id":"https:\/\/noticiasya.com\/2024\/09\/25\/sheinbaum-confirma-que-no-invito-al-rey-felipe-vi-a-su-juramentacion-trax\/#breadcrumb"},"inLanguage":"es","potentialAction":[{"@type":"ReadAction","target":["https:\/\/noticiasya.com\/2024\/09\/25\/sheinbaum-confirma-que-no-invito-al-rey-felipe-vi-a-su-juramentacion-trax\/"]}]},{"@type":"BreadcrumbList","@id":"https:\/\/noticiasya.com\/2024\/09\/25\/sheinbaum-confirma-que-no-invito-al-rey-felipe-vi-a-su-juramentacion-trax\/#breadcrumb","itemListElement":[{"@type":"ListItem","position":1,"name":"Home","item":"https:\/\/noticiasya.com\/"},{"@type":"ListItem","position":2,"name":"Sheinbaum confirma que no invit\u00f3 al rey Felipe VI a su juramentaci\u00f3n, el Gobierno de Espa\u00f1a no enviar\u00e1 a ning\u00fan representante"}]},{"@type":"WebSite","@id":"https:\/\/noticiasya.com\/#website","url":"https:\/\/noticiasya.com\/","name":"Noticias","description":"Lo que importa","publisher":{"@id":"https:\/\/noticiasya.com\/#organization"},"potentialAction":[{"@type":"SearchAction","target":{"@type":"EntryPoint","urlTemplate":"https:\/\/noticiasya.com\/?s={search_term_string}"},"query-input":{"@type":"PropertyValueSpecification","valueRequired":true,"valueName":"search_term_string"}}],"inLanguage":"es"},{"@type":"Organization","@id":"https:\/\/noticiasya.com\/#organization","name":"Noticias","url":"https:\/\/noticiasya.com\/","logo":{"@type":"ImageObject","inLanguage":"es","@id":"https:\/\/noticiasya.com\/#\/schema\/logo\/image\/","url":"https:\/\/noticiasya.com\/wp-content\/uploads\/sites\/22\/2023\/12\/logo-nacional.png","contentUrl":"https:\/\/noticiasya.com\/wp-content\/uploads\/sites\/22\/2023\/12\/logo-nacional.png","width":1801,"height":691,"caption":"Noticias"},"image":{"@id":"https:\/\/noticiasya.com\/#\/schema\/logo\/image\/"}}]}},"parsely":{"version":"1.1.0","canonical_url":"https:\/\/noticiasya.com\/midland-odessa\/2024\/09\/25\/sheinbaum-confirma-que-no-invito-al-rey-felipe-vi-a-su-juramentacion-trax\/","smart_links":{"inbound":0,"outbound":0},"traffic_boost_suggestions_count":0,"meta":{"@context":"https:\/\/schema.org","@type":"NewsArticle","headline":"Sheinbaum confirma que no invit\u00f3 al rey Felipe VI a su juramentaci\u00f3n, el Gobierno de Espa\u00f1a no enviar\u00e1 a ning\u00fan representante","url":"http:\/\/noticiasya.com\/midland-odessa\/2024\/09\/25\/sheinbaum-confirma-que-no-invito-al-rey-felipe-vi-a-su-juramentacion-trax\/","mainEntityOfPage":{"@type":"WebPage","@id":"http:\/\/noticiasya.com\/midland-odessa\/2024\/09\/25\/sheinbaum-confirma-que-no-invito-al-rey-felipe-vi-a-su-juramentacion-trax\/"},"thumbnailUrl":"","image":{"@type":"ImageObject","url":""},"articleSection":"Noticias Nacionales","author":[],"creator":[],"publisher":{"@type":"Organization","name":"Noticias","logo":""},"keywords":[],"dateCreated":"2024-09-25T17:03:49Z","datePublished":"2024-09-25T17:03:49Z","dateModified":"2024-09-25T17:03:49Z"},"rendered":"<script type=\"application\/ld+json\" class=\"wp-parsely-metadata\">{\"@context\":\"https:\\\/\\\/schema.org\",\"@type\":\"NewsArticle\",\"headline\":\"Sheinbaum confirma que no invit\\u00f3 al rey Felipe VI a su juramentaci\\u00f3n, el Gobierno de Espa\\u00f1a no enviar\\u00e1 a ning\\u00fan representante\",\"url\":\"http:\\\/\\\/noticiasya.com\\\/midland-odessa\\\/2024\\\/09\\\/25\\\/sheinbaum-confirma-que-no-invito-al-rey-felipe-vi-a-su-juramentacion-trax\\\/\",\"mainEntityOfPage\":{\"@type\":\"WebPage\",\"@id\":\"http:\\\/\\\/noticiasya.com\\\/midland-odessa\\\/2024\\\/09\\\/25\\\/sheinbaum-confirma-que-no-invito-al-rey-felipe-vi-a-su-juramentacion-trax\\\/\"},\"thumbnailUrl\":\"\",\"image\":{\"@type\":\"ImageObject\",\"url\":\"\"},\"articleSection\":\"Noticias Nacionales\",\"author\":[],\"creator\":[],\"publisher\":{\"@type\":\"Organization\",\"name\":\"Noticias\",\"logo\":\"\"},\"keywords\":[],\"dateCreated\":\"2024-09-25T17:03:49Z\",\"datePublished\":\"2024-09-25T17:03:49Z\",\"dateModified\":\"2024-09-25T17:03:49Z\"}<\/script>","tracker_url":"https:\/\/cdn.parsely.com\/keys\/noticiasya.com\/p.js"},"jetpack_featured_media_url":"","jetpack-related-posts":[{"id":1454945,"url":"https:\/\/noticiasya.com\/midland-odessa\/2024\/10\/04\/rey-espana-unidad-discrepancias-controversia-diplomatica-mexico-orix\/","url_meta":{"origin":1453048,"position":0},"title":"El rey de Espa\u00f1a apela a la \u201cunidad\u201d sobre las \u201cdiscrepancias\u201d en medio de la controversia diplom\u00e1tica con M\u00e9xico","author":"","date":"octubre 4, 2024","format":false,"excerpt":"(CNN Espa\u00f1ol) --\u00a0El rey Felipe VI apel\u00f3 este viernes a la \u201cunidad\u201d sobre las \u201cdiscrepancias\u201d en los pa\u00edses iberoamericanos, durante su participaci\u00f3n en la inauguraci\u00f3n del Encuentro de las Academias Iberoamericanas de la Historia en Trujillo, Espa\u00f1a. Las declaraciones del monarca se producen d\u00edas despu\u00e9s de que la nueva presidenta\u2026","rel":"","context":"In &quot;Noticias Nacionales&quot;","block_context":{"text":"Noticias Nacionales","link":"https:\/\/noticiasya.com\/midland-odessa\/categoria\/noticias-nacionales"},"img":{"alt_text":"","src":"","width":0,"height":0},"classes":[]},{"id":1453053,"url":"https:\/\/noticiasya.com\/midland-odessa\/2024\/09\/25\/espana-mexico-tension-diplomatica-orix\/","url_meta":{"origin":1453048,"position":1},"title":"Se eleva la tensi\u00f3n diplom\u00e1tica entre Espa\u00f1a y M\u00e9xico \u00bfCu\u00e1l es el origen del deterioro de las relaciones?","author":"","date":"septiembre 25, 2024","format":false,"excerpt":"(CNN Espa\u00f1ol) -- Espa\u00f1a y M\u00e9xico escribieron esta semana un nuevo cap\u00edtulo sobre sus relaciones diplom\u00e1ticas, cada vez m\u00e1s tirantes, debido a los desencuentros causados por la toma de posesi\u00f3n de Claudia Sheinbaum como presidenta de M\u00e9xico el pr\u00f3ximo 1 de octubre.La Canciller\u00eda espa\u00f1ola inform\u00f3 a \u00faltima hora de este\u2026","rel":"","context":"In &quot;Noticias Nacionales&quot;","block_context":{"text":"Noticias Nacionales","link":"https:\/\/noticiasya.com\/midland-odessa\/categoria\/noticias-nacionales"},"img":{"alt_text":"","src":"","width":0,"height":0},"classes":[]},{"id":1472280,"url":"https:\/\/noticiasya.com\/midland-odessa\/2026\/03\/17\/sheinbaum-reconoce-rey-espana-abusos-conquista-gesto-acercamiento-orix\/","url_meta":{"origin":1453048,"position":2},"title":"Sheinbaum, sobre las palabras del rey de Espa\u00f1a acerca de abusos en la conquista: &#171;Es un gesto de acercamiento&#187;","author":"","date":"marzo 17, 2026","format":false,"excerpt":"La presidenta de M\u00e9xico, Claudia Sheinbaum, dijo este martes que reconoce las declaraciones del rey Felipe VI de Espa\u00f1a sobre los abusos que hubo en la conquista de Am\u00e9rica y las calific\u00f3 como \u201cun gesto de acercamiento\u201d.\u201cEs un acercamiento del rey que reconocemos (\u2026) Puede uno decir \u2018No fue todo\u2026","rel":"","context":"In &quot;Noticias Nacionales&quot;","block_context":{"text":"Noticias Nacionales","link":"https:\/\/noticiasya.com\/midland-odessa\/categoria\/noticias-nacionales"},"img":{"alt_text":"","src":"","width":0,"height":0},"classes":[]},{"id":1455207,"url":"https:\/\/noticiasya.com\/midland-odessa\/2024\/10\/17\/aznar-critica-reforma-judicial-mexico-carta-disculpas-rey-espana-orix\/","url_meta":{"origin":1453048,"position":3},"title":"Aznar critica la reforma judicial en M\u00e9xico y reacciona sobre la carta de disculpas solicitada al rey de Espa\u00f1a","author":"","date":"octubre 17, 2024","format":false,"excerpt":"(CNN Espa\u00f1ol) --\u00a0Jos\u00e9 Mar\u00eda Aznar, expresidente del Gobierno espa\u00f1ol (1996-2004), dijo en una entrevista con CNN que la reforma judicial en M\u00e9xico mina el Estado de Derecho. \u201cJueces propuestos por el Gobierno, aprobados por un congreso que controla el Gobierno y votados por un censo a favor del Gobierno. Eso\u2026\u2026","rel":"","context":"In &quot;Noticias Nacionales&quot;","block_context":{"text":"Noticias Nacionales","link":"https:\/\/noticiasya.com\/midland-odessa\/categoria\/noticias-nacionales"},"img":{"alt_text":"","src":"","width":0,"height":0},"classes":[]},{"id":1473036,"url":"https:\/\/noticiasya.com\/midland-odessa\/2026\/04\/10\/sheinbaum-viaja-espania-cumbre-gobiernos-progresistas-orix\/","url_meta":{"origin":1453048,"position":4},"title":"Sheinbaum anuncia que viaja a Espa\u00f1a la pr\u00f3xima semana para una cumbre de gobiernos progresistas","author":"","date":"abril 10, 2026","format":false,"excerpt":"La presidenta de M\u00e9xico, Claudia Sheinbaum, anunci\u00f3 este viernes que viajar\u00e1 a Espa\u00f1a la semana pr\u00f3xima para una reuni\u00f3n con Pedro S\u00e1nchez de la que tambi\u00e9n participar\u00e1n el presidente de Brasil, Lula Da Silva; el de Colombia, Gustavo Petro y el presidente de Uruguay, Yamand\u00fa Orsi.\u201cVoy a ir a Barcelona\u2026","rel":"","context":"In &quot;Noticias Nacionales&quot;","block_context":{"text":"Noticias Nacionales","link":"https:\/\/noticiasya.com\/midland-odessa\/categoria\/noticias-nacionales"},"img":{"alt_text":"","src":"","width":0,"height":0},"classes":[]},{"id":1453218,"url":"https:\/\/noticiasya.com\/midland-odessa\/2024\/09\/30\/claudia-sheinbaum-toma-protesta-mexico-presidenta-como-ver-orix\/","url_meta":{"origin":1453048,"position":5},"title":"Toma de protesta de Claudia Sheinbaum como presidenta de M\u00e9xico: qu\u00e9 presidentes e invitados asisten, cu\u00e1ndo es y c\u00f3mo ver en vivo","author":"","date":"septiembre 30, 2024","format":false,"excerpt":"(CNN Espa\u00f1ol) -- Este martes 1 de octubre la presidenta electa de M\u00e9xico, Claudia Sheinbaum, tendr\u00e1 su toma de protesta. \u00bfC\u00f3mo ser\u00e1 y qui\u00e9nes estar\u00e1n presentes? Aqu\u00ed te contamos.Horario y c\u00f3mo ver la ceremoniaLa ceremonia de investidura de la primera presidenta mujer de M\u00e9xico se realizar\u00e1 este martes 1 de\u2026","rel":"","context":"In &quot;Noticias Nacionales&quot;","block_context":{"text":"Noticias Nacionales","link":"https:\/\/noticiasya.com\/midland-odessa\/categoria\/noticias-nacionales"},"img":{"alt_text":"","src":"","width":0,"height":0},"classes":[]}],"jetpack_sharing_enabled":true,"_links":{"self":[{"href":"https:\/\/noticiasya.com\/midland-odessa\/wp-json\/wp\/v2\/posts\/1453048","targetHints":{"allow":["GET"]}}],"collection":[{"href":"https:\/\/noticiasya.com\/midland-odessa\/wp-json\/wp\/v2\/posts"}],"about":[{"href":"https:\/\/noticiasya.com\/midland-odessa\/wp-json\/wp\/v2\/types\/post"}],"replies":[{"embeddable":true,"href":"https:\/\/noticiasya.com\/midland-odessa\/wp-json\/wp\/v2\/comments?post=1453048"}],"version-history":[{"count":0,"href":"https:\/\/noticiasya.com\/midland-odessa\/wp-json\/wp\/v2\/posts\/1453048\/revisions"}],"wp:attachment":[{"href":"https:\/\/noticiasya.com\/midland-odessa\/wp-json\/wp\/v2\/media?parent=1453048"}],"wp:term":[{"taxonomy":"category","embeddable":true,"href":"https:\/\/noticiasya.com\/midland-odessa\/wp-json\/wp\/v2\/categories?post=1453048"},{"taxonomy":"post_tag","embeddable":true,"href":"https:\/\/noticiasya.com\/midland-odessa\/wp-json\/wp\/v2\/tags?post=1453048"}],"curies":[{"name":"wp","href":"https:\/\/api.w.org\/{rel}","templated":true}]}}