{"id":1453053,"date":"2024-09-25T11:03:38","date_gmt":"2024-09-25T18:03:38","guid":{"rendered":"https:\/\/noticiasya.com\/2024\/09\/25\/espana-mexico-tension-diplomatica-orix\/"},"modified":"2024-09-25T11:03:38","modified_gmt":"2024-09-25T18:03:38","slug":"espana-mexico-tension-diplomatica-orix","status":"publish","type":"post","link":"https:\/\/noticiasya.com\/midland-odessa\/2024\/09\/25\/espana-mexico-tension-diplomatica-orix\/","title":{"rendered":"Se eleva la tensi\u00f3n diplom\u00e1tica entre Espa\u00f1a y M\u00e9xico \u00bfCu\u00e1l es el origen del deterioro de las relaciones?"},"content":{"rendered":"<p>(CNN Espa\u00f1ol) &#8212; Espa\u00f1a y M\u00e9xico escribieron esta semana un nuevo cap\u00edtulo sobre sus relaciones diplom\u00e1ticas, cada vez m\u00e1s tirantes, debido a los desencuentros causados por la toma de posesi\u00f3n de Claudia Sheinbaum como presidenta de M\u00e9xico el pr\u00f3ximo 1 de octubre.<\/p>\n<p>La Canciller\u00eda espa\u00f1ola inform\u00f3 a \u00faltima hora de este martes que no enviar\u00e1 ninguna representaci\u00f3n de ning\u00fan nivel a ese acto a causa de la \u201cinaceptable\u201d exclusi\u00f3n del Rey Felipe VI. Una posici\u00f3n de peso que la ministra de Defensa de Espa\u00f1a, Margarita Robles, defend\u00eda este mi\u00e9rcoles por la ma\u00f1ana a la par que se lamentaba, dado que seg\u00fan ella \u201cel pueblo mexicano es un pueblo hermano\u201d.<\/p>\n<p>Sheinbaum confirma que no invit\u00f3 al rey Felipe VI a su juramentaci\u00f3n, el Gobierno de Espa\u00f1a no enviar\u00e1 a ning\u00fan representante<\/p>\n<p>Por su parte, Sheinbaum clarific\u00f3 este mi\u00e9rcoles en un comunicado compartido en sus redes sociales que su intenci\u00f3n era solo invitar al presidente del Gobierno espa\u00f1ol, Pedro S\u00e1nchez, con quien lleg\u00f3 a hablar sobre el asunto unos d\u00edas atr\u00e1s.<\/p>\n<p>El origen del malestar diplom\u00e1tico<\/p>\n<p>Tal como a\u00f1ade Sheinbaum en el comunicado, el distanciamiento con la Casa Real de Espa\u00f1a inicia en marzo de 2019, cuando Andr\u00e9s Manuel L\u00f3pez Obrador, en su primer a\u00f1o al frente del Gobierno de M\u00e9xico, mand\u00f3 una carta personal al jefe de Estado espa\u00f1ol reflexionando sobre los casi 200 a\u00f1os de independencia del pa\u00eds y exponiendo los agravios causados por Espa\u00f1a quinientos a\u00f1os atr\u00e1s durante la conquista de M\u00e9xico.<\/p>\n<p>Una exposici\u00f3n que culminaba exhortando al Espa\u00f1a a que \u201cadmita su responsabilidad hist\u00f3rica por esas ofensas y ofrezca las disculpas o resarcimientos pol\u00edticos que convengan\u201d. Un trabajo que L\u00f3pez Obrador propon\u00eda realizar de forma bilateral \u201cpara lograr el objetivo de realizar en 2021 una ceremonia conjunta al m\u00e1s alto nivel\u201d donde \u201cel Reino de Espa\u00f1a exprese de manera p\u00fablica y oficial el reconocimiento de los agravios causados\u201d.<\/p>\n<p>El pedido no recibi\u00f3 respuesta por parte de la Casa Real y tom\u00f3 por sorpresa al Gobierno espa\u00f1ol, que lament\u00f3 \u201cprofundamente\u201d que se hiciera p\u00fablica la carta \u201ccuyo contenido rechazamos con toda firmeza\u201d. \u201cLa llegada, hace quinientos a\u00f1os, de los espa\u00f1oles a las actuales tierras mexicanas no puede juzgarse a la luz de consideraciones contempor\u00e1neas\u201d, rezaba un comunicado compartido por la Canciller\u00eda espa\u00f1ola en nombre del Ejecutivo.<\/p>\n<p>L\u00f3pez Obrador volvi\u00f3 a abordar este asunto en un par de ocasiones m\u00e1s, la primera en una conferencia de prensa \u201cma\u00f1anera\u201d en julio de 2021. En la segunda ocasi\u00f3n, ya m\u00e1s subida de tono, el presidente de M\u00e9xico sugiri\u00f3 en febrero de 2022 \u201cpausar\u201d las relaciones con Espa\u00f1a hasta que llegase un nuevo Gobierno. \u201cMe gustar\u00eda que posterguemos la normalizaci\u00f3n para darnos un respiro que creo que nos conviene a los mexicanos y espa\u00f1oles\u201d. Unas palabras que L\u00f3pez Obrador acompa\u00f1\u00f3 de fuertes cr\u00edticas hacia las empresas espa\u00f1olas, a las que acus\u00f3 de estar benefici\u00e1ndose de pol\u00edticas que favorec\u00edan los intereses privados.<\/p>\n<p>Estas declaraciones fueron \u201ctajantemente\u201d rechazadas por el Ejecutivo espa\u00f1ol en 2022, que las consider\u00f3 de \u201cdescalificaciones\u201d. No obstante, desde el Ministerio de Asuntos Exteriores espa\u00f1ol respondieron con un tono m\u00e1s suave apuntando a que trabajar\u00edan \u201csiempre por mantener las mejores relaciones con M\u00e9xico\u201d.<\/p>\n<p>The-CNN-Wire<br \/>&trade; &amp; &copy; 2024 Cable News Network, Inc., a Warner Bros. Discovery Company. All rights reserved.<\/p>\n","protected":false},"excerpt":{"rendered":"<p>(CNN Espa\u00f1ol) &#8212; Espa\u00f1a y M\u00e9xico escribieron esta semana un nuevo cap\u00edtulo sobre sus relaciones diplom\u00e1ticas, cada vez m\u00e1s tirantes, debido a los desencuentros causados por la toma de posesi\u00f3n de Claudia Sheinbaum como presidenta de M\u00e9xico el pr\u00f3ximo 1 de octubre. La Canciller\u00eda espa\u00f1ola inform\u00f3 a \u00faltima hora de este martes que no enviar\u00e1 [&hellip;]<\/p>\n","protected":false},"author":0,"featured_media":0,"comment_status":"open","ping_status":"open","sticky":false,"template":"","format":"standard","meta":{"_jetpack_memberships_contains_paid_content":false,"footnotes":""},"categories":[10],"tags":[],"class_list":["post-1453053","post","type-post","status-publish","format-standard","hentry","category-noticias-nacionales","market-global"],"yoast_head":"<!-- This site is optimized with the Yoast SEO plugin v24.4 - https:\/\/yoast.com\/wordpress\/plugins\/seo\/ -->\n<title>Se eleva la tensi\u00f3n diplom\u00e1tica entre Espa\u00f1a y M\u00e9xico \u00bfCu\u00e1l es el origen del deterioro de las relaciones? - Noticias<\/title>\n<meta name=\"robots\" content=\"index, follow, max-snippet:-1, max-image-preview:large, max-video-preview:-1\" \/>\n<link rel=\"canonical\" href=\"https:\/\/noticiasya.com\/2024\/09\/25\/espana-mexico-tension-diplomatica-orix\/\" \/>\n<meta property=\"og:locale\" content=\"es_ES\" \/>\n<meta property=\"og:type\" content=\"article\" \/>\n<meta property=\"og:title\" content=\"Se eleva la tensi\u00f3n diplom\u00e1tica entre Espa\u00f1a y M\u00e9xico \u00bfCu\u00e1l es el origen del deterioro de las relaciones? - Noticias\" \/>\n<meta property=\"og:description\" content=\"(CNN Espa\u00f1ol) &#8212; Espa\u00f1a y M\u00e9xico escribieron esta semana un nuevo cap\u00edtulo sobre sus relaciones diplom\u00e1ticas, cada vez m\u00e1s tirantes, debido a los desencuentros causados por la toma de posesi\u00f3n de Claudia Sheinbaum como presidenta de M\u00e9xico el pr\u00f3ximo 1 de octubre. La Canciller\u00eda espa\u00f1ola inform\u00f3 a \u00faltima hora de este martes que no enviar\u00e1 [&hellip;]\" \/>\n<meta property=\"og:url\" content=\"https:\/\/noticiasya.com\/2024\/09\/25\/espana-mexico-tension-diplomatica-orix\/\" \/>\n<meta property=\"og:site_name\" content=\"Noticias\" \/>\n<meta property=\"article:published_time\" content=\"2024-09-25T18:03:38+00:00\" \/>\n<meta name=\"twitter:card\" content=\"summary_large_image\" \/>\n<meta name=\"twitter:label1\" content=\"Est. reading time\" \/>\n\t<meta name=\"twitter:data1\" content=\"3 minutos\" \/>\n<script type=\"application\/ld+json\" class=\"yoast-schema-graph\">{\"@context\":\"https:\/\/schema.org\",\"@graph\":[{\"@type\":\"Article\",\"@id\":\"https:\/\/noticiasya.com\/2024\/09\/25\/espana-mexico-tension-diplomatica-orix\/#article\",\"isPartOf\":{\"@id\":\"https:\/\/noticiasya.com\/2024\/09\/25\/espana-mexico-tension-diplomatica-orix\/\"},\"author\":{\"name\":\"\",\"@id\":\"\"},\"headline\":\"Se eleva la tensi\u00f3n diplom\u00e1tica entre Espa\u00f1a y M\u00e9xico \u00bfCu\u00e1l es el origen del deterioro de las relaciones?\",\"datePublished\":\"2024-09-25T18:03:38+00:00\",\"mainEntityOfPage\":{\"@id\":\"https:\/\/noticiasya.com\/2024\/09\/25\/espana-mexico-tension-diplomatica-orix\/\"},\"wordCount\":633,\"commentCount\":0,\"publisher\":{\"@id\":\"https:\/\/noticiasya.com\/#organization\"},\"articleSection\":[\"Noticias Nacionales\"],\"inLanguage\":\"es\",\"potentialAction\":[{\"@type\":\"CommentAction\",\"name\":\"Comment\",\"target\":[\"https:\/\/noticiasya.com\/2024\/09\/25\/espana-mexico-tension-diplomatica-orix\/#respond\"]}]},{\"@type\":\"WebPage\",\"@id\":\"https:\/\/noticiasya.com\/2024\/09\/25\/espana-mexico-tension-diplomatica-orix\/\",\"url\":\"https:\/\/noticiasya.com\/2024\/09\/25\/espana-mexico-tension-diplomatica-orix\/\",\"name\":\"Se eleva la tensi\u00f3n diplom\u00e1tica entre Espa\u00f1a y M\u00e9xico \u00bfCu\u00e1l es el origen del deterioro de las relaciones? - Noticias\",\"isPartOf\":{\"@id\":\"https:\/\/noticiasya.com\/#website\"},\"datePublished\":\"2024-09-25T18:03:38+00:00\",\"breadcrumb\":{\"@id\":\"https:\/\/noticiasya.com\/2024\/09\/25\/espana-mexico-tension-diplomatica-orix\/#breadcrumb\"},\"inLanguage\":\"es\",\"potentialAction\":[{\"@type\":\"ReadAction\",\"target\":[\"https:\/\/noticiasya.com\/2024\/09\/25\/espana-mexico-tension-diplomatica-orix\/\"]}]},{\"@type\":\"BreadcrumbList\",\"@id\":\"https:\/\/noticiasya.com\/2024\/09\/25\/espana-mexico-tension-diplomatica-orix\/#breadcrumb\",\"itemListElement\":[{\"@type\":\"ListItem\",\"position\":1,\"name\":\"Home\",\"item\":\"https:\/\/noticiasya.com\/\"},{\"@type\":\"ListItem\",\"position\":2,\"name\":\"Se eleva la tensi\u00f3n diplom\u00e1tica entre Espa\u00f1a y M\u00e9xico \u00bfCu\u00e1l es el origen del deterioro de las relaciones?\"}]},{\"@type\":\"WebSite\",\"@id\":\"https:\/\/noticiasya.com\/#website\",\"url\":\"https:\/\/noticiasya.com\/\",\"name\":\"Noticias\",\"description\":\"Lo que importa\",\"publisher\":{\"@id\":\"https:\/\/noticiasya.com\/#organization\"},\"potentialAction\":[{\"@type\":\"SearchAction\",\"target\":{\"@type\":\"EntryPoint\",\"urlTemplate\":\"https:\/\/noticiasya.com\/?s={search_term_string}\"},\"query-input\":{\"@type\":\"PropertyValueSpecification\",\"valueRequired\":true,\"valueName\":\"search_term_string\"}}],\"inLanguage\":\"es\"},{\"@type\":\"Organization\",\"@id\":\"https:\/\/noticiasya.com\/#organization\",\"name\":\"Noticias\",\"url\":\"https:\/\/noticiasya.com\/\",\"logo\":{\"@type\":\"ImageObject\",\"inLanguage\":\"es\",\"@id\":\"https:\/\/noticiasya.com\/#\/schema\/logo\/image\/\",\"url\":\"https:\/\/noticiasya.com\/wp-content\/uploads\/sites\/22\/2023\/12\/logo-nacional.png\",\"contentUrl\":\"https:\/\/noticiasya.com\/wp-content\/uploads\/sites\/22\/2023\/12\/logo-nacional.png\",\"width\":1801,\"height\":691,\"caption\":\"Noticias\"},\"image\":{\"@id\":\"https:\/\/noticiasya.com\/#\/schema\/logo\/image\/\"}}]}<\/script>\n<!-- \/ Yoast SEO plugin. -->","yoast_head_json":{"title":"Se eleva la tensi\u00f3n diplom\u00e1tica entre Espa\u00f1a y M\u00e9xico \u00bfCu\u00e1l es el origen del deterioro de las relaciones? - Noticias","robots":{"index":"index","follow":"follow","max-snippet":"max-snippet:-1","max-image-preview":"max-image-preview:large","max-video-preview":"max-video-preview:-1"},"canonical":"https:\/\/noticiasya.com\/2024\/09\/25\/espana-mexico-tension-diplomatica-orix\/","og_locale":"es_ES","og_type":"article","og_title":"Se eleva la tensi\u00f3n diplom\u00e1tica entre Espa\u00f1a y M\u00e9xico \u00bfCu\u00e1l es el origen del deterioro de las relaciones? - Noticias","og_description":"(CNN Espa\u00f1ol) &#8212; Espa\u00f1a y M\u00e9xico escribieron esta semana un nuevo cap\u00edtulo sobre sus relaciones diplom\u00e1ticas, cada vez m\u00e1s tirantes, debido a los desencuentros causados por la toma de posesi\u00f3n de Claudia Sheinbaum como presidenta de M\u00e9xico el pr\u00f3ximo 1 de octubre. La Canciller\u00eda espa\u00f1ola inform\u00f3 a \u00faltima hora de este martes que no enviar\u00e1 [&hellip;]","og_url":"https:\/\/noticiasya.com\/2024\/09\/25\/espana-mexico-tension-diplomatica-orix\/","og_site_name":"Noticias","article_published_time":"2024-09-25T18:03:38+00:00","twitter_card":"summary_large_image","twitter_misc":{"Est. reading time":"3 minutos"},"schema":{"@context":"https:\/\/schema.org","@graph":[{"@type":"Article","@id":"https:\/\/noticiasya.com\/2024\/09\/25\/espana-mexico-tension-diplomatica-orix\/#article","isPartOf":{"@id":"https:\/\/noticiasya.com\/2024\/09\/25\/espana-mexico-tension-diplomatica-orix\/"},"author":{"name":"","@id":""},"headline":"Se eleva la tensi\u00f3n diplom\u00e1tica entre Espa\u00f1a y M\u00e9xico \u00bfCu\u00e1l es el origen del deterioro de las relaciones?","datePublished":"2024-09-25T18:03:38+00:00","mainEntityOfPage":{"@id":"https:\/\/noticiasya.com\/2024\/09\/25\/espana-mexico-tension-diplomatica-orix\/"},"wordCount":633,"commentCount":0,"publisher":{"@id":"https:\/\/noticiasya.com\/#organization"},"articleSection":["Noticias Nacionales"],"inLanguage":"es","potentialAction":[{"@type":"CommentAction","name":"Comment","target":["https:\/\/noticiasya.com\/2024\/09\/25\/espana-mexico-tension-diplomatica-orix\/#respond"]}]},{"@type":"WebPage","@id":"https:\/\/noticiasya.com\/2024\/09\/25\/espana-mexico-tension-diplomatica-orix\/","url":"https:\/\/noticiasya.com\/2024\/09\/25\/espana-mexico-tension-diplomatica-orix\/","name":"Se eleva la tensi\u00f3n diplom\u00e1tica entre Espa\u00f1a y M\u00e9xico \u00bfCu\u00e1l es el origen del deterioro de las relaciones? - Noticias","isPartOf":{"@id":"https:\/\/noticiasya.com\/#website"},"datePublished":"2024-09-25T18:03:38+00:00","breadcrumb":{"@id":"https:\/\/noticiasya.com\/2024\/09\/25\/espana-mexico-tension-diplomatica-orix\/#breadcrumb"},"inLanguage":"es","potentialAction":[{"@type":"ReadAction","target":["https:\/\/noticiasya.com\/2024\/09\/25\/espana-mexico-tension-diplomatica-orix\/"]}]},{"@type":"BreadcrumbList","@id":"https:\/\/noticiasya.com\/2024\/09\/25\/espana-mexico-tension-diplomatica-orix\/#breadcrumb","itemListElement":[{"@type":"ListItem","position":1,"name":"Home","item":"https:\/\/noticiasya.com\/"},{"@type":"ListItem","position":2,"name":"Se eleva la tensi\u00f3n diplom\u00e1tica entre Espa\u00f1a y M\u00e9xico \u00bfCu\u00e1l es el origen del deterioro de las relaciones?"}]},{"@type":"WebSite","@id":"https:\/\/noticiasya.com\/#website","url":"https:\/\/noticiasya.com\/","name":"Noticias","description":"Lo que importa","publisher":{"@id":"https:\/\/noticiasya.com\/#organization"},"potentialAction":[{"@type":"SearchAction","target":{"@type":"EntryPoint","urlTemplate":"https:\/\/noticiasya.com\/?s={search_term_string}"},"query-input":{"@type":"PropertyValueSpecification","valueRequired":true,"valueName":"search_term_string"}}],"inLanguage":"es"},{"@type":"Organization","@id":"https:\/\/noticiasya.com\/#organization","name":"Noticias","url":"https:\/\/noticiasya.com\/","logo":{"@type":"ImageObject","inLanguage":"es","@id":"https:\/\/noticiasya.com\/#\/schema\/logo\/image\/","url":"https:\/\/noticiasya.com\/wp-content\/uploads\/sites\/22\/2023\/12\/logo-nacional.png","contentUrl":"https:\/\/noticiasya.com\/wp-content\/uploads\/sites\/22\/2023\/12\/logo-nacional.png","width":1801,"height":691,"caption":"Noticias"},"image":{"@id":"https:\/\/noticiasya.com\/#\/schema\/logo\/image\/"}}]}},"parsely":{"version":"1.1.0","canonical_url":"https:\/\/noticiasya.com\/midland-odessa\/2024\/09\/25\/espana-mexico-tension-diplomatica-orix\/","smart_links":{"inbound":0,"outbound":0},"traffic_boost_suggestions_count":0,"meta":{"@context":"https:\/\/schema.org","@type":"NewsArticle","headline":"Se eleva la tensi\u00f3n diplom\u00e1tica entre Espa\u00f1a y M\u00e9xico \u00bfCu\u00e1l es el origen del deterioro de las relaciones?","url":"http:\/\/noticiasya.com\/midland-odessa\/2024\/09\/25\/espana-mexico-tension-diplomatica-orix\/","mainEntityOfPage":{"@type":"WebPage","@id":"http:\/\/noticiasya.com\/midland-odessa\/2024\/09\/25\/espana-mexico-tension-diplomatica-orix\/"},"thumbnailUrl":"","image":{"@type":"ImageObject","url":""},"articleSection":"Noticias Nacionales","author":[],"creator":[],"publisher":{"@type":"Organization","name":"Noticias","logo":""},"keywords":[],"dateCreated":"2024-09-25T18:03:38Z","datePublished":"2024-09-25T18:03:38Z","dateModified":"2024-09-25T18:03:38Z"},"rendered":"<script type=\"application\/ld+json\" class=\"wp-parsely-metadata\">{\"@context\":\"https:\\\/\\\/schema.org\",\"@type\":\"NewsArticle\",\"headline\":\"Se eleva la tensi\\u00f3n diplom\\u00e1tica entre Espa\\u00f1a y M\\u00e9xico \\u00bfCu\\u00e1l es el origen del deterioro de las relaciones?\",\"url\":\"http:\\\/\\\/noticiasya.com\\\/midland-odessa\\\/2024\\\/09\\\/25\\\/espana-mexico-tension-diplomatica-orix\\\/\",\"mainEntityOfPage\":{\"@type\":\"WebPage\",\"@id\":\"http:\\\/\\\/noticiasya.com\\\/midland-odessa\\\/2024\\\/09\\\/25\\\/espana-mexico-tension-diplomatica-orix\\\/\"},\"thumbnailUrl\":\"\",\"image\":{\"@type\":\"ImageObject\",\"url\":\"\"},\"articleSection\":\"Noticias Nacionales\",\"author\":[],\"creator\":[],\"publisher\":{\"@type\":\"Organization\",\"name\":\"Noticias\",\"logo\":\"\"},\"keywords\":[],\"dateCreated\":\"2024-09-25T18:03:38Z\",\"datePublished\":\"2024-09-25T18:03:38Z\",\"dateModified\":\"2024-09-25T18:03:38Z\"}<\/script>","tracker_url":"https:\/\/cdn.parsely.com\/keys\/noticiasya.com\/p.js"},"jetpack_featured_media_url":"","jetpack-related-posts":[{"id":1453048,"url":"https:\/\/noticiasya.com\/midland-odessa\/2024\/09\/25\/sheinbaum-confirma-que-no-invito-al-rey-felipe-vi-a-su-juramentacion-trax\/","url_meta":{"origin":1453053,"position":0},"title":"Sheinbaum confirma que no invit\u00f3 al rey Felipe VI a su juramentaci\u00f3n, el Gobierno de Espa\u00f1a no enviar\u00e1 a ning\u00fan representante","author":"","date":"septiembre 25, 2024","format":false,"excerpt":"(CNN Espa\u00f1ol) -- La presidenta electa de M\u00e9xico, Claudia Sheinbaum, confirm\u00f3 a trav\u00e9s de un comunicado publicado en sus redes sociales que envi\u00f3 una nota diplom\u00e1tica invitando a la ceremonia de posesi\u00f3n al presidente del gobierno espa\u00f1ol, Pedro S\u00e1nchez, y no al rey Felipe VI.Sheinbaum indic\u00f3 que la raz\u00f3n de\u2026","rel":"","context":"In &quot;Noticias Nacionales&quot;","block_context":{"text":"Noticias Nacionales","link":"https:\/\/noticiasya.com\/midland-odessa\/categoria\/noticias-nacionales"},"img":{"alt_text":"","src":"","width":0,"height":0},"classes":[]},{"id":1454945,"url":"https:\/\/noticiasya.com\/midland-odessa\/2024\/10\/04\/rey-espana-unidad-discrepancias-controversia-diplomatica-mexico-orix\/","url_meta":{"origin":1453053,"position":1},"title":"El rey de Espa\u00f1a apela a la \u201cunidad\u201d sobre las \u201cdiscrepancias\u201d en medio de la controversia diplom\u00e1tica con M\u00e9xico","author":"","date":"octubre 4, 2024","format":false,"excerpt":"(CNN Espa\u00f1ol) --\u00a0El rey Felipe VI apel\u00f3 este viernes a la \u201cunidad\u201d sobre las \u201cdiscrepancias\u201d en los pa\u00edses iberoamericanos, durante su participaci\u00f3n en la inauguraci\u00f3n del Encuentro de las Academias Iberoamericanas de la Historia en Trujillo, Espa\u00f1a. Las declaraciones del monarca se producen d\u00edas despu\u00e9s de que la nueva presidenta\u2026","rel":"","context":"In &quot;Noticias Nacionales&quot;","block_context":{"text":"Noticias Nacionales","link":"https:\/\/noticiasya.com\/midland-odessa\/categoria\/noticias-nacionales"},"img":{"alt_text":"","src":"","width":0,"height":0},"classes":[]},{"id":1472280,"url":"https:\/\/noticiasya.com\/midland-odessa\/2026\/03\/17\/sheinbaum-reconoce-rey-espana-abusos-conquista-gesto-acercamiento-orix\/","url_meta":{"origin":1453053,"position":2},"title":"Sheinbaum, sobre las palabras del rey de Espa\u00f1a acerca de abusos en la conquista: &#171;Es un gesto de acercamiento&#187;","author":"","date":"marzo 17, 2026","format":false,"excerpt":"La presidenta de M\u00e9xico, Claudia Sheinbaum, dijo este martes que reconoce las declaraciones del rey Felipe VI de Espa\u00f1a sobre los abusos que hubo en la conquista de Am\u00e9rica y las calific\u00f3 como \u201cun gesto de acercamiento\u201d.\u201cEs un acercamiento del rey que reconocemos (\u2026) Puede uno decir \u2018No fue todo\u2026","rel":"","context":"In &quot;Noticias Nacionales&quot;","block_context":{"text":"Noticias Nacionales","link":"https:\/\/noticiasya.com\/midland-odessa\/categoria\/noticias-nacionales"},"img":{"alt_text":"","src":"","width":0,"height":0},"classes":[]},{"id":1453218,"url":"https:\/\/noticiasya.com\/midland-odessa\/2024\/09\/30\/claudia-sheinbaum-toma-protesta-mexico-presidenta-como-ver-orix\/","url_meta":{"origin":1453053,"position":3},"title":"Toma de protesta de Claudia Sheinbaum como presidenta de M\u00e9xico: qu\u00e9 presidentes e invitados asisten, cu\u00e1ndo es y c\u00f3mo ver en vivo","author":"","date":"septiembre 30, 2024","format":false,"excerpt":"(CNN Espa\u00f1ol) -- Este martes 1 de octubre la presidenta electa de M\u00e9xico, Claudia Sheinbaum, tendr\u00e1 su toma de protesta. \u00bfC\u00f3mo ser\u00e1 y qui\u00e9nes estar\u00e1n presentes? Aqu\u00ed te contamos.Horario y c\u00f3mo ver la ceremoniaLa ceremonia de investidura de la primera presidenta mujer de M\u00e9xico se realizar\u00e1 este martes 1 de\u2026","rel":"","context":"In &quot;Noticias Nacionales&quot;","block_context":{"text":"Noticias Nacionales","link":"https:\/\/noticiasya.com\/midland-odessa\/categoria\/noticias-nacionales"},"img":{"alt_text":"","src":"","width":0,"height":0},"classes":[]},{"id":1455207,"url":"https:\/\/noticiasya.com\/midland-odessa\/2024\/10\/17\/aznar-critica-reforma-judicial-mexico-carta-disculpas-rey-espana-orix\/","url_meta":{"origin":1453053,"position":4},"title":"Aznar critica la reforma judicial en M\u00e9xico y reacciona sobre la carta de disculpas solicitada al rey de Espa\u00f1a","author":"","date":"octubre 17, 2024","format":false,"excerpt":"(CNN Espa\u00f1ol) --\u00a0Jos\u00e9 Mar\u00eda Aznar, expresidente del Gobierno espa\u00f1ol (1996-2004), dijo en una entrevista con CNN que la reforma judicial en M\u00e9xico mina el Estado de Derecho. \u201cJueces propuestos por el Gobierno, aprobados por un congreso que controla el Gobierno y votados por un censo a favor del Gobierno. Eso\u2026\u2026","rel":"","context":"In &quot;Noticias Nacionales&quot;","block_context":{"text":"Noticias Nacionales","link":"https:\/\/noticiasya.com\/midland-odessa\/categoria\/noticias-nacionales"},"img":{"alt_text":"","src":"","width":0,"height":0},"classes":[]},{"id":1473036,"url":"https:\/\/noticiasya.com\/midland-odessa\/2026\/04\/10\/sheinbaum-viaja-espania-cumbre-gobiernos-progresistas-orix\/","url_meta":{"origin":1453053,"position":5},"title":"Sheinbaum anuncia que viaja a Espa\u00f1a la pr\u00f3xima semana para una cumbre de gobiernos progresistas","author":"","date":"abril 10, 2026","format":false,"excerpt":"La presidenta de M\u00e9xico, Claudia Sheinbaum, anunci\u00f3 este viernes que viajar\u00e1 a Espa\u00f1a la semana pr\u00f3xima para una reuni\u00f3n con Pedro S\u00e1nchez de la que tambi\u00e9n participar\u00e1n el presidente de Brasil, Lula Da Silva; el de Colombia, Gustavo Petro y el presidente de Uruguay, Yamand\u00fa Orsi.\u201cVoy a ir a Barcelona\u2026","rel":"","context":"In &quot;Noticias Nacionales&quot;","block_context":{"text":"Noticias Nacionales","link":"https:\/\/noticiasya.com\/midland-odessa\/categoria\/noticias-nacionales"},"img":{"alt_text":"","src":"","width":0,"height":0},"classes":[]}],"jetpack_sharing_enabled":true,"_links":{"self":[{"href":"https:\/\/noticiasya.com\/midland-odessa\/wp-json\/wp\/v2\/posts\/1453053","targetHints":{"allow":["GET"]}}],"collection":[{"href":"https:\/\/noticiasya.com\/midland-odessa\/wp-json\/wp\/v2\/posts"}],"about":[{"href":"https:\/\/noticiasya.com\/midland-odessa\/wp-json\/wp\/v2\/types\/post"}],"replies":[{"embeddable":true,"href":"https:\/\/noticiasya.com\/midland-odessa\/wp-json\/wp\/v2\/comments?post=1453053"}],"version-history":[{"count":0,"href":"https:\/\/noticiasya.com\/midland-odessa\/wp-json\/wp\/v2\/posts\/1453053\/revisions"}],"wp:attachment":[{"href":"https:\/\/noticiasya.com\/midland-odessa\/wp-json\/wp\/v2\/media?parent=1453053"}],"wp:term":[{"taxonomy":"category","embeddable":true,"href":"https:\/\/noticiasya.com\/midland-odessa\/wp-json\/wp\/v2\/categories?post=1453053"},{"taxonomy":"post_tag","embeddable":true,"href":"https:\/\/noticiasya.com\/midland-odessa\/wp-json\/wp\/v2\/tags?post=1453053"}],"curies":[{"name":"wp","href":"https:\/\/api.w.org\/{rel}","templated":true}]}}