{"id":1453070,"date":"2024-09-25T17:03:50","date_gmt":"2024-09-26T00:03:50","guid":{"rendered":"https:\/\/noticiasya.com\/2024\/09\/25\/gustavo-petro-entrevista-cnn-venezuela-israel-onu-orix\/"},"modified":"2024-09-25T17:03:50","modified_gmt":"2024-09-26T00:03:50","slug":"gustavo-petro-entrevista-cnn-venezuela-israel-onu-orix","status":"publish","type":"post","link":"https:\/\/noticiasya.com\/midland-odessa\/2024\/09\/25\/gustavo-petro-entrevista-cnn-venezuela-israel-onu-orix\/","title":{"rendered":"Petro dice que el proceso electoral en Venezuela no se vivi\u00f3 en libertad"},"content":{"rendered":"<p>(CNN Espa\u00f1ol) &#8212;\u00a0El presidente de Colombia, Gustavo Petro, afirm\u00f3 en una entrevista con CNN que la sociedad venezolana \u201cde todos los bandos\u201d no tuvo libertad para participar en las elecciones presidenciales de julio.<\/p>\n<p>El comentario de Petro se refiere tanto a la decisi\u00f3n del Tribunal Supremo de Justicia de Venezuela de no permitir la participaci\u00f3n en el proceso de la ganadora de las elecciones primarias de la oposici\u00f3n, Mar\u00eda Corina Machado, pero tambi\u00e9n al Gobierno \u201cporque un pa\u00eds bajo sanciones econ\u00f3micas no es libre para votar\u201d.<\/p>\n<p>\u201cEl proceso previo a los comicios fue err\u00f3neo\u201d, precis\u00f3. \u201cTodo lo que se hab\u00eda hablado en M\u00e9xico, Colombia y Barbados para que pudieran ocurrir unas elecciones libres no ocurri\u00f3\u201d.<\/p>\n<p>Gustavo Petro afirma que Cuba y Venezuela son \u201cpa\u00edses rebeldes\u201d durante discurso ante la ONU<\/p>\n<p>El presidente de Colombia, quien est\u00e1 de visita en Nueva York con motivo de la 79\u00ba Asamblea Anual de la ONU, cree que la situaci\u00f3n de Venezuela mantiene \u201centrampados\u201d a todos los actores.<\/p>\n<p>\u201cTienes una oposici\u00f3n que se siente gobierno pero no est\u00e1 en el gobierno y a un gobierno que no dej\u00f3 ver las actas, no pueden legitimar las elecciones pero que est\u00e1 en el gobierno y dos posiciones absolutamente polarizadas y distanciadas&#187;, explic\u00f3.<\/p>\n<p>El mandatario reiter\u00f3 su postura de no reconocer la victoria de su hom\u00f3logo venezolano, Nicol\u00e1s Maduro, en los comicios del 28 de julio, a pesar del pronunciamiento del Consejo Nacional Electoral, que lo proclam\u00f3 como ganador pero que no ha mostrado los resultados por centro y mesa de votaci\u00f3n tras casi dos meses del proceso.<\/p>\n<p>Petro inform\u00f3 que est\u00e1 intentando construir una posici\u00f3n com\u00fan con los gobiernos de M\u00e9xico y Brasil aprovechando la asistencia de las delegaciones de esos pa\u00edses a la reuni\u00f3n de la ONU en Nueva York y a la toma de posesi\u00f3n de la presidenta electa Claudia Sheinbaum, el pr\u00f3ximo 1 de octubre. &#171;El prop\u00f3sito es que haya una soluci\u00f3n pol\u00edtica en Venezuela&#187;, afirm\u00f3.<\/p>\n<p>De mantenerse sin cambios el cuestionado veredicto electoral en Venezuela, Nicol\u00e1s Maduro asumir\u00eda un nuevo per\u00edodo como presidente el 10 de enero pr\u00f3ximo.<\/p>\n<p>Petro vuelve a criticar a Netanhayu<\/p>\n<p>Gustavo Petro, el presidente de Colombia, durante la Sesion de la Asamblea General de las Naciones Unidas el 24 de septiembre de 2024. (Cr\u00e9dito: TIMOTHY A. CLARY\/AFP via Getty Images)<\/p>\n<p>En la misma entrevista, el mandatario colombiano volvi\u00f3 a calificar la situaci\u00f3n de Gaza como un genocidio y calific\u00f3 al primer ministro de Israel, Benjamin Netanyahu, y a su gobierno como genocida y criminal.<\/p>\n<p>Petro quiso dejar en claro que Israel lleva a cabo en Gaza \u201cuna ocupaci\u00f3n militar\u201d y que sus cr\u00edticas a Netanyahu no tienen que ver con el Estado de Israel, la sociedad de ese pa\u00eds y el pueblo jud\u00edo.<\/p>\n<p>\u201cLo que est\u00e1 ocasion\u00e1dose en Gaza es un genocidio y ahora una ocupaci\u00f3n militar, sobre todo en la regi\u00f3n, que parece ser el deseo de Netanyahu. Y en esto tambi\u00e9n quiero ser claro. Yo critico a Netanyahu. Y hay que separar a Netanyahu y su gobierno, que en mi opini\u00f3n es genocida y criminal del Estado de Israel y de la sociedad israel\u00ed, incluido el pueblo jud\u00edo que es el juda\u00edsmo que es una religi\u00f3n que debe gozar de la libertad y el respeto como cualquier otro\u201d, dijo.<\/p>\n<p>Petro ha criticado sistem\u00e1ticamente en X la respuesta de Israel al brutal ataque de Hamas de octubre de 2023, que dej\u00f3 m\u00e1s de 1.000 muertos y 200 secuestrados, y tampoco perdi\u00f3 la ocasi\u00f3n de renovar esas cr\u00edticas en su intervenci\u00f3n ante la ONU. El 1 de mayo el presidente colombiano anunci\u00f3 la ruptura de relaciones con ese pa\u00eds, lo que ocasion\u00f3 que el canciller israel\u00ed, Benny Katz, lo llamara \u201cantisemita lleno de odio\u201d. M\u00e1s de 40.000 palestinos han muerto en 10 meses tras la incursi\u00f3n israel\u00ed en Gaza, seg\u00fan el Ministerio de Salud del enclave.<\/p>\n<p>The-CNN-Wire<br \/>&trade; &amp; &copy; 2024 Cable News Network, Inc., a Warner Bros. Discovery Company. All rights reserved.<\/p>\n","protected":false},"excerpt":{"rendered":"<p>(CNN Espa\u00f1ol) &#8212;\u00a0El presidente de Colombia, Gustavo Petro, afirm\u00f3 en una entrevista con CNN que la sociedad venezolana \u201cde todos los bandos\u201d no tuvo libertad para participar en las elecciones presidenciales de julio. El comentario de Petro se refiere tanto a la decisi\u00f3n del Tribunal Supremo de Justicia de Venezuela de no permitir la participaci\u00f3n [&hellip;]<\/p>\n","protected":false},"author":0,"featured_media":0,"comment_status":"open","ping_status":"open","sticky":false,"template":"","format":"standard","meta":{"_jetpack_memberships_contains_paid_content":false,"footnotes":""},"categories":[10],"tags":[],"class_list":["post-1453070","post","type-post","status-publish","format-standard","hentry","category-noticias-nacionales","market-global"],"yoast_head":"<!-- This site is optimized with the Yoast SEO plugin v24.4 - https:\/\/yoast.com\/wordpress\/plugins\/seo\/ -->\n<title>Petro dice que el proceso electoral en Venezuela no se vivi\u00f3 en libertad - Noticias<\/title>\n<meta name=\"robots\" content=\"index, follow, max-snippet:-1, max-image-preview:large, max-video-preview:-1\" \/>\n<link rel=\"canonical\" href=\"https:\/\/noticiasya.com\/2024\/09\/25\/gustavo-petro-entrevista-cnn-venezuela-israel-onu-orix\/\" \/>\n<meta property=\"og:locale\" content=\"es_ES\" \/>\n<meta property=\"og:type\" content=\"article\" \/>\n<meta property=\"og:title\" content=\"Petro dice que el proceso electoral en Venezuela no se vivi\u00f3 en libertad - Noticias\" \/>\n<meta property=\"og:description\" content=\"(CNN Espa\u00f1ol) &#8212;\u00a0El presidente de Colombia, Gustavo Petro, afirm\u00f3 en una entrevista con CNN que la sociedad venezolana \u201cde todos los bandos\u201d no tuvo libertad para participar en las elecciones presidenciales de julio. El comentario de Petro se refiere tanto a la decisi\u00f3n del Tribunal Supremo de Justicia de Venezuela de no permitir la participaci\u00f3n [&hellip;]\" \/>\n<meta property=\"og:url\" content=\"https:\/\/noticiasya.com\/2024\/09\/25\/gustavo-petro-entrevista-cnn-venezuela-israel-onu-orix\/\" \/>\n<meta property=\"og:site_name\" content=\"Noticias\" \/>\n<meta property=\"article:published_time\" content=\"2024-09-26T00:03:50+00:00\" \/>\n<meta name=\"twitter:card\" content=\"summary_large_image\" \/>\n<meta name=\"twitter:label1\" content=\"Est. reading time\" \/>\n\t<meta name=\"twitter:data1\" content=\"3 minutos\" \/>\n<script type=\"application\/ld+json\" class=\"yoast-schema-graph\">{\"@context\":\"https:\/\/schema.org\",\"@graph\":[{\"@type\":\"Article\",\"@id\":\"https:\/\/noticiasya.com\/2024\/09\/25\/gustavo-petro-entrevista-cnn-venezuela-israel-onu-orix\/#article\",\"isPartOf\":{\"@id\":\"https:\/\/noticiasya.com\/2024\/09\/25\/gustavo-petro-entrevista-cnn-venezuela-israel-onu-orix\/\"},\"author\":{\"name\":\"\",\"@id\":\"\"},\"headline\":\"Petro dice que el proceso electoral en Venezuela no se vivi\u00f3 en libertad\",\"datePublished\":\"2024-09-26T00:03:50+00:00\",\"mainEntityOfPage\":{\"@id\":\"https:\/\/noticiasya.com\/2024\/09\/25\/gustavo-petro-entrevista-cnn-venezuela-israel-onu-orix\/\"},\"wordCount\":710,\"commentCount\":0,\"publisher\":{\"@id\":\"https:\/\/noticiasya.com\/#organization\"},\"articleSection\":[\"Noticias Nacionales\"],\"inLanguage\":\"es\",\"potentialAction\":[{\"@type\":\"CommentAction\",\"name\":\"Comment\",\"target\":[\"https:\/\/noticiasya.com\/2024\/09\/25\/gustavo-petro-entrevista-cnn-venezuela-israel-onu-orix\/#respond\"]}]},{\"@type\":\"WebPage\",\"@id\":\"https:\/\/noticiasya.com\/2024\/09\/25\/gustavo-petro-entrevista-cnn-venezuela-israel-onu-orix\/\",\"url\":\"https:\/\/noticiasya.com\/2024\/09\/25\/gustavo-petro-entrevista-cnn-venezuela-israel-onu-orix\/\",\"name\":\"Petro dice que el proceso electoral en Venezuela no se vivi\u00f3 en libertad - Noticias\",\"isPartOf\":{\"@id\":\"https:\/\/noticiasya.com\/#website\"},\"datePublished\":\"2024-09-26T00:03:50+00:00\",\"breadcrumb\":{\"@id\":\"https:\/\/noticiasya.com\/2024\/09\/25\/gustavo-petro-entrevista-cnn-venezuela-israel-onu-orix\/#breadcrumb\"},\"inLanguage\":\"es\",\"potentialAction\":[{\"@type\":\"ReadAction\",\"target\":[\"https:\/\/noticiasya.com\/2024\/09\/25\/gustavo-petro-entrevista-cnn-venezuela-israel-onu-orix\/\"]}]},{\"@type\":\"BreadcrumbList\",\"@id\":\"https:\/\/noticiasya.com\/2024\/09\/25\/gustavo-petro-entrevista-cnn-venezuela-israel-onu-orix\/#breadcrumb\",\"itemListElement\":[{\"@type\":\"ListItem\",\"position\":1,\"name\":\"Home\",\"item\":\"https:\/\/noticiasya.com\/\"},{\"@type\":\"ListItem\",\"position\":2,\"name\":\"Petro dice que el proceso electoral en Venezuela no se vivi\u00f3 en libertad\"}]},{\"@type\":\"WebSite\",\"@id\":\"https:\/\/noticiasya.com\/#website\",\"url\":\"https:\/\/noticiasya.com\/\",\"name\":\"Noticias\",\"description\":\"Lo que importa\",\"publisher\":{\"@id\":\"https:\/\/noticiasya.com\/#organization\"},\"potentialAction\":[{\"@type\":\"SearchAction\",\"target\":{\"@type\":\"EntryPoint\",\"urlTemplate\":\"https:\/\/noticiasya.com\/?s={search_term_string}\"},\"query-input\":{\"@type\":\"PropertyValueSpecification\",\"valueRequired\":true,\"valueName\":\"search_term_string\"}}],\"inLanguage\":\"es\"},{\"@type\":\"Organization\",\"@id\":\"https:\/\/noticiasya.com\/#organization\",\"name\":\"Noticias\",\"url\":\"https:\/\/noticiasya.com\/\",\"logo\":{\"@type\":\"ImageObject\",\"inLanguage\":\"es\",\"@id\":\"https:\/\/noticiasya.com\/#\/schema\/logo\/image\/\",\"url\":\"https:\/\/noticiasya.com\/wp-content\/uploads\/sites\/22\/2023\/12\/logo-nacional.png\",\"contentUrl\":\"https:\/\/noticiasya.com\/wp-content\/uploads\/sites\/22\/2023\/12\/logo-nacional.png\",\"width\":1801,\"height\":691,\"caption\":\"Noticias\"},\"image\":{\"@id\":\"https:\/\/noticiasya.com\/#\/schema\/logo\/image\/\"}}]}<\/script>\n<!-- \/ Yoast SEO plugin. -->","yoast_head_json":{"title":"Petro dice que el proceso electoral en Venezuela no se vivi\u00f3 en libertad - Noticias","robots":{"index":"index","follow":"follow","max-snippet":"max-snippet:-1","max-image-preview":"max-image-preview:large","max-video-preview":"max-video-preview:-1"},"canonical":"https:\/\/noticiasya.com\/2024\/09\/25\/gustavo-petro-entrevista-cnn-venezuela-israel-onu-orix\/","og_locale":"es_ES","og_type":"article","og_title":"Petro dice que el proceso electoral en Venezuela no se vivi\u00f3 en libertad - Noticias","og_description":"(CNN Espa\u00f1ol) &#8212;\u00a0El presidente de Colombia, Gustavo Petro, afirm\u00f3 en una entrevista con CNN que la sociedad venezolana \u201cde todos los bandos\u201d no tuvo libertad para participar en las elecciones presidenciales de julio. El comentario de Petro se refiere tanto a la decisi\u00f3n del Tribunal Supremo de Justicia de Venezuela de no permitir la participaci\u00f3n [&hellip;]","og_url":"https:\/\/noticiasya.com\/2024\/09\/25\/gustavo-petro-entrevista-cnn-venezuela-israel-onu-orix\/","og_site_name":"Noticias","article_published_time":"2024-09-26T00:03:50+00:00","twitter_card":"summary_large_image","twitter_misc":{"Est. reading time":"3 minutos"},"schema":{"@context":"https:\/\/schema.org","@graph":[{"@type":"Article","@id":"https:\/\/noticiasya.com\/2024\/09\/25\/gustavo-petro-entrevista-cnn-venezuela-israel-onu-orix\/#article","isPartOf":{"@id":"https:\/\/noticiasya.com\/2024\/09\/25\/gustavo-petro-entrevista-cnn-venezuela-israel-onu-orix\/"},"author":{"name":"","@id":""},"headline":"Petro dice que el proceso electoral en Venezuela no se vivi\u00f3 en libertad","datePublished":"2024-09-26T00:03:50+00:00","mainEntityOfPage":{"@id":"https:\/\/noticiasya.com\/2024\/09\/25\/gustavo-petro-entrevista-cnn-venezuela-israel-onu-orix\/"},"wordCount":710,"commentCount":0,"publisher":{"@id":"https:\/\/noticiasya.com\/#organization"},"articleSection":["Noticias Nacionales"],"inLanguage":"es","potentialAction":[{"@type":"CommentAction","name":"Comment","target":["https:\/\/noticiasya.com\/2024\/09\/25\/gustavo-petro-entrevista-cnn-venezuela-israel-onu-orix\/#respond"]}]},{"@type":"WebPage","@id":"https:\/\/noticiasya.com\/2024\/09\/25\/gustavo-petro-entrevista-cnn-venezuela-israel-onu-orix\/","url":"https:\/\/noticiasya.com\/2024\/09\/25\/gustavo-petro-entrevista-cnn-venezuela-israel-onu-orix\/","name":"Petro dice que el proceso electoral en Venezuela no se vivi\u00f3 en libertad - Noticias","isPartOf":{"@id":"https:\/\/noticiasya.com\/#website"},"datePublished":"2024-09-26T00:03:50+00:00","breadcrumb":{"@id":"https:\/\/noticiasya.com\/2024\/09\/25\/gustavo-petro-entrevista-cnn-venezuela-israel-onu-orix\/#breadcrumb"},"inLanguage":"es","potentialAction":[{"@type":"ReadAction","target":["https:\/\/noticiasya.com\/2024\/09\/25\/gustavo-petro-entrevista-cnn-venezuela-israel-onu-orix\/"]}]},{"@type":"BreadcrumbList","@id":"https:\/\/noticiasya.com\/2024\/09\/25\/gustavo-petro-entrevista-cnn-venezuela-israel-onu-orix\/#breadcrumb","itemListElement":[{"@type":"ListItem","position":1,"name":"Home","item":"https:\/\/noticiasya.com\/"},{"@type":"ListItem","position":2,"name":"Petro dice que el proceso electoral en Venezuela no se vivi\u00f3 en libertad"}]},{"@type":"WebSite","@id":"https:\/\/noticiasya.com\/#website","url":"https:\/\/noticiasya.com\/","name":"Noticias","description":"Lo que importa","publisher":{"@id":"https:\/\/noticiasya.com\/#organization"},"potentialAction":[{"@type":"SearchAction","target":{"@type":"EntryPoint","urlTemplate":"https:\/\/noticiasya.com\/?s={search_term_string}"},"query-input":{"@type":"PropertyValueSpecification","valueRequired":true,"valueName":"search_term_string"}}],"inLanguage":"es"},{"@type":"Organization","@id":"https:\/\/noticiasya.com\/#organization","name":"Noticias","url":"https:\/\/noticiasya.com\/","logo":{"@type":"ImageObject","inLanguage":"es","@id":"https:\/\/noticiasya.com\/#\/schema\/logo\/image\/","url":"https:\/\/noticiasya.com\/wp-content\/uploads\/sites\/22\/2023\/12\/logo-nacional.png","contentUrl":"https:\/\/noticiasya.com\/wp-content\/uploads\/sites\/22\/2023\/12\/logo-nacional.png","width":1801,"height":691,"caption":"Noticias"},"image":{"@id":"https:\/\/noticiasya.com\/#\/schema\/logo\/image\/"}}]}},"parsely":{"version":"1.1.0","canonical_url":"https:\/\/noticiasya.com\/midland-odessa\/2024\/09\/25\/gustavo-petro-entrevista-cnn-venezuela-israel-onu-orix\/","smart_links":{"inbound":0,"outbound":0},"traffic_boost_suggestions_count":0,"meta":{"@context":"https:\/\/schema.org","@type":"NewsArticle","headline":"Petro dice que el proceso electoral en Venezuela no se vivi\u00f3 en libertad","url":"http:\/\/noticiasya.com\/midland-odessa\/2024\/09\/25\/gustavo-petro-entrevista-cnn-venezuela-israel-onu-orix\/","mainEntityOfPage":{"@type":"WebPage","@id":"http:\/\/noticiasya.com\/midland-odessa\/2024\/09\/25\/gustavo-petro-entrevista-cnn-venezuela-israel-onu-orix\/"},"thumbnailUrl":"","image":{"@type":"ImageObject","url":""},"articleSection":"Noticias Nacionales","author":[],"creator":[],"publisher":{"@type":"Organization","name":"Noticias","logo":""},"keywords":[],"dateCreated":"2024-09-26T00:03:50Z","datePublished":"2024-09-26T00:03:50Z","dateModified":"2024-09-26T00:03:50Z"},"rendered":"<script type=\"application\/ld+json\" class=\"wp-parsely-metadata\">{\"@context\":\"https:\\\/\\\/schema.org\",\"@type\":\"NewsArticle\",\"headline\":\"Petro dice que el proceso electoral en Venezuela no se vivi\\u00f3 en libertad\",\"url\":\"http:\\\/\\\/noticiasya.com\\\/midland-odessa\\\/2024\\\/09\\\/25\\\/gustavo-petro-entrevista-cnn-venezuela-israel-onu-orix\\\/\",\"mainEntityOfPage\":{\"@type\":\"WebPage\",\"@id\":\"http:\\\/\\\/noticiasya.com\\\/midland-odessa\\\/2024\\\/09\\\/25\\\/gustavo-petro-entrevista-cnn-venezuela-israel-onu-orix\\\/\"},\"thumbnailUrl\":\"\",\"image\":{\"@type\":\"ImageObject\",\"url\":\"\"},\"articleSection\":\"Noticias Nacionales\",\"author\":[],\"creator\":[],\"publisher\":{\"@type\":\"Organization\",\"name\":\"Noticias\",\"logo\":\"\"},\"keywords\":[],\"dateCreated\":\"2024-09-26T00:03:50Z\",\"datePublished\":\"2024-09-26T00:03:50Z\",\"dateModified\":\"2024-09-26T00:03:50Z\"}<\/script>","tracker_url":"https:\/\/cdn.parsely.com\/keys\/noticiasya.com\/p.js"},"jetpack_featured_media_url":"","jetpack-related-posts":[{"id":1447833,"url":"https:\/\/noticiasya.com\/midland-odessa\/2024\/04\/07\/cancilleres-colombia-venezuela-reunen-orix\/","url_meta":{"origin":1453070,"position":0},"title":"Los cancilleres de Colombia y Venezuela se reunir\u00e1n este lunes tras impasse bilateral por comentarios sobre elecciones","author":"","date":"abril 7, 2024","format":false,"excerpt":"(CNN Espa\u00f1ol) -- El canciller de Colombia, Luis Gilberto Murillo, y el de Venezuela, Yv\u00e1n Gil, se reunir\u00e1n este lunes en C\u00facuta, Colombia, para el primer encuentro del mecanismo de seguimiento de la Comisi\u00f3n de Vecindad e Integraci\u00f3n bilateral, luego de los desencuentros en relaci\u00f3n con las elecciones presidenciales en\u2026","rel":"","context":"In &quot;Noticias Nacionales&quot;","block_context":{"text":"Noticias Nacionales","link":"https:\/\/noticiasya.com\/midland-odessa\/categoria\/noticias-nacionales"},"img":{"alt_text":"","src":"","width":0,"height":0},"classes":[]},{"id":1447938,"url":"https:\/\/noticiasya.com\/midland-odessa\/2024\/04\/10\/petro-oposicion-venezolana-orix\/","url_meta":{"origin":1453070,"position":1},"title":"Petro dice que se reuni\u00f3 con la oposici\u00f3n venezolana, pero all\u00ed se preguntan con qui\u00e9n","author":"","date":"abril 10, 2024","format":false,"excerpt":"(CNN Espa\u00f1ol) -- Cerca del mediod\u00eda de este mi\u00e9rcoles, el presidente de Colombia, Gustavo Petro, inform\u00f3 en sus redes sociales que as\u00ed como el martes se reuni\u00f3 con su hom\u00f3logo de Venezuela, Nicol\u00e1s Maduro, este mi\u00e9rcoles lo hizo con sectores de la oposici\u00f3n venezolana, seg\u00fan dijo, \u201cen la perspectiva de\u2026","rel":"","context":"In &quot;Noticias Nacionales&quot;","block_context":{"text":"Noticias Nacionales","link":"https:\/\/noticiasya.com\/midland-odessa\/categoria\/noticias-nacionales"},"img":{"alt_text":"","src":"","width":0,"height":0},"classes":[]},{"id":1457352,"url":"https:\/\/noticiasya.com\/midland-odessa\/2025\/01\/08\/petro-no-asistira-maduro-orix\/","url_meta":{"origin":1453070,"position":2},"title":"Gustavo Petro dice que no asistir\u00e1 a la toma de posesi\u00f3n de Maduro","author":"","date":"enero 8, 2025","format":false,"excerpt":"El presidente de Colombia, Gustavo Petro, dijo este mi\u00e9rcoles en su cuenta de X que no viajar\u00e1 a Caracas este 10 de enero para la toma de posesi\u00f3n presidencial de Nicol\u00e1s Maduro.\u201cIgual que nuestro amigo Enrique M\u00e1rquez, destacado progresista venezolano, ha sido detenido Carlos Correa, destacado defensor de derechos humanos\u2026","rel":"","context":"In &quot;Noticias Nacionales&quot;","block_context":{"text":"Noticias Nacionales","link":"https:\/\/noticiasya.com\/midland-odessa\/categoria\/noticias-nacionales"},"img":{"alt_text":"","src":"","width":0,"height":0},"classes":[]},{"id":1447891,"url":"https:\/\/noticiasya.com\/midland-odessa\/2024\/04\/09\/nicolas-maduro-recibe-a-gustavo-petro-en-caracas-orix\/","url_meta":{"origin":1453070,"position":3},"title":"Nicol\u00e1s Maduro recibir\u00e1 a Gustavo Petro en Caracas","author":"","date":"abril 9, 2024","format":false,"excerpt":"(CNN Espa\u00f1ol) -- El presidente de Venezuela, Nicol\u00e1s Maduro, recibe este martes en Caracas a su par colombiano, Gustavo Petro, un d\u00eda despu\u00e9s de que los cancilleres de ambos pa\u00edses (el venezolano Yv\u00e1n Gil y el colombiano Luis Gilberto Murillo) se reunieran en C\u00facuta, Colombia, para el primer encuentro del\u2026","rel":"","context":"In &quot;Noticias Nacionales&quot;","block_context":{"text":"Noticias Nacionales","link":"https:\/\/noticiasya.com\/midland-odessa\/categoria\/noticias-nacionales"},"img":{"alt_text":"","src":"","width":0,"height":0},"classes":[]},{"id":1452054,"url":"https:\/\/noticiasya.com\/midland-odessa\/2024\/08\/21\/petro-dialoga-expresidentes-colombia-venezuela-orix\/","url_meta":{"origin":1453070,"position":4},"title":"El Gobierno de Petro dialoga con expresidentes de Colombia sobre el conflicto poselectoral en Venezuela","author":"","date":"agosto 21, 2024","format":false,"excerpt":"(CNN Espa\u00f1ol) \u2013\u2013 El Gobierno de Gustavo Petro dialog\u00f3 este mi\u00e9rcoles con expresidentes de Colombia sobre el conflicto poselectoral en Venezuela y sobre las v\u00edas en las que el pa\u00eds podr\u00eda ayudar a buscar una soluci\u00f3n, seg\u00fan dijo a periodistas el canciller Luis Gilberto Murillo.Las conversaciones se produjeron este d\u00eda\u2026","rel":"","context":"In &quot;Noticias Nacionales&quot;","block_context":{"text":"Noticias Nacionales","link":"https:\/\/noticiasya.com\/midland-odessa\/categoria\/noticias-nacionales"},"img":{"alt_text":"","src":"","width":0,"height":0},"classes":[]},{"id":1469810,"url":"https:\/\/noticiasya.com\/midland-odessa\/2026\/01\/05\/trump-petro-amenazas-venezuela-orix\/","url_meta":{"origin":1453070,"position":5},"title":"El impacto pol\u00edtico en Colombia de las amenazas de Trump y las declaraciones de Petro tras el ataque en Venezuela","author":"","date":"enero 5, 2026","format":false,"excerpt":"En la madrugada del 3 de enero, tras la incursi\u00f3n de tropas estadounidenses en Caracas, el presidente de Colombia, Gustavo Petro, fue de los primeros en reportar la situaci\u00f3n que estaba ocurriendo en el vecino pa\u00eds. \u201cEn este momento bombardean Caracas. Alerta a todo el mundo han atacado a Venezuela\u2026","rel":"","context":"In &quot;Noticias Nacionales&quot;","block_context":{"text":"Noticias Nacionales","link":"https:\/\/noticiasya.com\/midland-odessa\/categoria\/noticias-nacionales"},"img":{"alt_text":"","src":"","width":0,"height":0},"classes":[]}],"jetpack_sharing_enabled":true,"_links":{"self":[{"href":"https:\/\/noticiasya.com\/midland-odessa\/wp-json\/wp\/v2\/posts\/1453070","targetHints":{"allow":["GET"]}}],"collection":[{"href":"https:\/\/noticiasya.com\/midland-odessa\/wp-json\/wp\/v2\/posts"}],"about":[{"href":"https:\/\/noticiasya.com\/midland-odessa\/wp-json\/wp\/v2\/types\/post"}],"replies":[{"embeddable":true,"href":"https:\/\/noticiasya.com\/midland-odessa\/wp-json\/wp\/v2\/comments?post=1453070"}],"version-history":[{"count":0,"href":"https:\/\/noticiasya.com\/midland-odessa\/wp-json\/wp\/v2\/posts\/1453070\/revisions"}],"wp:attachment":[{"href":"https:\/\/noticiasya.com\/midland-odessa\/wp-json\/wp\/v2\/media?parent=1453070"}],"wp:term":[{"taxonomy":"category","embeddable":true,"href":"https:\/\/noticiasya.com\/midland-odessa\/wp-json\/wp\/v2\/categories?post=1453070"},{"taxonomy":"post_tag","embeddable":true,"href":"https:\/\/noticiasya.com\/midland-odessa\/wp-json\/wp\/v2\/tags?post=1453070"}],"curies":[{"name":"wp","href":"https:\/\/api.w.org\/{rel}","templated":true}]}}