{"id":1453080,"date":"2024-09-25T21:03:42","date_gmt":"2024-09-26T04:03:42","guid":{"rendered":"https:\/\/noticiasya.com\/2024\/09\/25\/acusan-al-alcalde-de-nueva-york-eric-adams-trax\/"},"modified":"2024-09-25T21:03:42","modified_gmt":"2024-09-26T04:03:42","slug":"acusan-al-alcalde-de-nueva-york-eric-adams-trax","status":"publish","type":"post","link":"https:\/\/noticiasya.com\/midland-odessa\/2024\/09\/25\/acusan-al-alcalde-de-nueva-york-eric-adams-trax\/","title":{"rendered":"Imputan al alcalde de Nueva York, Eric Adams, seg\u00fan fuentes"},"content":{"rendered":"<p>(CNN) &#8212; El alcalde de Nueva York, Eric Adams, fue acusado de al menos un delito federal, seg\u00fan informan a CNN varias fuentes familiarizadas con el asunto.<\/p>\n<p>El New York Times fue el primero en informar de la acusaci\u00f3n.<\/p>\n<p>La acusaci\u00f3n es consecuencia de una investigaci\u00f3n federal de un mes de duraci\u00f3n sobre violaciones de recaudaci\u00f3n de fondos de campa\u00f1a e influencia extranjera. Los cargos a los que se enfrenta no se hicieron p\u00fablicos por el momento.<\/p>\n<p>Adams neg\u00f3 previamente cualquier infracci\u00f3n y repiti\u00f3 con frecuencia que dijo a los miembros de su campa\u00f1a y de su administraci\u00f3n que cumplieran la ley.<\/p>\n<p>&#171;Siempre supe que si defend\u00eda los intereses de los neoyorquinos ser\u00eda un objetivo, y en eso me convert\u00ed. Si se me acusa, soy inocente y luchar\u00e9 contra esto con toda mi fuerza y esp\u00edritu&#187;, dijo Adams en respuesta a la noticia este mi\u00e9rcoles por la noche.<\/p>\n<p>Se espera que el alcalde disponga de varios d\u00edas para entregarse, seg\u00fan fuentes conocedoras del caso.<\/p>\n<p>Adams se encontraba en Gracie Mansion, la residencia oficial del alcalde, cuando se conoci\u00f3 la acusaci\u00f3n. Seg\u00fan una fuente conocedora de la situaci\u00f3n, Adams no se inmut\u00f3 y mantiene una actitud firme.<\/p>\n<p>CNN pidi\u00f3 comentarios a los abogados del alcalde y del Ayuntamiento. La fiscal\u00eda del distrito sur de Nueva York declin\u00f3 hacer comentarios.<\/p>\n<p>La acusaci\u00f3n es una dram\u00e1tica ca\u00edda en desgracia para el alcalde de la ciudad m\u00e1s grande de Estados Unidos y una sorprendente acusaci\u00f3n contra una de las oficinas de m\u00e1s alto perfil del pa\u00eds.<\/p>\n<p>Adams, antiguo capit\u00e1n de la polic\u00eda de Nueva York, tom\u00f3 posesi\u00f3n de su cargo en enero de 2022 y se present\u00f3 como la nueva cara del Partido Dem\u00f3crata, prometiendo un enfoque de mano dura contra la delincuencia y un compromiso para revitalizar la ciudad tras la pandemia del COVID-19. Sin embargo, tuvo dificultades para resolver el problema de la delincuencia organizada y los principales problemas de la ciudad, como la crisis de los inmigrantes y la preocupaci\u00f3n por la seguridad del metro. Se enfrent\u00f3 a cr\u00edticas por sus fiestas nocturnas y sus conflictos sobre el gasto municipal, especialmente en educaci\u00f3n.<\/p>\n<p>Ahora, casi tres a\u00f1os despu\u00e9s de su primer mandato, Adams se enfrenta al menos a una acusaci\u00f3n federal que pone en peligro su capacidad para permanecer en el cargo y amenaza el futuro de su carrera pol\u00edtica.<\/p>\n<p>Cuando se le pregunt\u00f3 este martes si estaba considerando dimitir, Adams dijo: &#171;Estoy dimitiendo, no renunciando&#187;.<\/p>\n<p>Los problemas legales del alcalde se agravaron en septiembre, cuando los principales miembros de su personal en el Ayuntamiento, incluidos dos tenientes de alcalde, un asesor principal y el rector de las escuelas, recibieron \u00f3rdenes de registro y sus tel\u00e9fonos fueron incautados por los investigadores federales.<\/p>\n<p>Edward Caban, excomisario del Departamento de Polic\u00eda de Nueva York, tambi\u00e9n vio requisado su tel\u00e9fono en el marco de otra investigaci\u00f3n federal y se vio obligado a dimitir. D\u00edas despu\u00e9s, Lisa Zornberg, la principal abogada del Ayuntamiento y una de las m\u00e1s firmes defensoras de Adams, dimiti\u00f3 abruptamente. En una breve carta de dimisi\u00f3n de dos frases, Zornberg declaraba que hab\u00eda llegado a la conclusi\u00f3n de que &#171;ya no pod\u00eda desempe\u00f1ar eficazmente&#187; su cargo. Una semana m\u00e1s tarde, el Rector de Escuelas David Banks anunci\u00f3 que se retirar\u00eda a finales de a\u00f1o, dejando su cargo al frente del mayor sistema de escuelas p\u00fablicas del pa\u00eds pocos d\u00edas despu\u00e9s de que su casa fuera registrada por investigadores federales que se incautaron de sus tel\u00e9fonos m\u00f3viles durante la ejecuci\u00f3n de una orden de registro federal.<\/p>\n<p>La primera se\u00f1al de problemas para Adams se produjo hace casi un a\u00f1o, cuando los investigadores federales se centraron en su jefa de recaudaci\u00f3n de fondos para la campa\u00f1a, Brianna Suggs, y ejecutaron una orden de registro en su casa, seg\u00fan dijeron previamente a CNN varios funcionarios encargados de hacer cumplir la ley. Suggs no fue acusada de ning\u00fan delito.<\/p>\n<p>Los investigadores de la brigada de corrupci\u00f3n p\u00fablica del FBI incautaron tel\u00e9fonos, ordenadores, tabletas y archivos de Suggs, seg\u00fan las fuentes. Los agentes tambi\u00e9n ejecutaron numerosas \u00f3rdenes de registro en otros domicilios y empresas en toda la zona de Nueva York en relaci\u00f3n con la investigaci\u00f3n, dijeron las autoridades.<\/p>\n<p>Una de las empresas registradas en noviembre de 2023 fue KSK Construction Group en Brooklyn, dijeron las fuerzas del orden. La empresa de construcci\u00f3n y desarrollo ha construido apartamentos y condominios en toda la ciudad.<\/p>\n<p>Una revisi\u00f3n de CNN de los registros de finanzas de campa\u00f1a identific\u00f3 al menos a 11 empleados de KSK Construction Group que donaron un total de US$ 13950, con contribuciones individuales que oscilan entre $ 1200 y $ 1500, todas el mismo d\u00eda, a la campa\u00f1a de Adams para la alcald\u00eda de 2021. CNN se puso en contacto con los donantes para que hagan comentarios.<\/p>\n<p>CNN tambi\u00e9n se puso en contacto con Erden Arkan, que aparece como propietario de KSK Construction Group, y tambi\u00e9n como donante de la campa\u00f1a de Adams. Los registros financieros de la campa\u00f1a de Nueva York muestran que Arkan don\u00f3 US$ 1.500.<\/p>\n<p>Como parte de su investigaci\u00f3n, los agentes del FBI incautaron los tel\u00e9fonos m\u00f3viles de Adams d\u00edas despu\u00e9s de la redada en la casa de Suggs.<\/p>\n<p>Despu\u00e9s de que Adams diera un discurso en Manhattan, los agentes del FBI &#171;se le acercaron&#187;, pidieron a su equipo de seguridad de la Polic\u00eda de Nueva York que se apartara y se subieron al todoterreno de Adams, seg\u00fan informaron fuentes de CNN. Fue all\u00ed donde los agentes le presentaron una orden para confiscar sus dispositivos electr\u00f3nicos, dijeron las fuentes.<\/p>\n<p>La incautaci\u00f3n marc\u00f3 una dram\u00e1tica escalada de la investigaci\u00f3n federal sobre si se canaliz\u00f3 dinero extranjero a su campa\u00f1a, llevando la investigaci\u00f3n directamente al alcalde dem\u00f3crata.<\/p>\n<p>Adams mantuvo su inocencia en todo momento e insisti\u00f3 en que \u00e9l y su equipo cumplieron la ley, a pesar de la creciente investigaci\u00f3n.<\/p>\n<p>El alcalde alab\u00f3 sus v\u00ednculos con la comunidad turcoamericana de la ciudad y afirm\u00f3 que ha visitado el pa\u00eds al menos seis o siete veces.<\/p>\n<p>Adams viaj\u00f3 a Turqu\u00eda al menos dos veces como presidente del distrito de Brooklyn. El consulado turco pag\u00f3 un viaje en agosto de 2015 durante el cual firm\u00f3 un acuerdo de ciudad hermana con el distrito de \u00dcsk\u00fcdar de Estambul.<\/p>\n<p>Adams no est\u00e1 obligado a dimitir a la luz de las acusaciones, aunque la presi\u00f3n pol\u00edtica puede llegar a ser insostenible. Si dimitiera, el puesto de alcalde m\u00e1s prominente de Estados Unidos pasar\u00eda al defensor p\u00fablico de la ciudad, Jumaane Williams, hasta que se celebraran elecciones especiales.<\/p>\n<p>Esta es una noticia en desarrollo y ser\u00e1 actualizada.<\/p>\n<p>The-CNN-Wire<br \/>&trade; &amp; &copy; 2024 Cable News Network, Inc., a Warner Bros. Discovery Company. All rights reserved.<\/p>\n","protected":false},"excerpt":{"rendered":"<p>(CNN) &#8212; El alcalde de Nueva York, Eric Adams, fue acusado de al menos un delito federal, seg\u00fan informan a CNN varias fuentes familiarizadas con el asunto. El New York Times fue el primero en informar de la acusaci\u00f3n. La acusaci\u00f3n es consecuencia de una investigaci\u00f3n federal de un mes de duraci\u00f3n sobre violaciones de [&hellip;]<\/p>\n","protected":false},"author":0,"featured_media":0,"comment_status":"open","ping_status":"open","sticky":false,"template":"","format":"standard","meta":{"_jetpack_memberships_contains_paid_content":false,"footnotes":""},"categories":[10],"tags":[],"class_list":["post-1453080","post","type-post","status-publish","format-standard","hentry","category-noticias-nacionales","market-global"],"yoast_head":"<!-- This site is optimized with the Yoast SEO plugin v24.4 - https:\/\/yoast.com\/wordpress\/plugins\/seo\/ -->\n<title>Imputan al alcalde de Nueva York, Eric Adams, seg\u00fan fuentes - Noticias<\/title>\n<meta name=\"robots\" content=\"index, follow, max-snippet:-1, max-image-preview:large, max-video-preview:-1\" \/>\n<link rel=\"canonical\" href=\"https:\/\/noticiasya.com\/2024\/09\/25\/acusan-al-alcalde-de-nueva-york-eric-adams-trax\/\" \/>\n<meta property=\"og:locale\" content=\"es_ES\" \/>\n<meta property=\"og:type\" content=\"article\" \/>\n<meta property=\"og:title\" content=\"Imputan al alcalde de Nueva York, Eric Adams, seg\u00fan fuentes - Noticias\" \/>\n<meta property=\"og:description\" content=\"(CNN) &#8212; El alcalde de Nueva York, Eric Adams, fue acusado de al menos un delito federal, seg\u00fan informan a CNN varias fuentes familiarizadas con el asunto. El New York Times fue el primero en informar de la acusaci\u00f3n. La acusaci\u00f3n es consecuencia de una investigaci\u00f3n federal de un mes de duraci\u00f3n sobre violaciones de [&hellip;]\" \/>\n<meta property=\"og:url\" content=\"https:\/\/noticiasya.com\/2024\/09\/25\/acusan-al-alcalde-de-nueva-york-eric-adams-trax\/\" \/>\n<meta property=\"og:site_name\" content=\"Noticias\" \/>\n<meta property=\"article:published_time\" content=\"2024-09-26T04:03:42+00:00\" \/>\n<meta name=\"twitter:card\" content=\"summary_large_image\" \/>\n<meta name=\"twitter:label1\" content=\"Est. reading time\" \/>\n\t<meta name=\"twitter:data1\" content=\"6 minutos\" \/>\n<script type=\"application\/ld+json\" class=\"yoast-schema-graph\">{\"@context\":\"https:\/\/schema.org\",\"@graph\":[{\"@type\":\"Article\",\"@id\":\"https:\/\/noticiasya.com\/2024\/09\/25\/acusan-al-alcalde-de-nueva-york-eric-adams-trax\/#article\",\"isPartOf\":{\"@id\":\"https:\/\/noticiasya.com\/2024\/09\/25\/acusan-al-alcalde-de-nueva-york-eric-adams-trax\/\"},\"author\":{\"name\":\"\",\"@id\":\"\"},\"headline\":\"Imputan al alcalde de Nueva York, Eric Adams, seg\u00fan fuentes\",\"datePublished\":\"2024-09-26T04:03:42+00:00\",\"mainEntityOfPage\":{\"@id\":\"https:\/\/noticiasya.com\/2024\/09\/25\/acusan-al-alcalde-de-nueva-york-eric-adams-trax\/\"},\"wordCount\":1216,\"commentCount\":0,\"publisher\":{\"@id\":\"https:\/\/noticiasya.com\/#organization\"},\"articleSection\":[\"Noticias Nacionales\"],\"inLanguage\":\"es\",\"potentialAction\":[{\"@type\":\"CommentAction\",\"name\":\"Comment\",\"target\":[\"https:\/\/noticiasya.com\/2024\/09\/25\/acusan-al-alcalde-de-nueva-york-eric-adams-trax\/#respond\"]}]},{\"@type\":\"WebPage\",\"@id\":\"https:\/\/noticiasya.com\/2024\/09\/25\/acusan-al-alcalde-de-nueva-york-eric-adams-trax\/\",\"url\":\"https:\/\/noticiasya.com\/2024\/09\/25\/acusan-al-alcalde-de-nueva-york-eric-adams-trax\/\",\"name\":\"Imputan al alcalde de Nueva York, Eric Adams, seg\u00fan fuentes - Noticias\",\"isPartOf\":{\"@id\":\"https:\/\/noticiasya.com\/#website\"},\"datePublished\":\"2024-09-26T04:03:42+00:00\",\"breadcrumb\":{\"@id\":\"https:\/\/noticiasya.com\/2024\/09\/25\/acusan-al-alcalde-de-nueva-york-eric-adams-trax\/#breadcrumb\"},\"inLanguage\":\"es\",\"potentialAction\":[{\"@type\":\"ReadAction\",\"target\":[\"https:\/\/noticiasya.com\/2024\/09\/25\/acusan-al-alcalde-de-nueva-york-eric-adams-trax\/\"]}]},{\"@type\":\"BreadcrumbList\",\"@id\":\"https:\/\/noticiasya.com\/2024\/09\/25\/acusan-al-alcalde-de-nueva-york-eric-adams-trax\/#breadcrumb\",\"itemListElement\":[{\"@type\":\"ListItem\",\"position\":1,\"name\":\"Home\",\"item\":\"https:\/\/noticiasya.com\/\"},{\"@type\":\"ListItem\",\"position\":2,\"name\":\"Imputan al alcalde de Nueva York, Eric Adams, seg\u00fan fuentes\"}]},{\"@type\":\"WebSite\",\"@id\":\"https:\/\/noticiasya.com\/#website\",\"url\":\"https:\/\/noticiasya.com\/\",\"name\":\"Noticias\",\"description\":\"Lo que importa\",\"publisher\":{\"@id\":\"https:\/\/noticiasya.com\/#organization\"},\"potentialAction\":[{\"@type\":\"SearchAction\",\"target\":{\"@type\":\"EntryPoint\",\"urlTemplate\":\"https:\/\/noticiasya.com\/?s={search_term_string}\"},\"query-input\":{\"@type\":\"PropertyValueSpecification\",\"valueRequired\":true,\"valueName\":\"search_term_string\"}}],\"inLanguage\":\"es\"},{\"@type\":\"Organization\",\"@id\":\"https:\/\/noticiasya.com\/#organization\",\"name\":\"Noticias\",\"url\":\"https:\/\/noticiasya.com\/\",\"logo\":{\"@type\":\"ImageObject\",\"inLanguage\":\"es\",\"@id\":\"https:\/\/noticiasya.com\/#\/schema\/logo\/image\/\",\"url\":\"https:\/\/noticiasya.com\/wp-content\/uploads\/sites\/22\/2023\/12\/logo-nacional.png\",\"contentUrl\":\"https:\/\/noticiasya.com\/wp-content\/uploads\/sites\/22\/2023\/12\/logo-nacional.png\",\"width\":1801,\"height\":691,\"caption\":\"Noticias\"},\"image\":{\"@id\":\"https:\/\/noticiasya.com\/#\/schema\/logo\/image\/\"}}]}<\/script>\n<!-- \/ Yoast SEO plugin. -->","yoast_head_json":{"title":"Imputan al alcalde de Nueva York, Eric Adams, seg\u00fan fuentes - Noticias","robots":{"index":"index","follow":"follow","max-snippet":"max-snippet:-1","max-image-preview":"max-image-preview:large","max-video-preview":"max-video-preview:-1"},"canonical":"https:\/\/noticiasya.com\/2024\/09\/25\/acusan-al-alcalde-de-nueva-york-eric-adams-trax\/","og_locale":"es_ES","og_type":"article","og_title":"Imputan al alcalde de Nueva York, Eric Adams, seg\u00fan fuentes - Noticias","og_description":"(CNN) &#8212; El alcalde de Nueva York, Eric Adams, fue acusado de al menos un delito federal, seg\u00fan informan a CNN varias fuentes familiarizadas con el asunto. El New York Times fue el primero en informar de la acusaci\u00f3n. La acusaci\u00f3n es consecuencia de una investigaci\u00f3n federal de un mes de duraci\u00f3n sobre violaciones de [&hellip;]","og_url":"https:\/\/noticiasya.com\/2024\/09\/25\/acusan-al-alcalde-de-nueva-york-eric-adams-trax\/","og_site_name":"Noticias","article_published_time":"2024-09-26T04:03:42+00:00","twitter_card":"summary_large_image","twitter_misc":{"Est. reading time":"6 minutos"},"schema":{"@context":"https:\/\/schema.org","@graph":[{"@type":"Article","@id":"https:\/\/noticiasya.com\/2024\/09\/25\/acusan-al-alcalde-de-nueva-york-eric-adams-trax\/#article","isPartOf":{"@id":"https:\/\/noticiasya.com\/2024\/09\/25\/acusan-al-alcalde-de-nueva-york-eric-adams-trax\/"},"author":{"name":"","@id":""},"headline":"Imputan al alcalde de Nueva York, Eric Adams, seg\u00fan fuentes","datePublished":"2024-09-26T04:03:42+00:00","mainEntityOfPage":{"@id":"https:\/\/noticiasya.com\/2024\/09\/25\/acusan-al-alcalde-de-nueva-york-eric-adams-trax\/"},"wordCount":1216,"commentCount":0,"publisher":{"@id":"https:\/\/noticiasya.com\/#organization"},"articleSection":["Noticias Nacionales"],"inLanguage":"es","potentialAction":[{"@type":"CommentAction","name":"Comment","target":["https:\/\/noticiasya.com\/2024\/09\/25\/acusan-al-alcalde-de-nueva-york-eric-adams-trax\/#respond"]}]},{"@type":"WebPage","@id":"https:\/\/noticiasya.com\/2024\/09\/25\/acusan-al-alcalde-de-nueva-york-eric-adams-trax\/","url":"https:\/\/noticiasya.com\/2024\/09\/25\/acusan-al-alcalde-de-nueva-york-eric-adams-trax\/","name":"Imputan al alcalde de Nueva York, Eric Adams, seg\u00fan fuentes - Noticias","isPartOf":{"@id":"https:\/\/noticiasya.com\/#website"},"datePublished":"2024-09-26T04:03:42+00:00","breadcrumb":{"@id":"https:\/\/noticiasya.com\/2024\/09\/25\/acusan-al-alcalde-de-nueva-york-eric-adams-trax\/#breadcrumb"},"inLanguage":"es","potentialAction":[{"@type":"ReadAction","target":["https:\/\/noticiasya.com\/2024\/09\/25\/acusan-al-alcalde-de-nueva-york-eric-adams-trax\/"]}]},{"@type":"BreadcrumbList","@id":"https:\/\/noticiasya.com\/2024\/09\/25\/acusan-al-alcalde-de-nueva-york-eric-adams-trax\/#breadcrumb","itemListElement":[{"@type":"ListItem","position":1,"name":"Home","item":"https:\/\/noticiasya.com\/"},{"@type":"ListItem","position":2,"name":"Imputan al alcalde de Nueva York, Eric Adams, seg\u00fan fuentes"}]},{"@type":"WebSite","@id":"https:\/\/noticiasya.com\/#website","url":"https:\/\/noticiasya.com\/","name":"Noticias","description":"Lo que importa","publisher":{"@id":"https:\/\/noticiasya.com\/#organization"},"potentialAction":[{"@type":"SearchAction","target":{"@type":"EntryPoint","urlTemplate":"https:\/\/noticiasya.com\/?s={search_term_string}"},"query-input":{"@type":"PropertyValueSpecification","valueRequired":true,"valueName":"search_term_string"}}],"inLanguage":"es"},{"@type":"Organization","@id":"https:\/\/noticiasya.com\/#organization","name":"Noticias","url":"https:\/\/noticiasya.com\/","logo":{"@type":"ImageObject","inLanguage":"es","@id":"https:\/\/noticiasya.com\/#\/schema\/logo\/image\/","url":"https:\/\/noticiasya.com\/wp-content\/uploads\/sites\/22\/2023\/12\/logo-nacional.png","contentUrl":"https:\/\/noticiasya.com\/wp-content\/uploads\/sites\/22\/2023\/12\/logo-nacional.png","width":1801,"height":691,"caption":"Noticias"},"image":{"@id":"https:\/\/noticiasya.com\/#\/schema\/logo\/image\/"}}]}},"parsely":{"version":"1.1.0","canonical_url":"https:\/\/noticiasya.com\/midland-odessa\/2024\/09\/25\/acusan-al-alcalde-de-nueva-york-eric-adams-trax\/","smart_links":{"inbound":0,"outbound":0},"traffic_boost_suggestions_count":0,"meta":{"@context":"https:\/\/schema.org","@type":"NewsArticle","headline":"Imputan al alcalde de Nueva York, Eric Adams, seg\u00fan fuentes","url":"http:\/\/noticiasya.com\/midland-odessa\/2024\/09\/25\/acusan-al-alcalde-de-nueva-york-eric-adams-trax\/","mainEntityOfPage":{"@type":"WebPage","@id":"http:\/\/noticiasya.com\/midland-odessa\/2024\/09\/25\/acusan-al-alcalde-de-nueva-york-eric-adams-trax\/"},"thumbnailUrl":"","image":{"@type":"ImageObject","url":""},"articleSection":"Noticias Nacionales","author":[],"creator":[],"publisher":{"@type":"Organization","name":"Noticias","logo":""},"keywords":[],"dateCreated":"2024-09-26T04:03:42Z","datePublished":"2024-09-26T04:03:42Z","dateModified":"2024-09-26T04:03:42Z"},"rendered":"<script type=\"application\/ld+json\" class=\"wp-parsely-metadata\">{\"@context\":\"https:\\\/\\\/schema.org\",\"@type\":\"NewsArticle\",\"headline\":\"Imputan al alcalde de Nueva York, Eric Adams, seg\\u00fan fuentes\",\"url\":\"http:\\\/\\\/noticiasya.com\\\/midland-odessa\\\/2024\\\/09\\\/25\\\/acusan-al-alcalde-de-nueva-york-eric-adams-trax\\\/\",\"mainEntityOfPage\":{\"@type\":\"WebPage\",\"@id\":\"http:\\\/\\\/noticiasya.com\\\/midland-odessa\\\/2024\\\/09\\\/25\\\/acusan-al-alcalde-de-nueva-york-eric-adams-trax\\\/\"},\"thumbnailUrl\":\"\",\"image\":{\"@type\":\"ImageObject\",\"url\":\"\"},\"articleSection\":\"Noticias Nacionales\",\"author\":[],\"creator\":[],\"publisher\":{\"@type\":\"Organization\",\"name\":\"Noticias\",\"logo\":\"\"},\"keywords\":[],\"dateCreated\":\"2024-09-26T04:03:42Z\",\"datePublished\":\"2024-09-26T04:03:42Z\",\"dateModified\":\"2024-09-26T04:03:42Z\"}<\/script>","tracker_url":"https:\/\/cdn.parsely.com\/keys\/noticiasya.com\/p.js"},"jetpack_featured_media_url":"","jetpack-related-posts":[{"id":1466927,"url":"https:\/\/noticiasya.com\/midland-odessa\/2025\/09\/28\/eric-adamas-suspende-candidatura-nueva-york-trax\/","url_meta":{"origin":1453080,"position":0},"title":"Eric Adams, alcalde de Nueva York, suspende su campa\u00f1a de reelecci\u00f3n","author":"","date":"septiembre 28, 2025","format":false,"excerpt":"El alcalde de Nueva York Eric Adams puso fin a su campa\u00f1a de reelecci\u00f3n, una medida buscada por los rivales del candidato dem\u00f3crata Zohran Mamdani, quienes han querido consolidar la oposici\u00f3n en su contra.Adams anunci\u00f3 su decisi\u00f3n el domingo en un video publicado en X. \u201cA pesar de todo lo\u2026","rel":"","context":"In &quot;Noticias Nacionales&quot;","block_context":{"text":"Noticias Nacionales","link":"https:\/\/noticiasya.com\/midland-odessa\/categoria\/noticias-nacionales"},"img":{"alt_text":"","src":"","width":0,"height":0},"classes":[]},{"id":1458546,"url":"https:\/\/noticiasya.com\/midland-odessa\/2025\/02\/10\/departamento-justicia-desestimar-caso-corrupcion-alcalde-nueva-york-eric-adams-trax\/","url_meta":{"origin":1453080,"position":1},"title":"El Departamento de Justicia ordena desestimar el caso de corrupci\u00f3n federal contra el alcalde de Nueva York, Eric Adams","author":"","date":"febrero 10, 2025","format":false,"excerpt":"El Departamento de Justicia avanza para desestimar el caso de corrupci\u00f3n federal contra el alcalde de Nueva York, Eric Adams, seg\u00fan un memorando obtenido por CNN.El memorando, que fue enviado por el fiscal general adjunto interino Emil Bove, quien es un exfiscal en Nueva York, instruy\u00f3 a la fiscal interina\u2026","rel":"","context":"In &quot;Noticias Nacionales&quot;","block_context":{"text":"Noticias Nacionales","link":"https:\/\/noticiasya.com\/midland-odessa\/categoria\/noticias-nacionales"},"img":{"alt_text":"","src":"","width":0,"height":0},"classes":[]},{"id":1447104,"url":"https:\/\/noticiasya.com\/midland-odessa\/2024\/03\/18\/demanda-eric-adams-alcalde-nueva-york-agresion-sexual-trax\/","url_meta":{"origin":1453080,"position":2},"title":"Acusan a Eric Adams, alcalde de Nueva York, de agresi\u00f3n sexual a una exasistente de la Polic\u00eda, en nueva demanda","author":"","date":"marzo 18, 2024","format":false,"excerpt":"(CNN) -- Una exasistente de la Polic\u00eda de Nueva York demand\u00f3 al alcalde de la ciudad, Eric Adams, y lo se\u00f1al\u00f3 de agredirla sexualmente en 1993 mientras ambos trabajaban para la Oficina de Tr\u00e1nsito, cuando \u00e9l le exigi\u00f3 actos sexuales a cambio de ayudarla a conseguir un ascenso que anteriormente\u2026","rel":"","context":"In &quot;Noticias Nacionales&quot;","block_context":{"text":"Noticias Nacionales","link":"https:\/\/noticiasya.com\/midland-odessa\/categoria\/noticias-nacionales"},"img":{"alt_text":"","src":"","width":0,"height":0},"classes":[]},{"id":1464931,"url":"https:\/\/noticiasya.com\/midland-odessa\/2025\/07\/28\/tiroteo-nueva-york-manhattan-trax\/","url_meta":{"origin":1453080,"position":3},"title":"Se cree que el sospechoso muri\u00f3 tras tiroteo que dej\u00f3 heridos a un polic\u00eda de Nueva York y a dos civiles, seg\u00fan fuentes","author":"","date":"julio 28, 2025","format":false,"excerpt":"Se cree que un hombre armado muri\u00f3 despu\u00e9s de disparar a un agente del Departamento de Polic\u00eda de Nueva York (NYPD) y al menos a dos civiles cerca de un edificio de oficinas corporativas en el centro de Manhattan este lunes por la tarde, seg\u00fan dijeron a CNN varias fuentes\u2026","rel":"","context":"In &quot;Noticias Nacionales&quot;","block_context":{"text":"Noticias Nacionales","link":"https:\/\/noticiasya.com\/midland-odessa\/categoria\/noticias-nacionales"},"img":{"alt_text":"","src":"","width":0,"height":0},"classes":[]},{"id":1458729,"url":"https:\/\/noticiasya.com\/midland-odessa\/2025\/02\/14\/analisis-caso-adams-politizacion-justicia-trump-trax\/","url_meta":{"origin":1453080,"position":4},"title":"AN\u00c1LISIS | El drama por caso Adams plantea dudas sobre la &#8216;politizaci\u00f3n&#8217; de la justicia por parte de la administraci\u00f3n Trump","author":"","date":"febrero 14, 2025","format":false,"excerpt":"Ll\u00e1malo la masacre del jueves por la tarde.El Departamento de Justicia est\u00e1 en crisis tras la sorprendente dimisi\u00f3n del principal fiscal de Manhattan y otros cinco altos cargos por la decisi\u00f3n del Departamento de Justicia de paralizar el procesamiento del alcalde de Nueva York, Eric Adams, por cargos de corrupci\u00f3n.El\u2026","rel":"","context":"In &quot;Noticias Nacionales&quot;","block_context":{"text":"Noticias Nacionales","link":"https:\/\/noticiasya.com\/midland-odessa\/categoria\/noticias-nacionales"},"img":{"alt_text":"","src":"","width":0,"height":0},"classes":[]},{"id":1463927,"url":"https:\/\/noticiasya.com\/midland-odessa\/2025\/06\/25\/conclusiones-primarias-nueva-york-trax\/","url_meta":{"origin":1453080,"position":5},"title":"Zohran Mamdani provoca un terremoto pol\u00edtico en las primarias dem\u00f3cratas para la alcald\u00eda de Nueva York","author":"","date":"junio 25, 2025","format":false,"excerpt":"Zohran Mamdani provoc\u00f3 un terremoto pol\u00edtico el martes en las primarias dem\u00f3cratas para la alcald\u00eda de la ciudad de Nueva York, llevando las demandas progresistas de cambio en una ciudad que enfrenta una crisis de asequibilidad al borde de una sorprendente victoria.Los votantes dem\u00f3cratas rechazaron a un \u00edcono del partido,\u2026","rel":"","context":"In &quot;Noticias Nacionales&quot;","block_context":{"text":"Noticias Nacionales","link":"https:\/\/noticiasya.com\/midland-odessa\/categoria\/noticias-nacionales"},"img":{"alt_text":"","src":"","width":0,"height":0},"classes":[]}],"jetpack_sharing_enabled":true,"_links":{"self":[{"href":"https:\/\/noticiasya.com\/midland-odessa\/wp-json\/wp\/v2\/posts\/1453080","targetHints":{"allow":["GET"]}}],"collection":[{"href":"https:\/\/noticiasya.com\/midland-odessa\/wp-json\/wp\/v2\/posts"}],"about":[{"href":"https:\/\/noticiasya.com\/midland-odessa\/wp-json\/wp\/v2\/types\/post"}],"replies":[{"embeddable":true,"href":"https:\/\/noticiasya.com\/midland-odessa\/wp-json\/wp\/v2\/comments?post=1453080"}],"version-history":[{"count":0,"href":"https:\/\/noticiasya.com\/midland-odessa\/wp-json\/wp\/v2\/posts\/1453080\/revisions"}],"wp:attachment":[{"href":"https:\/\/noticiasya.com\/midland-odessa\/wp-json\/wp\/v2\/media?parent=1453080"}],"wp:term":[{"taxonomy":"category","embeddable":true,"href":"https:\/\/noticiasya.com\/midland-odessa\/wp-json\/wp\/v2\/categories?post=1453080"},{"taxonomy":"post_tag","embeddable":true,"href":"https:\/\/noticiasya.com\/midland-odessa\/wp-json\/wp\/v2\/tags?post=1453080"}],"curies":[{"name":"wp","href":"https:\/\/api.w.org\/{rel}","templated":true}]}}