{"id":1453085,"date":"2024-09-26T02:03:44","date_gmt":"2024-09-26T09:03:44","guid":{"rendered":"https:\/\/noticiasya.com\/2024\/09\/26\/servicio-meteorologico-microsismos-ciudad-de-mexico-orix\/"},"modified":"2024-09-26T02:03:44","modified_gmt":"2024-09-26T09:03:44","slug":"servicio-meteorologico-microsismos-ciudad-de-mexico-orix","status":"publish","type":"post","link":"https:\/\/noticiasya.com\/midland-odessa\/2024\/09\/26\/servicio-meteorologico-microsismos-ciudad-de-mexico-orix\/","title":{"rendered":"El Servicio Meteorol\u00f3gico Nacional registra microsismos en Hidalgo por la madrugada"},"content":{"rendered":"<p>(CNN Espa\u00f1ol) &#8212; El Servicio Meteorol\u00f3gico Nacional de M\u00e9xico registr\u00f3 dos microsismos a la madrugada en M\u00e9xico, concretamente en la alcald\u00eda de Miguel Hidalgo.<\/p>\n<p>El primer microsismo, de 2.5, fue registrado a 2 kil\u00f3metros al sureste de Miguel Hidalgo, CDMX a las 00.39 hora local.<\/p>\n<p>A continuaci\u00f3n, otro microsismo de 4.0 fue vuelto a sentir en la misma localidad, esta vez a la 01.20 hora local.<\/p>\n<p>Por su parte, la Secretaria de Gesti\u00f3n Integral de Riesgos confirm\u00f3 el fen\u00f3meno a trav\u00e9s de su cuenta de X.<\/p>\n<p>Esta noche se ha registrado un microsismo en la Ciudad de M\u00e9xico con percepci\u00f3n en \u00c1lvaro Obreg\u00f3n, Benito Ju\u00e1rez, Cuauht\u00e9moc y Miguel Hidalgo; entablamos comunicaci\u00f3n con Unidades de Gesti\u00f3n Integral de Riesgos y Protecci\u00f3n Civil de las Alcald\u00edas.<br \/>\nPermanecemos atentos.\u2026<br \/>\n\u2014 Secretar\u00eda de Gesti\u00f3n Integral de Riesgos y PC (@SGIRPC_CDMX) September 26, 2024<\/p>\n<p>Noticia en desarrollo.<\/p>\n<p>The-CNN-Wire<br \/>&trade; &amp; &copy; 2024 Cable News Network, Inc., a Warner Bros. Discovery Company. All rights reserved.<\/p>\n","protected":false},"excerpt":{"rendered":"<p>(CNN Espa\u00f1ol) &#8212; El Servicio Meteorol\u00f3gico Nacional de M\u00e9xico registr\u00f3 dos microsismos a la madrugada en M\u00e9xico, concretamente en la alcald\u00eda de Miguel Hidalgo. El primer microsismo, de 2.5, fue registrado a 2 kil\u00f3metros al sureste de Miguel Hidalgo, CDMX a las 00.39 hora local. A continuaci\u00f3n, otro microsismo de 4.0 fue vuelto a sentir [&hellip;]<\/p>\n","protected":false},"author":0,"featured_media":0,"comment_status":"open","ping_status":"open","sticky":false,"template":"","format":"standard","meta":{"_jetpack_memberships_contains_paid_content":false,"footnotes":""},"categories":[10],"tags":[],"class_list":["post-1453085","post","type-post","status-publish","format-standard","hentry","category-noticias-nacionales","market-global"],"yoast_head":"<!-- This site is optimized with the Yoast SEO plugin v24.4 - https:\/\/yoast.com\/wordpress\/plugins\/seo\/ -->\n<title>El Servicio Meteorol\u00f3gico Nacional registra microsismos en Hidalgo por la madrugada - Noticias<\/title>\n<meta name=\"robots\" content=\"index, follow, max-snippet:-1, max-image-preview:large, max-video-preview:-1\" \/>\n<link rel=\"canonical\" href=\"https:\/\/noticiasya.com\/2024\/09\/26\/servicio-meteorologico-microsismos-ciudad-de-mexico-orix\/\" \/>\n<meta property=\"og:locale\" content=\"es_ES\" \/>\n<meta property=\"og:type\" content=\"article\" \/>\n<meta property=\"og:title\" content=\"El Servicio Meteorol\u00f3gico Nacional registra microsismos en Hidalgo por la madrugada - Noticias\" \/>\n<meta property=\"og:description\" content=\"(CNN Espa\u00f1ol) &#8212; El Servicio Meteorol\u00f3gico Nacional de M\u00e9xico registr\u00f3 dos microsismos a la madrugada en M\u00e9xico, concretamente en la alcald\u00eda de Miguel Hidalgo. El primer microsismo, de 2.5, fue registrado a 2 kil\u00f3metros al sureste de Miguel Hidalgo, CDMX a las 00.39 hora local. A continuaci\u00f3n, otro microsismo de 4.0 fue vuelto a sentir [&hellip;]\" \/>\n<meta property=\"og:url\" content=\"https:\/\/noticiasya.com\/2024\/09\/26\/servicio-meteorologico-microsismos-ciudad-de-mexico-orix\/\" \/>\n<meta property=\"og:site_name\" content=\"Noticias\" \/>\n<meta property=\"article:published_time\" content=\"2024-09-26T09:03:44+00:00\" \/>\n<meta name=\"twitter:card\" content=\"summary_large_image\" \/>\n<meta name=\"twitter:label1\" content=\"Est. reading time\" \/>\n\t<meta name=\"twitter:data1\" content=\"1 minuto\" \/>\n<script type=\"application\/ld+json\" class=\"yoast-schema-graph\">{\"@context\":\"https:\/\/schema.org\",\"@graph\":[{\"@type\":\"Article\",\"@id\":\"https:\/\/noticiasya.com\/2024\/09\/26\/servicio-meteorologico-microsismos-ciudad-de-mexico-orix\/#article\",\"isPartOf\":{\"@id\":\"https:\/\/noticiasya.com\/2024\/09\/26\/servicio-meteorologico-microsismos-ciudad-de-mexico-orix\/\"},\"author\":{\"name\":\"\",\"@id\":\"\"},\"headline\":\"El Servicio Meteorol\u00f3gico Nacional registra microsismos en Hidalgo por la madrugada\",\"datePublished\":\"2024-09-26T09:03:44+00:00\",\"mainEntityOfPage\":{\"@id\":\"https:\/\/noticiasya.com\/2024\/09\/26\/servicio-meteorologico-microsismos-ciudad-de-mexico-orix\/\"},\"wordCount\":184,\"commentCount\":0,\"publisher\":{\"@id\":\"https:\/\/noticiasya.com\/#organization\"},\"articleSection\":[\"Noticias Nacionales\"],\"inLanguage\":\"es\",\"potentialAction\":[{\"@type\":\"CommentAction\",\"name\":\"Comment\",\"target\":[\"https:\/\/noticiasya.com\/2024\/09\/26\/servicio-meteorologico-microsismos-ciudad-de-mexico-orix\/#respond\"]}]},{\"@type\":\"WebPage\",\"@id\":\"https:\/\/noticiasya.com\/2024\/09\/26\/servicio-meteorologico-microsismos-ciudad-de-mexico-orix\/\",\"url\":\"https:\/\/noticiasya.com\/2024\/09\/26\/servicio-meteorologico-microsismos-ciudad-de-mexico-orix\/\",\"name\":\"El Servicio Meteorol\u00f3gico Nacional registra microsismos en Hidalgo por la madrugada - Noticias\",\"isPartOf\":{\"@id\":\"https:\/\/noticiasya.com\/#website\"},\"datePublished\":\"2024-09-26T09:03:44+00:00\",\"breadcrumb\":{\"@id\":\"https:\/\/noticiasya.com\/2024\/09\/26\/servicio-meteorologico-microsismos-ciudad-de-mexico-orix\/#breadcrumb\"},\"inLanguage\":\"es\",\"potentialAction\":[{\"@type\":\"ReadAction\",\"target\":[\"https:\/\/noticiasya.com\/2024\/09\/26\/servicio-meteorologico-microsismos-ciudad-de-mexico-orix\/\"]}]},{\"@type\":\"BreadcrumbList\",\"@id\":\"https:\/\/noticiasya.com\/2024\/09\/26\/servicio-meteorologico-microsismos-ciudad-de-mexico-orix\/#breadcrumb\",\"itemListElement\":[{\"@type\":\"ListItem\",\"position\":1,\"name\":\"Home\",\"item\":\"https:\/\/noticiasya.com\/\"},{\"@type\":\"ListItem\",\"position\":2,\"name\":\"El Servicio Meteorol\u00f3gico Nacional registra microsismos en Hidalgo por la madrugada\"}]},{\"@type\":\"WebSite\",\"@id\":\"https:\/\/noticiasya.com\/#website\",\"url\":\"https:\/\/noticiasya.com\/\",\"name\":\"Noticias\",\"description\":\"Lo que importa\",\"publisher\":{\"@id\":\"https:\/\/noticiasya.com\/#organization\"},\"potentialAction\":[{\"@type\":\"SearchAction\",\"target\":{\"@type\":\"EntryPoint\",\"urlTemplate\":\"https:\/\/noticiasya.com\/?s={search_term_string}\"},\"query-input\":{\"@type\":\"PropertyValueSpecification\",\"valueRequired\":true,\"valueName\":\"search_term_string\"}}],\"inLanguage\":\"es\"},{\"@type\":\"Organization\",\"@id\":\"https:\/\/noticiasya.com\/#organization\",\"name\":\"Noticias\",\"url\":\"https:\/\/noticiasya.com\/\",\"logo\":{\"@type\":\"ImageObject\",\"inLanguage\":\"es\",\"@id\":\"https:\/\/noticiasya.com\/#\/schema\/logo\/image\/\",\"url\":\"https:\/\/noticiasya.com\/wp-content\/uploads\/sites\/22\/2023\/12\/logo-nacional.png\",\"contentUrl\":\"https:\/\/noticiasya.com\/wp-content\/uploads\/sites\/22\/2023\/12\/logo-nacional.png\",\"width\":1801,\"height\":691,\"caption\":\"Noticias\"},\"image\":{\"@id\":\"https:\/\/noticiasya.com\/#\/schema\/logo\/image\/\"}}]}<\/script>\n<!-- \/ Yoast SEO plugin. -->","yoast_head_json":{"title":"El Servicio Meteorol\u00f3gico Nacional registra microsismos en Hidalgo por la madrugada - Noticias","robots":{"index":"index","follow":"follow","max-snippet":"max-snippet:-1","max-image-preview":"max-image-preview:large","max-video-preview":"max-video-preview:-1"},"canonical":"https:\/\/noticiasya.com\/2024\/09\/26\/servicio-meteorologico-microsismos-ciudad-de-mexico-orix\/","og_locale":"es_ES","og_type":"article","og_title":"El Servicio Meteorol\u00f3gico Nacional registra microsismos en Hidalgo por la madrugada - Noticias","og_description":"(CNN Espa\u00f1ol) &#8212; El Servicio Meteorol\u00f3gico Nacional de M\u00e9xico registr\u00f3 dos microsismos a la madrugada en M\u00e9xico, concretamente en la alcald\u00eda de Miguel Hidalgo. El primer microsismo, de 2.5, fue registrado a 2 kil\u00f3metros al sureste de Miguel Hidalgo, CDMX a las 00.39 hora local. A continuaci\u00f3n, otro microsismo de 4.0 fue vuelto a sentir [&hellip;]","og_url":"https:\/\/noticiasya.com\/2024\/09\/26\/servicio-meteorologico-microsismos-ciudad-de-mexico-orix\/","og_site_name":"Noticias","article_published_time":"2024-09-26T09:03:44+00:00","twitter_card":"summary_large_image","twitter_misc":{"Est. reading time":"1 minuto"},"schema":{"@context":"https:\/\/schema.org","@graph":[{"@type":"Article","@id":"https:\/\/noticiasya.com\/2024\/09\/26\/servicio-meteorologico-microsismos-ciudad-de-mexico-orix\/#article","isPartOf":{"@id":"https:\/\/noticiasya.com\/2024\/09\/26\/servicio-meteorologico-microsismos-ciudad-de-mexico-orix\/"},"author":{"name":"","@id":""},"headline":"El Servicio Meteorol\u00f3gico Nacional registra microsismos en Hidalgo por la madrugada","datePublished":"2024-09-26T09:03:44+00:00","mainEntityOfPage":{"@id":"https:\/\/noticiasya.com\/2024\/09\/26\/servicio-meteorologico-microsismos-ciudad-de-mexico-orix\/"},"wordCount":184,"commentCount":0,"publisher":{"@id":"https:\/\/noticiasya.com\/#organization"},"articleSection":["Noticias Nacionales"],"inLanguage":"es","potentialAction":[{"@type":"CommentAction","name":"Comment","target":["https:\/\/noticiasya.com\/2024\/09\/26\/servicio-meteorologico-microsismos-ciudad-de-mexico-orix\/#respond"]}]},{"@type":"WebPage","@id":"https:\/\/noticiasya.com\/2024\/09\/26\/servicio-meteorologico-microsismos-ciudad-de-mexico-orix\/","url":"https:\/\/noticiasya.com\/2024\/09\/26\/servicio-meteorologico-microsismos-ciudad-de-mexico-orix\/","name":"El Servicio Meteorol\u00f3gico Nacional registra microsismos en Hidalgo por la madrugada - Noticias","isPartOf":{"@id":"https:\/\/noticiasya.com\/#website"},"datePublished":"2024-09-26T09:03:44+00:00","breadcrumb":{"@id":"https:\/\/noticiasya.com\/2024\/09\/26\/servicio-meteorologico-microsismos-ciudad-de-mexico-orix\/#breadcrumb"},"inLanguage":"es","potentialAction":[{"@type":"ReadAction","target":["https:\/\/noticiasya.com\/2024\/09\/26\/servicio-meteorologico-microsismos-ciudad-de-mexico-orix\/"]}]},{"@type":"BreadcrumbList","@id":"https:\/\/noticiasya.com\/2024\/09\/26\/servicio-meteorologico-microsismos-ciudad-de-mexico-orix\/#breadcrumb","itemListElement":[{"@type":"ListItem","position":1,"name":"Home","item":"https:\/\/noticiasya.com\/"},{"@type":"ListItem","position":2,"name":"El Servicio Meteorol\u00f3gico Nacional registra microsismos en Hidalgo por la madrugada"}]},{"@type":"WebSite","@id":"https:\/\/noticiasya.com\/#website","url":"https:\/\/noticiasya.com\/","name":"Noticias","description":"Lo que importa","publisher":{"@id":"https:\/\/noticiasya.com\/#organization"},"potentialAction":[{"@type":"SearchAction","target":{"@type":"EntryPoint","urlTemplate":"https:\/\/noticiasya.com\/?s={search_term_string}"},"query-input":{"@type":"PropertyValueSpecification","valueRequired":true,"valueName":"search_term_string"}}],"inLanguage":"es"},{"@type":"Organization","@id":"https:\/\/noticiasya.com\/#organization","name":"Noticias","url":"https:\/\/noticiasya.com\/","logo":{"@type":"ImageObject","inLanguage":"es","@id":"https:\/\/noticiasya.com\/#\/schema\/logo\/image\/","url":"https:\/\/noticiasya.com\/wp-content\/uploads\/sites\/22\/2023\/12\/logo-nacional.png","contentUrl":"https:\/\/noticiasya.com\/wp-content\/uploads\/sites\/22\/2023\/12\/logo-nacional.png","width":1801,"height":691,"caption":"Noticias"},"image":{"@id":"https:\/\/noticiasya.com\/#\/schema\/logo\/image\/"}}]}},"parsely":{"version":"1.1.0","canonical_url":"https:\/\/noticiasya.com\/midland-odessa\/2024\/09\/26\/servicio-meteorologico-microsismos-ciudad-de-mexico-orix\/","smart_links":{"inbound":0,"outbound":0},"traffic_boost_suggestions_count":0,"meta":{"@context":"https:\/\/schema.org","@type":"NewsArticle","headline":"El Servicio Meteorol\u00f3gico Nacional registra microsismos en Hidalgo por la madrugada","url":"http:\/\/noticiasya.com\/midland-odessa\/2024\/09\/26\/servicio-meteorologico-microsismos-ciudad-de-mexico-orix\/","mainEntityOfPage":{"@type":"WebPage","@id":"http:\/\/noticiasya.com\/midland-odessa\/2024\/09\/26\/servicio-meteorologico-microsismos-ciudad-de-mexico-orix\/"},"thumbnailUrl":"","image":{"@type":"ImageObject","url":""},"articleSection":"Noticias Nacionales","author":[],"creator":[],"publisher":{"@type":"Organization","name":"Noticias","logo":""},"keywords":[],"dateCreated":"2024-09-26T09:03:44Z","datePublished":"2024-09-26T09:03:44Z","dateModified":"2024-09-26T09:03:44Z"},"rendered":"<script type=\"application\/ld+json\" class=\"wp-parsely-metadata\">{\"@context\":\"https:\\\/\\\/schema.org\",\"@type\":\"NewsArticle\",\"headline\":\"El Servicio Meteorol\\u00f3gico Nacional registra microsismos en Hidalgo por la madrugada\",\"url\":\"http:\\\/\\\/noticiasya.com\\\/midland-odessa\\\/2024\\\/09\\\/26\\\/servicio-meteorologico-microsismos-ciudad-de-mexico-orix\\\/\",\"mainEntityOfPage\":{\"@type\":\"WebPage\",\"@id\":\"http:\\\/\\\/noticiasya.com\\\/midland-odessa\\\/2024\\\/09\\\/26\\\/servicio-meteorologico-microsismos-ciudad-de-mexico-orix\\\/\"},\"thumbnailUrl\":\"\",\"image\":{\"@type\":\"ImageObject\",\"url\":\"\"},\"articleSection\":\"Noticias Nacionales\",\"author\":[],\"creator\":[],\"publisher\":{\"@type\":\"Organization\",\"name\":\"Noticias\",\"logo\":\"\"},\"keywords\":[],\"dateCreated\":\"2024-09-26T09:03:44Z\",\"datePublished\":\"2024-09-26T09:03:44Z\",\"dateModified\":\"2024-09-26T09:03:44Z\"}<\/script>","tracker_url":"https:\/\/cdn.parsely.com\/keys\/noticiasya.com\/p.js"},"jetpack_featured_media_url":"","jetpack-related-posts":[{"id":1465374,"url":"https:\/\/noticiasya.com\/midland-odessa\/2025\/08\/11\/lluvias-inundaciones-ciudad-mexico-orix\/","url_meta":{"origin":1453085,"position":0},"title":"Fuertes lluvias causan inundaciones y afectaci\u00f3n vial en varios puntos de la Ciudad de M\u00e9xico","author":"","date":"agosto 11, 2025","format":false,"excerpt":"Las intensas lluvias registradas este domingo causaron afectaciones en varias zonas de la Ciudad de M\u00e9xico, por lo que las autoridades locales activaron m\u00faltiples niveles de alerta en 15 de las 16 alcald\u00edas, inform\u00f3 el Gobierno de la capital mexicana.Entre las zonas m\u00e1s impactadas se encuentra la alcald\u00eda Cuauht\u00e9moc, en\u2026","rel":"","context":"In &quot;Noticias Nacionales&quot;","block_context":{"text":"Noticias Nacionales","link":"https:\/\/noticiasya.com\/midland-odessa\/categoria\/noticias-nacionales"},"img":{"alt_text":"","src":"","width":0,"height":0},"classes":[]},{"id":1463142,"url":"https:\/\/noticiasya.com\/midland-odessa\/2025\/06\/03\/inundaciones-ciudad-mexico-lluvias-record-orix\/","url_meta":{"origin":1453085,"position":1},"title":"Inundaciones en Ciudad de M\u00e9xico: lluvias r\u00e9cord dejan veh\u00edculos varados y personas atrapadas","author":"","date":"junio 3, 2025","format":false,"excerpt":"La capital mexicana pas\u00f3 una ca\u00f3tica noche de lunes debido a las intensas lluvias que causaron severas inundaciones en distintos puntos de la capital. No se hab\u00edan registrado lluvias de esta magnitud desde 2017, de acuerdo con la Secretar\u00eda de Gesti\u00f3n Integral del Agua (Segiagua).Varias personas que quedaron atrapadas en\u2026","rel":"","context":"In &quot;Noticias Nacionales&quot;","block_context":{"text":"Noticias Nacionales","link":"https:\/\/noticiasya.com\/midland-odessa\/categoria\/noticias-nacionales"},"img":{"alt_text":"","src":"","width":0,"height":0},"classes":[]},{"id":1450660,"url":"https:\/\/noticiasya.com\/midland-odessa\/2024\/06\/24\/alerta-amarilla-ciudad-mexico-lluvias-orix\/","url_meta":{"origin":1453085,"position":2},"title":"Alerta amarilla en Ciudad de M\u00e9xico por fuertes lluvias","author":"","date":"junio 24, 2024","format":false,"excerpt":"(CNN Espa\u00f1ol) -- Este lunes se activ\u00f3 la alerta amarilla en todas las demarcaciones de la Ciudad de M\u00e9xico por el pron\u00f3stico de lluvias fuertes, inform\u00f3 la Secretar\u00eda de Gesti\u00f3n Integral de Riesgos y Protecci\u00f3n Civil en un mensaje en la red social X.La alerta amarilla se activa cuando hay\u2026","rel":"","context":"In &quot;Noticias Nacionales&quot;","block_context":{"text":"Noticias Nacionales","link":"https:\/\/noticiasya.com\/midland-odessa\/categoria\/noticias-nacionales"},"img":{"alt_text":"","src":"","width":0,"height":0},"classes":[]},{"id":1452713,"url":"https:\/\/noticiasya.com\/midland-odessa\/2024\/09\/15\/16-septiembre-independencia-mexico-orix\/","url_meta":{"origin":1453085,"position":3},"title":"\u00bfPor qu\u00e9 se celebra el 16 de septiembre la Independencia de M\u00e9xico? Esto fue lo que ocurri\u00f3 en 1810","author":"","date":"septiembre 15, 2024","format":false,"excerpt":"(CNN Espa\u00f1ol) -- M\u00e9xico celebra un a\u00f1o m\u00e1s de su independencia con el tradicional grito de Dolores, que marc\u00f3 el inicio de la guerra de independencia de la colonia espa\u00f1ola hace 212 a\u00f1os. Los mexicanos salen a las plazas p\u00fablicas y reviven lo que, seg\u00fan la historia oficial, ocurri\u00f3 la\u2026","rel":"","context":"In &quot;Noticias Nacionales&quot;","block_context":{"text":"Noticias Nacionales","link":"https:\/\/noticiasya.com\/midland-odessa\/categoria\/noticias-nacionales"},"img":{"alt_text":"","src":"","width":0,"height":0},"classes":[]},{"id":1466473,"url":"https:\/\/noticiasya.com\/midland-odessa\/2025\/09\/15\/origen-independencia-septiembre-orix\/","url_meta":{"origin":1453085,"position":4},"title":"\u00bfPor qu\u00e9 se celebra el 16 de septiembre la Independencia de M\u00e9xico? Esto fue lo que ocurri\u00f3 en 1810","author":"","date":"septiembre 15, 2025","format":false,"excerpt":"M\u00e9xico celebra un a\u00f1o m\u00e1s de su independencia con el tradicional grito de Dolores, que marc\u00f3 el inicio de la guerra de independencia de la colonia espa\u00f1ola hace 215 a\u00f1os. Los mexicanos salen a las plazas p\u00fablicas y reviven lo que, seg\u00fan la historia oficial, ocurri\u00f3 la madrugada del 16\u2026","rel":"","context":"In &quot;Noticias Nacionales&quot;","block_context":{"text":"Noticias Nacionales","link":"https:\/\/noticiasya.com\/midland-odessa\/categoria\/noticias-nacionales"},"img":{"alt_text":"","src":"","width":0,"height":0},"classes":[]},{"id":1451068,"url":"https:\/\/noticiasya.com\/midland-odessa\/2024\/07\/12\/u-desaparecido-lluvias-guerrero-mexico-orix\/","url_meta":{"origin":1453085,"position":5},"title":"Al menos una persona desaparecida tras las intensas lluvias, dicen autoridades de Guerrero, M\u00e9xico","author":"","date":"julio 12, 2024","format":false,"excerpt":"(CNN Espa\u00f1ol) --\u00a0 Contin\u00faan los trabajos de b\u00fasqueda y rescate para localizar a una persona reportada como desaparecida tras las intensas lluvias, inform\u00f3 a trav\u00e9s de una publicaci\u00f3n de Facebook la Secretar\u00eda de Gesti\u00f3n Integral de Riesgos y Protecci\u00f3n Civil de Guerrero, en M\u00e9xico.En otra publicaci\u00f3n de Facebook, la Secretar\u00eda,\u2026","rel":"","context":"In &quot;Noticias Nacionales&quot;","block_context":{"text":"Noticias Nacionales","link":"https:\/\/noticiasya.com\/midland-odessa\/categoria\/noticias-nacionales"},"img":{"alt_text":"","src":"","width":0,"height":0},"classes":[]}],"jetpack_sharing_enabled":true,"_links":{"self":[{"href":"https:\/\/noticiasya.com\/midland-odessa\/wp-json\/wp\/v2\/posts\/1453085","targetHints":{"allow":["GET"]}}],"collection":[{"href":"https:\/\/noticiasya.com\/midland-odessa\/wp-json\/wp\/v2\/posts"}],"about":[{"href":"https:\/\/noticiasya.com\/midland-odessa\/wp-json\/wp\/v2\/types\/post"}],"replies":[{"embeddable":true,"href":"https:\/\/noticiasya.com\/midland-odessa\/wp-json\/wp\/v2\/comments?post=1453085"}],"version-history":[{"count":0,"href":"https:\/\/noticiasya.com\/midland-odessa\/wp-json\/wp\/v2\/posts\/1453085\/revisions"}],"wp:attachment":[{"href":"https:\/\/noticiasya.com\/midland-odessa\/wp-json\/wp\/v2\/media?parent=1453085"}],"wp:term":[{"taxonomy":"category","embeddable":true,"href":"https:\/\/noticiasya.com\/midland-odessa\/wp-json\/wp\/v2\/categories?post=1453085"},{"taxonomy":"post_tag","embeddable":true,"href":"https:\/\/noticiasya.com\/midland-odessa\/wp-json\/wp\/v2\/tags?post=1453085"}],"curies":[{"name":"wp","href":"https:\/\/api.w.org\/{rel}","templated":true}]}}